{"id":35395,"date":"2024-02-06T08:32:27","date_gmt":"2024-02-06T11:32:27","guid":{"rendered":"https:\/\/noticiasribeiraopreto.com.br\/index.php\/2024\/02\/06\/upa-da-zona-leste-custara-r-147-mi\/"},"modified":"2024-02-06T08:32:27","modified_gmt":"2024-02-06T11:32:27","slug":"upa-da-zona-leste-custara-r-147-mi","status":"publish","type":"post","link":"https:\/\/noticiasribeiraopreto.com.br\/index.php\/2024\/02\/06\/upa-da-zona-leste-custara-r-147-mi\/","title":{"rendered":"UPA da Zona Leste custar\u00e1 R$ 14,7 mi\u00a0"},"content":{"rendered":"<div class='code-block code-block-1' style='margin: 8px 0 8px auto; text-align: right; display: block; clear: both;'>\n<p><a href=\"https:\/\/wa.link\/vpicfd\"><img data-recalc-dims=\"1\" class=\"wp-image-4922\" style=\"aspect-ratio: 2.0253164556962027; width: 561px; height: auto;\" src=\"https:\/\/i0.wp.com\/ismaelcolosi.com.br\/wp-content\/uploads\/2023\/11\/grupo-de-empregos-whatsapp-e-facebook-ismael-colosi-vagas.jpg?ssl=1\" alt=\"\" \/><\/a><\/p>\n<!-- \/wp:image -->\n<\/div>\n<p> <br \/>\n<\/p>\n<div id=\"\">\n<p> <span class=\"entry-meta-item penci-posted-on\"><i class=\"fa fa-clock-o\"\/><time class=\"entry-date published\" datetime=\"2024-02-06T08:30:20-03:00\">6 de fevereiro de 2024 | 8:30<\/time><time class=\"updated\" datetime=\"2024-02-05T20:02:12-03:00\">5 de fevereiro de 2024 | 20:02<\/time><\/span><\/p>\n<p> <span class=\"penci-social-buttons penci-social-share-footer\"><a href=\"#\" class=\"penci-post-like penci_post-meta_item  single-like-button penci-social-item like\" data-post_id=\"372715\" title=\"Like\" data-like=\"Like\" data-unlike=\"Unlike\"><i class=\"fa fa-thumbs-o-up\"\/><span class=\"penci-share-number\">0<\/span><\/a><i class=\"fa fa-facebook\"\/><a class=\"penci-social-item twitter\" target=\"_blank\" rel=\"noopener\" title=\"\" href=\"https:\/\/twitter.com\/intent\/tweet?text=UPA%20da%20Zona%20Leste%20custar\u00e1%20R$%2014,7%20mi\u00a0%20-%20https:\/\/www.tribunaribeirao.com.br\/site\/upa-da-zona-leste-custara-r-147-mi\/\"><i class=\"fa fa-twitter\"\/><\/a><i class=\"fa fa-whatsapp\"\/><\/span><\/div>\n<div>\n<p><span class=\"TextRun SCXW13613315 BCX0\" lang=\"PT-BR\" xml:lang=\"PT-BR\" data-contrast=\"auto\"><span class=\"NormalTextRun SCXW13613315 BCX0\">A prefeitura de Ribeir\u00e3o Preto definiu a <\/span><span class=\"NormalTextRun SCXW13613315 BCX0\">empresa respons\u00e1vel pela <\/span><span class=\"NormalTextRun SCXW13613315 BCX0\">constru\u00e7\u00e3o da Unidade de Pronto Atendimento do <\/span><span class=\"NormalTextRun SCXW13613315 BCX0\">C<\/span><span class=\"NormalTextRun SCXW13613315 BCX0\">omplexo Ribeir\u00e3o Verde, na <\/span><span class=\"NormalTextRun SCXW13613315 BCX0\">Z<\/span><span class=\"NormalTextRun SCXW13613315 BCX0\">ona Leste de Ribeir\u00e3o Preto<\/span><span class=\"NormalTextRun SCXW13613315 BCX0\">, a primeira UPA municipal<\/span><span class=\"NormalTextRun SCXW13613315 BCX0\">. De acordo com o edital de julgamento d<\/span><span class=\"NormalTextRun SCXW13613315 BCX0\">e<\/span><span class=\"NormalTextRun SCXW13613315 BCX0\"> licita\u00e7\u00e3o, publicado no Di\u00e1rio Oficial do Munic\u00edpio (DOM) de 31 de janeiro, a vencedora <\/span><span class=\"NormalTextRun SCXW13613315 BCX0\">\u00e9 a <\/span><span class=\"NormalTextRun SpellingErrorV2Themed SCXW13613315 BCX0\">Laforma<\/span> <span class=\"NormalTextRun SCXW13613315 BCX0\">Com\u00e9rcio e Servi\u00e7o Ltda., <\/span><span class=\"NormalTextRun SCXW13613315 BCX0\">da cidade de S\u00e3o Paulo <\/span><span class=\"NormalTextRun SCXW13613315 BCX0\">(SP). Receber\u00e1 <\/span><span class=\"NormalTextRun SCXW13613315 BCX0\">R$ 14.765.131,91. <\/span><\/span><span class=\"LineBreakBlob BlobObject DragDrop SCXW13613315 BCX0\"><span class=\"SCXW13613315 BCX0\">\u00a0<\/span><br class=\"SCXW13613315 BCX0\"\/><\/span><span class=\"LineBreakBlob BlobObject DragDrop SCXW13613315 BCX0\"><span class=\"SCXW13613315 BCX0\">\u00a0<\/span><br class=\"SCXW13613315 BCX0\"\/><\/span><span class=\"TextRun SCXW13613315 BCX0\" lang=\"PT-BR\" xml:lang=\"PT-BR\" data-contrast=\"auto\"><span class=\"NormalTextRun SCXW13613315 BCX0\">No DOM n\u00e3o consta o prazo para entrega da obra. <\/span><span class=\"NormalTextRun SCXW13613315 BCX0\">O certame havia sido suspenso no dia 22 de junho <\/span><span class=\"NormalTextRun SCXW13613315 BCX0\">do ano passado <\/span><span class=\"NormalTextRun SCXW13613315 BCX0\">por \u201cproblemas t\u00e9cnicos\u201d e foi reaberto em julho com valor estimado de R$ 16.037.058,87, mas foi interrompida novamente.<\/span> <span class=\"NormalTextRun SCXW13613315 BCX0\">Segundo o aviso de julgamento de habilita\u00e7\u00e3o publicado <\/span><span class=\"NormalTextRun SCXW13613315 BCX0\">em <\/span><span class=\"NormalTextRun SCXW13613315 BCX0\">14 de dezembro, o valor subiu para R$ 16.471.198,12. <\/span><\/span><span class=\"LineBreakBlob BlobObject DragDrop SCXW13613315 BCX0\"><span class=\"SCXW13613315 BCX0\">\u00a0<\/span><br class=\"SCXW13613315 BCX0\"\/><\/span><span class=\"LineBreakBlob BlobObject DragDrop SCXW13613315 BCX0\"><span class=\"SCXW13613315 BCX0\">\u00a0<\/span><br class=\"SCXW13613315 BCX0\"\/><\/span><span class=\"TextRun SCXW13613315 BCX0\" lang=\"PT-BR\" xml:lang=\"PT-BR\" data-contrast=\"auto\"><span class=\"NormalTextRun SCXW13613315 BCX0\">S\u00e3o<\/span><span class=\"NormalTextRun SCXW13613315 BCX0\"> R$ 434.139,25 a mais, alta de 2,71%<\/span><span class=\"NormalTextRun SCXW13613315 BCX0\"> em rela\u00e7\u00e3o ao original<\/span><span class=\"NormalTextRun SCXW13613315 BCX0\">.<\/span><span class=\"NormalTextRun SCXW13613315 BCX0\"> J\u00e1 a proposta da <\/span><span class=\"NormalTextRun SpellingErrorV2Themed SCXW13613315 BCX0\">Laforma<\/span><span class=\"NormalTextRun SCXW13613315 BCX0\"> Com\u00e9rcio e Servi\u00e7o Ltda. \u00e9 <\/span><span class=\"NormalTextRun SCXW13613315 BCX0\">R$ 1.706.066,21 inferior<\/span><span class=\"NormalTextRun SCXW13613315 BCX0\"> ao do \u00faltimo edital, desconto de 10,36%. <\/span><span class=\"NormalTextRun SCXW13613315 BCX0\">Atualmente est\u00e1 aberto o prazo de cinco dias para que as outras empresas participantes da licita\u00e7\u00e3o possam recorrer do resultado. <\/span><span class=\"NormalTextRun SCXW13613315 BCX0\">Somente <\/span><span class=\"NormalTextRun SCXW13613315 BCX0\">ap\u00f3s es<\/span><span class=\"NormalTextRun SCXW13613315 BCX0\">t<\/span><span class=\"NormalTextRun SCXW13613315 BCX0\">a etapa<\/span> <span class=\"NormalTextRun SCXW13613315 BCX0\">a <\/span><span class=\"NormalTextRun SCXW13613315 BCX0\">o processo licitat\u00f3rio <\/span><span class=\"NormalTextRun SCXW13613315 BCX0\">ser<\/span><span class=\"NormalTextRun SCXW13613315 BCX0\">\u00e1<\/span><span class=\"NormalTextRun SCXW13613315 BCX0\"> homologad<\/span><span class=\"NormalTextRun SCXW13613315 BCX0\">o<\/span><span class=\"NormalTextRun SCXW13613315 BCX0\"> e a ordem de servi\u00e7o, assinada. <\/span><\/span><span class=\"LineBreakBlob BlobObject DragDrop SCXW13613315 BCX0\"><span class=\"SCXW13613315 BCX0\">\u00a0<\/span><br class=\"SCXW13613315 BCX0\"\/><\/span><span class=\"LineBreakBlob BlobObject DragDrop SCXW13613315 BCX0\"><span class=\"SCXW13613315 BCX0\">\u00a0<\/span><br class=\"SCXW13613315 BCX0\"\/><\/span><span class=\"TextRun SCXW13613315 BCX0\" lang=\"PT-BR\" xml:lang=\"PT-BR\" data-contrast=\"auto\"><span class=\"NormalTextRun SCXW13613315 BCX0\">O prazo <\/span><span class=\"NormalTextRun SCXW13613315 BCX0\">para apresenta\u00e7\u00e3o de <\/span><span class=\"NormalTextRun SCXW13613315 BCX0\">recursos vence n<\/span><span class=\"NormalTextRun SCXW13613315 BCX0\">est<\/span><span class=\"NormalTextRun SCXW13613315 BCX0\">a quarta-feira (7).<\/span> <span class=\"NormalTextRun SCXW13613315 BCX0\">As demais concorrentes s\u00e3o a <\/span><span class=\"NormalTextRun SCXW13613315 BCX0\">Griffo<\/span><span class=\"NormalTextRun SCXW13613315 BCX0\"> Engenharia,<\/span> <span class=\"NormalTextRun SCXW13613315 BCX0\">Atl\u00e2ntica Engenharia, Construtora <\/span><span class=\"NormalTextRun SpellingErrorV2Themed SCXW13613315 BCX0\">Maxfox<\/span> <span class=\"NormalTextRun SCXW13613315 BCX0\">e <\/span><span class=\"NormalTextRun SpellingErrorV2Themed SCXW13613315 BCX0\">Pajolla<\/span><span class=\"NormalTextRun SCXW13613315 BCX0\"> Engenharia. <\/span><span class=\"NormalTextRun SCXW13613315 BCX0\">No total, dez empresas se candidataram, mas cinco foram inabilitadas na primeira etapa do certame. <\/span><\/span><span class=\"LineBreakBlob BlobObject DragDrop SCXW13613315 BCX0\"><span class=\"SCXW13613315 BCX0\">\u00a0<\/span><br class=\"SCXW13613315 BCX0\"\/><\/span><span class=\"LineBreakBlob BlobObject DragDrop SCXW13613315 BCX0\"><span class=\"SCXW13613315 BCX0\">\u00a0<\/span><br class=\"SCXW13613315 BCX0\"\/><\/span><span class=\"TextRun SCXW13613315 BCX0\" lang=\"PT-BR\" xml:lang=\"PT-BR\" data-contrast=\"auto\"><span class=\"NormalTextRun SCXW13613315 BCX0\">O processo original foi aberto em 25 de maio<\/span><span class=\"NormalTextRun SCXW13613315 BCX0\"> de 2023<\/span><span class=\"NormalTextRun SCXW13613315 BCX0\">. A MEP <\/span><\/span><span class=\"TextRun SCXW13613315 BCX0\" lang=\"PT-BR\" xml:lang=\"PT-BR\" data-contrast=\"none\"><span class=\"NormalTextRun SCXW13613315 BCX0\">\u2013<\/span><\/span><span class=\"TextRun SCXW13613315 BCX0\" lang=\"PT-BR\" xml:lang=\"PT-BR\" data-contrast=\"auto\"><span class=\"NormalTextRun SCXW13613315 BCX0\"> Arquitetura e Planejamento Ltda. (EPP) <\/span><span class=\"NormalTextRun SCXW13613315 BCX0\">concluiu<\/span><span class=\"NormalTextRun SCXW13613315 BCX0\"> os projetos de licenciamento, arquitet\u00f4nico e executivo da UPA municipal.\u00a0 Custou R$ 177.121,70.\u00a0<\/span> <span class=\"NormalTextRun SCXW13613315 BCX0\">Todos os detalhes t\u00e9cnicos e estruturais do projeto foram minuciosamente discutidos com os respons\u00e1veis e profissionais da Secretaria Municipal da Sa\u00fade.\u00a0 <\/span><\/span><span class=\"LineBreakBlob BlobObject DragDrop SCXW13613315 BCX0\"><span class=\"SCXW13613315 BCX0\">\u00a0<\/span><br class=\"SCXW13613315 BCX0\"\/><\/span><span class=\"LineBreakBlob BlobObject DragDrop SCXW13613315 BCX0\"><span class=\"SCXW13613315 BCX0\">\u00a0<\/span><br class=\"SCXW13613315 BCX0\"\/><\/span><span class=\"TextRun SCXW13613315 BCX0\" lang=\"PT-BR\" xml:lang=\"PT-BR\" data-contrast=\"auto\"><span class=\"NormalTextRun SCXW13613315 BCX0\">A UPA ser\u00e1 constru\u00edda numa \u00e1rea institucional com 5.313 metros quadrados, localizada na <\/span><span class=\"NormalTextRun SCXW13613315 BCX0\">avenida<\/span> <span class=\"NormalTextRun SpellingErrorV2Themed SCXW13613315 BCX0\">Antonio<\/span> <span class=\"NormalTextRun SpellingErrorV2Themed SCXW13613315 BCX0\">Mugnato<\/span> <span class=\"NormalTextRun SpellingErrorV2Themed SCXW13613315 BCX0\">Marincek<\/span><span class=\"NormalTextRun SCXW13613315 BCX0\"> e que atende os requisitos necess\u00e1rios para constru\u00e7\u00e3o. A unidade de sa\u00fade ter\u00e1 1.925 metros quadrados <\/span><span class=\"NormalTextRun SCXW13613315 BCX0\">de \u00e1rea constru\u00edda.\u00a0 <\/span><\/span><span class=\"LineBreakBlob BlobObject DragDrop SCXW13613315 BCX0\"><span class=\"SCXW13613315 BCX0\">\u00a0<\/span><br class=\"SCXW13613315 BCX0\"\/><\/span><span class=\"LineBreakBlob BlobObject DragDrop SCXW13613315 BCX0\"><span class=\"SCXW13613315 BCX0\">\u00a0<\/span><br class=\"SCXW13613315 BCX0\"\/><\/span><span class=\"TextRun SCXW13613315 BCX0\" lang=\"PT-BR\" xml:lang=\"PT-BR\" data-contrast=\"auto\"><span class=\"NormalTextRun SCXW13613315 BCX0\">Os moradores do bairro n\u00e3o precisar\u00e3o atravessar a Rodovia <\/span><span class=\"NormalTextRun SpellingErrorV2Themed SCXW13613315 BCX0\">Anhangeura<\/span><span class=\"NormalTextRun SCXW13613315 BCX0\"> (SP-330) para receber atendimento. Hoje, a Unidade de Pronto Atendimento mais pr\u00f3xima \u00e9 a UPA Doutor <\/span><span class=\"NormalTextRun SpellingErrorV2Themed SCXW13613315 BCX0\">Luis<\/span><span class=\"NormalTextRun SCXW13613315 BCX0\"> At\u00edlio <\/span><span class=\"NormalTextRun SpellingErrorV2Themed SCXW13613315 BCX0\">Losi<\/span><span class=\"NormalTextRun SCXW13613315 BCX0\"> Viana (UPA Leste) na <\/span><span class=\"NormalTextRun SCXW13613315 BCX0\">avenida<\/span><span class=\"NormalTextRun SCXW13613315 BCX0\"> Treze de <\/span><span class=\"NormalTextRun ContextualSpellingAndGrammarErrorV2Themed SCXW13613315 BCX0\">Maio<\/span><span class=\"NormalTextRun SCXW13613315 BCX0\">, no Jardim Paulista.<\/span><\/span><span class=\"LineBreakBlob BlobObject DragDrop SCXW13613315 BCX0\"><span class=\"SCXW13613315 BCX0\">\u00a0<\/span><br class=\"SCXW13613315 BCX0\"\/><\/span><span class=\"LineBreakBlob BlobObject DragDrop SCXW13613315 BCX0\"><span class=\"SCXW13613315 BCX0\">\u00a0<\/span><br class=\"SCXW13613315 BCX0\"\/><\/span><span class=\"TextRun SCXW13613315 BCX0\" lang=\"PT-BR\" xml:lang=\"PT-BR\" data-contrast=\"auto\"><span class=\"NormalTextRun SCXW13613315 BCX0\">Ter\u00e1 consult\u00f3rios, ambulat\u00f3rios e \u00e1rea de ambul\u00e2ncias, estacionamento, toda estrutura necess\u00e1ria para atender urg\u00eancias e emerg\u00eancias do bairro, com popula\u00e7\u00e3o estimada em mais de 20 mil habitantes, segundo dados da Secretaria Municipal da Sa\u00fade. <\/span><span class=\"NormalTextRun SCXW13613315 BCX0\">Haver\u00e1 \u00e1rea para uma base do Servi\u00e7o de Atendimento M\u00f3vel de Urg\u00eancia (<\/span><span class=\"NormalTextRun SCXW13613315 BCX0\">Samu<\/span><span class=\"NormalTextRun SCXW13613315 BCX0\">)<\/span><\/span><span class=\"LineBreakBlob BlobObject DragDrop SCXW13613315 BCX0\"><span class=\"SCXW13613315 BCX0\">\u00a0<\/span><br class=\"SCXW13613315 BCX0\"\/><\/span><span class=\"LineBreakBlob BlobObject DragDrop SCXW13613315 BCX0\"><span class=\"SCXW13613315 BCX0\">\u00a0<\/span><br class=\"SCXW13613315 BCX0\"\/><\/span><span class=\"TextRun SCXW13613315 BCX0\" lang=\"PT-BR\" xml:lang=\"PT-BR\" data-contrast=\"auto\"><span class=\"NormalTextRun SCXW13613315 BCX0\">Geralmente, a UPA conta com <\/span><\/span><span class=\"TextRun SCXW13613315 BCX0\" lang=\"PT-BR\" xml:lang=\"PT-BR\" data-contrast=\"none\"><span class=\"NormalTextRun SCXW13613315 BCX0\">leitos de retaguarda, sala de medica\u00e7\u00e3o, inala\u00e7\u00e3o adulto e infantil, curativos, raio-X, eletrocardiograma, sala para servi\u00e7o social, duas salas para classifica\u00e7\u00e3o de risco, quatro consult\u00f3rios pedi\u00e1tricos e cinco para cl\u00ednica m\u00e9dica. <\/span><\/span><span class=\"LineBreakBlob BlobObject DragDrop SCXW13613315 BCX0\"><span class=\"SCXW13613315 BCX0\">\u00a0<\/span><br class=\"SCXW13613315 BCX0\"\/><\/span><span class=\"LineBreakBlob BlobObject DragDrop SCXW13613315 BCX0\"><span class=\"SCXW13613315 BCX0\">\u00a0<\/span><br class=\"SCXW13613315 BCX0\"\/><\/span><span class=\"TextRun SCXW13613315 BCX0\" lang=\"PT-BR\" xml:lang=\"PT-BR\" data-contrast=\"none\"><span class=\"NormalTextRun SCXW13613315 BCX0\">Tamb\u00e9m comporta farm\u00e1cia, arquivo e dois quartos para isolamento, \u00e1rea para ambul\u00e2ncia, sala de urg\u00eancia e sala de higieniza\u00e7\u00e3o. A unidade do Complexo Ribeir\u00e3o Verde deve contar com setor de pronto-atendimento, consult\u00f3rios adultos com sala de observa\u00e7\u00e3o e posto de enfermagem.<\/span><\/span><span class=\"LineBreakBlob BlobObject DragDrop SCXW13613315 BCX0\"><span class=\"SCXW13613315 BCX0\">\u00a0<\/span><br class=\"SCXW13613315 BCX0\"\/><\/span><span class=\"LineBreakBlob BlobObject DragDrop SCXW13613315 BCX0\"><span class=\"SCXW13613315 BCX0\">\u00a0<\/span><br class=\"SCXW13613315 BCX0\"\/><\/span><span class=\"TextRun SCXW13613315 BCX0\" lang=\"PT-BR\" xml:lang=\"PT-BR\" data-contrast=\"none\"><span class=\"NormalTextRun SCXW13613315 BCX0\">Ter\u00e1 consult\u00f3rios infantis com sala de observa\u00e7\u00e3o e posto de enfermagem, salas para dire\u00e7\u00e3o, administra\u00e7\u00e3o, reuni\u00f5es, refeit\u00f3rio, copa, \u00e1rea para armazenagem de materiais, instala\u00e7\u00f5es para o Servi\u00e7o de Atendimento M\u00f3vel de Urg\u00eancia (<\/span><span class=\"NormalTextRun SCXW13613315 BCX0\">Samu<\/span><span class=\"NormalTextRun SCXW13613315 BCX0\">) e instala\u00e7\u00f5es para dep\u00f3sito de res\u00edduos.<\/span><\/span><span class=\"LineBreakBlob BlobObject DragDrop SCXW13613315 BCX0\"><span class=\"SCXW13613315 BCX0\">\u00a0<\/span><br class=\"SCXW13613315 BCX0\"\/><\/span><span class=\"LineBreakBlob BlobObject DragDrop SCXW13613315 BCX0\"><span class=\"SCXW13613315 BCX0\">\u00a0<\/span><br class=\"SCXW13613315 BCX0\"\/><\/span><span class=\"TextRun SCXW13613315 BCX0\" lang=\"PT-BR\" xml:lang=\"PT-BR\" data-contrast=\"none\"><span class=\"NormalTextRun SCXW13613315 BCX0\">A unidade ter\u00e1 tamb\u00e9m laborat\u00f3rio de an\u00e1lises cl\u00ednicas e equipamento de <\/span><span class=\"NormalTextRun SCXW13613315 BCX0\">ultrassom<\/span><span class=\"NormalTextRun SCXW13613315 BCX0\"> de emerg\u00eancia, inova\u00e7\u00e3o adotada em unidades de emerg\u00eancia de pa\u00edses da Europa e Am\u00e9rica do Norte, onde o pr\u00f3prio m\u00e9dico <\/span><span class=\"NormalTextRun SpellingErrorV2Themed SCXW13613315 BCX0\">emergencialista<\/span><span class=\"NormalTextRun SCXW13613315 BCX0\"> faz o <\/span><span class=\"NormalTextRun SCXW13613315 BCX0\">ultrassom<\/span><span class=\"NormalTextRun SCXW13613315 BCX0\"> do paciente, diminuindo o tempo de diagn\u00f3sticos, que passam a ser mais r\u00e1pidos e mais aprimorados.<\/span><\/span><span class=\"LineBreakBlob BlobObject DragDrop SCXW13613315 BCX0\"><span class=\"SCXW13613315 BCX0\">\u00a0<\/span><br class=\"SCXW13613315 BCX0\"\/><\/span><span class=\"LineBreakBlob BlobObject DragDrop SCXW13613315 BCX0\"><span class=\"SCXW13613315 BCX0\">\u00a0<\/span><br class=\"SCXW13613315 BCX0\"\/><\/span><span class=\"TextRun SCXW13613315 BCX0\" lang=\"PT-BR\" xml:lang=\"PT-BR\" data-contrast=\"auto\"><span class=\"NormalTextRun SCXW13613315 BCX0\">O dinheiro vir\u00e1 do financiamento que a<\/span><span class=\"NormalTextRun SCXW13613315 BCX0\"> prefeitura de Ribeir\u00e3o Preto e o Banco do Brasil assinaram<\/span><span class=\"NormalTextRun SCXW13613315 BCX0\"> em <\/span><span class=\"NormalTextRun SCXW13613315 BCX0\">15 de dezembro<\/span><span class=\"NormalTextRun SCXW13613315 BCX0\">. O <\/span><span class=\"NormalTextRun SCXW13613315 BCX0\">contrato para libera\u00e7\u00e3o de cr\u00e9ditos <\/span><span class=\"NormalTextRun SCXW13613315 BCX0\">tem <\/span><span class=\"NormalTextRun SCXW13613315 BCX0\">valor de R$ 122,4 milh\u00f5es. A opera\u00e7\u00e3o tem o aval do governo federal, com prazo para pagamento de 120 meses e um ano de car\u00eancia. <\/span><\/span><span class=\"LineBreakBlob BlobObject DragDrop SCXW13613315 BCX0\"><span class=\"SCXW13613315 BCX0\">\u00a0<\/span><br class=\"SCXW13613315 BCX0\"\/><\/span><span class=\"LineBreakBlob BlobObject DragDrop SCXW13613315 BCX0\"><span class=\"SCXW13613315 BCX0\">\u00a0<\/span><br class=\"SCXW13613315 BCX0\"\/><\/span><\/p>\n<\/div>\n<p><script async src=\"\/\/platform.twitter.com\/widgets.js\" charset=\"utf-8\"><\/script><br \/>\n<br \/><br \/>\n<br \/><a href=\"https:\/\/www.tribunaribeirao.com.br\/site\/upa-da-zona-leste-custara-r-147-mi\/\">Source link <\/a><\/p>\n<!-- CONTENT END 1 -->\n","protected":false},"excerpt":{"rendered":"<p>6 de fevereiro de 2024 | 8:305 de fevereiro de 2024 | 20:02 0 A prefeitura de Ribeir\u00e3o Preto definiu a empresa respons\u00e1vel pela constru\u00e7\u00e3o&#8230;<\/p>\n","protected":false},"author":1,"featured_media":35396,"comment_status":"open","ping_status":"open","sticky":false,"template":"","format":"standard","meta":{"advanced_seo_description":"","jetpack_seo_html_title":"","jetpack_seo_noindex":false,"jetpack_post_was_ever_published":false,"_jetpack_newsletter_access":"","_jetpack_dont_email_post_to_subs":false,"_jetpack_newsletter_tier_id":0,"_jetpack_memberships_contains_paywalled_content":false,"_jetpack_memberships_contains_paid_content":false,"footnotes":"","jetpack_publicize_message":"","jetpack_publicize_feature_enabled":true,"jetpack_social_post_already_shared":true,"jetpack_social_options":{"image_generator_settings":{"template":"highway","default_image_id":0,"font":"","enabled":false},"version":2}},"categories":[11],"tags":[4038,1557,258,340],"class_list":["post-35395","post","type-post","status-publish","format-standard","has-post-thumbnail","hentry","category-noticias-de-ribeirao-preto-sp-e-regiao-ismael-colosi","tag-custara","tag-leste","tag-upa","tag-zona"],"jetpack_publicize_connections":[],"jetpack_featured_media_url":"https:\/\/i0.wp.com\/noticiasribeiraopreto.com.br\/wp-content\/uploads\/2024\/02\/SaudeUPA-Divulgacao-scaled.jpg?fit=1000%2C553&ssl=1","jetpack-related-posts":[{"id":36227,"url":"https:\/\/noticiasribeiraopreto.com.br\/index.php\/2024\/02\/08\/prefeitura-investira-r-147-milhoes-na-construcao-da-upa-ribeirao-verde\/","url_meta":{"origin":35395,"position":0},"title":"Prefeitura investir\u00e1 R$ 14,7 milh\u00f5es na constru\u00e7\u00e3o da UPA Ribeir\u00e3o Verde","author":"noticiasribeiraopreto.com.br","date":"8 de February de 2024","format":false,"excerpt":"8 de fevereiro de 2024 | 16:42 0A UPA Ribeir\u00e3o Verde, primeira unidade municipal de pronto atendimento, ser\u00e1 constru\u00edda pela empresa Laforma Com\u00e9rcio e Servi\u00e7o Ltda., pelo valor global de R$ 14.765.131,91, uma economia de 10,35% em rela\u00e7\u00e3o ao previsto inicialmente, R$ 16.471.198,12. O processo licitat\u00f3rio, aberto em dezembro, foi\u2026","rel":"","context":"In &quot;Not\u00edcias de Ribeir\u00e3o Preto-SP e Regi\u00e3o&quot;","block_context":{"text":"Not\u00edcias de Ribeir\u00e3o Preto-SP e Regi\u00e3o","link":"https:\/\/noticiasribeiraopreto.com.br\/index.php\/category\/noticias-de-ribeirao-preto-sp-e-regiao-ismael-colosi\/"},"img":{"alt_text":"","src":"https:\/\/i0.wp.com\/noticiasribeiraopreto.com.br\/wp-content\/uploads\/2024\/02\/upa_ribeirao_verde_6-scaled.jpeg?fit=912%2C645&ssl=1&resize=350%2C200","width":350,"height":200,"srcset":"https:\/\/i0.wp.com\/noticiasribeiraopreto.com.br\/wp-content\/uploads\/2024\/02\/upa_ribeirao_verde_6-scaled.jpeg?fit=912%2C645&ssl=1&resize=350%2C200 1x, https:\/\/i0.wp.com\/noticiasribeiraopreto.com.br\/wp-content\/uploads\/2024\/02\/upa_ribeirao_verde_6-scaled.jpeg?fit=912%2C645&ssl=1&resize=525%2C300 1.5x, https:\/\/i0.wp.com\/noticiasribeiraopreto.com.br\/wp-content\/uploads\/2024\/02\/upa_ribeirao_verde_6-scaled.jpeg?fit=912%2C645&ssl=1&resize=700%2C400 2x"},"classes":[]},{"id":35745,"url":"https:\/\/noticiasribeiraopreto.com.br\/index.php\/2024\/02\/07\/obra-na-nove-de-julho-custara-mais-r-32-mi\/","url_meta":{"origin":35395,"position":1},"title":"Obra na Nove de Julho custar\u00e1 mais R$ 3,2 mi\u00a0","author":"noticiasribeiraopreto.com.br","date":"7 de February de 2024","format":false,"excerpt":"7 de fevereiro de 2024 | 11:006 de fevereiro de 2024 | 21:35 0O valor estimado pela prefeitura de Ribeir\u00e3o Preto para a conclus\u00e3o das obras de restaura\u00e7\u00e3o, revitaliza\u00e7\u00e3o e de constru\u00e7\u00e3o de corredor de \u00f4nibus na avenida Nove de Julho, no novo processo licitat\u00f3rio que est\u00e1 sendo finalizado pela\u2026","rel":"","context":"In &quot;Not\u00edcias de Ribeir\u00e3o Preto-SP e Regi\u00e3o&quot;","block_context":{"text":"Not\u00edcias de Ribeir\u00e3o Preto-SP e Regi\u00e3o","link":"https:\/\/noticiasribeiraopreto.com.br\/index.php\/category\/noticias-de-ribeirao-preto-sp-e-regiao-ismael-colosi\/"},"img":{"alt_text":"","src":"https:\/\/i0.wp.com\/noticiasribeiraopreto.com.br\/wp-content\/uploads\/2024\/02\/NoveRP-Alfredo-Risk-Arquivo-1-scaled.jpg?fit=967%2C645&ssl=1&resize=350%2C200","width":350,"height":200,"srcset":"https:\/\/i0.wp.com\/noticiasribeiraopreto.com.br\/wp-content\/uploads\/2024\/02\/NoveRP-Alfredo-Risk-Arquivo-1-scaled.jpg?fit=967%2C645&ssl=1&resize=350%2C200 1x, https:\/\/i0.wp.com\/noticiasribeiraopreto.com.br\/wp-content\/uploads\/2024\/02\/NoveRP-Alfredo-Risk-Arquivo-1-scaled.jpg?fit=967%2C645&ssl=1&resize=525%2C300 1.5x, https:\/\/i0.wp.com\/noticiasribeiraopreto.com.br\/wp-content\/uploads\/2024\/02\/NoveRP-Alfredo-Risk-Arquivo-1-scaled.jpg?fit=967%2C645&ssl=1&resize=700%2C400 2x"},"classes":[]},{"id":38737,"url":"https:\/\/noticiasribeiraopreto.com.br\/index.php\/2024\/02\/21\/a-esclarecer-pm-prende-autor-de-tentativa-de-homicidio-e-falso-policial\/","url_meta":{"origin":35395,"position":2},"title":"A esclarecer: PM prende autor de tentativa de homic\u00eddio e falso policial","author":"noticiasribeiraopreto.com.br","date":"21 de February de 2024","format":false,"excerpt":"Policiais militares prenderam autor de disparos que feriu outro homem e, ao chegar \u00e0 UP\u00c1 onde a v\u00edtima estava, encontraram um falso PM da Rota 21 de fevereiro de 2024 | 13:13 0Por: Adalberto Luque e Alfredo RiskA manh\u00e3 foi bem agitada para policiais militares que atuaram na busca do\u2026","rel":"","context":"In &quot;Not\u00edcias de Ribeir\u00e3o Preto-SP e Regi\u00e3o&quot;","block_context":{"text":"Not\u00edcias de Ribeir\u00e3o Preto-SP e Regi\u00e3o","link":"https:\/\/noticiasribeiraopreto.com.br\/index.php\/category\/noticias-de-ribeirao-preto-sp-e-regiao-ismael-colosi\/"},"img":{"alt_text":"","src":"https:\/\/i0.wp.com\/noticiasribeiraopreto.com.br\/wp-content\/uploads\/2024\/02\/00-21-fev-2024-falso-pm-01-foto-alfredo-risk-scaled.jpg?fit=1000%2C562&ssl=1&resize=350%2C200","width":350,"height":200,"srcset":"https:\/\/i0.wp.com\/noticiasribeiraopreto.com.br\/wp-content\/uploads\/2024\/02\/00-21-fev-2024-falso-pm-01-foto-alfredo-risk-scaled.jpg?fit=1000%2C562&ssl=1&resize=350%2C200 1x, https:\/\/i0.wp.com\/noticiasribeiraopreto.com.br\/wp-content\/uploads\/2024\/02\/00-21-fev-2024-falso-pm-01-foto-alfredo-risk-scaled.jpg?fit=1000%2C562&ssl=1&resize=525%2C300 1.5x, https:\/\/i0.wp.com\/noticiasribeiraopreto.com.br\/wp-content\/uploads\/2024\/02\/00-21-fev-2024-falso-pm-01-foto-alfredo-risk-scaled.jpg?fit=1000%2C562&ssl=1&resize=700%2C400 2x"},"classes":[]},{"id":81913,"url":"https:\/\/noticiasribeiraopreto.com.br\/index.php\/2026\/01\/30\/dengue-ganha-tendas-em-upas\/","url_meta":{"origin":35395,"position":3},"title":"Dengue ganha tendas em UPAs","author":"noticiasribeiraopreto.com.br","date":"30 de January de 2026","format":false,"excerpt":"Tendas para atendimento de pacientes com suspeitas da doen\u00e7a ser\u00e3o montadas nas Unidades de Pronto Atendimentos (UPAs)A prefeitura de Ribeir\u00e3o Preto anunciou nesta quinta-feira, 29 de janeiro, medidas que ser\u00e3o adotadas para a preven\u00e7\u00e3o e o combate \u00e0 dengue na cidade. O an\u00fancio ocorreu em coletiva de imprensa com o\u2026","rel":"","context":"In &quot;Not\u00edcias de Ribeir\u00e3o Preto-SP e Regi\u00e3o&quot;","block_context":{"text":"Not\u00edcias de Ribeir\u00e3o Preto-SP e Regi\u00e3o","link":"https:\/\/noticiasribeiraopreto.com.br\/index.php\/category\/noticias-de-ribeirao-preto-sp-e-regiao-ismael-colosi\/"},"img":{"alt_text":"","src":"https:\/\/i0.wp.com\/noticiasribeiraopreto.com.br\/wp-content\/uploads\/2026\/01\/DengueUPA-Freepik-scaled.jpg?fit=1200%2C715&ssl=1&resize=350%2C200","width":350,"height":200,"srcset":"https:\/\/i0.wp.com\/noticiasribeiraopreto.com.br\/wp-content\/uploads\/2026\/01\/DengueUPA-Freepik-scaled.jpg?fit=1200%2C715&ssl=1&resize=350%2C200 1x, https:\/\/i0.wp.com\/noticiasribeiraopreto.com.br\/wp-content\/uploads\/2026\/01\/DengueUPA-Freepik-scaled.jpg?fit=1200%2C715&ssl=1&resize=525%2C300 1.5x, https:\/\/i0.wp.com\/noticiasribeiraopreto.com.br\/wp-content\/uploads\/2026\/01\/DengueUPA-Freepik-scaled.jpg?fit=1200%2C715&ssl=1&resize=700%2C400 2x, https:\/\/i0.wp.com\/noticiasribeiraopreto.com.br\/wp-content\/uploads\/2026\/01\/DengueUPA-Freepik-scaled.jpg?fit=1200%2C715&ssl=1&resize=1050%2C600 3x"},"classes":[]},{"id":64215,"url":"https:\/\/noticiasribeiraopreto.com.br\/index.php\/2025\/03\/05\/mulher-esta-desaparecido-ha-duas-semanas-apos-ter-sido-socorrida-para-uma-upa\/","url_meta":{"origin":35395,"position":4},"title":"Mulher est\u00e1 desaparecido h\u00e1 duas semanas ap\u00f3s ter sido socorrida para uma UPA","author":"noticiasribeiraopreto.com.br","date":"5 de March de 2025","format":false,"excerpt":"Uma mulher de 55 anos est\u00e1 desaparecida h\u00e1 duas semanas ap\u00f3s ter sido socorrida para uma UPA (Unidade de Pronto Atendimento) de Franca, segundo os seus familiares. De acordo com o boletim de ocorr\u00eancia (BO), Geni Marques de Morais teria se mudado de Ribeir\u00e3o Preto para Franca em novembro de\u2026","rel":"","context":"In &quot;Not\u00edcias de Ribeir\u00e3o Preto-SP e Regi\u00e3o&quot;","block_context":{"text":"Not\u00edcias de Ribeir\u00e3o Preto-SP e Regi\u00e3o","link":"https:\/\/noticiasribeiraopreto.com.br\/index.php\/category\/noticias-de-ribeirao-preto-sp-e-regiao-ismael-colosi\/"},"img":{"alt_text":"","src":"https:\/\/i0.wp.com\/noticiasribeiraopreto.com.br\/wp-content\/uploads\/2025\/03\/Copia-de-Copia-de-Copia-de-TAMANHO-EXATO-PARA-FOTOS-NO-SISTEMA-NOVO-2025-03-05T152456.390_2025-03-05_18-27-49_png_2025-03-05_18-27-49.webp.webp?fit=1200%2C675&ssl=1&resize=350%2C200","width":350,"height":200,"srcset":"https:\/\/i0.wp.com\/noticiasribeiraopreto.com.br\/wp-content\/uploads\/2025\/03\/Copia-de-Copia-de-Copia-de-TAMANHO-EXATO-PARA-FOTOS-NO-SISTEMA-NOVO-2025-03-05T152456.390_2025-03-05_18-27-49_png_2025-03-05_18-27-49.webp.webp?fit=1200%2C675&ssl=1&resize=350%2C200 1x, https:\/\/i0.wp.com\/noticiasribeiraopreto.com.br\/wp-content\/uploads\/2025\/03\/Copia-de-Copia-de-Copia-de-TAMANHO-EXATO-PARA-FOTOS-NO-SISTEMA-NOVO-2025-03-05T152456.390_2025-03-05_18-27-49_png_2025-03-05_18-27-49.webp.webp?fit=1200%2C675&ssl=1&resize=525%2C300 1.5x, https:\/\/i0.wp.com\/noticiasribeiraopreto.com.br\/wp-content\/uploads\/2025\/03\/Copia-de-Copia-de-Copia-de-TAMANHO-EXATO-PARA-FOTOS-NO-SISTEMA-NOVO-2025-03-05T152456.390_2025-03-05_18-27-49_png_2025-03-05_18-27-49.webp.webp?fit=1200%2C675&ssl=1&resize=700%2C400 2x, https:\/\/i0.wp.com\/noticiasribeiraopreto.com.br\/wp-content\/uploads\/2025\/03\/Copia-de-Copia-de-Copia-de-TAMANHO-EXATO-PARA-FOTOS-NO-SISTEMA-NOVO-2025-03-05T152456.390_2025-03-05_18-27-49_png_2025-03-05_18-27-49.webp.webp?fit=1200%2C675&ssl=1&resize=1050%2C600 3x"},"classes":[]},{"id":35618,"url":"https:\/\/noticiasribeiraopreto.com.br\/index.php\/2024\/02\/06\/petrobras-petr4-fecha-acordo-com-o-governo-e-vai-desembolsar-mais-de-r-800-milhoes-para-encerrar-disputa-judicial\/","url_meta":{"origin":35395,"position":5},"title":"Petrobras (PETR4) fecha acordo com o governo e vai desembolsar mais de R$ 800 milh\u00f5es para encerrar disputa judicial","author":"noticiasribeiraopreto.com.br","date":"6 de February de 2024","format":false,"excerpt":"Uma briga judicial entre a Petrobras (PETR4) e a Ag\u00eancia Nacional do Petr\u00f3leo, G\u00e1s Natural e Biocombust\u00edveis (ANP) que j\u00e1 dura oito anos enfim ser\u00e1 encerrada. Mas n\u00e3o sair\u00e1 barata para a empresa: custar\u00e1 ao menos R$ 832,4 milh\u00f5es. Esse \u00e9 o valor do acordo fechado entre as duas partes,\u2026","rel":"","context":"In &quot;Dinheiro e Investimento&quot;","block_context":{"text":"Dinheiro e Investimento","link":"https:\/\/noticiasribeiraopreto.com.br\/index.php\/category\/dinheiro-e-investimento-como-fazer-como-ganhar\/"},"img":{"alt_text":"","src":"https:\/\/i0.wp.com\/noticiasribeiraopreto.com.br\/wp-content\/uploads\/2024\/02\/petrobras-petr4-dinheiro-628x353.jpg?fit=628%2C353&ssl=1&resize=350%2C200","width":350,"height":200,"srcset":"https:\/\/i0.wp.com\/noticiasribeiraopreto.com.br\/wp-content\/uploads\/2024\/02\/petrobras-petr4-dinheiro-628x353.jpg?fit=628%2C353&ssl=1&resize=350%2C200 1x, https:\/\/i0.wp.com\/noticiasribeiraopreto.com.br\/wp-content\/uploads\/2024\/02\/petrobras-petr4-dinheiro-628x353.jpg?fit=628%2C353&ssl=1&resize=525%2C300 1.5x"},"classes":[]}],"jetpack_sharing_enabled":true,"jetpack_shortlink":"https:\/\/wp.me\/peQAOb-9cT","_links":{"self":[{"href":"https:\/\/noticiasribeiraopreto.com.br\/index.php\/wp-json\/wp\/v2\/posts\/35395","targetHints":{"allow":["GET"]}}],"collection":[{"href":"https:\/\/noticiasribeiraopreto.com.br\/index.php\/wp-json\/wp\/v2\/posts"}],"about":[{"href":"https:\/\/noticiasribeiraopreto.com.br\/index.php\/wp-json\/wp\/v2\/types\/post"}],"author":[{"embeddable":true,"href":"https:\/\/noticiasribeiraopreto.com.br\/index.php\/wp-json\/wp\/v2\/users\/1"}],"replies":[{"embeddable":true,"href":"https:\/\/noticiasribeiraopreto.com.br\/index.php\/wp-json\/wp\/v2\/comments?post=35395"}],"version-history":[{"count":0,"href":"https:\/\/noticiasribeiraopreto.com.br\/index.php\/wp-json\/wp\/v2\/posts\/35395\/revisions"}],"wp:featuredmedia":[{"embeddable":true,"href":"https:\/\/noticiasribeiraopreto.com.br\/index.php\/wp-json\/wp\/v2\/media\/35396"}],"wp:attachment":[{"href":"https:\/\/noticiasribeiraopreto.com.br\/index.php\/wp-json\/wp\/v2\/media?parent=35395"}],"wp:term":[{"taxonomy":"category","embeddable":true,"href":"https:\/\/noticiasribeiraopreto.com.br\/index.php\/wp-json\/wp\/v2\/categories?post=35395"},{"taxonomy":"post_tag","embeddable":true,"href":"https:\/\/noticiasribeiraopreto.com.br\/index.php\/wp-json\/wp\/v2\/tags?post=35395"}],"curies":[{"name":"wp","href":"https:\/\/api.w.org\/{rel}","templated":true}]}}