{"id":3541,"date":"2023-11-18T23:51:06","date_gmt":"2023-11-19T02:51:06","guid":{"rendered":"https:\/\/noticiasribeiraopreto.com.br\/index.php\/2023\/11\/18\/utm_sourcerssutm_mediumrssutm_campaignmotorista-de-aplicativo-coloca-bandidos-para-correr-durante-assalto-em-ribeirao-preto\/"},"modified":"2023-11-18T23:51:06","modified_gmt":"2023-11-19T02:51:06","slug":"utm_sourcerssutm_mediumrssutm_campaignmotorista-de-aplicativo-coloca-bandidos-para-correr-durante-assalto-em-ribeirao-preto","status":"publish","type":"post","link":"https:\/\/noticiasribeiraopreto.com.br\/index.php\/2023\/11\/18\/utm_sourcerssutm_mediumrssutm_campaignmotorista-de-aplicativo-coloca-bandidos-para-correr-durante-assalto-em-ribeirao-preto\/","title":{"rendered":"Motorista de aplicativo coloca bandidos para correr durante assalto em Ribeir\u00e3o Preto \u2013 X Tudo Ribeir\u00e3o"},"content":{"rendered":"<div class='code-block code-block-1' style='margin: 8px 0 8px auto; text-align: right; display: block; clear: both;'>\n<p><a href=\"https:\/\/wa.link\/vpicfd\"><img data-recalc-dims=\"1\" class=\"wp-image-4922\" style=\"aspect-ratio: 2.0253164556962027; width: 561px; height: auto;\" src=\"https:\/\/i0.wp.com\/ismaelcolosi.com.br\/wp-content\/uploads\/2023\/11\/grupo-de-empregos-whatsapp-e-facebook-ismael-colosi-vagas.jpg?ssl=1\" alt=\"\" \/><\/a><\/p>\n<!-- \/wp:image -->\n<\/div>\n<p> <br \/>\n<\/p>\n<div>\n<p>Um motorista de aplicativo colocou um trio de bandidos para correr durante um assalto na noite deste s\u00e1bado (18\/11), no bairro Alto do Ipiranga, na zona Norte de Ribeir\u00e3o Preto.\u00a0<\/p>\n<p>Segundo informa\u00e7\u00f5es, a v\u00edtima estava embarcando passageiros na Travessa da Barra, momento que foi rendido pelos tr\u00eas LIXOS da SOCIEDADE, um deles armado com um simulacro de arma de fogo.\u00a0<\/p>\n<p><strong>VEJA O MOMENTO DO ASSALTO<\/strong><\/p>\n<figure class=\"wp-block-embed is-type-video is-provider-youtube wp-block-embed-youtube wp-embed-aspect-16-9 wp-has-aspect-ratio\">\n<div class=\"wp-block-embed__wrapper\">\n<p><iframe loading=\"lazy\" title=\"Motorista reage a assalto e coloca bandidos para correr em Ribeir\u00e3o Preto\" width=\"500\" height=\"281\" src=\"https:\/\/www.youtube.com\/embed\/0ZPZgeAVsQw?feature=oembed\" frameborder=\"0\" allow=\"accelerometer; autoplay; clipboard-write; encrypted-media; gyroscope; picture-in-picture; web-share\" referrerpolicy=\"strict-origin-when-cross-origin\" allowfullscreen><\/iframe><\/p>\n<\/div>\n<\/figure>\n<p>Durante a a\u00e7\u00e3o criminosa, a v\u00edtima pegou uma barra de ferro e acertou na m\u00e3o do bandido, quebrando a suposta arma de fogo. Ap\u00f3s ver que a v\u00edtima percebeu que arma era de brinquedo, os bandidos fugiram.\u00a0<\/p>\n<p>RECONHECE ESSES LIXOS ? DENUNCIE (181 \/ 190).\u00a0<\/p>\n<\/p><\/div>\n<p><br \/>\n<br \/><a href=\"https:\/\/xtudoribeirao.com.br\/2023\/11\/18\/motorista-de-aplicativo-coloca-bandidos-para-correr-durante-assalto-em-ribeirao-preto\/?utm_source=rss&#038;utm_medium=rss&#038;utm_campaign=motorista-de-aplicativo-coloca-bandidos-para-correr-durante-assalto-em-ribeirao-preto\">Source link <\/a><\/p>\n<!-- CONTENT END 1 -->\n","protected":false},"excerpt":{"rendered":"<p>Um motorista de aplicativo colocou um trio de bandidos para correr durante um assalto na noite deste s\u00e1bado (18\/11), no bairro Alto do Ipiranga, na&#8230;<\/p>\n","protected":false},"author":1,"featured_media":3542,"comment_status":"open","ping_status":"open","sticky":false,"template":"","format":"standard","meta":{"advanced_seo_description":"","jetpack_seo_html_title":"","jetpack_seo_noindex":false,"jetpack_post_was_ever_published":false,"_jetpack_newsletter_access":"","_jetpack_dont_email_post_to_subs":false,"_jetpack_newsletter_tier_id":0,"_jetpack_memberships_contains_paywalled_content":false,"_jetpack_memberships_contains_paid_content":false,"footnotes":"","jetpack_publicize_message":"","jetpack_publicize_feature_enabled":true,"jetpack_social_post_already_shared":true,"jetpack_social_options":{"image_generator_settings":{"template":"highway","default_image_id":0,"font":"","enabled":false},"version":2}},"categories":[11],"tags":[320,111,322,321,323,324,319,71,27,26,43],"class_list":["post-3541","post","type-post","status-publish","format-standard","has-post-thumbnail","hentry","category-noticias-de-ribeirao-preto-sp-e-regiao-ismael-colosi","tag-aplicativo","tag-assalto","tag-bandidos","tag-coloca","tag-correr","tag-durante","tag-motorista","tag-para","tag-preto","tag-ribeirao","tag-tudo"],"jetpack_publicize_connections":[],"jetpack_featured_media_url":"https:\/\/i0.wp.com\/noticiasribeiraopreto.com.br\/wp-content\/uploads\/2023\/11\/WhatsApp-Image-2023-11-18-at-23.48.47.jpeg?fit=882%2C460&ssl=1","jetpack-related-posts":[{"id":59984,"url":"https:\/\/noticiasribeiraopreto.com.br\/index.php\/2024\/11\/03\/homem-e-morto-por-bandidos-durante-assalto-em-ribeirao-preto\/","url_meta":{"origin":3541,"position":0},"title":"Homem \u00e9 morto por bandidos durante assalto em Ribeir\u00e3o Preto","author":"noticiasribeiraopreto.com.br","date":"3 de November de 2024","format":false,"excerpt":"Um homem de 35 anos foi morto por bandidos na noite de s\u00e1bado (2) durante um assalto no Jardim Alexandre Balbo, na zona Norte de Ribeir\u00e3o Preto. A v\u00edtima estava no carro quando foi abordada por dois criminosos. Segundo a SSP-SP (Secretaria de Seguran\u00e7a P\u00fablica de S\u00e3o Paulo), os ladr\u00f5es\u2026","rel":"","context":"In &quot;Not\u00edcias de Ribeir\u00e3o Preto-SP e Regi\u00e3o&quot;","block_context":{"text":"Not\u00edcias de Ribeir\u00e3o Preto-SP e Regi\u00e3o","link":"https:\/\/noticiasribeiraopreto.com.br\/index.php\/category\/noticias-de-ribeirao-preto-sp-e-regiao-ismael-colosi\/"},"img":{"alt_text":"","src":"https:\/\/i0.wp.com\/noticiasribeiraopreto.com.br\/wp-content\/uploads\/2024\/11\/cpj_1024x576_04082020121137.jpg?fit=1024%2C575&ssl=1&resize=350%2C200","width":350,"height":200,"srcset":"https:\/\/i0.wp.com\/noticiasribeiraopreto.com.br\/wp-content\/uploads\/2024\/11\/cpj_1024x576_04082020121137.jpg?fit=1024%2C575&ssl=1&resize=350%2C200 1x, https:\/\/i0.wp.com\/noticiasribeiraopreto.com.br\/wp-content\/uploads\/2024\/11\/cpj_1024x576_04082020121137.jpg?fit=1024%2C575&ssl=1&resize=525%2C300 1.5x, https:\/\/i0.wp.com\/noticiasribeiraopreto.com.br\/wp-content\/uploads\/2024\/11\/cpj_1024x576_04082020121137.jpg?fit=1024%2C575&ssl=1&resize=700%2C400 2x"},"classes":[]},{"id":63351,"url":"https:\/\/noticiasribeiraopreto.com.br\/index.php\/2025\/02\/11\/motorista-de-aplicativo-de-58-anos-e-vitima-de-assalto-em-ribeirao-preto\/","url_meta":{"origin":3541,"position":1},"title":"Motorista de aplicativo de 58 anos \u00e9 v\u00edtima de assalto em Ribeir\u00e3o Preto","author":"noticiasribeiraopreto.com.br","date":"11 de February de 2025","format":false,"excerpt":"Um motorista de aplicativo de 58 anos foi roubado enquanto estava trabalhando no \u00faltimo s\u00e1bado (8), em Ribeir\u00e3o Preto. Em duas semanas, cinco casos foram registrados na cidade. De acordo com o boletim de ocorr\u00eancia, registrado nesta segunda-feira (10), a v\u00edtima teria sido acionada por dois homens para uma corrida\u2026","rel":"","context":"In &quot;Not\u00edcias de Ribeir\u00e3o Preto-SP e Regi\u00e3o&quot;","block_context":{"text":"Not\u00edcias de Ribeir\u00e3o Preto-SP e Regi\u00e3o","link":"https:\/\/noticiasribeiraopreto.com.br\/index.php\/category\/noticias-de-ribeirao-preto-sp-e-regiao-ismael-colosi\/"},"img":{"alt_text":"","src":"https:\/\/i0.wp.com\/noticiasribeiraopreto.com.br\/wp-content\/uploads\/2025\/02\/HomemmorreapscairdeandaimeenquantotrabalhavaemRibeiroPreto_Tamanho_2_image.jpg?fit=1200%2C900&ssl=1&resize=350%2C200","width":350,"height":200,"srcset":"https:\/\/i0.wp.com\/noticiasribeiraopreto.com.br\/wp-content\/uploads\/2025\/02\/HomemmorreapscairdeandaimeenquantotrabalhavaemRibeiroPreto_Tamanho_2_image.jpg?fit=1200%2C900&ssl=1&resize=350%2C200 1x, https:\/\/i0.wp.com\/noticiasribeiraopreto.com.br\/wp-content\/uploads\/2025\/02\/HomemmorreapscairdeandaimeenquantotrabalhavaemRibeiroPreto_Tamanho_2_image.jpg?fit=1200%2C900&ssl=1&resize=525%2C300 1.5x, https:\/\/i0.wp.com\/noticiasribeiraopreto.com.br\/wp-content\/uploads\/2025\/02\/HomemmorreapscairdeandaimeenquantotrabalhavaemRibeiroPreto_Tamanho_2_image.jpg?fit=1200%2C900&ssl=1&resize=700%2C400 2x, https:\/\/i0.wp.com\/noticiasribeiraopreto.com.br\/wp-content\/uploads\/2025\/02\/HomemmorreapscairdeandaimeenquantotrabalhavaemRibeiroPreto_Tamanho_2_image.jpg?fit=1200%2C900&ssl=1&resize=1050%2C600 3x"},"classes":[]},{"id":60958,"url":"https:\/\/noticiasribeiraopreto.com.br\/index.php\/2024\/11\/29\/bandidos-assaltam-banco-na-cidade-de-sao-carlos-x-tudo-ribeirao\/","url_meta":{"origin":3541,"position":2},"title":"Bandidos assaltam banco na cidade de S\u00e3o Carlos \u2013 X Tudo Ribeir\u00e3o","author":"noticiasribeiraopreto.com.br","date":"29 de November de 2024","format":false,"excerpt":"Tr\u00eas bandidos invadiram a ag\u00eancia da Caixa Econ\u00f4mica Federal na Miguel Petroni, Jardim Bandeirantes, na manh\u00e3 desta sexta-feira (29), rendendo os funcion\u00e1rios e levando o dinheiro do cofre. Segundo testemunhas, um dos criminosos estava armado com uma pistola, provavelmente calibre .380.\u00a0 Segundo informa\u00e7\u00f5es, o carro-forte havia acabado deixar malotes no\u2026","rel":"","context":"In &quot;Not\u00edcias de Ribeir\u00e3o Preto-SP e Regi\u00e3o&quot;","block_context":{"text":"Not\u00edcias de Ribeir\u00e3o Preto-SP e Regi\u00e3o","link":"https:\/\/noticiasribeiraopreto.com.br\/index.php\/category\/noticias-de-ribeirao-preto-sp-e-regiao-ismael-colosi\/"},"img":{"alt_text":"","src":"https:\/\/i0.wp.com\/noticiasribeiraopreto.com.br\/wp-content\/uploads\/2024\/11\/WhatsApp-Image-2024-11-29-at-21.07.11.jpeg?fit=600%2C400&ssl=1&resize=350%2C200","width":350,"height":200,"srcset":"https:\/\/i0.wp.com\/noticiasribeiraopreto.com.br\/wp-content\/uploads\/2024\/11\/WhatsApp-Image-2024-11-29-at-21.07.11.jpeg?fit=600%2C400&ssl=1&resize=350%2C200 1x, https:\/\/i0.wp.com\/noticiasribeiraopreto.com.br\/wp-content\/uploads\/2024\/11\/WhatsApp-Image-2024-11-29-at-21.07.11.jpeg?fit=600%2C400&ssl=1&resize=525%2C300 1.5x"},"classes":[]},{"id":17918,"url":"https:\/\/noticiasribeiraopreto.com.br\/index.php\/2023\/12\/19\/utm_sourcerssutm_mediumrssutm_campaignbandido-que-esfaqueou-e-roubou-taxista-em-julho-e-condenado-a-mais-de-20-anos-de-cadeia-em-ribeirao-preto\/","url_meta":{"origin":3541,"position":3},"title":"Bandido que esfaqueou e roubou taxista em julho \u00e9 condenado a mais de 20 anos de CADEIA em Ribeir\u00e3o Preto \u2013 X Tudo Ribeir\u00e3o","author":"noticiasribeiraopreto.com.br","date":"19 de December de 2023","format":false,"excerpt":"A Justi\u00e7a condenou na \u00faltima sexta-feira (15\/12), a mais de 20 anos de CADEIA o bandido que roubou e esfaqueou um taxista de 76 anos, no m\u00eas de julho, pr\u00f3ximo da mini-rodovi\u00e1ria no Jardim Paulista, em Ribeir\u00e3o Preto.\u00a0 Segundo informa\u00e7\u00f5es apuradas pela reportagem do X Tudo Ribeir\u00e3o, o bandido identificado\u2026","rel":"","context":"In &quot;Not\u00edcias de Ribeir\u00e3o Preto-SP e Regi\u00e3o&quot;","block_context":{"text":"Not\u00edcias de Ribeir\u00e3o Preto-SP e Regi\u00e3o","link":"https:\/\/noticiasribeiraopreto.com.br\/index.php\/category\/noticias-de-ribeirao-preto-sp-e-regiao-ismael-colosi\/"},"img":{"alt_text":"","src":"https:\/\/i0.wp.com\/noticiasribeiraopreto.com.br\/wp-content\/uploads\/2023\/12\/WhatsApp-Image-2023-12-19-at-10.42.54.jpeg?fit=1200%2C918&ssl=1&resize=350%2C200","width":350,"height":200,"srcset":"https:\/\/i0.wp.com\/noticiasribeiraopreto.com.br\/wp-content\/uploads\/2023\/12\/WhatsApp-Image-2023-12-19-at-10.42.54.jpeg?fit=1200%2C918&ssl=1&resize=350%2C200 1x, https:\/\/i0.wp.com\/noticiasribeiraopreto.com.br\/wp-content\/uploads\/2023\/12\/WhatsApp-Image-2023-12-19-at-10.42.54.jpeg?fit=1200%2C918&ssl=1&resize=525%2C300 1.5x, https:\/\/i0.wp.com\/noticiasribeiraopreto.com.br\/wp-content\/uploads\/2023\/12\/WhatsApp-Image-2023-12-19-at-10.42.54.jpeg?fit=1200%2C918&ssl=1&resize=700%2C400 2x, https:\/\/i0.wp.com\/noticiasribeiraopreto.com.br\/wp-content\/uploads\/2023\/12\/WhatsApp-Image-2023-12-19-at-10.42.54.jpeg?fit=1200%2C918&ssl=1&resize=1050%2C600 3x"},"classes":[]},{"id":13134,"url":"https:\/\/noticiasribeiraopreto.com.br\/index.php\/2023\/12\/09\/utm_sourcerssutm_mediumrssutm_campaignbandidos-abusam-sexualmente-de-mulher-durante-roubo-a-uma-fazenda-em-serra-azul\/","url_meta":{"origin":3541,"position":4},"title":"Bandidos abusam sexualmente de mulher durante roubo a uma fazenda em Serra Azul \u2013 X Tudo Ribeir\u00e3o","author":"noticiasribeiraopreto.com.br","date":"9 de December de 2023","format":false,"excerpt":"Quatro vagabundos abusaram sexualmente de uma jovem durante um assalto a uma fazenda na zona Rural da cidade de Serra Azul.\u00a0 Segundo informa\u00e7\u00f5es da Pol\u00edcia, durante a madrugada quatro vagabundos armados em um Monza invadiram a fazenda. Ap\u00f3s render o casal e os dois filhos, as v\u00edtimas foram divididas e\u2026","rel":"","context":"In &quot;Not\u00edcias de Ribeir\u00e3o Preto-SP e Regi\u00e3o&quot;","block_context":{"text":"Not\u00edcias de Ribeir\u00e3o Preto-SP e Regi\u00e3o","link":"https:\/\/noticiasribeiraopreto.com.br\/index.php\/category\/noticias-de-ribeirao-preto-sp-e-regiao-ismael-colosi\/"},"img":{"alt_text":"","src":"https:\/\/i0.wp.com\/noticiasribeiraopreto.com.br\/wp-content\/uploads\/2023\/12\/estupro.jpg?fit=1000%2C667&ssl=1&resize=350%2C200","width":350,"height":200,"srcset":"https:\/\/i0.wp.com\/noticiasribeiraopreto.com.br\/wp-content\/uploads\/2023\/12\/estupro.jpg?fit=1000%2C667&ssl=1&resize=350%2C200 1x, https:\/\/i0.wp.com\/noticiasribeiraopreto.com.br\/wp-content\/uploads\/2023\/12\/estupro.jpg?fit=1000%2C667&ssl=1&resize=525%2C300 1.5x, https:\/\/i0.wp.com\/noticiasribeiraopreto.com.br\/wp-content\/uploads\/2023\/12\/estupro.jpg?fit=1000%2C667&ssl=1&resize=700%2C400 2x"},"classes":[]},{"id":64489,"url":"https:\/\/noticiasribeiraopreto.com.br\/index.php\/2025\/03\/08\/motorista-de-aplicativo-e-agredido-com-paulada-na-cabeca-durante-roubo-em-ribeirao-preto-video\/","url_meta":{"origin":3541,"position":5},"title":"Motorista de aplicativo \u00e9 agredido com paulada na cabe\u00e7a durante roubo em Ribeir\u00e3o Preto; V\u00eddeo","author":"noticiasribeiraopreto.com.br","date":"8 de March de 2025","format":false,"excerpt":"Um motorista de aplicativo de 32 anos foi agredido com uma paulada na cabe\u00e7a durante um assalto na madrugada deste s\u00e1bado (8), no bairro Reserva Maca\u00faba, zona Oeste de Ribeir\u00e3o Preto. Assista ao v\u00eddeo abaixo. Segundo o boletim de ocorr\u00eancia (BO), a v\u00edtima teve o carro roubado por ao menos\u2026","rel":"","context":"In &quot;Not\u00edcias de Ribeir\u00e3o Preto-SP e Regi\u00e3o&quot;","block_context":{"text":"Not\u00edcias de Ribeir\u00e3o Preto-SP e Regi\u00e3o","link":"https:\/\/noticiasribeiraopreto.com.br\/index.php\/category\/noticias-de-ribeirao-preto-sp-e-regiao-ismael-colosi\/"},"img":{"alt_text":"","src":"https:\/\/i0.wp.com\/noticiasribeiraopreto.com.br\/wp-content\/uploads\/2025\/03\/ROUBO_2025-03-08_22-46-40_jpg_2025-03-08_22-46-40.webp.webp?fit=1200%2C871&ssl=1&resize=350%2C200","width":350,"height":200,"srcset":"https:\/\/i0.wp.com\/noticiasribeiraopreto.com.br\/wp-content\/uploads\/2025\/03\/ROUBO_2025-03-08_22-46-40_jpg_2025-03-08_22-46-40.webp.webp?fit=1200%2C871&ssl=1&resize=350%2C200 1x, https:\/\/i0.wp.com\/noticiasribeiraopreto.com.br\/wp-content\/uploads\/2025\/03\/ROUBO_2025-03-08_22-46-40_jpg_2025-03-08_22-46-40.webp.webp?fit=1200%2C871&ssl=1&resize=525%2C300 1.5x, https:\/\/i0.wp.com\/noticiasribeiraopreto.com.br\/wp-content\/uploads\/2025\/03\/ROUBO_2025-03-08_22-46-40_jpg_2025-03-08_22-46-40.webp.webp?fit=1200%2C871&ssl=1&resize=700%2C400 2x, https:\/\/i0.wp.com\/noticiasribeiraopreto.com.br\/wp-content\/uploads\/2025\/03\/ROUBO_2025-03-08_22-46-40_jpg_2025-03-08_22-46-40.webp.webp?fit=1200%2C871&ssl=1&resize=1050%2C600 3x"},"classes":[]}],"jetpack_sharing_enabled":true,"jetpack_shortlink":"https:\/\/wp.me\/peQAOb-V7","_links":{"self":[{"href":"https:\/\/noticiasribeiraopreto.com.br\/index.php\/wp-json\/wp\/v2\/posts\/3541","targetHints":{"allow":["GET"]}}],"collection":[{"href":"https:\/\/noticiasribeiraopreto.com.br\/index.php\/wp-json\/wp\/v2\/posts"}],"about":[{"href":"https:\/\/noticiasribeiraopreto.com.br\/index.php\/wp-json\/wp\/v2\/types\/post"}],"author":[{"embeddable":true,"href":"https:\/\/noticiasribeiraopreto.com.br\/index.php\/wp-json\/wp\/v2\/users\/1"}],"replies":[{"embeddable":true,"href":"https:\/\/noticiasribeiraopreto.com.br\/index.php\/wp-json\/wp\/v2\/comments?post=3541"}],"version-history":[{"count":0,"href":"https:\/\/noticiasribeiraopreto.com.br\/index.php\/wp-json\/wp\/v2\/posts\/3541\/revisions"}],"wp:featuredmedia":[{"embeddable":true,"href":"https:\/\/noticiasribeiraopreto.com.br\/index.php\/wp-json\/wp\/v2\/media\/3542"}],"wp:attachment":[{"href":"https:\/\/noticiasribeiraopreto.com.br\/index.php\/wp-json\/wp\/v2\/media?parent=3541"}],"wp:term":[{"taxonomy":"category","embeddable":true,"href":"https:\/\/noticiasribeiraopreto.com.br\/index.php\/wp-json\/wp\/v2\/categories?post=3541"},{"taxonomy":"post_tag","embeddable":true,"href":"https:\/\/noticiasribeiraopreto.com.br\/index.php\/wp-json\/wp\/v2\/tags?post=3541"}],"curies":[{"name":"wp","href":"https:\/\/api.w.org\/{rel}","templated":true}]}}