{"id":35423,"date":"2024-02-06T10:51:24","date_gmt":"2024-02-06T13:51:24","guid":{"rendered":"https:\/\/noticiasribeiraopreto.com.br\/index.php\/2024\/02\/06\/por-que-a-participacao-dos-salarios-no-pib-esta-no-nivel-mais-baixo-em-16-anos\/"},"modified":"2024-02-06T10:51:24","modified_gmt":"2024-02-06T13:51:24","slug":"por-que-a-participacao-dos-salarios-no-pib-esta-no-nivel-mais-baixo-em-16-anos","status":"publish","type":"post","link":"https:\/\/noticiasribeiraopreto.com.br\/index.php\/2024\/02\/06\/por-que-a-participacao-dos-salarios-no-pib-esta-no-nivel-mais-baixo-em-16-anos\/","title":{"rendered":"Por que a participa\u00e7\u00e3o dos sal\u00e1rios no PIB est\u00e1 no n\u00edvel mais baixo em 16 anos"},"content":{"rendered":"<div class='code-block code-block-1' style='margin: 8px 0 8px auto; text-align: right; display: block; clear: both;'>\n<p><a href=\"https:\/\/wa.link\/vpicfd\"><img data-recalc-dims=\"1\" class=\"wp-image-4922\" style=\"aspect-ratio: 2.0253164556962027; width: 561px; height: auto;\" src=\"https:\/\/i0.wp.com\/ismaelcolosi.com.br\/wp-content\/uploads\/2023\/11\/grupo-de-empregos-whatsapp-e-facebook-ismael-colosi-vagas.jpg?ssl=1\" alt=\"\" \/><\/a><\/p>\n<!-- \/wp:image -->\n<\/div>\n<p> <br \/>\n<\/p>\n<div id=\"js-first-letter\">\n<p>A <strong>remunera\u00e7\u00e3o <\/strong>n\u00e3o est\u00e1 ficando menor s\u00f3 na carteira de <strong>trabalho <\/strong>dos brasileiros. Um levantamento do Instituto Brasileiro de Geografia e Estat\u00edsticas (IBGE) mostrou que a participa\u00e7\u00e3o dos sal\u00e1rios no <strong>Produto Interno Bruto (PIB)<\/strong> teve o pior resultado em 16 anos.<\/p>\n<p>O percentual vem caindo desde 2016, quando atingiu o pico de 35,5% do PIB. Em 2021, os <strong>sal\u00e1rios <\/strong>despencaram para 31% do PIB. J\u00e1 nos \u00faltimos cinco anos, a participa\u00e7\u00e3o teve queda de 12,9%.\u00a0<\/p>\n<p>Por outro lado, as empresas est\u00e3o lucrando mais. O excedente operacional bruto das companhias aumentou em 16% o seu peso no PIB entre 2016 e 2021, indo de 32,3% para 37,5%.<\/p>\n<p>O presidente do IBGE, M\u00e1rcio Pochmann, argumentou que os dados do IBGE mostram a revers\u00e3o da tend\u00eancia de aumento da participa\u00e7\u00e3o dos sal\u00e1rios no PIB observada entre 2004 e 2016.<\/p>\n<p>\u201cA constru\u00e7\u00e3o lenta e dif\u00edcil que por 12 anos levou para mudar positivamente o peso da renda do trabalho no PIB foi r\u00e1pida e abruptamente desmontada nos \u00faltimos anos de regress\u00e3o neoliberal. O que terminou por recolocar novamente o Brasil entre os pa\u00edses de baixos sal\u00e1rios, empregos precarizados e de multid\u00f5es de sobrantes e sem destino\u201d.<\/p>\n<p><strong>VEJA TAMB\u00c9M EM A DINHEIRISTA &#8211;<\/strong> <a href=\"https:\/\/www.youtube.com\/watch?v=S37g8Z5Jmrw\" target=\"_blank\" rel=\"noreferrer noopener\">Posso parar de pagar pens\u00e3o aliment\u00edcia para filha que n\u00e3o vejo h\u00e1 quatro anos?<\/a><\/p>\n<figure class=\"wp-block-embed is-type-video is-provider-youtube wp-block-embed-youtube wp-embed-aspect-16-9 wp-has-aspect-ratio\">\n<p>\n<iframe loading=\"lazy\" title=\"POSSO PARAR DE PAGAR PENS\u00c3O DA  FILHA QUE N\u00c3O VEJO? I DESCOBRI TRAI\u00c7\u00c3O E &#039;LIMPEI&#039; CONTA CONJUNTA\" width=\"500\" height=\"281\" src=\"https:\/\/www.youtube.com\/embed\/S37g8Z5Jmrw?feature=oembed\" frameborder=\"0\" allow=\"accelerometer; autoplay; clipboard-write; encrypted-media; gyroscope; picture-in-picture; web-share\" referrerpolicy=\"strict-origin-when-cross-origin\" allowfullscreen><\/iframe>\n<\/p>\n<\/figure>\n<h2 class=\"wp-block-heading\" id=\"h-anos-mais-promissores\">Anos mais promissores<\/h2>\n<p>Entre 2004 e 2016, a participa\u00e7\u00e3o dos sal\u00e1rios no PIB cresceu 16,3%, saindo de 30,6% para 35,67%.\u00a0<\/p>\n<p>J\u00e1 a participa\u00e7\u00e3o do excedente operacional bruto das empresas caiu 6,6%, passando de 34,6% para 32,3% do PIB.<\/p>\n<p>Os dados do IBGE tamb\u00e9m incluem a vari\u00e1vel \u201c<strong><a href=\"https:\/\/www.seudinheiro.com\/2024\/economia\/salario-minimo-de-mais-de-r-14-mil-comeca-a-ser-pago-hoje-confira-quem-deve-receber-ajuste-davs\/\" target=\"_blank\" rel=\"noreferrer noopener\">remunera\u00e7\u00e3o dos trabalhadores<\/a><\/strong>\u201d que, al\u00e9m dos sal\u00e1rios, incluem as contribui\u00e7\u00f5es sociais pagas pelos empregadores e governo por pessoa empregada.<\/p>\n<h2 class=\"wp-block-heading\" id=\"h-impactos-da-pandemia-e-da-reforma\">Impactos da pandemia e da reforma<\/h2>\n<p>A redu\u00e7\u00e3o da participa\u00e7\u00e3o dos sal\u00e1rios no PIB \u00e9 resultado da recess\u00e3o econ\u00f4mica iniciada em 2015 e da pandemia, segundo o professor Pedro Paulo Zahuth Bastos, do Instituto de Economia da Universidade Estadual de Campinas (Unicamp).<\/p>\n<p>De acordo com Bastos, os trabalhadores perderam poder de barganha para recuperar os sal\u00e1rios frente \u00e0 infla\u00e7\u00e3o durante o per\u00edodo. Como o custo real dos sal\u00e1rios caiu, o excedente das empresas aumentou.<\/p>\n<p>O economista da Unicamp considera ainda que a reforma trabalhista influenciou esse resultado por reduzir o poder de barganha dos trabalhadores.\u00a0\u00a0<\/p>\n<p>\u201cO choque da pandemia \u00e9 maior ainda porque aumenta o desemprego, diminui a massa total de trabalhadores e tamb\u00e9m o rendimento real\u201d, completou.<\/p>\n<p>O indicador da participa\u00e7\u00e3o dos sal\u00e1rios no PIB \u00e9 determinante para medir o grau de desigualdade social de um pa\u00eds, segundo Bastos.\u00a0<\/p>\n<p>Al\u00e9m de aumentar a desigualdade, o economista defende ainda que a redu\u00e7\u00e3o do poder dos sal\u00e1rios \u00e9 ruim para a economia nacional.<\/p>\n<p>\u201cQuanto maior a renda do PIB gerado que vai para os trabalhadores, maior vai ser o gasto e, consequentemente, maior vai ser o mercado interno do Brasil. E quanto maior for o mercado interno, maior vai ser o incentivo para que aqueles lucros dos capitalistas sejam investidos para aumentar a produ\u00e7\u00e3o\u201d.<\/p>\n<p>Para Bastos, o aumento do excedente bruto das empresas n\u00e3o necessariamente ser\u00e1 reinvestido nas atividades que geram emprego.\u00a0<\/p>\n<p>\u201cSe eles tiverem mais lucro, mas n\u00e3o tiver mercado, eles v\u00e3o simplesmente comprar ativos financeiros [como t\u00edtulos da d\u00edvida p\u00fablica]\u201d.<\/p>\n<p>\u201c[A redu\u00e7\u00e3o dos sal\u00e1rios no PIB] \u00e9 ruim tanto do ponto de vista da sociedade, da sa\u00fade p\u00fablica, do bem-estar social, da paz social, da criminalidade, da viol\u00eancia, quanto \u00e9 ruim tamb\u00e9m para o crescimento econ\u00f4mico\u201d, finalizou.<\/p>\n<\/div>\n<p><br \/>\n<br \/><a href=\"https:\/\/www.seudinheiro.com\/2024\/economia\/por-que-a-participacao-dos-salarios-no-pib-esta-no-nivel-mais-baixo-em-16-anos-davs\/\">Source link <\/a><\/p>\n<!-- CONTENT END 1 -->\n","protected":false},"excerpt":{"rendered":"<p>A remunera\u00e7\u00e3o n\u00e3o est\u00e1 ficando menor s\u00f3 na carteira de trabalho dos brasileiros. Um levantamento do Instituto Brasileiro de Geografia e Estat\u00edsticas (IBGE) mostrou que&#8230;<\/p>\n","protected":false},"author":1,"featured_media":35424,"comment_status":"open","ping_status":"open","sticky":false,"template":"","format":"standard","meta":{"advanced_seo_description":"","jetpack_seo_html_title":"","jetpack_seo_noindex":false,"jetpack_post_was_ever_published":false,"_jetpack_newsletter_access":"","_jetpack_dont_email_post_to_subs":false,"_jetpack_newsletter_tier_id":0,"_jetpack_memberships_contains_paywalled_content":false,"_jetpack_memberships_contains_paid_content":false,"footnotes":"","jetpack_publicize_message":"","jetpack_publicize_feature_enabled":true,"jetpack_social_post_already_shared":true,"jetpack_social_options":{"image_generator_settings":{"template":"highway","default_image_id":0,"font":"","enabled":false},"version":2}},"categories":[1235],"tags":[],"class_list":["post-35423","post","type-post","status-publish","format-standard","has-post-thumbnail","hentry","category-dinheiro-e-investimento-como-fazer-como-ganhar"],"jetpack_publicize_connections":[],"jetpack_featured_media_url":"https:\/\/i0.wp.com\/noticiasribeiraopreto.com.br\/wp-content\/uploads\/2024\/02\/calcular-salario-1-628x353.jpg?fit=628%2C353&ssl=1","jetpack-related-posts":[{"id":16935,"url":"https:\/\/noticiasribeiraopreto.com.br\/index.php\/2023\/12\/16\/pib-per-capita-de-rp-e-o-753o-do-ranking\/","url_meta":{"origin":35423,"position":0},"title":"PIB per capita de RP \u00e9 o 753\u00ba do ranking\u00a0","author":"noticiasribeiraopreto.com.br","date":"16 de December de 2023","format":false,"excerpt":"A pesquisa \u201cProduto Interno Bruto \u2013 PIB dos Munic\u00edpios 2021\u201d, divulgada pelo Instituto Brasileiro de Geografia e Estat\u00edstica (IBGE) nesta sexta-feira, 15 de dezembro, mostra que Ribeir\u00e3o Preto perdeu 146 posi\u00e7\u00f5es no ranking do PIB per capita \u2013 divis\u00e3o da produ\u00e7\u00e3o local pelo n\u00famero de habitantes.\u00a0Recuou do 607\u00ba lugar em\u2026","rel":"","context":"In &quot;Not\u00edcias de Ribeir\u00e3o Preto-SP e Regi\u00e3o&quot;","block_context":{"text":"Not\u00edcias de Ribeir\u00e3o Preto-SP e Regi\u00e3o","link":"https:\/\/noticiasribeiraopreto.com.br\/index.php\/category\/noticias-de-ribeirao-preto-sp-e-regiao-ismael-colosi\/"},"img":{"alt_text":"","src":"https:\/\/i0.wp.com\/noticiasribeiraopreto.com.br\/wp-content\/uploads\/2023\/12\/RiberPIB-Box-JF-Pimenta-Arquivo-scaled.jpg?fit=1000%2C521&ssl=1&resize=350%2C200","width":350,"height":200,"srcset":"https:\/\/i0.wp.com\/noticiasribeiraopreto.com.br\/wp-content\/uploads\/2023\/12\/RiberPIB-Box-JF-Pimenta-Arquivo-scaled.jpg?fit=1000%2C521&ssl=1&resize=350%2C200 1x, https:\/\/i0.wp.com\/noticiasribeiraopreto.com.br\/wp-content\/uploads\/2023\/12\/RiberPIB-Box-JF-Pimenta-Arquivo-scaled.jpg?fit=1000%2C521&ssl=1&resize=525%2C300 1.5x, https:\/\/i0.wp.com\/noticiasribeiraopreto.com.br\/wp-content\/uploads\/2023\/12\/RiberPIB-Box-JF-Pimenta-Arquivo-scaled.jpg?fit=1000%2C521&ssl=1&resize=700%2C400 2x"},"classes":[]},{"id":15591,"url":"https:\/\/noticiasribeiraopreto.com.br\/index.php\/2023\/12\/13\/salario-minimo-2024-novo-calculo-aponta-para-r-1-412-meu-valor-digital\/","url_meta":{"origin":35423,"position":1},"title":"Sal\u00e1rio m\u00ednimo 2024: novo c\u00e1lculo aponta para R$ 1.412 &#8211; Meu Valor Digital","author":"noticiasribeiraopreto.com.br","date":"13 de December de 2023","format":false,"excerpt":"De acordo com novos c\u00e1lculos, o sal\u00e1rio m\u00ednimo dos trabalhadores deve subir de R$ 1.320 para R$ 1.412 a partir de 1\u00ba de janeiro de 2024. O valor corresponde a nova regra de corre\u00e7\u00e3o do piso nacional. O reajuste ser\u00e1 de 6,97%, ou R$ 92. Lembrando que o o governo\u2026","rel":"","context":"In &quot;Vagas de Emprego em Ribeir\u00e3o Preto-SP&quot;","block_context":{"text":"Vagas de Emprego em Ribeir\u00e3o Preto-SP","link":"https:\/\/noticiasribeiraopreto.com.br\/index.php\/category\/empregos-classificados-vagas-trabalho\/vagas-de-empregos-em-ribeirao-preto-regiao-brasil\/"},"img":{"alt_text":"","src":"https:\/\/i0.wp.com\/noticiasribeiraopreto.com.br\/wp-content\/uploads\/2023\/12\/Salario-Minimo-2024-1.jpg?fit=1200%2C773&ssl=1&resize=350%2C200","width":350,"height":200,"srcset":"https:\/\/i0.wp.com\/noticiasribeiraopreto.com.br\/wp-content\/uploads\/2023\/12\/Salario-Minimo-2024-1.jpg?fit=1200%2C773&ssl=1&resize=350%2C200 1x, https:\/\/i0.wp.com\/noticiasribeiraopreto.com.br\/wp-content\/uploads\/2023\/12\/Salario-Minimo-2024-1.jpg?fit=1200%2C773&ssl=1&resize=525%2C300 1.5x, https:\/\/i0.wp.com\/noticiasribeiraopreto.com.br\/wp-content\/uploads\/2023\/12\/Salario-Minimo-2024-1.jpg?fit=1200%2C773&ssl=1&resize=700%2C400 2x, https:\/\/i0.wp.com\/noticiasribeiraopreto.com.br\/wp-content\/uploads\/2023\/12\/Salario-Minimo-2024-1.jpg?fit=1200%2C773&ssl=1&resize=1050%2C600 3x"},"classes":[]},{"id":16337,"url":"https:\/\/noticiasribeiraopreto.com.br\/index.php\/2023\/12\/15\/ribeirao-preto-e-a-29a-cidade-mais-rica-do-brasil-veja-o-ranking\/","url_meta":{"origin":35423,"position":2},"title":"Ribeir\u00e3o Preto \u00e9 a 29\u00aa cidade mais rica do Brasil; Veja o ranking","author":"noticiasribeiraopreto.com.br","date":"15 de December de 2023","format":false,"excerpt":"O IBGE (Instituto Brasileiro de Geografia e Estat\u00edstica) divulgou nesta sexta-feira (15) o PIB (Produto Interno Bruto) dos munic\u00edpios referente a 2021. E, Ribeir\u00e3o Preto, ap\u00f3s apresentar queda no levantamento anterior, voltou ter aumento na produ\u00e7\u00e3o de riquezas, e aparece na 29\u00aa coloca\u00e7\u00e3o entre as cidades mais ricas do Brasil.\u2026","rel":"","context":"In &quot;Not\u00edcias de Ribeir\u00e3o Preto-SP e Regi\u00e3o&quot;","block_context":{"text":"Not\u00edcias de Ribeir\u00e3o Preto-SP e Regi\u00e3o","link":"https:\/\/noticiasribeiraopreto.com.br\/index.php\/category\/noticias-de-ribeirao-preto-sp-e-regiao-ismael-colosi\/"},"img":{"alt_text":"","src":"https:\/\/i0.wp.com\/noticiasribeiraopreto.com.br\/wp-content\/uploads\/2023\/12\/ribeirao-preto.jpg?fit=1200%2C800&ssl=1&resize=350%2C200","width":350,"height":200,"srcset":"https:\/\/i0.wp.com\/noticiasribeiraopreto.com.br\/wp-content\/uploads\/2023\/12\/ribeirao-preto.jpg?fit=1200%2C800&ssl=1&resize=350%2C200 1x, https:\/\/i0.wp.com\/noticiasribeiraopreto.com.br\/wp-content\/uploads\/2023\/12\/ribeirao-preto.jpg?fit=1200%2C800&ssl=1&resize=525%2C300 1.5x, https:\/\/i0.wp.com\/noticiasribeiraopreto.com.br\/wp-content\/uploads\/2023\/12\/ribeirao-preto.jpg?fit=1200%2C800&ssl=1&resize=700%2C400 2x, https:\/\/i0.wp.com\/noticiasribeiraopreto.com.br\/wp-content\/uploads\/2023\/12\/ribeirao-preto.jpg?fit=1200%2C800&ssl=1&resize=1050%2C600 3x"},"classes":[]},{"id":17251,"url":"https:\/\/noticiasribeiraopreto.com.br\/index.php\/2023\/12\/17\/novo-salario-minimo-em-2024-entenda-as-mudancas\/","url_meta":{"origin":35423,"position":3},"title":"Novo sal\u00e1rio m\u00ednimo em 2024: entenda as mudan\u00e7as","author":"noticiasribeiraopreto.com.br","date":"17 de December de 2023","format":false,"excerpt":"Cr\u00e9ditos: Marcelo Casal Jr.\/ Ag. BrasilSal\u00e1rio Sal\u00e1rio m\u00ednimo vai ter aumento e alegra brasileiro O novo sal\u00e1rio-m\u00ednimo para o ano de 2024, proposto por Lula na Lei de Diretrizes Or\u00e7ament\u00e1rias (LDO), traz consigo uma mudan\u00e7a significativa em rela\u00e7\u00e3o ao m\u00e9todo de reajuste adotado. Diferentemente das pr\u00e1ticas anteriores, a nova pol\u00edtica\u2026","rel":"","context":"In &quot;Variedades&quot;","block_context":{"text":"Variedades","link":"https:\/\/noticiasribeiraopreto.com.br\/index.php\/category\/variedades\/"},"img":{"alt_text":"","src":"https:\/\/i0.wp.com\/noticiasribeiraopreto.com.br\/wp-content\/uploads\/2023\/12\/1702860318_istock-1396318039.jpg?fit=1200%2C638&ssl=1&resize=350%2C200","width":350,"height":200,"srcset":"https:\/\/i0.wp.com\/noticiasribeiraopreto.com.br\/wp-content\/uploads\/2023\/12\/1702860318_istock-1396318039.jpg?fit=1200%2C638&ssl=1&resize=350%2C200 1x, https:\/\/i0.wp.com\/noticiasribeiraopreto.com.br\/wp-content\/uploads\/2023\/12\/1702860318_istock-1396318039.jpg?fit=1200%2C638&ssl=1&resize=525%2C300 1.5x, https:\/\/i0.wp.com\/noticiasribeiraopreto.com.br\/wp-content\/uploads\/2023\/12\/1702860318_istock-1396318039.jpg?fit=1200%2C638&ssl=1&resize=700%2C400 2x, https:\/\/i0.wp.com\/noticiasribeiraopreto.com.br\/wp-content\/uploads\/2023\/12\/1702860318_istock-1396318039.jpg?fit=1200%2C638&ssl=1&resize=1050%2C600 3x"},"classes":[]},{"id":80980,"url":"https:\/\/noticiasribeiraopreto.com.br\/index.php\/2025\/12\/19\/pib-de-ribeirao-preto-e-o-26o-do-pais-gaviao-peixoto-se-destaca-na-regiao\/","url_meta":{"origin":35423,"position":4},"title":"PIB de Ribeir\u00e3o Preto \u00e9 o 26\u00ba do pa\u00eds; Gavi\u00e3o Peixoto se destaca na regi\u00e3o","author":"noticiasribeiraopreto.com.br","date":"19 de December de 2025","format":false,"excerpt":"A pesquisa \u201cProduto Interno Bruto \u2013 PIB dos Munic\u00edpios 2022-2023\u201d, divulgada pelo Instituto Brasileiro de Geografia e Estat\u00edstica (IBGE) nesta sexta-feira, 19 de dezembro, mostra que Ribeir\u00e3o Preto galgou tr\u00eas posi\u00e7\u00f5es no ranking nacional da produ\u00e7\u00e3o de riquezas e saltou da 29\u00aa coloca\u00e7\u00e3o em 2022 para a 26\u00aa em 2023.\u2026","rel":"","context":"In &quot;Not\u00edcias de Ribeir\u00e3o Preto-SP e Regi\u00e3o&quot;","block_context":{"text":"Not\u00edcias de Ribeir\u00e3o Preto-SP e Regi\u00e3o","link":"https:\/\/noticiasribeiraopreto.com.br\/index.php\/category\/noticias-de-ribeirao-preto-sp-e-regiao-ismael-colosi\/"},"img":{"alt_text":"","src":"https:\/\/i0.wp.com\/noticiasribeiraopreto.com.br\/wp-content\/uploads\/2025\/12\/TributoRP-Alfredo-Risk-scaled.jpg?fit=1200%2C675&ssl=1&resize=350%2C200","width":350,"height":200,"srcset":"https:\/\/i0.wp.com\/noticiasribeiraopreto.com.br\/wp-content\/uploads\/2025\/12\/TributoRP-Alfredo-Risk-scaled.jpg?fit=1200%2C675&ssl=1&resize=350%2C200 1x, https:\/\/i0.wp.com\/noticiasribeiraopreto.com.br\/wp-content\/uploads\/2025\/12\/TributoRP-Alfredo-Risk-scaled.jpg?fit=1200%2C675&ssl=1&resize=525%2C300 1.5x, https:\/\/i0.wp.com\/noticiasribeiraopreto.com.br\/wp-content\/uploads\/2025\/12\/TributoRP-Alfredo-Risk-scaled.jpg?fit=1200%2C675&ssl=1&resize=700%2C400 2x, https:\/\/i0.wp.com\/noticiasribeiraopreto.com.br\/wp-content\/uploads\/2025\/12\/TributoRP-Alfredo-Risk-scaled.jpg?fit=1200%2C675&ssl=1&resize=1050%2C600 3x"},"classes":[]},{"id":10969,"url":"https:\/\/noticiasribeiraopreto.com.br\/index.php\/2023\/12\/05\/pib-volta-a-enganar-analistas-e-fica-acima-do-esperado-saiba-quem-jogou-bem-e-as-decepcoes-da-economia-no-3t23\/","url_meta":{"origin":35423,"position":5},"title":"PIB volta a &#8216;enganar&#8217; analistas e fica acima do esperado; saiba quem jogou bem e as decep\u00e7\u00f5es da economia no 3T23","author":"noticiasribeiraopreto.com.br","date":"5 de December de 2023","format":false,"excerpt":"O PIB do Brasil no terceiro trimestre de 2023 \u00e9 uma esp\u00e9cie de empate com sabor de vit\u00f3ria. Talvez pare\u00e7a exagero. Isso porque a economia brasileira cresceu apenas 0,1% na compara\u00e7\u00e3o com o segundo trimestre e desacelerou de +3,5% para +2,0% na compara\u00e7\u00e3o anual. Para quem n\u00e3o acompanha futebol, o\u2026","rel":"","context":"In &quot;Dinheiro e Investimento&quot;","block_context":{"text":"Dinheiro e Investimento","link":"https:\/\/noticiasribeiraopreto.com.br\/index.php\/category\/dinheiro-e-investimento-como-fazer-como-ganhar\/"},"img":{"alt_text":"","src":"https:\/\/i0.wp.com\/noticiasribeiraopreto.com.br\/wp-content\/uploads\/2023\/12\/Cabine-VAR-graficos-e-pib-creditos-Fifa-site-Shutterstock-montagem-Brenda-Silva-715x402.jpg?fit=715%2C402&ssl=1&resize=350%2C200","width":350,"height":200,"srcset":"https:\/\/i0.wp.com\/noticiasribeiraopreto.com.br\/wp-content\/uploads\/2023\/12\/Cabine-VAR-graficos-e-pib-creditos-Fifa-site-Shutterstock-montagem-Brenda-Silva-715x402.jpg?fit=715%2C402&ssl=1&resize=350%2C200 1x, https:\/\/i0.wp.com\/noticiasribeiraopreto.com.br\/wp-content\/uploads\/2023\/12\/Cabine-VAR-graficos-e-pib-creditos-Fifa-site-Shutterstock-montagem-Brenda-Silva-715x402.jpg?fit=715%2C402&ssl=1&resize=525%2C300 1.5x, https:\/\/i0.wp.com\/noticiasribeiraopreto.com.br\/wp-content\/uploads\/2023\/12\/Cabine-VAR-graficos-e-pib-creditos-Fifa-site-Shutterstock-montagem-Brenda-Silva-715x402.jpg?fit=715%2C402&ssl=1&resize=700%2C400 2x"},"classes":[]}],"jetpack_sharing_enabled":true,"jetpack_shortlink":"https:\/\/wp.me\/peQAOb-9dl","_links":{"self":[{"href":"https:\/\/noticiasribeiraopreto.com.br\/index.php\/wp-json\/wp\/v2\/posts\/35423","targetHints":{"allow":["GET"]}}],"collection":[{"href":"https:\/\/noticiasribeiraopreto.com.br\/index.php\/wp-json\/wp\/v2\/posts"}],"about":[{"href":"https:\/\/noticiasribeiraopreto.com.br\/index.php\/wp-json\/wp\/v2\/types\/post"}],"author":[{"embeddable":true,"href":"https:\/\/noticiasribeiraopreto.com.br\/index.php\/wp-json\/wp\/v2\/users\/1"}],"replies":[{"embeddable":true,"href":"https:\/\/noticiasribeiraopreto.com.br\/index.php\/wp-json\/wp\/v2\/comments?post=35423"}],"version-history":[{"count":0,"href":"https:\/\/noticiasribeiraopreto.com.br\/index.php\/wp-json\/wp\/v2\/posts\/35423\/revisions"}],"wp:featuredmedia":[{"embeddable":true,"href":"https:\/\/noticiasribeiraopreto.com.br\/index.php\/wp-json\/wp\/v2\/media\/35424"}],"wp:attachment":[{"href":"https:\/\/noticiasribeiraopreto.com.br\/index.php\/wp-json\/wp\/v2\/media?parent=35423"}],"wp:term":[{"taxonomy":"category","embeddable":true,"href":"https:\/\/noticiasribeiraopreto.com.br\/index.php\/wp-json\/wp\/v2\/categories?post=35423"},{"taxonomy":"post_tag","embeddable":true,"href":"https:\/\/noticiasribeiraopreto.com.br\/index.php\/wp-json\/wp\/v2\/tags?post=35423"}],"curies":[{"name":"wp","href":"https:\/\/api.w.org\/{rel}","templated":true}]}}