{"id":35429,"date":"2024-02-06T11:01:53","date_gmt":"2024-02-06T14:01:53","guid":{"rendered":"https:\/\/noticiasribeiraopreto.com.br\/index.php\/2024\/02\/06\/372755-2\/"},"modified":"2024-02-06T11:01:53","modified_gmt":"2024-02-06T14:01:53","slug":"372755-2","status":"publish","type":"post","link":"https:\/\/noticiasribeiraopreto.com.br\/index.php\/2024\/02\/06\/372755-2\/","title":{"rendered":"Julgamento de Daniel Alves: ju\u00edza aceita pedido da defesa e jogador vai depor na quarta"},"content":{"rendered":"<div class='code-block code-block-1' style='margin: 8px 0 8px auto; text-align: right; display: block; clear: both;'>\n<p><a href=\"https:\/\/wa.link\/vpicfd\"><img data-recalc-dims=\"1\" class=\"wp-image-4922\" style=\"aspect-ratio: 2.0253164556962027; width: 561px; height: auto;\" src=\"https:\/\/i0.wp.com\/ismaelcolosi.com.br\/wp-content\/uploads\/2023\/11\/grupo-de-empregos-whatsapp-e-facebook-ismael-colosi-vagas.jpg?ssl=1\" alt=\"\" \/><\/a><\/p>\n<!-- \/wp:image -->\n<\/div>\n<p> <br \/>\n<\/p>\n<div id=\"\">\n<p> <span class=\"entry-meta-item penci-posted-on\"><i class=\"fa fa-clock-o\"\/><time class=\"entry-date published\" datetime=\"2024-02-06T11:00:18-03:00\">6 de fevereiro de 2024 | 11:00<\/time><time class=\"updated\" datetime=\"2024-02-06T08:48:04-03:00\">6 de fevereiro de 2024 | 8:48<\/time><\/span><\/p>\n<p> <span class=\"penci-social-buttons penci-social-share-footer\"><a href=\"#\" class=\"penci-post-like penci_post-meta_item  single-like-button penci-social-item like\" data-post_id=\"372755\" title=\"Like\" data-like=\"Like\" data-unlike=\"Unlike\"><i class=\"fa fa-thumbs-o-up\"\/><span class=\"penci-share-number\">0<\/span><\/a><i class=\"fa fa-facebook\"\/><a class=\"penci-social-item twitter\" target=\"_blank\" rel=\"noopener\" title=\"\" href=\"https:\/\/twitter.com\/intent\/tweet?text=Julgamento%20de%20Daniel%20Alves:%20ju\u00edza%20aceita%20pedido%20da%20defesa%20e%20jogador%20vai%20depor%20na%20quarta%20-%20https:\/\/www.tribunaribeirao.com.br\/site\/372755-2\/\"><i class=\"fa fa-twitter\"\/><\/a><i class=\"fa fa-whatsapp\"\/><\/span><\/div>\n<div>\n<p><span data-contrast=\"auto\">Come\u00e7ou nesta segunda-feira o julgamento de Daniel Alves, em Barcelona, na Espanha, por uma suposta agress\u00e3o sexual contra um mulher de 23 anos em uma casa noturna na cidade catal\u00e3. O brasileiro alega e inoc\u00eancia e afirma que a rela\u00e7\u00e3o foi consensual. A defesa do atleta, encabe\u00e7ada pela advogada In\u00e9s Guardiola, pediu a suspens\u00e3o da audi\u00eancia, mas teve o pedido negado pela ju\u00edza Isabel Delgado P\u00e9rez.<\/span><\/p>\n<p><span data-contrast=\"auto\">Em contrapartida, a magistrada aceitou o pedido para que o jogador preste depoimento no final da audi\u00eancia, ap\u00f3s serem ouvidos a denunciante, testemunhas e peritos. Os trabalhos t\u00eam previs\u00e3o para serem encerrados na quarta-feira desta semana.<\/span><\/p>\n<p><span data-contrast=\"auto\">A defesa de Daniel Alves requisitou a suspens\u00e3o do julgamento oral alegando ter ocorrido investiga\u00e7\u00f5es iniciais sem o conhecimento do jogador, afirmando que o atleta poderia ter realizado teste do baf\u00f4metro no per\u00edodo \u2013 em sua mais recente sustenta\u00e7\u00e3o, o atleta afirma que estava alcoolizado na noite do ocorrido.<\/span><\/p>\n<p><span data-contrast=\"auto\">A advogada citou tamb\u00e9m o fato de o juiz de instru\u00e7\u00e3o ter negado o pedido para que um segundo perito examinasse a mulher que acusa Daniel Alves, reclamou de um \u201cjulgamento paralelo\u201d da imprensa, o que teria pesado na decis\u00e3o de pris\u00e3o preventiva, e comentou que o jogador vive situa\u00e7\u00e3o financeira complicada, com d\u00favidas de quase R$ 3 milh\u00f5es com a Fazenda da Espanha.<\/span><\/p>\n<p><span data-contrast=\"auto\">O depoimento de Daniel Alves estava previsto para acontecer nesta segunda-feira. Ele chegou ao tribunal escoltado pela pol\u00edcia e entrou no local pela porta dos fundos, vestindo cal\u00e7a jeans e camisa social branca. Familiares do jogador, como o irm\u00e3o Ney Alves, e a m\u00e3e, L\u00facia Alves, marcaram presen\u00e7a no julgamento.<\/span><span data-ccp-props=\"{&quot;201341983&quot;:0,&quot;335559739&quot;:200,&quot;335559740&quot;:276}\">\u00a0<\/span><\/p>\n<p>\u00a0<\/p>\n<\/div>\n<p><script async src=\"\/\/platform.twitter.com\/widgets.js\" charset=\"utf-8\"><\/script><br \/>\n<br \/><br \/>\n<br \/><a href=\"https:\/\/www.tribunaribeirao.com.br\/site\/372755-2\/\">Source link <\/a><\/p>\n<!-- CONTENT END 1 -->\n","protected":false},"excerpt":{"rendered":"<p>6 de fevereiro de 2024 | 11:006 de fevereiro de 2024 | 8:48 0 Come\u00e7ou nesta segunda-feira o julgamento de Daniel Alves, em Barcelona, na&#8230;<\/p>\n","protected":false},"author":1,"featured_media":35430,"comment_status":"open","ping_status":"open","sticky":false,"template":"","format":"standard","meta":{"advanced_seo_description":"","jetpack_seo_html_title":"","jetpack_seo_noindex":false,"jetpack_post_was_ever_published":false,"_jetpack_newsletter_access":"","_jetpack_dont_email_post_to_subs":false,"_jetpack_newsletter_tier_id":0,"_jetpack_memberships_contains_paywalled_content":false,"_jetpack_memberships_contains_paid_content":false,"footnotes":"","jetpack_publicize_message":"","jetpack_publicize_feature_enabled":true,"jetpack_social_post_already_shared":true,"jetpack_social_options":{"image_generator_settings":{"template":"highway","default_image_id":0,"font":"","enabled":false},"version":2}},"categories":[11],"tags":[4108,2268,664,544,4109,457,4107,2082,496,1549,529],"class_list":["post-35429","post","type-post","status-publish","format-standard","has-post-thumbnail","hentry","category-noticias-de-ribeirao-preto-sp-e-regiao-ismael-colosi","tag-aceita","tag-alves","tag-daniel","tag-defesa","tag-depor","tag-jogador","tag-juiza","tag-julgamento","tag-pedido","tag-quarta","tag-vai"],"jetpack_publicize_connections":[],"jetpack_featured_media_url":"https:\/\/i0.wp.com\/noticiasribeiraopreto.com.br\/wp-content\/uploads\/2024\/02\/daniel_alves_copa_do_mundo_do_catar_2022.jpg?fit=754%2C548&ssl=1","jetpack-related-posts":[{"id":29265,"url":"https:\/\/noticiasribeiraopreto.com.br\/index.php\/2024\/01\/17\/daniel-alves-muda-defesa-de-novo-e-apresenta-quinta-versao-dos-fatos-julgamento-acontece-em-fevereiro\/","url_meta":{"origin":35429,"position":0},"title":"Daniel Alves muda defesa de novo e apresenta quinta vers\u00e3o dos fatos; julgamento acontece em fevereiro","author":"noticiasribeiraopreto.com.br","date":"17 de January de 2024","format":false,"excerpt":"Perto do come\u00e7o do julgamento no caso de estupro, pelo qual segue preso preventivamente na Espanha, Daniel Alves voltou a chamar aten\u00e7\u00e3o da imprensa internacional.Acontece que a defesa do atleta mudou, mais uma vez, a vers\u00e3o sobre o que teria acontecido em dezembro de 2022. Segundo a den\u00fancia, Daniel Alves\u2026","rel":"","context":"In &quot;Blog&quot;","block_context":{"text":"Blog","link":"https:\/\/noticiasribeiraopreto.com.br\/index.php\/category\/blog\/"},"img":{"alt_text":"","src":"https:\/\/i0.wp.com\/noticiasribeiraopreto.com.br\/wp-content\/uploads\/2024\/01\/postimg-65a859c6e4df89850.jpg?fit=1200%2C628&ssl=1&resize=350%2C200","width":350,"height":200,"srcset":"https:\/\/i0.wp.com\/noticiasribeiraopreto.com.br\/wp-content\/uploads\/2024\/01\/postimg-65a859c6e4df89850.jpg?fit=1200%2C628&ssl=1&resize=350%2C200 1x, https:\/\/i0.wp.com\/noticiasribeiraopreto.com.br\/wp-content\/uploads\/2024\/01\/postimg-65a859c6e4df89850.jpg?fit=1200%2C628&ssl=1&resize=525%2C300 1.5x, https:\/\/i0.wp.com\/noticiasribeiraopreto.com.br\/wp-content\/uploads\/2024\/01\/postimg-65a859c6e4df89850.jpg?fit=1200%2C628&ssl=1&resize=700%2C400 2x, https:\/\/i0.wp.com\/noticiasribeiraopreto.com.br\/wp-content\/uploads\/2024\/01\/postimg-65a859c6e4df89850.jpg?fit=1200%2C628&ssl=1&resize=1050%2C600 3x"},"classes":[]},{"id":25011,"url":"https:\/\/noticiasribeiraopreto.com.br\/index.php\/2024\/01\/05\/jovem-que-denunciou-daniel-alves-abre-acao-contra-mae-do-jogador-apos-ter-nome-e-rosto-expostos\/","url_meta":{"origin":35429,"position":1},"title":"Jovem que denunciou Daniel Alves abre a\u00e7\u00e3o contra m\u00e3e do jogador ap\u00f3s ter nome e rosto expostos","author":"noticiasribeiraopreto.com.br","date":"5 de January de 2024","format":false,"excerpt":"Daniel Alves segue preso na Espanha enquanto aguarda julgamento no caso em que \u00e9 acusado de estupro. No entanto, a Justi\u00e7a do pa\u00eds vai ter mais trabalho com o caso, dessa vez com a m\u00e3e do jogador.Isso porque Maria Lucia Alves, m\u00e3e de Daniel, foi acionada pela mesma mo\u00e7a que\u2026","rel":"","context":"In &quot;Blog&quot;","block_context":{"text":"Blog","link":"https:\/\/noticiasribeiraopreto.com.br\/index.php\/category\/blog\/"},"img":{"alt_text":"","src":"https:\/\/i0.wp.com\/noticiasribeiraopreto.com.br\/wp-content\/uploads\/2024\/01\/postimg-659861939325c9012.jpg?fit=1200%2C628&ssl=1&resize=350%2C200","width":350,"height":200,"srcset":"https:\/\/i0.wp.com\/noticiasribeiraopreto.com.br\/wp-content\/uploads\/2024\/01\/postimg-659861939325c9012.jpg?fit=1200%2C628&ssl=1&resize=350%2C200 1x, https:\/\/i0.wp.com\/noticiasribeiraopreto.com.br\/wp-content\/uploads\/2024\/01\/postimg-659861939325c9012.jpg?fit=1200%2C628&ssl=1&resize=525%2C300 1.5x, https:\/\/i0.wp.com\/noticiasribeiraopreto.com.br\/wp-content\/uploads\/2024\/01\/postimg-659861939325c9012.jpg?fit=1200%2C628&ssl=1&resize=700%2C400 2x, https:\/\/i0.wp.com\/noticiasribeiraopreto.com.br\/wp-content\/uploads\/2024\/01\/postimg-659861939325c9012.jpg?fit=1200%2C628&ssl=1&resize=1050%2C600 3x"},"classes":[]},{"id":37668,"url":"https:\/\/noticiasribeiraopreto.com.br\/index.php\/2024\/02\/17\/detento-que-dividiu-cela-com-daniel-alves-faz-revelacao-chocante-sobre-o-jogador-vai-fugir-para-ver-mais\/","url_meta":{"origin":35429,"position":2},"title":"Detento que dividiu cela com Daniel Alves faz REVELA\u00c7\u00c3O CHOCANTE sobre o jogador: &#8220;Vai fugir para&#8230;Ver mais","author":"noticiasribeiraopreto.com.br","date":"17 de February de 2024","format":false,"excerpt":"Mais atualiza\u00e7\u00f5es sobre o caso do jogador Daniel Alves est\u00e3o rendendo coment\u00e1rios nas redes sociais. Agora, um detento que conviveu com Daniel revelou os planos do jogador sobre o julgamento. Segundo o homem, um plano de fuga foi tra\u00e7ado pela celebridade e a revela\u00e7\u00e3o \u00e9 bastante chocante. Daniel est\u00e1 detido\u2026","rel":"","context":"In &quot;Variedades&quot;","block_context":{"text":"Variedades","link":"https:\/\/noticiasribeiraopreto.com.br\/index.php\/category\/variedades\/"},"img":{"alt_text":"","src":"https:\/\/i0.wp.com\/noticiasribeiraopreto.com.br\/wp-content\/uploads\/2024\/02\/Apresentacao-sem-titulo-7.png?fit=960%2C540&ssl=1&resize=350%2C200","width":350,"height":200,"srcset":"https:\/\/i0.wp.com\/noticiasribeiraopreto.com.br\/wp-content\/uploads\/2024\/02\/Apresentacao-sem-titulo-7.png?fit=960%2C540&ssl=1&resize=350%2C200 1x, https:\/\/i0.wp.com\/noticiasribeiraopreto.com.br\/wp-content\/uploads\/2024\/02\/Apresentacao-sem-titulo-7.png?fit=960%2C540&ssl=1&resize=525%2C300 1.5x, https:\/\/i0.wp.com\/noticiasribeiraopreto.com.br\/wp-content\/uploads\/2024\/02\/Apresentacao-sem-titulo-7.png?fit=960%2C540&ssl=1&resize=700%2C400 2x"},"classes":[]},{"id":36451,"url":"https:\/\/noticiasribeiraopreto.com.br\/index.php\/2024\/02\/09\/julgamento-do-jogador-daniel-alves-chega-ao-fim-e-sentenca-e-revelada-ele-foi-ver-mais\/","url_meta":{"origin":35429,"position":3},"title":"Julgamento do jogador Daniel Alves chega ao fim e SENTEN\u00c7A \u00e9 revelada: &#8220;Ele foi&#8230;Ver mais","author":"noticiasribeiraopreto.com.br","date":"9 de February de 2024","format":false,"excerpt":"O julgamento do jogador Daniel Alves terminou nesta quarta-feira (7) e foi marcado por choros, senten\u00e7a pol\u00eamica e cerca de 28 testemunhas ouvidas ao longo do processo. Daniel foi acusado de ter rela\u00e7\u00f5es n\u00e3o consensuais por uma mulher em uma boate localizada em Barcelona. Logo ap\u00f3s a acusa\u00e7\u00e3o ser\u00edssima, a\u2026","rel":"","context":"In &quot;Variedades&quot;","block_context":{"text":"Variedades","link":"https:\/\/noticiasribeiraopreto.com.br\/index.php\/category\/variedades\/"},"img":{"alt_text":"","src":"https:\/\/i0.wp.com\/noticiasribeiraopreto.com.br\/wp-content\/uploads\/2024\/02\/Apresentacao-sem-titulo-5.png?fit=960%2C540&ssl=1&resize=350%2C200","width":350,"height":200,"srcset":"https:\/\/i0.wp.com\/noticiasribeiraopreto.com.br\/wp-content\/uploads\/2024\/02\/Apresentacao-sem-titulo-5.png?fit=960%2C540&ssl=1&resize=350%2C200 1x, https:\/\/i0.wp.com\/noticiasribeiraopreto.com.br\/wp-content\/uploads\/2024\/02\/Apresentacao-sem-titulo-5.png?fit=960%2C540&ssl=1&resize=525%2C300 1.5x, https:\/\/i0.wp.com\/noticiasribeiraopreto.com.br\/wp-content\/uploads\/2024\/02\/Apresentacao-sem-titulo-5.png?fit=960%2C540&ssl=1&resize=700%2C400 2x"},"classes":[]},{"id":35538,"url":"https:\/\/noticiasribeiraopreto.com.br\/index.php\/2024\/02\/06\/no-tribunal-daniel-alves-se-cansa-e-revela-aos-juizes-detalhes-chocantes-dizendo-que-ver-mais\/","url_meta":{"origin":35429,"position":4},"title":"No tribunal Daniel Alves SE CANSA e revela aos JU\u00cdZES detalhes CHOCANTES, dizendo que&#8230;Ver mais","author":"noticiasribeiraopreto.com.br","date":"6 de February de 2024","format":false,"excerpt":"O julgamento do jogador Daniel Alves est\u00e1 em andamento e fotos e detalhes exclusivos sobre o dia do crime est\u00e3o causando alvoro\u00e7o entre os internautas. Em seu segundo dia, o consumo de \u00e1lcool de forma exacerbada foi a pauta da audi\u00eancia j\u00e1 que h\u00e1 relatos do jogador estar muito b\u00eabado\u2026","rel":"","context":"In &quot;Variedades&quot;","block_context":{"text":"Variedades","link":"https:\/\/noticiasribeiraopreto.com.br\/index.php\/category\/variedades\/"},"img":{"alt_text":"","src":"https:\/\/i0.wp.com\/noticiasribeiraopreto.com.br\/wp-content\/uploads\/2024\/02\/Apresentacao-sem-titulo-4.png?fit=960%2C540&ssl=1&resize=350%2C200","width":350,"height":200,"srcset":"https:\/\/i0.wp.com\/noticiasribeiraopreto.com.br\/wp-content\/uploads\/2024\/02\/Apresentacao-sem-titulo-4.png?fit=960%2C540&ssl=1&resize=350%2C200 1x, https:\/\/i0.wp.com\/noticiasribeiraopreto.com.br\/wp-content\/uploads\/2024\/02\/Apresentacao-sem-titulo-4.png?fit=960%2C540&ssl=1&resize=525%2C300 1.5x, https:\/\/i0.wp.com\/noticiasribeiraopreto.com.br\/wp-content\/uploads\/2024\/02\/Apresentacao-sem-titulo-4.png?fit=960%2C540&ssl=1&resize=700%2C400 2x"},"classes":[]},{"id":71723,"url":"https:\/\/noticiasribeiraopreto.com.br\/index.php\/2025\/06\/09\/cid-e-primeiro-a-depor-em-audiencia-para-ouvir-reus-da-trama-golpista\/","url_meta":{"origin":35429,"position":5},"title":"Cid \u00e9 primeiro a depor em audi\u00eancia para ouvir r\u00e9us da trama golpista","author":"noticiasribeiraopreto.com.br","date":"9 de June de 2025","format":false,"excerpt":"9 de junho de 2025 15:070 Compartilhar0 O Supremo Tribunal Federal (STF) iniciou h\u00e1 pouco o primeiro dia dos interrogat\u00f3rios dos r\u00e9us do n\u00facleo 1 da trama golpista ocorrida durante o governo de Jair Bolsonaro.\u00a0Os r\u00e9us ser\u00e3o interrogados pelo ministro Alexandre de Moraes, relator da a\u00e7\u00e3o penal sobre a quest\u00e3o.\u2026","rel":"","context":"In &quot;Not\u00edcias de Ribeir\u00e3o Preto-SP e Regi\u00e3o&quot;","block_context":{"text":"Not\u00edcias de Ribeir\u00e3o Preto-SP e Regi\u00e3o","link":"https:\/\/noticiasribeiraopreto.com.br\/index.php\/category\/noticias-de-ribeirao-preto-sp-e-regiao-ismael-colosi\/"},"img":{"alt_text":"","src":"https:\/\/i0.wp.com\/noticiasribeiraopreto.com.br\/wp-content\/uploads\/2025\/06\/cid-scaled.jpeg?fit=800%2C479&ssl=1&resize=350%2C200","width":350,"height":200,"srcset":"https:\/\/i0.wp.com\/noticiasribeiraopreto.com.br\/wp-content\/uploads\/2025\/06\/cid-scaled.jpeg?fit=800%2C479&ssl=1&resize=350%2C200 1x, https:\/\/i0.wp.com\/noticiasribeiraopreto.com.br\/wp-content\/uploads\/2025\/06\/cid-scaled.jpeg?fit=800%2C479&ssl=1&resize=525%2C300 1.5x, https:\/\/i0.wp.com\/noticiasribeiraopreto.com.br\/wp-content\/uploads\/2025\/06\/cid-scaled.jpeg?fit=800%2C479&ssl=1&resize=700%2C400 2x"},"classes":[]}],"jetpack_sharing_enabled":true,"jetpack_shortlink":"https:\/\/wp.me\/peQAOb-9dr","_links":{"self":[{"href":"https:\/\/noticiasribeiraopreto.com.br\/index.php\/wp-json\/wp\/v2\/posts\/35429","targetHints":{"allow":["GET"]}}],"collection":[{"href":"https:\/\/noticiasribeiraopreto.com.br\/index.php\/wp-json\/wp\/v2\/posts"}],"about":[{"href":"https:\/\/noticiasribeiraopreto.com.br\/index.php\/wp-json\/wp\/v2\/types\/post"}],"author":[{"embeddable":true,"href":"https:\/\/noticiasribeiraopreto.com.br\/index.php\/wp-json\/wp\/v2\/users\/1"}],"replies":[{"embeddable":true,"href":"https:\/\/noticiasribeiraopreto.com.br\/index.php\/wp-json\/wp\/v2\/comments?post=35429"}],"version-history":[{"count":0,"href":"https:\/\/noticiasribeiraopreto.com.br\/index.php\/wp-json\/wp\/v2\/posts\/35429\/revisions"}],"wp:featuredmedia":[{"embeddable":true,"href":"https:\/\/noticiasribeiraopreto.com.br\/index.php\/wp-json\/wp\/v2\/media\/35430"}],"wp:attachment":[{"href":"https:\/\/noticiasribeiraopreto.com.br\/index.php\/wp-json\/wp\/v2\/media?parent=35429"}],"wp:term":[{"taxonomy":"category","embeddable":true,"href":"https:\/\/noticiasribeiraopreto.com.br\/index.php\/wp-json\/wp\/v2\/categories?post=35429"},{"taxonomy":"post_tag","embeddable":true,"href":"https:\/\/noticiasribeiraopreto.com.br\/index.php\/wp-json\/wp\/v2\/tags?post=35429"}],"curies":[{"name":"wp","href":"https:\/\/api.w.org\/{rel}","templated":true}]}}