{"id":35658,"date":"2024-02-07T02:16:30","date_gmt":"2024-02-07T05:16:30","guid":{"rendered":"https:\/\/noticiasribeiraopreto.com.br\/index.php\/2024\/02\/07\/exposicao-auto-retrato-alvo-retrato-processos-presentes-chega-a-rp\/"},"modified":"2024-02-07T02:16:30","modified_gmt":"2024-02-07T05:16:30","slug":"exposicao-auto-retrato-alvo-retrato-processos-presentes-chega-a-rp","status":"publish","type":"post","link":"https:\/\/noticiasribeiraopreto.com.br\/index.php\/2024\/02\/07\/exposicao-auto-retrato-alvo-retrato-processos-presentes-chega-a-rp\/","title":{"rendered":"Exposi\u00e7\u00e3o &#8220;Auto Retrato, Alvo Retrato: Processos Presentes&#8221; chega a RP"},"content":{"rendered":"<div class='code-block code-block-1' style='margin: 8px 0 8px auto; text-align: right; display: block; clear: both;'>\n<p><a href=\"https:\/\/wa.link\/vpicfd\"><img data-recalc-dims=\"1\" class=\"wp-image-4922\" style=\"aspect-ratio: 2.0253164556962027; width: 561px; height: auto;\" src=\"https:\/\/i0.wp.com\/ismaelcolosi.com.br\/wp-content\/uploads\/2023\/11\/grupo-de-empregos-whatsapp-e-facebook-ismael-colosi-vagas.jpg?ssl=1\" alt=\"\" \/><\/a><\/p>\n<!-- \/wp:image -->\n<\/div>\n<p> <br \/>\n<\/p>\n<div id=\"\">\n<p> <span class=\"entry-meta-item penci-posted-on\"><i class=\"fa fa-clock-o\"\/><time class=\"entry-date published updated\" datetime=\"2024-02-06T17:25:34-03:00\">6 de fevereiro de 2024 | 17:25<\/time><\/span><\/p>\n<p> <span class=\"penci-social-buttons penci-social-share-footer\"><a href=\"#\" class=\"penci-post-like penci_post-meta_item  single-like-button penci-social-item like\" data-post_id=\"372825\" title=\"Like\" data-like=\"Like\" data-unlike=\"Unlike\"><i class=\"fa fa-thumbs-o-up\"\/><span class=\"penci-share-number\">0<\/span><\/a><i class=\"fa fa-facebook\"\/><a class=\"penci-social-item twitter\" target=\"_blank\" rel=\"noopener\" title=\"\" href=\"https:\/\/twitter.com\/intent\/tweet?text=Exposi\u00e7\u00e3o%20-Auto%20Retrato,%20Alvo%20Retrato:%20Processos%20Presentes-%20chega%20a%20RP%20-%20https:\/\/www.tribunaribeirao.com.br\/site\/exposicao-auto-retrato-alvo-retrato-processos-presentes-chega-a-rp\/\"><i class=\"fa fa-twitter\"\/><\/a><i class=\"fa fa-whatsapp\"\/><\/span><\/div>\n<div>\n<p>\u201cAuto Retrato, Alvo Retrato: Processos Presentes\u201d \u00e9 estruturada em dois eixos metaf\u00f3ricos que d\u00e3o nome \u00e0 exposi\u00e7\u00e3o, refletindo sobre a import\u00e2ncia de olhar para o passado para tra\u00e7ar nosso caminho.<\/p>\n<p>Buscando ressaltar a produ\u00e7\u00e3o continua e sempre existe de artistas negros nos interiores paulistas, o projeto mergulha no legado art\u00edstico de Maria Helena Ramos e Jaime Domingos Cruz Macal\u00e9 artistas refer\u00eancias e dos artistas e curadores Emaye Natalia Marques e Betto Souza, a exposi\u00e7\u00e3o \u201cAuto Retrato, Alvo Retrato: Processos Presentes\u201d traz \u00e0 tona 30 obras que exploram mem\u00f3rias, ancestralidades, resist\u00eancias e afetividades.<\/p>\n<p>A abertura acontecer\u00e1 a partir das 18 horas, no Espa\u00e7o Cultural do IEA-RP, localizado na Rua Pedreira de Freitas, 20 \u2013 Campus da USP \u2013 Vila Monte Alegre, com entrada gratuita. Ap\u00f3s a cerim\u00f4nia de abertura, haver\u00e1 um bate-papo com os artistas, curadores e p\u00fablico presente.<\/p>\n<p>\u201cEm 2024, o mestre Macal\u00e9 chega a 50 d\u00e9cadas de vasta produ\u00e7\u00e3o art\u00edstica, moldada em muita pesquisa-processo, que captura rela\u00e7\u00f5es do cotidiano, do social, da ancestralidade \u00c1frica, tudo isso em meio s\u00e9culo de criatividade. Por isso, estamos neste projeto tamb\u00e9m saudando seu legado em obra e gesto. S\u00e3o centenas de pinturas em diversos suportes, esculturas sobre diversos materiais, instala\u00e7\u00f5es, cen\u00e1rios, exposi\u00e7\u00f5es, casas, escolas. Como artista educador, o mestre Macal\u00e9 inaugura possibilidades, verdadeiras instala\u00e7\u00f5es educativas que no gesto da urg\u00eancia, elaboram alternativas, fazer o pincel, o chassi, a tela, experi\u00eancias que atravessam gera\u00e7\u00f5es\u201d, detalha Betto Souza.<\/p>\n<p><strong>Servi\u00e7o<\/strong><\/p>\n<p>Exposi\u00e7\u00e3o <strong>\u201cAuto Retrato, Alvo Retrato: Processos Presentes\u201d<\/strong><\/p>\n<p>Quarta -feira, dia 07\/02<\/p>\n<p>Espa\u00e7o Cultural do IEA-RP, localizado na Rua Pedreira de Freitas, 20 \u2013 Campus da USP \u2013 Vila Monte Alegre.<\/p>\n<p>\u00a0<\/p>\n<p>\u00a0<\/p>\n<p>\u00a0<\/p>\n<p>\u00a0<\/p>\n<p>\u00a0<\/p>\n<p>\u00a0<\/p>\n<p>\u00a0<\/p>\n<p>\u00a0<\/p>\n<p>\u00a0<\/p>\n<\/div>\n<p><script async src=\"\/\/platform.twitter.com\/widgets.js\" charset=\"utf-8\"><\/script><br \/>\n<br \/><br \/>\n<br \/><a href=\"https:\/\/www.tribunaribeirao.com.br\/site\/exposicao-auto-retrato-alvo-retrato-processos-presentes-chega-a-rp\/\">Source link <\/a><\/p>\n<!-- CONTENT END 1 -->\n","protected":false},"excerpt":{"rendered":"<p>6 de fevereiro de 2024 | 17:25 0 \u201cAuto Retrato, Alvo Retrato: Processos Presentes\u201d \u00e9 estruturada em dois eixos metaf\u00f3ricos que d\u00e3o nome \u00e0 exposi\u00e7\u00e3o,&#8230;<\/p>\n","protected":false},"author":1,"featured_media":35659,"comment_status":"open","ping_status":"open","sticky":false,"template":"","format":"standard","meta":{"advanced_seo_description":"","jetpack_seo_html_title":"","jetpack_seo_noindex":false,"jetpack_post_was_ever_published":false,"_jetpack_newsletter_access":"","_jetpack_dont_email_post_to_subs":false,"_jetpack_newsletter_tier_id":0,"_jetpack_memberships_contains_paywalled_content":false,"_jetpack_memberships_contains_paid_content":false,"footnotes":"","jetpack_publicize_message":"","jetpack_publicize_feature_enabled":true,"jetpack_social_post_already_shared":true,"jetpack_social_options":{"image_generator_settings":{"template":"highway","default_image_id":0,"font":"","enabled":false},"version":2}},"categories":[11],"tags":[2020,4127,531,3189,2670,3783,4128],"class_list":["post-35658","post","type-post","status-publish","format-standard","has-post-thumbnail","hentry","category-noticias-de-ribeirao-preto-sp-e-regiao-ismael-colosi","tag-alvo","tag-auto","tag-chega","tag-exposicao","tag-presentes","tag-processos","tag-retrato"],"jetpack_publicize_connections":[],"jetpack_featured_media_url":"https:\/\/i0.wp.com\/noticiasribeiraopreto.com.br\/wp-content\/uploads\/2024\/02\/Foto-Divulgacao-scaled.jpg?fit=967%2C645&ssl=1","jetpack-related-posts":[{"id":37660,"url":"https:\/\/noticiasribeiraopreto.com.br\/index.php\/2024\/02\/17\/exposicao-reune-artes-afro-brasileiras-no-campus-da-usp-ribeirao\/","url_meta":{"origin":35658,"position":0},"title":"Exposi\u00e7\u00e3o re\u00fane artes afro-brasileiras no Campus da USP Ribeir\u00e3o","author":"noticiasribeiraopreto.com.br","date":"17 de February de 2024","format":false,"excerpt":"A mostra de arte afro-brasileira \u201cAuto Retrato, Alvo Retrato: Processos Presentes\u201d est\u00e1 em exposi\u00e7\u00e3o no Instituto de Estudos Avan\u00e7ados da USP Ribeir\u00e3o Preto (Iearp) at\u00e9 o dia 29 de fevereiro. A entrada \u00e9 de gra\u00e7a. As 30 obras j\u00e1 passaram por quatro cidades na regi\u00e3o de Ribeir\u00e3o Preto e ressaltam\u2026","rel":"","context":"In &quot;Not\u00edcias de Ribeir\u00e3o Preto-SP e Regi\u00e3o&quot;","block_context":{"text":"Not\u00edcias de Ribeir\u00e3o Preto-SP e Regi\u00e3o","link":"https:\/\/noticiasribeiraopreto.com.br\/index.php\/category\/noticias-de-ribeirao-preto-sp-e-regiao-ismael-colosi\/"},"img":{"alt_text":"","src":"https:\/\/i0.wp.com\/noticiasribeiraopreto.com.br\/wp-content\/uploads\/2024\/02\/3-4.jpg?fit=1200%2C675&ssl=1&resize=350%2C200","width":350,"height":200,"srcset":"https:\/\/i0.wp.com\/noticiasribeiraopreto.com.br\/wp-content\/uploads\/2024\/02\/3-4.jpg?fit=1200%2C675&ssl=1&resize=350%2C200 1x, https:\/\/i0.wp.com\/noticiasribeiraopreto.com.br\/wp-content\/uploads\/2024\/02\/3-4.jpg?fit=1200%2C675&ssl=1&resize=525%2C300 1.5x, https:\/\/i0.wp.com\/noticiasribeiraopreto.com.br\/wp-content\/uploads\/2024\/02\/3-4.jpg?fit=1200%2C675&ssl=1&resize=700%2C400 2x, https:\/\/i0.wp.com\/noticiasribeiraopreto.com.br\/wp-content\/uploads\/2024\/02\/3-4.jpg?fit=1200%2C675&ssl=1&resize=1050%2C600 3x"},"classes":[]},{"id":60124,"url":"https:\/\/noticiasribeiraopreto.com.br\/index.php\/2024\/11\/06\/oficinas-desvendam-a-importancia-da-obra-do-artista-macale-para-ribeirao-preto\/","url_meta":{"origin":35658,"position":1},"title":"Oficinas desvendam a import\u00e2ncia da obra do artista Macal\u00e9 para Ribeir\u00e3o Preto","author":"noticiasribeiraopreto.com.br","date":"6 de November de 2024","format":false,"excerpt":"O Sesc Ribeir\u00e3o Preto entre 7 e 21 de novembro a s\u00e9rie de oficinas \u201cRetratos\u201d, que tem o intuito de retratar a obra e a vida do artista pl\u00e1stico Macal\u00e9. Ele estar\u00e1 presente no encerramento para um bate-papo e, tamb\u00e9m, na exposi\u00e7\u00e3o dos trabalhos realizados durante as aulas. As atividades\u2026","rel":"","context":"In &quot;Not\u00edcias de Ribeir\u00e3o Preto-SP e Regi\u00e3o&quot;","block_context":{"text":"Not\u00edcias de Ribeir\u00e3o Preto-SP e Regi\u00e3o","link":"https:\/\/noticiasribeiraopreto.com.br\/index.php\/category\/noticias-de-ribeirao-preto-sp-e-regiao-ismael-colosi\/"},"img":{"alt_text":"","src":"https:\/\/i0.wp.com\/noticiasribeiraopreto.com.br\/wp-content\/uploads\/2024\/11\/11.2024-Artes-Visuais-Retratos-4-664x332-1_2024-11-06_16-18-02_png_2024-11-06_16-18-02.webp.webp?fit=664%2C332&ssl=1&resize=350%2C200","width":350,"height":200,"srcset":"https:\/\/i0.wp.com\/noticiasribeiraopreto.com.br\/wp-content\/uploads\/2024\/11\/11.2024-Artes-Visuais-Retratos-4-664x332-1_2024-11-06_16-18-02_png_2024-11-06_16-18-02.webp.webp?fit=664%2C332&ssl=1&resize=350%2C200 1x, https:\/\/i0.wp.com\/noticiasribeiraopreto.com.br\/wp-content\/uploads\/2024\/11\/11.2024-Artes-Visuais-Retratos-4-664x332-1_2024-11-06_16-18-02_png_2024-11-06_16-18-02.webp.webp?fit=664%2C332&ssl=1&resize=525%2C300 1.5x"},"classes":[]},{"id":9683,"url":"https:\/\/noticiasribeiraopreto.com.br\/index.php\/2023\/12\/02\/veja-as-fotos-da-chegada-do-papai-noel-ao-centro-de-ribeirao-1\/","url_meta":{"origin":35658,"position":2},"title":"Veja as fotos da chegada do Papai Noel ao Centro de Ribeir\u00e3o","author":"noticiasribeiraopreto.com.br","date":"2 de December de 2023","format":false,"excerpt":"O Papai Noel chegou ao Centro de Ribeir\u00e3o Preto, na manh\u00e3 deste s\u00e1bado (2), acompanhado de banda musical, elfos e outros seres m\u00e1gicos, que alegraram o dia dos adultos e crian\u00e7as que passaram pelo Cal\u00e7ad\u00e3o. O evento foi o in\u00edcio da 21\u00aa edi\u00e7\u00e3o da campanha Natal Luz da Associa\u00e7\u00e3o Comercial\u2026","rel":"","context":"In &quot;Not\u00edcias de Ribeir\u00e3o Preto-SP e Regi\u00e3o&quot;","block_context":{"text":"Not\u00edcias de Ribeir\u00e3o Preto-SP e Regi\u00e3o","link":"https:\/\/noticiasribeiraopreto.com.br\/index.php\/category\/noticias-de-ribeirao-preto-sp-e-regiao-ismael-colosi\/"},"img":{"alt_text":"","src":"https:\/\/i0.wp.com\/noticiasribeiraopreto.com.br\/wp-content\/uploads\/2023\/12\/IGOR6945-scaled.jpg?fit=1200%2C800&ssl=1&resize=350%2C200","width":350,"height":200,"srcset":"https:\/\/i0.wp.com\/noticiasribeiraopreto.com.br\/wp-content\/uploads\/2023\/12\/IGOR6945-scaled.jpg?fit=1200%2C800&ssl=1&resize=350%2C200 1x, https:\/\/i0.wp.com\/noticiasribeiraopreto.com.br\/wp-content\/uploads\/2023\/12\/IGOR6945-scaled.jpg?fit=1200%2C800&ssl=1&resize=525%2C300 1.5x, https:\/\/i0.wp.com\/noticiasribeiraopreto.com.br\/wp-content\/uploads\/2023\/12\/IGOR6945-scaled.jpg?fit=1200%2C800&ssl=1&resize=700%2C400 2x, https:\/\/i0.wp.com\/noticiasribeiraopreto.com.br\/wp-content\/uploads\/2023\/12\/IGOR6945-scaled.jpg?fit=1200%2C800&ssl=1&resize=1050%2C600 3x"},"classes":[]},{"id":50921,"url":"https:\/\/noticiasribeiraopreto.com.br\/index.php\/2024\/05\/21\/retrato-de-um-certo-oriente-baseado-no-livro-de-milton-hatoum-ganha-trailer-inedito\/","url_meta":{"origin":35658,"position":3},"title":"Retrato de Um Certo Oriente, baseado no livro de Milton Hatoum, ganha trailer in\u00e9dito","author":"noticiasribeiraopreto.com.br","date":"21 de May de 2024","format":false,"excerpt":"Casa \/ Cinema \/ Retrato de Um Certo Oriente, baseado no livro de Milton Hatoum, ganha trailer in\u00e9ditoRetrato de Um Certo Oriente, baseado no livro de Milton Hatoum, ganha trailer in\u00e9ditoProdu\u00e7\u00e3o dirigida por Marcelo Gomes, diretor de Cinema, Aspirinas e Urubus, que estreou no International Film Festival Rotterdam, foi exibido\u2026","rel":"","context":"In &quot;Not\u00edcias de Ribeir\u00e3o Preto-SP e Regi\u00e3o&quot;","block_context":{"text":"Not\u00edcias de Ribeir\u00e3o Preto-SP e Regi\u00e3o","link":"https:\/\/noticiasribeiraopreto.com.br\/index.php\/category\/noticias-de-ribeirao-preto-sp-e-regiao-ismael-colosi\/"},"img":{"alt_text":"","src":"https:\/\/i0.wp.com\/noticiasribeiraopreto.com.br\/wp-content\/uploads\/2024\/05\/handler-6.jpeg?fit=1200%2C836&ssl=1&resize=350%2C200","width":350,"height":200,"srcset":"https:\/\/i0.wp.com\/noticiasribeiraopreto.com.br\/wp-content\/uploads\/2024\/05\/handler-6.jpeg?fit=1200%2C836&ssl=1&resize=350%2C200 1x, https:\/\/i0.wp.com\/noticiasribeiraopreto.com.br\/wp-content\/uploads\/2024\/05\/handler-6.jpeg?fit=1200%2C836&ssl=1&resize=525%2C300 1.5x, https:\/\/i0.wp.com\/noticiasribeiraopreto.com.br\/wp-content\/uploads\/2024\/05\/handler-6.jpeg?fit=1200%2C836&ssl=1&resize=700%2C400 2x, https:\/\/i0.wp.com\/noticiasribeiraopreto.com.br\/wp-content\/uploads\/2024\/05\/handler-6.jpeg?fit=1200%2C836&ssl=1&resize=1050%2C600 3x"},"classes":[]},{"id":51316,"url":"https:\/\/noticiasribeiraopreto.com.br\/index.php\/2024\/05\/25\/utm_sourcerssutm_mediumrssutm_campaignretrato-de-um-certo-oriente-baseado-no-livro-de-milton-hatoum-ganha-trailer-inedito\/","url_meta":{"origin":35658,"position":4},"title":"Retrato de Um Certo Oriente, baseado no livro de Milton Hatoum, ganha trailer in\u00e9dito","author":"noticiasribeiraopreto.com.br","date":"25 de May de 2024","format":false,"excerpt":"Casa \/ Cinema \/ Retrato de Um Certo Oriente, baseado no livro de Milton Hatoum, ganha trailer in\u00e9ditoRetrato de Um Certo Oriente, baseado no livro de Milton Hatoum, ganha trailer in\u00e9ditoProdu\u00e7\u00e3o dirigida por Marcelo Gomes, diretor de Cinema, Aspirinas e Urubus, que estreou no International Film Festival Rotterdam, foi exibido\u2026","rel":"","context":"In &quot;Not\u00edcias de Ribeir\u00e3o Preto-SP e Regi\u00e3o&quot;","block_context":{"text":"Not\u00edcias de Ribeir\u00e3o Preto-SP e Regi\u00e3o","link":"https:\/\/noticiasribeiraopreto.com.br\/index.php\/category\/noticias-de-ribeirao-preto-sp-e-regiao-ismael-colosi\/"},"img":{"alt_text":"","src":"","width":0,"height":0},"classes":[]},{"id":43184,"url":"https:\/\/noticiasribeiraopreto.com.br\/index.php\/2024\/03\/19\/orquestra-sinfonica-de-ribeirao-preto-e-homenageada-com-exposicao-a-ceu-aberto\/","url_meta":{"origin":35658,"position":5},"title":"Orquestra Sinf\u00f4nica de Ribeir\u00e3o Preto \u00e9 homenageada com exposi\u00e7\u00e3o a c\u00e9u aberto","author":"noticiasribeiraopreto.com.br","date":"19 de March de 2024","format":false,"excerpt":"Uma exposi\u00e7\u00e3o com fotos hist\u00f3ricas que retratam a trajet\u00f3ria dos 100 anos da Orquestra Sinf\u00f4nica de Ribeir\u00e3o Preto ser\u00e1 inaugurada nesta quinta-feira (20), em uma \u00e1rea aberta na alameda Gustavo Simioni, na Vila do Golf, zona Sul de Ribeir\u00e3o Preto. Durante o evento, que come\u00e7a \u00e0s 19h, o quarteto de\u2026","rel":"","context":"In &quot;Not\u00edcias de Ribeir\u00e3o Preto-SP e Regi\u00e3o&quot;","block_context":{"text":"Not\u00edcias de Ribeir\u00e3o Preto-SP e Regi\u00e3o","link":"https:\/\/noticiasribeiraopreto.com.br\/index.php\/category\/noticias-de-ribeirao-preto-sp-e-regiao-ismael-colosi\/"},"img":{"alt_text":"","src":"https:\/\/i0.wp.com\/noticiasribeiraopreto.com.br\/wp-content\/uploads\/2024\/03\/Copia-de-Copia-de-TAMANHO-EXATO-PARA-FOTOS-NO-SISTEMA-NOVO-69.jpg?fit=1200%2C675&ssl=1&resize=350%2C200","width":350,"height":200,"srcset":"https:\/\/i0.wp.com\/noticiasribeiraopreto.com.br\/wp-content\/uploads\/2024\/03\/Copia-de-Copia-de-TAMANHO-EXATO-PARA-FOTOS-NO-SISTEMA-NOVO-69.jpg?fit=1200%2C675&ssl=1&resize=350%2C200 1x, https:\/\/i0.wp.com\/noticiasribeiraopreto.com.br\/wp-content\/uploads\/2024\/03\/Copia-de-Copia-de-TAMANHO-EXATO-PARA-FOTOS-NO-SISTEMA-NOVO-69.jpg?fit=1200%2C675&ssl=1&resize=525%2C300 1.5x, https:\/\/i0.wp.com\/noticiasribeiraopreto.com.br\/wp-content\/uploads\/2024\/03\/Copia-de-Copia-de-TAMANHO-EXATO-PARA-FOTOS-NO-SISTEMA-NOVO-69.jpg?fit=1200%2C675&ssl=1&resize=700%2C400 2x, https:\/\/i0.wp.com\/noticiasribeiraopreto.com.br\/wp-content\/uploads\/2024\/03\/Copia-de-Copia-de-TAMANHO-EXATO-PARA-FOTOS-NO-SISTEMA-NOVO-69.jpg?fit=1200%2C675&ssl=1&resize=1050%2C600 3x"},"classes":[]}],"jetpack_sharing_enabled":true,"jetpack_shortlink":"https:\/\/wp.me\/peQAOb-9h8","_links":{"self":[{"href":"https:\/\/noticiasribeiraopreto.com.br\/index.php\/wp-json\/wp\/v2\/posts\/35658","targetHints":{"allow":["GET"]}}],"collection":[{"href":"https:\/\/noticiasribeiraopreto.com.br\/index.php\/wp-json\/wp\/v2\/posts"}],"about":[{"href":"https:\/\/noticiasribeiraopreto.com.br\/index.php\/wp-json\/wp\/v2\/types\/post"}],"author":[{"embeddable":true,"href":"https:\/\/noticiasribeiraopreto.com.br\/index.php\/wp-json\/wp\/v2\/users\/1"}],"replies":[{"embeddable":true,"href":"https:\/\/noticiasribeiraopreto.com.br\/index.php\/wp-json\/wp\/v2\/comments?post=35658"}],"version-history":[{"count":0,"href":"https:\/\/noticiasribeiraopreto.com.br\/index.php\/wp-json\/wp\/v2\/posts\/35658\/revisions"}],"wp:featuredmedia":[{"embeddable":true,"href":"https:\/\/noticiasribeiraopreto.com.br\/index.php\/wp-json\/wp\/v2\/media\/35659"}],"wp:attachment":[{"href":"https:\/\/noticiasribeiraopreto.com.br\/index.php\/wp-json\/wp\/v2\/media?parent=35658"}],"wp:term":[{"taxonomy":"category","embeddable":true,"href":"https:\/\/noticiasribeiraopreto.com.br\/index.php\/wp-json\/wp\/v2\/categories?post=35658"},{"taxonomy":"post_tag","embeddable":true,"href":"https:\/\/noticiasribeiraopreto.com.br\/index.php\/wp-json\/wp\/v2\/tags?post=35658"}],"curies":[{"name":"wp","href":"https:\/\/api.w.org\/{rel}","templated":true}]}}