{"id":35674,"date":"2024-02-07T04:17:53","date_gmt":"2024-02-07T07:17:53","guid":{"rendered":"https:\/\/noticiasribeiraopreto.com.br\/index.php\/2024\/02\/07\/ataques-de-escorpioes-batem-recorde-em-sp\/"},"modified":"2024-02-07T04:17:53","modified_gmt":"2024-02-07T07:17:53","slug":"ataques-de-escorpioes-batem-recorde-em-sp","status":"publish","type":"post","link":"https:\/\/noticiasribeiraopreto.com.br\/index.php\/2024\/02\/07\/ataques-de-escorpioes-batem-recorde-em-sp\/","title":{"rendered":"Ataques de escorpi\u00f5es batem recorde em SP\u00a0"},"content":{"rendered":"<div class='code-block code-block-1' style='margin: 8px 0 8px auto; text-align: right; display: block; clear: both;'>\n<p><a href=\"https:\/\/wa.link\/vpicfd\"><img data-recalc-dims=\"1\" class=\"wp-image-4922\" style=\"aspect-ratio: 2.0253164556962027; width: 561px; height: auto;\" src=\"https:\/\/i0.wp.com\/ismaelcolosi.com.br\/wp-content\/uploads\/2023\/11\/grupo-de-empregos-whatsapp-e-facebook-ismael-colosi-vagas.jpg?ssl=1\" alt=\"\" \/><\/a><\/p>\n<!-- \/wp:image -->\n<\/div>\n<p> <br \/>\n<\/p>\n<div id=\"\">\n<p> <span class=\"entry-meta-item penci-posted-on\"><i class=\"fa fa-clock-o\"\/><time class=\"entry-date published\" datetime=\"2024-02-06T16:00:21-03:00\">6 de fevereiro de 2024 | 16:00<\/time><time class=\"updated\" datetime=\"2024-02-06T08:48:44-03:00\">6 de fevereiro de 2024 | 8:48<\/time><\/span><\/p>\n<p> <span class=\"penci-social-buttons penci-social-share-footer\"><a href=\"#\" class=\"penci-post-like penci_post-meta_item  single-like-button penci-social-item like\" data-post_id=\"372724\" title=\"Like\" data-like=\"Like\" data-unlike=\"Unlike\"><i class=\"fa fa-thumbs-o-up\"\/><span class=\"penci-share-number\">0<\/span><\/a><i class=\"fa fa-facebook\"\/><a class=\"penci-social-item twitter\" target=\"_blank\" rel=\"noopener\" title=\"\" href=\"https:\/\/twitter.com\/intent\/tweet?text=Ataques%20de%20escorpi\u00f5es%20batem%20recorde%20em%20SP\u00a0%20-%20https:\/\/www.tribunaribeirao.com.br\/site\/ataques-de-escorpioes-batem-recorde-em-sp\/\"><i class=\"fa fa-twitter\"\/><\/a><i class=\"fa fa-whatsapp\"\/><\/span><\/div>\n<div>\n<p><span class=\"TextRun SCXW258134371 BCX0\" lang=\"PT-BR\" xml:lang=\"PT-BR\" data-contrast=\"auto\"><span class=\"NormalTextRun SCXW258134371 BCX0\">O Estado de S\u00e3o Paulo registrou um recorde hist\u00f3rico de ataques de escorpi\u00f5es em 2023, com 49.381 casos, segundo a Secretaria Estadual de Sa\u00fade. O n\u00famero de ocorr\u00eancias \u00e9 o mais alto desde 1988, quando foi iniciada a estat\u00edstica, e 13% maior do que o recorde anterior, em 2022, quando houve 43.817 casos. Em rela\u00e7\u00e3o aos \u00f3bitos, foram <\/span><span class=\"NormalTextRun SCXW258134371 BCX0\">sete<\/span><span class=\"NormalTextRun SCXW258134371 BCX0\"> em 2023 contra <\/span><span class=\"NormalTextRun SCXW258134371 BCX0\">onze<\/span><span class=\"NormalTextRun SCXW258134371 BCX0\"> em 2022.<\/span><\/span><span class=\"LineBreakBlob BlobObject DragDrop SCXW258134371 BCX0\"><span class=\"SCXW258134371 BCX0\">\u00a0<\/span><br class=\"SCXW258134371 BCX0\"\/><\/span><span class=\"LineBreakBlob BlobObject DragDrop SCXW258134371 BCX0\"><span class=\"SCXW258134371 BCX0\">\u00a0<\/span><br class=\"SCXW258134371 BCX0\"\/><\/span><span class=\"TextRun SCXW258134371 BCX0\" lang=\"PT-BR\" xml:lang=\"PT-BR\" data-contrast=\"auto\"><span class=\"NormalTextRun SCXW258134371 BCX0\">De acordo com a Secretaria Estadual de Sa\u00fade, h\u00e1 213 pontos com soro para o atendimento dos acidentados com escorpi\u00f5es. Em entrevista \u00e0 R\u00e1dio Eldorado, o veterin\u00e1rio Thiago <\/span><span class=\"NormalTextRun SpellingErrorV2Themed SCXW258134371 BCX0\">Chiariello<\/span><span class=\"NormalTextRun SCXW258134371 BCX0\">, do Biot\u00e9rio de Artr\u00f3podes do Instituto <\/span><span class=\"NormalTextRun SCXW258134371 BCX0\">Butantan<\/span><span class=\"NormalTextRun SCXW258134371 BCX0\">, disse que o crescimento urbano desordenado e a falta de um maior cuidado com o lixo est\u00e3o entre as causas que facilitam a prolifera\u00e7\u00e3o de escorpi\u00f5es, que se alimentam principalmente de baratas.<\/span><\/span><span class=\"LineBreakBlob BlobObject DragDrop SCXW258134371 BCX0\"><span class=\"SCXW258134371 BCX0\">\u00a0<\/span><br class=\"SCXW258134371 BCX0\"\/><\/span><span class=\"LineBreakBlob BlobObject DragDrop SCXW258134371 BCX0\"><span class=\"SCXW258134371 BCX0\">\u00a0<\/span><br class=\"SCXW258134371 BCX0\"\/><\/span><span class=\"TextRun SCXW258134371 BCX0\" lang=\"PT-BR\" xml:lang=\"PT-BR\" data-contrast=\"auto\"><span class=\"NormalTextRun SCXW258134371 BCX0\">Segundo ele, \u00e9 preciso ter mais aten\u00e7\u00e3o com as crian\u00e7as, que nem sempre sabem que foram picadas por escorpi\u00f5es. Os sintomas mais comuns da picada s\u00e3o: sensa\u00e7\u00e3o intensa de ard\u00eancia e dor no local, incha\u00e7o, vermelhid\u00e3o e coceira na regi\u00e3o atingida. Em casos mais graves, a rea\u00e7\u00e3o evolui para febre e, em situa\u00e7\u00f5es extremas, choque anafil\u00e1tico. O contato geralmente acontece quando a pessoa pisa ou toca acidentalmente no animal, gerando uma rea\u00e7\u00e3o defensiva por parte dele.<\/span><\/span><span class=\"LineBreakBlob BlobObject DragDrop SCXW258134371 BCX0\"><span class=\"SCXW258134371 BCX0\">\u00a0<\/span><br class=\"SCXW258134371 BCX0\"\/><\/span><span class=\"LineBreakBlob BlobObject DragDrop SCXW258134371 BCX0\"><span class=\"SCXW258134371 BCX0\">\u00a0<\/span><br class=\"SCXW258134371 BCX0\"\/><\/span><span class=\"TextRun SCXW258134371 BCX0\" lang=\"PT-BR\" xml:lang=\"PT-BR\" data-contrast=\"auto\"><span class=\"NormalTextRun SCXW258134371 BCX0\">Ribeir\u00e3o Preto encerrou o ano passado com recorde absoluto de ocorr\u00eancias envolvendo ataques de escorpi\u00e3o. Pela primeira vez, o total superou a barreira de dois mil casos. Fechou o per\u00edodo com 2.030 atendimentos, contra 1.808 de 2022, alta de 12,28% e 222 a mais. Desde 2012, a cidade j\u00e1 registrou 10.582 ocorr\u00eancias envolvendo escorpi\u00f5es, duas por dia. <\/span><\/span><span class=\"LineBreakBlob BlobObject DragDrop SCXW258134371 BCX0\"><span class=\"SCXW258134371 BCX0\">\u00a0<\/span><br class=\"SCXW258134371 BCX0\"\/><\/span><span class=\"LineBreakBlob BlobObject DragDrop SCXW258134371 BCX0\"><span class=\"SCXW258134371 BCX0\">\u00a0<\/span><br class=\"SCXW258134371 BCX0\"\/><\/span><span class=\"TextRun SCXW258134371 BCX0\" lang=\"PT-BR\" xml:lang=\"PT-BR\" data-contrast=\"auto\"><span class=\"NormalTextRun SCXW258134371 BCX0\"><strong>Mortes<\/strong> \u2013<\/span><\/span><span class=\"TextRun SCXW258134371 BCX0\" lang=\"PT-BR\" xml:lang=\"PT-BR\" data-contrast=\"auto\"><span class=\"NormalTextRun SCXW258134371 BCX0\"> Ribeir\u00e3o Preto fechou o ano passado com duas mortes por ataque de escorpi\u00e3o. Um menino de seis anos morreu em 19 de agosto, ap\u00f3s ter sido picado por um escorpi\u00e3o dentro de seu quarto, na cama, na Vila Carvalho, Zona Norte da cidade. <\/span><\/span><span class=\"LineBreakBlob BlobObject DragDrop SCXW258134371 BCX0\"><span class=\"SCXW258134371 BCX0\">\u00a0<\/span><br class=\"SCXW258134371 BCX0\"\/><\/span><span class=\"LineBreakBlob BlobObject DragDrop SCXW258134371 BCX0\"><span class=\"SCXW258134371 BCX0\">\u00a0<\/span><br class=\"SCXW258134371 BCX0\"\/><\/span><span class=\"TextRun SCXW258134371 BCX0\" lang=\"PT-BR\" xml:lang=\"PT-BR\" data-contrast=\"auto\"><span class=\"NormalTextRun SCXW258134371 BCX0\">Um m\u00eas antes, em 19 de julho, uma menina de quatro anos morreu ap\u00f3s ataque no Jardim Jandaia, na mesma regi\u00e3o. Em doze anos, foram constatados, em Ribeir\u00e3o Preto, seis \u00f3bitos em decorr\u00eancia de picadas de escorpi\u00e3o: um em 2018, outro em 2020, dois em 2021 e dois em 2023.<\/span><\/span><span class=\"LineBreakBlob BlobObject DragDrop SCXW258134371 BCX0\"><span class=\"SCXW258134371 BCX0\">\u00a0<\/span><br class=\"SCXW258134371 BCX0\"\/><\/span><span class=\"LineBreakBlob BlobObject DragDrop SCXW258134371 BCX0\"><span class=\"SCXW258134371 BCX0\">\u00a0<\/span><br class=\"SCXW258134371 BCX0\"\/><\/span><\/p>\n<\/div>\n<p><script async src=\"\/\/platform.twitter.com\/widgets.js\" charset=\"utf-8\"><\/script><br \/>\n<br \/><br \/>\n<br \/><a href=\"https:\/\/www.tribunaribeirao.com.br\/site\/ataques-de-escorpioes-batem-recorde-em-sp\/\">Source link <\/a><\/p>\n<!-- CONTENT END 1 -->\n","protected":false},"excerpt":{"rendered":"<p>6 de fevereiro de 2024 | 16:006 de fevereiro de 2024 | 8:48 0 O Estado de S\u00e3o Paulo registrou um recorde hist\u00f3rico de ataques&#8230;<\/p>\n","protected":false},"author":1,"featured_media":35675,"comment_status":"open","ping_status":"open","sticky":false,"template":"","format":"standard","meta":{"advanced_seo_description":"","jetpack_seo_html_title":"","jetpack_seo_noindex":false,"jetpack_post_was_ever_published":false,"_jetpack_newsletter_access":"","_jetpack_dont_email_post_to_subs":false,"_jetpack_newsletter_tier_id":0,"_jetpack_memberships_contains_paywalled_content":false,"_jetpack_memberships_contains_paid_content":false,"footnotes":"","jetpack_publicize_message":"","jetpack_publicize_feature_enabled":true,"jetpack_social_post_already_shared":true,"jetpack_social_options":{"image_generator_settings":{"template":"highway","default_image_id":0,"font":"","enabled":false},"version":2}},"categories":[11],"tags":[3364,1094,791,241],"class_list":["post-35674","post","type-post","status-publish","format-standard","has-post-thumbnail","hentry","category-noticias-de-ribeirao-preto-sp-e-regiao-ismael-colosi","tag-ataques","tag-batem","tag-escorpioes","tag-recorde"],"jetpack_publicize_connections":[],"jetpack_featured_media_url":"https:\/\/i0.wp.com\/noticiasribeiraopreto.com.br\/wp-content\/uploads\/2024\/02\/EscorSP-Redes-sociais-Reproducao-scaled.jpg?fit=968%2C645&ssl=1","jetpack-related-posts":[{"id":83152,"url":"https:\/\/noticiasribeiraopreto.com.br\/index.php\/2026\/03\/11\/ribeirao-fecha-bimestre-com-388-ataques-de-escorpioes\/","url_meta":{"origin":35674,"position":0},"title":"Ribeir\u00e3o fecha bimestre\u2028 com 388 ataques de escorpi\u00f5es","author":"noticiasribeiraopreto.com.br","date":"11 de March de 2026","format":false,"excerpt":"Ribeir\u00e3o Preto encerrou 2025 com 1.998 ataques de escorpi\u00f5es, contra 1.502 de 2024; s\u00e3o 496 mais e crescimento de 33,02% Ribeir\u00e3o Preto encerrou 2025 com 1.999 ataques de escorpi\u00e3o, m\u00e9dia de um caso a cada quatro horas e meia, segundo dados do painel da Secretaria Municipal da Sa\u00fade. O n\u00famero\u2026","rel":"","context":"In &quot;Not\u00edcias de Ribeir\u00e3o Preto-SP e Regi\u00e3o&quot;","block_context":{"text":"Not\u00edcias de Ribeir\u00e3o Preto-SP e Regi\u00e3o","link":"https:\/\/noticiasribeiraopreto.com.br\/index.php\/category\/noticias-de-ribeirao-preto-sp-e-regiao-ismael-colosi\/"},"img":{"alt_text":"","src":"https:\/\/i0.wp.com\/noticiasribeiraopreto.com.br\/wp-content\/uploads\/2026\/03\/Escorpiao-Redes-sociais-Reproducao-scaled.jpeg?fit=1180%2C780&ssl=1&resize=350%2C200","width":350,"height":200,"srcset":"https:\/\/i0.wp.com\/noticiasribeiraopreto.com.br\/wp-content\/uploads\/2026\/03\/Escorpiao-Redes-sociais-Reproducao-scaled.jpeg?fit=1180%2C780&ssl=1&resize=350%2C200 1x, https:\/\/i0.wp.com\/noticiasribeiraopreto.com.br\/wp-content\/uploads\/2026\/03\/Escorpiao-Redes-sociais-Reproducao-scaled.jpeg?fit=1180%2C780&ssl=1&resize=525%2C300 1.5x, https:\/\/i0.wp.com\/noticiasribeiraopreto.com.br\/wp-content\/uploads\/2026\/03\/Escorpiao-Redes-sociais-Reproducao-scaled.jpeg?fit=1180%2C780&ssl=1&resize=700%2C400 2x, https:\/\/i0.wp.com\/noticiasribeiraopreto.com.br\/wp-content\/uploads\/2026\/03\/Escorpiao-Redes-sociais-Reproducao-scaled.jpeg?fit=1180%2C780&ssl=1&resize=1050%2C600 3x"},"classes":[]},{"id":26893,"url":"https:\/\/noticiasribeiraopreto.com.br\/index.php\/2024\/01\/11\/ano-termina-com-2-030-ataques-de-escorpioes-em-rp\/","url_meta":{"origin":35674,"position":1},"title":"Ano termina com 2.030 ataques de escorpi\u00f5es em RP\u00a0","author":"noticiasribeiraopreto.com.br","date":"11 de January de 2024","format":false,"excerpt":"10 de janeiro de 2024 | 15:0010 de janeiro de 2024 | 10:16 0Segundo o balan\u00e7o anual divulgado pela Divis\u00e3o de Vigil\u00e2ncia Epidemiol\u00f3gica do Departamento de Vigil\u00e2ncia em Sa\u00fade (Devisa) \u2013 ligada \u00e0 Secretaria Municipal da Sa\u00fade \u2013, Ribeir\u00e3o Preto encerrou o ano passado com recorde absoluto de ocorr\u00eancias envolvendo\u2026","rel":"","context":"In &quot;Not\u00edcias de Ribeir\u00e3o Preto-SP e Regi\u00e3o&quot;","block_context":{"text":"Not\u00edcias de Ribeir\u00e3o Preto-SP e Regi\u00e3o","link":"https:\/\/noticiasribeiraopreto.com.br\/index.php\/category\/noticias-de-ribeirao-preto-sp-e-regiao-ismael-colosi\/"},"img":{"alt_text":"","src":"https:\/\/i0.wp.com\/noticiasribeiraopreto.com.br\/wp-content\/uploads\/2024\/01\/Escorpiao-USP-Imagens.jpg?fit=944%2C645&ssl=1&resize=350%2C200","width":350,"height":200,"srcset":"https:\/\/i0.wp.com\/noticiasribeiraopreto.com.br\/wp-content\/uploads\/2024\/01\/Escorpiao-USP-Imagens.jpg?fit=944%2C645&ssl=1&resize=350%2C200 1x, https:\/\/i0.wp.com\/noticiasribeiraopreto.com.br\/wp-content\/uploads\/2024\/01\/Escorpiao-USP-Imagens.jpg?fit=944%2C645&ssl=1&resize=525%2C300 1.5x, https:\/\/i0.wp.com\/noticiasribeiraopreto.com.br\/wp-content\/uploads\/2024\/01\/Escorpiao-USP-Imagens.jpg?fit=944%2C645&ssl=1&resize=700%2C400 2x"},"classes":[]},{"id":13266,"url":"https:\/\/noticiasribeiraopreto.com.br\/index.php\/2023\/12\/09\/ribeirao-preto-soma-1-884-ataques-de-escorpioes\/","url_meta":{"origin":35674,"position":2},"title":"Ribeir\u00e3o Preto soma 1.884 ataques\u00a0de escorpi\u00f5es","author":"noticiasribeiraopreto.com.br","date":"9 de December de 2023","format":false,"excerpt":"9 de dezembro de 2023 | 17:009 de dezembro de 2023 | 9:19 0Segundo o balan\u00e7o mais recente divulgado pela Divis\u00e3o de Vigil\u00e2ncia Epidemiol\u00f3gica do Departamento de Vigil\u00e2ncia em Sa\u00fade (Devisa) \u2013 ligada \u00e0 Secretaria Municipal da Sa\u00fade \u2013, Ribeir\u00e3o Preto j\u00e1 superou em 4,20% o total de ocorr\u00eancias envolvendo\u2026","rel":"","context":"In &quot;Not\u00edcias de Ribeir\u00e3o Preto-SP e Regi\u00e3o&quot;","block_context":{"text":"Not\u00edcias de Ribeir\u00e3o Preto-SP e Regi\u00e3o","link":"https:\/\/noticiasribeiraopreto.com.br\/index.php\/category\/noticias-de-ribeirao-preto-sp-e-regiao-ismael-colosi\/"},"img":{"alt_text":"","src":"https:\/\/i0.wp.com\/noticiasribeiraopreto.com.br\/wp-content\/uploads\/2023\/12\/escorpiao.png?fit=1000%2C563&ssl=1&resize=350%2C200","width":350,"height":200,"srcset":"https:\/\/i0.wp.com\/noticiasribeiraopreto.com.br\/wp-content\/uploads\/2023\/12\/escorpiao.png?fit=1000%2C563&ssl=1&resize=350%2C200 1x, https:\/\/i0.wp.com\/noticiasribeiraopreto.com.br\/wp-content\/uploads\/2023\/12\/escorpiao.png?fit=1000%2C563&ssl=1&resize=525%2C300 1.5x, https:\/\/i0.wp.com\/noticiasribeiraopreto.com.br\/wp-content\/uploads\/2023\/12\/escorpiao.png?fit=1000%2C563&ssl=1&resize=700%2C400 2x"},"classes":[]},{"id":43873,"url":"https:\/\/noticiasribeiraopreto.com.br\/index.php\/2024\/03\/23\/rp-ja-soma-248-ataques-de-escorpiao-no-ano\/","url_meta":{"origin":35674,"position":3},"title":"RP j\u00e1 soma 248 ataques de escorpi\u00e3o no ano\u00a0","author":"noticiasribeiraopreto.com.br","date":"23 de March de 2024","format":false,"excerpt":"23 de mar\u00e7o de 2024 | 17:0023 de mar\u00e7o de 2024 | 11:57 0 Segundo o balan\u00e7o anual divulgado pela Divis\u00e3o de Vigil\u00e2ncia Epidemiol\u00f3gica do Departamento de Vigil\u00e2ncia em Sa\u00fade (Devisa) \u2013 ligada \u00e0 Secretaria Municipal da Sa\u00fade \u2013, Ribeir\u00e3o Preto encerrou o ano passado com recorde absoluto de ocorr\u00eancias\u2026","rel":"","context":"In &quot;Not\u00edcias de Ribeir\u00e3o Preto-SP e Regi\u00e3o&quot;","block_context":{"text":"Not\u00edcias de Ribeir\u00e3o Preto-SP e Regi\u00e3o","link":"https:\/\/noticiasribeiraopreto.com.br\/index.php\/category\/noticias-de-ribeirao-preto-sp-e-regiao-ismael-colosi\/"},"img":{"alt_text":"","src":"https:\/\/i0.wp.com\/noticiasribeiraopreto.com.br\/wp-content\/uploads\/2024\/03\/Escorpiao-Emanuel-Marques-da-Silva-Sesa-scaled.jpg?fit=1200%2C800&ssl=1&resize=350%2C200","width":350,"height":200,"srcset":"https:\/\/i0.wp.com\/noticiasribeiraopreto.com.br\/wp-content\/uploads\/2024\/03\/Escorpiao-Emanuel-Marques-da-Silva-Sesa-scaled.jpg?fit=1200%2C800&ssl=1&resize=350%2C200 1x, https:\/\/i0.wp.com\/noticiasribeiraopreto.com.br\/wp-content\/uploads\/2024\/03\/Escorpiao-Emanuel-Marques-da-Silva-Sesa-scaled.jpg?fit=1200%2C800&ssl=1&resize=525%2C300 1.5x, https:\/\/i0.wp.com\/noticiasribeiraopreto.com.br\/wp-content\/uploads\/2024\/03\/Escorpiao-Emanuel-Marques-da-Silva-Sesa-scaled.jpg?fit=1200%2C800&ssl=1&resize=700%2C400 2x, https:\/\/i0.wp.com\/noticiasribeiraopreto.com.br\/wp-content\/uploads\/2024\/03\/Escorpiao-Emanuel-Marques-da-Silva-Sesa-scaled.jpg?fit=1200%2C800&ssl=1&resize=1050%2C600 3x"},"classes":[]},{"id":35011,"url":"https:\/\/noticiasribeiraopreto.com.br\/index.php\/2024\/02\/04\/regiao-tem-4-174-ataques-de-animais-peconhentos-em-2023\/","url_meta":{"origin":35674,"position":4},"title":"Regi\u00e3o tem 4.174 \u00a0ataques de animais pe\u00e7onhentos em 2023\u00a0","author":"noticiasribeiraopreto.com.br","date":"4 de February de 2024","format":false,"excerpt":"4 de fevereiro de 2024 | 17:003 de fevereiro de 2024 | 12:02 0A Secretaria de Estado da Sa\u00fade lan\u00e7ou uma ferramenta online para facilitar a localiza\u00e7\u00e3o e identifica\u00e7\u00e3o dos 220 pontos de atendimento soroter\u00e1pico para v\u00edtimas de escorpi\u00e3o, aranha, serpente e lagartas. O Mapa Interativo, desenvolvido pelo Centro de\u2026","rel":"","context":"In &quot;Not\u00edcias de Ribeir\u00e3o Preto-SP e Regi\u00e3o&quot;","block_context":{"text":"Not\u00edcias de Ribeir\u00e3o Preto-SP e Regi\u00e3o","link":"https:\/\/noticiasribeiraopreto.com.br\/index.php\/category\/noticias-de-ribeirao-preto-sp-e-regiao-ismael-colosi\/"},"img":{"alt_text":"","src":"https:\/\/i0.wp.com\/noticiasribeiraopreto.com.br\/wp-content\/uploads\/2024\/02\/t_serrulatus-scaled.jpg?fit=1000%2C525&ssl=1&resize=350%2C200","width":350,"height":200,"srcset":"https:\/\/i0.wp.com\/noticiasribeiraopreto.com.br\/wp-content\/uploads\/2024\/02\/t_serrulatus-scaled.jpg?fit=1000%2C525&ssl=1&resize=350%2C200 1x, https:\/\/i0.wp.com\/noticiasribeiraopreto.com.br\/wp-content\/uploads\/2024\/02\/t_serrulatus-scaled.jpg?fit=1000%2C525&ssl=1&resize=525%2C300 1.5x, https:\/\/i0.wp.com\/noticiasribeiraopreto.com.br\/wp-content\/uploads\/2024\/02\/t_serrulatus-scaled.jpg?fit=1000%2C525&ssl=1&resize=700%2C400 2x"},"classes":[]},{"id":73990,"url":"https:\/\/noticiasribeiraopreto.com.br\/index.php\/2025\/07\/14\/ataques-de-escorpiao-avancam-no-ano-2\/","url_meta":{"origin":35674,"position":5},"title":"Ataques de escorpi\u00e3o avan\u00e7am no ano","author":"noticiasribeiraopreto.com.br","date":"14 de July de 2025","format":false,"excerpt":"Ribeir\u00e3o Preto j\u00e1 soma 888 ataques de escorpi\u00e3o em cinco meses deste ano, m\u00e9dia de um caso a cada quatro horas, segundo dados do painel da Secretaria Municipal da Sa\u00fade. Em compara\u00e7\u00e3o com os 668 do mesmo per\u00edodo de 2024, s\u00e3o 220 a mais e crescimento de 32,93%. Recuou na\u2026","rel":"","context":"In &quot;Not\u00edcias de Ribeir\u00e3o Preto-SP e Regi\u00e3o&quot;","block_context":{"text":"Not\u00edcias de Ribeir\u00e3o Preto-SP e Regi\u00e3o","link":"https:\/\/noticiasribeiraopreto.com.br\/index.php\/category\/noticias-de-ribeirao-preto-sp-e-regiao-ismael-colosi\/"},"img":{"alt_text":"","src":"https:\/\/i0.wp.com\/noticiasribeiraopreto.com.br\/wp-content\/uploads\/2025\/07\/Escorpiao-Redes-sociais-Reproducao-scaled.jpeg?fit=756%2C500&ssl=1&resize=350%2C200","width":350,"height":200,"srcset":"https:\/\/i0.wp.com\/noticiasribeiraopreto.com.br\/wp-content\/uploads\/2025\/07\/Escorpiao-Redes-sociais-Reproducao-scaled.jpeg?fit=756%2C500&ssl=1&resize=350%2C200 1x, https:\/\/i0.wp.com\/noticiasribeiraopreto.com.br\/wp-content\/uploads\/2025\/07\/Escorpiao-Redes-sociais-Reproducao-scaled.jpeg?fit=756%2C500&ssl=1&resize=525%2C300 1.5x, https:\/\/i0.wp.com\/noticiasribeiraopreto.com.br\/wp-content\/uploads\/2025\/07\/Escorpiao-Redes-sociais-Reproducao-scaled.jpeg?fit=756%2C500&ssl=1&resize=700%2C400 2x"},"classes":[]}],"jetpack_sharing_enabled":true,"jetpack_shortlink":"https:\/\/wp.me\/peQAOb-9ho","_links":{"self":[{"href":"https:\/\/noticiasribeiraopreto.com.br\/index.php\/wp-json\/wp\/v2\/posts\/35674","targetHints":{"allow":["GET"]}}],"collection":[{"href":"https:\/\/noticiasribeiraopreto.com.br\/index.php\/wp-json\/wp\/v2\/posts"}],"about":[{"href":"https:\/\/noticiasribeiraopreto.com.br\/index.php\/wp-json\/wp\/v2\/types\/post"}],"author":[{"embeddable":true,"href":"https:\/\/noticiasribeiraopreto.com.br\/index.php\/wp-json\/wp\/v2\/users\/1"}],"replies":[{"embeddable":true,"href":"https:\/\/noticiasribeiraopreto.com.br\/index.php\/wp-json\/wp\/v2\/comments?post=35674"}],"version-history":[{"count":0,"href":"https:\/\/noticiasribeiraopreto.com.br\/index.php\/wp-json\/wp\/v2\/posts\/35674\/revisions"}],"wp:featuredmedia":[{"embeddable":true,"href":"https:\/\/noticiasribeiraopreto.com.br\/index.php\/wp-json\/wp\/v2\/media\/35675"}],"wp:attachment":[{"href":"https:\/\/noticiasribeiraopreto.com.br\/index.php\/wp-json\/wp\/v2\/media?parent=35674"}],"wp:term":[{"taxonomy":"category","embeddable":true,"href":"https:\/\/noticiasribeiraopreto.com.br\/index.php\/wp-json\/wp\/v2\/categories?post=35674"},{"taxonomy":"post_tag","embeddable":true,"href":"https:\/\/noticiasribeiraopreto.com.br\/index.php\/wp-json\/wp\/v2\/tags?post=35674"}],"curies":[{"name":"wp","href":"https:\/\/api.w.org\/{rel}","templated":true}]}}