{"id":35782,"date":"2024-02-07T12:56:48","date_gmt":"2024-02-07T15:56:48","guid":{"rendered":"https:\/\/noticiasribeiraopreto.com.br\/index.php\/2024\/02\/07\/o-que-falta-esclarecer-no-caso-da-publicitaria-executada-em-ribeirao-preto\/"},"modified":"2024-02-07T12:56:48","modified_gmt":"2024-02-07T15:56:48","slug":"o-que-falta-esclarecer-no-caso-da-publicitaria-executada-em-ribeirao-preto","status":"publish","type":"post","link":"https:\/\/noticiasribeiraopreto.com.br\/index.php\/2024\/02\/07\/o-que-falta-esclarecer-no-caso-da-publicitaria-executada-em-ribeirao-preto\/","title":{"rendered":"O que falta esclarecer no caso da publicit\u00e1ria executada em Ribeir\u00e3o Preto"},"content":{"rendered":"<div class='code-block code-block-1' style='margin: 8px 0 8px auto; text-align: right; display: block; clear: both;'>\n<p><a href=\"https:\/\/wa.link\/vpicfd\"><img data-recalc-dims=\"1\" class=\"wp-image-4922\" style=\"aspect-ratio: 2.0253164556962027; width: 561px; height: auto;\" src=\"https:\/\/i0.wp.com\/ismaelcolosi.com.br\/wp-content\/uploads\/2023\/11\/grupo-de-empregos-whatsapp-e-facebook-ismael-colosi-vagas.jpg?ssl=1\" alt=\"\" \/><\/a><\/p>\n<!-- \/wp:image -->\n<\/div>\n<p> <br \/>\n<\/p>\n<div>\n<p>No \u00faltimo domingo (4), a <strong>publicit\u00e1ria Dayane Isabel Roncari<\/strong>, de 33 anos, foi executada com 30 disparos em frente a uma casa no <strong>Jardim Maria Goretti<\/strong>, na zona Oeste de <strong>Ribeir\u00e3o Preto<\/strong>. De acordo com o delegado<strong> Rodolfo Latif Sebba<\/strong>, ainda n\u00e3o h\u00e1 suspeitos de envolvimento no crime e o que teria motivado a a\u00e7\u00e3o.<\/p>\n<p>\u201cFalta esclarecer tudo neste caso. A investiga\u00e7\u00e3o est\u00e1 apenas no in\u00edcio\u201d, disse o delegado ao <strong>acidade on Ribeir\u00e3o<\/strong>. Segundo o <strong>B.O. (boletim de ocorr\u00eancia)<\/strong>, <mark style=\"background-color:#fcb900\" class=\"has-inline-color has-black-color\">a publicit\u00e1ria estaria sendo jurada de morte \u201cpelo partido\u201d. <\/mark><\/p>\n<p>A investiga\u00e7\u00e3o deve apontar se a execu\u00e7\u00e3o de Dayane est\u00e1 relacionada com outras mortes. No dia do crime, os investigadores apontaram que n\u00e3o acreditam que o crime se trata de feminic\u00eddio.<\/p>\n<h4 class=\"wp-block-heading\"><strong>Pris\u00e3o em 2018<\/strong><\/h4>\n<p>O B.O. aponta que Dayane teria uma \u201cvasta ficha de antecedentes criminais\u201d.<mark style=\"background-color:#fcb900\" class=\"has-inline-color has-black-color\"> Em 2018, a publicit\u00e1ria foi presa acusada de atropelar o ex-namorado e uma jovem<\/mark> que estava com ele em uma moto, na marginal da <strong>avenida Luiz Galv\u00e3o C\u00e9sar<\/strong>, em Ribeir\u00e3o Preto.<\/p>\n<p>A mulher que estava na garupa da moto, \u00e0 \u00e9poca com 18 anos, morreu no local. O homem, que tinha 26 anos, foi socorrido em estado grave. A defesa de Dayane disse \u00e0 \u00e9poca que teria ocorrido um acidente.<\/p>\n<h4 class=\"wp-block-heading\"><strong>Condena\u00e7\u00e3o<\/strong><\/h4>\n<p><mark style=\"background-color:#fcb900\" class=\"has-inline-color has-black-color\">Dayane Isabel Roncari foi condenada a 7 anos, nove meses e 10 dia de reclus\u00e3o em regime semiaberto<\/mark>, pelo crime de les\u00e3o corporal contra a jovem Ester Lisboa Ribeiro Santos, que morreu na ocasi\u00e3o, e <strong>Wendell Souza de Almeida<\/strong>, ex-namorado da publicit\u00e1ria.<\/p>\n<h4 class=\"wp-block-heading\"><strong>Morte de Wendell<\/strong><\/h4>\n<p>J\u00e1 em 2021, o ex-namorado de Dayane, <mark style=\"background-color:#fcb900\" class=\"has-inline-color has-black-color\">Wendell Souza de Almeida, tamb\u00e9m foi assassinado<\/mark> no Parque das Figueiras, em Ribeir\u00e3o Preto. Na ocasi\u00e3o, ele estava na cal\u00e7ada, quando foi executado. De acordo com a <strong>Pol\u00edcia Civil<\/strong>, <mark style=\"background-color:#fcb900\" class=\"has-inline-color has-black-color\">o suspeito de ter assassinado Wendell foi preso em Sert\u00e3ozinho em um carro que pertenceria a Dayane.<\/mark><\/p>\n<h4 class=\"wp-block-heading\"><strong>Investiga\u00e7\u00e3o em sigilo<\/strong><\/h4>\n<p>A publicit\u00e1ria Dayane Roncari foi executada enquanto conversava com um amigo. Ela sofreu 30 disparos de dois homens que desceram de um carro preto e que estavam encapuzados. Todos os tiros foram em dire\u00e7\u00e3o a mulher, enquanto o amigo da v\u00edtima conseguiu fugir do ataque.<\/p>\n<p>Segundo a pol\u00edcia, os investigadores j\u00e1 coletaram \u201cevidencias objetivas e subjetivas\u201d que v\u00e3o auxiliar as investiga\u00e7\u00f5es e esclarecer a autoria e motiva\u00e7\u00e3o do crime. Contudo, a investiga\u00e7\u00e3o segue em sigilo e mais detalhes n\u00e3o podem ser informados no momento.<\/p>\n<p>SAIBA MAIS<br \/>Alerta para temporais na regi\u00e3o de Ribeir\u00e3o; Confira a previs\u00e3o nesta quarta<\/p>\n<h4 class=\"wp-block-heading\"><strong>FIQUE ON<\/strong><\/h4>\n<p>Fique ligado em tudo que acontece em Ribeir\u00e3o Preto e regi\u00e3o. Siga os perfis do <strong>acidade on <\/strong>no <a href=\"https:\/\/www.instagram.com\/acidadeonribeirao\" target=\"_blank\" rel=\"noreferrer noopener nofollow\">Instagram<\/a> e no<a href=\"https:\/\/www.facebook.com\/acidadeonribeirao\" target=\"_blank\" rel=\"noreferrer noopener nofollow\"> Facebook<\/a>.<\/p>\n<p>Receba not\u00edcias do <strong>acidade on<\/strong> no WhatsApp. <a href=\"https:\/\/chat.whatsapp.com\/Bnv2w66ZT4VDyZW3oiZ69n\" target=\"_blank\" rel=\"noreferrer noopener nofollow\">Para entrar no grupo, basta clicar aqui.<\/a><\/p>\n<p>Fa\u00e7a uma den\u00fancia ou sugira uma reportagem sobre Ribeir\u00e3o Preto e regi\u00e3o pelo WhatsApp: 16 99117 7802.<\/p>\n<p>VEJA TAMB\u00c9M<br \/>Bateria da Beija-Flor desperta brothers e Rodriguinho vira meme<\/p>\n<p><!-- AI CONTENT END 1 -->\n<\/div>\n<p><script async src=\"\/\/www.instagram.com\/embed.js\"><\/script><br \/>\n<br \/><br \/>\n<br \/><a href=\"https:\/\/www.acidadeon.com\/ribeiraopreto\/cotidiano\/o-que-falta-esclarecer-no-caso-da-publicitaria-executada-em-ribeirao-preto\/\">Source link <\/a><\/p>\n<!-- CONTENT END 1 -->\n","protected":false},"excerpt":{"rendered":"<p>No \u00faltimo domingo (4), a publicit\u00e1ria Dayane Isabel Roncari, de 33 anos, foi executada com 30 disparos em frente a uma casa no Jardim Maria&#8230;<\/p>\n","protected":false},"author":1,"featured_media":35783,"comment_status":"open","ping_status":"open","sticky":false,"template":"","format":"standard","meta":{"advanced_seo_description":"","jetpack_seo_html_title":"","jetpack_seo_noindex":false,"jetpack_post_was_ever_published":false,"_jetpack_newsletter_access":"","_jetpack_dont_email_post_to_subs":false,"_jetpack_newsletter_tier_id":0,"_jetpack_memberships_contains_paywalled_content":false,"_jetpack_memberships_contains_paid_content":false,"footnotes":"","jetpack_publicize_message":"","jetpack_publicize_feature_enabled":true,"jetpack_social_post_already_shared":true,"jetpack_social_options":{"image_generator_settings":{"template":"highway","default_image_id":0,"font":"","enabled":false},"version":2}},"categories":[11],"tags":[],"class_list":["post-35782","post","type-post","status-publish","format-standard","has-post-thumbnail","hentry","category-noticias-de-ribeirao-preto-sp-e-regiao-ismael-colosi"],"jetpack_publicize_connections":[],"jetpack_featured_media_url":"https:\/\/i0.wp.com\/noticiasribeiraopreto.com.br\/wp-content\/uploads\/2024\/02\/publicitaria-ribeirao-preto.jpeg?fit=1920%2C1079&ssl=1","jetpack-related-posts":[{"id":35157,"url":"https:\/\/noticiasribeiraopreto.com.br\/index.php\/2024\/02\/05\/o-que-se-sabe-sobre-a-execucao-da-publicitaria-em-ribeirao-preto\/","url_meta":{"origin":35782,"position":0},"title":"O que se sabe sobre a execu\u00e7\u00e3o da publicit\u00e1ria em Ribeir\u00e3o Preto","author":"noticiasribeiraopreto.com.br","date":"5 de February de 2024","format":false,"excerpt":"A publicit\u00e1ria Dayane Isabel Roncari, de 33 anos, executada em frente a uma casa no Jardim Maria Goretti, na zona Oeste de Ribeir\u00e3o Preto, na noite do \u00faltimo domingo (3), estaria sendo jurada de morte, de acordo com o B.O. (boletim de ocorr\u00eancia). A v\u00edtima foi morta depois de sofrer\u2026","rel":"","context":"In &quot;Not\u00edcias de Ribeir\u00e3o Preto-SP e Regi\u00e3o&quot;","block_context":{"text":"Not\u00edcias de Ribeir\u00e3o Preto-SP e Regi\u00e3o","link":"https:\/\/noticiasribeiraopreto.com.br\/index.php\/category\/noticias-de-ribeirao-preto-sp-e-regiao-ismael-colosi\/"},"img":{"alt_text":"","src":"https:\/\/i0.wp.com\/noticiasribeiraopreto.com.br\/wp-content\/uploads\/2024\/02\/dayane.jpeg?fit=1200%2C674&ssl=1&resize=350%2C200","width":350,"height":200,"srcset":"https:\/\/i0.wp.com\/noticiasribeiraopreto.com.br\/wp-content\/uploads\/2024\/02\/dayane.jpeg?fit=1200%2C674&ssl=1&resize=350%2C200 1x, https:\/\/i0.wp.com\/noticiasribeiraopreto.com.br\/wp-content\/uploads\/2024\/02\/dayane.jpeg?fit=1200%2C674&ssl=1&resize=525%2C300 1.5x, https:\/\/i0.wp.com\/noticiasribeiraopreto.com.br\/wp-content\/uploads\/2024\/02\/dayane.jpeg?fit=1200%2C674&ssl=1&resize=700%2C400 2x, https:\/\/i0.wp.com\/noticiasribeiraopreto.com.br\/wp-content\/uploads\/2024\/02\/dayane.jpeg?fit=1200%2C674&ssl=1&resize=1050%2C600 3x"},"classes":[]},{"id":35321,"url":"https:\/\/noticiasribeiraopreto.com.br\/index.php\/2024\/02\/05\/e-uma-atitude-do-crime-organizado-diz-delegado-sobre-morte-de-publicitaria-em-ribeirao\/","url_meta":{"origin":35782,"position":1},"title":"&#8216;\u00c9 uma atitude do crime organizado&#8217;, diz delegado sobre morte de publicit\u00e1ria em Ribeir\u00e3o","author":"noticiasribeiraopreto.com.br","date":"5 de February de 2024","format":false,"excerpt":"O delegado Rodolfo Latif Sebba, respons\u00e1vel por investigar a morte da publicit\u00e1ria Dayane Isabel Roncari, de 33 anos, j\u00e1 descartou qualquer possibilidade do crime se tratar de um feminic\u00eddio. A v\u00edtima foi morta em frente a uma casa no Jardim Maria Goretti, na zona Oeste de Ribeir\u00e3o Preto, na noite\u2026","rel":"","context":"In &quot;Not\u00edcias de Ribeir\u00e3o Preto-SP e Regi\u00e3o&quot;","block_context":{"text":"Not\u00edcias de Ribeir\u00e3o Preto-SP e Regi\u00e3o","link":"https:\/\/noticiasribeiraopreto.com.br\/index.php\/category\/noticias-de-ribeirao-preto-sp-e-regiao-ismael-colosi\/"},"img":{"alt_text":"","src":"https:\/\/i0.wp.com\/noticiasribeiraopreto.com.br\/wp-content\/uploads\/2024\/02\/1707182577_dayane.jpeg?fit=1200%2C674&ssl=1&resize=350%2C200","width":350,"height":200,"srcset":"https:\/\/i0.wp.com\/noticiasribeiraopreto.com.br\/wp-content\/uploads\/2024\/02\/1707182577_dayane.jpeg?fit=1200%2C674&ssl=1&resize=350%2C200 1x, https:\/\/i0.wp.com\/noticiasribeiraopreto.com.br\/wp-content\/uploads\/2024\/02\/1707182577_dayane.jpeg?fit=1200%2C674&ssl=1&resize=525%2C300 1.5x, https:\/\/i0.wp.com\/noticiasribeiraopreto.com.br\/wp-content\/uploads\/2024\/02\/1707182577_dayane.jpeg?fit=1200%2C674&ssl=1&resize=700%2C400 2x, https:\/\/i0.wp.com\/noticiasribeiraopreto.com.br\/wp-content\/uploads\/2024\/02\/1707182577_dayane.jpeg?fit=1200%2C674&ssl=1&resize=1050%2C600 3x"},"classes":[]},{"id":38807,"url":"https:\/\/noticiasribeiraopreto.com.br\/index.php\/2024\/02\/21\/o-que-falta-esclarecer-no-caso-do-tiroteio-no-centro-de-ribeirao-preto\/","url_meta":{"origin":35782,"position":2},"title":"O que falta esclarecer no caso do tiroteio no Centro de Ribeir\u00e3o Preto","author":"noticiasribeiraopreto.com.br","date":"21 de February de 2024","format":false,"excerpt":"O delegado Targino Os\u00f3rio afirma que a Pol\u00edcia Civil ainda n\u00e3o recebeu den\u00fancias sobre os envolvidos na tentativa de assalto que terminou com a morte do policial militar aposentado Darie Alves Tremura, de 63 anos, no dia 12 de fevereiro. O respons\u00e1vel pelas investiga\u00e7\u00f5es afirma que uma for\u00e7a-tarefa atua no\u2026","rel":"","context":"In &quot;Not\u00edcias de Ribeir\u00e3o Preto-SP e Regi\u00e3o&quot;","block_context":{"text":"Not\u00edcias de Ribeir\u00e3o Preto-SP e Regi\u00e3o","link":"https:\/\/noticiasribeiraopreto.com.br\/index.php\/category\/noticias-de-ribeirao-preto-sp-e-regiao-ismael-colosi\/"},"img":{"alt_text":"","src":"https:\/\/i0.wp.com\/noticiasribeiraopreto.com.br\/wp-content\/uploads\/2024\/02\/1708547583_WhatsApp-Image-2024-02-12-at-16.27.00.jpeg?fit=1200%2C675&ssl=1&resize=350%2C200","width":350,"height":200,"srcset":"https:\/\/i0.wp.com\/noticiasribeiraopreto.com.br\/wp-content\/uploads\/2024\/02\/1708547583_WhatsApp-Image-2024-02-12-at-16.27.00.jpeg?fit=1200%2C675&ssl=1&resize=350%2C200 1x, https:\/\/i0.wp.com\/noticiasribeiraopreto.com.br\/wp-content\/uploads\/2024\/02\/1708547583_WhatsApp-Image-2024-02-12-at-16.27.00.jpeg?fit=1200%2C675&ssl=1&resize=525%2C300 1.5x, https:\/\/i0.wp.com\/noticiasribeiraopreto.com.br\/wp-content\/uploads\/2024\/02\/1708547583_WhatsApp-Image-2024-02-12-at-16.27.00.jpeg?fit=1200%2C675&ssl=1&resize=700%2C400 2x, https:\/\/i0.wp.com\/noticiasribeiraopreto.com.br\/wp-content\/uploads\/2024\/02\/1708547583_WhatsApp-Image-2024-02-12-at-16.27.00.jpeg?fit=1200%2C675&ssl=1&resize=1050%2C600 3x"},"classes":[]},{"id":48582,"url":"https:\/\/noticiasribeiraopreto.com.br\/index.php\/2024\/05\/03\/o-que-falta-esclarecer-sobre-o-acidente-com-feridos-na-agrishow-em-ribeirao-preto\/","url_meta":{"origin":35782,"position":3},"title":"O que falta esclarecer sobre o acidente com feridos na Agrishow em Ribeir\u00e3o Preto","author":"noticiasribeiraopreto.com.br","date":"3 de May de 2024","format":false,"excerpt":"*Com informa\u00e7\u00f5es da EPTV A Pol\u00edcia Civil investiga quais foram os motivos do acidente pr\u00f3ximo a regi\u00e3o do heliponto da Agrishow, que aconteceu na manh\u00e3 desta quinta-feira (2), em Ribeir\u00e3o Preto. Duas pessoas ficaram feridas ap\u00f3s a tenda de um estande desabar devido \u00e0 for\u00e7a do vento da h\u00e9lice de\u2026","rel":"","context":"In &quot;Not\u00edcias de Ribeir\u00e3o Preto-SP e Regi\u00e3o&quot;","block_context":{"text":"Not\u00edcias de Ribeir\u00e3o Preto-SP e Regi\u00e3o","link":"https:\/\/noticiasribeiraopreto.com.br\/index.php\/category\/noticias-de-ribeirao-preto-sp-e-regiao-ismael-colosi\/"},"img":{"alt_text":"","src":"https:\/\/i0.wp.com\/noticiasribeiraopreto.com.br\/wp-content\/uploads\/2024\/05\/Copia-de-Copia-de-TAMANHO-EXATO-PARA-FOTOS-NO-SISTEMA-NOVO-25_2024-05-03_22-53-03_png_2024-05-03_22-53-04.webp.webp?fit=1200%2C675&ssl=1&resize=350%2C200","width":350,"height":200,"srcset":"https:\/\/i0.wp.com\/noticiasribeiraopreto.com.br\/wp-content\/uploads\/2024\/05\/Copia-de-Copia-de-TAMANHO-EXATO-PARA-FOTOS-NO-SISTEMA-NOVO-25_2024-05-03_22-53-03_png_2024-05-03_22-53-04.webp.webp?fit=1200%2C675&ssl=1&resize=350%2C200 1x, https:\/\/i0.wp.com\/noticiasribeiraopreto.com.br\/wp-content\/uploads\/2024\/05\/Copia-de-Copia-de-TAMANHO-EXATO-PARA-FOTOS-NO-SISTEMA-NOVO-25_2024-05-03_22-53-03_png_2024-05-03_22-53-04.webp.webp?fit=1200%2C675&ssl=1&resize=525%2C300 1.5x, https:\/\/i0.wp.com\/noticiasribeiraopreto.com.br\/wp-content\/uploads\/2024\/05\/Copia-de-Copia-de-TAMANHO-EXATO-PARA-FOTOS-NO-SISTEMA-NOVO-25_2024-05-03_22-53-03_png_2024-05-03_22-53-04.webp.webp?fit=1200%2C675&ssl=1&resize=700%2C400 2x, https:\/\/i0.wp.com\/noticiasribeiraopreto.com.br\/wp-content\/uploads\/2024\/05\/Copia-de-Copia-de-TAMANHO-EXATO-PARA-FOTOS-NO-SISTEMA-NOVO-25_2024-05-03_22-53-03_png_2024-05-03_22-53-04.webp.webp?fit=1200%2C675&ssl=1&resize=1050%2C600 3x"},"classes":[]},{"id":74072,"url":"https:\/\/noticiasribeiraopreto.com.br\/index.php\/2025\/07\/15\/carro-de-luxo-de-ex-prefeito-morto-e-encontrado-abandonado-na-regiao-de-ribeirao\/","url_meta":{"origin":35782,"position":4},"title":"Carro de luxo de ex-prefeito morto \u00e9 encontrado abandonado na regi\u00e3o de Ribeir\u00e3o","author":"noticiasribeiraopreto.com.br","date":"15 de July de 2025","format":false,"excerpt":"A Pol\u00edcia encontrou nesta ter\u00e7a-feira (15) o carro do ex-prefeito de Taquaritinga Vanderlei Marsico, encontrado morto na \u00faltima quinta-feira (10). O ve\u00edculo Mercedes-Benz est\u00e1 em uma \u00e1rea de mata na zona rural de Taquaritinga. Segundo o delegado Claudemir Aparecido Pereira da Silva, agora \u00e9 aguardado o exame pericial no ve\u00edculo,\u2026","rel":"","context":"In &quot;Not\u00edcias de Ribeir\u00e3o Preto-SP e Regi\u00e3o&quot;","block_context":{"text":"Not\u00edcias de Ribeir\u00e3o Preto-SP e Regi\u00e3o","link":"https:\/\/noticiasribeiraopreto.com.br\/index.php\/category\/noticias-de-ribeirao-preto-sp-e-regiao-ismael-colosi\/"},"img":{"alt_text":"","src":"https:\/\/i0.wp.com\/noticiasribeiraopreto.com.br\/wp-content\/uploads\/2025\/07\/mercedes_2025-07-15_15-21-29.webp.webp?fit=1200%2C813&ssl=1&resize=350%2C200","width":350,"height":200,"srcset":"https:\/\/i0.wp.com\/noticiasribeiraopreto.com.br\/wp-content\/uploads\/2025\/07\/mercedes_2025-07-15_15-21-29.webp.webp?fit=1200%2C813&ssl=1&resize=350%2C200 1x, https:\/\/i0.wp.com\/noticiasribeiraopreto.com.br\/wp-content\/uploads\/2025\/07\/mercedes_2025-07-15_15-21-29.webp.webp?fit=1200%2C813&ssl=1&resize=525%2C300 1.5x, https:\/\/i0.wp.com\/noticiasribeiraopreto.com.br\/wp-content\/uploads\/2025\/07\/mercedes_2025-07-15_15-21-29.webp.webp?fit=1200%2C813&ssl=1&resize=700%2C400 2x, https:\/\/i0.wp.com\/noticiasribeiraopreto.com.br\/wp-content\/uploads\/2025\/07\/mercedes_2025-07-15_15-21-29.webp.webp?fit=1200%2C813&ssl=1&resize=1050%2C600 3x"},"classes":[]},{"id":66412,"url":"https:\/\/noticiasribeiraopreto.com.br\/index.php\/2025\/03\/31\/policia-prende-filho-e-sobrinho-de-mulher-encontrada-morta-no-porta-malas-em-ribeirao-preto\/","url_meta":{"origin":35782,"position":5},"title":"Pol\u00edcia Prende Filho e Sobrinho de Mulher Encontrada Morta no Porta-Malas em Ribeir\u00e3o Preto","author":"noticiasribeiraopreto.com.br","date":"31 de March de 2025","format":false,"excerpt":"Na manh\u00e3 desta segunda-feira, 31 de mar\u00e7o de 2025, a Pol\u00edcia Civil de Ribeir\u00e3o Preto efetuou a pris\u00e3o do filho e do sobrinho de uma mulher encontrada morta no porta-malas de seu pr\u00f3prio carro. A descoberta tr\u00e1gica ocorreu em uma \u00e1rea residencial pouco movimentada, desencadeando uma investiga\u00e7\u00e3o que aponta para\u2026","rel":"","context":"In &quot;Not\u00edcias de Ribeir\u00e3o Preto-SP e Regi\u00e3o&quot;","block_context":{"text":"Not\u00edcias de Ribeir\u00e3o Preto-SP e Regi\u00e3o","link":"https:\/\/noticiasribeiraopreto.com.br\/index.php\/category\/noticias-de-ribeirao-preto-sp-e-regiao-ismael-colosi\/"},"img":{"alt_text":"","src":"https:\/\/i0.wp.com\/noticiasribeiraopreto.com.br\/wp-content\/uploads\/2025\/03\/envergonhado-e-negativo_0.webp.webp?fit=1170%2C700&ssl=1&resize=350%2C200","width":350,"height":200,"srcset":"https:\/\/i0.wp.com\/noticiasribeiraopreto.com.br\/wp-content\/uploads\/2025\/03\/envergonhado-e-negativo_0.webp.webp?fit=1170%2C700&ssl=1&resize=350%2C200 1x, https:\/\/i0.wp.com\/noticiasribeiraopreto.com.br\/wp-content\/uploads\/2025\/03\/envergonhado-e-negativo_0.webp.webp?fit=1170%2C700&ssl=1&resize=525%2C300 1.5x, https:\/\/i0.wp.com\/noticiasribeiraopreto.com.br\/wp-content\/uploads\/2025\/03\/envergonhado-e-negativo_0.webp.webp?fit=1170%2C700&ssl=1&resize=700%2C400 2x, https:\/\/i0.wp.com\/noticiasribeiraopreto.com.br\/wp-content\/uploads\/2025\/03\/envergonhado-e-negativo_0.webp.webp?fit=1170%2C700&ssl=1&resize=1050%2C600 3x"},"classes":[]}],"jetpack_sharing_enabled":true,"jetpack_shortlink":"https:\/\/wp.me\/peQAOb-9j8","_links":{"self":[{"href":"https:\/\/noticiasribeiraopreto.com.br\/index.php\/wp-json\/wp\/v2\/posts\/35782","targetHints":{"allow":["GET"]}}],"collection":[{"href":"https:\/\/noticiasribeiraopreto.com.br\/index.php\/wp-json\/wp\/v2\/posts"}],"about":[{"href":"https:\/\/noticiasribeiraopreto.com.br\/index.php\/wp-json\/wp\/v2\/types\/post"}],"author":[{"embeddable":true,"href":"https:\/\/noticiasribeiraopreto.com.br\/index.php\/wp-json\/wp\/v2\/users\/1"}],"replies":[{"embeddable":true,"href":"https:\/\/noticiasribeiraopreto.com.br\/index.php\/wp-json\/wp\/v2\/comments?post=35782"}],"version-history":[{"count":0,"href":"https:\/\/noticiasribeiraopreto.com.br\/index.php\/wp-json\/wp\/v2\/posts\/35782\/revisions"}],"wp:featuredmedia":[{"embeddable":true,"href":"https:\/\/noticiasribeiraopreto.com.br\/index.php\/wp-json\/wp\/v2\/media\/35783"}],"wp:attachment":[{"href":"https:\/\/noticiasribeiraopreto.com.br\/index.php\/wp-json\/wp\/v2\/media?parent=35782"}],"wp:term":[{"taxonomy":"category","embeddable":true,"href":"https:\/\/noticiasribeiraopreto.com.br\/index.php\/wp-json\/wp\/v2\/categories?post=35782"},{"taxonomy":"post_tag","embeddable":true,"href":"https:\/\/noticiasribeiraopreto.com.br\/index.php\/wp-json\/wp\/v2\/tags?post=35782"}],"curies":[{"name":"wp","href":"https:\/\/api.w.org\/{rel}","templated":true}]}}