{"id":35786,"date":"2024-02-07T13:11:23","date_gmt":"2024-02-07T16:11:23","guid":{"rendered":"https:\/\/noticiasribeiraopreto.com.br\/index.php\/2024\/02\/07\/a-motosserra-perde-para-a-tesoura-ley-omnibus-de-javier-milei-volta-a-estaca-zero-no-congresso-em-primeira-derrota-para-o-novo-governo-da-argentina\/"},"modified":"2024-02-07T13:11:23","modified_gmt":"2024-02-07T16:11:23","slug":"a-motosserra-perde-para-a-tesoura-ley-omnibus-de-javier-milei-volta-a-estaca-zero-no-congresso-em-primeira-derrota-para-o-novo-governo-da-argentina","status":"publish","type":"post","link":"https:\/\/noticiasribeiraopreto.com.br\/index.php\/2024\/02\/07\/a-motosserra-perde-para-a-tesoura-ley-omnibus-de-javier-milei-volta-a-estaca-zero-no-congresso-em-primeira-derrota-para-o-novo-governo-da-argentina\/","title":{"rendered":"A motosserra perde para a tesoura: Ley \u00d3mnibus de Javier Milei volta \u00e0 estaca zero no Congresso, em primeira derrota para o novo governo da Argentina"},"content":{"rendered":"<div class='code-block code-block-1' style='margin: 8px 0 8px auto; text-align: right; display: block; clear: both;'>\n<p><a href=\"https:\/\/wa.link\/vpicfd\"><img data-recalc-dims=\"1\" class=\"wp-image-4922\" style=\"aspect-ratio: 2.0253164556962027; width: 561px; height: auto;\" src=\"https:\/\/i0.wp.com\/ismaelcolosi.com.br\/wp-content\/uploads\/2023\/11\/grupo-de-empregos-whatsapp-e-facebook-ismael-colosi-vagas.jpg?ssl=1\" alt=\"\" \/><\/a><\/p>\n<!-- \/wp:image -->\n<\/div>\n<p> <br \/>\n<\/p>\n<div id=\"js-first-letter\">\n<p>O presidente da <strong>Argentina Javier Milei <\/strong>enfrentou sua primeira grande derrota contra o <strong>Congresso <\/strong>do pa\u00eds na noite da \u00faltima ter\u00e7a-feira (6). O pacote de medidas de desregulamenta\u00e7\u00e3o da economia, chamado de <em>Ley \u00d3mnibus<\/em>, voltou para as comiss\u00f5es dentro da C\u00e2mara dos Deputados do pa\u00eds.\u00a0<\/p>\n<p>Na pr\u00e1tica, trata-se de um retorno para debates preliminares sobre o projeto que come\u00e7ou com 664 artigos,<a href=\"https:\/\/www.seudinheiro.com\/2024\/internacional\/o-pacotao-passou-a-primeira-grande-vitoria-de-javier-milei-na-presidencia-da-argentina-ccgg\/\" target=\"_blank\" rel=\"noreferrer noopener\"> foi reduzido para 224 durante as sess\u00f5es da Casa Legislativa<\/a> e, agora, retorna \u00e0 estaca zero.<\/p>\n<p>Analistas do <em>La Naci\u00f3n<\/em> destacaram que \u201cseria um suic\u00eddio pol\u00edtico dar a Milei poderes quase ilimitados sobre as \u00e1reas econ\u00f4micas, social e cultural\u201d. O presidente est\u00e1 em viagem a Israel, onde anunciou um plano de mudar a embaixada da Argentina para Jerusal\u00e9m.\u00a0<\/p>\n<p>Atualmente, a maioria dos pa\u00edses com rela\u00e7\u00f5es com Israel prefere manter embaixada em Tel-Aviv para evitar conflito com outros pa\u00edses da regi\u00e3o.\u00a0<\/p>\n<h2 class=\"wp-block-heading\" id=\"h-a-tesoura-do-congresso-da-argentina\">A \u201ctesoura\u201d do Congresso da Argentina<\/h2>\n<p>O clima da C\u00e2mara dos Deputados foi definido pelo portal <em>P\u00e1gina 12<\/em> como \u201ca cr\u00f4nica de uma derrota anunciada\u201d, \u201cvariando entre mau humor, t\u00e9dio e raiva\u201d.<\/p>\n<p>Vale lembrar a cronologia da coisa: a Casa <a href=\"https:\/\/www.seudinheiro.com\/2024\/internacional\/o-pacotao-passou-a-primeira-grande-vitoria-de-javier-milei-na-presidencia-da-argentina-ccgg\/\" target=\"_blank\" rel=\"noreferrer noopener\">havia aprovado<\/a> 224 artigos dos 664 iniciais e iria votar os destaques nos pr\u00f3ximos dias.<\/p>\n<p>As propostas foram sendo rejeitadas e, por fim, todo pacote foi desidratado at\u00e9 se descaracterizar e precisar voltar para as comiss\u00f5es.\u00a0<\/p>\n<p>Um dos pontos que retirou apoio do pacote do presidente foi a manuten\u00e7\u00e3o do controle dos recursos gerados pelo imposto PAIS (sigla para Por uma Argentina Inclusiva e Solid\u00e1ria), que seria dividido com as prov\u00edncias.<\/p>\n<p>Mas a confus\u00e3o com parlamentares e vai e vem de promessas n\u00e3o bateu o martelo sobre a chamada coparticipa\u00e7\u00e3o das prov\u00edncias no tributo.\u00a0<\/p>\n<h3 class=\"wp-block-heading\" id=\"h-a-joia-da-coroa\">A j\u00f3ia da coroa<\/h3>\n<p>O golpe final na <em>Ley \u00d3mnibus<\/em> veio com a vota\u00e7\u00e3o dos destaques sobre empresas p\u00fablicas. O Congresso prop\u00f4s que a desestatiza\u00e7\u00e3o de cada empresa fosse votada em separada na Casa e n\u00e3o<a href=\"https:\/\/www.seudinheiro.com\/2024\/internacional\/argentina-ypf-petrolifera-onibus-javier-milei-rens\/\" target=\"_blank\" rel=\"noreferrer noopener\"> dentro de um pacote<\/a>, como o proposto pelo presidente.\u00a0<\/p>\n<p>Como os deputados aliados ao governo n\u00e3o tinham uma contraproposta \u2014 e, a essa altura, o pacote j\u00e1 havia sido totalmente descaracterizado \u2014, a <em>Ley \u00d3mnibus<\/em> retornou para os debates iniciais das comiss\u00f5es.\u00a0<\/p>\n<h3 class=\"wp-block-heading\" id=\"h-boca-santa-da-argentina\">Boca santa da Argentina<\/h3>\n<p>O ministro da Economia da Argentina, Luis \u201cToto\u201d Caputo, participou do CEO Conference do BTG Pactual. Ele e o presidente do banco, Andr\u00e9 Esteves, <a href=\"https:\/\/www.seudinheiro.com\/2024\/internacional\/ministro-da-economia-da-argentina-equilibrio-fiscal-elogio-milei-btg-rens\/\" target=\"_blank\" rel=\"noreferrer noopener\">participaram do \u00faltimo painel de ter\u00e7a-feira (6)<\/a>.<\/p>\n<p>No evento, Caputo afirmou contar com a ajuda do <strong>Congresso <\/strong>para a aprova\u00e7\u00e3o da <a href=\"https:\/\/www.seudinheiro.com\/2024\/internacional\/o-pacotao-passou-a-primeira-grande-vitoria-de-javier-milei-na-presidencia-da-argentina-ccgg\/\" target=\"_blank\" rel=\"noreferrer noopener\"><em>Ley \u00d3mnibus<\/em><\/a>. Ele ressalta que a oposi\u00e7\u00e3o \u2014 majoritariamente composta por uma base <em>peronista <\/em>(ou seja, de esquerda) \u2014 vem se articulando para travar o pacote.<\/p>\n<p>Na vis\u00e3o dele, os integrantes do n\u00facleo duro dessa oposi\u00e7\u00e3o \u201ccomp\u00f5em de 30% a 35% do Congresso\u201d. Na pr\u00e1tica, o <em>Uni\u00f3n por la Patria <\/em>(UP, peronista) \u00e9 maioria tanto na C\u00e2mara quanto no Senado.<\/p>\n<p>Contudo, a situa\u00e7\u00e3o estava desorganizada, enquanto a oposi\u00e7\u00e3o era mais experiente no jogo pol\u00edtico. Assim, o pacote n\u00e3o avan\u00e7ou.<\/p>\n<\/div>\n<p><br \/>\n<br \/><a href=\"https:\/\/www.seudinheiro.com\/2024\/internacional\/a-motosserra-perde-para-a-tesoura-ley-omnibus-de-javier-milei-volta-a-estaca-zero-argentina-rens\/\">Source link <\/a><\/p>\n<!-- CONTENT END 1 -->\n","protected":false},"excerpt":{"rendered":"<p>O presidente da Argentina Javier Milei enfrentou sua primeira grande derrota contra o Congresso do pa\u00eds na noite da \u00faltima ter\u00e7a-feira (6). O pacote de&#8230;<\/p>\n","protected":false},"author":1,"featured_media":35787,"comment_status":"open","ping_status":"open","sticky":false,"template":"","format":"standard","meta":{"advanced_seo_description":"","jetpack_seo_html_title":"","jetpack_seo_noindex":false,"jetpack_post_was_ever_published":false,"_jetpack_newsletter_access":"","_jetpack_dont_email_post_to_subs":false,"_jetpack_newsletter_tier_id":0,"_jetpack_memberships_contains_paywalled_content":false,"_jetpack_memberships_contains_paid_content":false,"footnotes":"","jetpack_publicize_message":"","jetpack_publicize_feature_enabled":true,"jetpack_social_post_already_shared":true,"jetpack_social_options":{"image_generator_settings":{"template":"highway","default_image_id":0,"font":"","enabled":false},"version":2}},"categories":[1235],"tags":[],"class_list":["post-35786","post","type-post","status-publish","format-standard","has-post-thumbnail","hentry","category-dinheiro-e-investimento-como-fazer-como-ganhar"],"jetpack_publicize_connections":[],"jetpack_featured_media_url":"https:\/\/i0.wp.com\/noticiasribeiraopreto.com.br\/wp-content\/uploads\/2024\/02\/4-715x402.jpg?fit=715%2C402&ssl=1","jetpack-related-posts":[{"id":33539,"url":"https:\/\/noticiasribeiraopreto.com.br\/index.php\/2024\/01\/29\/privatizacao-da-petrolifera-argentina-ypf-fica-de-fora-do-pacote-onibus-de-javier-milei-e-acoes-caem-mais-de-3\/","url_meta":{"origin":35786,"position":0},"title":"Privatiza\u00e7\u00e3o da petrol\u00edfera argentina YPF fica de fora do \u201cpacote \u00f4nibus\u201d de Javier Milei e a\u00e7\u00f5es caem mais de 3%","author":"noticiasribeiraopreto.com.br","date":"29 de January de 2024","format":false,"excerpt":"Javier Milei assumiu a presid\u00eancia da Argentina no fim do ano passado e muitos se questionaram sobre a viabilidade de suas pautas no Congresso do pa\u00eds. Entre elas, a privatiza\u00e7\u00e3o da Yacimientos Petrol\u00edferos Fiscales (YPF) era um dos pontos mais esperados pelos investidores internacionais.\u00a0 Mas formar a maioria nas Casas\u2026","rel":"","context":"In &quot;Dinheiro e Investimento&quot;","block_context":{"text":"Dinheiro e Investimento","link":"https:\/\/noticiasribeiraopreto.com.br\/index.php\/category\/dinheiro-e-investimento-como-fazer-como-ganhar\/"},"img":{"alt_text":"","src":"https:\/\/i0.wp.com\/noticiasribeiraopreto.com.br\/wp-content\/uploads\/2024\/01\/1706576128_Javier-Miler-Argentina-715x402.jpg?fit=715%2C402&ssl=1&resize=350%2C200","width":350,"height":200,"srcset":"https:\/\/i0.wp.com\/noticiasribeiraopreto.com.br\/wp-content\/uploads\/2024\/01\/1706576128_Javier-Miler-Argentina-715x402.jpg?fit=715%2C402&ssl=1&resize=350%2C200 1x, https:\/\/i0.wp.com\/noticiasribeiraopreto.com.br\/wp-content\/uploads\/2024\/01\/1706576128_Javier-Miler-Argentina-715x402.jpg?fit=715%2C402&ssl=1&resize=525%2C300 1.5x, https:\/\/i0.wp.com\/noticiasribeiraopreto.com.br\/wp-content\/uploads\/2024\/01\/1706576128_Javier-Miler-Argentina-715x402.jpg?fit=715%2C402&ssl=1&resize=700%2C400 2x"},"classes":[]},{"id":24438,"url":"https:\/\/noticiasribeiraopreto.com.br\/index.php\/2024\/01\/04\/nao-deu-para-milei-justica-bloqueia-reforma-trabalhista-e-poe-em-xeque-mega-decreto-do-presidente-da-argentina\/","url_meta":{"origin":35786,"position":1},"title":"N\u00e3o deu para Milei: Justi\u00e7a bloqueia reforma trabalhista e p\u00f5e em xeque \u201cmega decreto\u201d do presidente da Argentina","author":"noticiasribeiraopreto.com.br","date":"4 de January de 2024","format":false,"excerpt":"A Justi\u00e7a da Argentina barrou a reforma trabalhista inclu\u00edda no mega decreto do presidente Javier Milei. A suspens\u00e3o ocorreu ap\u00f3s uma a\u00e7\u00e3o apresentada pela Confedera\u00e7\u00e3o Geral do Trabalho (CGT), a associa\u00e7\u00e3o sindical mais importante do pa\u00eds.\u00a0 De acordo com fontes do governo ouvidas pelo jornal La Naci\u00f3n, o veto da\u2026","rel":"","context":"In &quot;Dinheiro e Investimento&quot;","block_context":{"text":"Dinheiro e Investimento","link":"https:\/\/noticiasribeiraopreto.com.br\/index.php\/category\/dinheiro-e-investimento-como-fazer-como-ganhar\/"},"img":{"alt_text":"","src":"https:\/\/i0.wp.com\/noticiasribeiraopreto.com.br\/wp-content\/uploads\/2024\/01\/Javier-Milei-presidente-da-Argentina-715x402.jpg?fit=715%2C402&ssl=1&resize=350%2C200","width":350,"height":200,"srcset":"https:\/\/i0.wp.com\/noticiasribeiraopreto.com.br\/wp-content\/uploads\/2024\/01\/Javier-Milei-presidente-da-Argentina-715x402.jpg?fit=715%2C402&ssl=1&resize=350%2C200 1x, https:\/\/i0.wp.com\/noticiasribeiraopreto.com.br\/wp-content\/uploads\/2024\/01\/Javier-Milei-presidente-da-Argentina-715x402.jpg?fit=715%2C402&ssl=1&resize=525%2C300 1.5x, https:\/\/i0.wp.com\/noticiasribeiraopreto.com.br\/wp-content\/uploads\/2024\/01\/Javier-Milei-presidente-da-Argentina-715x402.jpg?fit=715%2C402&ssl=1&resize=700%2C400 2x"},"classes":[]},{"id":22923,"url":"https:\/\/noticiasribeiraopreto.com.br\/index.php\/2023\/12\/31\/milei-alerta-para-catastrofe-economica-na-argentina-se-congresso-barrar-pacote\/","url_meta":{"origin":35786,"position":2},"title":"Milei alerta para &#8220;cat\u00e1strofe econ\u00f4mica&#8221; na Argentina se Congresso barrar pacote","author":"noticiasribeiraopreto.com.br","date":"31 de December de 2023","format":false,"excerpt":"O presidente da Argentina, Javier Milei, alertou que o pa\u00eds enfrentar\u00e1 \"uma cat\u00e1strofe econ\u00f4mica de magnitude desconhecida para qualquer argentino vivo\", a menos que o Congresso aprove os decretos propostos pelo seu governo. \"Estamos em uma situa\u00e7\u00e3o de emerg\u00eancia nacional, que requer a utiliza\u00e7\u00e3o de todos os recursos e ferramentas\u2026","rel":"","context":"In &quot;Dinheiro e Investimento&quot;","block_context":{"text":"Dinheiro e Investimento","link":"https:\/\/noticiasribeiraopreto.com.br\/index.php\/category\/dinheiro-e-investimento-como-fazer-como-ganhar\/"},"img":{"alt_text":"","src":"https:\/\/i0.wp.com\/noticiasribeiraopreto.com.br\/wp-content\/uploads\/2023\/12\/Javier-Milei-presidente-da-Argentina-715x402.jpg?fit=715%2C402&ssl=1&resize=350%2C200","width":350,"height":200,"srcset":"https:\/\/i0.wp.com\/noticiasribeiraopreto.com.br\/wp-content\/uploads\/2023\/12\/Javier-Milei-presidente-da-Argentina-715x402.jpg?fit=715%2C402&ssl=1&resize=350%2C200 1x, https:\/\/i0.wp.com\/noticiasribeiraopreto.com.br\/wp-content\/uploads\/2023\/12\/Javier-Milei-presidente-da-Argentina-715x402.jpg?fit=715%2C402&ssl=1&resize=525%2C300 1.5x, https:\/\/i0.wp.com\/noticiasribeiraopreto.com.br\/wp-content\/uploads\/2023\/12\/Javier-Milei-presidente-da-Argentina-715x402.jpg?fit=715%2C402&ssl=1&resize=700%2C400 2x"},"classes":[]},{"id":13569,"url":"https:\/\/noticiasribeiraopreto.com.br\/index.php\/2023\/12\/10\/javier-milei-toma-posse-como-novo-presidente-da-argentina\/","url_meta":{"origin":35786,"position":3},"title":"Javier Milei toma posse como novo presidente da Argentina","author":"noticiasribeiraopreto.com.br","date":"10 de December de 2023","format":false,"excerpt":"10 de dezembro de 2023 | 15:29 0Eleito em novembro ap\u00f3s derrotar o peronista Sergio Massa nas urnas, o novo presidente da Argentina, Javier Milei, tomou posse neste domingo (10).A cerim\u00f4nia no Congresso Nacional come\u00e7ou por volta das 11h15, sem a presen\u00e7a de Milei, e foi conduzida pela presidente do\u2026","rel":"","context":"In &quot;Not\u00edcias de Ribeir\u00e3o Preto-SP e Regi\u00e3o&quot;","block_context":{"text":"Not\u00edcias de Ribeir\u00e3o Preto-SP e Regi\u00e3o","link":"https:\/\/noticiasribeiraopreto.com.br\/index.php\/category\/noticias-de-ribeirao-preto-sp-e-regiao-ismael-colosi\/"},"img":{"alt_text":"","src":"https:\/\/i0.wp.com\/noticiasribeiraopreto.com.br\/wp-content\/uploads\/2023\/12\/milei-scaled.jpg?fit=1000%2C598&ssl=1&resize=350%2C200","width":350,"height":200,"srcset":"https:\/\/i0.wp.com\/noticiasribeiraopreto.com.br\/wp-content\/uploads\/2023\/12\/milei-scaled.jpg?fit=1000%2C598&ssl=1&resize=350%2C200 1x, https:\/\/i0.wp.com\/noticiasribeiraopreto.com.br\/wp-content\/uploads\/2023\/12\/milei-scaled.jpg?fit=1000%2C598&ssl=1&resize=525%2C300 1.5x, https:\/\/i0.wp.com\/noticiasribeiraopreto.com.br\/wp-content\/uploads\/2023\/12\/milei-scaled.jpg?fit=1000%2C598&ssl=1&resize=700%2C400 2x"},"classes":[]},{"id":13542,"url":"https:\/\/noticiasribeiraopreto.com.br\/index.php\/2023\/12\/10\/javier-milei-toma-posse-como-presidente-da-argentina-com-promessa-de-ajuste-fiscal-e-primeiro-gole-amargo-nenhum-governo-recebeu-pais-em-situacao-pior\/","url_meta":{"origin":35786,"position":4},"title":"Javier Milei toma posse como presidente da Argentina com promessa de ajuste fiscal e &#8216;primeiro gole amargo&#8217;: &#8216;nenhum governo recebeu pa\u00eds em situa\u00e7\u00e3o pior&#8217;","author":"noticiasribeiraopreto.com.br","date":"10 de December de 2023","format":false,"excerpt":"O libert\u00e1rio Javier Milei tomou posse como presidente da Argentina neste domingo (10) prometendo ajuste fiscal e um tratamento de choque para resolver os problemas econ\u00f4micos do pa\u00eds, mergulhado numa profunda crise. \"Nenhum governo recebeu situa\u00e7\u00e3o pior do que essa que estamos recebendo\", disse, em seu discurso de posse. \"Vou\u2026","rel":"","context":"In &quot;Dinheiro e Investimento&quot;","block_context":{"text":"Dinheiro e Investimento","link":"https:\/\/noticiasribeiraopreto.com.br\/index.php\/category\/dinheiro-e-investimento-como-fazer-como-ganhar\/"},"img":{"alt_text":"","src":"https:\/\/i0.wp.com\/noticiasribeiraopreto.com.br\/wp-content\/uploads\/2023\/12\/Javier-Milei-715x402.jpg?fit=715%2C402&ssl=1&resize=350%2C200","width":350,"height":200,"srcset":"https:\/\/i0.wp.com\/noticiasribeiraopreto.com.br\/wp-content\/uploads\/2023\/12\/Javier-Milei-715x402.jpg?fit=715%2C402&ssl=1&resize=350%2C200 1x, https:\/\/i0.wp.com\/noticiasribeiraopreto.com.br\/wp-content\/uploads\/2023\/12\/Javier-Milei-715x402.jpg?fit=715%2C402&ssl=1&resize=525%2C300 1.5x, https:\/\/i0.wp.com\/noticiasribeiraopreto.com.br\/wp-content\/uploads\/2023\/12\/Javier-Milei-715x402.jpg?fit=715%2C402&ssl=1&resize=700%2C400 2x"},"classes":[]},{"id":33173,"url":"https:\/\/noticiasribeiraopreto.com.br\/index.php\/2024\/01\/28\/razao-pessoal-o-que-esta-por-tras-da-saida-relampago-de-um-ministro-na-argentina-e-o-que-milei-fara-agora\/","url_meta":{"origin":35786,"position":5},"title":"Raz\u00e3o pessoal? O que est\u00e1 por tr\u00e1s da sa\u00edda rel\u00e2mpago de um ministro na Argentina e o que Milei far\u00e1 agora","author":"noticiasribeiraopreto.com.br","date":"28 de January de 2024","format":false,"excerpt":"Javier Milei n\u00e3o completou dois meses no comando da Argentina e j\u00e1 enfrentou a primeira paralisa\u00e7\u00e3o geral de seu governo e agora encara mais um desafio: a ren\u00fancia de um de seus escolhidos como ministro.\u00a0 Em comunicado oficial, o governo diz que o ministro de Infraestrutura da Argentina, Guillermo Ferraro,\u2026","rel":"","context":"In &quot;Dinheiro e Investimento&quot;","block_context":{"text":"Dinheiro e Investimento","link":"https:\/\/noticiasribeiraopreto.com.br\/index.php\/category\/dinheiro-e-investimento-como-fazer-como-ganhar\/"},"img":{"alt_text":"","src":"https:\/\/i0.wp.com\/noticiasribeiraopreto.com.br\/wp-content\/uploads\/2024\/01\/1706453104_Javier-Milei-presidente-da-Argentina-715x402.jpg?fit=715%2C402&ssl=1&resize=350%2C200","width":350,"height":200,"srcset":"https:\/\/i0.wp.com\/noticiasribeiraopreto.com.br\/wp-content\/uploads\/2024\/01\/1706453104_Javier-Milei-presidente-da-Argentina-715x402.jpg?fit=715%2C402&ssl=1&resize=350%2C200 1x, https:\/\/i0.wp.com\/noticiasribeiraopreto.com.br\/wp-content\/uploads\/2024\/01\/1706453104_Javier-Milei-presidente-da-Argentina-715x402.jpg?fit=715%2C402&ssl=1&resize=525%2C300 1.5x, https:\/\/i0.wp.com\/noticiasribeiraopreto.com.br\/wp-content\/uploads\/2024\/01\/1706453104_Javier-Milei-presidente-da-Argentina-715x402.jpg?fit=715%2C402&ssl=1&resize=700%2C400 2x"},"classes":[]}],"jetpack_sharing_enabled":true,"jetpack_shortlink":"https:\/\/wp.me\/peQAOb-9jc","_links":{"self":[{"href":"https:\/\/noticiasribeiraopreto.com.br\/index.php\/wp-json\/wp\/v2\/posts\/35786","targetHints":{"allow":["GET"]}}],"collection":[{"href":"https:\/\/noticiasribeiraopreto.com.br\/index.php\/wp-json\/wp\/v2\/posts"}],"about":[{"href":"https:\/\/noticiasribeiraopreto.com.br\/index.php\/wp-json\/wp\/v2\/types\/post"}],"author":[{"embeddable":true,"href":"https:\/\/noticiasribeiraopreto.com.br\/index.php\/wp-json\/wp\/v2\/users\/1"}],"replies":[{"embeddable":true,"href":"https:\/\/noticiasribeiraopreto.com.br\/index.php\/wp-json\/wp\/v2\/comments?post=35786"}],"version-history":[{"count":0,"href":"https:\/\/noticiasribeiraopreto.com.br\/index.php\/wp-json\/wp\/v2\/posts\/35786\/revisions"}],"wp:featuredmedia":[{"embeddable":true,"href":"https:\/\/noticiasribeiraopreto.com.br\/index.php\/wp-json\/wp\/v2\/media\/35787"}],"wp:attachment":[{"href":"https:\/\/noticiasribeiraopreto.com.br\/index.php\/wp-json\/wp\/v2\/media?parent=35786"}],"wp:term":[{"taxonomy":"category","embeddable":true,"href":"https:\/\/noticiasribeiraopreto.com.br\/index.php\/wp-json\/wp\/v2\/categories?post=35786"},{"taxonomy":"post_tag","embeddable":true,"href":"https:\/\/noticiasribeiraopreto.com.br\/index.php\/wp-json\/wp\/v2\/tags?post=35786"}],"curies":[{"name":"wp","href":"https:\/\/api.w.org\/{rel}","templated":true}]}}