{"id":35805,"date":"2024-02-07T14:26:53","date_gmt":"2024-02-07T17:26:53","guid":{"rendered":"https:\/\/noticiasribeiraopreto.com.br\/index.php\/2024\/02\/07\/parque-permanente-de-exposicoes-de-ribeirao-preto-sofre-com-abandono-e-vandalismo-veja-fotos\/"},"modified":"2024-02-07T14:26:53","modified_gmt":"2024-02-07T17:26:53","slug":"parque-permanente-de-exposicoes-de-ribeirao-preto-sofre-com-abandono-e-vandalismo-veja-fotos","status":"publish","type":"post","link":"https:\/\/noticiasribeiraopreto.com.br\/index.php\/2024\/02\/07\/parque-permanente-de-exposicoes-de-ribeirao-preto-sofre-com-abandono-e-vandalismo-veja-fotos\/","title":{"rendered":"Parque Permanente de Exposi\u00e7\u00f5es de Ribeir\u00e3o Preto sofre com abandono e vandalismo; Veja fotos"},"content":{"rendered":"<div class='code-block code-block-1' style='margin: 8px 0 8px auto; text-align: right; display: block; clear: both;'>\n<p><a href=\"https:\/\/wa.link\/vpicfd\"><img data-recalc-dims=\"1\" class=\"wp-image-4922\" style=\"aspect-ratio: 2.0253164556962027; width: 561px; height: auto;\" src=\"https:\/\/i0.wp.com\/ismaelcolosi.com.br\/wp-content\/uploads\/2023\/11\/grupo-de-empregos-whatsapp-e-facebook-ismael-colosi-vagas.jpg?ssl=1\" alt=\"\" \/><\/a><\/p>\n<!-- \/wp:image -->\n<\/div>\n<p> <br \/>\n<\/p>\n<div>\n<p>O<strong> Parque Permanente de Exposi\u00e7\u00f5es de Ribeir\u00e3o Preto<\/strong>, localizado na avenida Orestes Lopes de Camargo, sofre com abandono e falta de manuten\u00e7\u00e3o, mesmo sendo palco de grandes eventos na cidade.<\/p>\n<p><strong>O local \u00e9 mantido pela Prefeitura e vem sendo alvo de v\u00e2ndalos, que destru\u00edram instala\u00e7\u00f5es e danificaram estruturas nos \u00faltimos anos.<\/strong> <mark style=\"background-color:#fcb900\" class=\"has-inline-color\">A situa\u00e7\u00e3o chama a aten\u00e7\u00e3o de quem vive na regi\u00e3o.<\/mark><\/p>\n<blockquote class=\"wp-block-quote\">\n<p class=\"has-text-align-left\">\u201cIsso aqui era um \u2018brinco\u2019 de Ribeir\u00e3o. O povo n\u00e3o est\u00e1 olhando o patrim\u00f4nio que t\u00eam nas m\u00e3os\u201d, disse O MOTORISTA APOSENTADO Marcelo Alu\u00edsio Silveira, em entrevista a EPTV.<\/p>\n<\/blockquote>\n<p>O local foi constru\u00eddo em 1975 pela <strong>Companhia de Desenvolvimento de Ribeir\u00e3o Preto (CODERP)<\/strong>, para abrigar a <strong>Feira Agropecu\u00e1ria da Alta Mogiana (Feapam)<\/strong>. Na \u00e9poca, o parque era a \u00fanica \u00e1rea coberta de Ribeir\u00e3o que comportaria a implanta\u00e7\u00e3o e o desenvolvimento regional de uma exposi\u00e7\u00e3o de \u00e2mbito nacional.<\/p>\n<p><mark style=\"background-color:#fcb900\" class=\"has-inline-color\">Anos depois da constru\u00e7\u00e3o, o local continua recebendo diversas atra\u00e7\u00f5es<\/mark>. Em abril, por exemplo, o espa\u00e7o abriga o <strong>Ribeir\u00e3o Rodeo Music<\/strong> e em junho recebe o <strong>Festival Jo\u00e3o Rock<\/strong>, um dos maiores eventos de m\u00fasica do Brasil.<\/p>\n<h4 class=\"wp-block-heading\"><strong>Os problemas<\/strong><\/h4>\n<p>O espa\u00e7o n\u00e3o possui uma manuten\u00e7\u00e3o adequada e est\u00e1 com <strong>diversos problemas de infraestrutura<\/strong> na maioria dos galp\u00f5es existentes. Al\u00e9m disso, <strong>janelas est\u00e3o quebradas<\/strong>, o <strong>mato est\u00e1 alto<\/strong> e <strong>parte das estruturas met\u00e1licas est\u00e1 danificada<\/strong>.<\/p>\n<p>A <strong>entrada <\/strong>do Parque Permanente de Exposi\u00e7\u00f5es <strong>est\u00e1 com buraco<\/strong> e os <strong>muros da bilheteria est\u00e3o pichados<\/strong>. Diversos materiais de constru\u00e7\u00e3o, lixo org\u00e2nico e dom\u00e9stico est\u00e3o sendo descartados de forma irregular no local.<\/p>\n<p>Al\u00e9m disso, os muros quebrados do parque est\u00e3o sendo <strong>utilizados como passagem de carros e motos para que os mesmos possam cortar caminho.<\/strong><\/p>\n<h4 class=\"wp-block-heading\"><strong>O outro<\/strong> <strong>lado<\/strong><\/h4>\n<p>Em nota, a <strong>Prefeitura de Ribeir\u00e3o Preto<\/strong> informou que o local recebe rondas peri\u00f3dicas da Guarda Civil Metropolitana (GCM).<\/p>\n<p>O \u00f3rg\u00e3o tamb\u00e9m disse que est\u00e1 sendo finalizada a regulariza\u00e7\u00e3o da \u00e1rea, incorporando as matr\u00edculas e as corre\u00e7\u00f5es, portanto, assim que tudo estiver feito em uma documenta\u00e7\u00e3o \u00fanica, ser\u00e1 definida a destina\u00e7\u00e3o ideal da \u00e1rea.<\/p>\n<h4 class=\"wp-block-heading\"><strong>Veja as fotos de como est\u00e1 o local<\/strong><\/h4>\n<p><em><strong>Fotos: <\/strong>Reprodu\u00e7\u00e3o \/ EPTV<\/em><\/p>\n<figure class=\"wp-block-gallery has-nested-images columns-default is-cropped wp-block-gallery-1 is-layout-flex\">\n<figure class=\"wp-block-image size-large\"><img data-recalc-dims=\"1\" loading=\"lazy\" decoding=\"async\" width=\"649\" height=\"340\" data-id=\"69394\" src=\"https:\/\/i0.wp.com\/www.acidadeon.com\/ribeiraopreto\/wp-content\/uploads\/sites\/3\/2024\/02\/IMG_0043.jpeg?resize=649%2C340&#038;ssl=1\" alt=\"\" class=\"wp-image-69394\" srcset=\"https:\/\/www.acidadeon.com\/ribeiraopreto\/wp-content\/uploads\/sites\/3\/2024\/02\/IMG_0043.jpeg 649w, https:\/\/www.acidadeon.com\/ribeiraopreto\/wp-content\/uploads\/sites\/3\/2024\/02\/IMG_0043-300x157.jpeg 300w\" sizes=\"auto, (max-width: 649px) 100vw, 649px\"\/><\/figure>\n<figure class=\"wp-block-image size-large\"><img data-recalc-dims=\"1\" decoding=\"async\" loading=\"lazy\" width=\"629\" height=\"331\" data-id=\"69395\" src=\"https:\/\/i0.wp.com\/www.acidadeon.com\/ribeiraopreto\/wp-content\/uploads\/sites\/3\/2024\/02\/IMG_0046.jpeg?resize=629%2C331&#038;ssl=1\" alt=\"\" class=\"wp-image-69395\" srcset=\"https:\/\/www.acidadeon.com\/ribeiraopreto\/wp-content\/uploads\/sites\/3\/2024\/02\/IMG_0046.jpeg 629w, https:\/\/www.acidadeon.com\/ribeiraopreto\/wp-content\/uploads\/sites\/3\/2024\/02\/IMG_0046-300x158.jpeg 300w\" sizes=\"auto, (max-width: 629px) 100vw, 629px\"\/><\/figure>\n<figure class=\"wp-block-image size-large\"><img data-recalc-dims=\"1\" decoding=\"async\" loading=\"lazy\" width=\"655\" height=\"342\" data-id=\"69396\" src=\"https:\/\/i0.wp.com\/www.acidadeon.com\/ribeiraopreto\/wp-content\/uploads\/sites\/3\/2024\/02\/IMG_0045.jpeg?resize=655%2C342&#038;ssl=1\" alt=\"\" class=\"wp-image-69396\" srcset=\"https:\/\/www.acidadeon.com\/ribeiraopreto\/wp-content\/uploads\/sites\/3\/2024\/02\/IMG_0045.jpeg 655w, https:\/\/www.acidadeon.com\/ribeiraopreto\/wp-content\/uploads\/sites\/3\/2024\/02\/IMG_0045-300x157.jpeg 300w\" sizes=\"auto, (max-width: 655px) 100vw, 655px\"\/><\/figure>\n<figure class=\"wp-block-image size-large\"><img data-recalc-dims=\"1\" decoding=\"async\" loading=\"lazy\" width=\"651\" height=\"343\" data-id=\"69397\" src=\"https:\/\/i0.wp.com\/www.acidadeon.com\/ribeiraopreto\/wp-content\/uploads\/sites\/3\/2024\/02\/IMG_0044.jpeg?resize=651%2C343&#038;ssl=1\" alt=\"\" class=\"wp-image-69397\" srcset=\"https:\/\/www.acidadeon.com\/ribeiraopreto\/wp-content\/uploads\/sites\/3\/2024\/02\/IMG_0044.jpeg 651w, https:\/\/www.acidadeon.com\/ribeiraopreto\/wp-content\/uploads\/sites\/3\/2024\/02\/IMG_0044-300x158.jpeg 300w\" sizes=\"auto, (max-width: 651px) 100vw, 651px\"\/><\/figure>\n<figure class=\"wp-block-image size-large\"><img data-recalc-dims=\"1\" decoding=\"async\" loading=\"lazy\" width=\"613\" height=\"334\" data-id=\"69398\" src=\"https:\/\/i0.wp.com\/www.acidadeon.com\/ribeiraopreto\/wp-content\/uploads\/sites\/3\/2024\/02\/IMG_0041.jpeg?resize=613%2C334&#038;ssl=1\" alt=\"\" class=\"wp-image-69398\" srcset=\"https:\/\/www.acidadeon.com\/ribeiraopreto\/wp-content\/uploads\/sites\/3\/2024\/02\/IMG_0041.jpeg 613w, https:\/\/www.acidadeon.com\/ribeiraopreto\/wp-content\/uploads\/sites\/3\/2024\/02\/IMG_0041-300x163.jpeg 300w\" sizes=\"auto, (max-width: 613px) 100vw, 613px\"\/><\/figure>\n<figure class=\"wp-block-image size-large\"><img data-recalc-dims=\"1\" decoding=\"async\" loading=\"lazy\" width=\"651\" height=\"346\" data-id=\"69399\" src=\"https:\/\/i0.wp.com\/www.acidadeon.com\/ribeiraopreto\/wp-content\/uploads\/sites\/3\/2024\/02\/IMG_0042.jpeg?resize=651%2C346&#038;ssl=1\" alt=\"\" class=\"wp-image-69399\" srcset=\"https:\/\/www.acidadeon.com\/ribeiraopreto\/wp-content\/uploads\/sites\/3\/2024\/02\/IMG_0042.jpeg 651w, https:\/\/www.acidadeon.com\/ribeiraopreto\/wp-content\/uploads\/sites\/3\/2024\/02\/IMG_0042-300x159.jpeg 300w\" sizes=\"auto, (max-width: 651px) 100vw, 651px\"\/><\/figure>\n<figure class=\"wp-block-image size-large\"><img data-recalc-dims=\"1\" decoding=\"async\" loading=\"lazy\" width=\"690\" height=\"335\" data-id=\"69400\" src=\"https:\/\/i0.wp.com\/www.acidadeon.com\/ribeiraopreto\/wp-content\/uploads\/sites\/3\/2024\/02\/IMG_0048.jpeg?resize=690%2C335&#038;ssl=1\" alt=\"\" class=\"wp-image-69400\" srcset=\"https:\/\/www.acidadeon.com\/ribeiraopreto\/wp-content\/uploads\/sites\/3\/2024\/02\/IMG_0048.jpeg 690w, https:\/\/www.acidadeon.com\/ribeiraopreto\/wp-content\/uploads\/sites\/3\/2024\/02\/IMG_0048-300x146.jpeg 300w\" sizes=\"auto, (max-width: 690px) 100vw, 690px\"\/><\/figure>\n<figure class=\"wp-block-image size-large\"><img data-recalc-dims=\"1\" decoding=\"async\" loading=\"lazy\" width=\"634\" height=\"335\" data-id=\"69401\" src=\"https:\/\/i0.wp.com\/www.acidadeon.com\/ribeiraopreto\/wp-content\/uploads\/sites\/3\/2024\/02\/IMG_0049.jpeg?resize=634%2C335&#038;ssl=1\" alt=\"\" class=\"wp-image-69401\" srcset=\"https:\/\/www.acidadeon.com\/ribeiraopreto\/wp-content\/uploads\/sites\/3\/2024\/02\/IMG_0049.jpeg 634w, https:\/\/www.acidadeon.com\/ribeiraopreto\/wp-content\/uploads\/sites\/3\/2024\/02\/IMG_0049-300x159.jpeg 300w\" sizes=\"auto, (max-width: 634px) 100vw, 634px\"\/><\/figure>\n<\/figure>\n<p><em>*Com informa\u00e7\u00f5es da EPTV<br \/><\/em><\/p>\n<p>SAIBA MAIS<\/p>\n<p>Ta\u00e7a EPTV de Futsal Ribeir\u00e3o Preto abre inscri\u00e7\u00f5es para edi\u00e7\u00e3o de 2024; Confira o calend\u00e1rio<\/p>\n<h4 class=\"wp-block-heading\"><strong><mark style=\"background-color:#fcb900\" class=\"has-inline-color\">FIQUE ON<\/mark><\/strong><\/h4>\n<p>Fique ligado em tudo que acontece em Ribeir\u00e3o Preto e regi\u00e3o. Siga os perfis do\u00a0<strong>acidade on\u00a0<\/strong>no\u00a0<a href=\"https:\/\/www.instagram.com\/acidadeonribeirao\" target=\"_blank\" rel=\"noreferrer noopener\">Instagram<\/a>\u00a0e no\u00a0<a href=\"https:\/\/www.facebook.com\/acidadeonribeirao\" target=\"_blank\" rel=\"noreferrer noopener\">Facebook<\/a>.<\/p>\n<p>Receba not\u00edcias do\u00a0<strong>acidade on<\/strong>\u00a0no WhatsApp.\u00a0<a href=\"https:\/\/chat.whatsapp.com\/Bnv2w66ZT4VDyZW3oiZ69n\" target=\"_blank\" rel=\"noreferrer noopener\">Para entrar no grupo, basta clicar aqui.<\/a><\/p>\n<p>Fa\u00e7a uma den\u00fancia ou sugira uma reportagem sobre Ribeir\u00e3o Preto e regi\u00e3o pelo WhatsApp:\u00a016 99117 7802.<\/p>\n<p>VEJA TAMB\u00c9M<br \/>Quando come\u00e7a \u201cEstrela da Casa\u201d, novo reality musical da Globo?<\/p>\n<p><!-- AI CONTENT END 1 -->\n<\/div>\n<p><script async src=\"\/\/www.instagram.com\/embed.js\"><\/script><br \/>\n<br \/><br \/>\n<br \/><a href=\"https:\/\/www.acidadeon.com\/ribeiraopreto\/cotidiano\/parque-permanente-de-exposicoes-de-ribeirao-preto-sofre-com-abandono-e-vandalismo-veja-fotos\/\">Source link <\/a><\/p>\n<!-- CONTENT END 1 -->\n","protected":false},"excerpt":{"rendered":"<p>O Parque Permanente de Exposi\u00e7\u00f5es de Ribeir\u00e3o Preto, localizado na avenida Orestes Lopes de Camargo, sofre com abandono e falta de manuten\u00e7\u00e3o, mesmo sendo palco&#8230;<\/p>\n","protected":false},"author":1,"featured_media":35806,"comment_status":"open","ping_status":"open","sticky":false,"template":"","format":"standard","meta":{"advanced_seo_description":"","jetpack_seo_html_title":"","jetpack_seo_noindex":false,"jetpack_post_was_ever_published":false,"_jetpack_newsletter_access":"","_jetpack_dont_email_post_to_subs":false,"_jetpack_newsletter_tier_id":0,"_jetpack_memberships_contains_paywalled_content":false,"_jetpack_memberships_contains_paid_content":false,"footnotes":"","jetpack_publicize_message":"","jetpack_publicize_feature_enabled":true,"jetpack_social_post_already_shared":true,"jetpack_social_options":{"image_generator_settings":{"template":"highway","default_image_id":0,"font":"","enabled":false},"version":2}},"categories":[11],"tags":[],"class_list":["post-35805","post","type-post","status-publish","format-standard","has-post-thumbnail","hentry","category-noticias-de-ribeirao-preto-sp-e-regiao-ismael-colosi"],"jetpack_publicize_connections":[],"jetpack_featured_media_url":"https:\/\/i0.wp.com\/noticiasribeiraopreto.com.br\/wp-content\/uploads\/2024\/02\/IMG_0041.jpeg?fit=613%2C334&ssl=1","jetpack-related-posts":[{"id":65234,"url":"https:\/\/noticiasribeiraopreto.com.br\/index.php\/2025\/03\/17\/prefeitura-muda-gestao-do-parque-permanente-de-exposicoes-de-ribeirao-preto\/","url_meta":{"origin":35805,"position":0},"title":"Prefeitura muda gest\u00e3o do Parque Permanente de Exposi\u00e7\u00f5es de Ribeir\u00e3o Preto","author":"noticiasribeiraopreto.com.br","date":"17 de March de 2025","format":false,"excerpt":"O prefeito de Ribeir\u00e3o Preto, Ricardo Silva (PSD), sancionou nesta segunda-feira (17)\u00a0 o projeto de lei complementar que transfere para Secretaria Municipal de Administra\u00e7\u00e3o a gest\u00e3o do Parque Permanente de Exposi\u00e7\u00f5es. Atualmente, o parque \u00e9 gerido pela Secretaria Municipal de Inova\u00e7\u00e3o e Desenvolvimento. A Secretaria Municipal de Administra\u00e7\u00e3o de Ribeir\u00e3o\u2026","rel":"","context":"In &quot;Not\u00edcias de Ribeir\u00e3o Preto-SP e Regi\u00e3o&quot;","block_context":{"text":"Not\u00edcias de Ribeir\u00e3o Preto-SP e Regi\u00e3o","link":"https:\/\/noticiasribeiraopreto.com.br\/index.php\/category\/noticias-de-ribeirao-preto-sp-e-regiao-ismael-colosi\/"},"img":{"alt_text":"","src":"https:\/\/i0.wp.com\/noticiasribeiraopreto.com.br\/wp-content\/uploads\/2025\/03\/parque-permanente-de-exposicoes-1.jpg?fit=1053%2C576&ssl=1&resize=350%2C200","width":350,"height":200,"srcset":"https:\/\/i0.wp.com\/noticiasribeiraopreto.com.br\/wp-content\/uploads\/2025\/03\/parque-permanente-de-exposicoes-1.jpg?fit=1053%2C576&ssl=1&resize=350%2C200 1x, https:\/\/i0.wp.com\/noticiasribeiraopreto.com.br\/wp-content\/uploads\/2025\/03\/parque-permanente-de-exposicoes-1.jpg?fit=1053%2C576&ssl=1&resize=525%2C300 1.5x, https:\/\/i0.wp.com\/noticiasribeiraopreto.com.br\/wp-content\/uploads\/2025\/03\/parque-permanente-de-exposicoes-1.jpg?fit=1053%2C576&ssl=1&resize=700%2C400 2x, https:\/\/i0.wp.com\/noticiasribeiraopreto.com.br\/wp-content\/uploads\/2025\/03\/parque-permanente-de-exposicoes-1.jpg?fit=1053%2C576&ssl=1&resize=1050%2C600 3x"},"classes":[]},{"id":24733,"url":"https:\/\/noticiasribeiraopreto.com.br\/index.php\/2024\/01\/05\/guarda-apreende-ferro-furtado-do-parque-permanente-de-ribeirao-preto\/","url_meta":{"origin":35805,"position":1},"title":"Guarda apreende ferro furtado do Parque Permanente de Ribeir\u00e3o Preto","author":"noticiasribeiraopreto.com.br","date":"5 de January de 2024","format":false,"excerpt":"A GCM (Guarda Civil Metropolitana) de Ribeir\u00e3o Preto apreendeu mais de uma tonelada de ferro em um ferro-velho que teria sido retirado do Parque Permanente de Exposi\u00e7\u00f5es, na zona Norte. A apreens\u00e3o aconteceu na quarta-feira (3) e uma pessoa foi detida, por\u00e9m liberada em seguida. Segundo a GCM, o ferro-velho\u2026","rel":"","context":"In &quot;Not\u00edcias de Ribeir\u00e3o Preto-SP e Regi\u00e3o&quot;","block_context":{"text":"Not\u00edcias de Ribeir\u00e3o Preto-SP e Regi\u00e3o","link":"https:\/\/noticiasribeiraopreto.com.br\/index.php\/category\/noticias-de-ribeirao-preto-sp-e-regiao-ismael-colosi\/"},"img":{"alt_text":"","src":"https:\/\/i0.wp.com\/noticiasribeiraopreto.com.br\/wp-content\/uploads\/2024\/01\/parque-permanente-de-exposicoes-1.jpg?fit=1053%2C576&ssl=1&resize=350%2C200","width":350,"height":200,"srcset":"https:\/\/i0.wp.com\/noticiasribeiraopreto.com.br\/wp-content\/uploads\/2024\/01\/parque-permanente-de-exposicoes-1.jpg?fit=1053%2C576&ssl=1&resize=350%2C200 1x, https:\/\/i0.wp.com\/noticiasribeiraopreto.com.br\/wp-content\/uploads\/2024\/01\/parque-permanente-de-exposicoes-1.jpg?fit=1053%2C576&ssl=1&resize=525%2C300 1.5x, https:\/\/i0.wp.com\/noticiasribeiraopreto.com.br\/wp-content\/uploads\/2024\/01\/parque-permanente-de-exposicoes-1.jpg?fit=1053%2C576&ssl=1&resize=700%2C400 2x, https:\/\/i0.wp.com\/noticiasribeiraopreto.com.br\/wp-content\/uploads\/2024\/01\/parque-permanente-de-exposicoes-1.jpg?fit=1053%2C576&ssl=1&resize=1050%2C600 3x"},"classes":[]},{"id":79974,"url":"https:\/\/noticiasribeiraopreto.com.br\/index.php\/2025\/11\/12\/camara-quer-barrar-eventos-em-parque\/","url_meta":{"origin":35805,"position":2},"title":"C\u00e2mara quer barrar eventos em parque","author":"noticiasribeiraopreto.com.br","date":"12 de November de 2025","format":false,"excerpt":"12 de novembro de 2025 08:1410 Compartilhar0Projeto de lei em analise pelos vereadores pro\u00edbe a realiza\u00e7\u00e3o de qualquer evento no Parque Permanente de Exposi\u00e7\u00f5esProjeto de lei complementar protocolado na C\u00e2mara de Vereadores, na sess\u00e3o de segunda-feira, 10 de novembro, pretende impedir a realiza\u00e7\u00e3o de qualquer tipo de evento no Parque\u2026","rel":"","context":"In &quot;Not\u00edcias de Ribeir\u00e3o Preto-SP e Regi\u00e3o&quot;","block_context":{"text":"Not\u00edcias de Ribeir\u00e3o Preto-SP e Regi\u00e3o","link":"https:\/\/noticiasribeiraopreto.com.br\/index.php\/category\/noticias-de-ribeirao-preto-sp-e-regiao-ismael-colosi\/"},"img":{"alt_text":"","src":"https:\/\/i0.wp.com\/noticiasribeiraopreto.com.br\/wp-content\/uploads\/2025\/11\/Feapam-Alfredo-Risk-Arquivo-scaled.jpg?fit=1170%2C780&ssl=1&resize=350%2C200","width":350,"height":200,"srcset":"https:\/\/i0.wp.com\/noticiasribeiraopreto.com.br\/wp-content\/uploads\/2025\/11\/Feapam-Alfredo-Risk-Arquivo-scaled.jpg?fit=1170%2C780&ssl=1&resize=350%2C200 1x, https:\/\/i0.wp.com\/noticiasribeiraopreto.com.br\/wp-content\/uploads\/2025\/11\/Feapam-Alfredo-Risk-Arquivo-scaled.jpg?fit=1170%2C780&ssl=1&resize=525%2C300 1.5x, https:\/\/i0.wp.com\/noticiasribeiraopreto.com.br\/wp-content\/uploads\/2025\/11\/Feapam-Alfredo-Risk-Arquivo-scaled.jpg?fit=1170%2C780&ssl=1&resize=700%2C400 2x, https:\/\/i0.wp.com\/noticiasribeiraopreto.com.br\/wp-content\/uploads\/2025\/11\/Feapam-Alfredo-Risk-Arquivo-scaled.jpg?fit=1170%2C780&ssl=1&resize=1050%2C600 3x"},"classes":[]},{"id":65232,"url":"https:\/\/noticiasribeiraopreto.com.br\/index.php\/2025\/03\/17\/parque-olhos-dagua-tem-data-para-ser-reaberto-veja-quando\/","url_meta":{"origin":35805,"position":3},"title":"Parque Olhos D\u2019\u00c1gua tem data para ser reaberto; Veja quando","author":"noticiasribeiraopreto.com.br","date":"17 de March de 2025","format":false,"excerpt":"Ap\u00f3s quatro anos fechado, o Parque Olhos D\u2019\u00c1gua, na zona Sul de Ribeir\u00e3o Preto, reabre suas portas no dia 30 de mar\u00e7o. De acordo com a Prefeitura, foi comprovado que o local \u00e9 seguro para visitantes. Em fevereiro deste ano, o prefeito Ricardo Silva (PSD) havia publicado um v\u00eddeo em\u2026","rel":"","context":"In &quot;Not\u00edcias de Ribeir\u00e3o Preto-SP e Regi\u00e3o&quot;","block_context":{"text":"Not\u00edcias de Ribeir\u00e3o Preto-SP e Regi\u00e3o","link":"https:\/\/noticiasribeiraopreto.com.br\/index.php\/category\/noticias-de-ribeirao-preto-sp-e-regiao-ismael-colosi\/"},"img":{"alt_text":"","src":"https:\/\/i0.wp.com\/noticiasribeiraopreto.com.br\/wp-content\/uploads\/2025\/03\/parque_olhos_dagua_-_foto_fernando_gonzaga_2_2025-03-17_21-23-39_jpg_2025-03-17_21-23-39.webp.webp?fit=1200%2C800&ssl=1&resize=350%2C200","width":350,"height":200,"srcset":"https:\/\/i0.wp.com\/noticiasribeiraopreto.com.br\/wp-content\/uploads\/2025\/03\/parque_olhos_dagua_-_foto_fernando_gonzaga_2_2025-03-17_21-23-39_jpg_2025-03-17_21-23-39.webp.webp?fit=1200%2C800&ssl=1&resize=350%2C200 1x, https:\/\/i0.wp.com\/noticiasribeiraopreto.com.br\/wp-content\/uploads\/2025\/03\/parque_olhos_dagua_-_foto_fernando_gonzaga_2_2025-03-17_21-23-39_jpg_2025-03-17_21-23-39.webp.webp?fit=1200%2C800&ssl=1&resize=525%2C300 1.5x, https:\/\/i0.wp.com\/noticiasribeiraopreto.com.br\/wp-content\/uploads\/2025\/03\/parque_olhos_dagua_-_foto_fernando_gonzaga_2_2025-03-17_21-23-39_jpg_2025-03-17_21-23-39.webp.webp?fit=1200%2C800&ssl=1&resize=700%2C400 2x, https:\/\/i0.wp.com\/noticiasribeiraopreto.com.br\/wp-content\/uploads\/2025\/03\/parque_olhos_dagua_-_foto_fernando_gonzaga_2_2025-03-17_21-23-39_jpg_2025-03-17_21-23-39.webp.webp?fit=1200%2C800&ssl=1&resize=1050%2C600 3x"},"classes":[]},{"id":48910,"url":"https:\/\/noticiasribeiraopreto.com.br\/index.php\/2024\/05\/07\/veja-onde-sera-o-show-do-henrique-e-juliano-em-ribeirao-preto\/","url_meta":{"origin":35805,"position":4},"title":"Veja onde ser\u00e1 o show do Henrique e Juliano em Ribeir\u00e3o Preto","author":"noticiasribeiraopreto.com.br","date":"7 de May de 2024","format":false,"excerpt":"A dupla sertaneja Henrique e Juliano confirmou em abril, em uma rede social, que far\u00e1 show em Ribeir\u00e3o Preto no dia 10 de agosto. Na ocasi\u00e3o, n\u00e3o foi informado o local e nem o in\u00edcio da venda de ingressos. Nesta ter\u00e7a-feira (7), a organiza\u00e7\u00e3o do evento divulgou que o show\u2026","rel":"","context":"In &quot;Not\u00edcias de Ribeir\u00e3o Preto-SP e Regi\u00e3o&quot;","block_context":{"text":"Not\u00edcias de Ribeir\u00e3o Preto-SP e Regi\u00e3o","link":"https:\/\/noticiasribeiraopreto.com.br\/index.php\/category\/noticias-de-ribeirao-preto-sp-e-regiao-ismael-colosi\/"},"img":{"alt_text":"","src":"https:\/\/i0.wp.com\/noticiasribeiraopreto.com.br\/wp-content\/uploads\/2024\/05\/Capturar_2024-05-07_16-22-17_jpg_2024-05-07_16-22-17.webp.webp?fit=748%2C404&ssl=1&resize=350%2C200","width":350,"height":200,"srcset":"https:\/\/i0.wp.com\/noticiasribeiraopreto.com.br\/wp-content\/uploads\/2024\/05\/Capturar_2024-05-07_16-22-17_jpg_2024-05-07_16-22-17.webp.webp?fit=748%2C404&ssl=1&resize=350%2C200 1x, https:\/\/i0.wp.com\/noticiasribeiraopreto.com.br\/wp-content\/uploads\/2024\/05\/Capturar_2024-05-07_16-22-17_jpg_2024-05-07_16-22-17.webp.webp?fit=748%2C404&ssl=1&resize=525%2C300 1.5x, https:\/\/i0.wp.com\/noticiasribeiraopreto.com.br\/wp-content\/uploads\/2024\/05\/Capturar_2024-05-07_16-22-17_jpg_2024-05-07_16-22-17.webp.webp?fit=748%2C404&ssl=1&resize=700%2C400 2x"},"classes":[]},{"id":49304,"url":"https:\/\/noticiasribeiraopreto.com.br\/index.php\/2024\/05\/09\/saiba-onde-comprar-ingresso-para-o-show-de-henrique-e-juliano-em-ribeirao-preto\/","url_meta":{"origin":35805,"position":5},"title":"Saiba onde comprar ingresso para o show de Henrique e Juliano em Ribeir\u00e3o Preto","author":"noticiasribeiraopreto.com.br","date":"9 de May de 2024","format":false,"excerpt":"O in\u00edcio da venda de ingressos para o show da dupla sertaneja Henrique e Juliano, que acontece em Ribeir\u00e3o Preto no dia 10 de agosto, j\u00e1 tem data e locais definidos. O an\u00fancio feito pela organiza\u00e7\u00e3o do evento, no fim da tarde desta quinta-feira (9), \u00e9 de que as vendas\u2026","rel":"","context":"In &quot;Not\u00edcias de Ribeir\u00e3o Preto-SP e Regi\u00e3o&quot;","block_context":{"text":"Not\u00edcias de Ribeir\u00e3o Preto-SP e Regi\u00e3o","link":"https:\/\/noticiasribeiraopreto.com.br\/index.php\/category\/noticias-de-ribeirao-preto-sp-e-regiao-ismael-colosi\/"},"img":{"alt_text":"","src":"https:\/\/i0.wp.com\/noticiasribeiraopreto.com.br\/wp-content\/uploads\/2024\/05\/AnyConv.com__438241396_18435220777049984_331597487909274022_n_2024-05-09_22-01-45.webp.webp?fit=1200%2C675&ssl=1&resize=350%2C200","width":350,"height":200,"srcset":"https:\/\/i0.wp.com\/noticiasribeiraopreto.com.br\/wp-content\/uploads\/2024\/05\/AnyConv.com__438241396_18435220777049984_331597487909274022_n_2024-05-09_22-01-45.webp.webp?fit=1200%2C675&ssl=1&resize=350%2C200 1x, https:\/\/i0.wp.com\/noticiasribeiraopreto.com.br\/wp-content\/uploads\/2024\/05\/AnyConv.com__438241396_18435220777049984_331597487909274022_n_2024-05-09_22-01-45.webp.webp?fit=1200%2C675&ssl=1&resize=525%2C300 1.5x, https:\/\/i0.wp.com\/noticiasribeiraopreto.com.br\/wp-content\/uploads\/2024\/05\/AnyConv.com__438241396_18435220777049984_331597487909274022_n_2024-05-09_22-01-45.webp.webp?fit=1200%2C675&ssl=1&resize=700%2C400 2x, https:\/\/i0.wp.com\/noticiasribeiraopreto.com.br\/wp-content\/uploads\/2024\/05\/AnyConv.com__438241396_18435220777049984_331597487909274022_n_2024-05-09_22-01-45.webp.webp?fit=1200%2C675&ssl=1&resize=1050%2C600 3x"},"classes":[]}],"jetpack_sharing_enabled":true,"jetpack_shortlink":"https:\/\/wp.me\/peQAOb-9jv","_links":{"self":[{"href":"https:\/\/noticiasribeiraopreto.com.br\/index.php\/wp-json\/wp\/v2\/posts\/35805","targetHints":{"allow":["GET"]}}],"collection":[{"href":"https:\/\/noticiasribeiraopreto.com.br\/index.php\/wp-json\/wp\/v2\/posts"}],"about":[{"href":"https:\/\/noticiasribeiraopreto.com.br\/index.php\/wp-json\/wp\/v2\/types\/post"}],"author":[{"embeddable":true,"href":"https:\/\/noticiasribeiraopreto.com.br\/index.php\/wp-json\/wp\/v2\/users\/1"}],"replies":[{"embeddable":true,"href":"https:\/\/noticiasribeiraopreto.com.br\/index.php\/wp-json\/wp\/v2\/comments?post=35805"}],"version-history":[{"count":0,"href":"https:\/\/noticiasribeiraopreto.com.br\/index.php\/wp-json\/wp\/v2\/posts\/35805\/revisions"}],"wp:featuredmedia":[{"embeddable":true,"href":"https:\/\/noticiasribeiraopreto.com.br\/index.php\/wp-json\/wp\/v2\/media\/35806"}],"wp:attachment":[{"href":"https:\/\/noticiasribeiraopreto.com.br\/index.php\/wp-json\/wp\/v2\/media?parent=35805"}],"wp:term":[{"taxonomy":"category","embeddable":true,"href":"https:\/\/noticiasribeiraopreto.com.br\/index.php\/wp-json\/wp\/v2\/categories?post=35805"},{"taxonomy":"post_tag","embeddable":true,"href":"https:\/\/noticiasribeiraopreto.com.br\/index.php\/wp-json\/wp\/v2\/tags?post=35805"}],"curies":[{"name":"wp","href":"https:\/\/api.w.org\/{rel}","templated":true}]}}