{"id":35811,"date":"2024-02-07T15:03:03","date_gmt":"2024-02-07T18:03:03","guid":{"rendered":"https:\/\/noticiasribeiraopreto.com.br\/index.php\/2024\/02\/07\/celular-de-engenheiro-morto-em-ribeirao-preto-foi-vendido-entenda\/"},"modified":"2024-02-07T15:03:03","modified_gmt":"2024-02-07T18:03:03","slug":"celular-de-engenheiro-morto-em-ribeirao-preto-foi-vendido-entenda","status":"publish","type":"post","link":"https:\/\/noticiasribeiraopreto.com.br\/index.php\/2024\/02\/07\/celular-de-engenheiro-morto-em-ribeirao-preto-foi-vendido-entenda\/","title":{"rendered":"Celular de engenheiro morto em Ribeir\u00e3o Preto foi vendido; Entenda"},"content":{"rendered":"<div class='code-block code-block-1' style='margin: 8px 0 8px auto; text-align: right; display: block; clear: both;'>\n<p><a href=\"https:\/\/wa.link\/vpicfd\"><img data-recalc-dims=\"1\" class=\"wp-image-4922\" style=\"aspect-ratio: 2.0253164556962027; width: 561px; height: auto;\" src=\"https:\/\/i0.wp.com\/ismaelcolosi.com.br\/wp-content\/uploads\/2023\/11\/grupo-de-empregos-whatsapp-e-facebook-ismael-colosi-vagas.jpg?ssl=1\" alt=\"\" \/><\/a><\/p>\n<!-- \/wp:image -->\n<\/div>\n<p> <br \/>\n<\/p>\n<div>\n<p>O celular do engenheiro <strong>Paulo Roberto Carvalho Pena Braga Filho<\/strong>, morto em <strong>Ribeir\u00e3o Preto<\/strong> no final de 2023, foi vendido, de acordo com o delegado <strong>Targino Os\u00f3rio<\/strong>, respons\u00e1vel pela investiga\u00e7\u00e3o.<\/p>\n<p>Nesta quarta-feira (7), <mark style=\"background-color:#fcb900\" class=\"has-inline-color has-black-color\">o delegado ouviu o homem que teria recebido o aparelho de<strong> Marcelo Fernandes da Fonseca<\/strong>, um dos acusados de ter cometido o assassinato, para que o celular fosse revendido.<\/mark><\/p>\n<p>Al\u00e9m de Marcelo, a pol\u00edcia j\u00e1 prendeu <strong>Gabriel Sousa Brito<\/strong>, por envolvimento na morte do engenheiro. \u201cO importante era o depoimento dele. \u00c9 uma prova de que realmente o Marcelo estava com o celular, subtraiu o celular do Beto e entregou\u201d, afirma Targino.<\/p>\n<p><mark style=\"background-color:#fcb900\" class=\"has-inline-color has-black-color\">O delegado ainda disse que isso caracteriza que o aparelho foi roubado, o que configuraria o latroc\u00ednio. <\/mark>J\u00e1 o homem que recebeu o celular deve responder pelo crime de recepta\u00e7\u00e3o. O delegado aponta que o receptador n\u00e3o teve liga\u00e7\u00e3o com a morte de Paulo Roberto.<\/p>\n<h4 class=\"wp-block-heading\"><strong>O crime<\/strong><\/h4>\n<p>O engenheiro Paulo Roberto Carvalho Pena Braga Filho foi morto no final de dezembro de 2023. Segundo a pol\u00edcia, ele teria marcado um encontro por aplicativo, quando desapareceu.<\/p>\n<p>O engenheiro, que morava nos <strong>Estados Unidos<\/strong>, passava as festas de final de ano com a fam\u00edlia. No dia do desaparecimento, Paulo Roberto tinha avisado os familiares que iria se encontrar com amigos.<\/p>\n<p>Contudo, ele n\u00e3o retornou para casa. A m\u00e3e da v\u00edtima chegou a receber mensagens de uma pessoa que estaria com o celular de Paulo Roberto, afirmando que iria devolver o aparelho.<\/p>\n<p>No entanto, essa pessoa n\u00e3o apareceu no local marcado e come\u00e7ou a pedir as senhas de acesso. No dia 30 de dezembro, a v\u00edtima foi encontrada morta em um im\u00f3vel na<strong> avenida do Caf\u00e9<\/strong>, em Ribeir\u00e3o Preto.<\/p>\n<p>SAIBA MAIS<br \/>USP Ribeir\u00e3o precisa de volunt\u00e1rios para pesquisa sobre gordura nos rins<\/p>\n<h4 class=\"wp-block-heading\"><strong>FIQUE ON<\/strong><\/h4>\n<p>Fique ligado em tudo que acontece em Ribeir\u00e3o Preto e regi\u00e3o. Siga os perfis do<strong> acidade on <\/strong>no <a href=\"https:\/\/www.instagram.com\/acidadeonribeirao\" target=\"_blank\" rel=\"noreferrer noopener nofollow\">Instagram<\/a> e no <a href=\"https:\/\/www.facebook.com\/acidadeonribeirao\" target=\"_blank\" rel=\"noreferrer noopener nofollow\">Facebook<\/a>.<\/p>\n<p>Receba not\u00edcias do <strong>acidade on <\/strong>no WhatsApp. <a href=\"https:\/\/chat.whatsapp.com\/Bnv2w66ZT4VDyZW3oiZ69n\" target=\"_blank\" rel=\"noreferrer noopener nofollow\">Para entrar no grupo, basta clicar aqui.<\/a><\/p>\n<p>Fa\u00e7a uma den\u00fancia ou sugira uma reportagem sobre Ribeir\u00e3o Preto e regi\u00e3o pelo WhatsApp: 16 99117 7802.<\/p>\n<p>VEJA TAMB\u00c9M<br \/>BBB 24: Juninho fala sobre brigas com sisters no \u201cMais Voc\u00ea\u201d<\/p>\n<p><!-- AI CONTENT END 1 -->\n<\/div>\n<p><script async src=\"\/\/www.instagram.com\/embed.js\"><\/script><br \/>\n<br \/><br \/>\n<br \/><a href=\"https:\/\/www.acidadeon.com\/ribeiraopreto\/cotidiano\/celular-de-engenheiro-morto-ribeirao-preto-foi-vendido-entenda\/\">Source link <\/a><\/p>\n<!-- CONTENT END 1 -->\n","protected":false},"excerpt":{"rendered":"<p>O celular do engenheiro Paulo Roberto Carvalho Pena Braga Filho, morto em Ribeir\u00e3o Preto no final de 2023, foi vendido, de acordo com o delegado&#8230;<\/p>\n","protected":false},"author":1,"featured_media":35812,"comment_status":"open","ping_status":"open","sticky":false,"template":"","format":"standard","meta":{"advanced_seo_description":"","jetpack_seo_html_title":"","jetpack_seo_noindex":false,"jetpack_post_was_ever_published":false,"_jetpack_newsletter_access":"","_jetpack_dont_email_post_to_subs":false,"_jetpack_newsletter_tier_id":0,"_jetpack_memberships_contains_paywalled_content":false,"_jetpack_memberships_contains_paid_content":false,"footnotes":"","jetpack_publicize_message":"","jetpack_publicize_feature_enabled":true,"jetpack_social_post_already_shared":true,"jetpack_social_options":{"image_generator_settings":{"template":"highway","default_image_id":0,"font":"","enabled":false},"version":2}},"categories":[11],"tags":[],"class_list":["post-35811","post","type-post","status-publish","format-standard","has-post-thumbnail","hentry","category-noticias-de-ribeirao-preto-sp-e-regiao-ismael-colosi"],"jetpack_publicize_connections":[],"jetpack_featured_media_url":"https:\/\/i0.wp.com\/noticiasribeiraopreto.com.br\/wp-content\/uploads\/2024\/02\/PAULO-ROBERTO.jpg?fit=1430%2C890&ssl=1","jetpack-related-posts":[{"id":37561,"url":"https:\/\/noticiasribeiraopreto.com.br\/index.php\/2024\/02\/16\/policia-apreende-celular-de-engenheiro-morto-em-ribeirao-preto\/","url_meta":{"origin":35811,"position":0},"title":"Pol\u00edcia apreende celular de engenheiro morto em Ribeir\u00e3o Preto","author":"noticiasribeiraopreto.com.br","date":"16 de February de 2024","format":false,"excerpt":"A Pol\u00edcia Civil de Ribeir\u00e3o Preto apreendeu na tarde desta sexta-feira (16), o aparelho celular do engenheiro Paulo Roberto Carvalho Pena Braga Filho, morto em dezembro do ano passado. Segundo o delegado Targino Os\u00f3rio, o aparelho foi entregue por um comerciante de 39 anos que disse ter comprado o celular\u2026","rel":"","context":"In &quot;Not\u00edcias de Ribeir\u00e3o Preto-SP e Regi\u00e3o&quot;","block_context":{"text":"Not\u00edcias de Ribeir\u00e3o Preto-SP e Regi\u00e3o","link":"https:\/\/noticiasribeiraopreto.com.br\/index.php\/category\/noticias-de-ribeirao-preto-sp-e-regiao-ismael-colosi\/"},"img":{"alt_text":"","src":"https:\/\/i0.wp.com\/noticiasribeiraopreto.com.br\/wp-content\/uploads\/2024\/02\/Copia-de-Copia-de-TAMANHO-EXATO-PARA-FOTOS-NO-SISTEMA-NOVO-1.png?fit=1200%2C675&ssl=1&resize=350%2C200","width":350,"height":200,"srcset":"https:\/\/i0.wp.com\/noticiasribeiraopreto.com.br\/wp-content\/uploads\/2024\/02\/Copia-de-Copia-de-TAMANHO-EXATO-PARA-FOTOS-NO-SISTEMA-NOVO-1.png?fit=1200%2C675&ssl=1&resize=350%2C200 1x, https:\/\/i0.wp.com\/noticiasribeiraopreto.com.br\/wp-content\/uploads\/2024\/02\/Copia-de-Copia-de-TAMANHO-EXATO-PARA-FOTOS-NO-SISTEMA-NOVO-1.png?fit=1200%2C675&ssl=1&resize=525%2C300 1.5x, https:\/\/i0.wp.com\/noticiasribeiraopreto.com.br\/wp-content\/uploads\/2024\/02\/Copia-de-Copia-de-TAMANHO-EXATO-PARA-FOTOS-NO-SISTEMA-NOVO-1.png?fit=1200%2C675&ssl=1&resize=700%2C400 2x, https:\/\/i0.wp.com\/noticiasribeiraopreto.com.br\/wp-content\/uploads\/2024\/02\/Copia-de-Copia-de-TAMANHO-EXATO-PARA-FOTOS-NO-SISTEMA-NOVO-1.png?fit=1200%2C675&ssl=1&resize=1050%2C600 3x"},"classes":[]},{"id":35950,"url":"https:\/\/noticiasribeiraopreto.com.br\/index.php\/2024\/02\/08\/homem-que-recebeu-celular-de-engenheiro-morto-presta-depoimento\/","url_meta":{"origin":35811,"position":1},"title":"Homem que recebeu celular de engenheiro morto presta depoimento","author":"noticiasribeiraopreto.com.br","date":"8 de February de 2024","format":false,"excerpt":"Por: Adalberto LuqueDepois de muita espera o homem que teria recebido o celular do engenheiro Paulo Roberto Carvalho Pena Braga Filho, prestou depoimento. Ele compareceu \u00e0 sede da Delegacia de Investiga\u00e7\u00f5es Gerais da Divis\u00e3o Especializada em Investiga\u00e7\u00f5es Criminais (DIG\/DEIC) na manh\u00e3 desta quarta-feira (07).Thiago Soares de Souza admitiu ao delegado\u2026","rel":"","context":"In &quot;Not\u00edcias de Ribeir\u00e3o Preto-SP e Regi\u00e3o&quot;","block_context":{"text":"Not\u00edcias de Ribeir\u00e3o Preto-SP e Regi\u00e3o","link":"https:\/\/noticiasribeiraopreto.com.br\/index.php\/category\/noticias-de-ribeirao-preto-sp-e-regiao-ismael-colosi\/"},"img":{"alt_text":"","src":"https:\/\/i0.wp.com\/noticiasribeiraopreto.com.br\/wp-content\/uploads\/2024\/02\/00-07-fev-2024-receptador-celular-beto-01-foto-Alfredo-Risk-scaled.jpg?fit=967%2C645&ssl=1&resize=350%2C200","width":350,"height":200,"srcset":"https:\/\/i0.wp.com\/noticiasribeiraopreto.com.br\/wp-content\/uploads\/2024\/02\/00-07-fev-2024-receptador-celular-beto-01-foto-Alfredo-Risk-scaled.jpg?fit=967%2C645&ssl=1&resize=350%2C200 1x, https:\/\/i0.wp.com\/noticiasribeiraopreto.com.br\/wp-content\/uploads\/2024\/02\/00-07-fev-2024-receptador-celular-beto-01-foto-Alfredo-Risk-scaled.jpg?fit=967%2C645&ssl=1&resize=525%2C300 1.5x, https:\/\/i0.wp.com\/noticiasribeiraopreto.com.br\/wp-content\/uploads\/2024\/02\/00-07-fev-2024-receptador-celular-beto-01-foto-Alfredo-Risk-scaled.jpg?fit=967%2C645&ssl=1&resize=700%2C400 2x"},"classes":[]},{"id":38615,"url":"https:\/\/noticiasribeiraopreto.com.br\/index.php\/2024\/02\/20\/policia-recupera-celular-de-engenheiro-assassinado\/","url_meta":{"origin":35811,"position":2},"title":"Pol\u00edcia recupera celular de engenheiro assassinado","author":"noticiasribeiraopreto.com.br","date":"20 de February de 2024","format":false,"excerpt":"Telefone havia sido comprado por comerciante em grupo de vendas pela internet 20 de fevereiro de 2024 | 16:4120 de fevereiro de 2024 | 17:03 2Por: Adalberto LuqueO celular do engenheiro Paulo Roberto Carvalho Pena Braga Filho, roubado ap\u00f3s sua morte em um quarto de loca\u00e7\u00e3o de curtas perman\u00eancias na\u2026","rel":"","context":"In &quot;Not\u00edcias de Ribeir\u00e3o Preto-SP e Regi\u00e3o&quot;","block_context":{"text":"Not\u00edcias de Ribeir\u00e3o Preto-SP e Regi\u00e3o","link":"https:\/\/noticiasribeiraopreto.com.br\/index.php\/category\/noticias-de-ribeirao-preto-sp-e-regiao-ismael-colosi\/"},"img":{"alt_text":"","src":"https:\/\/i0.wp.com\/noticiasribeiraopreto.com.br\/wp-content\/uploads\/2024\/02\/00-20-fev-2024-CPJ-luque-foto-alfredo-risk-scaled.jpg?fit=968%2C645&ssl=1&resize=350%2C200","width":350,"height":200,"srcset":"https:\/\/i0.wp.com\/noticiasribeiraopreto.com.br\/wp-content\/uploads\/2024\/02\/00-20-fev-2024-CPJ-luque-foto-alfredo-risk-scaled.jpg?fit=968%2C645&ssl=1&resize=350%2C200 1x, https:\/\/i0.wp.com\/noticiasribeiraopreto.com.br\/wp-content\/uploads\/2024\/02\/00-20-fev-2024-CPJ-luque-foto-alfredo-risk-scaled.jpg?fit=968%2C645&ssl=1&resize=525%2C300 1.5x, https:\/\/i0.wp.com\/noticiasribeiraopreto.com.br\/wp-content\/uploads\/2024\/02\/00-20-fev-2024-CPJ-luque-foto-alfredo-risk-scaled.jpg?fit=968%2C645&ssl=1&resize=700%2C400 2x"},"classes":[]},{"id":40811,"url":"https:\/\/noticiasribeiraopreto.com.br\/index.php\/2024\/03\/05\/policia-conclui-inquerito-do-caso-beto-braga\/","url_meta":{"origin":35811,"position":3},"title":"Pol\u00edcia conclui inqu\u00e9rito do caso Beto Braga","author":"noticiasribeiraopreto.com.br","date":"5 de March de 2024","format":false,"excerpt":"Por: Adalberto LuqueO delegado Targino Donizete Os\u00f3rio encerrou o inqu\u00e9rito que apura a morte do engenheiro Paulo Roberto Carvalho Pena Braga Filho, de 34 anos, morto no dia 29 de dezembro de 2023. O inqu\u00e9rito foi conclu\u00eddo apenas dois meses depois que seu corpo foi encontrado.De acordo com o inqu\u00e9rito,\u2026","rel":"","context":"In &quot;Not\u00edcias de Ribeir\u00e3o Preto-SP e Regi\u00e3o&quot;","block_context":{"text":"Not\u00edcias de Ribeir\u00e3o Preto-SP e Regi\u00e3o","link":"https:\/\/noticiasribeiraopreto.com.br\/index.php\/category\/noticias-de-ribeirao-preto-sp-e-regiao-ismael-colosi\/"},"img":{"alt_text":"","src":"https:\/\/i0.wp.com\/noticiasribeiraopreto.com.br\/wp-content\/uploads\/2024\/03\/00-22-jan-2024-executivo-latrocinio-04-foto-redes-sociais.jpg?fit=768%2C480&ssl=1&resize=350%2C200","width":350,"height":200,"srcset":"https:\/\/i0.wp.com\/noticiasribeiraopreto.com.br\/wp-content\/uploads\/2024\/03\/00-22-jan-2024-executivo-latrocinio-04-foto-redes-sociais.jpg?fit=768%2C480&ssl=1&resize=350%2C200 1x, https:\/\/i0.wp.com\/noticiasribeiraopreto.com.br\/wp-content\/uploads\/2024\/03\/00-22-jan-2024-executivo-latrocinio-04-foto-redes-sociais.jpg?fit=768%2C480&ssl=1&resize=525%2C300 1.5x, https:\/\/i0.wp.com\/noticiasribeiraopreto.com.br\/wp-content\/uploads\/2024\/03\/00-22-jan-2024-executivo-latrocinio-04-foto-redes-sociais.jpg?fit=768%2C480&ssl=1&resize=700%2C400 2x"},"classes":[]},{"id":34532,"url":"https:\/\/noticiasribeiraopreto.com.br\/index.php\/2024\/02\/02\/acusados-participam-de-reconstituicao-da-morte-de-engenheiro-em-ribeirao\/","url_meta":{"origin":35811,"position":4},"title":"Acusados participam de reconstitui\u00e7\u00e3o da morte de engenheiro em Ribeir\u00e3o","author":"noticiasribeiraopreto.com.br","date":"2 de February de 2024","format":false,"excerpt":"A Pol\u00edcia Civil realiza na manh\u00e3 desta sexta-feira (2) a reconstitui\u00e7\u00e3o da morte do engenheiro Paulo Roberto Carvalho Pena Braga Filho, morto em Ribeir\u00e3o Preto no final de 2023. Os dois acusados, presos pela morte do engenheiro, participam da reconstitui\u00e7\u00e3o, no im\u00f3vel da avenida do Caf\u00e9. \u201c\u00c9 uma esp\u00e9cie de\u2026","rel":"","context":"In &quot;Not\u00edcias de Ribeir\u00e3o Preto-SP e Regi\u00e3o&quot;","block_context":{"text":"Not\u00edcias de Ribeir\u00e3o Preto-SP e Regi\u00e3o","link":"https:\/\/noticiasribeiraopreto.com.br\/index.php\/category\/noticias-de-ribeirao-preto-sp-e-regiao-ismael-colosi\/"},"img":{"alt_text":"","src":"https:\/\/i0.wp.com\/noticiasribeiraopreto.com.br\/wp-content\/uploads\/2024\/02\/reconstituicao-beto-braga-scaled.jpeg?fit=1200%2C900&ssl=1&resize=350%2C200","width":350,"height":200,"srcset":"https:\/\/i0.wp.com\/noticiasribeiraopreto.com.br\/wp-content\/uploads\/2024\/02\/reconstituicao-beto-braga-scaled.jpeg?fit=1200%2C900&ssl=1&resize=350%2C200 1x, https:\/\/i0.wp.com\/noticiasribeiraopreto.com.br\/wp-content\/uploads\/2024\/02\/reconstituicao-beto-braga-scaled.jpeg?fit=1200%2C900&ssl=1&resize=525%2C300 1.5x, https:\/\/i0.wp.com\/noticiasribeiraopreto.com.br\/wp-content\/uploads\/2024\/02\/reconstituicao-beto-braga-scaled.jpeg?fit=1200%2C900&ssl=1&resize=700%2C400 2x, https:\/\/i0.wp.com\/noticiasribeiraopreto.com.br\/wp-content\/uploads\/2024\/02\/reconstituicao-beto-braga-scaled.jpeg?fit=1200%2C900&ssl=1&resize=1050%2C600 3x"},"classes":[]},{"id":41484,"url":"https:\/\/noticiasribeiraopreto.com.br\/index.php\/2024\/03\/08\/veja-o-que-muda-no-caso-do-engenheiro-morto-em-ribeirao-preto\/","url_meta":{"origin":35811,"position":5},"title":"Veja o que muda no caso do engenheiro morto em Ribeir\u00e3o Preto","author":"noticiasribeiraopreto.com.br","date":"8 de March de 2024","format":false,"excerpt":"O Minist\u00e9rio P\u00fablico de S\u00e3o Paulo enviou \u00e0 Justi\u00e7a o pedido de altera\u00e7\u00e3o do crime contra os dois suspeitos de matarem o engenheiro Paulo Roberto de Carvalho Braga Filho, morto em 29 de dezembro do ano passado. No dia 4 de mar\u00e7o, o delegado respons\u00e1vel pelo caso Targino Os\u00f3rio indiciou\u2026","rel":"","context":"In &quot;Not\u00edcias de Ribeir\u00e3o Preto-SP e Regi\u00e3o&quot;","block_context":{"text":"Not\u00edcias de Ribeir\u00e3o Preto-SP e Regi\u00e3o","link":"https:\/\/noticiasribeiraopreto.com.br\/index.php\/category\/noticias-de-ribeirao-preto-sp-e-regiao-ismael-colosi\/"},"img":{"alt_text":"","src":"https:\/\/i0.wp.com\/noticiasribeiraopreto.com.br\/wp-content\/uploads\/2024\/03\/AnyConv.com__beto-braga.webp.webp?fit=979%2C610&ssl=1&resize=350%2C200","width":350,"height":200,"srcset":"https:\/\/i0.wp.com\/noticiasribeiraopreto.com.br\/wp-content\/uploads\/2024\/03\/AnyConv.com__beto-braga.webp.webp?fit=979%2C610&ssl=1&resize=350%2C200 1x, https:\/\/i0.wp.com\/noticiasribeiraopreto.com.br\/wp-content\/uploads\/2024\/03\/AnyConv.com__beto-braga.webp.webp?fit=979%2C610&ssl=1&resize=525%2C300 1.5x, https:\/\/i0.wp.com\/noticiasribeiraopreto.com.br\/wp-content\/uploads\/2024\/03\/AnyConv.com__beto-braga.webp.webp?fit=979%2C610&ssl=1&resize=700%2C400 2x"},"classes":[]}],"jetpack_sharing_enabled":true,"jetpack_shortlink":"https:\/\/wp.me\/peQAOb-9jB","_links":{"self":[{"href":"https:\/\/noticiasribeiraopreto.com.br\/index.php\/wp-json\/wp\/v2\/posts\/35811","targetHints":{"allow":["GET"]}}],"collection":[{"href":"https:\/\/noticiasribeiraopreto.com.br\/index.php\/wp-json\/wp\/v2\/posts"}],"about":[{"href":"https:\/\/noticiasribeiraopreto.com.br\/index.php\/wp-json\/wp\/v2\/types\/post"}],"author":[{"embeddable":true,"href":"https:\/\/noticiasribeiraopreto.com.br\/index.php\/wp-json\/wp\/v2\/users\/1"}],"replies":[{"embeddable":true,"href":"https:\/\/noticiasribeiraopreto.com.br\/index.php\/wp-json\/wp\/v2\/comments?post=35811"}],"version-history":[{"count":0,"href":"https:\/\/noticiasribeiraopreto.com.br\/index.php\/wp-json\/wp\/v2\/posts\/35811\/revisions"}],"wp:featuredmedia":[{"embeddable":true,"href":"https:\/\/noticiasribeiraopreto.com.br\/index.php\/wp-json\/wp\/v2\/media\/35812"}],"wp:attachment":[{"href":"https:\/\/noticiasribeiraopreto.com.br\/index.php\/wp-json\/wp\/v2\/media?parent=35811"}],"wp:term":[{"taxonomy":"category","embeddable":true,"href":"https:\/\/noticiasribeiraopreto.com.br\/index.php\/wp-json\/wp\/v2\/categories?post=35811"},{"taxonomy":"post_tag","embeddable":true,"href":"https:\/\/noticiasribeiraopreto.com.br\/index.php\/wp-json\/wp\/v2\/tags?post=35811"}],"curies":[{"name":"wp","href":"https:\/\/api.w.org\/{rel}","templated":true}]}}