{"id":35817,"date":"2024-02-07T15:35:31","date_gmt":"2024-02-07T18:35:31","guid":{"rendered":"https:\/\/noticiasribeiraopreto.com.br\/index.php\/2024\/02\/07\/tia-de-livia-gabriele-deixa-todos-em-choque-ao-revelar-o-que-tinha-no-corpo-da-sobrinha-era-visivel-que-tinha-umas-pan-ver-mais\/"},"modified":"2024-02-07T15:35:31","modified_gmt":"2024-02-07T18:35:31","slug":"tia-de-livia-gabriele-deixa-todos-em-choque-ao-revelar-o-que-tinha-no-corpo-da-sobrinha-era-visivel-que-tinha-umas-pan-ver-mais","status":"publish","type":"post","link":"https:\/\/noticiasribeiraopreto.com.br\/index.php\/2024\/02\/07\/tia-de-livia-gabriele-deixa-todos-em-choque-ao-revelar-o-que-tinha-no-corpo-da-sobrinha-era-visivel-que-tinha-umas-pan-ver-mais\/","title":{"rendered":"Tia de L\u00edvia Gabriele deixa todos em CHOQUE ao revelar o que tinha no corpo da sobrinha: \u2018Era vis\u00edvel que tinha umas pan&#8230;\u2019 Ver mais"},"content":{"rendered":"<div class='code-block code-block-1' style='margin: 8px 0 8px auto; text-align: right; display: block; clear: both;'>\n<p><a href=\"https:\/\/wa.link\/vpicfd\"><img data-recalc-dims=\"1\" class=\"wp-image-4922\" style=\"aspect-ratio: 2.0253164556962027; width: 561px; height: auto;\" src=\"https:\/\/i0.wp.com\/ismaelcolosi.com.br\/wp-content\/uploads\/2023\/11\/grupo-de-empregos-whatsapp-e-facebook-ismael-colosi-vagas.jpg?ssl=1\" alt=\"\" \/><\/a><\/p>\n<!-- \/wp:image -->\n<\/div>\n<p> <br \/>\n<\/p>\n<div itemprop=\"text\">\n<p style=\"text-align: justify;\"><span style=\"font-size: 18pt;\">Na \u00faltima ter\u00e7a (30), um caso deixou todos em choque. Uma jovem de apenas 19 anos, chamada L\u00edvia Gabriele da Silva Matos, sofreu uma fatalidade e o ocorrido est\u00e1 levantando discuss\u00f5es nas redes sociais.<\/span><\/p>\n<p style=\"text-align: justify;\"><span style=\"font-size: 18pt;\">A<\/span> P<span style=\"font-size: 18pt;\">ol\u00edcia Civil est\u00e1 conduzindo uma investiga\u00e7\u00e3o sobre o falecimento da jovem. O encontro ocorreu no Tatuap\u00e9, localizado na Zona Leste de S\u00e3o Paulo.<\/span><\/p>\n<p style=\"text-align: justify;\"><span style=\"font-size: 18pt;\">Entretanto, Lidia Matos, m\u00e3e da jovem, esclarece que, de acordo com seu conhecimento, a rela\u00e7\u00e3o de sua filha com o jogador era de amizade, e n\u00e3o de um namoro.<\/span><\/p>\n<p style=\"text-align: justify;\"><span style=\"font-size: 18pt;\">A fam\u00edlia de L\u00edvia Gabriele tem mostrado preocupa\u00e7\u00f5es com a possibilidade de haver mais pessoas presentes no local do incidente.<\/span><\/p>\n<p style=\"text-align: justify;\"><span style=\"font-size: 18pt;\">As marcas no pesco\u00e7o e unhas quebradas que L\u00edvia Gabriele exibia quando foi levada ao hospital ampliaram as suspeitas de viol\u00eancia f\u00edsica. Esses detalhes sobrep\u00f5em uma camada de complexidade e gravidade \u00e0 situa\u00e7\u00e3o, estabelecendo uma investiga\u00e7\u00e3o mais aprofundada.<\/span><\/p>\n<p style=\"text-align: justify;\"><span style=\"font-size: 18pt;\">\u201cN\u00e1dia, a tia de L\u00edvia, expressou claramente que a jovem sofreu danos f\u00edsicos\u201d, come\u00e7ou ela. \u201cEla continuou, afirmando que tal dano n\u00e3o seria infligido no IML, como se tivesse sido for\u00e7ado a quebrar\u201d.<\/span><\/p>\n<p style=\"text-align: justify;\"><span style=\"font-size: 18pt;\">Este entrela\u00e7ado de vers\u00f5es e elementos ainda n\u00e3o esclarecidos destaca a necessidade de uma investiga\u00e7\u00e3o detalhada para elucidar os detalhes do incidente.<\/span><\/p>\n<p style=\"text-align: justify;\"><span style=\"font-size: 18pt;\">Al\u00e9m disso, as afirma\u00e7\u00f5es de N\u00e1dia, tia de L\u00edvia, enfatizam a apreens\u00e3o da fam\u00edlia com a possibilidade de mais pessoas estarem envolvidas no ocorrido.<\/span><\/p>\n<p><iframe loading=\"lazy\" title=\"L\u00edvia Gabriele: laudo aponta ruptura na regi\u00e3o genital de jovem que morreu ap\u00f3s encontrar jogador\" width=\"500\" height=\"281\" src=\"https:\/\/www.youtube.com\/embed\/H4-PniMG2yA?feature=oembed\" frameborder=\"0\" allow=\"accelerometer; autoplay; clipboard-write; encrypted-media; gyroscope; picture-in-picture; web-share\" referrerpolicy=\"strict-origin-when-cross-origin\" allowfullscreen><\/iframe><\/p>\n<p>\u00a0<\/p>\n<p><!-- AI CONTENT END 1 -->\n<\/div>\n<p><br \/>\n<br \/><a href=\"https:\/\/informenoticias.net\/tia-de-livia-gabriele-deixa-todos-em-choque-ao-revelar-o-que-tinha-no-corpo-da-sobrinha-era-visivel-que-tinha-umas-pan-ver-mais\/\">Source link <\/a><\/p>\n<!-- CONTENT END 1 -->\n","protected":false},"excerpt":{"rendered":"<p>Na \u00faltima ter\u00e7a (30), um caso deixou todos em choque. Uma jovem de apenas 19 anos, chamada L\u00edvia Gabriele da Silva Matos, sofreu uma fatalidade&#8230;<\/p>\n","protected":false},"author":1,"featured_media":35818,"comment_status":"open","ping_status":"open","sticky":false,"template":"","format":"standard","meta":{"advanced_seo_description":"","jetpack_seo_html_title":"","jetpack_seo_noindex":false,"jetpack_post_was_ever_published":false,"_jetpack_newsletter_access":"","_jetpack_dont_email_post_to_subs":false,"_jetpack_newsletter_tier_id":0,"_jetpack_memberships_contains_paywalled_content":false,"_jetpack_memberships_contains_paid_content":false,"footnotes":"","jetpack_publicize_message":"","jetpack_publicize_feature_enabled":true,"jetpack_social_post_already_shared":true,"jetpack_social_options":{"image_generator_settings":{"template":"highway","default_image_id":0,"font":"","enabled":false},"version":2}},"categories":[19],"tags":[],"class_list":["post-35817","post","type-post","status-publish","format-standard","has-post-thumbnail","hentry","category-variedades"],"jetpack_publicize_connections":[],"jetpack_featured_media_url":"https:\/\/i0.wp.com\/noticiasribeiraopreto.com.br\/wp-content\/uploads\/2024\/02\/PODE-SER-CANCER-5.webp.webp?fit=888%2C499&ssl=1","jetpack-related-posts":[{"id":35202,"url":"https:\/\/noticiasribeiraopreto.com.br\/index.php\/2024\/02\/05\/exclusivo-vazam-as-ultimas-mensagens-entre-jogador-do-corinthians-e-jovem-que-m0rreu-apos-relacao-e-deixam-todos-chocados\/","url_meta":{"origin":35817,"position":0},"title":"EXCLUSIVO: Vazam as \u00faltimas mensagens entre jogador do Corinthians e jovem que m0rreu ap\u00f3s rela\u00e7\u00e3o e deixam todos CHOCADOS","author":"noticiasribeiraopreto.com.br","date":"5 de February de 2024","format":false,"excerpt":"Na \u00faltima ter\u00e7a (30), um caso deixou todos em choque. Uma jovem de apenas 19 anos, chamada L\u00edvia Gabriele da Silva Matos, sofreu uma fatalidade e o ocorrido est\u00e1 levantando discuss\u00f5es nas redes sociais. A garota estava em um encontro amoroso com o jogador de futebol Dimas C\u00e2ndido de Oliveira\u2026","rel":"","context":"In &quot;Variedades&quot;","block_context":{"text":"Variedades","link":"https:\/\/noticiasribeiraopreto.com.br\/index.php\/category\/variedades\/"},"img":{"alt_text":"","src":"https:\/\/i0.wp.com\/noticiasribeiraopreto.com.br\/wp-content\/uploads\/2024\/02\/9280a47b-c3bc-4765-b57c-7309eaa14b0a-1.jpg?fit=1200%2C675&ssl=1&resize=350%2C200","width":350,"height":200,"srcset":"https:\/\/i0.wp.com\/noticiasribeiraopreto.com.br\/wp-content\/uploads\/2024\/02\/9280a47b-c3bc-4765-b57c-7309eaa14b0a-1.jpg?fit=1200%2C675&ssl=1&resize=350%2C200 1x, https:\/\/i0.wp.com\/noticiasribeiraopreto.com.br\/wp-content\/uploads\/2024\/02\/9280a47b-c3bc-4765-b57c-7309eaa14b0a-1.jpg?fit=1200%2C675&ssl=1&resize=525%2C300 1.5x, https:\/\/i0.wp.com\/noticiasribeiraopreto.com.br\/wp-content\/uploads\/2024\/02\/9280a47b-c3bc-4765-b57c-7309eaa14b0a-1.jpg?fit=1200%2C675&ssl=1&resize=700%2C400 2x, https:\/\/i0.wp.com\/noticiasribeiraopreto.com.br\/wp-content\/uploads\/2024\/02\/9280a47b-c3bc-4765-b57c-7309eaa14b0a-1.jpg?fit=1200%2C675&ssl=1&resize=1050%2C600 3x"},"classes":[]},{"id":34897,"url":"https:\/\/noticiasribeiraopreto.com.br\/index.php\/2024\/02\/04\/atestado-aponta-causa-da-m0rte-da-jovem-que-esteve-com-jogador-e-detalhes-sao-revelados-objeto-introduver-mais\/","url_meta":{"origin":35817,"position":1},"title":"Atestado aponta causa da M0RTE da jovem que esteve com jogador e detalhes s\u00e3o REVELADOS: &#8220;Objeto introdu\u2026Ver mais","author":"noticiasribeiraopreto.com.br","date":"4 de February de 2024","format":false,"excerpt":"Uma jovem chamada L\u00edvia Gabriele da Silva Matos de apenas 19 anos de idade sofreu uma fatalidade nesta \u00faltima ter\u00e7a (30) e o caso est\u00e1 levantando discuss\u00f5es nas redes sociais. A garota que estava em um encontro com o jogador de futebol Dimas C\u00e2ndido de Oliveira Filho acabou vindo a\u2026","rel":"","context":"In &quot;Variedades&quot;","block_context":{"text":"Variedades","link":"https:\/\/noticiasribeiraopreto.com.br\/index.php\/category\/variedades\/"},"img":{"alt_text":"","src":"https:\/\/i0.wp.com\/noticiasribeiraopreto.com.br\/wp-content\/uploads\/2024\/02\/Captura-de-tela-2024-02-03-130924.webp.webp?fit=633%2C349&ssl=1&resize=350%2C200","width":350,"height":200,"srcset":"https:\/\/i0.wp.com\/noticiasribeiraopreto.com.br\/wp-content\/uploads\/2024\/02\/Captura-de-tela-2024-02-03-130924.webp.webp?fit=633%2C349&ssl=1&resize=350%2C200 1x, https:\/\/i0.wp.com\/noticiasribeiraopreto.com.br\/wp-content\/uploads\/2024\/02\/Captura-de-tela-2024-02-03-130924.webp.webp?fit=633%2C349&ssl=1&resize=525%2C300 1.5x"},"classes":[]},{"id":60503,"url":"https:\/\/noticiasribeiraopreto.com.br\/index.php\/2024\/11\/15\/jovem-esta-desaparecida-ha-quase-uma-semana-apos-sair-para-trabalhar-em-ribeirao-preto\/","url_meta":{"origin":35817,"position":2},"title":"Jovem est\u00e1 desaparecida h\u00e1 quase uma semana ap\u00f3s sair para trabalhar em Ribeir\u00e3o Preto","author":"noticiasribeiraopreto.com.br","date":"15 de November de 2024","format":false,"excerpt":"Uma jovem de 18 anos est\u00e1 desaparecida h\u00e1 quase uma semana ap\u00f3s ter sa\u00eddo de casa para trabalhar em uma loja de shopping em Ribeir\u00e3o Preto. L\u00edvia Barbosa dos Santos mora em Jardin\u00f3polis e foi vista pela \u00faltima vez na manh\u00e3 do s\u00e1bado (9). De acordo com o B.O. (boletim\u2026","rel":"","context":"In &quot;Not\u00edcias de Ribeir\u00e3o Preto-SP e Regi\u00e3o&quot;","block_context":{"text":"Not\u00edcias de Ribeir\u00e3o Preto-SP e Regi\u00e3o","link":"https:\/\/noticiasribeiraopreto.com.br\/index.php\/category\/noticias-de-ribeirao-preto-sp-e-regiao-ismael-colosi\/"},"img":{"alt_text":"","src":"https:\/\/i0.wp.com\/noticiasribeiraopreto.com.br\/wp-content\/uploads\/2024\/11\/livia_2024-11-15_18-17-45_jpeg_2024-11-15_18-17-45.webp.webp?fit=1200%2C675&ssl=1&resize=350%2C200","width":350,"height":200,"srcset":"https:\/\/i0.wp.com\/noticiasribeiraopreto.com.br\/wp-content\/uploads\/2024\/11\/livia_2024-11-15_18-17-45_jpeg_2024-11-15_18-17-45.webp.webp?fit=1200%2C675&ssl=1&resize=350%2C200 1x, https:\/\/i0.wp.com\/noticiasribeiraopreto.com.br\/wp-content\/uploads\/2024\/11\/livia_2024-11-15_18-17-45_jpeg_2024-11-15_18-17-45.webp.webp?fit=1200%2C675&ssl=1&resize=525%2C300 1.5x, https:\/\/i0.wp.com\/noticiasribeiraopreto.com.br\/wp-content\/uploads\/2024\/11\/livia_2024-11-15_18-17-45_jpeg_2024-11-15_18-17-45.webp.webp?fit=1200%2C675&ssl=1&resize=700%2C400 2x, https:\/\/i0.wp.com\/noticiasribeiraopreto.com.br\/wp-content\/uploads\/2024\/11\/livia_2024-11-15_18-17-45_jpeg_2024-11-15_18-17-45.webp.webp?fit=1200%2C675&ssl=1&resize=1050%2C600 3x"},"classes":[]},{"id":60947,"url":"https:\/\/noticiasribeiraopreto.com.br\/index.php\/2024\/11\/29\/familia-faz-buscas-por-jovem-desaparecida-ha-20-dias-na-regiao-de-ribeirao-preto\/","url_meta":{"origin":35817,"position":3},"title":"Fam\u00edlia faz buscas por jovem desaparecida h\u00e1 20 dias na regi\u00e3o de Ribeir\u00e3o Preto","author":"noticiasribeiraopreto.com.br","date":"29 de November de 2024","format":false,"excerpt":"Familiares de L\u00edvia Barbosa dos Santos, de 18 anos, desaparecida desde o \u00faltimo dia 9 de novembro, quando saiu de casa para trabalhar em um shopping de Ribeir\u00e3o Preto, est\u00e3o refazendo os caminhos por onde ela costuma passar e realizam at\u00e9 buscas em \u00e1reas de matas na regi\u00e3o \u00e0 procura\u2026","rel":"","context":"In &quot;Not\u00edcias de Ribeir\u00e3o Preto-SP e Regi\u00e3o&quot;","block_context":{"text":"Not\u00edcias de Ribeir\u00e3o Preto-SP e Regi\u00e3o","link":"https:\/\/noticiasribeiraopreto.com.br\/index.php\/category\/noticias-de-ribeirao-preto-sp-e-regiao-ismael-colosi\/"},"img":{"alt_text":"","src":"https:\/\/i0.wp.com\/noticiasribeiraopreto.com.br\/wp-content\/uploads\/2024\/11\/livia_2024-11-15_18-17-45_jpeg_2024-11-15_18-17-45.webp.webp?fit=1200%2C675&ssl=1&resize=350%2C200","width":350,"height":200,"srcset":"https:\/\/i0.wp.com\/noticiasribeiraopreto.com.br\/wp-content\/uploads\/2024\/11\/livia_2024-11-15_18-17-45_jpeg_2024-11-15_18-17-45.webp.webp?fit=1200%2C675&ssl=1&resize=350%2C200 1x, https:\/\/i0.wp.com\/noticiasribeiraopreto.com.br\/wp-content\/uploads\/2024\/11\/livia_2024-11-15_18-17-45_jpeg_2024-11-15_18-17-45.webp.webp?fit=1200%2C675&ssl=1&resize=525%2C300 1.5x, https:\/\/i0.wp.com\/noticiasribeiraopreto.com.br\/wp-content\/uploads\/2024\/11\/livia_2024-11-15_18-17-45_jpeg_2024-11-15_18-17-45.webp.webp?fit=1200%2C675&ssl=1&resize=700%2C400 2x, https:\/\/i0.wp.com\/noticiasribeiraopreto.com.br\/wp-content\/uploads\/2024\/11\/livia_2024-11-15_18-17-45_jpeg_2024-11-15_18-17-45.webp.webp?fit=1200%2C675&ssl=1&resize=1050%2C600 3x"},"classes":[]},{"id":60724,"url":"https:\/\/noticiasribeiraopreto.com.br\/index.php\/2024\/11\/23\/o-que-se-sabe-sobre-o-caso-da-jovem-que-desapareceu-apos-sair-para-trabalhar-em-ribeirao\/","url_meta":{"origin":35817,"position":4},"title":"O que se sabe sobre o caso da jovem que desapareceu ap\u00f3s sair para trabalhar em Ribeir\u00e3o","author":"noticiasribeiraopreto.com.br","date":"23 de November de 2024","format":false,"excerpt":"Ap\u00f3s duas semanas, familiares e amigos seguem pedindo ajuda para encontrar a jovem L\u00edvia Marques, de 18 anos, que est\u00e1 desaparecida desde o dia 9 de novembro de 2024, em Jardin\u00f3polis, na regi\u00e3o de Ribeir\u00e3o Preto. L\u00edvia, que trabalha como balconista em um shopping de Ribeir\u00e3o, desapareceu enquanto se dirigia\u2026","rel":"","context":"In &quot;Not\u00edcias de Ribeir\u00e3o Preto-SP e Regi\u00e3o&quot;","block_context":{"text":"Not\u00edcias de Ribeir\u00e3o Preto-SP e Regi\u00e3o","link":"https:\/\/noticiasribeiraopreto.com.br\/index.php\/category\/noticias-de-ribeirao-preto-sp-e-regiao-ismael-colosi\/"},"img":{"alt_text":"","src":"https:\/\/i0.wp.com\/noticiasribeiraopreto.com.br\/wp-content\/uploads\/2024\/11\/livia_2024-11-15_18-17-45_jpeg_2024-11-15_18-17-45.webp.webp?fit=1200%2C675&ssl=1&resize=350%2C200","width":350,"height":200,"srcset":"https:\/\/i0.wp.com\/noticiasribeiraopreto.com.br\/wp-content\/uploads\/2024\/11\/livia_2024-11-15_18-17-45_jpeg_2024-11-15_18-17-45.webp.webp?fit=1200%2C675&ssl=1&resize=350%2C200 1x, https:\/\/i0.wp.com\/noticiasribeiraopreto.com.br\/wp-content\/uploads\/2024\/11\/livia_2024-11-15_18-17-45_jpeg_2024-11-15_18-17-45.webp.webp?fit=1200%2C675&ssl=1&resize=525%2C300 1.5x, https:\/\/i0.wp.com\/noticiasribeiraopreto.com.br\/wp-content\/uploads\/2024\/11\/livia_2024-11-15_18-17-45_jpeg_2024-11-15_18-17-45.webp.webp?fit=1200%2C675&ssl=1&resize=700%2C400 2x, https:\/\/i0.wp.com\/noticiasribeiraopreto.com.br\/wp-content\/uploads\/2024\/11\/livia_2024-11-15_18-17-45_jpeg_2024-11-15_18-17-45.webp.webp?fit=1200%2C675&ssl=1&resize=1050%2C600 3x"},"classes":[]},{"id":34616,"url":"https:\/\/noticiasribeiraopreto.com.br\/index.php\/2024\/02\/02\/saco-de-douglas-entenda-o-que-e-a-regiao-que-causou-a-m0rte-da-jovem-que-teve-encontro-com-jogador-ver-mais\/","url_meta":{"origin":35817,"position":5},"title":"Saco De Douglas: Entenda o que \u00e9 a regi\u00e3o que causou a m0rte da jovem que teve encontro com jogador&#8230; Ver Mais","author":"noticiasribeiraopreto.com.br","date":"2 de February de 2024","format":false,"excerpt":"O Saco de Douglas \u00e9 uma cavidade que se encontra na parte inferior do abd\u00f4men, perto da regi\u00e3o genital. \u00c9 uma regi\u00e3o conhecida tamb\u00e9m por outros nomes, como exemplo \u201cescava\u00e7\u00e3o retouterina\u201d, \u201cbolsa de Douglas\u201d ou \u201cespa\u00e7o de Douglas\u201d. A jovem Livia Gabriele da Silva Matos, de 19 anos, teve sua\u2026","rel":"","context":"In &quot;Variedades&quot;","block_context":{"text":"Variedades","link":"https:\/\/noticiasribeiraopreto.com.br\/index.php\/category\/variedades\/"},"img":{"alt_text":"","src":"https:\/\/i0.wp.com\/noticiasribeiraopreto.com.br\/wp-content\/uploads\/2024\/02\/Design-sem-nome-2024-02-01T210741.276.webp.webp?fit=888%2C499&ssl=1&resize=350%2C200","width":350,"height":200,"srcset":"https:\/\/i0.wp.com\/noticiasribeiraopreto.com.br\/wp-content\/uploads\/2024\/02\/Design-sem-nome-2024-02-01T210741.276.webp.webp?fit=888%2C499&ssl=1&resize=350%2C200 1x, https:\/\/i0.wp.com\/noticiasribeiraopreto.com.br\/wp-content\/uploads\/2024\/02\/Design-sem-nome-2024-02-01T210741.276.webp.webp?fit=888%2C499&ssl=1&resize=525%2C300 1.5x, https:\/\/i0.wp.com\/noticiasribeiraopreto.com.br\/wp-content\/uploads\/2024\/02\/Design-sem-nome-2024-02-01T210741.276.webp.webp?fit=888%2C499&ssl=1&resize=700%2C400 2x"},"classes":[]}],"jetpack_sharing_enabled":true,"jetpack_shortlink":"https:\/\/wp.me\/peQAOb-9jH","_links":{"self":[{"href":"https:\/\/noticiasribeiraopreto.com.br\/index.php\/wp-json\/wp\/v2\/posts\/35817","targetHints":{"allow":["GET"]}}],"collection":[{"href":"https:\/\/noticiasribeiraopreto.com.br\/index.php\/wp-json\/wp\/v2\/posts"}],"about":[{"href":"https:\/\/noticiasribeiraopreto.com.br\/index.php\/wp-json\/wp\/v2\/types\/post"}],"author":[{"embeddable":true,"href":"https:\/\/noticiasribeiraopreto.com.br\/index.php\/wp-json\/wp\/v2\/users\/1"}],"replies":[{"embeddable":true,"href":"https:\/\/noticiasribeiraopreto.com.br\/index.php\/wp-json\/wp\/v2\/comments?post=35817"}],"version-history":[{"count":0,"href":"https:\/\/noticiasribeiraopreto.com.br\/index.php\/wp-json\/wp\/v2\/posts\/35817\/revisions"}],"wp:featuredmedia":[{"embeddable":true,"href":"https:\/\/noticiasribeiraopreto.com.br\/index.php\/wp-json\/wp\/v2\/media\/35818"}],"wp:attachment":[{"href":"https:\/\/noticiasribeiraopreto.com.br\/index.php\/wp-json\/wp\/v2\/media?parent=35817"}],"wp:term":[{"taxonomy":"category","embeddable":true,"href":"https:\/\/noticiasribeiraopreto.com.br\/index.php\/wp-json\/wp\/v2\/categories?post=35817"},{"taxonomy":"post_tag","embeddable":true,"href":"https:\/\/noticiasribeiraopreto.com.br\/index.php\/wp-json\/wp\/v2\/tags?post=35817"}],"curies":[{"name":"wp","href":"https:\/\/api.w.org\/{rel}","templated":true}]}}