{"id":35839,"date":"2024-02-07T17:09:17","date_gmt":"2024-02-07T20:09:17","guid":{"rendered":"https:\/\/noticiasribeiraopreto.com.br\/index.php\/2024\/02\/07\/entenda-se-a-saidinha-de-presos-vai-acabar-estado-suspendeu-beneficio\/"},"modified":"2024-02-07T17:09:17","modified_gmt":"2024-02-07T20:09:17","slug":"entenda-se-a-saidinha-de-presos-vai-acabar-estado-suspendeu-beneficio","status":"publish","type":"post","link":"https:\/\/noticiasribeiraopreto.com.br\/index.php\/2024\/02\/07\/entenda-se-a-saidinha-de-presos-vai-acabar-estado-suspendeu-beneficio\/","title":{"rendered":"Entenda se a \u2018saidinha\u2019 de presos vai acabar; Estado suspendeu benef\u00edcio"},"content":{"rendered":"<div class='code-block code-block-1' style='margin: 8px 0 8px auto; text-align: right; display: block; clear: both;'>\n<p><a href=\"https:\/\/wa.link\/vpicfd\"><img data-recalc-dims=\"1\" class=\"wp-image-4922\" style=\"aspect-ratio: 2.0253164556962027; width: 561px; height: auto;\" src=\"https:\/\/i0.wp.com\/ismaelcolosi.com.br\/wp-content\/uploads\/2023\/11\/grupo-de-empregos-whatsapp-e-facebook-ismael-colosi-vagas.jpg?ssl=1\" alt=\"\" \/><\/a><\/p>\n<!-- \/wp:image -->\n<\/div>\n<p> <br \/>\n<\/p>\n<div>\n<p>A <strong>Comiss\u00e3o de Seguran\u00e7a P\u00fablica do Senado <\/strong>aprovou na \u00faltima ter\u00e7a-feira (6) um projeto de lei que pro\u00edbe a \u201csaidinha\u201d, benef\u00edcio que permite a sa\u00edda tempor\u00e1ria de presos em datas comemorativas. Em <strong>Minas Gerais<\/strong>, o benef\u00edcio foi suspenso durante o <strong>Carnaval<\/strong>.<\/p>\n<p>O projeto foi apresentada em consenso pelos senadores e ainda deve ser votada em plen\u00e1rio. A autoriza\u00e7\u00e3o \u00e9 dada aos detentos que tenham cumprido ao menos um sexto da pena, no caso de primeira condena\u00e7\u00e3o, e um quarto, quando reincidentes. <mark style=\"background-color:#fcb900\" class=\"has-inline-color has-black-color\">As \u201csaidinhas\u201d ocorrem at\u00e9 cinco vezes por ano e n\u00e3o podem ultrapassar o per\u00edodo de sete dias.<\/mark><\/p>\n<p>O projeto que est\u00e1 no Senado prev\u00ea tamb\u00e9m a exig\u00eancia de exames criminol\u00f3gicos para progress\u00e3o de regime penal e o monitoramento eletr\u00f4nico obrigat\u00f3rio dos detentos que passam para os regimes semiaberto e aberto \u2013 este \u00faltimo prev\u00ea o cumprimento do restante da pena fora da pris\u00e3o (com informa\u00e7\u00f5es Levy Teles\/Ag\u00eancia Estado).<\/p>\n<h4 class=\"wp-block-heading\"><strong>Minas Gerais suspende benef\u00edcio<\/strong><\/h4>\n<p>O<strong> Governo de Minas Gerais<\/strong> decidiu suspender a sa\u00edda tempor\u00e1ria de presos durante o<strong> Carnaval<\/strong>. A medida foi adotada ap\u00f3s acordo conjunto firmado entre a Secretaria de Estado de Justi\u00e7a e Seguran\u00e7a P\u00fablica e \u00f3rg\u00e3os da Justi\u00e7a.<\/p>\n<p>Por ora, a suspens\u00e3o \u00e9 v\u00e1lida apenas para a regi\u00e3o metropolitana de Belo Horizonte, mas a inten\u00e7\u00e3o do governo \u00e9 que a medida seja ampliada para todo o Estado.<\/p>\n<p><mark style=\"background-color:#fcb900\" class=\"has-inline-color has-black-color\">Em S\u00e3o Paulo, por exemplo, uma portaria de 2019 definiu que as sa\u00eddas tempor\u00e1rias aconte\u00e7am nos meses de mar\u00e7o, junho, setembro e dezembro <\/mark>\u2013 portanto, fora do per\u00edodo de carnaval.<\/p>\n<p>Em nota, o governo mineiro informou que \u201co cancelamento das sa\u00eddas tempor\u00e1rias durante o carnaval adia as sa\u00eddas solicitadas ou previstas para outra \u00e9poca do ano, a ser definida pela administra\u00e7\u00e3o do sistema prisional\u201d.<\/p>\n<p>Criminalistas e especialistas em direito constitucional consideram que esse tipo de projeto demonstra \u201cdesconhecimento\u201d dos parlamentares sobre a pol\u00edtica criminal, uma vez que a sa\u00edda tempor\u00e1ria e a progress\u00e3o de regime t\u00eam como intuito dar maiores condi\u00e7\u00f5es de ressocializa\u00e7\u00e3o aos presos (com informa\u00e7\u00f5es Marcio Dolzan\/Ag\u00eancia Estado).<\/p>\n<p>SAIBA MAIS<br \/>USP Ribeir\u00e3o precisa de volunt\u00e1rios para pesquisa sobre gordura nos rins<\/p>\n<h4 class=\"wp-block-heading\"><strong>FIQUE ON<\/strong><\/h4>\n<p>Fique ligado em tudo que acontece em Ribeir\u00e3o Preto e regi\u00e3o. Siga os perfis do <strong>acidade on<\/strong> no <a href=\"https:\/\/www.instagram.com\/acidadeonribeirao\" target=\"_blank\" rel=\"noreferrer noopener nofollow\">Instagram<\/a> e no<a href=\"https:\/\/www.facebook.com\/acidadeonribeirao\" target=\"_blank\" rel=\"noreferrer noopener nofollow\"> Facebook<\/a>.<\/p>\n<p>Receba not\u00edcias do<strong> acidade on<\/strong> no WhatsApp. <a href=\"https:\/\/chat.whatsapp.com\/Bnv2w66ZT4VDyZW3oiZ69n\" target=\"_blank\" rel=\"noreferrer noopener nofollow\">Para entrar no grupo, basta clicar aqui.<\/a><\/p>\n<p>Fa\u00e7a uma den\u00fancia ou sugira uma reportagem sobre Ribeir\u00e3o Preto e regi\u00e3o pelo WhatsApp: 16 99117 7802.<\/p>\n<p>VEJA TAMB\u00c9M<br \/>O que \u00e9 efeito Nefertiti, procedimento que Yasmin Brunet fez?<\/p>\n<p><!-- AI CONTENT END 1 -->\n<\/div>\n<p><script async src=\"\/\/www.instagram.com\/embed.js\"><\/script><br \/>\n<br \/><br \/>\n<br \/><a href=\"https:\/\/www.acidadeon.com\/ribeiraopreto\/politica\/entenda-se-a-saidinha-de-presos-vai-acabar-estado-suspendeu-beneficio\/\">Source link <\/a><\/p>\n<!-- CONTENT END 1 -->\n","protected":false},"excerpt":{"rendered":"<p>A Comiss\u00e3o de Seguran\u00e7a P\u00fablica do Senado aprovou na \u00faltima ter\u00e7a-feira (6) um projeto de lei que pro\u00edbe a \u201csaidinha\u201d, benef\u00edcio que permite a sa\u00edda&#8230;<\/p>\n","protected":false},"author":1,"featured_media":35840,"comment_status":"open","ping_status":"open","sticky":false,"template":"","format":"standard","meta":{"advanced_seo_description":"","jetpack_seo_html_title":"","jetpack_seo_noindex":false,"jetpack_post_was_ever_published":false,"_jetpack_newsletter_access":"","_jetpack_dont_email_post_to_subs":false,"_jetpack_newsletter_tier_id":0,"_jetpack_memberships_contains_paywalled_content":false,"_jetpack_memberships_contains_paid_content":false,"footnotes":"","jetpack_publicize_message":"","jetpack_publicize_feature_enabled":true,"jetpack_social_post_already_shared":true,"jetpack_social_options":{"image_generator_settings":{"template":"highway","default_image_id":0,"font":"","enabled":false},"version":2}},"categories":[11],"tags":[],"class_list":["post-35839","post","type-post","status-publish","format-standard","has-post-thumbnail","hentry","category-noticias-de-ribeirao-preto-sp-e-regiao-ismael-colosi"],"jetpack_publicize_connections":[],"jetpack_featured_media_url":"https:\/\/i0.wp.com\/noticiasribeiraopreto.com.br\/wp-content\/uploads\/2024\/02\/penitenciaria.webp.webp?fit=1170%2C700&ssl=1","jetpack-related-posts":[{"id":35598,"url":"https:\/\/noticiasribeiraopreto.com.br\/index.php\/2024\/02\/06\/comissao-do-senado-aprova-fim-da-saidinha-para-presos\/","url_meta":{"origin":35839,"position":0},"title":"Comiss\u00e3o do Senado aprova fim da &#8220;saidinha&#8221; para presos","author":"noticiasribeiraopreto.com.br","date":"6 de February de 2024","format":false,"excerpt":"6 de fevereiro de 2024 | 18:26 0A Comiss\u00e3o de Seguran\u00e7a P\u00fablica (CSP) do Senado aprovou nesta ter\u00e7a-feira (6) projeto de lei que acaba com a concess\u00e3o do benef\u00edcio da sa\u00edda tempor\u00e1ria a presos, mantendo apenas para que possam estudar. Os parlamentares aprovaram urg\u00eancia para vota\u00e7\u00e3o do texto em plen\u00e1rio,\u2026","rel":"","context":"In &quot;Not\u00edcias de Ribeir\u00e3o Preto-SP e Regi\u00e3o&quot;","block_context":{"text":"Not\u00edcias de Ribeir\u00e3o Preto-SP e Regi\u00e3o","link":"https:\/\/noticiasribeiraopreto.com.br\/index.php\/category\/noticias-de-ribeirao-preto-sp-e-regiao-ismael-colosi\/"},"img":{"alt_text":"","src":"https:\/\/i0.wp.com\/noticiasribeiraopreto.com.br\/wp-content\/uploads\/2024\/02\/6058b772-3f07-4b3b-b176-3cfdf6a6c1ac-scaled.jpg?fit=1000%2C598&ssl=1&resize=350%2C200","width":350,"height":200,"srcset":"https:\/\/i0.wp.com\/noticiasribeiraopreto.com.br\/wp-content\/uploads\/2024\/02\/6058b772-3f07-4b3b-b176-3cfdf6a6c1ac-scaled.jpg?fit=1000%2C598&ssl=1&resize=350%2C200 1x, https:\/\/i0.wp.com\/noticiasribeiraopreto.com.br\/wp-content\/uploads\/2024\/02\/6058b772-3f07-4b3b-b176-3cfdf6a6c1ac-scaled.jpg?fit=1000%2C598&ssl=1&resize=525%2C300 1.5x, https:\/\/i0.wp.com\/noticiasribeiraopreto.com.br\/wp-content\/uploads\/2024\/02\/6058b772-3f07-4b3b-b176-3cfdf6a6c1ac-scaled.jpg?fit=1000%2C598&ssl=1&resize=700%2C400 2x"},"classes":[]},{"id":42560,"url":"https:\/\/noticiasribeiraopreto.com.br\/index.php\/2024\/03\/15\/142-voltam-para-casa-apos-dois-dias-de-saidinha\/","url_meta":{"origin":35839,"position":1},"title":"142 voltam para \u201ccasa\u201d ap\u00f3s dois dias de saidinha","author":"noticiasribeiraopreto.com.br","date":"15 de March de 2024","format":false,"excerpt":"Detentos que desfrutavam a primeira sa\u00edda tempor\u00e1ria do ano foram presos e encaminhados aos pres\u00eddios por descumprir normas do benef\u00edcio 15 de mar\u00e7o de 2024 | 11:23 0Por: Adalberto LuqueA Secretaria da Seguran\u00e7a P\u00fablica (SSP) informou, no final da tarde desta quinta-feira (14), que em apenas dois dias de sa\u00edda\u2026","rel":"","context":"In &quot;Not\u00edcias de Ribeir\u00e3o Preto-SP e Regi\u00e3o&quot;","block_context":{"text":"Not\u00edcias de Ribeir\u00e3o Preto-SP e Regi\u00e3o","link":"https:\/\/noticiasribeiraopreto.com.br\/index.php\/category\/noticias-de-ribeirao-preto-sp-e-regiao-ismael-colosi\/"},"img":{"alt_text":"","src":"https:\/\/i0.wp.com\/noticiasribeiraopreto.com.br\/wp-content\/uploads\/2024\/03\/00-15-mar-2024-saidinha-presos-foto-max-gallao-mesquita-1-scaled.jpg?fit=1000%2C637&ssl=1&resize=350%2C200","width":350,"height":200,"srcset":"https:\/\/i0.wp.com\/noticiasribeiraopreto.com.br\/wp-content\/uploads\/2024\/03\/00-15-mar-2024-saidinha-presos-foto-max-gallao-mesquita-1-scaled.jpg?fit=1000%2C637&ssl=1&resize=350%2C200 1x, https:\/\/i0.wp.com\/noticiasribeiraopreto.com.br\/wp-content\/uploads\/2024\/03\/00-15-mar-2024-saidinha-presos-foto-max-gallao-mesquita-1-scaled.jpg?fit=1000%2C637&ssl=1&resize=525%2C300 1.5x, https:\/\/i0.wp.com\/noticiasribeiraopreto.com.br\/wp-content\/uploads\/2024\/03\/00-15-mar-2024-saidinha-presos-foto-max-gallao-mesquita-1-scaled.jpg?fit=1000%2C637&ssl=1&resize=700%2C400 2x"},"classes":[]},{"id":41964,"url":"https:\/\/noticiasribeiraopreto.com.br\/index.php\/2024\/03\/12\/detentos-sao-beneficiados-por-primeira-saida-temporaria-de-2024\/","url_meta":{"origin":35839,"position":2},"title":"Detentos s\u00e3o beneficiados por primeira sa\u00edda tempor\u00e1ria de 2024","author":"noticiasribeiraopreto.com.br","date":"12 de March de 2024","format":false,"excerpt":"Milhares de presos do regime semiaberto receberam o benef\u00edcio que vai de 12 a 18 de mar\u00e7o e pode ser um dos \u00faltimos se projeto para acabar com a saidinha for aprovado pelo Congresso 12 de mar\u00e7o de 2024 | 11:18 2Por: Adalberto LuqueV\u00e1rios presos da regi\u00e3o e milhares em\u2026","rel":"","context":"In &quot;Not\u00edcias de Ribeir\u00e3o Preto-SP e Regi\u00e3o&quot;","block_context":{"text":"Not\u00edcias de Ribeir\u00e3o Preto-SP e Regi\u00e3o","link":"https:\/\/noticiasribeiraopreto.com.br\/index.php\/category\/noticias-de-ribeirao-preto-sp-e-regiao-ismael-colosi\/"},"img":{"alt_text":"","src":"https:\/\/i0.wp.com\/noticiasribeiraopreto.com.br\/wp-content\/uploads\/2024\/03\/00-12-mar-2024-saidinha-temporafia-foto-antonio-cruz-agencia-brasil.jpg?fit=1000%2C598&ssl=1&resize=350%2C200","width":350,"height":200,"srcset":"https:\/\/i0.wp.com\/noticiasribeiraopreto.com.br\/wp-content\/uploads\/2024\/03\/00-12-mar-2024-saidinha-temporafia-foto-antonio-cruz-agencia-brasil.jpg?fit=1000%2C598&ssl=1&resize=350%2C200 1x, https:\/\/i0.wp.com\/noticiasribeiraopreto.com.br\/wp-content\/uploads\/2024\/03\/00-12-mar-2024-saidinha-temporafia-foto-antonio-cruz-agencia-brasil.jpg?fit=1000%2C598&ssl=1&resize=525%2C300 1.5x, https:\/\/i0.wp.com\/noticiasribeiraopreto.com.br\/wp-content\/uploads\/2024\/03\/00-12-mar-2024-saidinha-temporafia-foto-antonio-cruz-agencia-brasil.jpg?fit=1000%2C598&ssl=1&resize=700%2C400 2x"},"classes":[]},{"id":38699,"url":"https:\/\/noticiasribeiraopreto.com.br\/index.php\/2024\/02\/21\/senado-aprova-fim-da-saidinha-de-presos\/","url_meta":{"origin":35839,"position":3},"title":"Senado aprova fim da \u201csaidinha\u201d de presos","author":"noticiasribeiraopreto.com.br","date":"21 de February de 2024","format":false,"excerpt":"21 de fevereiro de 2024 | 10:0021 de fevereiro de 2024 | 9:35 0O Senado aprovou nesta ter\u00e7a-feira (20) o projeto de lei que acaba com as sa\u00eddas tempor\u00e1rias de presos em feriados e datas comemorativas, mas mant\u00e9m a autoriza\u00e7\u00e3o para que detentos em regime semiaberto possam estudar fora da\u2026","rel":"","context":"In &quot;Not\u00edcias de Ribeir\u00e3o Preto-SP e Regi\u00e3o&quot;","block_context":{"text":"Not\u00edcias de Ribeir\u00e3o Preto-SP e Regi\u00e3o","link":"https:\/\/noticiasribeiraopreto.com.br\/index.php\/category\/noticias-de-ribeirao-preto-sp-e-regiao-ismael-colosi\/"},"img":{"alt_text":"","src":"https:\/\/i0.wp.com\/noticiasribeiraopreto.com.br\/wp-content\/uploads\/2024\/02\/09ea73f0-455b-436b-b175-977882018625-scaled.jpg?fit=1000%2C598&ssl=1&resize=350%2C200","width":350,"height":200,"srcset":"https:\/\/i0.wp.com\/noticiasribeiraopreto.com.br\/wp-content\/uploads\/2024\/02\/09ea73f0-455b-436b-b175-977882018625-scaled.jpg?fit=1000%2C598&ssl=1&resize=350%2C200 1x, https:\/\/i0.wp.com\/noticiasribeiraopreto.com.br\/wp-content\/uploads\/2024\/02\/09ea73f0-455b-436b-b175-977882018625-scaled.jpg?fit=1000%2C598&ssl=1&resize=525%2C300 1.5x, https:\/\/i0.wp.com\/noticiasribeiraopreto.com.br\/wp-content\/uploads\/2024\/02\/09ea73f0-455b-436b-b175-977882018625-scaled.jpg?fit=1000%2C598&ssl=1&resize=700%2C400 2x"},"classes":[]},{"id":42273,"url":"https:\/\/noticiasribeiraopreto.com.br\/index.php\/2024\/03\/13\/primeira-saidinha-do-ano-mais-de-mil-detentos-deixam-as-prisoes-em-ribeirao-e-regiao\/","url_meta":{"origin":35839,"position":4},"title":"Primeira &#8216;saidinha&#8217; do ano: Mais de mil detentos deixam as pris\u00f5es em Ribeir\u00e3o e regi\u00e3o","author":"noticiasribeiraopreto.com.br","date":"13 de March de 2024","format":false,"excerpt":"A Secretaria da Administra\u00e7\u00e3o Penitenci\u00e1ria de S\u00e3o Paulo (SAP-SP) informou, a pedido do portal acidade on, que 1.048 detentos receberam o benef\u00edcio da sa\u00edda tempor\u00e1ria, em Ribeir\u00e3o Preto e regi\u00e3o. A libera\u00e7\u00e3o aconteceu nesta ter\u00e7a-feira (12) e a data de retorno aos pres\u00eddios est\u00e1 agendada para o dia 18 de\u2026","rel":"","context":"In &quot;Not\u00edcias de Ribeir\u00e3o Preto-SP e Regi\u00e3o&quot;","block_context":{"text":"Not\u00edcias de Ribeir\u00e3o Preto-SP e Regi\u00e3o","link":"https:\/\/noticiasribeiraopreto.com.br\/index.php\/category\/noticias-de-ribeirao-preto-sp-e-regiao-ismael-colosi\/"},"img":{"alt_text":"","src":"https:\/\/i0.wp.com\/noticiasribeiraopreto.com.br\/wp-content\/uploads\/2024\/03\/sistema-prisional.jpg?fit=1165%2C698&ssl=1&resize=350%2C200","width":350,"height":200,"srcset":"https:\/\/i0.wp.com\/noticiasribeiraopreto.com.br\/wp-content\/uploads\/2024\/03\/sistema-prisional.jpg?fit=1165%2C698&ssl=1&resize=350%2C200 1x, https:\/\/i0.wp.com\/noticiasribeiraopreto.com.br\/wp-content\/uploads\/2024\/03\/sistema-prisional.jpg?fit=1165%2C698&ssl=1&resize=525%2C300 1.5x, https:\/\/i0.wp.com\/noticiasribeiraopreto.com.br\/wp-content\/uploads\/2024\/03\/sistema-prisional.jpg?fit=1165%2C698&ssl=1&resize=700%2C400 2x, https:\/\/i0.wp.com\/noticiasribeiraopreto.com.br\/wp-content\/uploads\/2024\/03\/sistema-prisional.jpg?fit=1165%2C698&ssl=1&resize=1050%2C600 3x"},"classes":[]},{"id":36092,"url":"https:\/\/noticiasribeiraopreto.com.br\/index.php\/2024\/02\/08\/senado-aprova-urgencia-para-votacao-de-projeto-que-acaba-com-a-saidinha-de-presos\/","url_meta":{"origin":35839,"position":5},"title":"Senado aprova urg\u00eancia para vota\u00e7\u00e3o de projeto que acaba com a &#8220;saidinha&#8221; de presos","author":"noticiasribeiraopreto.com.br","date":"8 de February de 2024","format":false,"excerpt":"O projeto de lei 2.253\/2022, que restringe o benef\u00edcio da sa\u00edda tempor\u00e1ria para presos condenados, ser\u00e1 votado com urg\u00eancia pelo Senado. O requerimento de urg\u00eancia foi aprovado pelos senadores nesta quarta-feira, 7, em plen\u00e1rio. O presidente do Senado, Rodrigo Pacheco, informou que a mat\u00e9ria ser\u00e1 pautada \u201cem momento oportuno\u201d. A\u2026","rel":"","context":"In &quot;Not\u00edcias de Ribeir\u00e3o Preto-SP e Regi\u00e3o&quot;","block_context":{"text":"Not\u00edcias de Ribeir\u00e3o Preto-SP e Regi\u00e3o","link":"https:\/\/noticiasribeiraopreto.com.br\/index.php\/category\/noticias-de-ribeirao-preto-sp-e-regiao-ismael-colosi\/"},"img":{"alt_text":"","src":"https:\/\/i0.wp.com\/noticiasribeiraopreto.com.br\/wp-content\/uploads\/2024\/02\/15123427_saidinha.jpg?fit=876%2C585&ssl=1&resize=350%2C200","width":350,"height":200,"srcset":"https:\/\/i0.wp.com\/noticiasribeiraopreto.com.br\/wp-content\/uploads\/2024\/02\/15123427_saidinha.jpg?fit=876%2C585&ssl=1&resize=350%2C200 1x, https:\/\/i0.wp.com\/noticiasribeiraopreto.com.br\/wp-content\/uploads\/2024\/02\/15123427_saidinha.jpg?fit=876%2C585&ssl=1&resize=525%2C300 1.5x, https:\/\/i0.wp.com\/noticiasribeiraopreto.com.br\/wp-content\/uploads\/2024\/02\/15123427_saidinha.jpg?fit=876%2C585&ssl=1&resize=700%2C400 2x"},"classes":[]}],"jetpack_sharing_enabled":true,"jetpack_shortlink":"https:\/\/wp.me\/peQAOb-9k3","_links":{"self":[{"href":"https:\/\/noticiasribeiraopreto.com.br\/index.php\/wp-json\/wp\/v2\/posts\/35839","targetHints":{"allow":["GET"]}}],"collection":[{"href":"https:\/\/noticiasribeiraopreto.com.br\/index.php\/wp-json\/wp\/v2\/posts"}],"about":[{"href":"https:\/\/noticiasribeiraopreto.com.br\/index.php\/wp-json\/wp\/v2\/types\/post"}],"author":[{"embeddable":true,"href":"https:\/\/noticiasribeiraopreto.com.br\/index.php\/wp-json\/wp\/v2\/users\/1"}],"replies":[{"embeddable":true,"href":"https:\/\/noticiasribeiraopreto.com.br\/index.php\/wp-json\/wp\/v2\/comments?post=35839"}],"version-history":[{"count":0,"href":"https:\/\/noticiasribeiraopreto.com.br\/index.php\/wp-json\/wp\/v2\/posts\/35839\/revisions"}],"wp:featuredmedia":[{"embeddable":true,"href":"https:\/\/noticiasribeiraopreto.com.br\/index.php\/wp-json\/wp\/v2\/media\/35840"}],"wp:attachment":[{"href":"https:\/\/noticiasribeiraopreto.com.br\/index.php\/wp-json\/wp\/v2\/media?parent=35839"}],"wp:term":[{"taxonomy":"category","embeddable":true,"href":"https:\/\/noticiasribeiraopreto.com.br\/index.php\/wp-json\/wp\/v2\/categories?post=35839"},{"taxonomy":"post_tag","embeddable":true,"href":"https:\/\/noticiasribeiraopreto.com.br\/index.php\/wp-json\/wp\/v2\/tags?post=35839"}],"curies":[{"name":"wp","href":"https:\/\/api.w.org\/{rel}","templated":true}]}}