{"id":35843,"date":"2024-02-07T17:24:59","date_gmt":"2024-02-07T20:24:59","guid":{"rendered":"https:\/\/noticiasribeiraopreto.com.br\/index.php\/2024\/02\/07\/sete-milhoes-de-familias-devem-atualizar-dados-no-cadunico\/"},"modified":"2024-02-07T17:24:59","modified_gmt":"2024-02-07T20:24:59","slug":"sete-milhoes-de-familias-devem-atualizar-dados-no-cadunico","status":"publish","type":"post","link":"https:\/\/noticiasribeiraopreto.com.br\/index.php\/2024\/02\/07\/sete-milhoes-de-familias-devem-atualizar-dados-no-cadunico\/","title":{"rendered":"Sete milh\u00f5es de fam\u00edlias devem atualizar dados\u00a0no Cad\u00danico\u00a0"},"content":{"rendered":"<div class='code-block code-block-1' style='margin: 8px 0 8px auto; text-align: right; display: block; clear: both;'>\n<p><a href=\"https:\/\/wa.link\/vpicfd\"><img data-recalc-dims=\"1\" class=\"wp-image-4922\" style=\"aspect-ratio: 2.0253164556962027; width: 561px; height: auto;\" src=\"https:\/\/i0.wp.com\/ismaelcolosi.com.br\/wp-content\/uploads\/2023\/11\/grupo-de-empregos-whatsapp-e-facebook-ismael-colosi-vagas.jpg?ssl=1\" alt=\"\" \/><\/a><\/p>\n<!-- \/wp:image -->\n<\/div>\n<p> <br \/>\n<\/p>\n<div id=\"post-372903\">\n<header class=\"entry-header penci-entry-header penci-title-center\">\n<p> <span class=\"entry-meta-item penci-posted-on\"><i class=\"fa fa-clock-o\"\/><time class=\"entry-date published\" datetime=\"2024-02-07T17:00:30-03:00\">7 de fevereiro de 2024 | 17:00<\/time><time class=\"updated\" datetime=\"2024-02-07T10:02:52-03:00\">7 de fevereiro de 2024 | 10:02<\/time><\/span><\/p>\n<p> <span class=\"penci-social-buttons penci-social-share-footer\"><a href=\"#\" class=\"penci-post-like penci_post-meta_item  single-like-button penci-social-item like\" data-post_id=\"372903\" title=\"Like\" data-like=\"Like\" data-unlike=\"Unlike\"><i class=\"fa fa-thumbs-o-up\"\/><span class=\"penci-share-number\">0<\/span><\/a><i class=\"fa fa-facebook\"\/><a class=\"penci-social-item twitter\" target=\"_blank\" rel=\"noopener\" title=\"\" href=\"https:\/\/twitter.com\/intent\/tweet?text=Sete%20milh\u00f5es%20de%20fam\u00edlias%20devem%20atualizar%20dados\u00a0no%20Cad\u00danico\u00a0%20-%20https:\/\/www.tribunaribeirao.com.br\/site\/sete-milhoes-de-familias-devem-atualizar-dados-no-cadunico\/\"><i class=\"fa fa-twitter\"\/><\/a><i class=\"fa fa-whatsapp\"\/><\/span><\/header>\n<div class=\"penci-entry-content entry-content\">\n<p><span class=\"TextRun SCXW84141318 BCX0\" lang=\"PT-BR\" xml:lang=\"PT-BR\" data-contrast=\"auto\"><span class=\"NormalTextRun SCXW84141318 BCX0\">O Minist\u00e9rio do Desenvolvimento e Assist\u00eancia Social, Fam\u00edlia e Combate \u00e0 Fome (MDS) inform<\/span><span class=\"NormalTextRun SCXW84141318 BCX0\">a <\/span><span class=\"NormalTextRun SCXW84141318 BCX0\">que cerca de <\/span><span class=\"NormalTextRun SCXW84141318 BCX0\">sete<\/span><span class=\"NormalTextRun SCXW84141318 BCX0\"> milh\u00f5es de fam\u00edlias, entre benefici\u00e1rias e n\u00e3o benefici\u00e1rias do Programa Bolsa Fam\u00edlia, devem atualizar seus dados no Cadastro \u00danico para Programas Sociais do governo federal, o <\/span><span class=\"NormalTextRun SCXW84141318 BCX0\">Cad\u00danico<\/span><span class=\"NormalTextRun SCXW84141318 BCX0\">.<\/span> <span class=\"NormalTextRun SCXW84141318 BCX0\">A medida faz parte da a\u00e7\u00e3o cont\u00ednua de Qualifica\u00e7\u00e3o Cadastral, que engloba dois processos, o de Averigua\u00e7\u00e3o Cadastral (AVE24) e o de Revis\u00e3o Cadastral (REV24), conforme legisla\u00e7\u00e3o.<\/span> <\/span><span class=\"LineBreakBlob BlobObject DragDrop SCXW84141318 BCX0\"><span class=\"SCXW84141318 BCX0\">\u00a0<\/span><br class=\"SCXW84141318 BCX0\"\/><\/span><span class=\"LineBreakBlob BlobObject DragDrop SCXW84141318 BCX0\"><span class=\"SCXW84141318 BCX0\">\u00a0<\/span><br class=\"SCXW84141318 BCX0\"\/><\/span><span class=\"TextRun SCXW84141318 BCX0\" lang=\"PT-BR\" xml:lang=\"PT-BR\" data-contrast=\"auto\"><span class=\"NormalTextRun SCXW84141318 BCX0\">Os dados cadastrais devem refletir a realidade das fam\u00edlias em vulnerabilidade, para que sejam usados para formula\u00e7\u00e3o, <\/span><span class=\"NormalTextRun SCXW84141318 BCX0\">implementa\u00e7\u00e3o<\/span><span class=\"NormalTextRun SCXW84141318 BCX0\">, monitoramento e avalia\u00e7\u00e3o de pol\u00edticas p\u00fablicas. As atualiza\u00e7\u00f5es dos dados tamb\u00e9m servem para prevenir fraudes no recebimento de benef\u00edcios e melhorar o acesso a algum dos 36 programas federais que usam os dados do <\/span><span class=\"NormalTextRun SCXW84141318 BCX0\">Cad\u00danico<\/span><span class=\"NormalTextRun SCXW84141318 BCX0\"> para inclus\u00e3o de benefici\u00e1rios.<\/span> <\/span><span class=\"LineBreakBlob BlobObject DragDrop SCXW84141318 BCX0\"><span class=\"SCXW84141318 BCX0\">\u00a0<\/span><br class=\"SCXW84141318 BCX0\"\/><\/span><span class=\"LineBreakBlob BlobObject DragDrop SCXW84141318 BCX0\"><span class=\"SCXW84141318 BCX0\">\u00a0<\/span><br class=\"SCXW84141318 BCX0\"\/><\/span><span class=\"TextRun SCXW84141318 BCX0\" lang=\"PT-BR\" xml:lang=\"PT-BR\" data-contrast=\"auto\"><span class=\"NormalTextRun SCXW84141318 BCX0\">Na Averigua\u00e7\u00e3o Cadastral, s\u00e3o verificadas as informa\u00e7\u00f5es prestadas pelas fam\u00edlias no momento do cadastramento, que apresentaram algum ind\u00edcio de inconsist\u00eancia, seja de renda, de declara\u00e7\u00e3o de v\u00ednculo empregat\u00edcio ou de composi\u00e7\u00e3o familiar. J\u00e1 a Revis\u00e3o Cadastral, abrange as fam\u00edlias que est\u00e3o com o cadastro desatualizado h\u00e1 mais de <\/span><span class=\"NormalTextRun SCXW84141318 BCX0\">dois<\/span><span class=\"NormalTextRun SCXW84141318 BCX0\"> anos. <\/span><\/span><span class=\"LineBreakBlob BlobObject DragDrop SCXW84141318 BCX0\"><span class=\"SCXW84141318 BCX0\">\u00a0<\/span><br class=\"SCXW84141318 BCX0\"\/><\/span><span class=\"LineBreakBlob BlobObject DragDrop SCXW84141318 BCX0\"><span class=\"SCXW84141318 BCX0\">\u00a0<\/span><br class=\"SCXW84141318 BCX0\"\/><\/span><span class=\"TextRun SCXW84141318 BCX0\" lang=\"PT-BR\" xml:lang=\"PT-BR\" data-contrast=\"auto\"><span class=\"NormalTextRun SCXW84141318 BCX0\">O minist\u00e9rio esclareceu que uma mesma fam\u00edlia pode estar nos dois processos de qualifica\u00e7\u00e3o, dependendo da situa\u00e7\u00e3o. E de acordo com a pasta, este ano, a maior parte das fam\u00edlias na mira do governo federal est\u00e1 com os registros sem atualiza\u00e7\u00e3o h\u00e1 mais de 24 meses.<\/span><\/span><span class=\"LineBreakBlob BlobObject DragDrop SCXW84141318 BCX0\"><span class=\"SCXW84141318 BCX0\">\u00a0<\/span><br class=\"SCXW84141318 BCX0\"\/><\/span><span class=\"LineBreakBlob BlobObject DragDrop SCXW84141318 BCX0\"><span class=\"SCXW84141318 BCX0\">\u00a0<\/span><br class=\"SCXW84141318 BCX0\"\/><\/span><span class=\"TextRun SCXW84141318 BCX0\" lang=\"PT-BR\" xml:lang=\"PT-BR\" data-contrast=\"auto\"><span class=\"NormalTextRun SCXW84141318 BCX0\">O que fazer?<\/span><span class=\"NormalTextRun SCXW84141318 BCX0\"> \u2013 <\/span><\/span><span class=\"TextRun SCXW84141318 BCX0\" lang=\"PT-BR\" xml:lang=\"PT-BR\" data-contrast=\"auto\"><span class=\"NormalTextRun SCXW84141318 BCX0\">As fam\u00edlias inscritas no <\/span><span class=\"NormalTextRun SCXW84141318 BCX0\">Cad\u00danico<\/span><span class=\"NormalTextRun SCXW84141318 BCX0\">, apontadas na A\u00e7\u00e3o de Qualifica\u00e7\u00e3o Cadastral de 2024, est\u00e3o sendo comunicadas por meio mensagens no aplicativo do <\/span><span class=\"NormalTextRun SCXW84141318 BCX0\">Cad\u00danico<\/span><span class=\"NormalTextRun SCXW84141318 BCX0\">, dispon\u00edvel para <\/span><span class=\"NormalTextRun SCXW84141318 BCX0\">smartphones<\/span><span class=\"NormalTextRun SCXW84141318 BCX0\"> nos sistemas <\/span><span class=\"NormalTextRun SCXW84141318 BCX0\">Android<\/span><span class=\"NormalTextRun SCXW84141318 BCX0\"> e IOS e pela internet. Al\u00e9m desses meios, a comunica\u00e7\u00e3o \u00e0s fam\u00edlias benefici\u00e1rias <\/span><span class=\"NormalTextRun SCXW84141318 BCX0\">do Bolsa<\/span><span class=\"NormalTextRun SCXW84141318 BCX0\"> Fam\u00edlia tamb\u00e9m conta com mensagens nos aplicativos do programa, no Caixa Tem e no extrato de pagamento dos benef\u00edcios. <\/span><\/span><span class=\"LineBreakBlob BlobObject DragDrop SCXW84141318 BCX0\"><span class=\"SCXW84141318 BCX0\">\u00a0<\/span><br class=\"SCXW84141318 BCX0\"\/><\/span><span class=\"LineBreakBlob BlobObject DragDrop SCXW84141318 BCX0\"><span class=\"SCXW84141318 BCX0\">\u00a0<\/span><br class=\"SCXW84141318 BCX0\"\/><\/span><span class=\"TextRun SCXW84141318 BCX0\" lang=\"PT-BR\" xml:lang=\"PT-BR\" data-contrast=\"auto\"><span class=\"NormalTextRun SCXW84141318 BCX0\">As fam\u00edlias benefici\u00e1rias da Tarifa Social de Energia El\u00e9trica tamb\u00e9m podem ser comunicadas por meio de mensagem na fatura da conta de energia el\u00e9trica.<\/span> <span class=\"NormalTextRun SCXW84141318 BCX0\">Ap\u00f3s a notifica\u00e7\u00e3o, os respons\u00e1veis pelas fam\u00edlias devem procurar pessoalmente o Centro de Refer\u00eancia de Assist\u00eancia Social (<\/span><span class=\"NormalTextRun SCXW84141318 BCX0\">Cras<\/span><span class=\"NormalTextRun SCXW84141318 BCX0\">) no <\/span><span class=\"NormalTextRun SCXW84141318 BCX0\">munic\u00edpio onde vive ou o setor da prefeitura respons\u00e1vel pela gest\u00e3o municipal do <\/span><span class=\"NormalTextRun SCXW84141318 BCX0\">Cad\u00danico<\/span><span class=\"NormalTextRun SCXW84141318 BCX0\">, para atualizar os dados do n\u00facleo familiar.<\/span><\/span><span class=\"LineBreakBlob BlobObject DragDrop SCXW84141318 BCX0\"><span class=\"SCXW84141318 BCX0\">\u00a0<\/span><br class=\"SCXW84141318 BCX0\"\/><\/span><span class=\"LineBreakBlob BlobObject DragDrop SCXW84141318 BCX0\"><span class=\"SCXW84141318 BCX0\">\u00a0<\/span><br class=\"SCXW84141318 BCX0\"\/><\/span><span class=\"TextRun SCXW84141318 BCX0\" lang=\"PT-BR\" xml:lang=\"PT-BR\" data-contrast=\"auto\"><span class=\"NormalTextRun SCXW84141318 BCX0\">Em caso de d\u00favida sobre localiza\u00e7\u00e3o desses postos de atendimento, o MDS disponibiliza um site para o cidad\u00e3o buscar o <\/span><span class=\"NormalTextRun SCXW84141318 BCX0\">Cras<\/span><span class=\"NormalTextRun SCXW84141318 BCX0\"> mais pr\u00f3ximo.<\/span> <span class=\"NormalTextRun SCXW84141318 BCX0\">Algumas fam\u00edlias a atualiza\u00e7\u00e3o cadastral dever\u00e1 ser realizada no domic\u00edlio.<\/span> <span class=\"NormalTextRun SCXW84141318 BCX0\">Ao se dirigir ao posto de atendimento, os respons\u00e1veis devem levar documento de identifica\u00e7\u00e3o com foto e outros como C<\/span><span class=\"NormalTextRun SCXW84141318 BCX0\">adastro de Pessoa F\u00edsica (CPF) <\/span><span class=\"NormalTextRun SCXW84141318 BCX0\">ou <\/span><span class=\"NormalTextRun SCXW84141318 BCX0\">t<\/span><span class=\"NormalTextRun SCXW84141318 BCX0\">\u00edtulo de <\/span><span class=\"NormalTextRun SCXW84141318 BCX0\">e<\/span><span class=\"NormalTextRun SCXW84141318 BCX0\">leitor, comprovante de resid\u00eancia e documentos de todas as pessoas da fam\u00edlia que moram no mesmo domic\u00edlio.<\/span><\/span><span class=\"LineBreakBlob BlobObject DragDrop SCXW84141318 BCX0\"><span class=\"SCXW84141318 BCX0\">\u00a0<\/span><br class=\"SCXW84141318 BCX0\"\/><\/span><span class=\"LineBreakBlob BlobObject DragDrop SCXW84141318 BCX0\"><span class=\"SCXW84141318 BCX0\">\u00a0<\/span><br class=\"SCXW84141318 BCX0\"\/><\/span><span class=\"TextRun SCXW84141318 BCX0\" lang=\"PT-BR\" xml:lang=\"PT-BR\" data-contrast=\"auto\"><span class=\"NormalTextRun SCXW84141318 BCX0\">Mesmo que n\u00e3o receba qualquer notifica\u00e7\u00e3o sobre a Revis\u00e3o Cadastral, o benefici\u00e1rio pode checar a situa\u00e7\u00e3o de seus dados, data da \u00faltima atualiza\u00e7\u00e3o e data limite para uma nova atualiza\u00e7\u00e3o cadastral no aplicativo do Cadastro <\/span><span class=\"NormalTextRun SCXW84141318 BCX0\">\u00danico.<\/span><span class=\"NormalTextRun SCXW84141318 BCX0\">Caso tenha faltado algum documento na hora do recadastramento, a fam\u00edlia inclu\u00edda na A\u00e7\u00e3o de Qualifica\u00e7\u00e3o Cadastral ficar\u00e1 com a situa\u00e7\u00e3o identificada como pendente. <\/span><\/span><span class=\"LineBreakBlob BlobObject DragDrop SCXW84141318 BCX0\"><span class=\"SCXW84141318 BCX0\">\u00a0<\/span><br class=\"SCXW84141318 BCX0\"\/><\/span><span class=\"LineBreakBlob BlobObject DragDrop SCXW84141318 BCX0\"><span class=\"SCXW84141318 BCX0\">\u00a0<\/span><br class=\"SCXW84141318 BCX0\"\/><\/span><span class=\"TextRun SCXW84141318 BCX0\" lang=\"PT-BR\" xml:lang=\"PT-BR\" data-contrast=\"auto\"><span class=\"NormalTextRun SCXW84141318 BCX0\">E esse registro incompleto poder\u00e1 impedir a participa\u00e7\u00e3o dela em programas sociais.<\/span> <span class=\"NormalTextRun SCXW84141318 BCX0\">A falta de atualiza\u00e7\u00e3o dos dados do <\/span><span class=\"NormalTextRun SCXW84141318 BCX0\">Cad\u00danico<\/span><span class=\"NormalTextRun SCXW84141318 BCX0\"> pode, ainda, levar \u00e0 suspens\u00e3o do pagamento de benef\u00edcios por 2 meses e posterior cancelamento, caso n\u00e3o regularize a situa\u00e7\u00e3o at\u00e9 a data limite prevista.<\/span><\/span><span class=\"EOP SCXW84141318 BCX0\" data-ccp-props=\"{&quot;201341983&quot;:0,&quot;335559739&quot;:200,&quot;335559740&quot;:276}\">\u00a0<\/span><\/p>\n<\/div>\n<footer class=\"penci-entry-footer\"\/><\/div>\n<p><script async src=\"\/\/platform.twitter.com\/widgets.js\" charset=\"utf-8\"><\/script><br \/>\n<br \/><br \/>\n<br \/><a href=\"https:\/\/www.tribunaribeirao.com.br\/site\/sete-milhoes-de-familias-devem-atualizar-dados-no-cadunico\/\">Source link <\/a><\/p>\n<!-- CONTENT END 1 -->\n","protected":false},"excerpt":{"rendered":"<p>7 de fevereiro de 2024 | 17:007 de fevereiro de 2024 | 10:02 0 O Minist\u00e9rio do Desenvolvimento e Assist\u00eancia Social, Fam\u00edlia e Combate \u00e0&#8230;<\/p>\n","protected":false},"author":1,"featured_media":35844,"comment_status":"open","ping_status":"open","sticky":false,"template":"","format":"standard","meta":{"advanced_seo_description":"","jetpack_seo_html_title":"","jetpack_seo_noindex":false,"jetpack_post_was_ever_published":false,"_jetpack_newsletter_access":"","_jetpack_dont_email_post_to_subs":false,"_jetpack_newsletter_tier_id":0,"_jetpack_memberships_contains_paywalled_content":false,"_jetpack_memberships_contains_paid_content":false,"footnotes":"","jetpack_publicize_message":"","jetpack_publicize_feature_enabled":true,"jetpack_social_post_already_shared":true,"jetpack_social_options":{"image_generator_settings":{"template":"highway","default_image_id":0,"font":"","enabled":false},"version":2}},"categories":[11],"tags":[4135,4137,4136,977,1454,262,2215],"class_list":["post-35843","post","type-post","status-publish","format-standard","has-post-thumbnail","hentry","category-noticias-de-ribeirao-preto-sp-e-regiao-ismael-colosi","tag-atualizar","tag-cadunico","tag-dadosno","tag-devem","tag-familias","tag-milhoes","tag-sete"],"jetpack_publicize_connections":[],"jetpack_featured_media_url":"https:\/\/i0.wp.com\/noticiasribeiraopreto.com.br\/wp-content\/uploads\/2024\/02\/72289733-2e99-4cc4-accf-c0fcad36825f-scaled.jpg?fit=1000%2C598&ssl=1","jetpack-related-posts":[{"id":15106,"url":"https:\/\/noticiasribeiraopreto.com.br\/index.php\/2023\/12\/13\/convocacao-geral-para-cadastro-unico-saiba-a-importancia\/","url_meta":{"origin":35843,"position":0},"title":"CONVOCA\u00c7\u00c3O GERAL para Cadastro \u00danico; saiba a import\u00e2ncia","author":"noticiasribeiraopreto.com.br","date":"13 de December de 2023","format":false,"excerpt":"Saiu uma convoca\u00e7\u00e3o importante para os cadastrados no Cadastro \u00danico do Governo Federal. Aqueles que est\u00e3o inscritos e n\u00e3o seguirem as diretrizes correm o risco de perder alguns dos benef\u00edcios sociais mais relevantes atualmente. No momento, muitos brasileiros dependem desses benef\u00edcios governamentais para pagar contas, quitar d\u00edvidas e sustentar suas\u2026","rel":"","context":"In &quot;Vagas de Emprego em Ribeir\u00e3o Preto-SP&quot;","block_context":{"text":"Vagas de Emprego em Ribeir\u00e3o Preto-SP","link":"https:\/\/noticiasribeiraopreto.com.br\/index.php\/category\/empregos-classificados-vagas-trabalho\/vagas-de-empregos-em-ribeirao-preto-regiao-brasil\/"},"img":{"alt_text":"","src":"https:\/\/i0.wp.com\/noticiasribeiraopreto.com.br\/wp-content\/uploads\/2023\/12\/noticiasconcursos.com_.br-n-6.jpg?fit=1200%2C800&ssl=1&resize=350%2C200","width":350,"height":200,"srcset":"https:\/\/i0.wp.com\/noticiasribeiraopreto.com.br\/wp-content\/uploads\/2023\/12\/noticiasconcursos.com_.br-n-6.jpg?fit=1200%2C800&ssl=1&resize=350%2C200 1x, https:\/\/i0.wp.com\/noticiasribeiraopreto.com.br\/wp-content\/uploads\/2023\/12\/noticiasconcursos.com_.br-n-6.jpg?fit=1200%2C800&ssl=1&resize=525%2C300 1.5x, https:\/\/i0.wp.com\/noticiasribeiraopreto.com.br\/wp-content\/uploads\/2023\/12\/noticiasconcursos.com_.br-n-6.jpg?fit=1200%2C800&ssl=1&resize=700%2C400 2x, https:\/\/i0.wp.com\/noticiasribeiraopreto.com.br\/wp-content\/uploads\/2023\/12\/noticiasconcursos.com_.br-n-6.jpg?fit=1200%2C800&ssl=1&resize=1050%2C600 3x"},"classes":[]},{"id":20229,"url":"https:\/\/noticiasribeiraopreto.com.br\/index.php\/2023\/12\/24\/cadunico-2024-veja-como-se-cadastrar-e-quais-documentos-sao-necessarios\/","url_meta":{"origin":35843,"position":1},"title":"CAD\u00daNICO 2024: Veja como se cadastrar e quais documentos s\u00e3o necess\u00e1rios","author":"noticiasribeiraopreto.com.br","date":"24 de December de 2023","format":false,"excerpt":"O Cadastro \u00danico (tamb\u00e9m conhecido como Cad\u00danico) \u00e9 uma ferramenta indispens\u00e1vel para fam\u00edlias de baixa renda no Brasil, dando acesso a diversas pol\u00edticas p\u00fablicas importantes. Com mais de 43,5 milh\u00f5es de fam\u00edlias brasileiras registradas, o Cad\u00danico 2024 \u00e9 uma oportunidade que voc\u00ea n\u00e3o deve perder. Neste artigo, explicaremos como se\u2026","rel":"","context":"In &quot;Vagas de Emprego em Ribeir\u00e3o Preto-SP&quot;","block_context":{"text":"Vagas de Emprego em Ribeir\u00e3o Preto-SP","link":"https:\/\/noticiasribeiraopreto.com.br\/index.php\/category\/empregos-classificados-vagas-trabalho\/vagas-de-empregos-em-ribeirao-preto-regiao-brasil\/"},"img":{"alt_text":"","src":"","width":0,"height":0},"classes":[]},{"id":23229,"url":"https:\/\/noticiasribeiraopreto.com.br\/index.php\/2024\/01\/01\/cpf-com-problemas-saiba-como-corrigi-lo-imediatamente-para-garantir-o-recebimento-do-bolsa-familia\/","url_meta":{"origin":35843,"position":2},"title":"CPF com problemas? Saiba como corrigi-lo imediatamente para garantir o recebimento do Bolsa Fam\u00edlia","author":"noticiasribeiraopreto.com.br","date":"1 de January de 2024","format":false,"excerpt":"A partir de janeiro, o Bolsa Fam\u00edlia emitir\u00e1 alertas sobre poss\u00edveis bloqueios para fam\u00edlias com irregularidades no CPF ou no Cadastro \u00danico (Cad\u00danico), orientando a atualiza\u00e7\u00e3o das informa\u00e7\u00f5es. O Bolsa Fam\u00edlia est\u00e1 informando sobre a possibilidade de bloqueios para fam\u00edlias com irregularidades no CPF ou no Cadastro \u00danico (Cad\u00danico), orientando\u2026","rel":"","context":"In &quot;Vagas de Emprego em Ribeir\u00e3o Preto-SP&quot;","block_context":{"text":"Vagas de Emprego em Ribeir\u00e3o Preto-SP","link":"https:\/\/noticiasribeiraopreto.com.br\/index.php\/category\/empregos-classificados-vagas-trabalho\/vagas-de-empregos-em-ribeirao-preto-regiao-brasil\/"},"img":{"alt_text":"","src":"","width":0,"height":0},"classes":[]},{"id":46565,"url":"https:\/\/noticiasribeiraopreto.com.br\/index.php\/2024\/04\/12\/bolsa-familia-anuncia-medida-drastica-pagamentos-bloqueados-para-beneficiarios-com-cpf-irregular-entenda-seu-caso\/","url_meta":{"origin":35843,"position":3},"title":"Bolsa Fam\u00edlia anuncia medida dr\u00e1stica: Pagamentos bloqueados para benefici\u00e1rios com CPF Irregular; Entenda seu caso","author":"noticiasribeiraopreto.com.br","date":"12 de April de 2024","format":false,"excerpt":"Voc\u00ea est\u00e1 recebendo o Bolsa Fam\u00edlia e tem algum problema com o seu CPF? Tenha cuidado, pois os benef\u00edcios podem ser bloqueados. Recentemente, o programa Bolsa Fam\u00edlia anunciou que bloquearia pagamentos a benefici\u00e1rios que tiverem problemas com o CPF. A medida tem o objetivo de evitar fraudes no pagamento dos\u2026","rel":"","context":"In &quot;Dinheiro e Investimento&quot;","block_context":{"text":"Dinheiro e Investimento","link":"https:\/\/noticiasribeiraopreto.com.br\/index.php\/category\/dinheiro-e-investimento-como-fazer-como-ganhar\/"},"img":{"alt_text":"","src":"https:\/\/i0.wp.com\/noticiasribeiraopreto.com.br\/wp-content\/uploads\/2024\/04\/13o-Salario.webp.webp?fit=1200%2C630&ssl=1&resize=350%2C200","width":350,"height":200,"srcset":"https:\/\/i0.wp.com\/noticiasribeiraopreto.com.br\/wp-content\/uploads\/2024\/04\/13o-Salario.webp.webp?fit=1200%2C630&ssl=1&resize=350%2C200 1x, https:\/\/i0.wp.com\/noticiasribeiraopreto.com.br\/wp-content\/uploads\/2024\/04\/13o-Salario.webp.webp?fit=1200%2C630&ssl=1&resize=525%2C300 1.5x, https:\/\/i0.wp.com\/noticiasribeiraopreto.com.br\/wp-content\/uploads\/2024\/04\/13o-Salario.webp.webp?fit=1200%2C630&ssl=1&resize=700%2C400 2x, https:\/\/i0.wp.com\/noticiasribeiraopreto.com.br\/wp-content\/uploads\/2024\/04\/13o-Salario.webp.webp?fit=1200%2C630&ssl=1&resize=1050%2C600 3x"},"classes":[]},{"id":13639,"url":"https:\/\/noticiasribeiraopreto.com.br\/index.php\/2023\/12\/10\/convocacao-urgente-para-os-beneficiarios-do-bpc-e-preocupante\/","url_meta":{"origin":35843,"position":4},"title":"CONVOCA\u00c7\u00c3O URGENTE para os benefici\u00e1rios do BPC \u00e9 PREOCUPANTE","author":"noticiasribeiraopreto.com.br","date":"10 de December de 2023","format":false,"excerpt":"O pagamento do BPC (Benef\u00edcio de Presta\u00e7\u00e3o Continuada) enfrenta uma s\u00e9ria amea\u00e7a. O titular do aux\u00edlio precisa atualizar suas informa\u00e7\u00f5es cadastrais, aderindo estritamente a todas as normas para elegibilidade a fim de garantir os dep\u00f3sitos. A convoca\u00e7\u00e3o est\u00e1 sendo feito por conta da remunera\u00e7\u00e3o em risco devido \u00e0 falta do\u2026","rel":"","context":"In &quot;Vagas de Emprego em Ribeir\u00e3o Preto-SP&quot;","block_context":{"text":"Vagas de Emprego em Ribeir\u00e3o Preto-SP","link":"https:\/\/noticiasribeiraopreto.com.br\/index.php\/category\/empregos-classificados-vagas-trabalho\/vagas-de-empregos-em-ribeirao-preto-regiao-brasil\/"},"img":{"alt_text":"","src":"https:\/\/i0.wp.com\/noticiasribeiraopreto.com.br\/wp-content\/uploads\/2023\/12\/noticiasconcursos.com_.br-emprestimo-bpc-tem-regras-atualizadas-confira-agora-mesmo-o-44.jpg?fit=1200%2C800&ssl=1&resize=350%2C200","width":350,"height":200,"srcset":"https:\/\/i0.wp.com\/noticiasribeiraopreto.com.br\/wp-content\/uploads\/2023\/12\/noticiasconcursos.com_.br-emprestimo-bpc-tem-regras-atualizadas-confira-agora-mesmo-o-44.jpg?fit=1200%2C800&ssl=1&resize=350%2C200 1x, https:\/\/i0.wp.com\/noticiasribeiraopreto.com.br\/wp-content\/uploads\/2023\/12\/noticiasconcursos.com_.br-emprestimo-bpc-tem-regras-atualizadas-confira-agora-mesmo-o-44.jpg?fit=1200%2C800&ssl=1&resize=525%2C300 1.5x, https:\/\/i0.wp.com\/noticiasribeiraopreto.com.br\/wp-content\/uploads\/2023\/12\/noticiasconcursos.com_.br-emprestimo-bpc-tem-regras-atualizadas-confira-agora-mesmo-o-44.jpg?fit=1200%2C800&ssl=1&resize=700%2C400 2x, https:\/\/i0.wp.com\/noticiasribeiraopreto.com.br\/wp-content\/uploads\/2023\/12\/noticiasconcursos.com_.br-emprestimo-bpc-tem-regras-atualizadas-confira-agora-mesmo-o-44.jpg?fit=1200%2C800&ssl=1&resize=1050%2C600 3x"},"classes":[]},{"id":37897,"url":"https:\/\/noticiasribeiraopreto.com.br\/index.php\/2024\/02\/19\/valor-do-bolsa-familia-destinado-a-rp-recua\/","url_meta":{"origin":35843,"position":5},"title":"Valor do Bolsa Fam\u00edlia destinado a RP recua\u00a0","author":"noticiasribeiraopreto.com.br","date":"19 de February de 2024","format":false,"excerpt":"S\u00e3o Paulo \u00e9 a unidade da federa\u00e7\u00e3o com maior n\u00famero de fam\u00edlias contempladas com o Bolsa Fam\u00edlia em fevereiro de 2024. Mais de 2,62 milh\u00f5es de fam\u00edlias, de todos os 645 munic\u00edpios paulistas, receber\u00e3o neste m\u00eas um benef\u00edcio m\u00e9dio de R$ 679,51. \u00a0\u00a0O repasse \u00e9 fruto de um investimento do\u2026","rel":"","context":"In &quot;Not\u00edcias de Ribeir\u00e3o Preto-SP e Regi\u00e3o&quot;","block_context":{"text":"Not\u00edcias de Ribeir\u00e3o Preto-SP e Regi\u00e3o","link":"https:\/\/noticiasribeiraopreto.com.br\/index.php\/category\/noticias-de-ribeirao-preto-sp-e-regiao-ismael-colosi\/"},"img":{"alt_text":"","src":"https:\/\/i0.wp.com\/noticiasribeiraopreto.com.br\/wp-content\/uploads\/2024\/02\/Bolsa-Bol-MDAS-Divulgacao-scaled.jpg?fit=1000%2C598&ssl=1&resize=350%2C200","width":350,"height":200,"srcset":"https:\/\/i0.wp.com\/noticiasribeiraopreto.com.br\/wp-content\/uploads\/2024\/02\/Bolsa-Bol-MDAS-Divulgacao-scaled.jpg?fit=1000%2C598&ssl=1&resize=350%2C200 1x, https:\/\/i0.wp.com\/noticiasribeiraopreto.com.br\/wp-content\/uploads\/2024\/02\/Bolsa-Bol-MDAS-Divulgacao-scaled.jpg?fit=1000%2C598&ssl=1&resize=525%2C300 1.5x, https:\/\/i0.wp.com\/noticiasribeiraopreto.com.br\/wp-content\/uploads\/2024\/02\/Bolsa-Bol-MDAS-Divulgacao-scaled.jpg?fit=1000%2C598&ssl=1&resize=700%2C400 2x"},"classes":[]}],"jetpack_sharing_enabled":true,"jetpack_shortlink":"https:\/\/wp.me\/peQAOb-9k7","_links":{"self":[{"href":"https:\/\/noticiasribeiraopreto.com.br\/index.php\/wp-json\/wp\/v2\/posts\/35843","targetHints":{"allow":["GET"]}}],"collection":[{"href":"https:\/\/noticiasribeiraopreto.com.br\/index.php\/wp-json\/wp\/v2\/posts"}],"about":[{"href":"https:\/\/noticiasribeiraopreto.com.br\/index.php\/wp-json\/wp\/v2\/types\/post"}],"author":[{"embeddable":true,"href":"https:\/\/noticiasribeiraopreto.com.br\/index.php\/wp-json\/wp\/v2\/users\/1"}],"replies":[{"embeddable":true,"href":"https:\/\/noticiasribeiraopreto.com.br\/index.php\/wp-json\/wp\/v2\/comments?post=35843"}],"version-history":[{"count":0,"href":"https:\/\/noticiasribeiraopreto.com.br\/index.php\/wp-json\/wp\/v2\/posts\/35843\/revisions"}],"wp:featuredmedia":[{"embeddable":true,"href":"https:\/\/noticiasribeiraopreto.com.br\/index.php\/wp-json\/wp\/v2\/media\/35844"}],"wp:attachment":[{"href":"https:\/\/noticiasribeiraopreto.com.br\/index.php\/wp-json\/wp\/v2\/media?parent=35843"}],"wp:term":[{"taxonomy":"category","embeddable":true,"href":"https:\/\/noticiasribeiraopreto.com.br\/index.php\/wp-json\/wp\/v2\/categories?post=35843"},{"taxonomy":"post_tag","embeddable":true,"href":"https:\/\/noticiasribeiraopreto.com.br\/index.php\/wp-json\/wp\/v2\/tags?post=35843"}],"curies":[{"name":"wp","href":"https:\/\/api.w.org\/{rel}","templated":true}]}}