{"id":35851,"date":"2024-02-07T17:56:57","date_gmt":"2024-02-07T20:56:57","guid":{"rendered":"https:\/\/noticiasribeiraopreto.com.br\/index.php\/2024\/02\/07\/interior-de-sp-esta-sob-alerta-de-chuvas-intensas-veja-as-cidades-afetadas\/"},"modified":"2024-02-07T17:56:57","modified_gmt":"2024-02-07T20:56:57","slug":"interior-de-sp-esta-sob-alerta-de-chuvas-intensas-veja-as-cidades-afetadas","status":"publish","type":"post","link":"https:\/\/noticiasribeiraopreto.com.br\/index.php\/2024\/02\/07\/interior-de-sp-esta-sob-alerta-de-chuvas-intensas-veja-as-cidades-afetadas\/","title":{"rendered":"Interior de SP est\u00e1 sob alerta de chuvas intensas; Veja as cidades afetadas"},"content":{"rendered":"<div class='code-block code-block-1' style='margin: 8px 0 8px auto; text-align: right; display: block; clear: both;'>\n<p><a href=\"https:\/\/wa.link\/vpicfd\"><img data-recalc-dims=\"1\" class=\"wp-image-4922\" style=\"aspect-ratio: 2.0253164556962027; width: 561px; height: auto;\" src=\"https:\/\/i0.wp.com\/ismaelcolosi.com.br\/wp-content\/uploads\/2023\/11\/grupo-de-empregos-whatsapp-e-facebook-ismael-colosi-vagas.jpg?ssl=1\" alt=\"\" \/><\/a><\/p>\n<!-- \/wp:image -->\n<\/div>\n<p> <br \/>\n<\/p>\n<div>\n<p>O <strong>Inmet (Instituto Nacional de Meteorologia)<\/strong> publicou um alerta de \u201cperigo potencial\u201d para <strong>chuvas intensas<\/strong> no <strong>interior de S\u00e3o Paulo<\/strong> nesta quarta-feira (7). <mark style=\"background-color:#fcb900\" class=\"has-inline-color\">O aviso \u00e9 v\u00e1lido at\u00e9 \u00e0s 10h de quinta-feira (8).<\/mark><\/p>\n<p>Segundo o <strong>\u00f3rg\u00e3o<\/strong>, pode chover o acumulado entre <strong>20 e 30 mil\u00edmetros no per\u00edodo de uma hora<\/strong>, com <strong>ventos intensos de 40 km\/h e 60 km\/h<\/strong>.<\/p>\n<p>As cidades que est\u00e3o sob alerta s\u00e3o: Presidente Prudente, S\u00e3o Jos\u00e9 do Rio Preto, <strong>Ribeir\u00e3o Preto<\/strong>, Campinas, <strong>Franca<\/strong>, <strong>S\u00e3o Carlos<\/strong>, Ara\u00e7atuba, <strong>Araraquara<\/strong>, Piracicaba, <strong>Barretos<\/strong>, Bauru e Mar\u00edlia.<\/p>\n<h4 class=\"wp-block-heading\"><strong>Cidade j\u00e1 foi atingida<\/strong><\/h4>\n<p>Todas as regi\u00f5es urbanas de<strong> S\u00e3o Carlos<\/strong> j\u00e1 foram atingidas por uma chuva repentina, nesta quarta-feira (7).<\/p>\n<p>Segundo a <strong>Guarda Municipal<\/strong> do munic\u00edpio, as sirenes instaladas para alerta de poss\u00edveis alagamentos, <strong>foram tocadas quatro vezes.<\/strong> De acordo com os Bombeiros, ainda h\u00e1 risco para novo temporal.<\/p>\n<p>H\u00e1 relatos de <strong>chuva de granizo<\/strong>, queda de energia \u2013 devido aos fortes ventos e \u00e1rvores ca\u00eddas. Os maiores danos ficaram concentrados na baixada do <strong>Mercad\u00e3o Municipal de S\u00e3o Carlos.<\/strong><\/p>\n<h4 class=\"wp-block-heading\"><strong>Como fica em Ribeir\u00e3o Preto?<\/strong><\/h4>\n<p>Conforme a previs\u00e3o da <strong><a href=\"https:\/\/www.climatempo.com.br\/\" target=\"_blank\" rel=\"noreferrer noopener\">Climatempo<\/a><\/strong>, a combina\u00e7\u00e3o de calor e umidade aumentam as chances de chuva forte no interior. <mark style=\"background-color:#fcb900\" class=\"has-inline-color\">Em <strong>Ribeir\u00e3o Preto<\/strong>, h\u00e1 risco de chuva isolada em algumas regi\u00f5es da cidade nos pr\u00f3ximos dias.<\/mark><\/p>\n<p>Nesta quinta-feira, a temperatura deve variar entre <strong>21\u00baC<\/strong> e <strong>34\u00baC<\/strong>. O dia ser\u00e1 de sol com aumento de nuvens pela manh\u00e3 e pancadas de chuva \u00e0 tarde e \u00e0 noite.<\/p>\n<p>SAIBA MAIS<\/p>\n<p>Vai dar praia no Carnaval? Veja a previs\u00e3o do tempo no Litoral de SP.<\/p>\n<h4 class=\"wp-block-heading\"><strong><mark style=\"background-color:#fcb900\" class=\"has-inline-color\">FIQUE ON<\/mark><\/strong><\/h4>\n<p>Fique ligado em tudo que acontece em Ribeir\u00e3o Preto e regi\u00e3o. Siga os perfis do\u00a0<strong>acidade on\u00a0<\/strong>no\u00a0<a href=\"https:\/\/www.instagram.com\/acidadeonribeirao\" target=\"_blank\" rel=\"noreferrer noopener\">Instagram<\/a>\u00a0e no\u00a0<a href=\"https:\/\/www.facebook.com\/acidadeonribeirao\" target=\"_blank\" rel=\"noreferrer noopener\">Facebook<\/a>.<\/p>\n<p>Receba not\u00edcias do\u00a0<strong>acidade on<\/strong>\u00a0no WhatsApp.\u00a0<a href=\"https:\/\/chat.whatsapp.com\/Bnv2w66ZT4VDyZW3oiZ69n\" target=\"_blank\" rel=\"noreferrer noopener\">Para entrar no grupo, basta clicar aqui.<\/a><\/p>\n<p>Fa\u00e7a uma den\u00fancia ou sugira uma reportagem sobre Ribeir\u00e3o Preto e regi\u00e3o pelo WhatsApp: 16 99117 7802.<\/p>\n<p>VEJA TAMB\u00c9M<\/p>\n<p>Frango frito crocante; aprenda a fazer receita simples e saborosa<\/p>\n<p><!-- AI CONTENT END 1 -->\n<\/div>\n<p><script async src=\"\/\/www.instagram.com\/embed.js\"><\/script><br \/>\n<br \/><br \/>\n<br \/><a href=\"https:\/\/www.acidadeon.com\/ribeiraopreto\/cotidiano\/interior-de-sp-esta-sob-alerta-de-chuvas-intensas-veja-as-cidades-afetadas\/\">Source link <\/a><\/p>\n<!-- CONTENT END 1 -->\n","protected":false},"excerpt":{"rendered":"<p>O Inmet (Instituto Nacional de Meteorologia) publicou um alerta de \u201cperigo potencial\u201d para chuvas intensas no interior de S\u00e3o Paulo nesta quarta-feira (7). O aviso&#8230;<\/p>\n","protected":false},"author":1,"featured_media":35852,"comment_status":"open","ping_status":"open","sticky":false,"template":"","format":"standard","meta":{"advanced_seo_description":"","jetpack_seo_html_title":"","jetpack_seo_noindex":false,"jetpack_post_was_ever_published":false,"_jetpack_newsletter_access":"","_jetpack_dont_email_post_to_subs":false,"_jetpack_newsletter_tier_id":0,"_jetpack_memberships_contains_paywalled_content":false,"_jetpack_memberships_contains_paid_content":false,"footnotes":"","jetpack_publicize_message":"","jetpack_publicize_feature_enabled":true,"jetpack_social_post_already_shared":true,"jetpack_social_options":{"image_generator_settings":{"template":"highway","default_image_id":0,"font":"","enabled":false},"version":2}},"categories":[11],"tags":[],"class_list":["post-35851","post","type-post","status-publish","format-standard","has-post-thumbnail","hentry","category-noticias-de-ribeirao-preto-sp-e-regiao-ismael-colosi"],"jetpack_publicize_connections":[],"jetpack_featured_media_url":"https:\/\/i0.wp.com\/noticiasribeiraopreto.com.br\/wp-content\/uploads\/2024\/02\/WhatsApp-Image-2024-02-07-at-16.31.23.jpeg?fit=1600%2C720&ssl=1","jetpack-related-posts":[{"id":73132,"url":"https:\/\/noticiasribeiraopreto.com.br\/index.php\/2025\/06\/25\/apos-onda-de-frio-inmet-alerta-para-chuvas-intensas-no-interior-de-sp\/","url_meta":{"origin":35851,"position":0},"title":"Ap\u00f3s onda de frio, Inmet alerta para chuvas intensas no interior de SP","author":"noticiasribeiraopreto.com.br","date":"25 de June de 2025","format":false,"excerpt":"O Instituto Nacional de Meteorologia (Inmet) mant\u00e9m o alerta de queda acentuada de temperatura para Ribeir\u00e3o Preto e regi\u00e3o at\u00e9 a manh\u00e3 de quinta-feira (27). J\u00e1 outras \u00e1reas do interior paulista entram em alerta para chuvas intensas a partir desta quarta-feira (26), com risco de ventos fortes, alagamentos e descargas\u2026","rel":"","context":"In &quot;Not\u00edcias de Ribeir\u00e3o Preto-SP e Regi\u00e3o&quot;","block_context":{"text":"Not\u00edcias de Ribeir\u00e3o Preto-SP e Regi\u00e3o","link":"https:\/\/noticiasribeiraopreto.com.br\/index.php\/category\/noticias-de-ribeirao-preto-sp-e-regiao-ismael-colosi\/"},"img":{"alt_text":"","src":"https:\/\/i0.wp.com\/noticiasribeiraopreto.com.br\/wp-content\/uploads\/2025\/06\/Copia-de-Copia-de-Copia-de-TAMANHO-EXATO-PARA-FOTOS-NO-SISTEMA-NOVO-2025-06-25T183006.204_2025-06-25_21-32-12.webp.webp?fit=1200%2C675&ssl=1&resize=350%2C200","width":350,"height":200,"srcset":"https:\/\/i0.wp.com\/noticiasribeiraopreto.com.br\/wp-content\/uploads\/2025\/06\/Copia-de-Copia-de-Copia-de-TAMANHO-EXATO-PARA-FOTOS-NO-SISTEMA-NOVO-2025-06-25T183006.204_2025-06-25_21-32-12.webp.webp?fit=1200%2C675&ssl=1&resize=350%2C200 1x, https:\/\/i0.wp.com\/noticiasribeiraopreto.com.br\/wp-content\/uploads\/2025\/06\/Copia-de-Copia-de-Copia-de-TAMANHO-EXATO-PARA-FOTOS-NO-SISTEMA-NOVO-2025-06-25T183006.204_2025-06-25_21-32-12.webp.webp?fit=1200%2C675&ssl=1&resize=525%2C300 1.5x, https:\/\/i0.wp.com\/noticiasribeiraopreto.com.br\/wp-content\/uploads\/2025\/06\/Copia-de-Copia-de-Copia-de-TAMANHO-EXATO-PARA-FOTOS-NO-SISTEMA-NOVO-2025-06-25T183006.204_2025-06-25_21-32-12.webp.webp?fit=1200%2C675&ssl=1&resize=700%2C400 2x, https:\/\/i0.wp.com\/noticiasribeiraopreto.com.br\/wp-content\/uploads\/2025\/06\/Copia-de-Copia-de-Copia-de-TAMANHO-EXATO-PARA-FOTOS-NO-SISTEMA-NOVO-2025-06-25T183006.204_2025-06-25_21-32-12.webp.webp?fit=1200%2C675&ssl=1&resize=1050%2C600 3x"},"classes":[]},{"id":4072,"url":"https:\/\/noticiasribeiraopreto.com.br\/index.php\/2023\/11\/20\/interior-de-sp-recebe-nova-alerta-para-chuvas-intensas-veja-a-previsao\/","url_meta":{"origin":35851,"position":1},"title":"Interior de SP recebe nova alerta para chuvas intensas; Veja a previs\u00e3o","author":"noticiasribeiraopreto.com.br","date":"20 de November de 2023","format":false,"excerpt":"O Inmet (Instituto Nacional de Meteorologia) publicou um aviso de \u201cperigo potencial\u201d para chuvas intensas em Ribeir\u00e3o Preto e regi\u00e3o, nesta segunda-feira (20). O alerta \u00e9 v\u00e1lido para parte do interior de S\u00e3o Paulo, at\u00e9 \u00e0s 11h da ter\u00e7a-feira (21). Segundo o Inmet, pode chover o acumulado de at\u00e9 30\u2026","rel":"","context":"In &quot;Not\u00edcias de Ribeir\u00e3o Preto-SP e Regi\u00e3o&quot;","block_context":{"text":"Not\u00edcias de Ribeir\u00e3o Preto-SP e Regi\u00e3o","link":"https:\/\/noticiasribeiraopreto.com.br\/index.php\/category\/noticias-de-ribeirao-preto-sp-e-regiao-ismael-colosi\/"},"img":{"alt_text":"","src":"https:\/\/i0.wp.com\/noticiasribeiraopreto.com.br\/wp-content\/uploads\/2023\/11\/chuva_ribeirao_1024x576_27012021223007.jpg?fit=1024%2C576&ssl=1&resize=350%2C200","width":350,"height":200,"srcset":"https:\/\/i0.wp.com\/noticiasribeiraopreto.com.br\/wp-content\/uploads\/2023\/11\/chuva_ribeirao_1024x576_27012021223007.jpg?fit=1024%2C576&ssl=1&resize=350%2C200 1x, https:\/\/i0.wp.com\/noticiasribeiraopreto.com.br\/wp-content\/uploads\/2023\/11\/chuva_ribeirao_1024x576_27012021223007.jpg?fit=1024%2C576&ssl=1&resize=525%2C300 1.5x, https:\/\/i0.wp.com\/noticiasribeiraopreto.com.br\/wp-content\/uploads\/2023\/11\/chuva_ribeirao_1024x576_27012021223007.jpg?fit=1024%2C576&ssl=1&resize=700%2C400 2x"},"classes":[]},{"id":80854,"url":"https:\/\/noticiasribeiraopreto.com.br\/index.php\/2025\/12\/16\/nova-frente-fria-coloca-cidades-do-interior-de-sp-em-alerta-para-chuva-confira-a-lista\/","url_meta":{"origin":35851,"position":2},"title":"Nova frente fria coloca cidades do interior de SP em alerta para chuva; confira a lista","author":"noticiasribeiraopreto.com.br","date":"16 de December de 2025","format":false,"excerpt":"Um alerta de perigo para chuvas intensas foi emitido pelo Instituto Nacional de Meteorologia (Inmet) nesta segunda-feira (15). De acordo com a Climatempo, uma nova frente fria deve refor\u00e7ar as instabilidades nesta semana, no interior de S\u00e3o Paulo. O comunicado, identificado com a cor laranja, prev\u00ea chuva entre 30 e\u2026","rel":"","context":"In &quot;Not\u00edcias de Ribeir\u00e3o Preto-SP e Regi\u00e3o&quot;","block_context":{"text":"Not\u00edcias de Ribeir\u00e3o Preto-SP e Regi\u00e3o","link":"https:\/\/noticiasribeiraopreto.com.br\/index.php\/category\/noticias-de-ribeirao-preto-sp-e-regiao-ismael-colosi\/"},"img":{"alt_text":"","src":"https:\/\/i0.wp.com\/noticiasribeiraopreto.com.br\/wp-content\/uploads\/2025\/12\/WhatsApp-Image-2025-11-22-at-09.06.01-1_2025-11-22_12-23-00.webp.webp?fit=1200%2C900&ssl=1&resize=350%2C200","width":350,"height":200,"srcset":"https:\/\/i0.wp.com\/noticiasribeiraopreto.com.br\/wp-content\/uploads\/2025\/12\/WhatsApp-Image-2025-11-22-at-09.06.01-1_2025-11-22_12-23-00.webp.webp?fit=1200%2C900&ssl=1&resize=350%2C200 1x, https:\/\/i0.wp.com\/noticiasribeiraopreto.com.br\/wp-content\/uploads\/2025\/12\/WhatsApp-Image-2025-11-22-at-09.06.01-1_2025-11-22_12-23-00.webp.webp?fit=1200%2C900&ssl=1&resize=525%2C300 1.5x, https:\/\/i0.wp.com\/noticiasribeiraopreto.com.br\/wp-content\/uploads\/2025\/12\/WhatsApp-Image-2025-11-22-at-09.06.01-1_2025-11-22_12-23-00.webp.webp?fit=1200%2C900&ssl=1&resize=700%2C400 2x, https:\/\/i0.wp.com\/noticiasribeiraopreto.com.br\/wp-content\/uploads\/2025\/12\/WhatsApp-Image-2025-11-22-at-09.06.01-1_2025-11-22_12-23-00.webp.webp?fit=1200%2C900&ssl=1&resize=1050%2C600 3x"},"classes":[]},{"id":74531,"url":"https:\/\/noticiasribeiraopreto.com.br\/index.php\/2025\/07\/24\/interior-de-sp-tem-alerta-de-perigo-potencial-para-chuvas-intensas-veja-cidades-atingidas\/","url_meta":{"origin":35851,"position":3},"title":"Interior de SP tem alerta de perigo potencial para chuvas intensas; Veja cidades atingidas","author":"noticiasribeiraopreto.com.br","date":"24 de July de 2025","format":false,"excerpt":"O Inmet (Instituto Nacional de Meteorologia) emitiu alerta para o risco de chuvas intensas no interior de S\u00e3o Paulo. O aviso indica perigo potencial com in\u00edcio \u00e0s 10h desta quinta-feira (24) at\u00e9 as 10h desta sexta-feira (25). Clique aqui e veja todas as cidades. O alerta \u00e9 na cor amarela,\u2026","rel":"","context":"In &quot;Not\u00edcias de Ribeir\u00e3o Preto-SP e Regi\u00e3o&quot;","block_context":{"text":"Not\u00edcias de Ribeir\u00e3o Preto-SP e Regi\u00e3o","link":"https:\/\/noticiasribeiraopreto.com.br\/index.php\/category\/noticias-de-ribeirao-preto-sp-e-regiao-ismael-colosi\/"},"img":{"alt_text":"","src":"https:\/\/i0.wp.com\/noticiasribeiraopreto.com.br\/wp-content\/uploads\/2025\/07\/WhatsApp-Image-2025-04-14-at-16.00.00_2025-04-14_19-33-51_jpeg_2025-04-14_19-33-51.webp.webp?fit=1200%2C553&ssl=1&resize=350%2C200","width":350,"height":200,"srcset":"https:\/\/i0.wp.com\/noticiasribeiraopreto.com.br\/wp-content\/uploads\/2025\/07\/WhatsApp-Image-2025-04-14-at-16.00.00_2025-04-14_19-33-51_jpeg_2025-04-14_19-33-51.webp.webp?fit=1200%2C553&ssl=1&resize=350%2C200 1x, https:\/\/i0.wp.com\/noticiasribeiraopreto.com.br\/wp-content\/uploads\/2025\/07\/WhatsApp-Image-2025-04-14-at-16.00.00_2025-04-14_19-33-51_jpeg_2025-04-14_19-33-51.webp.webp?fit=1200%2C553&ssl=1&resize=525%2C300 1.5x, https:\/\/i0.wp.com\/noticiasribeiraopreto.com.br\/wp-content\/uploads\/2025\/07\/WhatsApp-Image-2025-04-14-at-16.00.00_2025-04-14_19-33-51_jpeg_2025-04-14_19-33-51.webp.webp?fit=1200%2C553&ssl=1&resize=700%2C400 2x, https:\/\/i0.wp.com\/noticiasribeiraopreto.com.br\/wp-content\/uploads\/2025\/07\/WhatsApp-Image-2025-04-14-at-16.00.00_2025-04-14_19-33-51_jpeg_2025-04-14_19-33-51.webp.webp?fit=1200%2C553&ssl=1&resize=1050%2C600 3x"},"classes":[]},{"id":78320,"url":"https:\/\/noticiasribeiraopreto.com.br\/index.php\/2025\/10\/08\/alerta-de-perigo-potencial-e-emitido-para-o-estado-de-sp-veja-cidades-atingidas\/","url_meta":{"origin":35851,"position":4},"title":"Alerta de perigo potencial \u00e9 emitido para o estado de SP; Veja cidades atingidas","author":"noticiasribeiraopreto.com.br","date":"8 de October de 2025","format":false,"excerpt":"O\u00a0Inmet (Instituto Nacional de Meteorologia)\u00a0publicou nesta quarta-feira (8)\u00a0um alerta de \u201cperigo potencial\u201d para chuvas intensas no estado de S\u00e3o Paulo. O alerta \u00e9 amarelo, o primeiro em uma escala at\u00e9 tr\u00eas n\u00edveis de severidade, e abrange uma faixa entre as regi\u00f5es sul, central e leste do estado paulista. Clique aqui\u2026","rel":"","context":"In &quot;Not\u00edcias de Ribeir\u00e3o Preto-SP e Regi\u00e3o&quot;","block_context":{"text":"Not\u00edcias de Ribeir\u00e3o Preto-SP e Regi\u00e3o","link":"https:\/\/noticiasribeiraopreto.com.br\/index.php\/category\/noticias-de-ribeirao-preto-sp-e-regiao-ismael-colosi\/"},"img":{"alt_text":"","src":"https:\/\/i0.wp.com\/noticiasribeiraopreto.com.br\/wp-content\/uploads\/2025\/10\/MAPA_2025-10-08_14-53-43.webp.webp?fit=1200%2C881&ssl=1&resize=350%2C200","width":350,"height":200,"srcset":"https:\/\/i0.wp.com\/noticiasribeiraopreto.com.br\/wp-content\/uploads\/2025\/10\/MAPA_2025-10-08_14-53-43.webp.webp?fit=1200%2C881&ssl=1&resize=350%2C200 1x, https:\/\/i0.wp.com\/noticiasribeiraopreto.com.br\/wp-content\/uploads\/2025\/10\/MAPA_2025-10-08_14-53-43.webp.webp?fit=1200%2C881&ssl=1&resize=525%2C300 1.5x, https:\/\/i0.wp.com\/noticiasribeiraopreto.com.br\/wp-content\/uploads\/2025\/10\/MAPA_2025-10-08_14-53-43.webp.webp?fit=1200%2C881&ssl=1&resize=700%2C400 2x, https:\/\/i0.wp.com\/noticiasribeiraopreto.com.br\/wp-content\/uploads\/2025\/10\/MAPA_2025-10-08_14-53-43.webp.webp?fit=1200%2C881&ssl=1&resize=1050%2C600 3x"},"classes":[]},{"id":37029,"url":"https:\/\/noticiasribeiraopreto.com.br\/index.php\/2024\/02\/13\/interior-de-sao-paulo-esta-sob-alerta-de-chuvas-intensas-vejas-as-cidades\/","url_meta":{"origin":35851,"position":5},"title":"Interior de S\u00e3o Paulo est\u00e1 sob alerta de chuvas intensas; Vejas as cidades","author":"noticiasribeiraopreto.com.br","date":"13 de February de 2024","format":false,"excerpt":"O Instituto Nacional de Meteorologia (Inmet) alertou para chuvas intensas no interior de S\u00e3o Paulo, no final da tarde desta ter\u00e7a-feira (13) at\u00e9 a manh\u00e3 de quarta-feira (14). Segundo o \u00f3rg\u00e3o, pode chover o acumulado entre 20 e 30 mil\u00edmetros no per\u00edodo de uma hora, com ventos intensos de 40\u2026","rel":"","context":"In &quot;Not\u00edcias de Ribeir\u00e3o Preto-SP e Regi\u00e3o&quot;","block_context":{"text":"Not\u00edcias de Ribeir\u00e3o Preto-SP e Regi\u00e3o","link":"https:\/\/noticiasribeiraopreto.com.br\/index.php\/category\/noticias-de-ribeirao-preto-sp-e-regiao-ismael-colosi\/"},"img":{"alt_text":"","src":"https:\/\/i0.wp.com\/noticiasribeiraopreto.com.br\/wp-content\/uploads\/2024\/02\/1707866977_chuva-forte.jpg?fit=1200%2C765&ssl=1&resize=350%2C200","width":350,"height":200,"srcset":"https:\/\/i0.wp.com\/noticiasribeiraopreto.com.br\/wp-content\/uploads\/2024\/02\/1707866977_chuva-forte.jpg?fit=1200%2C765&ssl=1&resize=350%2C200 1x, https:\/\/i0.wp.com\/noticiasribeiraopreto.com.br\/wp-content\/uploads\/2024\/02\/1707866977_chuva-forte.jpg?fit=1200%2C765&ssl=1&resize=525%2C300 1.5x, https:\/\/i0.wp.com\/noticiasribeiraopreto.com.br\/wp-content\/uploads\/2024\/02\/1707866977_chuva-forte.jpg?fit=1200%2C765&ssl=1&resize=700%2C400 2x, https:\/\/i0.wp.com\/noticiasribeiraopreto.com.br\/wp-content\/uploads\/2024\/02\/1707866977_chuva-forte.jpg?fit=1200%2C765&ssl=1&resize=1050%2C600 3x"},"classes":[]}],"jetpack_sharing_enabled":true,"jetpack_shortlink":"https:\/\/wp.me\/peQAOb-9kf","_links":{"self":[{"href":"https:\/\/noticiasribeiraopreto.com.br\/index.php\/wp-json\/wp\/v2\/posts\/35851","targetHints":{"allow":["GET"]}}],"collection":[{"href":"https:\/\/noticiasribeiraopreto.com.br\/index.php\/wp-json\/wp\/v2\/posts"}],"about":[{"href":"https:\/\/noticiasribeiraopreto.com.br\/index.php\/wp-json\/wp\/v2\/types\/post"}],"author":[{"embeddable":true,"href":"https:\/\/noticiasribeiraopreto.com.br\/index.php\/wp-json\/wp\/v2\/users\/1"}],"replies":[{"embeddable":true,"href":"https:\/\/noticiasribeiraopreto.com.br\/index.php\/wp-json\/wp\/v2\/comments?post=35851"}],"version-history":[{"count":0,"href":"https:\/\/noticiasribeiraopreto.com.br\/index.php\/wp-json\/wp\/v2\/posts\/35851\/revisions"}],"wp:featuredmedia":[{"embeddable":true,"href":"https:\/\/noticiasribeiraopreto.com.br\/index.php\/wp-json\/wp\/v2\/media\/35852"}],"wp:attachment":[{"href":"https:\/\/noticiasribeiraopreto.com.br\/index.php\/wp-json\/wp\/v2\/media?parent=35851"}],"wp:term":[{"taxonomy":"category","embeddable":true,"href":"https:\/\/noticiasribeiraopreto.com.br\/index.php\/wp-json\/wp\/v2\/categories?post=35851"},{"taxonomy":"post_tag","embeddable":true,"href":"https:\/\/noticiasribeiraopreto.com.br\/index.php\/wp-json\/wp\/v2\/tags?post=35851"}],"curies":[{"name":"wp","href":"https:\/\/api.w.org\/{rel}","templated":true}]}}