{"id":35858,"date":"2024-02-07T18:17:11","date_gmt":"2024-02-07T21:17:11","guid":{"rendered":"https:\/\/noticiasribeiraopreto.com.br\/index.php\/2024\/02\/07\/mais-um-shopping-de-ribeirao-preto-tem-programacao-de-carnaval-confira\/"},"modified":"2024-02-07T18:17:11","modified_gmt":"2024-02-07T21:17:11","slug":"mais-um-shopping-de-ribeirao-preto-tem-programacao-de-carnaval-confira","status":"publish","type":"post","link":"https:\/\/noticiasribeiraopreto.com.br\/index.php\/2024\/02\/07\/mais-um-shopping-de-ribeirao-preto-tem-programacao-de-carnaval-confira\/","title":{"rendered":"Mais um shopping de Ribeir\u00e3o Preto tem programa\u00e7\u00e3o de Carnaval; Confira"},"content":{"rendered":"<div class='code-block code-block-1' style='margin: 8px 0 8px auto; text-align: right; display: block; clear: both;'>\n<p><a href=\"https:\/\/wa.link\/vpicfd\"><img data-recalc-dims=\"1\" class=\"wp-image-4922\" style=\"aspect-ratio: 2.0253164556962027; width: 561px; height: auto;\" src=\"https:\/\/i0.wp.com\/ismaelcolosi.com.br\/wp-content\/uploads\/2023\/11\/grupo-de-empregos-whatsapp-e-facebook-ismael-colosi-vagas.jpg?ssl=1\" alt=\"\" \/><\/a><\/p>\n<!-- \/wp:image -->\n<\/div>\n<p> <br \/>\n<\/p>\n<div>\n<p>O <strong>Shopping Santa \u00darsula<\/strong>, que fica na \u00e1rea Central de <strong>Ribeir\u00e3o Preto<\/strong>, divulgou nesta quarta-feira (7) a <strong>programa\u00e7\u00e3o de Carnaval<\/strong>. As atra\u00e7\u00f5es acontecem de <strong>10 a 12 de fevereiro<\/strong> e s\u00e3o direcionadas para toda fam\u00edlia.<\/p>\n<p>Nos dias 10 e 12, as crian\u00e7as podem curtir o<strong> Bailinho de Carnaval do Santa<\/strong>. Com uma hora de dura\u00e7\u00e3o, a dupla Canto Kids vai agitar os foli\u00f5es mirins a partir das 16h, na Pra\u00e7a de Alimenta\u00e7\u00e3o (Piso 3). \u00a0Al\u00e9m do evento musical, as crian\u00e7as ter\u00e3o os <strong>servi\u00e7os de cabelo e maquiagem<\/strong> no Camarim Kids, das 14h \u00e0s 16h, na Sala Clara Cauchick (Piso 2).<\/p>\n<p>A programa\u00e7\u00e3o do shopping vai contar tamb\u00e9m com um <strong>Desfile Pet<\/strong>, no domingo (11). Das 16h \u00e0s 17h, a atividade acontece no espa\u00e7o Pet Friendly, ao lado da Pra\u00e7a de Alimenta\u00e7\u00e3o.<\/p>\n<p>Todas as atividades s\u00e3o de gra\u00e7a, mas \u00e9 necess\u00e1rio se inscrever pelo aplicativo Multi.<\/p>\n<h4 class=\"wp-block-heading\"><strong>Veja a programa\u00e7\u00e3o nos outros shoppings<\/strong><\/h4>\n<p><strong>Shopping Iguatemi<\/strong><\/p>\n<p><strong>Oficinas para personalizar m\u00e1scara de Carnaval e pinturas faciais de personagens<\/strong><\/p>\n<p><strong>Quando:<\/strong> 10 a 13 de fevereiro<br \/><strong>Hor\u00e1rio:<\/strong> Das 15h \u00e0s 20h<br \/><strong>Onde:<\/strong> Shopping Iguatemi \u2013 Open Mall, Piso Superior<br \/><strong>Endere\u00e7o:<\/strong> Avenida Luiz Eduardo Toledo Prado, 900 \u2013 Vila do Golfe<br \/><strong>Ingressos:<\/strong> R$ 39,20 \u2013 podem ser adquiridos pelo <a href=\"https:\/\/bilheteka.com.br\/comprar\/536\/bloquinho-tangerina\">site.<\/a><\/p>\n<p>Al\u00e9m das oficinas, as crian\u00e7as podem participar da matin\u00ea de Carnaval com a banda Tangerina, ao lado do Buffet Casa Amarela.<\/p>\n<p>As vagas s\u00e3o limitadas e crian\u00e7as de 0 a 2 anos n\u00e3o pagam.<\/p>\n<p>O evento conta tamb\u00e9m com barraquinhas de lanches e bebidas com consumo pago a parte.<\/p>\n<p><strong>Novo Shopping<\/strong><\/p>\n<p><strong>21\u00aa Carnashopping<\/strong><\/p>\n<p><strong>Quando:\u00a0<\/strong>10 a 13 de fevereiro<br \/><strong>Hor\u00e1rio:\u00a0<\/strong>16h \u00e0s 19h (todos os dias)<br \/><strong>Onde:<\/strong>\u00a0Pra\u00e7a de Eventos do Novo Shopping<br \/><strong>Endere\u00e7o:<\/strong>\u00a0Avenida Presidente Kennedy, 1500 \u2013 Ribeir\u00e2nia<br \/><strong>Quem pode participar:<\/strong>\u00a0crian\u00e7as de at\u00e9 10 anos<br \/><strong>Entrada:<\/strong>\u00a0Gratuita<\/p>\n<p>As primeiras crian\u00e7as que chegarem \u00e0s matin\u00eas v\u00e3o ganhar confetes para entrarem no clima de carnaval.<\/p>\n<p><strong>Franca Shopping<\/strong><\/p>\n<p>O Carnaval ter\u00e1 atividades com apresenta\u00e7\u00f5es musicais, brinquedos, desfiles, blocos carnavalescos, entre outras. A novidade \u00e9 que ter\u00e3o atividades inclusivas para crian\u00e7as com necessidades especiais e tamb\u00e9m para pets.<\/p>\n<p><strong>Quando:\u00a0<\/strong>10 a 13 de fevereiro<br \/><strong>Hor\u00e1rio:<\/strong>\u00a014h \u00e0s 18h (todos os dias)<br \/><strong>Onde:\u00a0<\/strong>estacionamento pr\u00f3ximo \u00e0 loja Casas Bahia no Franca Shopping<br \/><strong>Endere\u00e7o:<\/strong>\u00a0Av. Rio Negro, 1100 \u2013 Jardim Roselandia, Franca \u2013 SP<br \/><strong>Entrada:<\/strong>\u00a0Gratuita, por\u00e9m, \u00e9 necess\u00e1rio estar fantasiado e doar 1kg ra\u00e7\u00e3o para c\u00e3es ou gatos ou material escolar<\/p>\n<p><strong>10\/02 (s\u00e1bado)<\/strong><br \/>14h \u2013 Bloco \u201cLugar de todo mundo\u201d<br \/>15h \u2013 Banda Gilmarlei<br \/>16h \u2013 Brincadeira tem\u00e1tica<br \/>17h \u2013 Desfile \u00e0 fantasia<br \/>18h \u2013 Encerramento<\/p>\n<p><strong>11\/02 (domingo)<\/strong><br \/>14h \u2013 Grupo Cangoma<br \/>15h \u2013 Brincadeira tem\u00e1tica<br \/>16h \u2013 Cortejo Cangoma<br \/>17h \u2013 Banho \u00e0 Fantasia<br \/>18h \u2013 Encerramento<\/p>\n<p><strong>12\/02 (segunda-feira)<\/strong><br \/>14h \u2013 Bloco \u201cLos Banguelinhas\u201d<br \/>15h \u2013 Banda Ladive<br \/>16h \u2013 Brincadeira tem\u00e1tica<br \/>17h \u2013 Desfile do \u201cCabelo Maluco\u201d<br \/>18h \u2013 Encerramento<\/p>\n<p><strong>13\/02 (ter\u00e7a-feira)<\/strong><br \/>14h \u2013 Brincadeira tem\u00e1tica<br \/>15h \u2013 Banda Tekilada<br \/>16h \u2013 Bloquim do Imperador<br \/>17h \u2013 Banho \u00e0 Fantasia &amp; Bloquinho Bixarada<br \/>18h \u2013 Encerramento<\/p>\n<p>SAIBA MAIS<br \/>USP Ribeir\u00e3o precisa de volunt\u00e1rios para pesquisa sobre gordura nos rins<\/p>\n<h4 class=\"wp-block-heading\"><strong>FIQUE ON<\/strong><\/h4>\n<p>Fique ligado em tudo que acontece em Ribeir\u00e3o Preto e regi\u00e3o. Siga os perfis do\u00a0<strong>acidade on<\/strong>\u00a0no\u00a0<a href=\"https:\/\/www.instagram.com\/acidadeonribeirao\" target=\"_blank\" rel=\"noreferrer noopener\">Instagram<\/a>\u00a0e no<a href=\"https:\/\/www.facebook.com\/acidadeonribeirao\" target=\"_blank\" rel=\"noreferrer noopener\">\u00a0Facebook<\/a>.<\/p>\n<p>Receba not\u00edcias do<strong>\u00a0acidade on<\/strong>\u00a0no WhatsApp.\u00a0<a href=\"https:\/\/chat.whatsapp.com\/Bnv2w66ZT4VDyZW3oiZ69n\" target=\"_blank\" rel=\"noreferrer noopener\">Para entrar no grupo, basta clicar aqui.<\/a><\/p>\n<p>Fa\u00e7a uma den\u00fancia ou sugira uma reportagem sobre Ribeir\u00e3o Preto e regi\u00e3o pelo WhatsApp: 16 99117 7802.<\/p>\n<p>VEJA TAMB\u00c9M<br \/>Onde fica a barraca da mulher de Davi do BBB 24?<\/p>\n<p><!-- AI CONTENT END 1 -->\n<\/div>\n<p><script async src=\"\/\/www.instagram.com\/embed.js\"><\/script><br \/>\n<br \/><br \/>\n<br \/><a href=\"https:\/\/www.acidadeon.com\/ribeiraopreto\/lazer-e-cultura\/mais-um-shopping-de-ribeirao-preto-tem-programacao-de-carnaval-confira\/\">Source link <\/a><\/p>\n<!-- CONTENT END 1 -->\n","protected":false},"excerpt":{"rendered":"<p>O Shopping Santa \u00darsula, que fica na \u00e1rea Central de Ribeir\u00e3o Preto, divulgou nesta quarta-feira (7) a programa\u00e7\u00e3o de Carnaval. As atra\u00e7\u00f5es acontecem de 10&#8230;<\/p>\n","protected":false},"author":1,"featured_media":35859,"comment_status":"open","ping_status":"open","sticky":false,"template":"","format":"standard","meta":{"advanced_seo_description":"","jetpack_seo_html_title":"","jetpack_seo_noindex":false,"jetpack_post_was_ever_published":false,"_jetpack_newsletter_access":"","_jetpack_dont_email_post_to_subs":false,"_jetpack_newsletter_tier_id":0,"_jetpack_memberships_contains_paywalled_content":false,"_jetpack_memberships_contains_paid_content":false,"footnotes":"","jetpack_publicize_message":"","jetpack_publicize_feature_enabled":true,"jetpack_social_post_already_shared":true,"jetpack_social_options":{"image_generator_settings":{"template":"highway","default_image_id":0,"font":"","enabled":false},"version":2}},"categories":[11],"tags":[],"class_list":["post-35858","post","type-post","status-publish","format-standard","has-post-thumbnail","hentry","category-noticias-de-ribeirao-preto-sp-e-regiao-ismael-colosi"],"jetpack_publicize_connections":[],"jetpack_featured_media_url":"https:\/\/i0.wp.com\/noticiasribeiraopreto.com.br\/wp-content\/uploads\/2024\/02\/linda-garota-com-peruca-de-palhaco-soprando-confete-scaled.jpg?fit=2560%2C1707&ssl=1","jetpack-related-posts":[{"id":36720,"url":"https:\/\/noticiasribeiraopreto.com.br\/index.php\/2024\/02\/11\/carnaval-em-ribeirao-preto-veja-a-programacao-para-aproveitar-a-segunda-feira\/","url_meta":{"origin":35858,"position":0},"title":"Carnaval em Ribeir\u00e3o Preto: Veja a programa\u00e7\u00e3o para aproveitar a segunda-feira","author":"noticiasribeiraopreto.com.br","date":"11 de February de 2024","format":false,"excerpt":"O Carnaval de Ribeir\u00e3o Preto segue com diversas op\u00e7\u00f5es para serem aproveitadas nesta segunda-feira (12). Tem bloco de rua, roda de samba, matin\u00ea com ax\u00e9 e marchinhas e programa\u00e7\u00e3o nos shoppings da cidade. Confira: Blocos em Ribeir\u00e3o Preto Com mais de 20 blocos de Carnaval, Ribeir\u00e3o Preto segue com a\u2026","rel":"","context":"In &quot;Not\u00edcias de Ribeir\u00e3o Preto-SP e Regi\u00e3o&quot;","block_context":{"text":"Not\u00edcias de Ribeir\u00e3o Preto-SP e Regi\u00e3o","link":"https:\/\/noticiasribeiraopreto.com.br\/index.php\/category\/noticias-de-ribeirao-preto-sp-e-regiao-ismael-colosi\/"},"img":{"alt_text":"","src":"https:\/\/i0.wp.com\/noticiasribeiraopreto.com.br\/wp-content\/uploads\/2024\/02\/pessoa-feliz-no-carnaval.jpg?fit=1200%2C800&ssl=1&resize=350%2C200","width":350,"height":200,"srcset":"https:\/\/i0.wp.com\/noticiasribeiraopreto.com.br\/wp-content\/uploads\/2024\/02\/pessoa-feliz-no-carnaval.jpg?fit=1200%2C800&ssl=1&resize=350%2C200 1x, https:\/\/i0.wp.com\/noticiasribeiraopreto.com.br\/wp-content\/uploads\/2024\/02\/pessoa-feliz-no-carnaval.jpg?fit=1200%2C800&ssl=1&resize=525%2C300 1.5x, https:\/\/i0.wp.com\/noticiasribeiraopreto.com.br\/wp-content\/uploads\/2024\/02\/pessoa-feliz-no-carnaval.jpg?fit=1200%2C800&ssl=1&resize=700%2C400 2x, https:\/\/i0.wp.com\/noticiasribeiraopreto.com.br\/wp-content\/uploads\/2024\/02\/pessoa-feliz-no-carnaval.jpg?fit=1200%2C800&ssl=1&resize=1050%2C600 3x"},"classes":[]},{"id":63968,"url":"https:\/\/noticiasribeiraopreto.com.br\/index.php\/2025\/02\/26\/shoppings-de-ribeirao-preto-tem-programacao-especial-de-carnaval-confira\/","url_meta":{"origin":35858,"position":1},"title":"Shoppings de Ribeir\u00e3o Preto t\u00eam programa\u00e7\u00e3o especial de Carnaval; Confira","author":"noticiasribeiraopreto.com.br","date":"26 de February de 2025","format":false,"excerpt":"Faltando poucos dias para o Carnaval, os centros comerciais de Ribeir\u00e3o Preto e regi\u00e3o divulgaram suas programa\u00e7\u00f5es para comemorar a data. Entre as atividades culturais oferecidas est\u00e3o: \u201cpequeno trio el\u00e9trico\u201d, bailinhos com DJ, pinturas faciais, oficinas tem\u00e1ticas e mais. Confira a programa\u00e7\u00e3o: Ribeir\u00e3o Shopping A programa\u00e7\u00e3o especial de Carnaval, contar\u00e1\u2026","rel":"","context":"In &quot;Not\u00edcias de Ribeir\u00e3o Preto-SP e Regi\u00e3o&quot;","block_context":{"text":"Not\u00edcias de Ribeir\u00e3o Preto-SP e Regi\u00e3o","link":"https:\/\/noticiasribeiraopreto.com.br\/index.php\/category\/noticias-de-ribeirao-preto-sp-e-regiao-ismael-colosi\/"},"img":{"alt_text":"","src":"https:\/\/i0.wp.com\/noticiasribeiraopreto.com.br\/wp-content\/uploads\/2025\/02\/1-3.jpg?fit=1200%2C675&ssl=1&resize=350%2C200","width":350,"height":200,"srcset":"https:\/\/i0.wp.com\/noticiasribeiraopreto.com.br\/wp-content\/uploads\/2025\/02\/1-3.jpg?fit=1200%2C675&ssl=1&resize=350%2C200 1x, https:\/\/i0.wp.com\/noticiasribeiraopreto.com.br\/wp-content\/uploads\/2025\/02\/1-3.jpg?fit=1200%2C675&ssl=1&resize=525%2C300 1.5x, https:\/\/i0.wp.com\/noticiasribeiraopreto.com.br\/wp-content\/uploads\/2025\/02\/1-3.jpg?fit=1200%2C675&ssl=1&resize=700%2C400 2x, https:\/\/i0.wp.com\/noticiasribeiraopreto.com.br\/wp-content\/uploads\/2025\/02\/1-3.jpg?fit=1200%2C675&ssl=1&resize=1050%2C600 3x"},"classes":[]},{"id":36474,"url":"https:\/\/noticiasribeiraopreto.com.br\/index.php\/2024\/02\/09\/confira-a-programacao-de-carnaval-em-ribeirao-preto-neste-sabado\/","url_meta":{"origin":35858,"position":2},"title":"Confira a programa\u00e7\u00e3o de Carnaval em Ribeir\u00e3o Preto neste s\u00e1bado","author":"noticiasribeiraopreto.com.br","date":"9 de February de 2024","format":false,"excerpt":"Ribeir\u00e3o Preto se prepara para o final de semana de Carnaval com diversas op\u00e7\u00f5es de lazer, atividades tem\u00e1ticas, blocos e mais. Confira o que \u00e9 destaque na programa\u00e7\u00e3o de Carnaval neste s\u00e1bado (10): Shoppings em Ribeir\u00e3o e Franca A partir do deste s\u00e1bado (10), os shoppings de Ribeir\u00e3o Preto e\u2026","rel":"","context":"In &quot;Not\u00edcias de Ribeir\u00e3o Preto-SP e Regi\u00e3o&quot;","block_context":{"text":"Not\u00edcias de Ribeir\u00e3o Preto-SP e Regi\u00e3o","link":"https:\/\/noticiasribeiraopreto.com.br\/index.php\/category\/noticias-de-ribeirao-preto-sp-e-regiao-ismael-colosi\/"},"img":{"alt_text":"","src":"https:\/\/i0.wp.com\/noticiasribeiraopreto.com.br\/wp-content\/uploads\/2024\/02\/Capturar-6.jpg?fit=935%2C621&ssl=1&resize=350%2C200","width":350,"height":200,"srcset":"https:\/\/i0.wp.com\/noticiasribeiraopreto.com.br\/wp-content\/uploads\/2024\/02\/Capturar-6.jpg?fit=935%2C621&ssl=1&resize=350%2C200 1x, https:\/\/i0.wp.com\/noticiasribeiraopreto.com.br\/wp-content\/uploads\/2024\/02\/Capturar-6.jpg?fit=935%2C621&ssl=1&resize=525%2C300 1.5x, https:\/\/i0.wp.com\/noticiasribeiraopreto.com.br\/wp-content\/uploads\/2024\/02\/Capturar-6.jpg?fit=935%2C621&ssl=1&resize=700%2C400 2x"},"classes":[]},{"id":36624,"url":"https:\/\/noticiasribeiraopreto.com.br\/index.php\/2024\/02\/10\/carnaval-em-ribeirao-confira-a-programacao-para-curtir-neste-domingo\/","url_meta":{"origin":35858,"position":3},"title":"Carnaval em Ribeir\u00e3o: Confira a programa\u00e7\u00e3o para curtir neste domingo","author":"noticiasribeiraopreto.com.br","date":"10 de February de 2024","format":false,"excerpt":"Ribeir\u00e3o Preto segue com a programa\u00e7\u00e3o do Carnaval 2024 neste domingo (11). S\u00e3o diversas op\u00e7\u00f5es como blocos, festas tem\u00e1ticas e outros eventos para curtir pela cidade. Confira: CarnaRock O evento conta com mais de 10 horas de m\u00fasica, das 12h \u00e0s 22h, na rua Marcos Markarian, entre os n\u00fameros 355\u2026","rel":"","context":"In &quot;Not\u00edcias de Ribeir\u00e3o Preto-SP e Regi\u00e3o&quot;","block_context":{"text":"Not\u00edcias de Ribeir\u00e3o Preto-SP e Regi\u00e3o","link":"https:\/\/noticiasribeiraopreto.com.br\/index.php\/category\/noticias-de-ribeirao-preto-sp-e-regiao-ismael-colosi\/"},"img":{"alt_text":"","src":"https:\/\/i0.wp.com\/noticiasribeiraopreto.com.br\/wp-content\/uploads\/2024\/02\/carnaval-1024x699.png?fit=1024%2C699&ssl=1&resize=350%2C200","width":350,"height":200,"srcset":"https:\/\/i0.wp.com\/noticiasribeiraopreto.com.br\/wp-content\/uploads\/2024\/02\/carnaval-1024x699.png?fit=1024%2C699&ssl=1&resize=350%2C200 1x, https:\/\/i0.wp.com\/noticiasribeiraopreto.com.br\/wp-content\/uploads\/2024\/02\/carnaval-1024x699.png?fit=1024%2C699&ssl=1&resize=525%2C300 1.5x, https:\/\/i0.wp.com\/noticiasribeiraopreto.com.br\/wp-content\/uploads\/2024\/02\/carnaval-1024x699.png?fit=1024%2C699&ssl=1&resize=700%2C400 2x"},"classes":[]},{"id":82434,"url":"https:\/\/noticiasribeiraopreto.com.br\/index.php\/2026\/02\/14\/a-folia-comecou-confira-os-destaques-de-carnaval-em-ribeirao-preto-e-regiao\/","url_meta":{"origin":35858,"position":4},"title":"A folia come\u00e7ou! Confira os destaques de Carnaval em Ribeir\u00e3o Preto e regi\u00e3o","author":"noticiasribeiraopreto.com.br","date":"14 de February de 2026","format":false,"excerpt":"O fim de semana em Ribeir\u00e3o Preto e regi\u00e3o promete muita m\u00fasica, festa e folia para quem vai aproveitar o Carnaval, a partir desta sexta-feira (13). \ud83e\udd73 \ud83c\udf89 A programa\u00e7\u00e3o conta com op\u00e7\u00f5es para todos os gostos e idades, espalhadas por Batatais, Sert\u00e3ozinho, Jaboticabal, Taquaritinga e muito mais \u2013 veja\u2026","rel":"","context":"In &quot;Not\u00edcias de Ribeir\u00e3o Preto-SP e Regi\u00e3o&quot;","block_context":{"text":"Not\u00edcias de Ribeir\u00e3o Preto-SP e Regi\u00e3o","link":"https:\/\/noticiasribeiraopreto.com.br\/index.php\/category\/noticias-de-ribeirao-preto-sp-e-regiao-ismael-colosi\/"},"img":{"alt_text":"","src":"https:\/\/i0.wp.com\/noticiasribeiraopreto.com.br\/wp-content\/uploads\/2026\/02\/palace-9_2026-02-13_18-04-58.webp.webp?fit=1200%2C675&ssl=1&resize=350%2C200","width":350,"height":200,"srcset":"https:\/\/i0.wp.com\/noticiasribeiraopreto.com.br\/wp-content\/uploads\/2026\/02\/palace-9_2026-02-13_18-04-58.webp.webp?fit=1200%2C675&ssl=1&resize=350%2C200 1x, https:\/\/i0.wp.com\/noticiasribeiraopreto.com.br\/wp-content\/uploads\/2026\/02\/palace-9_2026-02-13_18-04-58.webp.webp?fit=1200%2C675&ssl=1&resize=525%2C300 1.5x, https:\/\/i0.wp.com\/noticiasribeiraopreto.com.br\/wp-content\/uploads\/2026\/02\/palace-9_2026-02-13_18-04-58.webp.webp?fit=1200%2C675&ssl=1&resize=700%2C400 2x, https:\/\/i0.wp.com\/noticiasribeiraopreto.com.br\/wp-content\/uploads\/2026\/02\/palace-9_2026-02-13_18-04-58.webp.webp?fit=1200%2C675&ssl=1&resize=1050%2C600 3x"},"classes":[]},{"id":64189,"url":"https:\/\/noticiasribeiraopreto.com.br\/index.php\/2025\/03\/04\/ribeiraoshopping-e-shoppingsantaursula-tem-programacao-e-horarios-especiais-nesta-terca-feira-4\/","url_meta":{"origin":35858,"position":5},"title":"Ribeir\u00e3oShopping e ShoppingSanta\u00darsula t\u00eam programa\u00e7\u00e3o e hor\u00e1rios especiais nesta ter\u00e7a-feira, 4","author":"noticiasribeiraopreto.com.br","date":"4 de March de 2025","format":false,"excerpt":"O Ribeir\u00e3oShopping e ShoppingSanta\u00darsula oferecem uma programa\u00e7\u00e3o especial para a fam\u00edlia e pets nesta ter\u00e7a-feira de Carnaval, dia 4 de mar\u00e7o. As atividades s\u00e3o gratuitas e para participar os interessados devem baixar o app Multi e seguir as orienta\u00e7\u00f5es para se inscrever, por meio de resgate ou troca de pontos.\u2026","rel":"","context":"In &quot;Not\u00edcias de Ribeir\u00e3o Preto-SP e Regi\u00e3o&quot;","block_context":{"text":"Not\u00edcias de Ribeir\u00e3o Preto-SP e Regi\u00e3o","link":"https:\/\/noticiasribeiraopreto.com.br\/index.php\/category\/noticias-de-ribeirao-preto-sp-e-regiao-ismael-colosi\/"},"img":{"alt_text":"","src":"https:\/\/i0.wp.com\/noticiasribeiraopreto.com.br\/wp-content\/uploads\/2025\/03\/WhatsApp-Image-2025-03-04-at-12.09.26.jpeg?fit=800%2C533&ssl=1&resize=350%2C200","width":350,"height":200,"srcset":"https:\/\/i0.wp.com\/noticiasribeiraopreto.com.br\/wp-content\/uploads\/2025\/03\/WhatsApp-Image-2025-03-04-at-12.09.26.jpeg?fit=800%2C533&ssl=1&resize=350%2C200 1x, https:\/\/i0.wp.com\/noticiasribeiraopreto.com.br\/wp-content\/uploads\/2025\/03\/WhatsApp-Image-2025-03-04-at-12.09.26.jpeg?fit=800%2C533&ssl=1&resize=525%2C300 1.5x, https:\/\/i0.wp.com\/noticiasribeiraopreto.com.br\/wp-content\/uploads\/2025\/03\/WhatsApp-Image-2025-03-04-at-12.09.26.jpeg?fit=800%2C533&ssl=1&resize=700%2C400 2x"},"classes":[]}],"jetpack_sharing_enabled":true,"jetpack_shortlink":"https:\/\/wp.me\/peQAOb-9km","_links":{"self":[{"href":"https:\/\/noticiasribeiraopreto.com.br\/index.php\/wp-json\/wp\/v2\/posts\/35858","targetHints":{"allow":["GET"]}}],"collection":[{"href":"https:\/\/noticiasribeiraopreto.com.br\/index.php\/wp-json\/wp\/v2\/posts"}],"about":[{"href":"https:\/\/noticiasribeiraopreto.com.br\/index.php\/wp-json\/wp\/v2\/types\/post"}],"author":[{"embeddable":true,"href":"https:\/\/noticiasribeiraopreto.com.br\/index.php\/wp-json\/wp\/v2\/users\/1"}],"replies":[{"embeddable":true,"href":"https:\/\/noticiasribeiraopreto.com.br\/index.php\/wp-json\/wp\/v2\/comments?post=35858"}],"version-history":[{"count":0,"href":"https:\/\/noticiasribeiraopreto.com.br\/index.php\/wp-json\/wp\/v2\/posts\/35858\/revisions"}],"wp:featuredmedia":[{"embeddable":true,"href":"https:\/\/noticiasribeiraopreto.com.br\/index.php\/wp-json\/wp\/v2\/media\/35859"}],"wp:attachment":[{"href":"https:\/\/noticiasribeiraopreto.com.br\/index.php\/wp-json\/wp\/v2\/media?parent=35858"}],"wp:term":[{"taxonomy":"category","embeddable":true,"href":"https:\/\/noticiasribeiraopreto.com.br\/index.php\/wp-json\/wp\/v2\/categories?post=35858"},{"taxonomy":"post_tag","embeddable":true,"href":"https:\/\/noticiasribeiraopreto.com.br\/index.php\/wp-json\/wp\/v2\/tags?post=35858"}],"curies":[{"name":"wp","href":"https:\/\/api.w.org\/{rel}","templated":true}]}}