{"id":35890,"date":"2024-02-07T19:40:17","date_gmt":"2024-02-07T22:40:17","guid":{"rendered":"https:\/\/noticiasribeiraopreto.com.br\/index.php\/2024\/02\/07\/senac-abre-inscricoes-com-vagas-para-curso-tecnico-gratuito-em-enfermagem-saiba-como-participar\/"},"modified":"2024-02-07T19:40:17","modified_gmt":"2024-02-07T22:40:17","slug":"senac-abre-inscricoes-com-vagas-para-curso-tecnico-gratuito-em-enfermagem-saiba-como-participar","status":"publish","type":"post","link":"https:\/\/noticiasribeiraopreto.com.br\/index.php\/2024\/02\/07\/senac-abre-inscricoes-com-vagas-para-curso-tecnico-gratuito-em-enfermagem-saiba-como-participar\/","title":{"rendered":"Senac abre inscri\u00e7\u00f5es com vagas para curso T\u00e9cnico gratuito em Enfermagem. Saiba como participar"},"content":{"rendered":"<div class='code-block code-block-1' style='margin: 8px 0 8px auto; text-align: right; display: block; clear: both;'>\n<p><a href=\"https:\/\/wa.link\/vpicfd\"><img data-recalc-dims=\"1\" class=\"wp-image-4922\" style=\"aspect-ratio: 2.0253164556962027; width: 561px; height: auto;\" src=\"https:\/\/i0.wp.com\/ismaelcolosi.com.br\/wp-content\/uploads\/2023\/11\/grupo-de-empregos-whatsapp-e-facebook-ismael-colosi-vagas.jpg?ssl=1\" alt=\"\" \/><\/a><\/p>\n<!-- \/wp:image -->\n<\/div>\n<p> <br \/>\n<\/p>\n<div>\n<p style=\"text-align: justify;\"><span style=\"font-family: arial, helvetica, sans-serif; font-size: 14pt;\">No Senac-MT, est\u00e3o abertas as inscri\u00e7\u00f5es para os cursos t\u00e9cnicos de enfermagem. S\u00e3o 22 vagas para quem tem mais de 17 anos e concluiu o ensino m\u00e9dio, ou est\u00e1 em andamento. O curso gratuito tem dura\u00e7\u00e3o de 2 anos e forma especialistas qualificados para atuar na \u00e1rea da sa\u00fade.<\/span><\/p>\n<p style=\"text-align: justify;\"><span style=\"font-family: arial, helvetica, sans-serif; font-size: 14pt;\">Tem interesse em trabalhar na \u00e1rea da sa\u00fade e fazer a diferen\u00e7a na vida das pessoas? Ent\u00e3o, n\u00e3o perca esta oportunidade: o Senac-MT est\u00e1 com inscri\u00e7\u00f5es abertas para o curso de T\u00e9cnico em Enfermagem em Tangar\u00e1 da Sera, a 242 km de Cuiab\u00e1. O curso gratuito \u00e9 para quem tem pelo menos 17 anos e cursou ou j\u00e1 concluiu o ensino m\u00e9dio.<\/span><\/p>\n<p style=\"text-align: justify;\"><span style=\"font-family: arial, helvetica, sans-serif; font-size: 14pt;\">S\u00e3o 22 vagas, e as inscri\u00e7\u00f5es podem ser feitas na unidade do Senac-MT do Jardim Ac\u00e1cia mediante apresenta\u00e7\u00e3o de documento oficial com foto, comprovante de endere\u00e7o e escolaridade. Crian\u00e7as menores de 18 anos devem estar acompanhadas de um respons\u00e1vel legal.<\/span><\/p>\n<h2><strong><span style=\"font-family: arial, helvetica, sans-serif;\">Sobre os cursos t\u00e9cnicos de enfermagem oferecidos pela SEnac<\/span><\/strong><\/h2>\n<p style=\"text-align: justify;\"><span style=\"font-family: arial, helvetica, sans-serif; font-size: 14pt;\">O curso de T\u00e9cnico em Enfermagem tem dura\u00e7\u00e3o de 2 anos, abrange 1800 horas de aprendizado, sendo dividido em atividades te\u00f3ricas e pr\u00e1ticas e est\u00e1gios supervisionados.<\/span><\/p>\n<p style=\"text-align: justify;\"><span style=\"font-family: arial, helvetica, sans-serif; font-size: 14pt;\">Os alunos aprender\u00e3o sobre o trabalho em quatro \u00e1reas: \u201cPromo\u00e7\u00e3o da Sa\u00fade\u201d, \u201cEnfermagem Geral\u201d, \u201cEnfermagem Especializada e Cuidados Intensivos\u201d e \u201cEnfermagem de Emerg\u00eancia e Emerg\u00eancia\u201d.<\/span><\/p>\n<p style=\"text-align: justify;\"><span style=\"font-family: arial, helvetica, sans-serif; font-size: 14pt;\">Ao final do curso gratuito, os estagi\u00e1rios poder\u00e3o prestar atendimento aos pacientes de acordo com os mais altos padr\u00f5es de qualidade, humanidade e seguran\u00e7a em uma variedade de ambientes, incluindo hospitais, cl\u00ednicas, ambulat\u00f3rios, centros de sa\u00fade e unidades m\u00e9dicas de emerg\u00eancia.<\/span><\/p>\n<h3><strong><span style=\"font-family: arial, helvetica, sans-serif;\">Uma chance de mudar sua vida<\/span><\/strong><\/h3>\n<p style=\"text-align: justify;\"><span style=\"font-family: arial, helvetica, sans-serif; font-size: 14pt;\">Jos\u00e9 Wenceslao de Souza Jr., titular do sistema Fecom\u00e9rcio-MT, destaca que o curso gratuito de t\u00e9cnico em enfermagem no Senac-MT \u00e9 uma \u00f3tima oportunidade para quem busca qualifica\u00e7\u00e3o profissional na \u00e1rea da sa\u00fade, que \u00e9 uma das mais exigentes do pa\u00eds.<\/span><\/p>\n<p style=\"text-align: justify;\"><span style=\"font-family: arial, helvetica, sans-serif; font-size: 14pt;\">\u201cO Senac, um dos departamentos sociais do sistema Fecom\u00e9rcio-MT, tem o compromisso de proporcionar uma forma\u00e7\u00e3o profissional excepcional, contribuindo para a forma\u00e7\u00e3o de t\u00e9cnicos de enfermagem capacitados e prontos para atender \u00e0s necessidades dos moradores, principalmente em cidades do interior onde h\u00e1 car\u00eancia de especialistas qualificados\u201d, disse Venceslas Jr.<\/span><\/p>\n<p style=\"text-align: justify;\"><span style=\"font-family: arial, helvetica, sans-serif; font-size: 14pt;\">Edson Dahmer, diretor regional do Senac-MT, destaca que os alunos do curso de t\u00e9cnico em enfermagem do Senac-MT t\u00eam acesso a uma infraestrutura moderna e bem equipada, com laborat\u00f3rios que simulam situa\u00e7\u00f5es reais de atendimento, al\u00e9m de corpo docente experiente e atualizado.<\/span><\/p>\n<p style=\"text-align: justify;\"><span style=\"font-family: arial, helvetica, sans-serif; font-size: 14pt;\">\u201cNossos alunos desenvolvem as habilidades necess\u00e1rias para trabalhar na aten\u00e7\u00e3o prim\u00e1ria \u00e0 sa\u00fade de forma humana e segura, de acordo com os padr\u00f5es mais rigorosos, e s\u00e3o rapidamente absorvidos pelo mercado de trabalho\u201d, acrescenta Dahmer.<\/span><\/p>\n<h3 style=\"text-align: justify;\"><span style=\"font-size: 18pt;\"><strong><span style=\"font-family: arial, helvetica, sans-serif;\">Como se inscrever em um curso gratuito e se tornar um profissional de enfermagem<\/span><\/strong><\/span><\/h3>\n<p style=\"text-align: justify;\"><span style=\"font-family: arial, helvetica, sans-serif; font-size: 14pt;\">N\u00e3o perca tempo e inscreva-se agora para concorrer a uma vaga gratuita de t\u00e9cnico de enfermagem no Senac-MT em Tangar\u00e1 da Serra.<\/span><\/p>\n<p style=\"text-align: justify;\"><span style=\"font-family: arial, helvetica, sans-serif; font-size: 14pt;\">A unidade do Senac-MT est\u00e1 localizada na Rua Manuel G\u00f3mez de Sousa, n\u00ba 143, Jardim Ac\u00e1cia e funciona das 7h30 \u00e0s 11h30 e das 13h30 \u00e0s 22h.<\/span><\/p>\n<p style=\"text-align: justify;\"><span style=\"font-family: arial, helvetica, sans-serif; font-size: 14pt;\">Os telefones de contato s\u00e3o <strong>(65) 3326-7150 e 9 9815-4397.<\/strong><\/span><\/p>\n<p style=\"text-align: justify;\"><span style=\"font-family: arial, helvetica, sans-serif; font-size: 14pt;\">O curso gratuito de t\u00e9cnico de enfermagem tem capacidade limitada e as aulas come\u00e7am de segunda a sexta-feira, 18 de mar\u00e7o, das 8h \u00e0s 11h.<\/span><\/p>\n<p style=\"text-align: justify;\"><span style=\"font-family: arial, helvetica, sans-serif; font-size: 14pt;\">N\u00e3o perca essa oportunidade de se tornar um profissional de sa\u00fade e fazer a diferen\u00e7a na vida das pessoas!<\/span><\/p>\n<\/div>\n<p><br \/>\n<br \/><a href=\"https:\/\/www.financasbrasil.org\/2024\/02\/senac-abre-inscricoes-com-vaga.html\">Source link <\/a><\/p>\n<!-- CONTENT END 1 -->\n","protected":false},"excerpt":{"rendered":"<p>No Senac-MT, est\u00e3o abertas as inscri\u00e7\u00f5es para os cursos t\u00e9cnicos de enfermagem. S\u00e3o 22 vagas para quem tem mais de 17 anos e concluiu o&#8230;<\/p>\n","protected":false},"author":1,"featured_media":35891,"comment_status":"open","ping_status":"open","sticky":false,"template":"","format":"standard","meta":{"advanced_seo_description":"","jetpack_seo_html_title":"","jetpack_seo_noindex":false,"jetpack_post_was_ever_published":false,"_jetpack_newsletter_access":"","_jetpack_dont_email_post_to_subs":false,"_jetpack_newsletter_tier_id":0,"_jetpack_memberships_contains_paywalled_content":false,"_jetpack_memberships_contains_paid_content":false,"footnotes":"","jetpack_publicize_message":"","jetpack_publicize_feature_enabled":true,"jetpack_social_post_already_shared":true,"jetpack_social_options":{"image_generator_settings":{"template":"highway","default_image_id":0,"font":"","enabled":false},"version":2}},"categories":[3598],"tags":[],"class_list":["post-35890","post","type-post","status-publish","format-standard","has-post-thumbnail","hentry","category-empregos-classificados-vagas-trabalho"],"jetpack_publicize_connections":[],"jetpack_featured_media_url":"https:\/\/i0.wp.com\/noticiasribeiraopreto.com.br\/wp-content\/uploads\/2024\/02\/Curso.png?fit=1200%2C630&ssl=1","jetpack-related-posts":[{"id":23811,"url":"https:\/\/noticiasribeiraopreto.com.br\/index.php\/2024\/01\/03\/senac-abre-inscricoes-para-cursos-tecnicos-gratuitos-na-area-da-saude-com-certificados-em-enfermagem-massoterapia-e-mais\/","url_meta":{"origin":35890,"position":0},"title":"Senac abre inscri\u00e7\u00f5es para cursos t\u00e9cnicos gratuitos na \u00e1rea da sa\u00fade, com certificados em Enfermagem, Massoterapia e mais!","author":"noticiasribeiraopreto.com.br","date":"3 de January de 2024","format":false,"excerpt":"Senac abre inscri\u00e7\u00f5es para cursos t\u00e9cnicos gratuitos na \u00e1rea da sa\u00fade Oportunidade \u00danica: Senac oferece cursos t\u00e9cnicos gratuitos para amantes da \u00e1rea da sa\u00fade. As inscri\u00e7\u00f5es j\u00e1 est\u00e3o abertas, garanta j\u00e1 a sua vaga! Se voc\u00ea busca uma oportunidade para se capacitar na \u00e1rea da sa\u00fade, o Senac em Manhua\u00e7u,\u2026","rel":"","context":"In &quot;Vagas de Emprego em Ribeir\u00e3o Preto-SP&quot;","block_context":{"text":"Vagas de Emprego em Ribeir\u00e3o Preto-SP","link":"https:\/\/noticiasribeiraopreto.com.br\/index.php\/category\/empregos-classificados-vagas-trabalho\/vagas-de-empregos-em-ribeirao-preto-regiao-brasil\/"},"img":{"alt_text":"","src":"https:\/\/i0.wp.com\/noticiasribeiraopreto.com.br\/wp-content\/uploads\/2024\/01\/SENACCCCC-830x450.png?fit=830%2C450&ssl=1&resize=350%2C200","width":350,"height":200,"srcset":"https:\/\/i0.wp.com\/noticiasribeiraopreto.com.br\/wp-content\/uploads\/2024\/01\/SENACCCCC-830x450.png?fit=830%2C450&ssl=1&resize=350%2C200 1x, https:\/\/i0.wp.com\/noticiasribeiraopreto.com.br\/wp-content\/uploads\/2024\/01\/SENACCCCC-830x450.png?fit=830%2C450&ssl=1&resize=525%2C300 1.5x, https:\/\/i0.wp.com\/noticiasribeiraopreto.com.br\/wp-content\/uploads\/2024\/01\/SENACCCCC-830x450.png?fit=830%2C450&ssl=1&resize=700%2C400 2x"},"classes":[]},{"id":19774,"url":"https:\/\/noticiasribeiraopreto.com.br\/index.php\/2023\/12\/23\/cursos-tecnicos-de-graca-senac-oferece-mais-de-6-mil-vagas\/","url_meta":{"origin":35890,"position":1},"title":"Cursos t\u00e9cnicos de gra\u00e7a? Senac oferece mais de 6 mil vagas","author":"noticiasribeiraopreto.com.br","date":"23 de December de 2023","format":false,"excerpt":"O Servi\u00e7o Nacional de Aprendizagem Comercial (Senac) est\u00e1 com inscri\u00e7\u00f5es abertas at\u00e9 26 de dezembro para diversos cursos t\u00e9cnicos na modalidade de ensino a dist\u00e2ncia (EaD). S\u00e3o oferecidas 6,4 mil vagas em unidades do Senac em oito estados:\u00a0 Esp\u00edrito Santo, Goi\u00e1s, Maranh\u00e3o, Pernambuco, Piau\u00ed, Rio Grande do Norte, Roraima e\u2026","rel":"","context":"In &quot;Variedades&quot;","block_context":{"text":"Variedades","link":"https:\/\/noticiasribeiraopreto.com.br\/index.php\/category\/variedades\/"},"img":{"alt_text":"","src":"https:\/\/i0.wp.com\/noticiasribeiraopreto.com.br\/wp-content\/uploads\/2023\/12\/senac-rj-cursos-gratuitos.jpg?fit=1200%2C638&ssl=1&resize=350%2C200","width":350,"height":200,"srcset":"https:\/\/i0.wp.com\/noticiasribeiraopreto.com.br\/wp-content\/uploads\/2023\/12\/senac-rj-cursos-gratuitos.jpg?fit=1200%2C638&ssl=1&resize=350%2C200 1x, https:\/\/i0.wp.com\/noticiasribeiraopreto.com.br\/wp-content\/uploads\/2023\/12\/senac-rj-cursos-gratuitos.jpg?fit=1200%2C638&ssl=1&resize=525%2C300 1.5x, https:\/\/i0.wp.com\/noticiasribeiraopreto.com.br\/wp-content\/uploads\/2023\/12\/senac-rj-cursos-gratuitos.jpg?fit=1200%2C638&ssl=1&resize=700%2C400 2x, https:\/\/i0.wp.com\/noticiasribeiraopreto.com.br\/wp-content\/uploads\/2023\/12\/senac-rj-cursos-gratuitos.jpg?fit=1200%2C638&ssl=1&resize=1050%2C600 3x"},"classes":[]},{"id":14948,"url":"https:\/\/noticiasribeiraopreto.com.br\/index.php\/2023\/12\/12\/senac-pe-oferece-cursos-gratuitos-de-graduacao-para-3a-idade\/","url_meta":{"origin":35890,"position":2},"title":"Senac-PE oferece cursos gratuitos de gradua\u00e7\u00e3o para 3\u00aa idade","author":"noticiasribeiraopreto.com.br","date":"12 de December de 2023","format":false,"excerpt":"A Faculdade Senac Pernambuco abriu inscri\u00e7\u00f5es processo seletivo para cursos gratuitos de gradua\u00e7\u00e3o voltados para pessoas com mais de 60 anos. A iniciativa faz parte do Programa Faculdade Aberta \u00e0 Terceira Idade (Fati). Os cursos dispon\u00edveis s\u00e3o destinados a pessoas que tenham conclu\u00eddo o ensino m\u00e9dio. Cr\u00e9ditos: Divulga\u00e7\u00e3o\/SEnac-PESenac-PE oferece cursos\u2026","rel":"","context":"In &quot;Variedades&quot;","block_context":{"text":"Variedades","link":"https:\/\/noticiasribeiraopreto.com.br\/index.php\/category\/variedades\/"},"img":{"alt_text":"","src":"https:\/\/i0.wp.com\/noticiasribeiraopreto.com.br\/wp-content\/uploads\/2023\/12\/cursos-gratuitos-senac-pe.jpg?fit=1200%2C638&ssl=1&resize=350%2C200","width":350,"height":200,"srcset":"https:\/\/i0.wp.com\/noticiasribeiraopreto.com.br\/wp-content\/uploads\/2023\/12\/cursos-gratuitos-senac-pe.jpg?fit=1200%2C638&ssl=1&resize=350%2C200 1x, https:\/\/i0.wp.com\/noticiasribeiraopreto.com.br\/wp-content\/uploads\/2023\/12\/cursos-gratuitos-senac-pe.jpg?fit=1200%2C638&ssl=1&resize=525%2C300 1.5x, https:\/\/i0.wp.com\/noticiasribeiraopreto.com.br\/wp-content\/uploads\/2023\/12\/cursos-gratuitos-senac-pe.jpg?fit=1200%2C638&ssl=1&resize=700%2C400 2x, https:\/\/i0.wp.com\/noticiasribeiraopreto.com.br\/wp-content\/uploads\/2023\/12\/cursos-gratuitos-senac-pe.jpg?fit=1200%2C638&ssl=1&resize=1050%2C600 3x"},"classes":[]},{"id":43606,"url":"https:\/\/noticiasribeiraopreto.com.br\/index.php\/2024\/03\/22\/senac-abre-inscricoes-com-mais-de-100-mil-vagas-para-cursos-gratuitos-veja-como-se-inscrever\/","url_meta":{"origin":35890,"position":3},"title":"Senac abre inscri\u00e7\u00f5es com mais de 100 MIL VAGAS para cursos gratuitos; Veja como se inscrever","author":"noticiasribeiraopreto.com.br","date":"22 de March de 2024","format":false,"excerpt":"Uma das formas de poder se desenvolver gratuitamente \u00e9 contar com o Senac. Atualmente, segundo a institui\u00e7\u00e3o, est\u00e3o abertas mais de 100 mil vagas para pessoas que buscam buscar uma nova perspectiva de carreira. Conforme consta no site do Senac, essas oportunidades, que est\u00e3o abertas nas institui\u00e7\u00f5es de ensino, s\u00e3o\u2026","rel":"","context":"In &quot;Empregos - Classificados&quot;","block_context":{"text":"Empregos - Classificados","link":"https:\/\/noticiasribeiraopreto.com.br\/index.php\/category\/empregos-classificados-vagas-trabalho\/"},"img":{"alt_text":"","src":"https:\/\/i0.wp.com\/noticiasribeiraopreto.com.br\/wp-content\/uploads\/2024\/03\/Cursos-gratuitos.webp.webp?fit=1200%2C630&ssl=1&resize=350%2C200","width":350,"height":200,"srcset":"https:\/\/i0.wp.com\/noticiasribeiraopreto.com.br\/wp-content\/uploads\/2024\/03\/Cursos-gratuitos.webp.webp?fit=1200%2C630&ssl=1&resize=350%2C200 1x, https:\/\/i0.wp.com\/noticiasribeiraopreto.com.br\/wp-content\/uploads\/2024\/03\/Cursos-gratuitos.webp.webp?fit=1200%2C630&ssl=1&resize=525%2C300 1.5x, https:\/\/i0.wp.com\/noticiasribeiraopreto.com.br\/wp-content\/uploads\/2024\/03\/Cursos-gratuitos.webp.webp?fit=1200%2C630&ssl=1&resize=700%2C400 2x, https:\/\/i0.wp.com\/noticiasribeiraopreto.com.br\/wp-content\/uploads\/2024\/03\/Cursos-gratuitos.webp.webp?fit=1200%2C630&ssl=1&resize=1050%2C600 3x"},"classes":[]},{"id":52223,"url":"https:\/\/noticiasribeiraopreto.com.br\/index.php\/2024\/06\/05\/oportunidade-senac-abre-500-vagas-em-cursos-tecnicos-ead-para-saude-ti-turismo-e-design-veja-como-se-inscrever\/","url_meta":{"origin":35890,"position":4},"title":"Oportunidade! SENAC Abre 500 Vagas em Cursos T\u00e9cnicos EAD para Sa\u00fade, TI, Turismo e Design; Veja como se inscrever","author":"noticiasribeiraopreto.com.br","date":"5 de June de 2024","format":false,"excerpt":"Com mais de 500 locais dispon\u00edveis, os cursos cobrem uma variedade de disciplinas, incluindo sa\u00fade, tecnologia da informa\u00e7\u00e3o, turismo e design. Inscreva-se agora e embarque em uma jornada que pode mudar sua carreira! Cursos t\u00e9cnicos adaptados ao mundo profissional Os cursos t\u00e9cnicos da EAD s\u00e3o cuidadosamente elaborados para atender \u00e0s\u2026","rel":"","context":"In &quot;Empregos - Classificados&quot;","block_context":{"text":"Empregos - Classificados","link":"https:\/\/noticiasribeiraopreto.com.br\/index.php\/category\/empregos-classificados-vagas-trabalho\/"},"img":{"alt_text":"","src":"https:\/\/i0.wp.com\/noticiasribeiraopreto.com.br\/wp-content\/uploads\/2024\/06\/Design-sem-nome-8.webp.webp?fit=1200%2C630&ssl=1&resize=350%2C200","width":350,"height":200,"srcset":"https:\/\/i0.wp.com\/noticiasribeiraopreto.com.br\/wp-content\/uploads\/2024\/06\/Design-sem-nome-8.webp.webp?fit=1200%2C630&ssl=1&resize=350%2C200 1x, https:\/\/i0.wp.com\/noticiasribeiraopreto.com.br\/wp-content\/uploads\/2024\/06\/Design-sem-nome-8.webp.webp?fit=1200%2C630&ssl=1&resize=525%2C300 1.5x, https:\/\/i0.wp.com\/noticiasribeiraopreto.com.br\/wp-content\/uploads\/2024\/06\/Design-sem-nome-8.webp.webp?fit=1200%2C630&ssl=1&resize=700%2C400 2x, https:\/\/i0.wp.com\/noticiasribeiraopreto.com.br\/wp-content\/uploads\/2024\/06\/Design-sem-nome-8.webp.webp?fit=1200%2C630&ssl=1&resize=1050%2C600 3x"},"classes":[]},{"id":55862,"url":"https:\/\/noticiasribeiraopreto.com.br\/index.php\/2024\/08\/07\/senac-abre-54-mil-vagas-para-cursos-gratuitos-com-certificado-em-diversas-areas-veja-como-se-inscrever\/","url_meta":{"origin":35890,"position":5},"title":"Senac Abre 5,4 Mil Vagas para Cursos Gratuitos com Certificado em Diversas \u00c1reas; Veja Como se Inscrever","author":"noticiasribeiraopreto.com.br","date":"7 de August de 2024","format":false,"excerpt":"S\u00e3o mais de 5.400 vagas para os cursos livres com certificados dispon\u00edveis nas unidades de Americana (SP), Campinas (SP), Itapira (SP) e Mogiguaz\u00fa (SP). Se voc\u00ea mora em uma dessas cidades ou arredores, esta pode ser a oportunidade que voc\u00ea estava esperando para atualizar seu curr\u00edculo! De acordo com o\u2026","rel":"","context":"In &quot;Empregos - Classificados&quot;","block_context":{"text":"Empregos - Classificados","link":"https:\/\/noticiasribeiraopreto.com.br\/index.php\/category\/empregos-classificados-vagas-trabalho\/"},"img":{"alt_text":"","src":"https:\/\/i0.wp.com\/noticiasribeiraopreto.com.br\/wp-content\/uploads\/2024\/08\/www.Redebrasilnews.com_.br_.webp.webp?fit=1200%2C630&ssl=1&resize=350%2C200","width":350,"height":200,"srcset":"https:\/\/i0.wp.com\/noticiasribeiraopreto.com.br\/wp-content\/uploads\/2024\/08\/www.Redebrasilnews.com_.br_.webp.webp?fit=1200%2C630&ssl=1&resize=350%2C200 1x, https:\/\/i0.wp.com\/noticiasribeiraopreto.com.br\/wp-content\/uploads\/2024\/08\/www.Redebrasilnews.com_.br_.webp.webp?fit=1200%2C630&ssl=1&resize=525%2C300 1.5x, https:\/\/i0.wp.com\/noticiasribeiraopreto.com.br\/wp-content\/uploads\/2024\/08\/www.Redebrasilnews.com_.br_.webp.webp?fit=1200%2C630&ssl=1&resize=700%2C400 2x, https:\/\/i0.wp.com\/noticiasribeiraopreto.com.br\/wp-content\/uploads\/2024\/08\/www.Redebrasilnews.com_.br_.webp.webp?fit=1200%2C630&ssl=1&resize=1050%2C600 3x"},"classes":[]}],"jetpack_sharing_enabled":true,"jetpack_shortlink":"https:\/\/wp.me\/peQAOb-9kS","_links":{"self":[{"href":"https:\/\/noticiasribeiraopreto.com.br\/index.php\/wp-json\/wp\/v2\/posts\/35890","targetHints":{"allow":["GET"]}}],"collection":[{"href":"https:\/\/noticiasribeiraopreto.com.br\/index.php\/wp-json\/wp\/v2\/posts"}],"about":[{"href":"https:\/\/noticiasribeiraopreto.com.br\/index.php\/wp-json\/wp\/v2\/types\/post"}],"author":[{"embeddable":true,"href":"https:\/\/noticiasribeiraopreto.com.br\/index.php\/wp-json\/wp\/v2\/users\/1"}],"replies":[{"embeddable":true,"href":"https:\/\/noticiasribeiraopreto.com.br\/index.php\/wp-json\/wp\/v2\/comments?post=35890"}],"version-history":[{"count":0,"href":"https:\/\/noticiasribeiraopreto.com.br\/index.php\/wp-json\/wp\/v2\/posts\/35890\/revisions"}],"wp:featuredmedia":[{"embeddable":true,"href":"https:\/\/noticiasribeiraopreto.com.br\/index.php\/wp-json\/wp\/v2\/media\/35891"}],"wp:attachment":[{"href":"https:\/\/noticiasribeiraopreto.com.br\/index.php\/wp-json\/wp\/v2\/media?parent=35890"}],"wp:term":[{"taxonomy":"category","embeddable":true,"href":"https:\/\/noticiasribeiraopreto.com.br\/index.php\/wp-json\/wp\/v2\/categories?post=35890"},{"taxonomy":"post_tag","embeddable":true,"href":"https:\/\/noticiasribeiraopreto.com.br\/index.php\/wp-json\/wp\/v2\/tags?post=35890"}],"curies":[{"name":"wp","href":"https:\/\/api.w.org\/{rel}","templated":true}]}}