{"id":35894,"date":"2024-02-07T19:48:24","date_gmt":"2024-02-07T22:48:24","guid":{"rendered":"https:\/\/noticiasribeiraopreto.com.br\/index.php\/2024\/02\/07\/itau-abre-inscricoes-para-programa-de-capacitacao-com-21-500-vagas-que-ira-beneficiar-mulheres-brasileiras\/"},"modified":"2024-02-07T19:48:24","modified_gmt":"2024-02-07T22:48:24","slug":"itau-abre-inscricoes-para-programa-de-capacitacao-com-21-500-vagas-que-ira-beneficiar-mulheres-brasileiras","status":"publish","type":"post","link":"https:\/\/noticiasribeiraopreto.com.br\/index.php\/2024\/02\/07\/itau-abre-inscricoes-para-programa-de-capacitacao-com-21-500-vagas-que-ira-beneficiar-mulheres-brasileiras\/","title":{"rendered":"Ita\u00fa abre inscri\u00e7\u00f5es para programa de capacita\u00e7\u00e3o com 21.500 vagas que ir\u00e1 beneficiar mulheres brasileiras"},"content":{"rendered":"<div class='code-block code-block-1' style='margin: 8px 0 8px auto; text-align: right; display: block; clear: both;'>\n<p><a href=\"https:\/\/wa.link\/vpicfd\"><img data-recalc-dims=\"1\" class=\"wp-image-4922\" style=\"aspect-ratio: 2.0253164556962027; width: 561px; height: auto;\" src=\"https:\/\/i0.wp.com\/ismaelcolosi.com.br\/wp-content\/uploads\/2023\/11\/grupo-de-empregos-whatsapp-e-facebook-ismael-colosi-vagas.jpg?ssl=1\" alt=\"\" \/><\/a><\/p>\n<!-- \/wp:image -->\n<\/div>\n<p> <br \/>\n<\/p>\n<div data-td-block-uid=\"tdi_88\">\n<div class=\"tdb-block-inner td-fix-index\">\n<p style=\"text-align: justify;\"><span style=\"font-family: arial, helvetica, sans-serif; font-size: 14pt;\">Conhecido pela aplica\u00e7\u00e3o de pol\u00edticas sociais, o Ita\u00fa firmou parceria com a Rede Mulheres Empreendedoras para disponibilizar 21.500 vagas para um programa de capacita\u00e7\u00e3o para mulheres intitulado \u201cEmpreendedorismo e Renda\u201d. O curso ocorrer\u00e1 totalmente online, e as inscri\u00e7\u00f5es devem ser feitas at\u00e9 junho de 2024 por meio do site do programa, que pode ser acessado <strong><span style=\"color: #ff9900;\"><a style=\"color: #ff9900;\" href=\"https:\/\/empreendaerenda.com.br\/\" target=\"_blank\" rel=\"nofollow noopener\">clicando aqui<\/a><\/span><\/strong>.<\/span><\/p>\n<p style=\"text-align: justify;\"><span style=\"font-family: arial, helvetica, sans-serif; font-size: 14pt;\">O programa \u00e9 aberto a mulheres de qualquer regi\u00e3o do Brasil. Al\u00e9m disso, os interessados em participar devem ter no m\u00ednimo 18 anos e ter uma ideia de neg\u00f3cio ou neg\u00f3cio. Saiba mais sobre os t\u00f3picos abaixo.<\/span><\/p>\n<h2><strong><span style=\"font-family: arial, helvetica, sans-serif;\">Capacita\u00e7\u00e3o para mulheres no Ita\u00fa<\/span><\/strong><\/h2>\n<p style=\"text-align: justify;\"><span style=\"font-family: arial, helvetica, sans-serif; font-size: 14pt;\">Este treinamento oferece uma oportunidade para desenvolver habilidades socioemocionais, lideran\u00e7a de neg\u00f3cios e aprimoramento de compet\u00eancias pr\u00e1ticas em gest\u00e3o, finan\u00e7as e marketing digital. Assim, ap\u00f3s a conclus\u00e3o do curso, o participante recebe um certificado totalmente gratuito.<\/span><\/p>\n<p style=\"text-align: justify;\"><span style=\"font-family: arial, helvetica, sans-serif; font-size: 14pt;\">O objetivo da atua\u00e7\u00e3o do Ita\u00fa \u00e9 explorar a vida profissional das mulheres no pa\u00eds e capacit\u00e1-las para o engajamento, ingresso e\/ou retorno ao mercado de trabalho. Al\u00e9m disso, o programa ser\u00e1 implementado pelo IRME em parceria com o Ita\u00fa Mulher Empreendedora (IME). Dessa forma, a mulher aprende:<\/span><\/p>\n<ul>\n<li><span style=\"font-family: arial, helvetica, sans-serif; font-size: 14pt;\">Como administrar um neg\u00f3cio;<\/span><\/li>\n<li><span style=\"font-family: arial, helvetica, sans-serif; font-size: 14pt;\">T\u00e1ticas de vendas;<\/span><\/li>\n<li><span style=\"font-family: arial, helvetica, sans-serif; font-size: 14pt;\">Formar uma rede de contatos profissionais.<\/span><\/li>\n<li><span style=\"font-family: arial, helvetica, sans-serif; font-size: 14pt;\">Seja um grande l\u00edder.<\/span><\/li>\n<li><span style=\"font-family: arial, helvetica, sans-serif; font-size: 14pt;\">Comunica\u00e7\u00e3o efetiva;<\/span><\/li>\n<li><span style=\"font-family: arial, helvetica, sans-serif; font-size: 14pt;\">Gest\u00e3o financeira;<\/span><\/li>\n<li><span style=\"font-family: arial, helvetica, sans-serif; font-size: 14pt;\">Como formalizar o seu neg\u00f3cio.<\/span><\/li>\n<\/ul>\n<h3><strong><span style=\"font-family: arial, helvetica, sans-serif;\">Mudando a vida de outras mulheres<\/span><\/strong><\/h3>\n<p style=\"text-align: justify;\"><span style=\"font-family: arial, helvetica, sans-serif; font-size: 14pt;\">Das mais de 20 mil mulheres que podem participar da capacita\u00e7\u00e3o, 105 ser\u00e3o selecionadas para receber mentoria e outras 83 receber\u00e3o incentivos financeiros. Al\u00e9m disso, o projeto tamb\u00e9m contou com a parceria de 16 multiplicadores locais nas regi\u00f5es Norte e Nordeste.<\/span><\/p>\n<p style=\"text-align: justify;\"><span style=\"font-family: arial, helvetica, sans-serif; font-size: 14pt;\">Nesse sentido, a multiplicadora treinada pelo \u201cEmpreenda e Renda\u201d ser\u00e1 respons\u00e1vel por aulas presenciais de capacita\u00e7\u00e3o em que treina, treina e treina outras mulheres. No entanto, em outras partes do pa\u00eds, as vagas ser\u00e3o exclusivamente remotas.<\/span><\/p>\n<\/div>\n<\/div>\n<p><br \/>\n<br \/><a href=\"https:\/\/www.financasbrasil.org\/2024\/02\/itau-abre-inscricoes-para-progr.html\">Source link <\/a><\/p>\n<!-- CONTENT END 1 -->\n","protected":false},"excerpt":{"rendered":"<p>Conhecido pela aplica\u00e7\u00e3o de pol\u00edticas sociais, o Ita\u00fa firmou parceria com a Rede Mulheres Empreendedoras para disponibilizar 21.500 vagas para um programa de capacita\u00e7\u00e3o para&#8230;<\/p>\n","protected":false},"author":1,"featured_media":35895,"comment_status":"open","ping_status":"open","sticky":false,"template":"","format":"standard","meta":{"advanced_seo_description":"","jetpack_seo_html_title":"","jetpack_seo_noindex":false,"jetpack_post_was_ever_published":false,"_jetpack_newsletter_access":"","_jetpack_dont_email_post_to_subs":false,"_jetpack_newsletter_tier_id":0,"_jetpack_memberships_contains_paywalled_content":false,"_jetpack_memberships_contains_paid_content":false,"footnotes":"","jetpack_publicize_message":"","jetpack_publicize_feature_enabled":true,"jetpack_social_post_already_shared":true,"jetpack_social_options":{"image_generator_settings":{"template":"highway","default_image_id":0,"font":"","enabled":false},"version":2}},"categories":[1235],"tags":[],"class_list":["post-35894","post","type-post","status-publish","format-standard","has-post-thumbnail","hentry","category-dinheiro-e-investimento-como-fazer-como-ganhar"],"jetpack_publicize_connections":[],"jetpack_featured_media_url":"https:\/\/i0.wp.com\/noticiasribeiraopreto.com.br\/wp-content\/uploads\/2024\/02\/Programa-1.png?fit=1200%2C630&ssl=1","jetpack-related-posts":[{"id":35405,"url":"https:\/\/noticiasribeiraopreto.com.br\/index.php\/2024\/02\/06\/itau-mulher-empreendedora-abre-mais-de-20-mil-vagas-para-capacitacao-gratuita-em-todo-o-brasil\/","url_meta":{"origin":35894,"position":0},"title":"Ita\u00fa Mulher Empreendedora abre mais de 20 mil vagas para capacita\u00e7\u00e3o gratuita em todo o Brasil","author":"noticiasribeiraopreto.com.br","date":"6 de February de 2024","format":false,"excerpt":"Da reda\u00e7\u00e3oi Da reda\u00e7\u00e3o 06\/02\/2024 - 8:00 O Ita\u00fa Mulher Empreendedora (IME) est\u00e1 com 21.500 vagas abertas para o programa de capacita\u00e7\u00e3o gratuita \u201cEmpreenda e Renda\u201d, uma parceria do IME com a Rede Mulher Empreendedora (RME). A capacita\u00e7\u00e3o acontece de forma online e as interessadas podem se inscrever at\u00e9 junho\u2026","rel":"","context":"In &quot;Vagas de Emprego em Ribeir\u00e3o Preto-SP&quot;","block_context":{"text":"Vagas de Emprego em Ribeir\u00e3o Preto-SP","link":"https:\/\/noticiasribeiraopreto.com.br\/index.php\/category\/empregos-classificados-vagas-trabalho\/vagas-de-empregos-em-ribeirao-preto-regiao-brasil\/"},"img":{"alt_text":"","src":"https:\/\/i0.wp.com\/noticiasribeiraopreto.com.br\/wp-content\/uploads\/2024\/02\/jovem-mulher-atraente-na-camisa-branca-sonhadoramente-olhando-na-camera-com-mesa-no-fundo-do-escritorio-moderno-scaled.jpg?fit=1200%2C800&ssl=1&resize=350%2C200","width":350,"height":200,"srcset":"https:\/\/i0.wp.com\/noticiasribeiraopreto.com.br\/wp-content\/uploads\/2024\/02\/jovem-mulher-atraente-na-camisa-branca-sonhadoramente-olhando-na-camera-com-mesa-no-fundo-do-escritorio-moderno-scaled.jpg?fit=1200%2C800&ssl=1&resize=350%2C200 1x, https:\/\/i0.wp.com\/noticiasribeiraopreto.com.br\/wp-content\/uploads\/2024\/02\/jovem-mulher-atraente-na-camisa-branca-sonhadoramente-olhando-na-camera-com-mesa-no-fundo-do-escritorio-moderno-scaled.jpg?fit=1200%2C800&ssl=1&resize=525%2C300 1.5x, https:\/\/i0.wp.com\/noticiasribeiraopreto.com.br\/wp-content\/uploads\/2024\/02\/jovem-mulher-atraente-na-camisa-branca-sonhadoramente-olhando-na-camera-com-mesa-no-fundo-do-escritorio-moderno-scaled.jpg?fit=1200%2C800&ssl=1&resize=700%2C400 2x, https:\/\/i0.wp.com\/noticiasribeiraopreto.com.br\/wp-content\/uploads\/2024\/02\/jovem-mulher-atraente-na-camisa-branca-sonhadoramente-olhando-na-camera-com-mesa-no-fundo-do-escritorio-moderno-scaled.jpg?fit=1200%2C800&ssl=1&resize=1050%2C600 3x"},"classes":[]},{"id":33218,"url":"https:\/\/noticiasribeiraopreto.com.br\/index.php\/2024\/01\/28\/pagbank-abre-50-vagas-para-programa-de-capacitacao-em-tecnologia-exclusivo-para-mulheres-veja-como-se-inscrever\/","url_meta":{"origin":35894,"position":1},"title":"PagBank abre 50 vagas para programa de capacita\u00e7\u00e3o em tecnologia exclusivo para mulheres; veja como se inscrever","author":"noticiasribeiraopreto.com.br","date":"28 de January de 2024","format":false,"excerpt":"Da reda\u00e7\u00e3oi Da reda\u00e7\u00e3o 28\/01\/2024 - 15:00 O PagBank anunciou a abertura da 2\u00aa edi\u00e7\u00e3o do #ElasTech, seu programa de capacita\u00e7\u00e3o em tecnologia voltado exclusivamente para mulheres. A iniciativa, em parceria com a SoulCode Academy, escola inclusiva que educa e capacita pessoas em tecnologia, disponibilizar\u00e1 50 vagas gratuitas para capacita\u00e7\u00e3o.\u2026","rel":"","context":"In &quot;Vagas de Emprego em Ribeir\u00e3o Preto-SP&quot;","block_context":{"text":"Vagas de Emprego em Ribeir\u00e3o Preto-SP","link":"https:\/\/noticiasribeiraopreto.com.br\/index.php\/category\/empregos-classificados-vagas-trabalho\/vagas-de-empregos-em-ribeirao-preto-regiao-brasil\/"},"img":{"alt_text":"","src":"https:\/\/i0.wp.com\/noticiasribeiraopreto.com.br\/wp-content\/uploads\/2024\/01\/mulher-sorridente-segurando-um-laptop-no-escritorio-e-trabalhando-1.jpg?fit=1000%2C667&ssl=1&resize=350%2C200","width":350,"height":200,"srcset":"https:\/\/i0.wp.com\/noticiasribeiraopreto.com.br\/wp-content\/uploads\/2024\/01\/mulher-sorridente-segurando-um-laptop-no-escritorio-e-trabalhando-1.jpg?fit=1000%2C667&ssl=1&resize=350%2C200 1x, https:\/\/i0.wp.com\/noticiasribeiraopreto.com.br\/wp-content\/uploads\/2024\/01\/mulher-sorridente-segurando-um-laptop-no-escritorio-e-trabalhando-1.jpg?fit=1000%2C667&ssl=1&resize=525%2C300 1.5x, https:\/\/i0.wp.com\/noticiasribeiraopreto.com.br\/wp-content\/uploads\/2024\/01\/mulher-sorridente-segurando-um-laptop-no-escritorio-e-trabalhando-1.jpg?fit=1000%2C667&ssl=1&resize=700%2C400 2x"},"classes":[]},{"id":51478,"url":"https:\/\/noticiasribeiraopreto.com.br\/index.php\/2024\/05\/27\/programa-de-estagio-itau-2024-esta-com-inscricoes-abertas-confira-vagas-salario-e-beneficios-increva-se\/","url_meta":{"origin":35894,"position":2},"title":"Programa de Est\u00e1gio Ita\u00fa 2024 est\u00e1 com inscri\u00e7\u00f5es abertas; Confira vagas, sal\u00e1rio e benef\u00edcios! Increva-se","author":"noticiasribeiraopreto.com.br","date":"27 de May de 2024","format":false,"excerpt":"Est\u00e3o abertas as inscri\u00e7\u00f5es para o processo seletivo do Ita\u00fa Unibanco, que oportuniza jovens talentos de todo o pa\u00eds. As especializa\u00e7\u00f5es dispon\u00edveis s\u00e3o comerciais e corporativas, e as inscri\u00e7\u00f5es s\u00e3o aceitas durante todo o ano. O programa de est\u00e1gio do Ita\u00fa Unibanco aceita inscri\u00e7\u00f5es continuamente ao longo do ano, com\u2026","rel":"","context":"In &quot;Empregos - Classificados&quot;","block_context":{"text":"Empregos - Classificados","link":"https:\/\/noticiasribeiraopreto.com.br\/index.php\/category\/empregos-classificados-vagas-trabalho\/"},"img":{"alt_text":"","src":"https:\/\/i0.wp.com\/noticiasribeiraopreto.com.br\/wp-content\/uploads\/2024\/05\/Programa-de-estagio.webp.webp?fit=1200%2C630&ssl=1&resize=350%2C200","width":350,"height":200,"srcset":"https:\/\/i0.wp.com\/noticiasribeiraopreto.com.br\/wp-content\/uploads\/2024\/05\/Programa-de-estagio.webp.webp?fit=1200%2C630&ssl=1&resize=350%2C200 1x, https:\/\/i0.wp.com\/noticiasribeiraopreto.com.br\/wp-content\/uploads\/2024\/05\/Programa-de-estagio.webp.webp?fit=1200%2C630&ssl=1&resize=525%2C300 1.5x, https:\/\/i0.wp.com\/noticiasribeiraopreto.com.br\/wp-content\/uploads\/2024\/05\/Programa-de-estagio.webp.webp?fit=1200%2C630&ssl=1&resize=700%2C400 2x, https:\/\/i0.wp.com\/noticiasribeiraopreto.com.br\/wp-content\/uploads\/2024\/05\/Programa-de-estagio.webp.webp?fit=1200%2C630&ssl=1&resize=1050%2C600 3x"},"classes":[]},{"id":54260,"url":"https:\/\/noticiasribeiraopreto.com.br\/index.php\/2024\/07\/05\/programa-de-estagio-itau-2024-esta-com-inscricoes-abertas-confira-vagas-salario-e-beneficios-inscreva-se\/","url_meta":{"origin":35894,"position":3},"title":"Programa de Est\u00e1gio Ita\u00fa 2024 est\u00e1 com inscri\u00e7\u00f5es abertas; Confira vagas, sal\u00e1rio e benef\u00edcios! Inscreva-se","author":"noticiasribeiraopreto.com.br","date":"5 de July de 2024","format":false,"excerpt":"Est\u00e3o abertas as inscri\u00e7\u00f5es para o processo seletivo do Ita\u00fa Unibanco, que oportuniza jovens talentos de todo o pa\u00eds. As especializa\u00e7\u00f5es dispon\u00edveis s\u00e3o comerciais e corporativas, e as inscri\u00e7\u00f5es s\u00e3o aceitas durante todo o ano. O programa de est\u00e1gio do Ita\u00fa Unibanco aceita inscri\u00e7\u00f5es continuamente ao longo do ano, com\u2026","rel":"","context":"In &quot;Empregos - Classificados&quot;","block_context":{"text":"Empregos - Classificados","link":"https:\/\/noticiasribeiraopreto.com.br\/index.php\/category\/empregos-classificados-vagas-trabalho\/"},"img":{"alt_text":"","src":"https:\/\/i0.wp.com\/noticiasribeiraopreto.com.br\/wp-content\/uploads\/2024\/05\/Programa-de-estagio.webp.webp?fit=1200%2C630&ssl=1&resize=350%2C200","width":350,"height":200,"srcset":"https:\/\/i0.wp.com\/noticiasribeiraopreto.com.br\/wp-content\/uploads\/2024\/05\/Programa-de-estagio.webp.webp?fit=1200%2C630&ssl=1&resize=350%2C200 1x, https:\/\/i0.wp.com\/noticiasribeiraopreto.com.br\/wp-content\/uploads\/2024\/05\/Programa-de-estagio.webp.webp?fit=1200%2C630&ssl=1&resize=525%2C300 1.5x, https:\/\/i0.wp.com\/noticiasribeiraopreto.com.br\/wp-content\/uploads\/2024\/05\/Programa-de-estagio.webp.webp?fit=1200%2C630&ssl=1&resize=700%2C400 2x, https:\/\/i0.wp.com\/noticiasribeiraopreto.com.br\/wp-content\/uploads\/2024\/05\/Programa-de-estagio.webp.webp?fit=1200%2C630&ssl=1&resize=1050%2C600 3x"},"classes":[]},{"id":52259,"url":"https:\/\/noticiasribeiraopreto.com.br\/index.php\/2024\/06\/05\/amazon-abre-programa-para-mulheres-empreendedoras\/","url_meta":{"origin":35894,"position":4},"title":"Amazon abre programa para mulheres empreendedoras","author":"noticiasribeiraopreto.com.br","date":"5 de June de 2024","format":false,"excerpt":"\u00a0 Acessibilidade L L A- A+ \u25d0 A Amazon acaba de abrir as inscri\u00e7\u00f5es para a quarta edi\u00e7\u00e3o do Decola Garota, programa de acelera\u00e7\u00e3o para capacitar mulheres empreendedoras que querem expandir suas empresas nacional e internacionalmente. Ser\u00e3o selecionadas 30 participantes que tenham um neg\u00f3cio formalizado focado na venda de produtos\u2026","rel":"","context":"In &quot;Blog&quot;","block_context":{"text":"Blog","link":"https:\/\/noticiasribeiraopreto.com.br\/index.php\/category\/blog\/"},"img":{"alt_text":"","src":"https:\/\/i0.wp.com\/noticiasribeiraopreto.com.br\/wp-content\/uploads\/2024\/06\/mulheres-empreendedoras-amazon-1-1024x683.jpg?fit=1024%2C683&ssl=1&resize=350%2C200","width":350,"height":200,"srcset":"https:\/\/i0.wp.com\/noticiasribeiraopreto.com.br\/wp-content\/uploads\/2024\/06\/mulheres-empreendedoras-amazon-1-1024x683.jpg?fit=1024%2C683&ssl=1&resize=350%2C200 1x, https:\/\/i0.wp.com\/noticiasribeiraopreto.com.br\/wp-content\/uploads\/2024\/06\/mulheres-empreendedoras-amazon-1-1024x683.jpg?fit=1024%2C683&ssl=1&resize=525%2C300 1.5x, https:\/\/i0.wp.com\/noticiasribeiraopreto.com.br\/wp-content\/uploads\/2024\/06\/mulheres-empreendedoras-amazon-1-1024x683.jpg?fit=1024%2C683&ssl=1&resize=700%2C400 2x"},"classes":[]},{"id":55487,"url":"https:\/\/noticiasribeiraopreto.com.br\/index.php\/2024\/08\/02\/itau-abre-inscricoes-para-programa-de-trainee-com-salario-de-r-8-mil\/","url_meta":{"origin":35894,"position":5},"title":"Ita\u00fa abre inscri\u00e7\u00f5es para programa de trainee com sal\u00e1rio de R$ 8 mil","author":"noticiasribeiraopreto.com.br","date":"2 de August de 2024","format":false,"excerpt":"Da reda\u00e7\u00e3oi Da reda\u00e7\u00e3o 02\/08\/2024 - 11:53 O Ita\u00fa Unibanco est\u00e1 com inscri\u00e7\u00f5es abertas para a edi\u00e7\u00e3o de 2025 do seu programa de trainee. Quem deseja participar tem at\u00e9 o dia 2 de setembro para se candidatar e fazer as avalia\u00e7\u00f5es de perfil e de habilidades online.O treinamento tem dura\u00e7\u00e3o\u2026","rel":"","context":"In &quot;Empregos - Classificados&quot;","block_context":{"text":"Empregos - Classificados","link":"https:\/\/noticiasribeiraopreto.com.br\/index.php\/category\/empregos-classificados-vagas-trabalho\/"},"img":{"alt_text":"","src":"https:\/\/i0.wp.com\/noticiasribeiraopreto.com.br\/wp-content\/uploads\/2024\/08\/tagreuters.com2024binary_LYNXMPEK65001-VIEWIMAGE.jpg?fit=450%2C309&ssl=1&resize=350%2C200","width":350,"height":200},"classes":[]}],"jetpack_sharing_enabled":true,"jetpack_shortlink":"https:\/\/wp.me\/peQAOb-9kW","_links":{"self":[{"href":"https:\/\/noticiasribeiraopreto.com.br\/index.php\/wp-json\/wp\/v2\/posts\/35894","targetHints":{"allow":["GET"]}}],"collection":[{"href":"https:\/\/noticiasribeiraopreto.com.br\/index.php\/wp-json\/wp\/v2\/posts"}],"about":[{"href":"https:\/\/noticiasribeiraopreto.com.br\/index.php\/wp-json\/wp\/v2\/types\/post"}],"author":[{"embeddable":true,"href":"https:\/\/noticiasribeiraopreto.com.br\/index.php\/wp-json\/wp\/v2\/users\/1"}],"replies":[{"embeddable":true,"href":"https:\/\/noticiasribeiraopreto.com.br\/index.php\/wp-json\/wp\/v2\/comments?post=35894"}],"version-history":[{"count":0,"href":"https:\/\/noticiasribeiraopreto.com.br\/index.php\/wp-json\/wp\/v2\/posts\/35894\/revisions"}],"wp:featuredmedia":[{"embeddable":true,"href":"https:\/\/noticiasribeiraopreto.com.br\/index.php\/wp-json\/wp\/v2\/media\/35895"}],"wp:attachment":[{"href":"https:\/\/noticiasribeiraopreto.com.br\/index.php\/wp-json\/wp\/v2\/media?parent=35894"}],"wp:term":[{"taxonomy":"category","embeddable":true,"href":"https:\/\/noticiasribeiraopreto.com.br\/index.php\/wp-json\/wp\/v2\/categories?post=35894"},{"taxonomy":"post_tag","embeddable":true,"href":"https:\/\/noticiasribeiraopreto.com.br\/index.php\/wp-json\/wp\/v2\/tags?post=35894"}],"curies":[{"name":"wp","href":"https:\/\/api.w.org\/{rel}","templated":true}]}}