{"id":35900,"date":"2024-02-07T20:06:59","date_gmt":"2024-02-07T23:06:59","guid":{"rendered":"https:\/\/noticiasribeiraopreto.com.br\/index.php\/2024\/02\/07\/santa-lydia-abre-processo-seletivo-com-salarios-de-ate-r-106-mil-veja-como-participar\/"},"modified":"2024-02-07T20:06:59","modified_gmt":"2024-02-07T23:06:59","slug":"santa-lydia-abre-processo-seletivo-com-salarios-de-ate-r-106-mil-veja-como-participar","status":"publish","type":"post","link":"https:\/\/noticiasribeiraopreto.com.br\/index.php\/2024\/02\/07\/santa-lydia-abre-processo-seletivo-com-salarios-de-ate-r-106-mil-veja-como-participar\/","title":{"rendered":"Santa Lydia abre processo seletivo com sal\u00e1rios de at\u00e9 R$ 10,6 mil; Veja como participar"},"content":{"rendered":"<div class='code-block code-block-1' style='margin: 8px 0 8px auto; text-align: right; display: block; clear: both;'>\n<p><a href=\"https:\/\/wa.link\/vpicfd\"><img data-recalc-dims=\"1\" class=\"wp-image-4922\" style=\"aspect-ratio: 2.0253164556962027; width: 561px; height: auto;\" src=\"https:\/\/i0.wp.com\/ismaelcolosi.com.br\/wp-content\/uploads\/2023\/11\/grupo-de-empregos-whatsapp-e-facebook-ismael-colosi-vagas.jpg?ssl=1\" alt=\"\" \/><\/a><\/p>\n<!-- \/wp:image -->\n<\/div>\n<p> <br \/>\n<\/p>\n<div data-td-block-uid=\"tdi_102\">\n<div class=\"tdb-block-inner td-fix-index\">\n<p>A<strong> Funda\u00e7\u00e3o Hospital Santa Lydia de Ribeir\u00e3o Preto <\/strong>abriu um novo processo seletivo com <strong>oito vagas<\/strong> de n\u00edvel fundamental, m\u00e9dio, superior e oportunidades para cadastro de reserva. <strong><mark style=\"background-color:#fcb900\" class=\"has-inline-color\">Os sal\u00e1rios variam entre R$ 1,4 mil e R$ 10,6 mil.<\/mark><\/strong><\/p>\n<h4 class=\"wp-block-heading\"><strong>Confira as vagas dispon\u00edveis<\/strong><\/h4>\n<ul>\n<li>Auxiliar de Consult\u00f3rio Dent\u00e1rio + CR<\/li>\n<\/ul>\n<ul>\n<li>T\u00e9cnico (A) de Enfermagem + CR<\/li>\n<\/ul>\n<ul>\n<li>Assistente Administrativo + CR<\/li>\n<\/ul>\n<ul>\n<li>M\u00e9dico Aten\u00e7\u00e3o B\u00e1sica \u2013 Cl\u00ednico Geral<\/li>\n<\/ul>\n<p>De acordo com o edital publicado no<strong> Di\u00e1rio Oficial do Munic\u00edpio<\/strong>, nesta quarta-feira (7), as vagas s\u00e3o para contrata\u00e7\u00e3o no regime <strong>CLT (Consolida\u00e7\u00e3o das Leis do Trabalho)<\/strong>.<\/p>\n<p>As inscri\u00e7\u00f5es devem ser realizadas at\u00e9 \u00e0s<strong> 16h do dia 19 de fevereiro de 2024<\/strong> pela internet (<a href=\"https:\/\/dedalus.selecao.net.br\/informacoes\/12646\/\" target=\"_blank\" rel=\"noreferrer noopener\">clique aqui<\/a>). A taxa de inscri\u00e7\u00e3o custa <strong>R$ 15,45<\/strong>. O edital completo pode ser conferido no site da <strong>D\u00e9dalus Concursos<\/strong> \u2013<a href=\"https:\/\/anexos.cdn.selecao.net.br\/uploads\/564\/concursos\/12646\/anexos\/3KkPsH7XLwsMdGXWkcuzJ41UKNXdngfNxOT4o5oX.pdf\" target=\"_blank\" rel=\"noreferrer noopener\"> clique aqui<\/a>.<\/p>\n<p>SAIBA MAIS<\/p>\n<p>Cohab abre venda de im\u00f3veis em Ribeir\u00e3o Preto; Veja como participar<\/p>\n<h4 class=\"wp-block-heading\"><strong><mark style=\"background-color:#fcb900\" class=\"has-inline-color\">FIQUE ON<\/mark><\/strong><\/h4>\n<p>Fique ligado em tudo que acontece em Ribeir\u00e3o Preto e regi\u00e3o. Siga os perfis do\u00a0<strong>acidade on<\/strong>\u00a0no\u00a0<a href=\"https:\/\/www.instagram.com\/acidadeonribeirao\" target=\"_blank\" rel=\"noreferrer noopener\">Instagram<\/a>\u00a0e no<a href=\"https:\/\/www.facebook.com\/acidadeonribeirao\" target=\"_blank\" rel=\"noreferrer noopener\">\u00a0Facebook<\/a>.<\/p>\n<p>Receba not\u00edcias do<strong>\u00a0acidade on<\/strong>\u00a0no WhatsApp.\u00a0<a href=\"https:\/\/chat.whatsapp.com\/Bnv2w66ZT4VDyZW3oiZ69n\" target=\"_blank\" rel=\"noreferrer noopener\">Para entrar no grupo, basta clicar aqui.<\/a><\/p>\n<p>Fa\u00e7a uma den\u00fancia ou sugira uma reportagem sobre Ribeir\u00e3o Preto e regi\u00e3o pelo WhatsApp: 16 99117 7802.<\/p>\n<p>VEJA TAMB\u00c9M<\/p>\n<p>Berinjela \u00e0 parmegiana; aprenda passo a passo de receita cl\u00e1ssica<\/p>\n<p><!-- AI CONTENT END 1 -->\n<\/div>\n<\/div>\n<p><script async src=\"\/\/www.instagram.com\/embed.js\"><\/script><br \/>\n<br \/><br \/>\n<br \/><a href=\"https:\/\/www.acidadeon.com\/ribeiraopreto\/economia\/santa-lydia-abre-processo-seletivo-com-salarios-ate-r-106-mil-veja-como-participar\/\">Source link <\/a><\/p>\n<!-- CONTENT END 1 -->\n","protected":false},"excerpt":{"rendered":"<p>A Funda\u00e7\u00e3o Hospital Santa Lydia de Ribeir\u00e3o Preto abriu um novo processo seletivo com oito vagas de n\u00edvel fundamental, m\u00e9dio, superior e oportunidades para cadastro&#8230;<\/p>\n","protected":false},"author":1,"featured_media":35901,"comment_status":"open","ping_status":"open","sticky":false,"template":"","format":"standard","meta":{"advanced_seo_description":"","jetpack_seo_html_title":"","jetpack_seo_noindex":false,"jetpack_post_was_ever_published":false,"_jetpack_newsletter_access":"","_jetpack_dont_email_post_to_subs":false,"_jetpack_newsletter_tier_id":0,"_jetpack_memberships_contains_paywalled_content":false,"_jetpack_memberships_contains_paid_content":false,"footnotes":"","jetpack_publicize_message":"","jetpack_publicize_feature_enabled":true,"jetpack_social_post_already_shared":true,"jetpack_social_options":{"image_generator_settings":{"template":"highway","default_image_id":0,"font":"","enabled":false},"version":2}},"categories":[11],"tags":[],"class_list":["post-35900","post","type-post","status-publish","format-standard","has-post-thumbnail","hentry","category-noticias-de-ribeirao-preto-sp-e-regiao-ismael-colosi"],"jetpack_publicize_connections":[],"jetpack_featured_media_url":"https:\/\/i0.wp.com\/noticiasribeiraopreto.com.br\/wp-content\/uploads\/2024\/02\/santa-lydia.jpg?fit=1620%2C1080&ssl=1","jetpack-related-posts":[{"id":17588,"url":"https:\/\/noticiasribeiraopreto.com.br\/index.php\/2023\/12\/18\/hospital-santa-lydia-abre-processo-seletivo-com-salarios-de-r-10-mil\/","url_meta":{"origin":35900,"position":0},"title":"Hospital Santa Lydia abre processo seletivo com sal\u00e1rios de R$ 10 mil","author":"noticiasribeiraopreto.com.br","date":"18 de December de 2023","format":false,"excerpt":"A Funda\u00e7\u00e3o Hospital Santa Lydia de Ribeir\u00e3o Preto abriu processo seletivo com seis vagas de n\u00edvel fundamental, m\u00e9dio e superior com sal\u00e1rios entre R$ 1,4 mil R$ 10,6 mil. Tamb\u00e9m h\u00e1 oportunidades para cadastro de reserva. As inscri\u00e7\u00f5es devem ser realizadas at\u00e9 o dia 15 de janeiro de 2024 pela\u2026","rel":"","context":"In &quot;Not\u00edcias de Ribeir\u00e3o Preto-SP e Regi\u00e3o&quot;","block_context":{"text":"Not\u00edcias de Ribeir\u00e3o Preto-SP e Regi\u00e3o","link":"https:\/\/noticiasribeiraopreto.com.br\/index.php\/category\/noticias-de-ribeirao-preto-sp-e-regiao-ismael-colosi\/"},"img":{"alt_text":"","src":"https:\/\/i0.wp.com\/noticiasribeiraopreto.com.br\/wp-content\/uploads\/2023\/12\/santa-lydia.jpg?fit=1200%2C800&ssl=1&resize=350%2C200","width":350,"height":200,"srcset":"https:\/\/i0.wp.com\/noticiasribeiraopreto.com.br\/wp-content\/uploads\/2023\/12\/santa-lydia.jpg?fit=1200%2C800&ssl=1&resize=350%2C200 1x, https:\/\/i0.wp.com\/noticiasribeiraopreto.com.br\/wp-content\/uploads\/2023\/12\/santa-lydia.jpg?fit=1200%2C800&ssl=1&resize=525%2C300 1.5x, https:\/\/i0.wp.com\/noticiasribeiraopreto.com.br\/wp-content\/uploads\/2023\/12\/santa-lydia.jpg?fit=1200%2C800&ssl=1&resize=700%2C400 2x, https:\/\/i0.wp.com\/noticiasribeiraopreto.com.br\/wp-content\/uploads\/2023\/12\/santa-lydia.jpg?fit=1200%2C800&ssl=1&resize=1050%2C600 3x"},"classes":[]},{"id":78178,"url":"https:\/\/noticiasribeiraopreto.com.br\/index.php\/2025\/10\/03\/hospital-santa-lydia-divulga-edital-de-processo-seletivo-com-salarios-de-ate-r-87-mil-veja-vagas\/","url_meta":{"origin":35900,"position":1},"title":"Hospital Santa Lydia divulga edital de processo seletivo com sal\u00e1rios de at\u00e9 R$ 8,7 mil; Veja vagas","author":"noticiasribeiraopreto.com.br","date":"3 de October de 2025","format":false,"excerpt":"A Funda\u00e7\u00e3o Hospital Santa Lydia de Ribeir\u00e3o Preto publicou, nesta sexta-feira (3), edital de processo seletivo para contrata\u00e7\u00e3o de profissionais de n\u00edvel m\u00e9dio e superior \u2013 veja as vagas abaixo. De acordo com o edital, s\u00e3o quatro vagas dispon\u00edveis, al\u00e9m de cadastro reserva. Os sal\u00e1rios variam entre R$ 3,1 mil\u2026","rel":"","context":"In &quot;Not\u00edcias de Ribeir\u00e3o Preto-SP e Regi\u00e3o&quot;","block_context":{"text":"Not\u00edcias de Ribeir\u00e3o Preto-SP e Regi\u00e3o","link":"https:\/\/noticiasribeiraopreto.com.br\/index.php\/category\/noticias-de-ribeirao-preto-sp-e-regiao-ismael-colosi\/"},"img":{"alt_text":"","src":"https:\/\/i0.wp.com\/noticiasribeiraopreto.com.br\/wp-content\/uploads\/2025\/10\/xandao_2025-10-03_20-26-49.webp.webp?fit=1200%2C800&ssl=1&resize=350%2C200","width":350,"height":200,"srcset":"https:\/\/i0.wp.com\/noticiasribeiraopreto.com.br\/wp-content\/uploads\/2025\/10\/xandao_2025-10-03_20-26-49.webp.webp?fit=1200%2C800&ssl=1&resize=350%2C200 1x, https:\/\/i0.wp.com\/noticiasribeiraopreto.com.br\/wp-content\/uploads\/2025\/10\/xandao_2025-10-03_20-26-49.webp.webp?fit=1200%2C800&ssl=1&resize=525%2C300 1.5x, https:\/\/i0.wp.com\/noticiasribeiraopreto.com.br\/wp-content\/uploads\/2025\/10\/xandao_2025-10-03_20-26-49.webp.webp?fit=1200%2C800&ssl=1&resize=700%2C400 2x, https:\/\/i0.wp.com\/noticiasribeiraopreto.com.br\/wp-content\/uploads\/2025\/10\/xandao_2025-10-03_20-26-49.webp.webp?fit=1200%2C800&ssl=1&resize=1050%2C600 3x"},"classes":[]},{"id":36154,"url":"https:\/\/noticiasribeiraopreto.com.br\/index.php\/2024\/02\/08\/373043-2\/","url_meta":{"origin":35900,"position":2},"title":"Santa Lydia abre processo seletivo para v\u00e1rios cargos","author":"noticiasribeiraopreto.com.br","date":"8 de February de 2024","format":false,"excerpt":"8 de fevereiro de 2024 | 16:008 de fevereiro de 2024 | 10:00 0A\u00a0Funda\u00e7\u00e3o Hospital Santa Lydia de Ribeir\u00e3o Preto\u00a0abriu um novo processo seletivo com\u00a0oito vagas de n\u00edvel fundamental, m\u00e9dio, superior e oportunidades para cadastro de reservaAs vagas s\u00e3o para auxiliar de limpeza, auxiliar de cozinha, auxiliar de consult\u00f3rio dent\u00e1rio,\u2026","rel":"","context":"In &quot;Not\u00edcias de Ribeir\u00e3o Preto-SP e Regi\u00e3o&quot;","block_context":{"text":"Not\u00edcias de Ribeir\u00e3o Preto-SP e Regi\u00e3o","link":"https:\/\/noticiasribeiraopreto.com.br\/index.php\/category\/noticias-de-ribeirao-preto-sp-e-regiao-ismael-colosi\/"},"img":{"alt_text":"","src":"https:\/\/i0.wp.com\/noticiasribeiraopreto.com.br\/wp-content\/uploads\/2024\/02\/4bcd3457-87f9-465f-9e63-cd7d2f8574a6-scaled.jpg?fit=967%2C645&ssl=1&resize=350%2C200","width":350,"height":200,"srcset":"https:\/\/i0.wp.com\/noticiasribeiraopreto.com.br\/wp-content\/uploads\/2024\/02\/4bcd3457-87f9-465f-9e63-cd7d2f8574a6-scaled.jpg?fit=967%2C645&ssl=1&resize=350%2C200 1x, https:\/\/i0.wp.com\/noticiasribeiraopreto.com.br\/wp-content\/uploads\/2024\/02\/4bcd3457-87f9-465f-9e63-cd7d2f8574a6-scaled.jpg?fit=967%2C645&ssl=1&resize=525%2C300 1.5x, https:\/\/i0.wp.com\/noticiasribeiraopreto.com.br\/wp-content\/uploads\/2024\/02\/4bcd3457-87f9-465f-9e63-cd7d2f8574a6-scaled.jpg?fit=967%2C645&ssl=1&resize=700%2C400 2x"},"classes":[]},{"id":57501,"url":"https:\/\/noticiasribeiraopreto.com.br\/index.php\/2024\/09\/02\/hospital-santa-lydia-de-ribeirao-tem-processo-seletivo-com-salarios-de-r-4-mil\/","url_meta":{"origin":35900,"position":3},"title":"Hospital Santa Lydia de Ribeir\u00e3o tem processo seletivo com sal\u00e1rios de R$ 4 mil","author":"noticiasribeiraopreto.com.br","date":"2 de September de 2024","format":false,"excerpt":"A Funda\u00e7\u00e3o Hospital Santa Lydia de Ribeir\u00e3o Preto publicou edital de processo seletivo simplificado para contrata\u00e7\u00e3o de profissionais de n\u00edvel fundamental, m\u00e9dio e superior nesta segunda-feira (2). Conforme a publica\u00e7\u00e3o no Di\u00e1rio Oficial do Munic\u00edpio, os candidatos ser\u00e3o escolhidos atrav\u00e9s de an\u00e1lise curricular para preenchimento de vagas tempor\u00e1rias. Os sal\u00e1rios\u2026","rel":"","context":"In &quot;Not\u00edcias de Ribeir\u00e3o Preto-SP e Regi\u00e3o&quot;","block_context":{"text":"Not\u00edcias de Ribeir\u00e3o Preto-SP e Regi\u00e3o","link":"https:\/\/noticiasribeiraopreto.com.br\/index.php\/category\/noticias-de-ribeirao-preto-sp-e-regiao-ismael-colosi\/"},"img":{"alt_text":"","src":"https:\/\/i0.wp.com\/noticiasribeiraopreto.com.br\/wp-content\/uploads\/2024\/09\/hospital_santa_1200x675_10022022125527.jpg?fit=1200%2C675&ssl=1&resize=350%2C200","width":350,"height":200,"srcset":"https:\/\/i0.wp.com\/noticiasribeiraopreto.com.br\/wp-content\/uploads\/2024\/09\/hospital_santa_1200x675_10022022125527.jpg?fit=1200%2C675&ssl=1&resize=350%2C200 1x, https:\/\/i0.wp.com\/noticiasribeiraopreto.com.br\/wp-content\/uploads\/2024\/09\/hospital_santa_1200x675_10022022125527.jpg?fit=1200%2C675&ssl=1&resize=525%2C300 1.5x, https:\/\/i0.wp.com\/noticiasribeiraopreto.com.br\/wp-content\/uploads\/2024\/09\/hospital_santa_1200x675_10022022125527.jpg?fit=1200%2C675&ssl=1&resize=700%2C400 2x, https:\/\/i0.wp.com\/noticiasribeiraopreto.com.br\/wp-content\/uploads\/2024\/09\/hospital_santa_1200x675_10022022125527.jpg?fit=1200%2C675&ssl=1&resize=1050%2C600 3x"},"classes":[]},{"id":62523,"url":"https:\/\/noticiasribeiraopreto.com.br\/index.php\/2025\/01\/16\/hospital-santa-lydia-abre-processo-seletivo-com-salarios-de-ate-r-73-mil\/","url_meta":{"origin":35900,"position":4},"title":"Hospital Santa Lydia abre processo seletivo com sal\u00e1rios de at\u00e9 R$ 7,3 mil","author":"noticiasribeiraopreto.com.br","date":"16 de January de 2025","format":false,"excerpt":"A Funda\u00e7\u00e3o Hospital Santa Lydia de Ribeir\u00e3o Preto publicou edital de processo seletivo para contrata\u00e7\u00e3o de profissionais de n\u00edvel fundamental, m\u00e9dio e superior. De acordo com o edital publicado nesta quinta-feira (16), s\u00e3o nove vagas dispon\u00edveis, al\u00e9m de cadastro reserva. Os sal\u00e1rios variam entre R$ 1,4 e R$ 7,3 mil.\u2026","rel":"","context":"In &quot;Not\u00edcias de Ribeir\u00e3o Preto-SP e Regi\u00e3o&quot;","block_context":{"text":"Not\u00edcias de Ribeir\u00e3o Preto-SP e Regi\u00e3o","link":"https:\/\/noticiasribeiraopreto.com.br\/index.php\/category\/noticias-de-ribeirao-preto-sp-e-regiao-ismael-colosi\/"},"img":{"alt_text":"","src":"https:\/\/i0.wp.com\/noticiasribeiraopreto.com.br\/wp-content\/uploads\/2025\/01\/santa-lydia.jpg?fit=1200%2C800&ssl=1&resize=350%2C200","width":350,"height":200,"srcset":"https:\/\/i0.wp.com\/noticiasribeiraopreto.com.br\/wp-content\/uploads\/2025\/01\/santa-lydia.jpg?fit=1200%2C800&ssl=1&resize=350%2C200 1x, https:\/\/i0.wp.com\/noticiasribeiraopreto.com.br\/wp-content\/uploads\/2025\/01\/santa-lydia.jpg?fit=1200%2C800&ssl=1&resize=525%2C300 1.5x, https:\/\/i0.wp.com\/noticiasribeiraopreto.com.br\/wp-content\/uploads\/2025\/01\/santa-lydia.jpg?fit=1200%2C800&ssl=1&resize=700%2C400 2x, https:\/\/i0.wp.com\/noticiasribeiraopreto.com.br\/wp-content\/uploads\/2025\/01\/santa-lydia.jpg?fit=1200%2C800&ssl=1&resize=1050%2C600 3x"},"classes":[]},{"id":48033,"url":"https:\/\/noticiasribeiraopreto.com.br\/index.php\/2024\/04\/30\/hospital-santa-lydia-abre-processo-seletivo-emergencial-em-ribeirao-veja-as-vagas\/","url_meta":{"origin":35900,"position":5},"title":"Hospital Santa Lydia abre processo seletivo emergencial em Ribeir\u00e3o; Veja as vagas","author":"noticiasribeiraopreto.com.br","date":"30 de April de 2024","format":false,"excerpt":"A Funda\u00e7\u00e3o Hospital Santa Lydia de Ribeir\u00e3o Preto abriu um processo seletivo emergencial com duas vagas de n\u00edvel m\u00e9dio e t\u00e9cnico com sal\u00e1rios que variam de R$ 1,4 mil e R$ 2,3 mil. Os interessados em participar da sele\u00e7\u00e3o devem se inscrever at\u00e9 \u00e0s 16h do dia 13 de maio\u2026","rel":"","context":"In &quot;Not\u00edcias de Ribeir\u00e3o Preto-SP e Regi\u00e3o&quot;","block_context":{"text":"Not\u00edcias de Ribeir\u00e3o Preto-SP e Regi\u00e3o","link":"https:\/\/noticiasribeiraopreto.com.br\/index.php\/category\/noticias-de-ribeirao-preto-sp-e-regiao-ismael-colosi\/"},"img":{"alt_text":"","src":"https:\/\/i0.wp.com\/noticiasribeiraopreto.com.br\/wp-content\/uploads\/2024\/04\/Hospital-Santa-Lydia.jpg?fit=1200%2C799&ssl=1&resize=350%2C200","width":350,"height":200,"srcset":"https:\/\/i0.wp.com\/noticiasribeiraopreto.com.br\/wp-content\/uploads\/2024\/04\/Hospital-Santa-Lydia.jpg?fit=1200%2C799&ssl=1&resize=350%2C200 1x, https:\/\/i0.wp.com\/noticiasribeiraopreto.com.br\/wp-content\/uploads\/2024\/04\/Hospital-Santa-Lydia.jpg?fit=1200%2C799&ssl=1&resize=525%2C300 1.5x, https:\/\/i0.wp.com\/noticiasribeiraopreto.com.br\/wp-content\/uploads\/2024\/04\/Hospital-Santa-Lydia.jpg?fit=1200%2C799&ssl=1&resize=700%2C400 2x, https:\/\/i0.wp.com\/noticiasribeiraopreto.com.br\/wp-content\/uploads\/2024\/04\/Hospital-Santa-Lydia.jpg?fit=1200%2C799&ssl=1&resize=1050%2C600 3x"},"classes":[]}],"jetpack_sharing_enabled":true,"jetpack_shortlink":"https:\/\/wp.me\/peQAOb-9l2","_links":{"self":[{"href":"https:\/\/noticiasribeiraopreto.com.br\/index.php\/wp-json\/wp\/v2\/posts\/35900","targetHints":{"allow":["GET"]}}],"collection":[{"href":"https:\/\/noticiasribeiraopreto.com.br\/index.php\/wp-json\/wp\/v2\/posts"}],"about":[{"href":"https:\/\/noticiasribeiraopreto.com.br\/index.php\/wp-json\/wp\/v2\/types\/post"}],"author":[{"embeddable":true,"href":"https:\/\/noticiasribeiraopreto.com.br\/index.php\/wp-json\/wp\/v2\/users\/1"}],"replies":[{"embeddable":true,"href":"https:\/\/noticiasribeiraopreto.com.br\/index.php\/wp-json\/wp\/v2\/comments?post=35900"}],"version-history":[{"count":0,"href":"https:\/\/noticiasribeiraopreto.com.br\/index.php\/wp-json\/wp\/v2\/posts\/35900\/revisions"}],"wp:featuredmedia":[{"embeddable":true,"href":"https:\/\/noticiasribeiraopreto.com.br\/index.php\/wp-json\/wp\/v2\/media\/35901"}],"wp:attachment":[{"href":"https:\/\/noticiasribeiraopreto.com.br\/index.php\/wp-json\/wp\/v2\/media?parent=35900"}],"wp:term":[{"taxonomy":"category","embeddable":true,"href":"https:\/\/noticiasribeiraopreto.com.br\/index.php\/wp-json\/wp\/v2\/categories?post=35900"},{"taxonomy":"post_tag","embeddable":true,"href":"https:\/\/noticiasribeiraopreto.com.br\/index.php\/wp-json\/wp\/v2\/tags?post=35900"}],"curies":[{"name":"wp","href":"https:\/\/api.w.org\/{rel}","templated":true}]}}