{"id":36318,"date":"2024-02-09T08:48:44","date_gmt":"2024-02-09T11:48:44","guid":{"rendered":"https:\/\/noticiasribeiraopreto.com.br\/index.php\/2024\/02\/09\/procon-sp-abre-inscricoes-para-estagio\/"},"modified":"2024-02-09T08:48:44","modified_gmt":"2024-02-09T11:48:44","slug":"procon-sp-abre-inscricoes-para-estagio","status":"publish","type":"post","link":"https:\/\/noticiasribeiraopreto.com.br\/index.php\/2024\/02\/09\/procon-sp-abre-inscricoes-para-estagio\/","title":{"rendered":"Procon-SP abre inscri\u00e7\u00f5es para est\u00e1gio"},"content":{"rendered":"<div class='code-block code-block-1' style='margin: 8px 0 8px auto; text-align: right; display: block; clear: both;'>\n<p><a href=\"https:\/\/wa.link\/vpicfd\"><img data-recalc-dims=\"1\" class=\"wp-image-4922\" style=\"aspect-ratio: 2.0253164556962027; width: 561px; height: auto;\" src=\"https:\/\/i0.wp.com\/ismaelcolosi.com.br\/wp-content\/uploads\/2023\/11\/grupo-de-empregos-whatsapp-e-facebook-ismael-colosi-vagas.jpg?ssl=1\" alt=\"\" \/><\/a><\/p>\n<!-- \/wp:image -->\n<\/div>\n<p> <br \/>\n<\/p>\n<div id=\"\">\n<div class=\"content-infos\">\n<div class=\"texts\">\n<p class=\"author tooltip-comp\"> Da reda\u00e7\u00e3o<span class=\"icon-i\">i<\/span><span class=\"tooltiptext\"> <span class=\"author\"><span>Da reda\u00e7\u00e3o<\/span> <\/span><span class=\"desc\"\/> <\/span><\/p>\n<p>09\/02\/2024 &#8211; 8:25<\/p>\n<\/div>\n<div id=\"share-modal\" class=\"share-modal\"> <button class=\"box-close btn-share\"> <img decoding=\"async\" src=\"https:\/\/istoedinheiro.com.br\/wp-content\/themes\/dinheiro-wp-theme\/assets\/img\/svg\/closeIcon.svg?x46096\" alt=\"Close icon\" class=\"close-btn lazy\"\/> <\/button><\/div>\n<\/p><\/div>\n<p><span style=\"font-weight: 400\">O Procon-SP, atrav\u00e9s do Centro de Integra\u00e7\u00e3o Empresa Escola \u2013 CIEE, vai abrir inscri\u00e7\u00f5es online para processo seletivo de est\u00e1gio para forma\u00e7\u00e3o de cadastro de reserva tanto para a Capital quanto para o Interior e Litoral. As inscri\u00e7\u00f5es ser\u00e3o somente pela internet diretamente no site do CIEE entre 08 e 28\/02.<\/span><\/p>\n<p><span style=\"font-weight: 400\">As vagas para a Capital s\u00e3o destinadas a estudantes matriculados no ensino m\u00e9dio e superior nos cursos de administra\u00e7\u00e3o; ci\u00eancias da computa\u00e7\u00e3o; an\u00e1lise de sistemas; comunica\u00e7\u00e3o social \u2013 publicidade e propaganda; marketing; design gr\u00e1fico; direito; estat\u00edstica; gest\u00e3o p\u00fablica; log\u00edstica; rela\u00e7\u00f5es p\u00fablicas e web design. No Interior, as vagas s\u00e3o para estudantes do ensino m\u00e9dio nas cidades de Campinas, Presidente Prudente, Ribeir\u00e3o Preto, Santos e S\u00e3o Jos\u00e9 do Rio Preto.<\/span><\/p>\n<p><strong>+Carnaval mais caro: pre\u00e7o da cerveja aumentou 5,29% em 2023; veja outros itens da folia que subiram<\/strong><\/p>\n<p><span style=\"font-weight: 400\">As jornadas s\u00e3o de 20 a 30 horas semanais de est\u00e1gio com bolsa-aux\u00edlio entre R$ 475,05 e R$ 937,59, al\u00e9m de aux\u00edlio-transporte de R$ 8,80 por dia. Como forma de classifica\u00e7\u00e3o, os concorrentes ser\u00e3o avaliados por meio de prova online com quest\u00f5es de portugu\u00eas e de conhecimentos gerais.<\/span><\/p>\n<p><span style=\"font-weight: 400\">Mais informa\u00e7\u00f5es e <a href=\"https:\/\/pp.ciee.org.br\/vitrine\/11950\/detalhe\" rel=\"nofollow noopener\" target=\"_blank\"><strong>inscri\u00e7\u00f5es no site do CIEE.<\/strong><\/a><\/span><\/p>\n<section data-hb-type=\"ads\" name=\"adsMateria\" data-hb-position=\"after-content\" data-hb-provider=\"\">\n<hr\/>\n<\/section>\n<div id=\"share-modal\" class=\"share-modal\"> <button class=\"box-close btn-share\"> <img decoding=\"async\" src=\"https:\/\/istoedinheiro.com.br\/wp-content\/themes\/dinheiro-wp-theme\/assets\/img\/svg\/closeIcon.svg?x46096\" alt=\"Close icon\" class=\"close-btn lazy\"\/> <\/button><\/div>\n<\/p><\/div>\n<p><script>!function(f,b,e,v,n,t,s){if(f.fbq)return;n=f.fbq=function(){n.callMethod?n.callMethod.apply(n,arguments):n.queue.push(arguments)};if(!f._fbq)f._fbq=n;n.push=n;n.loaded=!0;n.version='2.0';n.queue=[];t=b.createElement(e);t.async=!0;t.src=v;s=b.getElementsByTagName(e)[0];s.parentNode.insertBefore(t,s)}(window,document,'script','<\/script><br \/>\n<br \/><br \/>\n<br \/><a href=\"https:\/\/istoedinheiro.com.br\/procon-sp-abre-inscricoes-para-estagio\/\">Source link <\/a><\/p>\n<!-- CONTENT END 1 -->\n","protected":false},"excerpt":{"rendered":"<p>Da reda\u00e7\u00e3oi Da reda\u00e7\u00e3o 09\/02\/2024 &#8211; 8:25 O Procon-SP, atrav\u00e9s do Centro de Integra\u00e7\u00e3o Empresa Escola \u2013 CIEE, vai abrir inscri\u00e7\u00f5es online para processo seletivo&#8230;<\/p>\n","protected":false},"author":1,"featured_media":36319,"comment_status":"open","ping_status":"open","sticky":false,"template":"","format":"standard","meta":{"advanced_seo_description":"","jetpack_seo_html_title":"","jetpack_seo_noindex":false,"jetpack_post_was_ever_published":false,"_jetpack_newsletter_access":"","_jetpack_dont_email_post_to_subs":false,"_jetpack_newsletter_tier_id":0,"_jetpack_memberships_contains_paywalled_content":false,"_jetpack_memberships_contains_paid_content":false,"footnotes":"","jetpack_publicize_message":"","jetpack_publicize_feature_enabled":true,"jetpack_social_post_already_shared":true,"jetpack_social_options":{"image_generator_settings":{"template":"highway","default_image_id":0,"font":"","enabled":false},"version":2}},"categories":[3598],"tags":[],"class_list":["post-36318","post","type-post","status-publish","format-standard","has-post-thumbnail","hentry","category-empregos-classificados-vagas-trabalho"],"jetpack_publicize_connections":[],"jetpack_featured_media_url":"https:\/\/i0.wp.com\/noticiasribeiraopreto.com.br\/wp-content\/uploads\/2024\/02\/atendimentopessoal-1024x684-1.jpeg?fit=1024%2C684&ssl=1","jetpack-related-posts":[{"id":35543,"url":"https:\/\/noticiasribeiraopreto.com.br\/index.php\/2024\/02\/06\/procon-sp-tem-processo-seletivo-de-estagio-com-vagas-em-ribeirao-preto\/","url_meta":{"origin":36318,"position":0},"title":"Procon-SP tem processo seletivo de est\u00e1gio com vagas em Ribeir\u00e3o Preto","author":"noticiasribeiraopreto.com.br","date":"6 de February de 2024","format":false,"excerpt":"O Procon-SP abriu processo seletivo para contrata\u00e7\u00e3o de estagi\u00e1rios com vagas em todo o Estado de S\u00e3o Paulo, incluindo Ribeir\u00e3o Preto. As oportunidades s\u00e3o para estudantes de n\u00edvel m\u00e9dio e superior. As inscri\u00e7\u00f5es dever\u00e3o ser realizadas pela internet, no site do Ciee (clique aqui), no per\u00edodo entre 8 e 28\u2026","rel":"","context":"In &quot;Not\u00edcias de Ribeir\u00e3o Preto-SP e Regi\u00e3o&quot;","block_context":{"text":"Not\u00edcias de Ribeir\u00e3o Preto-SP e Regi\u00e3o","link":"https:\/\/noticiasribeiraopreto.com.br\/index.php\/category\/noticias-de-ribeirao-preto-sp-e-regiao-ismael-colosi\/"},"img":{"alt_text":"","src":"https:\/\/i0.wp.com\/noticiasribeiraopreto.com.br\/wp-content\/uploads\/2024\/02\/estagio.jpg?fit=1200%2C800&ssl=1&resize=350%2C200","width":350,"height":200,"srcset":"https:\/\/i0.wp.com\/noticiasribeiraopreto.com.br\/wp-content\/uploads\/2024\/02\/estagio.jpg?fit=1200%2C800&ssl=1&resize=350%2C200 1x, https:\/\/i0.wp.com\/noticiasribeiraopreto.com.br\/wp-content\/uploads\/2024\/02\/estagio.jpg?fit=1200%2C800&ssl=1&resize=525%2C300 1.5x, https:\/\/i0.wp.com\/noticiasribeiraopreto.com.br\/wp-content\/uploads\/2024\/02\/estagio.jpg?fit=1200%2C800&ssl=1&resize=700%2C400 2x, https:\/\/i0.wp.com\/noticiasribeiraopreto.com.br\/wp-content\/uploads\/2024\/02\/estagio.jpg?fit=1200%2C800&ssl=1&resize=1050%2C600 3x"},"classes":[]},{"id":81444,"url":"https:\/\/noticiasribeiraopreto.com.br\/index.php\/2026\/01\/06\/procon-sp-abre-processo-seletivo-com-vagas-em-ribeirao-preto\/","url_meta":{"origin":36318,"position":1},"title":"Procon-SP abre processo seletivo com vagas em Ribeir\u00e3o Preto","author":"noticiasribeiraopreto.com.br","date":"6 de January de 2026","format":false,"excerpt":"O Procon-SP abriu processo seletivo para contrata\u00e7\u00e3o de estagi\u00e1rios em parceria com o Centro de Integra\u00e7\u00e3o Empresa-Escola (Ciee). As oportunidades atendem a sede do \u00f3rg\u00e3o, na capital paulista, e os escrit\u00f3rios regionais, incluindo Ribeir\u00e3o Preto, al\u00e9m de Bauru, Campinas, Presidente Prudente, Santos, S\u00e3o Jos\u00e9 dos Campos, S\u00e3o Jos\u00e9 do Rio\u2026","rel":"","context":"In &quot;Not\u00edcias de Ribeir\u00e3o Preto-SP e Regi\u00e3o&quot;","block_context":{"text":"Not\u00edcias de Ribeir\u00e3o Preto-SP e Regi\u00e3o","link":"https:\/\/noticiasribeiraopreto.com.br\/index.php\/category\/noticias-de-ribeirao-preto-sp-e-regiao-ismael-colosi\/"},"img":{"alt_text":"","src":"https:\/\/i0.wp.com\/noticiasribeiraopreto.com.br\/wp-content\/uploads\/2025\/10\/Copia-de-Copia-de-Copia-de-TAMANHO-EXATO-PARA-FOTOS-NO-SISTEMA-NOVO-2025-10-23T165559.432_2025-10-23_19-56-21.webp.webp?fit=1200%2C675&ssl=1&resize=350%2C200","width":350,"height":200,"srcset":"https:\/\/i0.wp.com\/noticiasribeiraopreto.com.br\/wp-content\/uploads\/2025\/10\/Copia-de-Copia-de-Copia-de-TAMANHO-EXATO-PARA-FOTOS-NO-SISTEMA-NOVO-2025-10-23T165559.432_2025-10-23_19-56-21.webp.webp?fit=1200%2C675&ssl=1&resize=350%2C200 1x, https:\/\/i0.wp.com\/noticiasribeiraopreto.com.br\/wp-content\/uploads\/2025\/10\/Copia-de-Copia-de-Copia-de-TAMANHO-EXATO-PARA-FOTOS-NO-SISTEMA-NOVO-2025-10-23T165559.432_2025-10-23_19-56-21.webp.webp?fit=1200%2C675&ssl=1&resize=525%2C300 1.5x, https:\/\/i0.wp.com\/noticiasribeiraopreto.com.br\/wp-content\/uploads\/2025\/10\/Copia-de-Copia-de-Copia-de-TAMANHO-EXATO-PARA-FOTOS-NO-SISTEMA-NOVO-2025-10-23T165559.432_2025-10-23_19-56-21.webp.webp?fit=1200%2C675&ssl=1&resize=700%2C400 2x, https:\/\/i0.wp.com\/noticiasribeiraopreto.com.br\/wp-content\/uploads\/2025\/10\/Copia-de-Copia-de-Copia-de-TAMANHO-EXATO-PARA-FOTOS-NO-SISTEMA-NOVO-2025-10-23T165559.432_2025-10-23_19-56-21.webp.webp?fit=1200%2C675&ssl=1&resize=1050%2C600 3x"},"classes":[]},{"id":55398,"url":"https:\/\/noticiasribeiraopreto.com.br\/index.php\/2024\/08\/01\/procon-abre-processo-seletivo-para-estudantes-do-interior-de-sp-vejas-as-cidades\/","url_meta":{"origin":36318,"position":2},"title":"Procon abre processo seletivo para estudantes do interior de SP; Vejas as cidades","author":"noticiasribeiraopreto.com.br","date":"1 de August de 2024","format":false,"excerpt":"O Procon do Estado de S\u00e3o Paulo est\u00e1 com inscri\u00e7\u00f5es abertas para processo seletivo destinado a estudantes do ensino m\u00e9dio e superior, com vagas, para cadastro reserva, na capital e no interior de S\u00e3o Paulo, incluindo Ribeir\u00e3o Preto. Os interessados devem se inscrever, exclusivamente, pelo site do CIEE (clique aqui)\u2026","rel":"","context":"In &quot;Not\u00edcias de Ribeir\u00e3o Preto-SP e Regi\u00e3o&quot;","block_context":{"text":"Not\u00edcias de Ribeir\u00e3o Preto-SP e Regi\u00e3o","link":"https:\/\/noticiasribeiraopreto.com.br\/index.php\/category\/noticias-de-ribeirao-preto-sp-e-regiao-ismael-colosi\/"},"img":{"alt_text":"","src":"https:\/\/i0.wp.com\/noticiasribeiraopreto.com.br\/wp-content\/uploads\/2024\/08\/Copia-de-Copia-de-TAMANHO-EXATO-PARA-FOTOS-NO-SISTEMA-NOVO-20_2024-08-01_16-32-51_jpg_2024-08-01_16-32-51.webp.webp?fit=1200%2C675&ssl=1&resize=350%2C200","width":350,"height":200,"srcset":"https:\/\/i0.wp.com\/noticiasribeiraopreto.com.br\/wp-content\/uploads\/2024\/08\/Copia-de-Copia-de-TAMANHO-EXATO-PARA-FOTOS-NO-SISTEMA-NOVO-20_2024-08-01_16-32-51_jpg_2024-08-01_16-32-51.webp.webp?fit=1200%2C675&ssl=1&resize=350%2C200 1x, https:\/\/i0.wp.com\/noticiasribeiraopreto.com.br\/wp-content\/uploads\/2024\/08\/Copia-de-Copia-de-TAMANHO-EXATO-PARA-FOTOS-NO-SISTEMA-NOVO-20_2024-08-01_16-32-51_jpg_2024-08-01_16-32-51.webp.webp?fit=1200%2C675&ssl=1&resize=525%2C300 1.5x, https:\/\/i0.wp.com\/noticiasribeiraopreto.com.br\/wp-content\/uploads\/2024\/08\/Copia-de-Copia-de-TAMANHO-EXATO-PARA-FOTOS-NO-SISTEMA-NOVO-20_2024-08-01_16-32-51_jpg_2024-08-01_16-32-51.webp.webp?fit=1200%2C675&ssl=1&resize=700%2C400 2x, https:\/\/i0.wp.com\/noticiasribeiraopreto.com.br\/wp-content\/uploads\/2024\/08\/Copia-de-Copia-de-TAMANHO-EXATO-PARA-FOTOS-NO-SISTEMA-NOVO-20_2024-08-01_16-32-51_jpg_2024-08-01_16-32-51.webp.webp?fit=1200%2C675&ssl=1&resize=1050%2C600 3x"},"classes":[]},{"id":20906,"url":"https:\/\/noticiasribeiraopreto.com.br\/index.php\/2023\/12\/26\/inscricoes-para-o-processo-seletivo-inss-vao-ate-domingo-31-sao-16-mil-vagas-ofertadas-2\/","url_meta":{"origin":36318,"position":3},"title":"Inscri\u00e7\u00f5es para o processo seletivo INSS v\u00e3o at\u00e9 domingo (31); s\u00e3o 1,6 mil vagas ofertadas","author":"noticiasribeiraopreto.com.br","date":"26 de December de 2023","format":false,"excerpt":"Ainda est\u00e3o abertas as inscri\u00e7\u00f5es para o processo seletivo do Instituto Nacional do Seguro Social (INSS), que oferece 1,6 mil vagas para est\u00e1gio, voltado para estudantes do ensino m\u00e9dio, t\u00e9cnico e superior para diversas \u00e1reas. As vagas est\u00e3o distribu\u00eddas em diversas regi\u00f5es do pa\u00eds. Interessados podem se inscrever at\u00e9 o\u2026","rel":"","context":"In &quot;Vagas de Emprego em Ribeir\u00e3o Preto-SP&quot;","block_context":{"text":"Vagas de Emprego em Ribeir\u00e3o Preto-SP","link":"https:\/\/noticiasribeiraopreto.com.br\/index.php\/category\/empregos-classificados-vagas-trabalho\/vagas-de-empregos-em-ribeirao-preto-regiao-brasil\/"},"img":{"alt_text":"Adicionar no Google Agenda","src":"https:\/\/i0.wp.com\/jcconcursos.com.br\/static\/img\/google_calendar_v2.jpg?resize=350%2C200&ssl=1","width":350,"height":200},"classes":[]},{"id":50005,"url":"https:\/\/noticiasribeiraopreto.com.br\/index.php\/2024\/05\/14\/novo-estagio-caixa-2024-comeca-hoje-inscricoes-para-processo-seletivo-com-vagas-para-nivel-medio-tecnico-e-superior-veja-como-se-inscrever\/","url_meta":{"origin":36318,"position":4},"title":"Novo Est\u00e1gio Caixa 2024: Come\u00e7a HOJE inscri\u00e7\u00f5es para processo seletivo com vagas para n\u00edvel m\u00e9dio, t\u00e9cnico e superior; Veja como se inscrever","author":"noticiasribeiraopreto.com.br","date":"14 de May de 2024","format":false,"excerpt":"A Caixa Econ\u00f4mica Federal (CEF) divulgou o edital de abertura de sua sele\u00e7\u00e3o de novos talentos, incluindo vagas para candidatos de n\u00edvel m\u00e9dio, t\u00e9cnico e superior em diversas \u00e1reas do conhecimento. O per\u00edodo de inscri\u00e7\u00f5es para as oportunidades no processo seletivo da Caixa ser\u00e1 aberto apartir de hoje (Ter\u00e7a-Feira), 14\u2026","rel":"","context":"In &quot;Empregos - Classificados&quot;","block_context":{"text":"Empregos - Classificados","link":"https:\/\/noticiasribeiraopreto.com.br\/index.php\/category\/empregos-classificados-vagas-trabalho\/"},"img":{"alt_text":"","src":"https:\/\/i0.wp.com\/noticiasribeiraopreto.com.br\/wp-content\/uploads\/2024\/05\/estagio.webp.webp?fit=1200%2C630&ssl=1&resize=350%2C200","width":350,"height":200,"srcset":"https:\/\/i0.wp.com\/noticiasribeiraopreto.com.br\/wp-content\/uploads\/2024\/05\/estagio.webp.webp?fit=1200%2C630&ssl=1&resize=350%2C200 1x, https:\/\/i0.wp.com\/noticiasribeiraopreto.com.br\/wp-content\/uploads\/2024\/05\/estagio.webp.webp?fit=1200%2C630&ssl=1&resize=525%2C300 1.5x, https:\/\/i0.wp.com\/noticiasribeiraopreto.com.br\/wp-content\/uploads\/2024\/05\/estagio.webp.webp?fit=1200%2C630&ssl=1&resize=700%2C400 2x, https:\/\/i0.wp.com\/noticiasribeiraopreto.com.br\/wp-content\/uploads\/2024\/05\/estagio.webp.webp?fit=1200%2C630&ssl=1&resize=1050%2C600 3x"},"classes":[]},{"id":14528,"url":"https:\/\/noticiasribeiraopreto.com.br\/index.php\/2023\/12\/12\/mutirao-do-ciee-tem-5-mil-vagas-de-estagio-no-rio-de-janeiro\/","url_meta":{"origin":36318,"position":5},"title":"Mutir\u00e3o do CIEE tem 5 mil vagas de est\u00e1gio no Rio de Janeiro","author":"noticiasribeiraopreto.com.br","date":"12 de December de 2023","format":false,"excerpt":"O Centro de Integra\u00e7\u00e3o Empresa no Rio de Janeiro (CIEE) oferece cinco mil vagas extras de est\u00e1gio para jovens estudantes de qualquer \u00e1rea de forma\u00e7\u00e3o a partir do segundo per\u00edodo da faculdade. O Mutir\u00e3o do CIEE acontece nesta ter\u00e7a-feira, 12, na esta\u00e7\u00e3o Carioca\/Centro do Metr\u00f4Rio. Cr\u00e9ditos: Divulga\u00e7\u00e3oMutir\u00e3o do CIEE tem\u2026","rel":"","context":"In &quot;Variedades&quot;","block_context":{"text":"Variedades","link":"https:\/\/noticiasribeiraopreto.com.br\/index.php\/category\/variedades\/"},"img":{"alt_text":"","src":"https:\/\/i0.wp.com\/noticiasribeiraopreto.com.br\/wp-content\/uploads\/2023\/12\/curso-gratuito-ciee-rj.jpg?fit=1200%2C638&ssl=1&resize=350%2C200","width":350,"height":200,"srcset":"https:\/\/i0.wp.com\/noticiasribeiraopreto.com.br\/wp-content\/uploads\/2023\/12\/curso-gratuito-ciee-rj.jpg?fit=1200%2C638&ssl=1&resize=350%2C200 1x, https:\/\/i0.wp.com\/noticiasribeiraopreto.com.br\/wp-content\/uploads\/2023\/12\/curso-gratuito-ciee-rj.jpg?fit=1200%2C638&ssl=1&resize=525%2C300 1.5x, https:\/\/i0.wp.com\/noticiasribeiraopreto.com.br\/wp-content\/uploads\/2023\/12\/curso-gratuito-ciee-rj.jpg?fit=1200%2C638&ssl=1&resize=700%2C400 2x, https:\/\/i0.wp.com\/noticiasribeiraopreto.com.br\/wp-content\/uploads\/2023\/12\/curso-gratuito-ciee-rj.jpg?fit=1200%2C638&ssl=1&resize=1050%2C600 3x"},"classes":[]}],"jetpack_sharing_enabled":true,"jetpack_shortlink":"https:\/\/wp.me\/peQAOb-9rM","_links":{"self":[{"href":"https:\/\/noticiasribeiraopreto.com.br\/index.php\/wp-json\/wp\/v2\/posts\/36318","targetHints":{"allow":["GET"]}}],"collection":[{"href":"https:\/\/noticiasribeiraopreto.com.br\/index.php\/wp-json\/wp\/v2\/posts"}],"about":[{"href":"https:\/\/noticiasribeiraopreto.com.br\/index.php\/wp-json\/wp\/v2\/types\/post"}],"author":[{"embeddable":true,"href":"https:\/\/noticiasribeiraopreto.com.br\/index.php\/wp-json\/wp\/v2\/users\/1"}],"replies":[{"embeddable":true,"href":"https:\/\/noticiasribeiraopreto.com.br\/index.php\/wp-json\/wp\/v2\/comments?post=36318"}],"version-history":[{"count":0,"href":"https:\/\/noticiasribeiraopreto.com.br\/index.php\/wp-json\/wp\/v2\/posts\/36318\/revisions"}],"wp:featuredmedia":[{"embeddable":true,"href":"https:\/\/noticiasribeiraopreto.com.br\/index.php\/wp-json\/wp\/v2\/media\/36319"}],"wp:attachment":[{"href":"https:\/\/noticiasribeiraopreto.com.br\/index.php\/wp-json\/wp\/v2\/media?parent=36318"}],"wp:term":[{"taxonomy":"category","embeddable":true,"href":"https:\/\/noticiasribeiraopreto.com.br\/index.php\/wp-json\/wp\/v2\/categories?post=36318"},{"taxonomy":"post_tag","embeddable":true,"href":"https:\/\/noticiasribeiraopreto.com.br\/index.php\/wp-json\/wp\/v2\/tags?post=36318"}],"curies":[{"name":"wp","href":"https:\/\/api.w.org\/{rel}","templated":true}]}}