{"id":36322,"date":"2024-02-09T09:20:16","date_gmt":"2024-02-09T12:20:16","guid":{"rendered":"https:\/\/noticiasribeiraopreto.com.br\/index.php\/2024\/02\/09\/k-9-localiza-droga-enterrada-em-terreno-da-zona-norte\/"},"modified":"2024-02-09T09:20:16","modified_gmt":"2024-02-09T12:20:16","slug":"k-9-localiza-droga-enterrada-em-terreno-da-zona-norte","status":"publish","type":"post","link":"https:\/\/noticiasribeiraopreto.com.br\/index.php\/2024\/02\/09\/k-9-localiza-droga-enterrada-em-terreno-da-zona-norte\/","title":{"rendered":"K-9 localiza droga enterrada em terreno da zona Norte"},"content":{"rendered":"<div class='code-block code-block-1' style='margin: 8px 0 8px auto; text-align: right; display: block; clear: both;'>\n<p><a href=\"https:\/\/wa.link\/vpicfd\"><img data-recalc-dims=\"1\" class=\"wp-image-4922\" style=\"aspect-ratio: 2.0253164556962027; width: 561px; height: auto;\" src=\"https:\/\/i0.wp.com\/ismaelcolosi.com.br\/wp-content\/uploads\/2023\/11\/grupo-de-empregos-whatsapp-e-facebook-ismael-colosi-vagas.jpg?ssl=1\" alt=\"\" \/><\/a><\/p>\n<!-- \/wp:image -->\n<\/div>\n<p> <br \/>\n<\/p>\n<div id=\"post-373187\">\n<header class=\"entry-header penci-entry-header penci-title-center\">\n<h2 class=\"penci-post-subtitle\">Tonel escondia tijolos de maconha e centenas de por\u00e7\u00f5es de drogas<\/h2>\n<p> <span class=\"entry-meta-item penci-posted-on\"><i class=\"fa fa-clock-o\"\/><time class=\"entry-date published updated\" datetime=\"2024-02-09T09:05:10-03:00\">9 de fevereiro de 2024 | 9:05<\/time><\/span><\/p>\n<p> <span class=\"penci-social-buttons penci-social-share-footer\"><a href=\"#\" class=\"penci-post-like penci_post-meta_item  single-like-button penci-social-item like\" data-post_id=\"373187\" title=\"Like\" data-like=\"Like\" data-unlike=\"Unlike\"><i class=\"fa fa-thumbs-o-up\"\/><span class=\"penci-share-number\">0<\/span><\/a><i class=\"fa fa-facebook\"\/><a class=\"penci-social-item twitter\" target=\"_blank\" rel=\"noopener\" title=\"\" href=\"https:\/\/twitter.com\/intent\/tweet?text=K-9%20localiza%20droga%20enterrada%20em%20terreno%20da%20zona%20Norte%20-%20https:\/\/www.tribunaribeirao.com.br\/site\/k-9-localiza-droga-enterrada-em-terreno-da-zona-norte\/\"><i class=\"fa fa-twitter\"\/><\/a><i class=\"fa fa-whatsapp\"\/><\/span><\/header>\n<div class=\"penci-entry-content entry-content\">\n<p>Por: Adalberto Luque<\/p>\n<p>A fuga de um homem levou equipes da Guarda Civil Metropolitana (GCM) de Ribeir\u00e3o Preto a encontrarem uma grande quantidade de drogas, na tarde desta quinta-feira (08). Os entorpecentes foram localizados em um terreno na Comunidade Esperan\u00e7a, Vila Pompeia, zona Norte de Ribeir\u00e3o Preto.<\/p>\n<p>De acordo com a GCM, equipes do Canil e Romu faziam ronda quando, ao passarem pela Rua Itajub\u00e1, viram que um homem come\u00e7ou a correr ao avistar as viaturas. O homem entrou em uma mata ao lado da comunidade, mas os agentes n\u00e3o conseguiram localiz\u00e1-lo.<\/p>\n<figure id=\"attachment_373188\" aria-describedby=\"caption-attachment-373188\" style=\"width: 917px\" class=\"wp-caption alignnone\"><noscript><img data-recalc-dims=\"1\" loading=\"lazy\" decoding=\"async\" class=\"size-full wp-image-373188\" src=\"https:\/\/i0.wp.com\/www.tribunaribeirao.com.br\/site\/wp-content\/uploads\/2024\/02\/00-09-fev-2024-apreensao-gcm-02-foto-max-gallao-mesquita-scaled.jpg?resize=917%2C645&#038;ssl=1\" alt=\"\" width=\"917\" height=\"645\" srcset=\"https:\/\/www.tribunaribeirao.com.br\/site\/wp-content\/uploads\/2024\/02\/00-09-fev-2024-apreensao-gcm-02-foto-max-gallao-mesquita-scaled.jpg 917w, https:\/\/www.tribunaribeirao.com.br\/site\/wp-content\/uploads\/2024\/02\/00-09-fev-2024-apreensao-gcm-02-foto-max-gallao-mesquita-300x211.jpg 300w, https:\/\/www.tribunaribeirao.com.br\/site\/wp-content\/uploads\/2024\/02\/00-09-fev-2024-apreensao-gcm-02-foto-max-gallao-mesquita-1024x719.jpg 1024w, https:\/\/www.tribunaribeirao.com.br\/site\/wp-content\/uploads\/2024\/02\/00-09-fev-2024-apreensao-gcm-02-foto-max-gallao-mesquita-768x540.jpg 768w, https:\/\/www.tribunaribeirao.com.br\/site\/wp-content\/uploads\/2024\/02\/00-09-fev-2024-apreensao-gcm-02-foto-max-gallao-mesquita-1536x1079.jpg 1536w, https:\/\/www.tribunaribeirao.com.br\/site\/wp-content\/uploads\/2024\/02\/00-09-fev-2024-apreensao-gcm-02-foto-max-gallao-mesquita-960x674.jpg 960w, https:\/\/www.tribunaribeirao.com.br\/site\/wp-content\/uploads\/2024\/02\/00-09-fev-2024-apreensao-gcm-02-foto-max-gallao-mesquita-569x400.jpg 569w, https:\/\/www.tribunaribeirao.com.br\/site\/wp-content\/uploads\/2024\/02\/00-09-fev-2024-apreensao-gcm-02-foto-max-gallao-mesquita-585x411.jpg 585w\" sizes=\"auto, (max-width: 917px) 100vw, 917px\"\/><\/noscript><figcaption id=\"caption-attachment-373188\" class=\"wp-caption-text\">K-9 Fenrir localizou droga em mata pr\u00f3ximo a comunidade (Foto: Max Gall\u00e3o Mesquita)<\/figcaption><\/figure>\n<p>Passaram ent\u00e3o a realizar uma busca pelo terreno, com o aux\u00edlio do k-9 (c\u00e3o de faro) Fenrir. Em pouco tempo, o k-9 indicou um local no terreno e, ao cavarem, os agentes encontraram um tonel. Em seu interior havia nove tijolos e 20 peda\u00e7os grandes de maconha, 232 por\u00e7\u00f5es unit\u00e1rias de maconha, 242 c\u00e1psulas com coca\u00edna, duas balan\u00e7as de precis\u00e3o e cerca de 4 mil c\u00e1psulas vazias.<\/p>\n<p>Todo o material foi apreendido. Os agentes levaram a droga para a Central de Pol\u00edcia Judici\u00e1ria, no Centro de Ribeir\u00e3o Preto. A Pol\u00edcia Civil vai investigar a ocorr\u00eancia.<\/p>\n<\/div>\n<footer class=\"penci-entry-footer\"\/><\/div>\n<p><script async src=\"\/\/platform.twitter.com\/widgets.js\" charset=\"utf-8\"><\/script><br \/>\n<br \/><br \/>\n<br \/><a href=\"https:\/\/www.tribunaribeirao.com.br\/site\/k-9-localiza-droga-enterrada-em-terreno-da-zona-norte\/\">Source link <\/a><\/p>\n<!-- CONTENT END 1 -->\n","protected":false},"excerpt":{"rendered":"<p>Tonel escondia tijolos de maconha e centenas de por\u00e7\u00f5es de drogas 9 de fevereiro de 2024 | 9:05 0 Por: Adalberto Luque A fuga de&#8230;<\/p>\n","protected":false},"author":1,"featured_media":36323,"comment_status":"open","ping_status":"open","sticky":false,"template":"","format":"standard","meta":{"advanced_seo_description":"","jetpack_seo_html_title":"","jetpack_seo_noindex":false,"jetpack_post_was_ever_published":false,"_jetpack_newsletter_access":"","_jetpack_dont_email_post_to_subs":false,"_jetpack_newsletter_tier_id":0,"_jetpack_memberships_contains_paywalled_content":false,"_jetpack_memberships_contains_paid_content":false,"footnotes":"","jetpack_publicize_message":"","jetpack_publicize_feature_enabled":true,"jetpack_social_post_already_shared":true,"jetpack_social_options":{"image_generator_settings":{"template":"highway","default_image_id":0,"font":"","enabled":false},"version":2}},"categories":[11],"tags":[1680,4168,4167,397,4169,340],"class_list":["post-36322","post","type-post","status-publish","format-standard","has-post-thumbnail","hentry","category-noticias-de-ribeirao-preto-sp-e-regiao-ismael-colosi","tag-droga","tag-enterrada","tag-localiza","tag-norte","tag-terreno","tag-zona"],"jetpack_publicize_connections":[],"jetpack_featured_media_url":"https:\/\/i0.wp.com\/noticiasribeiraopreto.com.br\/wp-content\/uploads\/2024\/02\/00-09-fev-2024-apreensao-gcm-01-foto-max-gallao-mesquita-scaled.jpg?fit=1000%2C562&ssl=1","jetpack-related-posts":[{"id":36040,"url":"https:\/\/noticiasribeiraopreto.com.br\/index.php\/2024\/02\/08\/gcm-apreende-drogas-proximo-a-escola-da-zona-norte\/","url_meta":{"origin":36322,"position":0},"title":"GCM apreende drogas pr\u00f3ximo a escola da zona Norte","author":"noticiasribeiraopreto.com.br","date":"8 de February de 2024","format":false,"excerpt":"Viatura recebeu den\u00fancia de que estaria ocorrendo tumulto e, ao chegar ao local, ap\u00f3s fuga dos envolvidos, localizou droga enterrada em terreno 8 de fevereiro de 2024 | 7:147 de fevereiro de 2024 | 16:53 1Por: Adalberto LuqueV\u00e1rias por\u00e7\u00f5es de drogas foram apreendidas, na manh\u00e3 desta quarta-feira (07), pr\u00f3ximo \u00e0\u2026","rel":"","context":"In &quot;Not\u00edcias de Ribeir\u00e3o Preto-SP e Regi\u00e3o&quot;","block_context":{"text":"Not\u00edcias de Ribeir\u00e3o Preto-SP e Regi\u00e3o","link":"https:\/\/noticiasribeiraopreto.com.br\/index.php\/category\/noticias-de-ribeirao-preto-sp-e-regiao-ismael-colosi\/"},"img":{"alt_text":"","src":"https:\/\/i0.wp.com\/noticiasribeiraopreto.com.br\/wp-content\/uploads\/2024\/02\/00-08-fev-2024-apreensao-gcm-01-foto-divulgacao-scaled.jpg?fit=967%2C645&ssl=1&resize=350%2C200","width":350,"height":200,"srcset":"https:\/\/i0.wp.com\/noticiasribeiraopreto.com.br\/wp-content\/uploads\/2024\/02\/00-08-fev-2024-apreensao-gcm-01-foto-divulgacao-scaled.jpg?fit=967%2C645&ssl=1&resize=350%2C200 1x, https:\/\/i0.wp.com\/noticiasribeiraopreto.com.br\/wp-content\/uploads\/2024\/02\/00-08-fev-2024-apreensao-gcm-01-foto-divulgacao-scaled.jpg?fit=967%2C645&ssl=1&resize=525%2C300 1.5x, https:\/\/i0.wp.com\/noticiasribeiraopreto.com.br\/wp-content\/uploads\/2024\/02\/00-08-fev-2024-apreensao-gcm-01-foto-divulgacao-scaled.jpg?fit=967%2C645&ssl=1&resize=700%2C400 2x"},"classes":[]},{"id":80651,"url":"https:\/\/noticiasribeiraopreto.com.br\/index.php\/2025\/12\/09\/policia-localiza-casa-bomba-na-zona-norte\/","url_meta":{"origin":36322,"position":1},"title":"Pol\u00edcia localiza \u2018casa bomba\u2019 na zona Norte","author":"noticiasribeiraopreto.com.br","date":"9 de December de 2025","format":false,"excerpt":"\r Local era utilizado para deposito e fracionamento de drogas e respons\u00e1vel pela casa foi preso\r \r 9 de dezembro de 2025 07:13 \r Compartilhar0 Por: Adalberto Luque Um homem foi preso, nesta segunda-feira (8) e uma grande apreens\u00e3o de drogas foi realizada em uma casa usada para dep\u00f3sito, armazenamento\u2026","rel":"","context":"In &quot;Not\u00edcias de Ribeir\u00e3o Preto-SP e Regi\u00e3o&quot;","block_context":{"text":"Not\u00edcias de Ribeir\u00e3o Preto-SP e Regi\u00e3o","link":"https:\/\/noticiasribeiraopreto.com.br\/index.php\/category\/noticias-de-ribeirao-preto-sp-e-regiao-ismael-colosi\/"},"img":{"alt_text":"","src":"","width":0,"height":0},"classes":[]},{"id":33823,"url":"https:\/\/noticiasribeiraopreto.com.br\/index.php\/2024\/01\/30\/policia-encontra-230-kg-de-maconha-em-ferro-velho\/","url_meta":{"origin":36322,"position":2},"title":"Pol\u00edcia encontra 230 kg de maconha em ferro velho","author":"noticiasribeiraopreto.com.br","date":"30 de January de 2024","format":false,"excerpt":"Estabelecimento na zona norte seria utilizado como dep\u00f3sito de droga para traficantes e respons\u00e1vel por guardar o entorpecente foi preso 30 de janeiro de 2024 | 15:3130 de janeiro de 2024 | 17:26 3Por: Alfredo Risk e Adalberto LuqueA Delegacia de Investiga\u00e7\u00f5es Sobre Entorpecentes da Divis\u00e3o Especializada em Investiga\u00e7\u00f5es Criminais\u2026","rel":"","context":"In &quot;Not\u00edcias de Ribeir\u00e3o Preto-SP e Regi\u00e3o&quot;","block_context":{"text":"Not\u00edcias de Ribeir\u00e3o Preto-SP e Regi\u00e3o","link":"https:\/\/noticiasribeiraopreto.com.br\/index.php\/category\/noticias-de-ribeirao-preto-sp-e-regiao-ismael-colosi\/"},"img":{"alt_text":"","src":"https:\/\/i0.wp.com\/noticiasribeiraopreto.com.br\/wp-content\/uploads\/2024\/01\/1706662493_00-30-jan-2024-maconha-cem-quilos-01-foto-alfredo-risk-scaled.jpg?fit=924%2C645&ssl=1&resize=350%2C200","width":350,"height":200,"srcset":"https:\/\/i0.wp.com\/noticiasribeiraopreto.com.br\/wp-content\/uploads\/2024\/01\/1706662493_00-30-jan-2024-maconha-cem-quilos-01-foto-alfredo-risk-scaled.jpg?fit=924%2C645&ssl=1&resize=350%2C200 1x, https:\/\/i0.wp.com\/noticiasribeiraopreto.com.br\/wp-content\/uploads\/2024\/01\/1706662493_00-30-jan-2024-maconha-cem-quilos-01-foto-alfredo-risk-scaled.jpg?fit=924%2C645&ssl=1&resize=525%2C300 1.5x, https:\/\/i0.wp.com\/noticiasribeiraopreto.com.br\/wp-content\/uploads\/2024\/01\/1706662493_00-30-jan-2024-maconha-cem-quilos-01-foto-alfredo-risk-scaled.jpg?fit=924%2C645&ssl=1&resize=700%2C400 2x"},"classes":[]},{"id":33717,"url":"https:\/\/noticiasribeiraopreto.com.br\/index.php\/2024\/01\/30\/policia-encontra-100-kg-de-maconha-em-ferro-velho\/","url_meta":{"origin":36322,"position":3},"title":"Pol\u00edcia encontra 200 kg de maconha em ferro velho","author":"noticiasribeiraopreto.com.br","date":"30 de January de 2024","format":false,"excerpt":"Estabelecimento na zona norte seria utilizado como dep\u00f3sito de droga para traficantes e respons\u00e1vel por guardar o entorpecente foi preso 30 de janeiro de 2024 | 15:3130 de janeiro de 2024 | 15:38 2Por: Alfredo Risk e Adalberto LuqueA Delegacia de Investiga\u00e7\u00f5es Sobre Entorpecentes da Divis\u00e3o Especializada em Investiga\u00e7\u00f5es Criminais\u2026","rel":"","context":"In &quot;Not\u00edcias de Ribeir\u00e3o Preto-SP e Regi\u00e3o&quot;","block_context":{"text":"Not\u00edcias de Ribeir\u00e3o Preto-SP e Regi\u00e3o","link":"https:\/\/noticiasribeiraopreto.com.br\/index.php\/category\/noticias-de-ribeirao-preto-sp-e-regiao-ismael-colosi\/"},"img":{"alt_text":"","src":"https:\/\/i0.wp.com\/noticiasribeiraopreto.com.br\/wp-content\/uploads\/2024\/01\/00-30-jan-2024-maconha-cem-quilos-01-foto-alfredo-risk-scaled.jpg?fit=924%2C645&ssl=1&resize=350%2C200","width":350,"height":200,"srcset":"https:\/\/i0.wp.com\/noticiasribeiraopreto.com.br\/wp-content\/uploads\/2024\/01\/00-30-jan-2024-maconha-cem-quilos-01-foto-alfredo-risk-scaled.jpg?fit=924%2C645&ssl=1&resize=350%2C200 1x, https:\/\/i0.wp.com\/noticiasribeiraopreto.com.br\/wp-content\/uploads\/2024\/01\/00-30-jan-2024-maconha-cem-quilos-01-foto-alfredo-risk-scaled.jpg?fit=924%2C645&ssl=1&resize=525%2C300 1.5x, https:\/\/i0.wp.com\/noticiasribeiraopreto.com.br\/wp-content\/uploads\/2024\/01\/00-30-jan-2024-maconha-cem-quilos-01-foto-alfredo-risk-scaled.jpg?fit=924%2C645&ssl=1&resize=700%2C400 2x"},"classes":[]},{"id":38745,"url":"https:\/\/noticiasribeiraopreto.com.br\/index.php\/2024\/02\/21\/cao-de-faro-localiza-muita-droga-perto-de-escola-na-zona-leste\/","url_meta":{"origin":36322,"position":4},"title":"C\u00e3o de faro localiza muita droga perto de escola na zona Leste","author":"noticiasribeiraopreto.com.br","date":"21 de February de 2024","format":false,"excerpt":"Traficante conseguiu fugir, mas a droga localizada foi apreendida e investiga\u00e7\u00f5es prosseguem 21 de fevereiro de 2024 | 13:10 2Por: Adalberto Luque e Alfredo RiskA Guarda Civil Metropolitana (GCM) conseguiu apreender uma grande quantidade de drogas, na manh\u00e3 desta ter\u00e7a-feira (21). A droga estava sendo comercializada pr\u00f3ximo a escolas municipais\u2026","rel":"","context":"In &quot;Not\u00edcias de Ribeir\u00e3o Preto-SP e Regi\u00e3o&quot;","block_context":{"text":"Not\u00edcias de Ribeir\u00e3o Preto-SP e Regi\u00e3o","link":"https:\/\/noticiasribeiraopreto.com.br\/index.php\/category\/noticias-de-ribeirao-preto-sp-e-regiao-ismael-colosi\/"},"img":{"alt_text":"","src":"https:\/\/i0.wp.com\/noticiasribeiraopreto.com.br\/wp-content\/uploads\/2024\/02\/00-21-fev-2024-apreensao-canil-foto-alfredo-risk-scaled.jpg?fit=967%2C645&ssl=1&resize=350%2C200","width":350,"height":200,"srcset":"https:\/\/i0.wp.com\/noticiasribeiraopreto.com.br\/wp-content\/uploads\/2024\/02\/00-21-fev-2024-apreensao-canil-foto-alfredo-risk-scaled.jpg?fit=967%2C645&ssl=1&resize=350%2C200 1x, https:\/\/i0.wp.com\/noticiasribeiraopreto.com.br\/wp-content\/uploads\/2024\/02\/00-21-fev-2024-apreensao-canil-foto-alfredo-risk-scaled.jpg?fit=967%2C645&ssl=1&resize=525%2C300 1.5x, https:\/\/i0.wp.com\/noticiasribeiraopreto.com.br\/wp-content\/uploads\/2024\/02\/00-21-fev-2024-apreensao-canil-foto-alfredo-risk-scaled.jpg?fit=967%2C645&ssl=1&resize=700%2C400 2x"},"classes":[]},{"id":34408,"url":"https:\/\/noticiasribeiraopreto.com.br\/index.php\/2024\/02\/01\/gcm-apreende-drogas-apos-briga-generalizada\/","url_meta":{"origin":36322,"position":5},"title":"GCM apreende drogas ap\u00f3s briga generalizada","author":"noticiasribeiraopreto.com.br","date":"1 de February de 2024","format":false,"excerpt":"Confus\u00e3o ocorreu entre moradores de rua na zona Norte, motivada por d\u00edvida com tr\u00e1fico 1 de fevereiro de 2024 | 15:49 2Por: Adalberto LuqueUma briga generalizada resultou na apreens\u00e3o de drogas, na manh\u00e3 desta quinta-feira (01). A confus\u00e3o ocorreu em uma \u00e1rea de invas\u00e3o, na divisa entre os bairros dos\u2026","rel":"","context":"In &quot;Not\u00edcias de Ribeir\u00e3o Preto-SP e Regi\u00e3o&quot;","block_context":{"text":"Not\u00edcias de Ribeir\u00e3o Preto-SP e Regi\u00e3o","link":"https:\/\/noticiasribeiraopreto.com.br\/index.php\/category\/noticias-de-ribeirao-preto-sp-e-regiao-ismael-colosi\/"},"img":{"alt_text":"","src":"https:\/\/i0.wp.com\/noticiasribeiraopreto.com.br\/wp-content\/uploads\/2024\/02\/00-01-fev-2024-drogas-briga-01-foto-alfredo-risk-scaled.jpg?fit=860%2C645&ssl=1&resize=350%2C200","width":350,"height":200,"srcset":"https:\/\/i0.wp.com\/noticiasribeiraopreto.com.br\/wp-content\/uploads\/2024\/02\/00-01-fev-2024-drogas-briga-01-foto-alfredo-risk-scaled.jpg?fit=860%2C645&ssl=1&resize=350%2C200 1x, https:\/\/i0.wp.com\/noticiasribeiraopreto.com.br\/wp-content\/uploads\/2024\/02\/00-01-fev-2024-drogas-briga-01-foto-alfredo-risk-scaled.jpg?fit=860%2C645&ssl=1&resize=525%2C300 1.5x, https:\/\/i0.wp.com\/noticiasribeiraopreto.com.br\/wp-content\/uploads\/2024\/02\/00-01-fev-2024-drogas-briga-01-foto-alfredo-risk-scaled.jpg?fit=860%2C645&ssl=1&resize=700%2C400 2x"},"classes":[]}],"jetpack_sharing_enabled":true,"jetpack_shortlink":"https:\/\/wp.me\/peQAOb-9rQ","_links":{"self":[{"href":"https:\/\/noticiasribeiraopreto.com.br\/index.php\/wp-json\/wp\/v2\/posts\/36322","targetHints":{"allow":["GET"]}}],"collection":[{"href":"https:\/\/noticiasribeiraopreto.com.br\/index.php\/wp-json\/wp\/v2\/posts"}],"about":[{"href":"https:\/\/noticiasribeiraopreto.com.br\/index.php\/wp-json\/wp\/v2\/types\/post"}],"author":[{"embeddable":true,"href":"https:\/\/noticiasribeiraopreto.com.br\/index.php\/wp-json\/wp\/v2\/users\/1"}],"replies":[{"embeddable":true,"href":"https:\/\/noticiasribeiraopreto.com.br\/index.php\/wp-json\/wp\/v2\/comments?post=36322"}],"version-history":[{"count":0,"href":"https:\/\/noticiasribeiraopreto.com.br\/index.php\/wp-json\/wp\/v2\/posts\/36322\/revisions"}],"wp:featuredmedia":[{"embeddable":true,"href":"https:\/\/noticiasribeiraopreto.com.br\/index.php\/wp-json\/wp\/v2\/media\/36323"}],"wp:attachment":[{"href":"https:\/\/noticiasribeiraopreto.com.br\/index.php\/wp-json\/wp\/v2\/media?parent=36322"}],"wp:term":[{"taxonomy":"category","embeddable":true,"href":"https:\/\/noticiasribeiraopreto.com.br\/index.php\/wp-json\/wp\/v2\/categories?post=36322"},{"taxonomy":"post_tag","embeddable":true,"href":"https:\/\/noticiasribeiraopreto.com.br\/index.php\/wp-json\/wp\/v2\/tags?post=36322"}],"curies":[{"name":"wp","href":"https:\/\/api.w.org\/{rel}","templated":true}]}}