{"id":36326,"date":"2024-02-09T09:28:30","date_gmt":"2024-02-09T12:28:30","guid":{"rendered":"https:\/\/noticiasribeiraopreto.com.br\/index.php\/2024\/02\/09\/confira-os-horarios-do-comercio-e-dos-shoppings-de-ribeirao-no-carnaval\/"},"modified":"2024-02-09T09:28:30","modified_gmt":"2024-02-09T12:28:30","slug":"confira-os-horarios-do-comercio-e-dos-shoppings-de-ribeirao-no-carnaval","status":"publish","type":"post","link":"https:\/\/noticiasribeiraopreto.com.br\/index.php\/2024\/02\/09\/confira-os-horarios-do-comercio-e-dos-shoppings-de-ribeirao-no-carnaval\/","title":{"rendered":"Confira os hor\u00e1rios do com\u00e9rcio e dos shoppings de Ribeir\u00e3o no Carnaval"},"content":{"rendered":"<div class='code-block code-block-1' style='margin: 8px 0 8px auto; text-align: right; display: block; clear: both;'>\n<p><a href=\"https:\/\/wa.link\/vpicfd\"><img data-recalc-dims=\"1\" class=\"wp-image-4922\" style=\"aspect-ratio: 2.0253164556962027; width: 561px; height: auto;\" src=\"https:\/\/i0.wp.com\/ismaelcolosi.com.br\/wp-content\/uploads\/2023\/11\/grupo-de-empregos-whatsapp-e-facebook-ismael-colosi-vagas.jpg?ssl=1\" alt=\"\" \/><\/a><\/p>\n<!-- \/wp:image -->\n<\/div>\n<p> <br \/>\n<\/p>\n<div>\n<p><strong>Lojas do com\u00e9rcio de rua e os shoppings de Ribeir\u00e3o Preto t\u00eam hor\u00e1rios de funcionamento alterados para o Carnaval 2024. <\/strong><span style=\"background-color:#f7cc62\" class=\"td_text_highlight_marker\">Confira:<\/span><\/p>\n<p>Ter\u00e7a-feira (13) \u2013 Abertura facultativa<\/p>\n<p>Quarta-feira (14) \u2013 In\u00edcio das atividades \u00e0s 8h (facultativo)<\/p>\n<p>Segunda-feira (12) \u2013 10h \u00e0s 22h (lojas) \/ 11h \u00e0s 22h (alimenta\u00e7\u00e3o e lazer)<\/p>\n<p>Ter\u00e7a-feira (13) \u2013 14h \u00e0s 20h (lojas t\u00eam abertura opcional \u00e0s 10h e fechamento opcional \u00e0s 22h) \/ 11h \u00e0s 22h (alimenta\u00e7\u00e3o e lazer)<\/p>\n<p>Quarta-feira (14) \u2013 12h \u00e0s 22h (lojas) \/ 11h \u00e0s 22h (alimenta\u00e7\u00e3o e lazer)<\/p>\n<p>Segunda-feira (12) \u2013 10h \u00e0s 22h (lojas e alimenta\u00e7\u00e3o e lazer)<\/p>\n<p>Ter\u00e7a-feira (13) \u2013 14h \u00e0s 20h (lojas) \/ 10h \u00e0s 22h (alimenta\u00e7\u00e3o e lazer)<\/p>\n<p>Quarta-feira (14) \u2013 12h \u00e0s 22h (lojas) \/ 10h \u00e0s 22h (alimenta\u00e7\u00e3o e lazer)<\/p>\n<p>O <strong>Poupatempo <\/strong>estar\u00e1 <strong>fechado <\/strong>na segunda-feira (12) e ter\u00e7a-feira (13). Na quarta-feira (14), o hor\u00e1rio de funcionamento \u00e9 das 12h \u00e0s 17h<\/p>\n<p>Segunda-feira (12) \u2013 Abertura normal, das 10h \u00e0s 22h<\/p>\n<p>Ter\u00e7a-feira (13) \u2013 Abertura facultativa, das 14h \u00e0s 20h<\/p>\n<p>Quarta-feira (14) \u2013 Abertura das 13h \u00e0s 22h<\/p>\n<p>\u00c1reas de alimenta\u00e7\u00e3o lazer mant\u00e9m o hor\u00e1rio de funcionamento normal todos os dias, a partir das 11h<\/p>\n<p>Segunda-feira (12) \u2013 Abertura normal, das 9h \u00e0s 21h<\/p>\n<p>Ter\u00e7a-feira (13) \u2013 Abertura facultativa, das 14h \u00e0s 20h<\/p>\n<p>Quarta-feira (14) \u2013 Abertura das 13h \u00e0s 21h<\/p>\n<p>\u00c1reas de alimenta\u00e7\u00e3o lazer mant\u00e9m o hor\u00e1rio de funcionamento normal todos os dias, a partir das 11h<\/p>\n<p>SAIBA MAIS<br \/>Confira o mapa dos blocos de Carnaval em Ribeir\u00e3o Preto<\/p>\n<h4 class=\"wp-block-heading\"><strong>FIQUE ON<\/strong><\/h4>\n<p>Fique ligado em tudo que acontece em Ribeir\u00e3o Preto e regi\u00e3o. Siga os perfis do acidade on no <a href=\"https:\/\/www.instagram.com\/acidadeonribeirao\" target=\"_blank\" rel=\"noreferrer noopener\">Instagram<\/a> e no <a href=\"https:\/\/www.facebook.com\/acidadeonribeirao\" target=\"_blank\" rel=\"noreferrer noopener\">Facebook<\/a>.<\/p>\n<p>Receba not\u00edcias do acidade on no WhatsApp. Para entrar no grupo, basta <a href=\"https:\/\/chat.whatsapp.com\/Bnv2w66ZT4VDyZW3oiZ69n\" target=\"_blank\" rel=\"noreferrer noopener\">clicar aqui<\/a>.<\/p>\n<p>Fa\u00e7a uma den\u00fancia ou sugira uma reportagem sobre Ribeir\u00e3o Preto e regi\u00e3o pelo WhatsApp: 16 99117 7802.<\/p>\n<p>VEJA TAMB\u00c9M<\/p>\n<p>Renascer: com quem Mariana se casa?<\/p>\n<p><!-- AI CONTENT END 1 -->\n<\/div>\n<p><script async src=\"\/\/www.instagram.com\/embed.js\"><\/script><br \/>\n<br \/><br \/>\n<br \/><a href=\"https:\/\/www.acidadeon.com\/ribeiraopreto\/economia\/confira-os-horarios-do-comercio-e-dos-shoppings-de-ribeirao-no-carnaval\/\">Source link <\/a><\/p>\n<!-- CONTENT END 1 -->\n","protected":false},"excerpt":{"rendered":"<p>Lojas do com\u00e9rcio de rua e os shoppings de Ribeir\u00e3o Preto t\u00eam hor\u00e1rios de funcionamento alterados para o Carnaval 2024. Confira: Ter\u00e7a-feira (13) \u2013 Abertura&#8230;<\/p>\n","protected":false},"author":1,"featured_media":36327,"comment_status":"open","ping_status":"open","sticky":false,"template":"","format":"standard","meta":{"advanced_seo_description":"","jetpack_seo_html_title":"","jetpack_seo_noindex":false,"jetpack_post_was_ever_published":false,"_jetpack_newsletter_access":"","_jetpack_dont_email_post_to_subs":false,"_jetpack_newsletter_tier_id":0,"_jetpack_memberships_contains_paywalled_content":false,"_jetpack_memberships_contains_paid_content":false,"footnotes":"","jetpack_publicize_message":"","jetpack_publicize_feature_enabled":true,"jetpack_social_post_already_shared":true,"jetpack_social_options":{"image_generator_settings":{"template":"highway","default_image_id":0,"font":"","enabled":false},"version":2}},"categories":[11],"tags":[],"class_list":["post-36326","post","type-post","status-publish","format-standard","has-post-thumbnail","hentry","category-noticias-de-ribeirao-preto-sp-e-regiao-ismael-colosi"],"jetpack_publicize_connections":[],"jetpack_featured_media_url":"https:\/\/noticiasribeiraopreto.com.br\/wp-content\/uploads\/2024\/02\/whatsapp_image_2022-12-24_at_11_03_26.jpe","jetpack-related-posts":[{"id":36340,"url":"https:\/\/noticiasribeiraopreto.com.br\/index.php\/2024\/02\/09\/confira-os-horarios-do-comercio-e-shoppings-de-ribeirao-no-carnaval\/","url_meta":{"origin":36326,"position":0},"title":"Confira os hor\u00e1rios do com\u00e9rcio e shoppings de Ribeir\u00e3o no Carnaval","author":"noticiasribeiraopreto.com.br","date":"9 de February de 2024","format":false,"excerpt":"Lojas do com\u00e9rcio de rua e os shoppings de Ribeir\u00e3o Preto t\u00eam hor\u00e1rios de funcionamento alterados para o Carnaval 2024. Confira: Ter\u00e7a-feira (13) \u2013 Abertura facultativa Quarta-feira (14) \u2013 In\u00edcio das atividades \u00e0s 8h (facultativo) Segunda-feira (12) \u2013 10h \u00e0s 22h (lojas) \/ 11h \u00e0s 22h (alimenta\u00e7\u00e3o e lazer) Ter\u00e7a-feira\u2026","rel":"","context":"In &quot;Not\u00edcias de Ribeir\u00e3o Preto-SP e Regi\u00e3o&quot;","block_context":{"text":"Not\u00edcias de Ribeir\u00e3o Preto-SP e Regi\u00e3o","link":"https:\/\/noticiasribeiraopreto.com.br\/index.php\/category\/noticias-de-ribeirao-preto-sp-e-regiao-ismael-colosi\/"},"img":{"alt_text":"","src":"https:\/\/i0.wp.com\/noticiasribeiraopreto.com.br\/wp-content\/uploads\/2024\/02\/calcadao_de_1024x576_25022021094228.jpg?fit=1024%2C576&ssl=1&resize=350%2C200","width":350,"height":200,"srcset":"https:\/\/i0.wp.com\/noticiasribeiraopreto.com.br\/wp-content\/uploads\/2024\/02\/calcadao_de_1024x576_25022021094228.jpg?fit=1024%2C576&ssl=1&resize=350%2C200 1x, https:\/\/i0.wp.com\/noticiasribeiraopreto.com.br\/wp-content\/uploads\/2024\/02\/calcadao_de_1024x576_25022021094228.jpg?fit=1024%2C576&ssl=1&resize=525%2C300 1.5x, https:\/\/i0.wp.com\/noticiasribeiraopreto.com.br\/wp-content\/uploads\/2024\/02\/calcadao_de_1024x576_25022021094228.jpg?fit=1024%2C576&ssl=1&resize=700%2C400 2x"},"classes":[]},{"id":64163,"url":"https:\/\/noticiasribeiraopreto.com.br\/index.php\/2025\/03\/04\/carnaval-confira-o-funcionamento-do-comercio-e-shoppings-em-ribeirao-preto\/","url_meta":{"origin":36326,"position":1},"title":"Carnaval: Confira o funcionamento do com\u00e9rcio e shoppings em Ribeir\u00e3o Preto","author":"noticiasribeiraopreto.com.br","date":"4 de March de 2025","format":false,"excerpt":"Os\u00a0shoppings e o com\u00e9rcio de rua de Ribeir\u00e3o Preto\u00a0t\u00eam os hor\u00e1rios de funcionamento alterados nesta ter\u00e7a-feira (4) de Carnaval e na quarta-feira (5) de Cinzas. Confira: Com\u00e9rcio de rua Ter\u00e7a-feira (4) \u2013 Abertura facultativa Quarta-feira (5)\u00a0\u2013 Abertura facultativa, a partir das\u00a09h Shopping Santa \u00darsula Ter\u00e7a-feira (4) \u2013 Abertura facultativa\u00a0das lojas\u2026","rel":"","context":"In &quot;Not\u00edcias de Ribeir\u00e3o Preto-SP e Regi\u00e3o&quot;","block_context":{"text":"Not\u00edcias de Ribeir\u00e3o Preto-SP e Regi\u00e3o","link":"https:\/\/noticiasribeiraopreto.com.br\/index.php\/category\/noticias-de-ribeirao-preto-sp-e-regiao-ismael-colosi\/"},"img":{"alt_text":"","src":"https:\/\/i0.wp.com\/noticiasribeiraopreto.com.br\/wp-content\/uploads\/2024\/06\/totem_eu_amo_ribeirao_-_foto_fernando_gonzaga_2_2024-06-04_11-49-25_jpeg_2024-06-04_11-49-25.webp.webp?fit=1200%2C800&ssl=1&resize=350%2C200","width":350,"height":200,"srcset":"https:\/\/i0.wp.com\/noticiasribeiraopreto.com.br\/wp-content\/uploads\/2024\/06\/totem_eu_amo_ribeirao_-_foto_fernando_gonzaga_2_2024-06-04_11-49-25_jpeg_2024-06-04_11-49-25.webp.webp?fit=1200%2C800&ssl=1&resize=350%2C200 1x, https:\/\/i0.wp.com\/noticiasribeiraopreto.com.br\/wp-content\/uploads\/2024\/06\/totem_eu_amo_ribeirao_-_foto_fernando_gonzaga_2_2024-06-04_11-49-25_jpeg_2024-06-04_11-49-25.webp.webp?fit=1200%2C800&ssl=1&resize=525%2C300 1.5x, https:\/\/i0.wp.com\/noticiasribeiraopreto.com.br\/wp-content\/uploads\/2024\/06\/totem_eu_amo_ribeirao_-_foto_fernando_gonzaga_2_2024-06-04_11-49-25_jpeg_2024-06-04_11-49-25.webp.webp?fit=1200%2C800&ssl=1&resize=700%2C400 2x, https:\/\/i0.wp.com\/noticiasribeiraopreto.com.br\/wp-content\/uploads\/2024\/06\/totem_eu_amo_ribeirao_-_foto_fernando_gonzaga_2_2024-06-04_11-49-25_jpeg_2024-06-04_11-49-25.webp.webp?fit=1200%2C800&ssl=1&resize=1050%2C600 3x"},"classes":[]},{"id":82387,"url":"https:\/\/noticiasribeiraopreto.com.br\/index.php\/2026\/02\/12\/carnaval-2026-confira-o-funcionamento-do-comercio-e-shoppings-em-ribeirao-preto\/","url_meta":{"origin":36326,"position":2},"title":"Carnaval 2026: Confira o funcionamento do com\u00e9rcio e shoppings em Ribeir\u00e3o Preto","author":"noticiasribeiraopreto.com.br","date":"12 de February de 2026","format":false,"excerpt":"O com\u00e9rcio e os principais shoppings de Ribeir\u00e3o Preto ter\u00e3o hor\u00e1rios diferenciados durante o Carnaval 2026. Em alguns dias, a abertura das lojas ser\u00e1 facultativa, enquanto as \u00e1reas de alimenta\u00e7\u00e3o e lazer mant\u00eam atendimento normal na maior parte dos empreendimentos. A orienta\u00e7\u00e3o \u00e9 para que os consumidores fiquem atentos aos\u2026","rel":"","context":"In &quot;Not\u00edcias de Ribeir\u00e3o Preto-SP e Regi\u00e3o&quot;","block_context":{"text":"Not\u00edcias de Ribeir\u00e3o Preto-SP e Regi\u00e3o","link":"https:\/\/noticiasribeiraopreto.com.br\/index.php\/category\/noticias-de-ribeirao-preto-sp-e-regiao-ismael-colosi\/"},"img":{"alt_text":"","src":"https:\/\/i0.wp.com\/noticiasribeiraopreto.com.br\/wp-content\/uploads\/2026\/02\/Imagem-do-WhatsApp-de-2026-01-12-as-15.24.32_14bd86dc_2026-01-12_18-51-13.webp.webp?fit=1200%2C675&ssl=1&resize=350%2C200","width":350,"height":200,"srcset":"https:\/\/i0.wp.com\/noticiasribeiraopreto.com.br\/wp-content\/uploads\/2026\/02\/Imagem-do-WhatsApp-de-2026-01-12-as-15.24.32_14bd86dc_2026-01-12_18-51-13.webp.webp?fit=1200%2C675&ssl=1&resize=350%2C200 1x, https:\/\/i0.wp.com\/noticiasribeiraopreto.com.br\/wp-content\/uploads\/2026\/02\/Imagem-do-WhatsApp-de-2026-01-12-as-15.24.32_14bd86dc_2026-01-12_18-51-13.webp.webp?fit=1200%2C675&ssl=1&resize=525%2C300 1.5x, https:\/\/i0.wp.com\/noticiasribeiraopreto.com.br\/wp-content\/uploads\/2026\/02\/Imagem-do-WhatsApp-de-2026-01-12-as-15.24.32_14bd86dc_2026-01-12_18-51-13.webp.webp?fit=1200%2C675&ssl=1&resize=700%2C400 2x, https:\/\/i0.wp.com\/noticiasribeiraopreto.com.br\/wp-content\/uploads\/2026\/02\/Imagem-do-WhatsApp-de-2026-01-12-as-15.24.32_14bd86dc_2026-01-12_18-51-13.webp.webp?fit=1200%2C675&ssl=1&resize=1050%2C600 3x"},"classes":[]},{"id":64066,"url":"https:\/\/noticiasribeiraopreto.com.br\/index.php\/2025\/02\/28\/carnaval-veja-os-horarios-de-funcionamento-dos-shoppings-e-comercio-de-ribeirao-preto\/","url_meta":{"origin":36326,"position":3},"title":"Carnaval: Veja os hor\u00e1rios de funcionamento dos shoppings e com\u00e9rcio de Ribeir\u00e3o Preto","author":"noticiasribeiraopreto.com.br","date":"28 de February de 2025","format":false,"excerpt":"Os shoppings e o com\u00e9rcio de rua de Ribeir\u00e3o Preto funcionar\u00e3o normalmente durante o Carnaval, com altera\u00e7\u00e3o apenas na ter\u00e7a-feira (4). \u00c9 importante destacar que no s\u00e1bado (1\u00ba), domingo (2) e segunda-feira (3), os hor\u00e1rios de funcionamento dos estabelecimentos ser\u00e3o os habituais. O Poupatempo de Ribeir\u00e3o Preto permanecer\u00e1 fechado. Por\u00e9m,\u2026","rel":"","context":"In &quot;Not\u00edcias de Ribeir\u00e3o Preto-SP e Regi\u00e3o&quot;","block_context":{"text":"Not\u00edcias de Ribeir\u00e3o Preto-SP e Regi\u00e3o","link":"https:\/\/noticiasribeiraopreto.com.br\/index.php\/category\/noticias-de-ribeirao-preto-sp-e-regiao-ismael-colosi\/"},"img":{"alt_text":"","src":"https:\/\/i0.wp.com\/noticiasribeiraopreto.com.br\/wp-content\/uploads\/2024\/10\/Copia-de-Copia-de-TAMANHO-EXATO-PARA-FOTOS-NO-SISTEMA-NOVO-13_2024-07-08_13-59-35_jpg_2024-07-08_13-59-35.webp.webp?fit=1200%2C675&ssl=1&resize=350%2C200","width":350,"height":200,"srcset":"https:\/\/i0.wp.com\/noticiasribeiraopreto.com.br\/wp-content\/uploads\/2024\/10\/Copia-de-Copia-de-TAMANHO-EXATO-PARA-FOTOS-NO-SISTEMA-NOVO-13_2024-07-08_13-59-35_jpg_2024-07-08_13-59-35.webp.webp?fit=1200%2C675&ssl=1&resize=350%2C200 1x, https:\/\/i0.wp.com\/noticiasribeiraopreto.com.br\/wp-content\/uploads\/2024\/10\/Copia-de-Copia-de-TAMANHO-EXATO-PARA-FOTOS-NO-SISTEMA-NOVO-13_2024-07-08_13-59-35_jpg_2024-07-08_13-59-35.webp.webp?fit=1200%2C675&ssl=1&resize=525%2C300 1.5x, https:\/\/i0.wp.com\/noticiasribeiraopreto.com.br\/wp-content\/uploads\/2024\/10\/Copia-de-Copia-de-TAMANHO-EXATO-PARA-FOTOS-NO-SISTEMA-NOVO-13_2024-07-08_13-59-35_jpg_2024-07-08_13-59-35.webp.webp?fit=1200%2C675&ssl=1&resize=700%2C400 2x, https:\/\/i0.wp.com\/noticiasribeiraopreto.com.br\/wp-content\/uploads\/2024\/10\/Copia-de-Copia-de-TAMANHO-EXATO-PARA-FOTOS-NO-SISTEMA-NOVO-13_2024-07-08_13-59-35_jpg_2024-07-08_13-59-35.webp.webp?fit=1200%2C675&ssl=1&resize=1050%2C600 3x"},"classes":[]},{"id":61798,"url":"https:\/\/noticiasribeiraopreto.com.br\/index.php\/2024\/12\/22\/natal-comercio-e-shoppings-tem-ultimos-dias-com-horarios-especiais-em-ribeirao-confira\/","url_meta":{"origin":36326,"position":4},"title":"Natal: Com\u00e9rcio e shoppings t\u00eam \u00faltimos dias com hor\u00e1rios especiais em Ribeir\u00e3o; Confira","author":"noticiasribeiraopreto.com.br","date":"22 de December de 2024","format":false,"excerpt":"O com\u00e9rcio de rua e shoppings de Ribeir\u00e3o Preto t\u00eam os \u00faltimos dias com hor\u00e1rios especiais de funcionamento para as compra dos presentes de Natal.\u00a0Veja como ser\u00e1 o atendimento nesta segunda-feira (23) e ter\u00e7a-feira (24): Com\u00e9rcio tradicional Segunda-feira (23) 9h \u00e0s 22h Ter\u00e7a-feira (24) 9h \u00e0s 18h Novo Shopping Segunda-feira\u2026","rel":"","context":"In &quot;Not\u00edcias de Ribeir\u00e3o Preto-SP e Regi\u00e3o&quot;","block_context":{"text":"Not\u00edcias de Ribeir\u00e3o Preto-SP e Regi\u00e3o","link":"https:\/\/noticiasribeiraopreto.com.br\/index.php\/category\/noticias-de-ribeirao-preto-sp-e-regiao-ismael-colosi\/"},"img":{"alt_text":"","src":"https:\/\/i0.wp.com\/noticiasribeiraopreto.com.br\/wp-content\/uploads\/2024\/12\/WhatsApp-Image-2023-12-23-at-13.47.15.jpeg?fit=1200%2C767&ssl=1&resize=350%2C200","width":350,"height":200,"srcset":"https:\/\/i0.wp.com\/noticiasribeiraopreto.com.br\/wp-content\/uploads\/2024\/12\/WhatsApp-Image-2023-12-23-at-13.47.15.jpeg?fit=1200%2C767&ssl=1&resize=350%2C200 1x, https:\/\/i0.wp.com\/noticiasribeiraopreto.com.br\/wp-content\/uploads\/2024\/12\/WhatsApp-Image-2023-12-23-at-13.47.15.jpeg?fit=1200%2C767&ssl=1&resize=525%2C300 1.5x, https:\/\/i0.wp.com\/noticiasribeiraopreto.com.br\/wp-content\/uploads\/2024\/12\/WhatsApp-Image-2023-12-23-at-13.47.15.jpeg?fit=1200%2C767&ssl=1&resize=700%2C400 2x, https:\/\/i0.wp.com\/noticiasribeiraopreto.com.br\/wp-content\/uploads\/2024\/12\/WhatsApp-Image-2023-12-23-at-13.47.15.jpeg?fit=1200%2C767&ssl=1&resize=1050%2C600 3x"},"classes":[]},{"id":51683,"url":"https:\/\/noticiasribeiraopreto.com.br\/index.php\/2024\/05\/29\/corpus-christi-confira-o-que-abre-e-fecha-no-feriado-em-ribeirao-preto\/","url_meta":{"origin":36326,"position":5},"title":"Corpus Christi: Confira o que abre e fecha no feriado em Ribeir\u00e3o Preto","author":"noticiasribeiraopreto.com.br","date":"29 de May de 2024","format":false,"excerpt":"O Corpus Christi \u00e9 comemorado sempre em uma quinta-feira, 60 dias ap\u00f3s a celebra\u00e7\u00e3o da P\u00e1scoa. Em Ribeir\u00e3o Preto, a data crist\u00e3 \u00e9 considerada feriado nesta quinta-feira (30) e a sexta-feira (31), ponto facultativo. Com o feriado prolongado, shoppings, com\u00e9rcio de rua e servi\u00e7os p\u00fablicos podem ter os hor\u00e1rios de\u2026","rel":"","context":"In &quot;Not\u00edcias de Ribeir\u00e3o Preto-SP e Regi\u00e3o&quot;","block_context":{"text":"Not\u00edcias de Ribeir\u00e3o Preto-SP e Regi\u00e3o","link":"https:\/\/noticiasribeiraopreto.com.br\/index.php\/category\/noticias-de-ribeirao-preto-sp-e-regiao-ismael-colosi\/"},"img":{"alt_text":"","src":"https:\/\/i0.wp.com\/noticiasribeiraopreto.com.br\/wp-content\/uploads\/2024\/05\/VejaoqueabreeoquefechaemRibeiroPretonoferiadodestasegunda_Tamanho_2_image.jpg?fit=1200%2C900&ssl=1&resize=350%2C200","width":350,"height":200,"srcset":"https:\/\/i0.wp.com\/noticiasribeiraopreto.com.br\/wp-content\/uploads\/2024\/05\/VejaoqueabreeoquefechaemRibeiroPretonoferiadodestasegunda_Tamanho_2_image.jpg?fit=1200%2C900&ssl=1&resize=350%2C200 1x, https:\/\/i0.wp.com\/noticiasribeiraopreto.com.br\/wp-content\/uploads\/2024\/05\/VejaoqueabreeoquefechaemRibeiroPretonoferiadodestasegunda_Tamanho_2_image.jpg?fit=1200%2C900&ssl=1&resize=525%2C300 1.5x, https:\/\/i0.wp.com\/noticiasribeiraopreto.com.br\/wp-content\/uploads\/2024\/05\/VejaoqueabreeoquefechaemRibeiroPretonoferiadodestasegunda_Tamanho_2_image.jpg?fit=1200%2C900&ssl=1&resize=700%2C400 2x, https:\/\/i0.wp.com\/noticiasribeiraopreto.com.br\/wp-content\/uploads\/2024\/05\/VejaoqueabreeoquefechaemRibeiroPretonoferiadodestasegunda_Tamanho_2_image.jpg?fit=1200%2C900&ssl=1&resize=1050%2C600 3x"},"classes":[]}],"jetpack_sharing_enabled":true,"jetpack_shortlink":"https:\/\/wp.me\/peQAOb-9rU","_links":{"self":[{"href":"https:\/\/noticiasribeiraopreto.com.br\/index.php\/wp-json\/wp\/v2\/posts\/36326","targetHints":{"allow":["GET"]}}],"collection":[{"href":"https:\/\/noticiasribeiraopreto.com.br\/index.php\/wp-json\/wp\/v2\/posts"}],"about":[{"href":"https:\/\/noticiasribeiraopreto.com.br\/index.php\/wp-json\/wp\/v2\/types\/post"}],"author":[{"embeddable":true,"href":"https:\/\/noticiasribeiraopreto.com.br\/index.php\/wp-json\/wp\/v2\/users\/1"}],"replies":[{"embeddable":true,"href":"https:\/\/noticiasribeiraopreto.com.br\/index.php\/wp-json\/wp\/v2\/comments?post=36326"}],"version-history":[{"count":0,"href":"https:\/\/noticiasribeiraopreto.com.br\/index.php\/wp-json\/wp\/v2\/posts\/36326\/revisions"}],"wp:featuredmedia":[{"embeddable":true,"href":"https:\/\/noticiasribeiraopreto.com.br\/index.php\/wp-json\/wp\/v2\/media\/36327"}],"wp:attachment":[{"href":"https:\/\/noticiasribeiraopreto.com.br\/index.php\/wp-json\/wp\/v2\/media?parent=36326"}],"wp:term":[{"taxonomy":"category","embeddable":true,"href":"https:\/\/noticiasribeiraopreto.com.br\/index.php\/wp-json\/wp\/v2\/categories?post=36326"},{"taxonomy":"post_tag","embeddable":true,"href":"https:\/\/noticiasribeiraopreto.com.br\/index.php\/wp-json\/wp\/v2\/tags?post=36326"}],"curies":[{"name":"wp","href":"https:\/\/api.w.org\/{rel}","templated":true}]}}