{"id":36334,"date":"2024-02-09T10:14:19","date_gmt":"2024-02-09T13:14:19","guid":{"rendered":"https:\/\/noticiasribeiraopreto.com.br\/index.php\/2024\/02\/09\/alexandre-de-moraes-vota-para-condenar-advogada-de-ribeirao-presa-nos-atos-de-8-de-janeiro-entenda\/"},"modified":"2024-02-09T10:14:19","modified_gmt":"2024-02-09T13:14:19","slug":"alexandre-de-moraes-vota-para-condenar-advogada-de-ribeirao-presa-nos-atos-de-8-de-janeiro-entenda","status":"publish","type":"post","link":"https:\/\/noticiasribeiraopreto.com.br\/index.php\/2024\/02\/09\/alexandre-de-moraes-vota-para-condenar-advogada-de-ribeirao-presa-nos-atos-de-8-de-janeiro-entenda\/","title":{"rendered":"Alexandre de Moraes vota para condenar advogada de Ribeir\u00e3o presa nos atos de 8 de janeiro; Entenda"},"content":{"rendered":"<div class='code-block code-block-1' style='margin: 8px 0 8px auto; text-align: right; display: block; clear: both;'>\n<p><a href=\"https:\/\/wa.link\/vpicfd\"><img data-recalc-dims=\"1\" class=\"wp-image-4922\" style=\"aspect-ratio: 2.0253164556962027; width: 561px; height: auto;\" src=\"https:\/\/i0.wp.com\/ismaelcolosi.com.br\/wp-content\/uploads\/2023\/11\/grupo-de-empregos-whatsapp-e-facebook-ismael-colosi-vagas.jpg?ssl=1\" alt=\"\" \/><\/a><\/p>\n<!-- \/wp:image -->\n<\/div>\n<p> <br \/>\n<\/p>\n<div>\n<p>O ministro <strong>Alexandre de Moraes<\/strong>, do <strong><a href=\"https:\/\/portal.stf.jus.br\/processos\/detalhe.asp?incidente=6668106\" target=\"_blank\" rel=\"noreferrer noopener nofollow\">STF (Supremo Tribunal Federal)<\/a><\/strong>, votou pela condena\u00e7\u00e3o da advogada <strong>Nara Faustino de Menezes<\/strong>, de<strong> Ribeir\u00e3o Preto<\/strong>, presa pelos<strong> atos de 8 de janeiro<\/strong>. <mark style=\"background-color:#fcb900\" class=\"has-inline-color has-black-color\">O ministro pede que a advogada seja condenada a 17 anos de pris\u00e3o, al\u00e9m do pagamento de R$ 30 milh\u00f5es de indeniza\u00e7\u00e3o por danos morais coletivos.<\/mark><\/p>\n<p>O julgamento de Nara Faustino de Menezes, no plen\u00e1rio virtual do STF, come\u00e7ou nesta sexta-feira (9), e segue at\u00e9 o dia 20 de fevereiro. Al\u00e9m de Alexandre de Moraes, relator do processo, os outros 9 ministros do Supremo precisam votar na a\u00e7\u00e3o, pela condena\u00e7\u00e3o ou absolvi\u00e7\u00e3o da advogada \u2013 lembrando que Fl\u00e1vio Dino toma posse no Supremo apenas no dia 22.<\/p>\n<h4 class=\"wp-block-heading\"><strong>O voto<\/strong><\/h4>\n<p>De acordo com o voto publicado por Alexandre de Moraes, <mark style=\"background-color:#fcb900\" class=\"has-inline-color has-black-color\">Nara Faustino de Menezes foi condenada pelos crimes de aboli\u00e7\u00e3o violenta do Estado Democr\u00e1tico de Direito, Golpe de Estado, deteriora\u00e7\u00e3o do patrim\u00f4nio tombado e associa\u00e7\u00e3o criminosa armada.<\/mark><\/p>\n<p>No voto, que tem 114 p\u00e1ginas, Alexandre de Moraes ainda informa que a condena\u00e7\u00e3o seja aplicada, inicialmente, em regime fechado. O voto do ministro pode ser conferido <strong><a href=\"https:\/\/portal.stf.jus.br\/processos\/detalhe.asp?incidente=6668106\" target=\"_blank\" rel=\"noreferrer noopener nofollow\">clicando aqui<\/a><\/strong>.<\/p>\n<h4 class=\"wp-block-heading\"><strong>Outro lado<\/strong><\/h4>\n<p>Desde os eventos do dia 8 de janeiro, a defesa de Nara Faustino informou que n\u00e3o iria se manifestar sobre o caso.<\/p>\n<p>No depoimento realizado ap\u00f3s a pris\u00e3o, em janeiro do ano passado, Nara Faustino negou ter participado da depreda\u00e7\u00e3o dos pr\u00e9dios p\u00fablicos localizados na Pra\u00e7a dos Tr\u00eas Poderes, em <strong>Bras\u00edlia<\/strong>.<\/p>\n<p>Na ocasi\u00e3o, Nara disse que participava pacificamente do ato e que chegou ao Congresso Nacional quando tudo estava aberto e j\u00e1 depredado. Ela ainda afirmou que teria tentado se esconder no local ap\u00f3s sentir cheiro de fuma\u00e7a.<\/p>\n<p>SAIBA MAIS<br \/>Aposta de Ribeir\u00e3o Preto leva bolada na Mega-Sena; Veja os n\u00fameros<\/p>\n<h4 class=\"wp-block-heading\"><strong>FIQUE ON<\/strong><\/h4>\n<p>Fique ligado em tudo que acontece em Ribeir\u00e3o Preto e regi\u00e3o. Siga os perfis do <strong>acidade on<\/strong> no <a href=\"https:\/\/www.instagram.com\/acidadeonribeirao\" target=\"_blank\" rel=\"noreferrer noopener nofollow\">Instagram<\/a> e no<a href=\"https:\/\/www.facebook.com\/acidadeonribeirao\" target=\"_blank\" rel=\"noreferrer noopener nofollow\"> Facebook<\/a>.<\/p>\n<p>Receba not\u00edcias do <strong>acidade on<\/strong> no WhatsApp.<a href=\"https:\/\/chat.whatsapp.com\/Bnv2w66ZT4VDyZW3oiZ69n\" target=\"_blank\" rel=\"noreferrer noopener nofollow\"> Para entrar no grupo, basta clicar aqui.<\/a><\/p>\n<p>Fa\u00e7a uma den\u00fancia ou sugira uma reportagem sobre Ribeir\u00e3o Preto e regi\u00e3o pelo WhatsApp: 16 99117 7802.<\/p>\n<p>VEJA TAMB\u00c9M<br \/>Quem \u00e9 o L\u00edder do BBB 24?<\/p>\n<p><!-- AI CONTENT END 1 -->\n<\/div>\n<p><script async src=\"\/\/www.instagram.com\/embed.js\"><\/script><br \/>\n<br \/><br \/>\n<br \/><a href=\"https:\/\/www.acidadeon.com\/ribeiraopreto\/politica\/alexandre-de-moraes-vota-para-condenar-advogada-de-ribeirao-preto-presa-nos-atos-de-8-de-janeiro-entenda\/\">Source link <\/a><\/p>\n<!-- CONTENT END 1 -->\n","protected":false},"excerpt":{"rendered":"<p>O ministro Alexandre de Moraes, do STF (Supremo Tribunal Federal), votou pela condena\u00e7\u00e3o da advogada Nara Faustino de Menezes, de Ribeir\u00e3o Preto, presa pelos atos&#8230;<\/p>\n","protected":false},"author":1,"featured_media":36335,"comment_status":"open","ping_status":"open","sticky":false,"template":"","format":"standard","meta":{"advanced_seo_description":"","jetpack_seo_html_title":"","jetpack_seo_noindex":false,"jetpack_post_was_ever_published":false,"_jetpack_newsletter_access":"","_jetpack_dont_email_post_to_subs":false,"_jetpack_newsletter_tier_id":0,"_jetpack_memberships_contains_paywalled_content":false,"_jetpack_memberships_contains_paid_content":false,"footnotes":"","jetpack_publicize_message":"","jetpack_publicize_feature_enabled":true,"jetpack_social_post_already_shared":true,"jetpack_social_options":{"image_generator_settings":{"template":"highway","default_image_id":0,"font":"","enabled":false},"version":2}},"categories":[11],"tags":[],"class_list":["post-36334","post","type-post","status-publish","format-standard","has-post-thumbnail","hentry","category-noticias-de-ribeirao-preto-sp-e-regiao-ismael-colosi"],"jetpack_publicize_connections":[],"jetpack_featured_media_url":"https:\/\/i0.wp.com\/noticiasribeiraopreto.com.br\/wp-content\/uploads\/2024\/02\/alexandre-de-moraes-nara-faustino.jpeg?fit=1600%2C900&ssl=1","jetpack-related-posts":[{"id":38610,"url":"https:\/\/noticiasribeiraopreto.com.br\/index.php\/2024\/02\/20\/stf-forma-maioria-para-condenar-advogada-de-ribeirao-presa-nos-atos-de-8-de-janeiro\/","url_meta":{"origin":36334,"position":0},"title":"STF forma maioria para condenar advogada de Ribeir\u00e3o presa nos atos de 8 de janeiro","author":"noticiasribeiraopreto.com.br","date":"20 de February de 2024","format":false,"excerpt":"O STF (Supremo Tribunal Federal) formou maioria, nesta ter\u00e7a-feira (20), para condenar advogada Nara Faustino de Menezes, de Ribeir\u00e3o Preto, presa pelos atos de 8 de janeiro de 2023, em Bras\u00edlia. At\u00e9 o momento, sete ministros votaram para condena\u00e7\u00e3o da advogada. O relator do processo \u00e9 o ministro Alexandre de\u2026","rel":"","context":"In &quot;Not\u00edcias de Ribeir\u00e3o Preto-SP e Regi\u00e3o&quot;","block_context":{"text":"Not\u00edcias de Ribeir\u00e3o Preto-SP e Regi\u00e3o","link":"https:\/\/noticiasribeiraopreto.com.br\/index.php\/category\/noticias-de-ribeirao-preto-sp-e-regiao-ismael-colosi\/"},"img":{"alt_text":"","src":"https:\/\/noticiasribeiraopreto.com.br\/wp-content\/uploads\/2024\/02\/nara-faustino-de-menezes.jpe","width":350,"height":200,"srcset":"https:\/\/noticiasribeiraopreto.com.br\/wp-content\/uploads\/2024\/02\/nara-faustino-de-menezes.jpe 1x, https:\/\/noticiasribeiraopreto.com.br\/wp-content\/uploads\/2024\/02\/nara-faustino-de-menezes.jpe 1.5x, https:\/\/noticiasribeiraopreto.com.br\/wp-content\/uploads\/2024\/02\/nara-faustino-de-menezes.jpe 2x, https:\/\/noticiasribeiraopreto.com.br\/wp-content\/uploads\/2024\/02\/nara-faustino-de-menezes.jpe 3x"},"classes":[]},{"id":38693,"url":"https:\/\/noticiasribeiraopreto.com.br\/index.php\/2024\/02\/21\/advogada-e-condenada-por-atos-golpistas\/","url_meta":{"origin":36334,"position":1},"title":"Advogada \u00e9 condenada por atos golpistas\u00a0","author":"noticiasribeiraopreto.com.br","date":"21 de February de 2024","format":false,"excerpt":"21 de fevereiro de 2024 | 9:1521 de fevereiro de 2024 | 9:06 0Nesta ter\u00e7a-feira, 20 de fevereiro, o Supremo Tribunal Federal (STF) formou maioria e condenou a advogada Nara Faustino de Menezes, de Ribeir\u00e3o Preto, por participa\u00e7\u00e3o nos atos golpistas de 8 de janeiro do ano passado, em Bras\u00edlia.\u2026","rel":"","context":"In &quot;Not\u00edcias de Ribeir\u00e3o Preto-SP e Regi\u00e3o&quot;","block_context":{"text":"Not\u00edcias de Ribeir\u00e3o Preto-SP e Regi\u00e3o","link":"https:\/\/noticiasribeiraopreto.com.br\/index.php\/category\/noticias-de-ribeirao-preto-sp-e-regiao-ismael-colosi\/"},"img":{"alt_text":"","src":"https:\/\/i0.wp.com\/noticiasribeiraopreto.com.br\/wp-content\/uploads\/2024\/02\/TerrorSTF-Detalhe-Redes-sociais-Reproducao-01-1-1-scaled.jpg?fit=1000%2C565&ssl=1&resize=350%2C200","width":350,"height":200,"srcset":"https:\/\/i0.wp.com\/noticiasribeiraopreto.com.br\/wp-content\/uploads\/2024\/02\/TerrorSTF-Detalhe-Redes-sociais-Reproducao-01-1-1-scaled.jpg?fit=1000%2C565&ssl=1&resize=350%2C200 1x, https:\/\/i0.wp.com\/noticiasribeiraopreto.com.br\/wp-content\/uploads\/2024\/02\/TerrorSTF-Detalhe-Redes-sociais-Reproducao-01-1-1-scaled.jpg?fit=1000%2C565&ssl=1&resize=525%2C300 1.5x, https:\/\/i0.wp.com\/noticiasribeiraopreto.com.br\/wp-content\/uploads\/2024\/02\/TerrorSTF-Detalhe-Redes-sociais-Reproducao-01-1-1-scaled.jpg?fit=1000%2C565&ssl=1&resize=700%2C400 2x"},"classes":[]},{"id":34330,"url":"https:\/\/noticiasribeiraopreto.com.br\/index.php\/2024\/02\/01\/stf-marca-julgamento-de-advogada-de-ribeirao-preto-presa-nos-atos-de-8-de-janeiro\/","url_meta":{"origin":36334,"position":2},"title":"STF marca julgamento de advogada de Ribeir\u00e3o Preto presa nos atos de 8 de janeiro","author":"noticiasribeiraopreto.com.br","date":"1 de February de 2024","format":false,"excerpt":"O STF (Supremo Tribunal Federal) incluiu a advogada Nara Faustino de Menezes, de Ribeir\u00e3o Preto, na pauta de julgamentos pelos atos de 8 de janeiro de 2023. O julgamento no plen\u00e1rio virtual acontece entre os dias 9 e 20 de fevereiro. A advogada foi autuada nos termos do artigo 359-M\u2026","rel":"","context":"In &quot;Not\u00edcias de Ribeir\u00e3o Preto-SP e Regi\u00e3o&quot;","block_context":{"text":"Not\u00edcias de Ribeir\u00e3o Preto-SP e Regi\u00e3o","link":"https:\/\/noticiasribeiraopreto.com.br\/index.php\/category\/noticias-de-ribeirao-preto-sp-e-regiao-ismael-colosi\/"},"img":{"alt_text":"","src":"https:\/\/noticiasribeiraopreto.com.br\/wp-content\/uploads\/2024\/02\/nara-faustino-de-menezes.jpe","width":350,"height":200,"srcset":"https:\/\/noticiasribeiraopreto.com.br\/wp-content\/uploads\/2024\/02\/nara-faustino-de-menezes.jpe 1x, https:\/\/noticiasribeiraopreto.com.br\/wp-content\/uploads\/2024\/02\/nara-faustino-de-menezes.jpe 1.5x, https:\/\/noticiasribeiraopreto.com.br\/wp-content\/uploads\/2024\/02\/nara-faustino-de-menezes.jpe 2x, https:\/\/noticiasribeiraopreto.com.br\/wp-content\/uploads\/2024\/02\/nara-faustino-de-menezes.jpe 3x"},"classes":[]},{"id":39712,"url":"https:\/\/noticiasribeiraopreto.com.br\/index.php\/2024\/02\/27\/carmen-lucia-vota-pela-condenacao-de-barquet-miguel-junior\/","url_meta":{"origin":36334,"position":3},"title":"C\u00e1rmen L\u00facia vota pela condena\u00e7\u00e3o de Barquet Miguel J\u00fanior","author":"noticiasribeiraopreto.com.br","date":"27 de February de 2024","format":false,"excerpt":"27 de fevereiro de 2024 | 17:09 0A ministra C\u00e1rmen L\u00facia do Supremo Tribunal Federal (STF), acompanhou, nesta ter\u00e7a-feira, 27 de fevereiro, o voto do relator do processo dos atos antidemocr\u00e1ticos de 8 de janeiro do ano passado, o ministro Alexandre de Moraes. Ele quer a condena\u00e7\u00e3o do corretor de\u2026","rel":"","context":"In &quot;Not\u00edcias de Ribeir\u00e3o Preto-SP e Regi\u00e3o&quot;","block_context":{"text":"Not\u00edcias de Ribeir\u00e3o Preto-SP e Regi\u00e3o","link":"https:\/\/noticiasribeiraopreto.com.br\/index.php\/category\/noticias-de-ribeirao-preto-sp-e-regiao-ismael-colosi\/"},"img":{"alt_text":"","src":"https:\/\/i0.wp.com\/noticiasribeiraopreto.com.br\/wp-content\/uploads\/2024\/02\/carmen_lucia-scaled.jpg?fit=1000%2C552&ssl=1&resize=350%2C200","width":350,"height":200,"srcset":"https:\/\/i0.wp.com\/noticiasribeiraopreto.com.br\/wp-content\/uploads\/2024\/02\/carmen_lucia-scaled.jpg?fit=1000%2C552&ssl=1&resize=350%2C200 1x, https:\/\/i0.wp.com\/noticiasribeiraopreto.com.br\/wp-content\/uploads\/2024\/02\/carmen_lucia-scaled.jpg?fit=1000%2C552&ssl=1&resize=525%2C300 1.5x, https:\/\/i0.wp.com\/noticiasribeiraopreto.com.br\/wp-content\/uploads\/2024\/02\/carmen_lucia-scaled.jpg?fit=1000%2C552&ssl=1&resize=700%2C400 2x"},"classes":[]},{"id":40376,"url":"https:\/\/noticiasribeiraopreto.com.br\/index.php\/2024\/03\/03\/saiba-se-os-moradores-de-ribeirao-condenados-pelos-atos-de-8-de-janeiro-serao-presos\/","url_meta":{"origin":36334,"position":4},"title":"Saiba se os moradores de Ribeir\u00e3o condenados pelos atos de 8 de janeiro ser\u00e3o presos","author":"noticiasribeiraopreto.com.br","date":"3 de March de 2024","format":false,"excerpt":"O STF (Supremo Tribunal Federal) condenou dois moradores de Ribeir\u00e3o Preto pelos atos de 8 de janeiro de 2023 pelos crimes de tentativa de Golpe de Estado, entre outros. Mas isso n\u00e3o significa que eles v\u00e3o presos imediatamente. Quando ser\u00e3o presos? De acordo com a Corte, os condenados s\u00f3 passam\u2026","rel":"","context":"In &quot;Not\u00edcias de Ribeir\u00e3o Preto-SP e Regi\u00e3o&quot;","block_context":{"text":"Not\u00edcias de Ribeir\u00e3o Preto-SP e Regi\u00e3o","link":"https:\/\/noticiasribeiraopreto.com.br\/index.php\/category\/noticias-de-ribeirao-preto-sp-e-regiao-ismael-colosi\/"},"img":{"alt_text":"","src":"https:\/\/i0.wp.com\/noticiasribeiraopreto.com.br\/wp-content\/uploads\/2024\/03\/AnyConv.com__WhatsApp-Image-2024-03-02-at-10.37.09.webp.webp?fit=1200%2C675&ssl=1&resize=350%2C200","width":350,"height":200,"srcset":"https:\/\/i0.wp.com\/noticiasribeiraopreto.com.br\/wp-content\/uploads\/2024\/03\/AnyConv.com__WhatsApp-Image-2024-03-02-at-10.37.09.webp.webp?fit=1200%2C675&ssl=1&resize=350%2C200 1x, https:\/\/i0.wp.com\/noticiasribeiraopreto.com.br\/wp-content\/uploads\/2024\/03\/AnyConv.com__WhatsApp-Image-2024-03-02-at-10.37.09.webp.webp?fit=1200%2C675&ssl=1&resize=525%2C300 1.5x, https:\/\/i0.wp.com\/noticiasribeiraopreto.com.br\/wp-content\/uploads\/2024\/03\/AnyConv.com__WhatsApp-Image-2024-03-02-at-10.37.09.webp.webp?fit=1200%2C675&ssl=1&resize=700%2C400 2x, https:\/\/i0.wp.com\/noticiasribeiraopreto.com.br\/wp-content\/uploads\/2024\/03\/AnyConv.com__WhatsApp-Image-2024-03-02-at-10.37.09.webp.webp?fit=1200%2C675&ssl=1&resize=1050%2C600 3x"},"classes":[]},{"id":39083,"url":"https:\/\/noticiasribeiraopreto.com.br\/index.php\/2024\/02\/23\/stf-vai-julgar-barquet-miguel-2\/","url_meta":{"origin":36334,"position":5},"title":"STF vai julgar Barquet Miguel \u00a0","author":"noticiasribeiraopreto.com.br","date":"23 de February de 2024","format":false,"excerpt":"23 de fevereiro de 2024 | 11:0023 de fevereiro de 2024 | 7:55 0O Supremo Tribunal Federal (STF) inicia nesta sexta-feira, 23 de fevereiro, o julgamento do corretor de im\u00f3veis ribeir\u00e3o-pretano Barquet Miguel J\u00fanior, que chegou a ser preso durante os atos antidemocr\u00e1ticos e golpistas de 8 de janeiro do\u2026","rel":"","context":"In &quot;Not\u00edcias de Ribeir\u00e3o Preto-SP e Regi\u00e3o&quot;","block_context":{"text":"Not\u00edcias de Ribeir\u00e3o Preto-SP e Regi\u00e3o","link":"https:\/\/noticiasribeiraopreto.com.br\/index.php\/category\/noticias-de-ribeirao-preto-sp-e-regiao-ismael-colosi\/"},"img":{"alt_text":"","src":"https:\/\/i0.wp.com\/noticiasribeiraopreto.com.br\/wp-content\/uploads\/2024\/02\/TerrorSTF-Detalhe-Redes-sociais-Reproducao-01-2.jpg?fit=975%2C606&ssl=1&resize=350%2C200","width":350,"height":200,"srcset":"https:\/\/i0.wp.com\/noticiasribeiraopreto.com.br\/wp-content\/uploads\/2024\/02\/TerrorSTF-Detalhe-Redes-sociais-Reproducao-01-2.jpg?fit=975%2C606&ssl=1&resize=350%2C200 1x, https:\/\/i0.wp.com\/noticiasribeiraopreto.com.br\/wp-content\/uploads\/2024\/02\/TerrorSTF-Detalhe-Redes-sociais-Reproducao-01-2.jpg?fit=975%2C606&ssl=1&resize=525%2C300 1.5x, https:\/\/i0.wp.com\/noticiasribeiraopreto.com.br\/wp-content\/uploads\/2024\/02\/TerrorSTF-Detalhe-Redes-sociais-Reproducao-01-2.jpg?fit=975%2C606&ssl=1&resize=700%2C400 2x"},"classes":[]}],"jetpack_sharing_enabled":true,"jetpack_shortlink":"https:\/\/wp.me\/peQAOb-9s2","_links":{"self":[{"href":"https:\/\/noticiasribeiraopreto.com.br\/index.php\/wp-json\/wp\/v2\/posts\/36334","targetHints":{"allow":["GET"]}}],"collection":[{"href":"https:\/\/noticiasribeiraopreto.com.br\/index.php\/wp-json\/wp\/v2\/posts"}],"about":[{"href":"https:\/\/noticiasribeiraopreto.com.br\/index.php\/wp-json\/wp\/v2\/types\/post"}],"author":[{"embeddable":true,"href":"https:\/\/noticiasribeiraopreto.com.br\/index.php\/wp-json\/wp\/v2\/users\/1"}],"replies":[{"embeddable":true,"href":"https:\/\/noticiasribeiraopreto.com.br\/index.php\/wp-json\/wp\/v2\/comments?post=36334"}],"version-history":[{"count":0,"href":"https:\/\/noticiasribeiraopreto.com.br\/index.php\/wp-json\/wp\/v2\/posts\/36334\/revisions"}],"wp:featuredmedia":[{"embeddable":true,"href":"https:\/\/noticiasribeiraopreto.com.br\/index.php\/wp-json\/wp\/v2\/media\/36335"}],"wp:attachment":[{"href":"https:\/\/noticiasribeiraopreto.com.br\/index.php\/wp-json\/wp\/v2\/media?parent=36334"}],"wp:term":[{"taxonomy":"category","embeddable":true,"href":"https:\/\/noticiasribeiraopreto.com.br\/index.php\/wp-json\/wp\/v2\/categories?post=36334"},{"taxonomy":"post_tag","embeddable":true,"href":"https:\/\/noticiasribeiraopreto.com.br\/index.php\/wp-json\/wp\/v2\/tags?post=36334"}],"curies":[{"name":"wp","href":"https:\/\/api.w.org\/{rel}","templated":true}]}}