{"id":36336,"date":"2024-02-09T10:31:05","date_gmt":"2024-02-09T13:31:05","guid":{"rendered":"https:\/\/noticiasribeiraopreto.com.br\/index.php\/2024\/02\/09\/necta-gas-tem-novo-ceo-em-2024\/"},"modified":"2024-02-09T10:31:05","modified_gmt":"2024-02-09T13:31:05","slug":"necta-gas-tem-novo-ceo-em-2024","status":"publish","type":"post","link":"https:\/\/noticiasribeiraopreto.com.br\/index.php\/2024\/02\/09\/necta-gas-tem-novo-ceo-em-2024\/","title":{"rendered":"Necta G\u00e1s tem novo CEO em 2024"},"content":{"rendered":"<div class='code-block code-block-1' style='margin: 8px 0 8px auto; text-align: right; display: block; clear: both;'>\n<p><a href=\"https:\/\/wa.link\/vpicfd\"><img data-recalc-dims=\"1\" class=\"wp-image-4922\" style=\"aspect-ratio: 2.0253164556962027; width: 561px; height: auto;\" src=\"https:\/\/i0.wp.com\/ismaelcolosi.com.br\/wp-content\/uploads\/2023\/11\/grupo-de-empregos-whatsapp-e-facebook-ismael-colosi-vagas.jpg?ssl=1\" alt=\"\" \/><\/a><\/p>\n<!-- \/wp:image -->\n<\/div>\n<p> <br \/>\n<\/p>\n<div id=\"post-373195\">\n<header class=\"entry-header penci-entry-header penci-title-center\">\n<p> <span class=\"entry-meta-item penci-posted-on\"><i class=\"fa fa-clock-o\"\/><time class=\"entry-date published updated\" datetime=\"2024-02-09T10:20:38-03:00\">9 de fevereiro de 2024 | 10:20<\/time><\/span><\/p>\n<p> <span class=\"penci-social-buttons penci-social-share-footer\"><a href=\"#\" class=\"penci-post-like penci_post-meta_item  single-like-button penci-social-item like\" data-post_id=\"373195\" title=\"Like\" data-like=\"Like\" data-unlike=\"Unlike\"><i class=\"fa fa-thumbs-o-up\"\/><span class=\"penci-share-number\">0<\/span><\/a><i class=\"fa fa-facebook\"\/><a class=\"penci-social-item twitter\" target=\"_blank\" rel=\"noopener\" title=\"\" href=\"https:\/\/twitter.com\/intent\/tweet?text=Necta%20G\u00e1s%20tem%20novo%20CEO%20em%202024%20-%20https:\/\/www.tribunaribeirao.com.br\/site\/necta-gas-tem-novo-ceo-em-2024\/\"><i class=\"fa fa-twitter\"\/><\/a><i class=\"fa fa-whatsapp\"\/><\/span><\/header>\n<div class=\"penci-entry-content entry-content\">\n<p>A Necta G\u00e1s recebe com entusiasmo seu novo CEO para o ano de 2024: Jos\u00e9 Eduardo Moreira. Com uma s\u00f3lida forma\u00e7\u00e3o em Direito e enriquecido por um MBA em Gest\u00e3o de Projetos pela FIA e em Gest\u00e3o Empresarial pela FGV, Moreira traz consigo uma bagagem de 35 anos de experi\u00eancia profissional, sobretudo no mercado de energia. Sua trajet\u00f3ria inclui diversas fun\u00e7\u00f5es executivas na Comgas, onde se destacou em \u00e1reas como marketing, vendas e opera\u00e7\u00f5es, culminando na posi\u00e7\u00e3o de Diretor Comercial. Al\u00e9m disso, sua influ\u00eancia se estende ao \u00e2mbito associativo, como vice-presidente do conselho da COGEN \u2013 Associa\u00e7\u00e3o da Ind\u00fastria de Cogera\u00e7\u00e3o de Energia e conselheiro na CEGAS. Recentemente, ocupou o cargo de Diretor Comercial e Planejamento Estrat\u00e9gico na Commit Gas at\u00e9 dezembro de 2023.<\/p>\n<div>\n<p>\u00c0 frente da Necta, Moreira se compromete com a miss\u00e3o de impulsionar o crescimento da empresa de maneira sustent\u00e1vel e eficiente, concentrando-se na expans\u00e3o da rede e na cria\u00e7\u00e3o de oportunidades alinhadas com os princ\u00edpios da sustentabilidade. \u201cEstamos diante de desafios significativos no setor energ\u00e9tico, especialmente na regi\u00e3o em que atuamos. Acredito que o g\u00e1s natural e o biometano podem desempenhar um papel crucial na matriz energ\u00e9tica brasileira, e estamos empenhados em levar os benef\u00edcios econ\u00f4micos, sociais e ambientais dessas fontes de energia limpa e sustent\u00e1vel a um n\u00famero cada vez maior de consumidores, empresas e setores automotivos. Al\u00e9m disso, estamos comprometidos em garantir seguran\u00e7a e efici\u00eancia energ\u00e9tica para nossos clientes\u201d, afirma Moreira.<\/p>\n<p><strong>Sobre a Necta G\u00e1s<\/strong>\u00a0\u2013 A Necta G\u00e1s \u00e9 uma companhia dedicada ao servi\u00e7o p\u00fablico de distribui\u00e7\u00e3o de g\u00e1s canalizado em todo o noroeste do Estado de S\u00e3o Paulo, atualmente operando em 42 munic\u00edpios. Desde o in\u00edcio de suas opera\u00e7\u00f5es, a empresa j\u00e1 construiu aproximadamente 1.300 quil\u00f4metros de rede de distribui\u00e7\u00e3o e atende atualmente cerca de 45 mil clientes nos setores residencial, comercial, industrial e automotivo. Com uma equipe de 120 colaboradores, a sede da empresa est\u00e1 localizada em Araraquara (SP), contando ainda com filiais em Ara\u00e7atuba, Bauru, S\u00e3o Carlos e Ribeir\u00e3o Preto, onde a presen\u00e7a da empresa est\u00e1 sendo expandida com a inaugura\u00e7\u00e3o de um novo escrit\u00f3rio na zona Sul da cidade.<\/p>\n<\/div>\n<\/div>\n<footer class=\"penci-entry-footer\"\/><\/div>\n<p><script async src=\"\/\/platform.twitter.com\/widgets.js\" charset=\"utf-8\"><\/script><br \/>\n<br \/><br \/>\n<br \/><a href=\"https:\/\/www.tribunaribeirao.com.br\/site\/necta-gas-tem-novo-ceo-em-2024\/\">Source link <\/a><\/p>\n<!-- CONTENT END 1 -->\n","protected":false},"excerpt":{"rendered":"<p>9 de fevereiro de 2024 | 10:20 0 A Necta G\u00e1s recebe com entusiasmo seu novo CEO para o ano de 2024: Jos\u00e9 Eduardo Moreira&#8230;.<\/p>\n","protected":false},"author":1,"featured_media":36337,"comment_status":"open","ping_status":"open","sticky":false,"template":"","format":"standard","meta":{"advanced_seo_description":"","jetpack_seo_html_title":"","jetpack_seo_noindex":false,"jetpack_post_was_ever_published":false,"_jetpack_newsletter_access":"","_jetpack_dont_email_post_to_subs":false,"_jetpack_newsletter_tier_id":0,"_jetpack_memberships_contains_paywalled_content":false,"_jetpack_memberships_contains_paid_content":false,"footnotes":"","jetpack_publicize_message":"","jetpack_publicize_feature_enabled":true,"jetpack_social_post_already_shared":true,"jetpack_social_options":{"image_generator_settings":{"template":"highway","default_image_id":0,"font":"","enabled":false},"version":2}},"categories":[11],"tags":[4171,1852,4170,381,162],"class_list":["post-36336","post","type-post","status-publish","format-standard","has-post-thumbnail","hentry","category-noticias-de-ribeirao-preto-sp-e-regiao-ismael-colosi","tag-ceo","tag-gas","tag-necta","tag-novo","tag-tem"],"jetpack_publicize_connections":[],"jetpack_featured_media_url":"https:\/\/i0.wp.com\/noticiasribeiraopreto.com.br\/wp-content\/uploads\/2024\/02\/Jose-Eduardo-Moreira-CEO-da-Necta-Gas-scaled.jpg?fit=979%2C645&ssl=1","jetpack-related-posts":[{"id":74561,"url":"https:\/\/noticiasribeiraopreto.com.br\/index.php\/2025\/07\/24\/vazamento-de-gas-chama-a-atencao-de-moradores-no-centro-de-ribeirao-preto\/","url_meta":{"origin":36336,"position":0},"title":"Vazamento de g\u00e1s chama a aten\u00e7\u00e3o de moradores no Centro de Ribeir\u00e3o Preto","author":"noticiasribeiraopreto.com.br","date":"24 de July de 2025","format":false,"excerpt":"Um vazamento de g\u00e1s provocou movimenta\u00e7\u00e3o no Centro de Ribeir\u00e3o Preto na manh\u00e3 desta quinta-feira (24). De acordo com a Necta G\u00e1s Natural, concession\u00e1ria respons\u00e1vel pela distribui\u00e7\u00e3o do produto, o vazamento j\u00e1 foi eliminado. O incidente aconteceu por volta das 11h15 na rua Bernardino de Campos, esquina com a Rua\u2026","rel":"","context":"In &quot;Not\u00edcias de Ribeir\u00e3o Preto-SP e Regi\u00e3o&quot;","block_context":{"text":"Not\u00edcias de Ribeir\u00e3o Preto-SP e Regi\u00e3o","link":"https:\/\/noticiasribeiraopreto.com.br\/index.php\/category\/noticias-de-ribeirao-preto-sp-e-regiao-ismael-colosi\/"},"img":{"alt_text":"","src":"https:\/\/i0.wp.com\/noticiasribeiraopreto.com.br\/wp-content\/uploads\/2025\/07\/vazamento-de-gas_2025-07-24_15-34-41.webp.webp?fit=1200%2C666&ssl=1&resize=350%2C200","width":350,"height":200,"srcset":"https:\/\/i0.wp.com\/noticiasribeiraopreto.com.br\/wp-content\/uploads\/2025\/07\/vazamento-de-gas_2025-07-24_15-34-41.webp.webp?fit=1200%2C666&ssl=1&resize=350%2C200 1x, https:\/\/i0.wp.com\/noticiasribeiraopreto.com.br\/wp-content\/uploads\/2025\/07\/vazamento-de-gas_2025-07-24_15-34-41.webp.webp?fit=1200%2C666&ssl=1&resize=525%2C300 1.5x, https:\/\/i0.wp.com\/noticiasribeiraopreto.com.br\/wp-content\/uploads\/2025\/07\/vazamento-de-gas_2025-07-24_15-34-41.webp.webp?fit=1200%2C666&ssl=1&resize=700%2C400 2x, https:\/\/i0.wp.com\/noticiasribeiraopreto.com.br\/wp-content\/uploads\/2025\/07\/vazamento-de-gas_2025-07-24_15-34-41.webp.webp?fit=1200%2C666&ssl=1&resize=1050%2C600 3x"},"classes":[]},{"id":74180,"url":"https:\/\/noticiasribeiraopreto.com.br\/index.php\/2025\/07\/17\/aeroporto-de-ribeirao-preto-planeja-masterplan-com-tecnologia-sustentavel\/","url_meta":{"origin":36336,"position":1},"title":"Aeroporto de Ribeir\u00e3o Preto planeja \u2018masterplan\u2019 com tecnologia sustent\u00e1vel","author":"noticiasribeiraopreto.com.br","date":"17 de July de 2025","format":false,"excerpt":"O CEO da Rede Voa, respons\u00e1vel pela gest\u00e3o do aeroporto Leite Lopes, em Ribeir\u00e3o Preto, apresentou o projeto do \u201cmasterplan\u201d para o prefeito Ricardo Silva (PSD). De acordo com a concession\u00e1ria, ser\u00e1 implantada uma infraestrutura de distribui\u00e7\u00e3o de g\u00e1s natural para abastecimento do aeroporto. O fornecimento de g\u00e1s ser\u00e1 realizado\u2026","rel":"","context":"In &quot;Not\u00edcias de Ribeir\u00e3o Preto-SP e Regi\u00e3o&quot;","block_context":{"text":"Not\u00edcias de Ribeir\u00e3o Preto-SP e Regi\u00e3o","link":"https:\/\/noticiasribeiraopreto.com.br\/index.php\/category\/noticias-de-ribeirao-preto-sp-e-regiao-ismael-colosi\/"},"img":{"alt_text":"","src":"https:\/\/i0.wp.com\/noticiasribeiraopreto.com.br\/wp-content\/uploads\/2025\/07\/aeroporto-leite-lopes_2025-07-17_13-56-19.webp.webp?fit=1024%2C682&ssl=1&resize=350%2C200","width":350,"height":200,"srcset":"https:\/\/i0.wp.com\/noticiasribeiraopreto.com.br\/wp-content\/uploads\/2025\/07\/aeroporto-leite-lopes_2025-07-17_13-56-19.webp.webp?fit=1024%2C682&ssl=1&resize=350%2C200 1x, https:\/\/i0.wp.com\/noticiasribeiraopreto.com.br\/wp-content\/uploads\/2025\/07\/aeroporto-leite-lopes_2025-07-17_13-56-19.webp.webp?fit=1024%2C682&ssl=1&resize=525%2C300 1.5x, https:\/\/i0.wp.com\/noticiasribeiraopreto.com.br\/wp-content\/uploads\/2025\/07\/aeroporto-leite-lopes_2025-07-17_13-56-19.webp.webp?fit=1024%2C682&ssl=1&resize=700%2C400 2x"},"classes":[]},{"id":22625,"url":"https:\/\/noticiasribeiraopreto.com.br\/index.php\/2023\/12\/30\/petroreconcavo-recv3-confirma-que-tera-novo-ceo-a-partir-de-janeiro-saiba-quem-e-e-os-desafios-adiante\/","url_meta":{"origin":36336,"position":2},"title":"PetroReconcavo (RECV3) confirma que ter\u00e1 novo CEO a partir de janeiro; saiba quem \u00e9 e os desafios adiante\u00a0","author":"noticiasribeiraopreto.com.br","date":"30 de December de 2023","format":false,"excerpt":"Conforme anunciado em novembro, Jos\u00e9 Firmo ser\u00e1 o novo CEO da PetroReconcavo (RECV3) a partir da pr\u00f3xima segunda-feira, 1\u00ba de janeiro. A mudan\u00e7a foi confirmada pela petroleira j\u00fanior neste s\u00e1bado (30), com a elei\u00e7\u00e3o do executivo no Conselho de Administra\u00e7\u00e3o da empresa.\u00a0 Firmo assumir\u00e1 o cargo no lugar de Marcelo\u2026","rel":"","context":"In &quot;Dinheiro e Investimento&quot;","block_context":{"text":"Dinheiro e Investimento","link":"https:\/\/noticiasribeiraopreto.com.br\/index.php\/category\/dinheiro-e-investimento-como-fazer-como-ganhar\/"},"img":{"alt_text":"","src":"https:\/\/i0.wp.com\/noticiasribeiraopreto.com.br\/wp-content\/uploads\/2023\/12\/image002-1-628x353.jpg?fit=628%2C353&ssl=1&resize=350%2C200","width":350,"height":200,"srcset":"https:\/\/i0.wp.com\/noticiasribeiraopreto.com.br\/wp-content\/uploads\/2023\/12\/image002-1-628x353.jpg?fit=628%2C353&ssl=1&resize=350%2C200 1x, https:\/\/i0.wp.com\/noticiasribeiraopreto.com.br\/wp-content\/uploads\/2023\/12\/image002-1-628x353.jpg?fit=628%2C353&ssl=1&resize=525%2C300 1.5x"},"classes":[]},{"id":74673,"url":"https:\/\/noticiasribeiraopreto.com.br\/index.php\/2025\/07\/27\/ribeirao-preto-inicia-estudos-para-descarbonizacao-da-frota-de-onibus\/","url_meta":{"origin":36336,"position":3},"title":"Ribeir\u00e3o Preto inicia estudos para descarboniza\u00e7\u00e3o da frota de \u00f4nibus","author":"noticiasribeiraopreto.com.br","date":"27 de July de 2025","format":false,"excerpt":"Ribeir\u00e3o Preto iniciou os estudos para descarboniza\u00e7\u00e3o da frota de \u00f4nibus da cidade. A ideia \u00e9 que os ve\u00edculos do transporte coletivo sejam movidos por combust\u00edveis sustent\u00e1veis, como o g\u00e1s natural e biometano. A Necta, concession\u00e1ria respons\u00e1vel pelo fornecimento de g\u00e1s natural em Ribeir\u00e3o Preto, apresentou a proposta em reuni\u00e3o\u2026","rel":"","context":"In &quot;Not\u00edcias de Ribeir\u00e3o Preto-SP e Regi\u00e3o&quot;","block_context":{"text":"Not\u00edcias de Ribeir\u00e3o Preto-SP e Regi\u00e3o","link":"https:\/\/noticiasribeiraopreto.com.br\/index.php\/category\/noticias-de-ribeirao-preto-sp-e-regiao-ismael-colosi\/"},"img":{"alt_text":"","src":"https:\/\/i0.wp.com\/noticiasribeiraopreto.com.br\/wp-content\/uploads\/2025\/07\/WhatsApp-Image-2024-10-17-at-15.21.43_2024-10-17_21-54-03_jpeg_2024-10-17_21-54-04-1024x682.webp.webp?fit=1024%2C682&ssl=1&resize=350%2C200","width":350,"height":200,"srcset":"https:\/\/i0.wp.com\/noticiasribeiraopreto.com.br\/wp-content\/uploads\/2025\/07\/WhatsApp-Image-2024-10-17-at-15.21.43_2024-10-17_21-54-03_jpeg_2024-10-17_21-54-04-1024x682.webp.webp?fit=1024%2C682&ssl=1&resize=350%2C200 1x, https:\/\/i0.wp.com\/noticiasribeiraopreto.com.br\/wp-content\/uploads\/2025\/07\/WhatsApp-Image-2024-10-17-at-15.21.43_2024-10-17_21-54-03_jpeg_2024-10-17_21-54-04-1024x682.webp.webp?fit=1024%2C682&ssl=1&resize=525%2C300 1.5x, https:\/\/i0.wp.com\/noticiasribeiraopreto.com.br\/wp-content\/uploads\/2025\/07\/WhatsApp-Image-2024-10-17-at-15.21.43_2024-10-17_21-54-03_jpeg_2024-10-17_21-54-04-1024x682.webp.webp?fit=1024%2C682&ssl=1&resize=700%2C400 2x"},"classes":[]},{"id":61418,"url":"https:\/\/noticiasribeiraopreto.com.br\/index.php\/2024\/12\/12\/parque-de-ribeirao-recebe-apresentacao-gratuita-de-natal-na-casa-do-papai-noel\/","url_meta":{"origin":36336,"position":4},"title":"Parque de Ribeir\u00e3o recebe apresenta\u00e7\u00e3o gratuita de Natal na Casa do Papai Noel","author":"noticiasribeiraopreto.com.br","date":"12 de December de 2024","format":false,"excerpt":"No pr\u00f3ximo s\u00e1bado (14), a Casa do Papai Noel Necta, localizada no Parque Luiz Carlos Raya, em Ribeir\u00e3o Preto, recebe, a partir das 10h, o coral composto por alunos da Academia Livre de Artes e M\u00fasica (Alma) para uma apresenta\u00e7\u00e3o gratuita com repert\u00f3rio natalino. Can\u00e7\u00f5es como \u201cO Velhinho\u201d, \u201cNatal Branco\u201d,\u2026","rel":"","context":"In &quot;Not\u00edcias de Ribeir\u00e3o Preto-SP e Regi\u00e3o&quot;","block_context":{"text":"Not\u00edcias de Ribeir\u00e3o Preto-SP e Regi\u00e3o","link":"https:\/\/noticiasribeiraopreto.com.br\/index.php\/category\/noticias-de-ribeirao-preto-sp-e-regiao-ismael-colosi\/"},"img":{"alt_text":"","src":"https:\/\/i0.wp.com\/noticiasribeiraopreto.com.br\/wp-content\/uploads\/2024\/12\/Casinha-do-Papai-Noel-Verde-da-Necta-no-Parque-Raya_2024-12-12_12-33-15_jpg_2024-12-12_12-33-16.webp.webp?fit=1200%2C800&ssl=1&resize=350%2C200","width":350,"height":200,"srcset":"https:\/\/i0.wp.com\/noticiasribeiraopreto.com.br\/wp-content\/uploads\/2024\/12\/Casinha-do-Papai-Noel-Verde-da-Necta-no-Parque-Raya_2024-12-12_12-33-15_jpg_2024-12-12_12-33-16.webp.webp?fit=1200%2C800&ssl=1&resize=350%2C200 1x, https:\/\/i0.wp.com\/noticiasribeiraopreto.com.br\/wp-content\/uploads\/2024\/12\/Casinha-do-Papai-Noel-Verde-da-Necta-no-Parque-Raya_2024-12-12_12-33-15_jpg_2024-12-12_12-33-16.webp.webp?fit=1200%2C800&ssl=1&resize=525%2C300 1.5x, https:\/\/i0.wp.com\/noticiasribeiraopreto.com.br\/wp-content\/uploads\/2024\/12\/Casinha-do-Papai-Noel-Verde-da-Necta-no-Parque-Raya_2024-12-12_12-33-15_jpg_2024-12-12_12-33-16.webp.webp?fit=1200%2C800&ssl=1&resize=700%2C400 2x, https:\/\/i0.wp.com\/noticiasribeiraopreto.com.br\/wp-content\/uploads\/2024\/12\/Casinha-do-Papai-Noel-Verde-da-Necta-no-Parque-Raya_2024-12-12_12-33-15_jpg_2024-12-12_12-33-16.webp.webp?fit=1200%2C800&ssl=1&resize=1050%2C600 3x"},"classes":[]},{"id":74541,"url":"https:\/\/noticiasribeiraopreto.com.br\/index.php\/2025\/07\/24\/video-vazamento-de-gas-mobiliza-bombeiros-em-rp\/","url_meta":{"origin":36336,"position":5},"title":"V\u00cdDEO: Vazamento de g\u00e1s mobiliza Bombeiros em RP","author":"noticiasribeiraopreto.com.br","date":"24 de July de 2025","format":false,"excerpt":"Durante obra realizada pela SAERP, tubula\u00e7\u00e3o de g\u00e1s foi atingida, causando apreens\u00e3o na regi\u00e3o central 24 de julho de 2025 13:3124 de julho de 2025 13:321 Compartilhar0 Por: Adalberto Luque Uma obra realizada pela Secretaria de \u00c1gua e Esgoto de Ribeir\u00e3o Preto (SAERP) causou vazamento de g\u00e1s, na manh\u00e3 desta\u2026","rel":"","context":"In &quot;Not\u00edcias de Ribeir\u00e3o Preto-SP e Regi\u00e3o&quot;","block_context":{"text":"Not\u00edcias de Ribeir\u00e3o Preto-SP e Regi\u00e3o","link":"https:\/\/noticiasribeiraopreto.com.br\/index.php\/category\/noticias-de-ribeirao-preto-sp-e-regiao-ismael-colosi\/"},"img":{"alt_text":"","src":"https:\/\/i0.wp.com\/noticiasribeiraopreto.com.br\/wp-content\/uploads\/2025\/07\/24-jul-2025-vazamentogas3.jpg?fit=822%2C548&ssl=1&resize=350%2C200","width":350,"height":200,"srcset":"https:\/\/i0.wp.com\/noticiasribeiraopreto.com.br\/wp-content\/uploads\/2025\/07\/24-jul-2025-vazamentogas3.jpg?fit=822%2C548&ssl=1&resize=350%2C200 1x, https:\/\/i0.wp.com\/noticiasribeiraopreto.com.br\/wp-content\/uploads\/2025\/07\/24-jul-2025-vazamentogas3.jpg?fit=822%2C548&ssl=1&resize=525%2C300 1.5x, https:\/\/i0.wp.com\/noticiasribeiraopreto.com.br\/wp-content\/uploads\/2025\/07\/24-jul-2025-vazamentogas3.jpg?fit=822%2C548&ssl=1&resize=700%2C400 2x"},"classes":[]}],"jetpack_sharing_enabled":true,"jetpack_shortlink":"https:\/\/wp.me\/peQAOb-9s4","_links":{"self":[{"href":"https:\/\/noticiasribeiraopreto.com.br\/index.php\/wp-json\/wp\/v2\/posts\/36336","targetHints":{"allow":["GET"]}}],"collection":[{"href":"https:\/\/noticiasribeiraopreto.com.br\/index.php\/wp-json\/wp\/v2\/posts"}],"about":[{"href":"https:\/\/noticiasribeiraopreto.com.br\/index.php\/wp-json\/wp\/v2\/types\/post"}],"author":[{"embeddable":true,"href":"https:\/\/noticiasribeiraopreto.com.br\/index.php\/wp-json\/wp\/v2\/users\/1"}],"replies":[{"embeddable":true,"href":"https:\/\/noticiasribeiraopreto.com.br\/index.php\/wp-json\/wp\/v2\/comments?post=36336"}],"version-history":[{"count":0,"href":"https:\/\/noticiasribeiraopreto.com.br\/index.php\/wp-json\/wp\/v2\/posts\/36336\/revisions"}],"wp:featuredmedia":[{"embeddable":true,"href":"https:\/\/noticiasribeiraopreto.com.br\/index.php\/wp-json\/wp\/v2\/media\/36337"}],"wp:attachment":[{"href":"https:\/\/noticiasribeiraopreto.com.br\/index.php\/wp-json\/wp\/v2\/media?parent=36336"}],"wp:term":[{"taxonomy":"category","embeddable":true,"href":"https:\/\/noticiasribeiraopreto.com.br\/index.php\/wp-json\/wp\/v2\/categories?post=36336"},{"taxonomy":"post_tag","embeddable":true,"href":"https:\/\/noticiasribeiraopreto.com.br\/index.php\/wp-json\/wp\/v2\/tags?post=36336"}],"curies":[{"name":"wp","href":"https:\/\/api.w.org\/{rel}","templated":true}]}}