{"id":36445,"date":"2024-02-09T17:23:44","date_gmt":"2024-02-09T20:23:44","guid":{"rendered":"https:\/\/noticiasribeiraopreto.com.br\/index.php\/2024\/02\/09\/casal-que-morreu-em-rodovia-da-regiao-de-ribeirao-preto-voltava-dos-eua\/"},"modified":"2024-02-09T17:23:44","modified_gmt":"2024-02-09T20:23:44","slug":"casal-que-morreu-em-rodovia-da-regiao-de-ribeirao-preto-voltava-dos-eua","status":"publish","type":"post","link":"https:\/\/noticiasribeiraopreto.com.br\/index.php\/2024\/02\/09\/casal-que-morreu-em-rodovia-da-regiao-de-ribeirao-preto-voltava-dos-eua\/","title":{"rendered":"Casal que morreu em rodovia da regi\u00e3o de Ribeir\u00e3o Preto voltava dos EUA"},"content":{"rendered":"<div class='code-block code-block-1' style='margin: 8px 0 8px auto; text-align: right; display: block; clear: both;'>\n<p><a href=\"https:\/\/wa.link\/vpicfd\"><img data-recalc-dims=\"1\" class=\"wp-image-4922\" style=\"aspect-ratio: 2.0253164556962027; width: 561px; height: auto;\" src=\"https:\/\/i0.wp.com\/ismaelcolosi.com.br\/wp-content\/uploads\/2023\/11\/grupo-de-empregos-whatsapp-e-facebook-ismael-colosi-vagas.jpg?ssl=1\" alt=\"\" \/><\/a><\/p>\n<!-- \/wp:image -->\n<\/div>\n<p> <br \/>\n<\/p>\n<div>\n<p>O<strong> casal<\/strong> Pedro Lima Souza, de 35 anos, e Helena Titoto Figueiredo, de 40 anos, estava <strong>voltando<\/strong> de uma <strong>viagem<\/strong> a <strong>Las Vegas<\/strong>, nos <strong>Estados Unidos<\/strong>, quando se envolveram em um <strong>acidente<\/strong> na rodovia Ciro Albuquerque, em <strong>Pirassununga,<\/strong> na noite de quinta-feira (8).<\/p>\n<p>Segundo o amigo do casal, Felipe Lubianchi, Helena completou 40 anos em 29 de janeiro e foram comemorar a data. No <strong>retorno<\/strong> a Ribeir\u00e3o Preto, ainda por motivo desconhecido, passaram por Pirassununga.<\/p>\n<p>Ao portal <strong>acidade on<\/strong> Ribeir\u00e3o, Felipe disse que as v\u00edtimas eram casadas desde 2015 e n\u00e3o tinham filhos.<\/p>\n<h4 class=\"wp-block-heading\"><strong>Vel\u00f3rio<\/strong> <strong>e Sepultamento<\/strong><\/h4>\n<p>Os corpos de Pedro e Helena ser\u00e3o velados nesta sexta-feira (9), no Memorial Bom Pastor, com previs\u00e3o in\u00edcio a partir das 18h. O sepultamento ser\u00e1 no s\u00e1bado (10), \u00e0s 8h30, no cemit\u00e9rio Bom Pastor. \u00a0<\/p>\n<h4 class=\"wp-block-heading\"><strong>O que se sabe sobre o acidente<\/strong><\/h4>\n<p>Segundo a\u00a0<strong>PMR (Pol\u00edcia Militar Rodovi\u00e1ria)<\/strong>, o <strong>casal estava em um\u00a0carro,\u00a0que\u00a0bateu\u00a0de frente com um\u00a0caminh\u00e3o\u00a0que seguia no sentido contr\u00e1rio da via<\/strong>.\u00a0<\/p>\n<p>Ap\u00f3s a\u00a0<strong>colis\u00e3o<\/strong>, o\u00a0<strong>carro\u00a0<\/strong>do casal ainda\u00a0<strong>capotou\u00a0<\/strong>e\u00a0<strong>caiu\u00a0<\/strong>de um\u00a0<strong>pontilh\u00e3o<\/strong>. As v\u00edtimas morreram no local.<\/p>\n<p>O\u00a0<strong>motorista\u00a0<\/strong>do\u00a0<strong>caminh\u00e3o\u00a0<\/strong>passou pelo teste do\u00a0<strong>baf\u00f4metro<\/strong>, que n\u00e3o apontou consumo de \u00e1lcool.<\/p>\n<p>O caso foi registrado como\u00a0<strong>homic\u00eddio culposo (sem inten\u00e7\u00e3o) na dire\u00e7\u00e3o de ve\u00edculo automotor<\/strong>.<\/p>\n<p>As\u00a0<strong>causas<\/strong>, contudo, ainda dever\u00e3o ser\u00a0<strong>investigadas<\/strong>.<\/p>\n<p>SAIBA MAIS<br \/>Onda de calor no Carnaval? Veja como ficam as temperaturas no estado de SP<\/p>\n<h4 class=\"wp-block-heading\"><strong>FIQUE ON<\/strong><\/h4>\n<p>Fique ligado em tudo que acontece em Ribeir\u00e3o Preto e regi\u00e3o. Siga os perfis do\u00a0<strong>acidade on<\/strong>\u00a0no\u00a0<a href=\"https:\/\/www.instagram.com\/acidadeonribeirao\" target=\"_blank\" rel=\"noreferrer noopener\">Instagram\u00a0<\/a>e no<a href=\"https:\/\/www.facebook.com\/acidadeonribeirao\" target=\"_blank\" rel=\"noreferrer noopener\">\u00a0Facebook<\/a>.<\/p>\n<p>Receba not\u00edcias do<strong>\u00a0acidade on\u00a0<\/strong>no WhatsApp.\u00a0<a href=\"https:\/\/chat.whatsapp.com\/Bnv2w66ZT4VDyZW3oiZ69n\" target=\"_blank\" rel=\"noreferrer noopener\">Para entrar no grupo, basta clicar aqui.<\/a><\/p>\n<p>Fa\u00e7a uma den\u00fancia ou sugira uma reportagem sobre Ribeir\u00e3o Preto e regi\u00e3o pelo WhatsApp: 16 99117 7802.<\/p>\n<p>VEJA TAMB\u00c9M<br \/>Veja antes e depois de Gabriela Medeiros, a Buba da \u201cRenascer\u201d<\/p>\n<p><!-- AI CONTENT END 1 -->\n<\/div>\n<p><script async src=\"\/\/www.instagram.com\/embed.js\"><\/script><br \/>\n<br \/><br \/>\n<br \/><a href=\"https:\/\/www.acidadeon.com\/ribeiraopreto\/cotidiano\/casal-que-morreu-em-rodovia-da-regiao-de-ribeirao-preto-voltava-dos-eua\/\">Source link <\/a><\/p>\n<!-- CONTENT END 1 -->\n","protected":false},"excerpt":{"rendered":"<p>O casal Pedro Lima Souza, de 35 anos, e Helena Titoto Figueiredo, de 40 anos, estava voltando de uma viagem a Las Vegas, nos Estados&#8230;<\/p>\n","protected":false},"author":1,"featured_media":36446,"comment_status":"open","ping_status":"open","sticky":false,"template":"","format":"standard","meta":{"advanced_seo_description":"","jetpack_seo_html_title":"","jetpack_seo_noindex":false,"jetpack_seo_schema_type":"","_jetpack_newsletter_access":"","_jetpack_dont_email_post_to_subs":false,"_jetpack_newsletter_tier_id":0,"_jetpack_memberships_contains_paywalled_content":false,"_jetpack_feature_clip_id":0,"_jetpack_memberships_contains_paid_content":false,"footnotes":"","jetpack_publicize_message":"","jetpack_publicize_feature_enabled":true,"jetpack_social_post_already_shared":true,"jetpack_social_options":{"image_generator_settings":{"template":"highway","default_image_id":0,"font":"","enabled":false},"version":2},"jetpack_post_was_ever_published":false},"categories":[11],"tags":[],"class_list":["post-36445","post","type-post","status-publish","format-standard","has-post-thumbnail","hentry","category-noticias-de-ribeirao-preto-sp-e-regiao-ismael-colosi"],"jetpack_publicize_connections":[],"jetpack-related-posts":[{"id":36526,"url":"https:\/\/noticiasribeiraopreto.com.br\/index.php\/2024\/02\/10\/casal-de-rp-morre-apos-acidente-em-pirassununga\/","url_meta":{"origin":36445,"position":0},"title":"Casal de RP morre ap\u00f3s acidente em Pirassununga","author":"noticiasribeiraopreto.com.br","date":"10 de February de 2024","format":false,"excerpt":"Ve\u00edculo onde estavam bateu de frente contra carreta que vinha no sentido contr\u00e1rio e caiu de pontilh\u00e3o 9 de fevereiro de 2024 | 15:229 de fevereiro de 2024 | 15:28 2Por: Adalberto LuqueUm casal de Ribeir\u00e3o Preto morreu, no final da tarde desta quinta-feira (08), ap\u00f3s um acidente ocorrido na\u2026","rel":"","context":"In &quot;Not\u00edcias de Ribeir\u00e3o Preto-SP e Regi\u00e3o&quot;","block_context":{"text":"Not\u00edcias de Ribeir\u00e3o Preto-SP e Regi\u00e3o","link":"https:\/\/noticiasribeiraopreto.com.br\/index.php\/category\/noticias-de-ribeirao-preto-sp-e-regiao-ismael-colosi\/"},"img":{"alt_text":"","src":"https:\/\/i0.wp.com\/noticiasribeiraopreto.com.br\/wp-content\/uploads\/2024\/02\/00-09-fev-2024-acidente-pirassununga-00-foto-redes-sociais.jpg?fit=870%2C645&ssl=1&resize=350%2C200","width":350,"height":200,"srcset":"https:\/\/i0.wp.com\/noticiasribeiraopreto.com.br\/wp-content\/uploads\/2024\/02\/00-09-fev-2024-acidente-pirassununga-00-foto-redes-sociais.jpg?fit=870%2C645&ssl=1&resize=350%2C200 1x, https:\/\/i0.wp.com\/noticiasribeiraopreto.com.br\/wp-content\/uploads\/2024\/02\/00-09-fev-2024-acidente-pirassununga-00-foto-redes-sociais.jpg?fit=870%2C645&ssl=1&resize=525%2C300 1.5x, https:\/\/i0.wp.com\/noticiasribeiraopreto.com.br\/wp-content\/uploads\/2024\/02\/00-09-fev-2024-acidente-pirassununga-00-foto-redes-sociais.jpg?fit=870%2C645&ssl=1&resize=700%2C400 2x"},"classes":[]},{"id":61117,"url":"https:\/\/noticiasribeiraopreto.com.br\/index.php\/2024\/12\/04\/policial-militar-morto-apos-ser-atropelado-e-velado-em-ribeirao-preto\/","url_meta":{"origin":36445,"position":1},"title":"Policial militar morto ap\u00f3s ser atropelado \u00e9 velado em Ribeir\u00e3o Preto","author":"noticiasribeiraopreto.com.br","date":"4 de December de 2024","format":false,"excerpt":"O corpo do policial militar Wilson Carlos Rom\u00e3o Machado, de 45 anos, est\u00e1 sendo velado nesta quarta-feira (4), em Ribeir\u00e3o Preto. Ele morreu nesta ter\u00e7a-feira (3), ap\u00f3s ser atropelado por um carro na \u00faltima quinta-feira (28), no Anel Vi\u00e1rio Norte (rodovia Alexandre Balbo, SP-328). O agente, que era cabo da\u2026","rel":"","context":"In &quot;Not\u00edcias de Ribeir\u00e3o Preto-SP e Regi\u00e3o&quot;","block_context":{"text":"Not\u00edcias de Ribeir\u00e3o Preto-SP e Regi\u00e3o","link":"https:\/\/noticiasribeiraopreto.com.br\/index.php\/category\/noticias-de-ribeirao-preto-sp-e-regiao-ismael-colosi\/"},"img":{"alt_text":"","src":"https:\/\/i0.wp.com\/noticiasribeiraopreto.com.br\/wp-content\/uploads\/2024\/12\/Copia-de-Copia-de-Copia-de-TAMANHO-EXATO-PARA-FOTOS-NO-SISTEMA-NOVO-2024-12-02T210209.320_2024-12-03_00-02-30_png_2024-12-03_00-02-30.webp.webp?fit=1200%2C675&ssl=1&resize=350%2C200","width":350,"height":200,"srcset":"https:\/\/i0.wp.com\/noticiasribeiraopreto.com.br\/wp-content\/uploads\/2024\/12\/Copia-de-Copia-de-Copia-de-TAMANHO-EXATO-PARA-FOTOS-NO-SISTEMA-NOVO-2024-12-02T210209.320_2024-12-03_00-02-30_png_2024-12-03_00-02-30.webp.webp?fit=1200%2C675&ssl=1&resize=350%2C200 1x, https:\/\/i0.wp.com\/noticiasribeiraopreto.com.br\/wp-content\/uploads\/2024\/12\/Copia-de-Copia-de-Copia-de-TAMANHO-EXATO-PARA-FOTOS-NO-SISTEMA-NOVO-2024-12-02T210209.320_2024-12-03_00-02-30_png_2024-12-03_00-02-30.webp.webp?fit=1200%2C675&ssl=1&resize=525%2C300 1.5x, https:\/\/i0.wp.com\/noticiasribeiraopreto.com.br\/wp-content\/uploads\/2024\/12\/Copia-de-Copia-de-Copia-de-TAMANHO-EXATO-PARA-FOTOS-NO-SISTEMA-NOVO-2024-12-02T210209.320_2024-12-03_00-02-30_png_2024-12-03_00-02-30.webp.webp?fit=1200%2C675&ssl=1&resize=700%2C400 2x, https:\/\/i0.wp.com\/noticiasribeiraopreto.com.br\/wp-content\/uploads\/2024\/12\/Copia-de-Copia-de-Copia-de-TAMANHO-EXATO-PARA-FOTOS-NO-SISTEMA-NOVO-2024-12-02T210209.320_2024-12-03_00-02-30_png_2024-12-03_00-02-30.webp.webp?fit=1200%2C675&ssl=1&resize=1050%2C600 3x"},"classes":[]},{"id":90093,"url":"https:\/\/noticiasribeiraopreto.com.br\/index.php\/2026\/08\/17\/gemeas-siamesas-sao-sepultadas-no-vale-do-paraiba\/","url_meta":{"origin":36445,"position":2},"title":"G\u00eameas siamesas s\u00e3o sepultadas no Vale do Para\u00edba","author":"noticiasribeiraopreto.com.br","date":"17 de August de 2026","format":false,"excerpt":"\r Corpos de Helo\u00edsa e Helena foram levados para a cidade onde a fam\u00edlia mora na madrugada de domingo; sepultamento ocorreu no mesmo dia\r \r 17 de agosto de 2026 10:20 \r Compartilhar2 | Por: Adalberto Luque | Os corpos das g\u00eameas siamesas Helo\u00edsa e Helena, de 2 anos, foram\u2026","rel":"","context":"In &quot;Not\u00edcias de Ribeir\u00e3o Preto-SP e Regi\u00e3o&quot;","block_context":{"text":"Not\u00edcias de Ribeir\u00e3o Preto-SP e Regi\u00e3o","link":"https:\/\/noticiasribeiraopreto.com.br\/index.php\/category\/noticias-de-ribeirao-preto-sp-e-regiao-ismael-colosi\/"},"img":{"alt_text":"","src":"https:\/\/i0.wp.com\/noticiasribeiraopreto.com.br\/wp-content\/uploads\/2026\/08\/1786973045_siamesas-hc-scaled.jpeg?fit=1200%2C677&ssl=1&resize=350%2C200","width":350,"height":200,"srcset":"https:\/\/i0.wp.com\/noticiasribeiraopreto.com.br\/wp-content\/uploads\/2026\/08\/1786973045_siamesas-hc-scaled.jpeg?fit=1200%2C677&ssl=1&resize=350%2C200 1x, https:\/\/i0.wp.com\/noticiasribeiraopreto.com.br\/wp-content\/uploads\/2026\/08\/1786973045_siamesas-hc-scaled.jpeg?fit=1200%2C677&ssl=1&resize=525%2C300 1.5x, https:\/\/i0.wp.com\/noticiasribeiraopreto.com.br\/wp-content\/uploads\/2026\/08\/1786973045_siamesas-hc-scaled.jpeg?fit=1200%2C677&ssl=1&resize=700%2C400 2x, https:\/\/i0.wp.com\/noticiasribeiraopreto.com.br\/wp-content\/uploads\/2026\/08\/1786973045_siamesas-hc-scaled.jpeg?fit=1200%2C677&ssl=1&resize=1050%2C600 3x"},"classes":[]},{"id":90088,"url":"https:\/\/noticiasribeiraopreto.com.br\/index.php\/2026\/08\/17\/gemeas-siamesas-que-morreram-apos-cirurgia-de-separacao-em-ribeirao-preto-sao-sepultadas-em-sao-jose-dos-campos\/","url_meta":{"origin":36445,"position":3},"title":"G\u00eameas siamesas que morreram ap\u00f3s cirurgia de separa\u00e7\u00e3o em Ribeir\u00e3o Preto s\u00e3o sepultadas em S\u00e3o Jos\u00e9 dos Campos","author":"noticiasribeiraopreto.com.br","date":"17 de August de 2026","format":false,"excerpt":"Os corpos de Helena e Helo\u00edsa, g\u00eameas siamesas que morreram ap\u00f3s 15 horas de cirurgia no Hospital das Cl\u00ednicas (HC) de Ribeir\u00e3o Preto, foram sepultados neste domingo (16) em S\u00e3o Jos\u00e9 dos Campos, cidade onde a fam\u00edlia mora. As crian\u00e7as n\u00e3o resistiram na noite de s\u00e1bado (15) durante a quinta\u2026","rel":"","context":"In &quot;Not\u00edcias de Ribeir\u00e3o Preto-SP e Regi\u00e3o&quot;","block_context":{"text":"Not\u00edcias de Ribeir\u00e3o Preto-SP e Regi\u00e3o","link":"https:\/\/noticiasribeiraopreto.com.br\/index.php\/category\/noticias-de-ribeirao-preto-sp-e-regiao-ismael-colosi\/"},"img":{"alt_text":"","src":"https:\/\/i0.wp.com\/noticiasribeiraopreto.com.br\/wp-content\/uploads\/2026\/08\/image_2026-03-21_20-23-52.webp.webp?fit=1200%2C677&ssl=1&resize=350%2C200","width":350,"height":200,"srcset":"https:\/\/i0.wp.com\/noticiasribeiraopreto.com.br\/wp-content\/uploads\/2026\/08\/image_2026-03-21_20-23-52.webp.webp?fit=1200%2C677&ssl=1&resize=350%2C200 1x, https:\/\/i0.wp.com\/noticiasribeiraopreto.com.br\/wp-content\/uploads\/2026\/08\/image_2026-03-21_20-23-52.webp.webp?fit=1200%2C677&ssl=1&resize=525%2C300 1.5x, https:\/\/i0.wp.com\/noticiasribeiraopreto.com.br\/wp-content\/uploads\/2026\/08\/image_2026-03-21_20-23-52.webp.webp?fit=1200%2C677&ssl=1&resize=700%2C400 2x, https:\/\/i0.wp.com\/noticiasribeiraopreto.com.br\/wp-content\/uploads\/2026\/08\/image_2026-03-21_20-23-52.webp.webp?fit=1200%2C677&ssl=1&resize=1050%2C600 3x"},"classes":[]},{"id":65031,"url":"https:\/\/noticiasribeiraopreto.com.br\/index.php\/2025\/03\/14\/casal-morre-apos-capotamento-na-rodovia-anhanguera-em-ribeirao-preto\/","url_meta":{"origin":36445,"position":4},"title":"Casal morre ap\u00f3s capotamento na rodovia Anhanguera, em Ribeir\u00e3o Preto","author":"noticiasribeiraopreto.com.br","date":"14 de March de 2025","format":false,"excerpt":"Na noite desta sexta-feira (14), um acidente resultou na morte de um casal na rodovia Anhanguera, em Ribeir\u00e3o Preto. O ve\u00edculo em que estavam capotou e o homem de 45 anos e a mulher de 55 anos morreram na hora. As v\u00edtimas eram naturais de Uberl\u00e2ndia e viajavam no sentido\u2026","rel":"","context":"In &quot;Not\u00edcias de Ribeir\u00e3o Preto-SP e Regi\u00e3o&quot;","block_context":{"text":"Not\u00edcias de Ribeir\u00e3o Preto-SP e Regi\u00e3o","link":"https:\/\/noticiasribeiraopreto.com.br\/index.php\/category\/noticias-de-ribeirao-preto-sp-e-regiao-ismael-colosi\/"},"img":{"alt_text":"","src":"https:\/\/i0.wp.com\/noticiasribeiraopreto.com.br\/wp-content\/uploads\/2025\/03\/Copia-de-Copia-de-Copia-de-TAMANHO-EXATO-PARA-FOTOS-NO-SISTEMA-NOVO-2025-03-14T193339.562_2025-03-14_22-34-06_png_2025-03-14_22-34-06.webp.webp?fit=1200%2C675&ssl=1&resize=350%2C200","width":350,"height":200,"srcset":"https:\/\/i0.wp.com\/noticiasribeiraopreto.com.br\/wp-content\/uploads\/2025\/03\/Copia-de-Copia-de-Copia-de-TAMANHO-EXATO-PARA-FOTOS-NO-SISTEMA-NOVO-2025-03-14T193339.562_2025-03-14_22-34-06_png_2025-03-14_22-34-06.webp.webp?fit=1200%2C675&ssl=1&resize=350%2C200 1x, https:\/\/i0.wp.com\/noticiasribeiraopreto.com.br\/wp-content\/uploads\/2025\/03\/Copia-de-Copia-de-Copia-de-TAMANHO-EXATO-PARA-FOTOS-NO-SISTEMA-NOVO-2025-03-14T193339.562_2025-03-14_22-34-06_png_2025-03-14_22-34-06.webp.webp?fit=1200%2C675&ssl=1&resize=525%2C300 1.5x, https:\/\/i0.wp.com\/noticiasribeiraopreto.com.br\/wp-content\/uploads\/2025\/03\/Copia-de-Copia-de-Copia-de-TAMANHO-EXATO-PARA-FOTOS-NO-SISTEMA-NOVO-2025-03-14T193339.562_2025-03-14_22-34-06_png_2025-03-14_22-34-06.webp.webp?fit=1200%2C675&ssl=1&resize=700%2C400 2x, https:\/\/i0.wp.com\/noticiasribeiraopreto.com.br\/wp-content\/uploads\/2025\/03\/Copia-de-Copia-de-Copia-de-TAMANHO-EXATO-PARA-FOTOS-NO-SISTEMA-NOVO-2025-03-14T193339.562_2025-03-14_22-34-06_png_2025-03-14_22-34-06.webp.webp?fit=1200%2C675&ssl=1&resize=1050%2C600 3x"},"classes":[]},{"id":84684,"url":"https:\/\/noticiasribeiraopreto.com.br\/index.php\/2026\/04\/14\/morre-paulinho-gandula-torcedor-simbolo-do-botafogo-aos-66-anos\/","url_meta":{"origin":36445,"position":5},"title":"Morre Paulinho Gandula, torcedor s\u00edmbolo do Botafogo, aos 66 anos","author":"noticiasribeiraopreto.com.br","date":"14 de April de 2026","format":false,"excerpt":"Ler o resumo da not\u00edcia Paulinho Gandula, torcedor s\u00edmbolo do Botafogo, morreu aos 66 anos em Ribeir\u00e3o Preto nesta ter\u00e7a-feira (14). Ele estava internado desde 4 de fevereiro ap\u00f3s ser diagnosticado com trombose na perna e faleceu por fal\u00eancia m\u00faltipla dos \u00f3rg\u00e3os. Paulinho trabalho por quase tr\u00eas d\u00e9cadas como gandula\u2026","rel":"","context":"In &quot;Not\u00edcias de Ribeir\u00e3o Preto-SP e Regi\u00e3o&quot;","block_context":{"text":"Not\u00edcias de Ribeir\u00e3o Preto-SP e Regi\u00e3o","link":"https:\/\/noticiasribeiraopreto.com.br\/index.php\/category\/noticias-de-ribeirao-preto-sp-e-regiao-ismael-colosi\/"},"img":{"alt_text":"","src":"https:\/\/i0.wp.com\/noticiasribeiraopreto.com.br\/wp-content\/uploads\/2026\/04\/paulinho-gandula_2026-04-14_12-51-25.webp.webp?fit=1200%2C674&ssl=1&resize=350%2C200","width":350,"height":200,"srcset":"https:\/\/i0.wp.com\/noticiasribeiraopreto.com.br\/wp-content\/uploads\/2026\/04\/paulinho-gandula_2026-04-14_12-51-25.webp.webp?fit=1200%2C674&ssl=1&resize=350%2C200 1x, https:\/\/i0.wp.com\/noticiasribeiraopreto.com.br\/wp-content\/uploads\/2026\/04\/paulinho-gandula_2026-04-14_12-51-25.webp.webp?fit=1200%2C674&ssl=1&resize=525%2C300 1.5x, https:\/\/i0.wp.com\/noticiasribeiraopreto.com.br\/wp-content\/uploads\/2026\/04\/paulinho-gandula_2026-04-14_12-51-25.webp.webp?fit=1200%2C674&ssl=1&resize=700%2C400 2x, https:\/\/i0.wp.com\/noticiasribeiraopreto.com.br\/wp-content\/uploads\/2026\/04\/paulinho-gandula_2026-04-14_12-51-25.webp.webp?fit=1200%2C674&ssl=1&resize=1050%2C600 3x"},"classes":[]}],"jetpack_sharing_enabled":true,"jetpack_shortlink":"https:\/\/wp.me\/peQAOb-9tP","jetpack_featured_media_url":"https:\/\/i0.wp.com\/noticiasribeiraopreto.com.br\/wp-content\/uploads\/2024\/02\/CASAL-RIBEIRAO.jpg?fit=2000%2C1343&ssl=1","_links":{"self":[{"href":"https:\/\/noticiasribeiraopreto.com.br\/index.php\/wp-json\/wp\/v2\/posts\/36445","targetHints":{"allow":["GET"]}}],"collection":[{"href":"https:\/\/noticiasribeiraopreto.com.br\/index.php\/wp-json\/wp\/v2\/posts"}],"about":[{"href":"https:\/\/noticiasribeiraopreto.com.br\/index.php\/wp-json\/wp\/v2\/types\/post"}],"author":[{"embeddable":true,"href":"https:\/\/noticiasribeiraopreto.com.br\/index.php\/wp-json\/wp\/v2\/users\/1"}],"replies":[{"embeddable":true,"href":"https:\/\/noticiasribeiraopreto.com.br\/index.php\/wp-json\/wp\/v2\/comments?post=36445"}],"version-history":[{"count":0,"href":"https:\/\/noticiasribeiraopreto.com.br\/index.php\/wp-json\/wp\/v2\/posts\/36445\/revisions"}],"wp:featuredmedia":[{"embeddable":true,"href":"https:\/\/noticiasribeiraopreto.com.br\/index.php\/wp-json\/wp\/v2\/media\/36446"}],"wp:attachment":[{"href":"https:\/\/noticiasribeiraopreto.com.br\/index.php\/wp-json\/wp\/v2\/media?parent=36445"}],"wp:term":[{"taxonomy":"category","embeddable":true,"href":"https:\/\/noticiasribeiraopreto.com.br\/index.php\/wp-json\/wp\/v2\/categories?post=36445"},{"taxonomy":"post_tag","embeddable":true,"href":"https:\/\/noticiasribeiraopreto.com.br\/index.php\/wp-json\/wp\/v2\/tags?post=36445"}],"curies":[{"name":"wp","href":"https:\/\/api.w.org\/{rel}","templated":true}]}}