{"id":36474,"date":"2024-02-09T19:46:29","date_gmt":"2024-02-09T22:46:29","guid":{"rendered":"https:\/\/noticiasribeiraopreto.com.br\/index.php\/2024\/02\/09\/confira-a-programacao-de-carnaval-em-ribeirao-preto-neste-sabado\/"},"modified":"2024-02-09T19:46:29","modified_gmt":"2024-02-09T22:46:29","slug":"confira-a-programacao-de-carnaval-em-ribeirao-preto-neste-sabado","status":"publish","type":"post","link":"https:\/\/noticiasribeiraopreto.com.br\/index.php\/2024\/02\/09\/confira-a-programacao-de-carnaval-em-ribeirao-preto-neste-sabado\/","title":{"rendered":"Confira a programa\u00e7\u00e3o de Carnaval em Ribeir\u00e3o Preto neste s\u00e1bado"},"content":{"rendered":"<div class='code-block code-block-1' style='margin: 8px 0 8px auto; text-align: right; display: block; clear: both;'>\n<p><a href=\"https:\/\/wa.link\/vpicfd\"><img data-recalc-dims=\"1\" class=\"wp-image-4922\" style=\"aspect-ratio: 2.0253164556962027; width: 561px; height: auto;\" src=\"https:\/\/i0.wp.com\/ismaelcolosi.com.br\/wp-content\/uploads\/2023\/11\/grupo-de-empregos-whatsapp-e-facebook-ismael-colosi-vagas.jpg?ssl=1\" alt=\"\" \/><\/a><\/p>\n<!-- \/wp:image -->\n<\/div>\n<p> <br \/>\n<\/p>\n<div>\n<p><strong>Ribeir\u00e3o Preto<\/strong> se prepara para o final de semana de <strong>Carnaval<\/strong> com diversas op\u00e7\u00f5es de <strong>lazer<\/strong>, <strong>atividades tem\u00e1ticas<\/strong>, <strong>blocos<\/strong> e mais. Confira o que \u00e9 destaque na<mark style=\"background-color:#fcb900\" class=\"has-inline-color has-black-color\"> programa\u00e7\u00e3o de Carnaval neste s\u00e1bado (10):<\/mark><\/p>\n<h4 class=\"wp-block-heading\"><strong>Shoppings em Ribeir\u00e3o e Franca<\/strong><\/h4>\n<p>A partir do deste <strong>s\u00e1bado (10)<\/strong>, os shoppings de <strong>Ribeir\u00e3o Preto<\/strong> e<strong> Franca<\/strong> realizam oficinas e matin\u00eas para crian\u00e7as, pais e pets se divertirem. Confira a programa\u00e7\u00e3o completa dos shoppings clicando<strong> aqui<\/strong>.<\/p>\n<ul>\n<li><strong>Shopping Iguatemi<\/strong> \u2013 <strong>oficinas para personalizar m\u00e1scara de Carnaval e pinturas faciais de personagens<\/strong><\/li>\n<\/ul>\n<p><strong>Quando:<\/strong>\u00a010 a 13 de fevereiro<br \/><strong>Hor\u00e1rio:<\/strong>\u00a0Das 15h \u00e0s 20h<br \/><strong>Onde:<\/strong>\u00a0Shopping Iguatemi \u2013 Open Mall, Piso Superior<br \/><strong>Endere\u00e7o:<\/strong>\u00a0Avenida Luiz Eduardo Toledo Prado, 900 \u2013 Vila do Golfe<br \/><strong>Ingressos:<\/strong>\u00a0R$ 39,20 \u2013 podem ser adquiridos pelo\u00a0<a href=\"https:\/\/bilheteka.com.br\/comprar\/536\/bloquinho-tangerina\" target=\"_blank\" rel=\"noreferrer noopener\">site.<\/a><\/p>\n<ul>\n<li><strong>Novo Shopping<\/strong> \u2013 <strong>21\u00aa Carnashopping<\/strong><\/li>\n<\/ul>\n<p><strong>Quando:\u00a0<\/strong>10 a 13 de fevereiro<br \/><strong>Hor\u00e1rio:\u00a0<\/strong>16h \u00e0s 19h (todos os dias)<br \/><strong>Onde:<\/strong>\u00a0Pra\u00e7a de Eventos do Novo Shopping<br \/><strong>Endere\u00e7o:<\/strong>\u00a0Avenida Presidente Kennedy, 1500 \u2013 Ribeir\u00e2nia<br \/><strong>Quem pode participar:<\/strong>\u00a0crian\u00e7as de at\u00e9 10 anos<br \/><strong>Entrada:<\/strong>\u00a0Gratuita<\/p>\n<p>O Carnaval ter\u00e1 atividades com apresenta\u00e7\u00f5es musicais, brinquedos, desfiles, blocos carnavalescos, entre outras. A novidade \u00e9 que ter\u00e3o atividades inclusivas para crian\u00e7as com necessidades especiais e tamb\u00e9m para pets.<\/p>\n<p><strong>Quando:\u00a0<\/strong>10 a 13 de fevereiro<br \/><strong>Hor\u00e1rio:<\/strong>\u00a014h \u00e0s 18h (todos os dias)<br \/><strong>Onde:\u00a0<\/strong>estacionamento pr\u00f3ximo \u00e0 loja Casas Bahia no Franca Shopping<br \/><strong>Endere\u00e7o:<\/strong>\u00a0Av. Rio Negro, 1100 \u2013 Jardim Roselandia, Franca \u2013 SP<br \/><strong>Entrada:<\/strong>\u00a0Gratuita, por\u00e9m, \u00e9 necess\u00e1rio estar fantasiado e doar 1kg ra\u00e7\u00e3o para c\u00e3es ou gatos ou material escolar<\/p>\n<ul>\n<li><strong>Santa \u00darsula \u2013 Bailinho de Carnaval no Santa <\/strong><\/li>\n<\/ul>\n<p>O evento conta com uma hora de dura\u00e7\u00e3o, dupla Canto Kids que ir\u00e1 se apresentar a partir das 16h, camarim kids das 14h \u00e0s 16h e desfile de pets no domingo das 16h \u00e0s 17h. Todas atividades s\u00e3o gratuitas, mas \u00e9 necess\u00e1rio se inscrever pelo aplicativo Multi.<\/p>\n<p><strong>Quando:\u00a0<\/strong>10 a 12 de fevereiro<br \/><strong>Hor\u00e1rio:<\/strong>\u00a014h \u00e0s 17h <br \/><strong>Onde:\u00a0<\/strong>Piso 2 e 3 no shopping Santa \u00darsula <br \/><strong>Endere\u00e7o:<\/strong>\u00a0Rua S\u00e3o Jos\u00e9, 933 \u2013 Centro<br \/><strong>Entrada:<\/strong>\u00a0Gratuita, por\u00e9m \u00e9 necess\u00e1rio se inscrever pelo aplicativo Multi<\/p>\n<h4 class=\"wp-block-heading\"><strong>Pra\u00e7a XV<\/strong><\/h4>\n<p>A <strong>pra\u00e7a XV no Centro de Ribeir\u00e3o Preto <\/strong>tamb\u00e9m conta com uma programa\u00e7\u00e3o especial e <strong>gratuita<\/strong> que conta com diversas <strong>apresenta\u00e7\u00f5es<\/strong> at\u00e9 o dia <strong>18 de fevereiro<\/strong>. Para conferir a programa\u00e7\u00e3o completa clique<strong> aqui<\/strong>.<\/p>\n<h4 class=\"wp-block-heading\"><strong>Blocos em Ribeir\u00e3o Preto<\/strong><\/h4>\n<p>Ribeir\u00e3o conta com mais de 20 blocos de <strong>Carnaval<\/strong> que acontecem entre os dias <strong>10 e 17 de fevereiro<\/strong>. Confira as atra\u00e7\u00f5es deste s\u00e1bado:<\/p>\n<ul>\n<li><strong>Carnarock da Tribos<\/strong> \u2013 Pra\u00e7a Sete de Setembro, 579. Das 13h \u00e0s 22h<\/li>\n<\/ul>\n<ul>\n<li><strong>Bloco do Baixo Centro<\/strong> \u2013 Carnaval na Baixada \u2013 rua Jos\u00e9 Bonif\u00e1cio, 50 \u2013 rua Duque de Caxias, 141. Das 14h, \u00e0s 21h.<\/li>\n<\/ul>\n<ul>\n<li><strong>Carnaval de rua com o Bloco do Fub\u00e1<\/strong> \u2013 rua Professor Felisberto Almada, 511-601. Das 15h \u00e0s 20h30.<\/li>\n<\/ul>\n<ul>\n<li><strong>Bloco Purpurina<\/strong> \u2013 rua General Os\u00f3rio, 1.292. Das 15h \u00e0s 22h.<\/li>\n<\/ul>\n<ul>\n<li><strong>Cortejo Maracatu Nzila Baque Angola <\/strong>\u2013 rua Esp\u00edrito Santo, 2.547. Das 16h \u00e0s 18h.<\/li>\n<\/ul>\n<ul>\n<li><strong>Bloco Afox\u00e9 Om\u00f2 Or\u00fanmil\u00e1 <\/strong>\u2013 rua Ludovico Bestelli. Das 20h \u00e0s 21h30.<\/li>\n<\/ul>\n<p>\u00c9 poss\u00edvel conferir a programa\u00e7\u00e3o completa dos blocos clicando <strong>aqui.<\/strong> <\/p>\n<p><iframe loading=\"lazy\" src=\"https:\/\/www.google.com\/maps\/d\/u\/0\/embed?mid=1nP2jgYOnHS2GwtO1_vJV5c7I3B47r7Q&amp;ehbc=2E312F\" width=\"640\" height=\"480\"><\/iframe><\/p>\n<p><strong>Sesi Ribeir\u00e3o Preto<\/strong><\/p>\n<p>O<strong> Sesi Ribeir\u00e3o Preto <\/strong>segue com a programa\u00e7\u00e3o especial<strong> <\/strong>e<strong> gratuita <\/strong>para o <strong>Carnaval. <\/strong>Neste<strong> s\u00e1bado (10), \u00e0s 9h e \u00e0s 10h <\/strong>acontece duas das apresenta\u00e7\u00f5es do <strong>Musical Infantil Maria da Luz<\/strong>. Apresenta\u00e7\u00f5es seguem at\u00e9 o <strong>dia 24<\/strong>.<\/p>\n<p><strong>Data e hor\u00e1rio:<\/strong>\u00a0 S\u00e1bado (10) \u00e0s 17h; Quinta-feira (22) \u00e0s 15h; Sexta-feira (23) \u00e0s 09h e S\u00e1bado (24) \u00e0s 17h.<br \/><strong>Local:<\/strong>\u00a0Teatro Sesi \u2013 rua Jo\u00e3o Ignacchitti, 20-364<br \/><strong>Ingressos:<\/strong>\u00a0Pelo site\u00a0<a href=\"https:\/\/www.sesisp.org.br\/evento\/96e1a7db-521c-456f-9d7c-0ea07e40e602\/maria-da-luz\" target=\"_blank\" rel=\"noreferrer noopener\"><strong>Meu Sesi<\/strong><\/a>, \u00e9 recomendado que o p\u00fablico chegue 15 minutos antes.<\/p>\n<p>No<strong> s\u00e1bado (10)<\/strong>, a partir das <strong>11h<\/strong> tem apresenta\u00e7\u00e3o do cantor <strong>Piquete Voz e Viol\u00e3o<\/strong>, pintura facial e costumiza\u00e7\u00e3o de m\u00e1scaras. \u00c0s 13h segue com o show do <strong>DJ Jonas Coutinho <\/strong>e desfile de fantasias. E para encerrar, a <strong>banda Pitoresco<\/strong> com o show <strong>Carnaval Desingebrado<\/strong>.<\/p>\n<p><strong>Data e hor\u00e1rio:\u00a0<\/strong>S\u00e1bado (10), a partir das 11h<br \/><strong>Local:<\/strong>\u00a0Sesi Ribeir\u00e3o Preto \u2013 entrada pela rua Jo\u00e3o Ignacchitti<br \/><strong>Ingressos:\u00a0<\/strong>Devem ser reservados atrav\u00e9s do site<strong>\u00a0<\/strong><a href=\"https:\/\/www.sesisp.org.br\/evento\/8d53740e-d480-4c6b-a58f-2312a378b93b\/carna-sesi\" target=\"_blank\" rel=\"noreferrer noopener\"><strong>Meu Sesi<\/strong><\/a><strong\/><\/p>\n<p>SAIBA MAIS<br \/>Carnaval: Veja o que abre e fecha nos servi\u00e7os p\u00fablicos em Ribeir\u00e3o Preto\u00a0<\/p>\n<h4 class=\"wp-block-heading\"><strong>FIQUE ON<\/strong><\/h4>\n<p>Fique ligado em tudo que acontece em Ribeir\u00e3o Preto e regi\u00e3o. Siga os perfis do <strong>acidade on<\/strong> no <a href=\"https:\/\/www.instagram.com\/acidadeonribeirao\/?igsh=MTUzeTBnamJyM2g0dw%3D%3D\" target=\"_blank\" rel=\"noreferrer noopener\">Instagram<\/a> e no <a href=\"https:\/\/www.facebook.com\/acidadeonribeirao\" target=\"_blank\" rel=\"noreferrer noopener\">Facebook<\/a>.<\/p>\n<p>Receba not\u00edcias do acidade on no WhatsApp. Para entrar no grupo, basta <a href=\"https:\/\/chat.whatsapp.com\/Bnv2w66ZT4VDyZW3oiZ69n\" target=\"_blank\" rel=\"noreferrer noopener\">clicar aqui<\/a>.<\/p>\n<p>Fa\u00e7a uma den\u00fancia ou sugira uma reportagem sobre Ribeir\u00e3o Preto e regi\u00e3o pelo WhatsApp: 16\u00a0 99117 7802.<\/p>\n<p>VEJA TAMB\u00c9M<br \/>Renascer: com quem Buba fica no final da novela?<\/p>\n<p><!-- AI CONTENT END 1 -->\n<\/div>\n<p><script async src=\"\/\/www.instagram.com\/embed.js\"><\/script><br \/>\n<br \/><br \/>\n<br \/><a href=\"https:\/\/www.acidadeon.com\/ribeiraopreto\/lazer-e-cultura\/confira-a-programacao-de-carnaval-em-ribeirao-preto-neste-sabado\/\">Source link <\/a><\/p>\n<!-- CONTENT END 1 -->\n","protected":false},"excerpt":{"rendered":"<p>Ribeir\u00e3o Preto se prepara para o final de semana de Carnaval com diversas op\u00e7\u00f5es de lazer, atividades tem\u00e1ticas, blocos e mais. Confira o que \u00e9&#8230;<\/p>\n","protected":false},"author":1,"featured_media":36475,"comment_status":"open","ping_status":"open","sticky":false,"template":"","format":"standard","meta":{"advanced_seo_description":"","jetpack_seo_html_title":"","jetpack_seo_noindex":false,"jetpack_post_was_ever_published":false,"_jetpack_newsletter_access":"","_jetpack_dont_email_post_to_subs":false,"_jetpack_newsletter_tier_id":0,"_jetpack_memberships_contains_paywalled_content":false,"_jetpack_memberships_contains_paid_content":false,"footnotes":"","jetpack_publicize_message":"","jetpack_publicize_feature_enabled":true,"jetpack_social_post_already_shared":true,"jetpack_social_options":{"image_generator_settings":{"template":"highway","default_image_id":0,"font":"","enabled":false},"version":2}},"categories":[11],"tags":[],"class_list":["post-36474","post","type-post","status-publish","format-standard","has-post-thumbnail","hentry","category-noticias-de-ribeirao-preto-sp-e-regiao-ismael-colosi"],"jetpack_publicize_connections":[],"jetpack_featured_media_url":"https:\/\/i0.wp.com\/noticiasribeiraopreto.com.br\/wp-content\/uploads\/2024\/02\/Capturar-6.jpg?fit=935%2C621&ssl=1","jetpack-related-posts":[{"id":35504,"url":"https:\/\/noticiasribeiraopreto.com.br\/index.php\/2024\/02\/06\/confira-a-programacao-de-carnaval-em-shoppings-de-ribeirao-preto-e-franca\/","url_meta":{"origin":36474,"position":0},"title":"Confira a programa\u00e7\u00e3o de Carnaval em shoppings de Ribeir\u00e3o Preto e Franca","author":"noticiasribeiraopreto.com.br","date":"6 de February de 2024","format":false,"excerpt":"Faltando poucos dias para o Carnaval, dois dos quatro shoppings de Ribeir\u00e3o Preto e o de Franca divulgaram as programa\u00e7\u00f5es para comemorar a data. As atividades culturais oferecidas pelos centros de compras s\u00e3o para toda fam\u00edlia e v\u00e3o desde oficinas, matin\u00eas at\u00e9 desfile de fantasias (veja abaixo). Shopping Iguatemi Oficinas\u2026","rel":"","context":"In &quot;Not\u00edcias de Ribeir\u00e3o Preto-SP e Regi\u00e3o&quot;","block_context":{"text":"Not\u00edcias de Ribeir\u00e3o Preto-SP e Regi\u00e3o","link":"https:\/\/noticiasribeiraopreto.com.br\/index.php\/category\/noticias-de-ribeirao-preto-sp-e-regiao-ismael-colosi\/"},"img":{"alt_text":"","src":"https:\/\/i0.wp.com\/noticiasribeiraopreto.com.br\/wp-content\/uploads\/2024\/02\/Copia-de-Copia-de-TAMANHO-EXATO-PARA-FOTOS-NO-SISTEMA-NOVO-6-1.jpg?fit=1200%2C675&ssl=1&resize=350%2C200","width":350,"height":200,"srcset":"https:\/\/i0.wp.com\/noticiasribeiraopreto.com.br\/wp-content\/uploads\/2024\/02\/Copia-de-Copia-de-TAMANHO-EXATO-PARA-FOTOS-NO-SISTEMA-NOVO-6-1.jpg?fit=1200%2C675&ssl=1&resize=350%2C200 1x, https:\/\/i0.wp.com\/noticiasribeiraopreto.com.br\/wp-content\/uploads\/2024\/02\/Copia-de-Copia-de-TAMANHO-EXATO-PARA-FOTOS-NO-SISTEMA-NOVO-6-1.jpg?fit=1200%2C675&ssl=1&resize=525%2C300 1.5x, https:\/\/i0.wp.com\/noticiasribeiraopreto.com.br\/wp-content\/uploads\/2024\/02\/Copia-de-Copia-de-TAMANHO-EXATO-PARA-FOTOS-NO-SISTEMA-NOVO-6-1.jpg?fit=1200%2C675&ssl=1&resize=700%2C400 2x, https:\/\/i0.wp.com\/noticiasribeiraopreto.com.br\/wp-content\/uploads\/2024\/02\/Copia-de-Copia-de-TAMANHO-EXATO-PARA-FOTOS-NO-SISTEMA-NOVO-6-1.jpg?fit=1200%2C675&ssl=1&resize=1050%2C600 3x"},"classes":[]},{"id":63968,"url":"https:\/\/noticiasribeiraopreto.com.br\/index.php\/2025\/02\/26\/shoppings-de-ribeirao-preto-tem-programacao-especial-de-carnaval-confira\/","url_meta":{"origin":36474,"position":1},"title":"Shoppings de Ribeir\u00e3o Preto t\u00eam programa\u00e7\u00e3o especial de Carnaval; Confira","author":"noticiasribeiraopreto.com.br","date":"26 de February de 2025","format":false,"excerpt":"Faltando poucos dias para o Carnaval, os centros comerciais de Ribeir\u00e3o Preto e regi\u00e3o divulgaram suas programa\u00e7\u00f5es para comemorar a data. Entre as atividades culturais oferecidas est\u00e3o: \u201cpequeno trio el\u00e9trico\u201d, bailinhos com DJ, pinturas faciais, oficinas tem\u00e1ticas e mais. Confira a programa\u00e7\u00e3o: Ribeir\u00e3o Shopping A programa\u00e7\u00e3o especial de Carnaval, contar\u00e1\u2026","rel":"","context":"In &quot;Not\u00edcias de Ribeir\u00e3o Preto-SP e Regi\u00e3o&quot;","block_context":{"text":"Not\u00edcias de Ribeir\u00e3o Preto-SP e Regi\u00e3o","link":"https:\/\/noticiasribeiraopreto.com.br\/index.php\/category\/noticias-de-ribeirao-preto-sp-e-regiao-ismael-colosi\/"},"img":{"alt_text":"","src":"https:\/\/i0.wp.com\/noticiasribeiraopreto.com.br\/wp-content\/uploads\/2025\/02\/1-3.jpg?fit=1200%2C675&ssl=1&resize=350%2C200","width":350,"height":200,"srcset":"https:\/\/i0.wp.com\/noticiasribeiraopreto.com.br\/wp-content\/uploads\/2025\/02\/1-3.jpg?fit=1200%2C675&ssl=1&resize=350%2C200 1x, https:\/\/i0.wp.com\/noticiasribeiraopreto.com.br\/wp-content\/uploads\/2025\/02\/1-3.jpg?fit=1200%2C675&ssl=1&resize=525%2C300 1.5x, https:\/\/i0.wp.com\/noticiasribeiraopreto.com.br\/wp-content\/uploads\/2025\/02\/1-3.jpg?fit=1200%2C675&ssl=1&resize=700%2C400 2x, https:\/\/i0.wp.com\/noticiasribeiraopreto.com.br\/wp-content\/uploads\/2025\/02\/1-3.jpg?fit=1200%2C675&ssl=1&resize=1050%2C600 3x"},"classes":[]},{"id":82434,"url":"https:\/\/noticiasribeiraopreto.com.br\/index.php\/2026\/02\/14\/a-folia-comecou-confira-os-destaques-de-carnaval-em-ribeirao-preto-e-regiao\/","url_meta":{"origin":36474,"position":2},"title":"A folia come\u00e7ou! Confira os destaques de Carnaval em Ribeir\u00e3o Preto e regi\u00e3o","author":"noticiasribeiraopreto.com.br","date":"14 de February de 2026","format":false,"excerpt":"O fim de semana em Ribeir\u00e3o Preto e regi\u00e3o promete muita m\u00fasica, festa e folia para quem vai aproveitar o Carnaval, a partir desta sexta-feira (13). \ud83e\udd73 \ud83c\udf89 A programa\u00e7\u00e3o conta com op\u00e7\u00f5es para todos os gostos e idades, espalhadas por Batatais, Sert\u00e3ozinho, Jaboticabal, Taquaritinga e muito mais \u2013 veja\u2026","rel":"","context":"In &quot;Not\u00edcias de Ribeir\u00e3o Preto-SP e Regi\u00e3o&quot;","block_context":{"text":"Not\u00edcias de Ribeir\u00e3o Preto-SP e Regi\u00e3o","link":"https:\/\/noticiasribeiraopreto.com.br\/index.php\/category\/noticias-de-ribeirao-preto-sp-e-regiao-ismael-colosi\/"},"img":{"alt_text":"","src":"https:\/\/i0.wp.com\/noticiasribeiraopreto.com.br\/wp-content\/uploads\/2026\/02\/palace-9_2026-02-13_18-04-58.webp.webp?fit=1200%2C675&ssl=1&resize=350%2C200","width":350,"height":200,"srcset":"https:\/\/i0.wp.com\/noticiasribeiraopreto.com.br\/wp-content\/uploads\/2026\/02\/palace-9_2026-02-13_18-04-58.webp.webp?fit=1200%2C675&ssl=1&resize=350%2C200 1x, https:\/\/i0.wp.com\/noticiasribeiraopreto.com.br\/wp-content\/uploads\/2026\/02\/palace-9_2026-02-13_18-04-58.webp.webp?fit=1200%2C675&ssl=1&resize=525%2C300 1.5x, https:\/\/i0.wp.com\/noticiasribeiraopreto.com.br\/wp-content\/uploads\/2026\/02\/palace-9_2026-02-13_18-04-58.webp.webp?fit=1200%2C675&ssl=1&resize=700%2C400 2x, https:\/\/i0.wp.com\/noticiasribeiraopreto.com.br\/wp-content\/uploads\/2026\/02\/palace-9_2026-02-13_18-04-58.webp.webp?fit=1200%2C675&ssl=1&resize=1050%2C600 3x"},"classes":[]},{"id":35858,"url":"https:\/\/noticiasribeiraopreto.com.br\/index.php\/2024\/02\/07\/mais-um-shopping-de-ribeirao-preto-tem-programacao-de-carnaval-confira\/","url_meta":{"origin":36474,"position":3},"title":"Mais um shopping de Ribeir\u00e3o Preto tem programa\u00e7\u00e3o de Carnaval; Confira","author":"noticiasribeiraopreto.com.br","date":"7 de February de 2024","format":false,"excerpt":"O Shopping Santa \u00darsula, que fica na \u00e1rea Central de Ribeir\u00e3o Preto, divulgou nesta quarta-feira (7) a programa\u00e7\u00e3o de Carnaval. As atra\u00e7\u00f5es acontecem de 10 a 12 de fevereiro e s\u00e3o direcionadas para toda fam\u00edlia. Nos dias 10 e 12, as crian\u00e7as podem curtir o Bailinho de Carnaval do Santa.\u2026","rel":"","context":"In &quot;Not\u00edcias de Ribeir\u00e3o Preto-SP e Regi\u00e3o&quot;","block_context":{"text":"Not\u00edcias de Ribeir\u00e3o Preto-SP e Regi\u00e3o","link":"https:\/\/noticiasribeiraopreto.com.br\/index.php\/category\/noticias-de-ribeirao-preto-sp-e-regiao-ismael-colosi\/"},"img":{"alt_text":"","src":"https:\/\/i0.wp.com\/noticiasribeiraopreto.com.br\/wp-content\/uploads\/2024\/02\/linda-garota-com-peruca-de-palhaco-soprando-confete-scaled.jpg?fit=1200%2C800&ssl=1&resize=350%2C200","width":350,"height":200,"srcset":"https:\/\/i0.wp.com\/noticiasribeiraopreto.com.br\/wp-content\/uploads\/2024\/02\/linda-garota-com-peruca-de-palhaco-soprando-confete-scaled.jpg?fit=1200%2C800&ssl=1&resize=350%2C200 1x, https:\/\/i0.wp.com\/noticiasribeiraopreto.com.br\/wp-content\/uploads\/2024\/02\/linda-garota-com-peruca-de-palhaco-soprando-confete-scaled.jpg?fit=1200%2C800&ssl=1&resize=525%2C300 1.5x, https:\/\/i0.wp.com\/noticiasribeiraopreto.com.br\/wp-content\/uploads\/2024\/02\/linda-garota-com-peruca-de-palhaco-soprando-confete-scaled.jpg?fit=1200%2C800&ssl=1&resize=700%2C400 2x, https:\/\/i0.wp.com\/noticiasribeiraopreto.com.br\/wp-content\/uploads\/2024\/02\/linda-garota-com-peruca-de-palhaco-soprando-confete-scaled.jpg?fit=1200%2C800&ssl=1&resize=1050%2C600 3x"},"classes":[]},{"id":63643,"url":"https:\/\/noticiasribeiraopreto.com.br\/index.php\/2025\/02\/18\/sesi-ribeirao-preto-apresenta-programacao-gratuita-de-pre-carnaval-confira\/","url_meta":{"origin":36474,"position":4},"title":"Sesi Ribeir\u00e3o Preto apresenta programa\u00e7\u00e3o gratuita de pr\u00e9-Carnaval; confira","author":"noticiasribeiraopreto.com.br","date":"18 de February de 2025","format":false,"excerpt":"O Sesi Ribeir\u00e3o Preto recebe nos dias 22 e 23 de fevereiro, das 11h \u00e0s 16h, uma programa\u00e7\u00e3o especial e gratuita de Carnaval. Entre as atividades est\u00e3o shows, brincadeiras carnavalescas e desfile de fantasias. Os ingressos devem ser reservados pelo site Meu Sesi. Shows Nas duas datas, a programa\u00e7\u00e3o inicia\u2026","rel":"","context":"In &quot;Not\u00edcias de Ribeir\u00e3o Preto-SP e Regi\u00e3o&quot;","block_context":{"text":"Not\u00edcias de Ribeir\u00e3o Preto-SP e Regi\u00e3o","link":"https:\/\/noticiasribeiraopreto.com.br\/index.php\/category\/noticias-de-ribeirao-preto-sp-e-regiao-ismael-colosi\/"},"img":{"alt_text":"","src":"https:\/\/i0.wp.com\/noticiasribeiraopreto.com.br\/wp-content\/uploads\/2025\/02\/a202a17f-c5fe-4a8c-b94e-65dd3de8c395_2025-02-18_16-29-22_jpg_2025-02-18_16-29-22-scaled.webp.webp?fit=1200%2C979&ssl=1&resize=350%2C200","width":350,"height":200,"srcset":"https:\/\/i0.wp.com\/noticiasribeiraopreto.com.br\/wp-content\/uploads\/2025\/02\/a202a17f-c5fe-4a8c-b94e-65dd3de8c395_2025-02-18_16-29-22_jpg_2025-02-18_16-29-22-scaled.webp.webp?fit=1200%2C979&ssl=1&resize=350%2C200 1x, https:\/\/i0.wp.com\/noticiasribeiraopreto.com.br\/wp-content\/uploads\/2025\/02\/a202a17f-c5fe-4a8c-b94e-65dd3de8c395_2025-02-18_16-29-22_jpg_2025-02-18_16-29-22-scaled.webp.webp?fit=1200%2C979&ssl=1&resize=525%2C300 1.5x, https:\/\/i0.wp.com\/noticiasribeiraopreto.com.br\/wp-content\/uploads\/2025\/02\/a202a17f-c5fe-4a8c-b94e-65dd3de8c395_2025-02-18_16-29-22_jpg_2025-02-18_16-29-22-scaled.webp.webp?fit=1200%2C979&ssl=1&resize=700%2C400 2x, https:\/\/i0.wp.com\/noticiasribeiraopreto.com.br\/wp-content\/uploads\/2025\/02\/a202a17f-c5fe-4a8c-b94e-65dd3de8c395_2025-02-18_16-29-22_jpg_2025-02-18_16-29-22-scaled.webp.webp?fit=1200%2C979&ssl=1&resize=1050%2C600 3x"},"classes":[]},{"id":82425,"url":"https:\/\/noticiasribeiraopreto.com.br\/index.php\/2026\/02\/14\/carnaval-em-ribeirao-preto-veja-a-programacao-completa-deste-sabado\/","url_meta":{"origin":36474,"position":5},"title":"Carnaval em Ribeir\u00e3o Preto: Veja a programa\u00e7\u00e3o completa deste s\u00e1bado","author":"noticiasribeiraopreto.com.br","date":"14 de February de 2026","format":false,"excerpt":"O fim de semana em Ribeir\u00e3o Preto promete muita folia para quem quer aproveitar o Carnaval na cidade. Neste s\u00e1bado (14), a programa\u00e7\u00e3o come\u00e7a \u00e0s 9h com o Carnaval Coisinha Boa, na avenida Nove de Julho. Ao longo do dia, a festa continua com Bloco do Fub\u00e1, TocaTatu, Bloco Purpurina\u2026","rel":"","context":"In &quot;Not\u00edcias de Ribeir\u00e3o Preto-SP e Regi\u00e3o&quot;","block_context":{"text":"Not\u00edcias de Ribeir\u00e3o Preto-SP e Regi\u00e3o","link":"https:\/\/noticiasribeiraopreto.com.br\/index.php\/category\/noticias-de-ribeirao-preto-sp-e-regiao-ismael-colosi\/"},"img":{"alt_text":"","src":"https:\/\/i0.wp.com\/noticiasribeiraopreto.com.br\/wp-content\/uploads\/2026\/02\/img_0662-1024x683.jpg?fit=1024%2C683&ssl=1&resize=350%2C200","width":350,"height":200,"srcset":"https:\/\/i0.wp.com\/noticiasribeiraopreto.com.br\/wp-content\/uploads\/2026\/02\/img_0662-1024x683.jpg?fit=1024%2C683&ssl=1&resize=350%2C200 1x, https:\/\/i0.wp.com\/noticiasribeiraopreto.com.br\/wp-content\/uploads\/2026\/02\/img_0662-1024x683.jpg?fit=1024%2C683&ssl=1&resize=525%2C300 1.5x, https:\/\/i0.wp.com\/noticiasribeiraopreto.com.br\/wp-content\/uploads\/2026\/02\/img_0662-1024x683.jpg?fit=1024%2C683&ssl=1&resize=700%2C400 2x"},"classes":[]}],"jetpack_sharing_enabled":true,"jetpack_shortlink":"https:\/\/wp.me\/peQAOb-9ui","_links":{"self":[{"href":"https:\/\/noticiasribeiraopreto.com.br\/index.php\/wp-json\/wp\/v2\/posts\/36474","targetHints":{"allow":["GET"]}}],"collection":[{"href":"https:\/\/noticiasribeiraopreto.com.br\/index.php\/wp-json\/wp\/v2\/posts"}],"about":[{"href":"https:\/\/noticiasribeiraopreto.com.br\/index.php\/wp-json\/wp\/v2\/types\/post"}],"author":[{"embeddable":true,"href":"https:\/\/noticiasribeiraopreto.com.br\/index.php\/wp-json\/wp\/v2\/users\/1"}],"replies":[{"embeddable":true,"href":"https:\/\/noticiasribeiraopreto.com.br\/index.php\/wp-json\/wp\/v2\/comments?post=36474"}],"version-history":[{"count":0,"href":"https:\/\/noticiasribeiraopreto.com.br\/index.php\/wp-json\/wp\/v2\/posts\/36474\/revisions"}],"wp:featuredmedia":[{"embeddable":true,"href":"https:\/\/noticiasribeiraopreto.com.br\/index.php\/wp-json\/wp\/v2\/media\/36475"}],"wp:attachment":[{"href":"https:\/\/noticiasribeiraopreto.com.br\/index.php\/wp-json\/wp\/v2\/media?parent=36474"}],"wp:term":[{"taxonomy":"category","embeddable":true,"href":"https:\/\/noticiasribeiraopreto.com.br\/index.php\/wp-json\/wp\/v2\/categories?post=36474"},{"taxonomy":"post_tag","embeddable":true,"href":"https:\/\/noticiasribeiraopreto.com.br\/index.php\/wp-json\/wp\/v2\/tags?post=36474"}],"curies":[{"name":"wp","href":"https:\/\/api.w.org\/{rel}","templated":true}]}}