{"id":36558,"date":"2024-02-10T07:02:38","date_gmt":"2024-02-10T10:02:38","guid":{"rendered":"https:\/\/noticiasribeiraopreto.com.br\/index.php\/2024\/02\/10\/instituto-federalifb-anuncia-a-abertura-de-mais-de-300-vagas-em-cursos-tecnicos-gratuitos-em-varias-areas-e-sem-taxa-de-inscricao-aproveite-a-oportunidade\/"},"modified":"2024-02-10T07:02:38","modified_gmt":"2024-02-10T10:02:38","slug":"instituto-federalifb-anuncia-a-abertura-de-mais-de-300-vagas-em-cursos-tecnicos-gratuitos-em-varias-areas-e-sem-taxa-de-inscricao-aproveite-a-oportunidade","status":"publish","type":"post","link":"https:\/\/noticiasribeiraopreto.com.br\/index.php\/2024\/02\/10\/instituto-federalifb-anuncia-a-abertura-de-mais-de-300-vagas-em-cursos-tecnicos-gratuitos-em-varias-areas-e-sem-taxa-de-inscricao-aproveite-a-oportunidade\/","title":{"rendered":"Instituto Federal(IFB) anuncia a abertura de mais de 300 vagas em cursos t\u00e9cnicos gratuitos em v\u00e1rias \u00e1reas e sem taxa de inscri\u00e7\u00e3o; Aproveite a oportunidade!"},"content":{"rendered":"<div class='code-block code-block-1' style='margin: 8px 0 8px auto; text-align: right; display: block; clear: both;'>\n<p><a href=\"https:\/\/wa.link\/vpicfd\"><img data-recalc-dims=\"1\" class=\"wp-image-4922\" style=\"aspect-ratio: 2.0253164556962027; width: 561px; height: auto;\" src=\"https:\/\/i0.wp.com\/ismaelcolosi.com.br\/wp-content\/uploads\/2023\/11\/grupo-de-empregos-whatsapp-e-facebook-ismael-colosi-vagas.jpg?ssl=1\" alt=\"\" \/><\/a><\/p>\n<!-- \/wp:image -->\n<\/div>\n<p> <br \/>\n<\/p>\n<div>\n<p style=\"text-align: justify;\"><span style=\"font-family: arial, helvetica, sans-serif; font-size: 14pt;\">O campus do Instituto Federal de Bras\u00edlia (IFB) aceita inscri\u00e7\u00f5es para diversos cursos t\u00e9cnicos de educa\u00e7\u00e3o infantil e continuada (FIC) em diversas \u00e1reas. No total, s\u00e3o mais de 400 vagas nos cursos gratuitos dispon\u00edveis para a comunidade, que v\u00e3o de l\u00ednguas estrangeiras \u00e0 sa\u00fade e mercado de capitais.<\/span><\/p>\n<h2><strong><span style=\"font-family: arial, helvetica, sans-serif;\">Lista de cursos t\u00e9cnicos gratuitos do Instituto Federal<\/span><\/strong><\/h2>\n<p style=\"text-align: justify;\"><span style=\"font-family: arial, helvetica, sans-serif; font-size: 14pt;\">Os cursos t\u00e9cnicos subsequentes abertos pelo Instituto Federal incluem:<\/span><\/p>\n<ul>\n<li><span style=\"font-family: arial, helvetica, sans-serif; font-size: 14pt;\">Secretariado \u2013 IFB Campus S\u00e3o Sebasti\u00e3o;<\/span><\/li>\n<li><span style=\"font-family: arial, helvetica, sans-serif; font-size: 14pt;\">Log\u00edstica \u2013 IFB Campus Gama;<\/span><\/li>\n<li><span style=\"font-family: arial, helvetica, sans-serif; font-size: 14pt;\">Eletromec\u00e2nica e T\u00e9cnico em Manuten\u00e7\u00e3o e Suporte em Inform\u00e1tica \u2013 IFB Campus Taguatinga;<\/span><\/li>\n<li><span style=\"font-family: arial, helvetica, sans-serif; font-size: 14pt;\">Controle Ambiental \u2013 IFB Campus Samambaia;<\/span><\/li>\n<li><span style=\"font-family: arial, helvetica, sans-serif; font-size: 14pt;\">Subsequente em Panifica\u00e7\u00e3o \u2013 IFB Campus Riacho Fundo;<\/span><\/li>\n<li><span style=\"font-family: arial, helvetica, sans-serif; font-size: 14pt;\">T\u00e9cnico Subsequente em Administra\u00e7\u00e3o e em Servi\u00e7os P\u00fablicos \u2013 IFB Campus Bras\u00edlia.<\/span><\/li>\n<\/ul>\n<h2><strong><span style=\"font-family: arial, helvetica, sans-serif;\">Os cursos gratuitos do PROEJA dispon\u00edveis s\u00e3o:<\/span><\/strong><\/h2>\n<ul>\n<li><span style=\"font-family: arial, helvetica, sans-serif; font-size: 14pt;\">Administra\u00e7\u00e3o \u2013 IFB Campus Gama;<\/span><\/li>\n<li><span style=\"font-family: arial, helvetica, sans-serif; font-size: 14pt;\">Meio Ambiente \u2013 IFB Campus Estrutural;<\/span><\/li>\n<li><span style=\"font-family: arial, helvetica, sans-serif; font-size: 14pt;\">Marketing \u2013 IFB Campus Bras\u00edlia;<\/span><\/li>\n<li><span style=\"font-family: arial, helvetica, sans-serif; font-size: 14pt;\">Secretariado \u2013 IFB Campus S\u00e3o Sebasti\u00e3o;<\/span><\/li>\n<li><span style=\"font-family: arial, helvetica, sans-serif; font-size: 14pt;\">Artesanato \u2013 IFB Campus S\u00e3o Taguatinga;<\/span><\/li>\n<li><span style=\"font-family: arial, helvetica, sans-serif; font-size: 14pt;\">Produ\u00e7\u00e3o de \u00c1udio e V\u00eddeo \u2013 IFB Campus S\u00e3o Recanto das Emas;<\/span><\/li>\n<li><span style=\"font-family: arial, helvetica, sans-serif; font-size: 14pt;\">Edifica\u00e7\u00f5es \u2013 IFB Campus Samambaia.<\/span><\/li>\n<\/ul>\n<p style=\"text-align: justify;\"><span style=\"font-family: arial, helvetica, sans-serif; font-size: 14pt;\">O Instituto Federal Campus Planaltina est\u00e1 com inscri\u00e7\u00f5es abertas para cursos t\u00e9cnicos e superiores gratuitos. Alguns dos cursos gratuitos oferecidos incluem:<\/span><\/p>\n<h2><strong><span style=\"font-family: arial, helvetica, sans-serif;\">Curso B\u00e1sico de Libras FIC para Servidores: 25 vagas<\/span><\/strong><\/h2>\n<p style=\"text-align: justify;\"><span style=\"font-family: arial, helvetica, sans-serif; font-size: 14pt;\">Este curso tem como objetivo expor os alunos aos aspectos lingu\u00edsticos e \u00e0s diferen\u00e7as entre o portugu\u00eas e a l\u00edngua de sinais, ajud\u00e1-los a assimilar os aspectos te\u00f3ricos e pr\u00e1ticos de Libra e adquirir os meios para realizar intera\u00e7\u00f5es surdo-auditivas.<\/span><\/p>\n<h2><strong><span style=\"font-family: arial, helvetica, sans-serif;\">Curso Tecnol\u00f3gico em Agroecologia: 43 alunos<\/span><\/strong><\/h2>\n<p style=\"text-align: justify;\"><span style=\"font-family: arial, helvetica, sans-serif; font-size: 14pt;\">Tem como objetivo ensinar a planejar, executar, monitorar, analisar e certificar sistemas de produ\u00e7\u00e3o agroecol\u00f3gicos. Tamb\u00e9m planeja e implementa sistemas de produ\u00e7\u00e3o agroecol\u00f3gicos e atividades de gest\u00e3o agroambiental. Implementar um sistema de produ\u00e7\u00e3o para animais e plantas.<\/span><\/p>\n<h2><strong><span style=\"font-family: arial, helvetica, sans-serif;\">Vantagens dos cursos t\u00e9cnicos<\/span><\/strong><\/h2>\n<p style=\"text-align: justify;\"><span style=\"font-family: arial, helvetica, sans-serif; font-size: 14pt;\">Tornar-se um especialista e se destacar no mercado de trabalho n\u00e3o \u00e9 f\u00e1cil, pois \u00e9 uma melhoria cont\u00ednua que exige muita dedica\u00e7\u00e3o. \u00c9 ainda mais dif\u00edcil se voc\u00ea j\u00e1 est\u00e1 trabalhando e n\u00e3o sabe como se qualificar.<\/span><\/p>\n<p style=\"text-align: justify;\"><span style=\"font-family: arial, helvetica, sans-serif; font-size: 14pt;\">O certificado comprova a conclus\u00e3o do curso, e o ensino e as habilidades comprovam sua aptid\u00e3o para atuar na \u00e1rea. Dessa forma, ambos formam um conjunto que enfatiza seu curr\u00edculo na hora de procurar emprego ou mudar de emprego.<\/span><\/p>\n<p style=\"text-align: justify;\"><span style=\"font-family: arial, helvetica, sans-serif; font-size: 14pt;\">Os cursos t\u00e9cnicos s\u00e3o o ponto de partida para a aquisi\u00e7\u00e3o de qualifica\u00e7\u00e3o, proporcionando aprendizado e contato com o mercado, al\u00e9m de proporcionar conex\u00f5es que constroem vantagens como a prepara\u00e7\u00e3o dos alunos para atividades espec\u00edficas da \u00e1rea, conhecimento do trabalho em menos tempo, imers\u00e3o no mercado de trabalho e gera\u00e7\u00e3o de experi\u00eancia. Al\u00e9m das qualifica\u00e7\u00f5es, os cursos t\u00e9cnicos s\u00e3o a op\u00e7\u00e3o mais pr\u00f3xima do mercado de trabalho e servem de ponte entre estudantes e empresas.<\/span><\/p>\n<h2><strong><span style=\"font-family: arial, helvetica, sans-serif;\">Sobre o Instituto Federal de Bras\u00edlia<\/span><\/strong><\/h2>\n<p style=\"text-align: justify;\"><span style=\"font-family: arial, helvetica, sans-serif; font-size: 14pt;\">O Instituto Federal de Educa\u00e7\u00e3o, Ci\u00eancia e Tecnologia (IFB), em Bras\u00edlia, \u00e9 uma casa acolhedora para todos aqueles que buscam qualifica\u00e7\u00e3o profissional e t\u00e9cnica no Distrito Federal.<\/span><\/p>\n<p style=\"text-align: justify;\"><span style=\"font-family: arial, helvetica, sans-serif; font-size: 14pt;\">\u00c9 nessa institui\u00e7\u00e3o com 10 campi e uma reitoria que encontra as bases para que a educa\u00e7\u00e3o profissional das unidades da federa\u00e7\u00e3o, carinhosamente chamada de \u201cquadrazinho\u201d, se torne uma ferramenta estruturante para o exerc\u00edcio da cidadania, o desenvolvimento da ci\u00eancia, a promo\u00e7\u00e3o da cultura e do trabalho.<\/span><\/p>\n<p style=\"text-align: justify;\"><span style=\"font-family: arial, helvetica, sans-serif; font-size: 14pt;\">O IFB, que surgiu na hist\u00f3ria de Bras\u00edlia em 2008, segue o caminho dos pequenos peixes e perucas caracter\u00edsticos da popula\u00e7\u00e3o, formada por pessoas de diferentes partes do pa\u00eds. Diante de tamanha diversidade, o IFB coordena cursos livres em um eixo tecnol\u00f3gico e observa a miss\u00e3o econ\u00f4mica das regi\u00f5es que atende.<\/span><\/p>\n<\/div>\n<p><br \/>\n<br \/><a href=\"https:\/\/www.financasbrasil.org\/2024\/02\/instituto-federalifb-anuncia.html\">Source link <\/a><\/p>\n<!-- CONTENT END 1 -->\n","protected":false},"excerpt":{"rendered":"<p>O campus do Instituto Federal de Bras\u00edlia (IFB) aceita inscri\u00e7\u00f5es para diversos cursos t\u00e9cnicos de educa\u00e7\u00e3o infantil e continuada (FIC) em diversas \u00e1reas. No total,&#8230;<\/p>\n","protected":false},"author":1,"featured_media":36559,"comment_status":"open","ping_status":"open","sticky":false,"template":"","format":"standard","meta":{"advanced_seo_description":"","jetpack_seo_html_title":"","jetpack_seo_noindex":false,"jetpack_post_was_ever_published":false,"_jetpack_newsletter_access":"","_jetpack_dont_email_post_to_subs":false,"_jetpack_newsletter_tier_id":0,"_jetpack_memberships_contains_paywalled_content":false,"_jetpack_memberships_contains_paid_content":false,"footnotes":"","jetpack_publicize_message":"","jetpack_publicize_feature_enabled":true,"jetpack_social_post_already_shared":true,"jetpack_social_options":{"image_generator_settings":{"template":"highway","default_image_id":0,"font":"","enabled":false},"version":2}},"categories":[3598],"tags":[],"class_list":["post-36558","post","type-post","status-publish","format-standard","has-post-thumbnail","hentry","category-empregos-classificados-vagas-trabalho"],"jetpack_publicize_connections":[],"jetpack_featured_media_url":"https:\/\/i0.wp.com\/noticiasribeiraopreto.com.br\/wp-content\/uploads\/2024\/02\/Cursos.webp.png?fit=1200%2C630&ssl=1","jetpack-related-posts":[{"id":22214,"url":"https:\/\/noticiasribeiraopreto.com.br\/index.php\/2023\/12\/29\/instituto-federal-oferece-mais-de-5600-vagas-em-cursos-tecnicos-gratuitos-ead-com-inicio-em-2024\/","url_meta":{"origin":36558,"position":0},"title":"Instituto Federal oferece mais de 5600 vagas em cursos t\u00e9cnicos GRATUITOS EAD com in\u00edcio em 2024","author":"noticiasribeiraopreto.com.br","date":"29 de December de 2023","format":false,"excerpt":"Foto: Canva As 5600 vagas ofertadas pelo Instituto Federal s\u00e3o distribu\u00eddas em 11 op\u00e7\u00f5es de cursos t\u00e9cnicos gratuitos, para estudar EAD. O Instituto Federal de Educa\u00e7\u00e3o, Ci\u00eancia e Tecnologia do Sul de Minas Gerais (IFSULDEMINAS) anunciou a abertura das inscri\u00e7\u00f5es para o processo seletivo de cursos t\u00e9cnicos gratuitos na modalidade\u2026","rel":"","context":"In &quot;Vagas de Emprego em Ribeir\u00e3o Preto-SP&quot;","block_context":{"text":"Vagas de Emprego em Ribeir\u00e3o Preto-SP","link":"https:\/\/noticiasribeiraopreto.com.br\/index.php\/category\/empregos-classificados-vagas-trabalho\/vagas-de-empregos-em-ribeirao-preto-regiao-brasil\/"},"img":{"alt_text":"","src":"https:\/\/i0.wp.com\/noticiasribeiraopreto.com.br\/wp-content\/uploads\/2023\/12\/instituto-federal-oferece-mais-de-5600-vagas-em-cursos-tecnicos-gratuitos-ead-com-inicio-em-2024-830x450.png?fit=830%2C450&ssl=1&resize=350%2C200","width":350,"height":200,"srcset":"https:\/\/i0.wp.com\/noticiasribeiraopreto.com.br\/wp-content\/uploads\/2023\/12\/instituto-federal-oferece-mais-de-5600-vagas-em-cursos-tecnicos-gratuitos-ead-com-inicio-em-2024-830x450.png?fit=830%2C450&ssl=1&resize=350%2C200 1x, https:\/\/i0.wp.com\/noticiasribeiraopreto.com.br\/wp-content\/uploads\/2023\/12\/instituto-federal-oferece-mais-de-5600-vagas-em-cursos-tecnicos-gratuitos-ead-com-inicio-em-2024-830x450.png?fit=830%2C450&ssl=1&resize=525%2C300 1.5x, https:\/\/i0.wp.com\/noticiasribeiraopreto.com.br\/wp-content\/uploads\/2023\/12\/instituto-federal-oferece-mais-de-5600-vagas-em-cursos-tecnicos-gratuitos-ead-com-inicio-em-2024-830x450.png?fit=830%2C450&ssl=1&resize=700%2C400 2x"},"classes":[]},{"id":13718,"url":"https:\/\/noticiasribeiraopreto.com.br\/index.php\/2023\/12\/11\/instituto-federal-de-sp-tem-vagas-em-cursos-gratuitos-da-eja\/","url_meta":{"origin":36558,"position":1},"title":"Instituto Federal de SP tem vagas em cursos gratuitos da EJA","author":"noticiasribeiraopreto.com.br","date":"11 de December de 2023","format":false,"excerpt":"O Instituto Federal de Educa\u00e7\u00e3o, Ci\u00eancia e Tecnologia de S\u00e3o Paulo (IFSP) recebe inscri\u00e7\u00f5es para o processo seletivo dos cursos gratuitos no programa Educa\u00e7\u00e3o de Jovens e Adultos (EJA) para o 1\u00ba semestre de 2024. As inscri\u00e7\u00f5es est\u00e3o abertas at\u00e9 11 de janeiro e devem ser feitas exclusivamente de forma\u2026","rel":"","context":"In &quot;Variedades&quot;","block_context":{"text":"Variedades","link":"https:\/\/noticiasribeiraopreto.com.br\/index.php\/category\/variedades\/"},"img":{"alt_text":"","src":"https:\/\/i0.wp.com\/noticiasribeiraopreto.com.br\/wp-content\/uploads\/2023\/12\/ifsp-cursos-tecnicos-gratuitos.jpg?fit=1200%2C638&ssl=1&resize=350%2C200","width":350,"height":200,"srcset":"https:\/\/i0.wp.com\/noticiasribeiraopreto.com.br\/wp-content\/uploads\/2023\/12\/ifsp-cursos-tecnicos-gratuitos.jpg?fit=1200%2C638&ssl=1&resize=350%2C200 1x, https:\/\/i0.wp.com\/noticiasribeiraopreto.com.br\/wp-content\/uploads\/2023\/12\/ifsp-cursos-tecnicos-gratuitos.jpg?fit=1200%2C638&ssl=1&resize=525%2C300 1.5x, https:\/\/i0.wp.com\/noticiasribeiraopreto.com.br\/wp-content\/uploads\/2023\/12\/ifsp-cursos-tecnicos-gratuitos.jpg?fit=1200%2C638&ssl=1&resize=700%2C400 2x, https:\/\/i0.wp.com\/noticiasribeiraopreto.com.br\/wp-content\/uploads\/2023\/12\/ifsp-cursos-tecnicos-gratuitos.jpg?fit=1200%2C638&ssl=1&resize=1050%2C600 3x"},"classes":[]},{"id":11603,"url":"https:\/\/noticiasribeiraopreto.com.br\/index.php\/2023\/12\/06\/instituto-federal-oferece-cursos-gratuitos-presenciais-e-na-modalidade-ead-certificado\/","url_meta":{"origin":36558,"position":2},"title":"Instituto Federal oferece cursos gratuitos presenciais e na modalidade EAD + certificado!\u00a0","author":"noticiasribeiraopreto.com.br","date":"6 de December de 2023","format":false,"excerpt":"Foto: Freepik O Instituto Federal de Santa Catarina (IFSC) est\u00e1 com inscri\u00e7\u00f5es abertas at\u00e9 o dia 20 de dezembro para tr\u00eas cursos gratuitos EAD de p\u00f3s-gradua\u00e7\u00e3o lato sensu. As vagas s\u00e3o para os cursos de Ensino de L\u00edngua Estrangeira para a Educa\u00e7\u00e3o B\u00e1sica, Tecnologias para a Educa\u00e7\u00e3o Profissional e Tecnol\u00f3gica,\u2026","rel":"","context":"In &quot;Vagas de Emprego em Ribeir\u00e3o Preto-SP&quot;","block_context":{"text":"Vagas de Emprego em Ribeir\u00e3o Preto-SP","link":"https:\/\/noticiasribeiraopreto.com.br\/index.php\/category\/empregos-classificados-vagas-trabalho\/vagas-de-empregos-em-ribeirao-preto-regiao-brasil\/"},"img":{"alt_text":"","src":"https:\/\/i0.wp.com\/noticiasribeiraopreto.com.br\/wp-content\/uploads\/2023\/12\/Instituto-Federal-oferece-cursos-gratuitos-presenciais-e-na-modalidade-EAD-certificado-830x450.jpg?fit=830%2C450&ssl=1&resize=350%2C200","width":350,"height":200,"srcset":"https:\/\/i0.wp.com\/noticiasribeiraopreto.com.br\/wp-content\/uploads\/2023\/12\/Instituto-Federal-oferece-cursos-gratuitos-presenciais-e-na-modalidade-EAD-certificado-830x450.jpg?fit=830%2C450&ssl=1&resize=350%2C200 1x, https:\/\/i0.wp.com\/noticiasribeiraopreto.com.br\/wp-content\/uploads\/2023\/12\/Instituto-Federal-oferece-cursos-gratuitos-presenciais-e-na-modalidade-EAD-certificado-830x450.jpg?fit=830%2C450&ssl=1&resize=525%2C300 1.5x, https:\/\/i0.wp.com\/noticiasribeiraopreto.com.br\/wp-content\/uploads\/2023\/12\/Instituto-Federal-oferece-cursos-gratuitos-presenciais-e-na-modalidade-EAD-certificado-830x450.jpg?fit=830%2C450&ssl=1&resize=700%2C400 2x"},"classes":[]},{"id":17022,"url":"https:\/\/noticiasribeiraopreto.com.br\/index.php\/2023\/12\/17\/instituto-federal-oferece-quase-mil-vagas-em-cursos-gratuitos-de-graduacao-com-certificados-em-engenharia-tecnologia-metalurgia-e-mais-inscricoes-abertas-para-ensino-medio-via-enem\/","url_meta":{"origin":36558,"position":3},"title":"Instituto Federal oferece quase mil vagas em cursos gratuitos de gradua\u00e7\u00e3o com certificados em engenharia, tecnologia, metalurgia e mais; inscri\u00e7\u00f5es abertas para ensino m\u00e9dio via Enem","author":"noticiasribeiraopreto.com.br","date":"17 de December de 2023","format":false,"excerpt":"Inscreva-se agora e avance na sua carreira com cursos gratuitos de engenharia, tecnologia e metalurgia pelo IFMS! IFMS lan\u00e7a 680 vagas para cursos gratuitos em 2024! Inscri\u00e7\u00f5es abertas para Ensino M\u00e9dio via Enem. Realize seu sonho acad\u00eamico! Est\u00e1 sonhando com uma forma\u00e7\u00e3o de qualidade? O Instituto Federal de Mato Grosso\u2026","rel":"","context":"In &quot;Vagas de Emprego em Ribeir\u00e3o Preto-SP&quot;","block_context":{"text":"Vagas de Emprego em Ribeir\u00e3o Preto-SP","link":"https:\/\/noticiasribeiraopreto.com.br\/index.php\/category\/empregos-classificados-vagas-trabalho\/vagas-de-empregos-em-ribeirao-preto-regiao-brasil\/"},"img":{"alt_text":"","src":"https:\/\/i0.wp.com\/noticiasribeiraopreto.com.br\/wp-content\/uploads\/2023\/12\/IF-830x450.jpg?fit=830%2C450&ssl=1&resize=350%2C200","width":350,"height":200,"srcset":"https:\/\/i0.wp.com\/noticiasribeiraopreto.com.br\/wp-content\/uploads\/2023\/12\/IF-830x450.jpg?fit=830%2C450&ssl=1&resize=350%2C200 1x, https:\/\/i0.wp.com\/noticiasribeiraopreto.com.br\/wp-content\/uploads\/2023\/12\/IF-830x450.jpg?fit=830%2C450&ssl=1&resize=525%2C300 1.5x, https:\/\/i0.wp.com\/noticiasribeiraopreto.com.br\/wp-content\/uploads\/2023\/12\/IF-830x450.jpg?fit=830%2C450&ssl=1&resize=700%2C400 2x"},"classes":[]},{"id":56337,"url":"https:\/\/noticiasribeiraopreto.com.br\/index.php\/2024\/08\/12\/ifsp-esta-com-440-vagas-em-cursos-tecnicos-gratuitos-na-regiao-de-ribeirao-preto\/","url_meta":{"origin":36558,"position":4},"title":"IFSP est\u00e1 com 440 vagas em cursos t\u00e9cnicos gratuitos na regi\u00e3o de Ribeir\u00e3o Preto","author":"noticiasribeiraopreto.com.br","date":"12 de August de 2024","format":false,"excerpt":"O Instituto Federal de S\u00e3o Paulo (IFSP) est\u00e1 oferecendo 440 vagas de cursos t\u00e9cnicos gratuitos nas modalidades integrado, concomitante ou subsequente ao ensino m\u00e9dio, em Sert\u00e3ozinho e Barretos, cidades na regi\u00e3o de Ribeir\u00e3o Preto. As inscri\u00e7\u00f5es devem ser realizadas de forma on-line, atrav\u00e9s do site da institui\u00e7\u00e3o (clique aqui), at\u00e9\u2026","rel":"","context":"In &quot;Not\u00edcias de Ribeir\u00e3o Preto-SP e Regi\u00e3o&quot;","block_context":{"text":"Not\u00edcias de Ribeir\u00e3o Preto-SP e Regi\u00e3o","link":"https:\/\/noticiasribeiraopreto.com.br\/index.php\/category\/noticias-de-ribeirao-preto-sp-e-regiao-ismael-colosi\/"},"img":{"alt_text":"","src":"https:\/\/i0.wp.com\/noticiasribeiraopreto.com.br\/wp-content\/uploads\/2024\/08\/ifsp_1200x675_17022022161056.jpg?fit=1200%2C675&ssl=1&resize=350%2C200","width":350,"height":200,"srcset":"https:\/\/i0.wp.com\/noticiasribeiraopreto.com.br\/wp-content\/uploads\/2024\/08\/ifsp_1200x675_17022022161056.jpg?fit=1200%2C675&ssl=1&resize=350%2C200 1x, https:\/\/i0.wp.com\/noticiasribeiraopreto.com.br\/wp-content\/uploads\/2024\/08\/ifsp_1200x675_17022022161056.jpg?fit=1200%2C675&ssl=1&resize=525%2C300 1.5x, https:\/\/i0.wp.com\/noticiasribeiraopreto.com.br\/wp-content\/uploads\/2024\/08\/ifsp_1200x675_17022022161056.jpg?fit=1200%2C675&ssl=1&resize=700%2C400 2x, https:\/\/i0.wp.com\/noticiasribeiraopreto.com.br\/wp-content\/uploads\/2024\/08\/ifsp_1200x675_17022022161056.jpg?fit=1200%2C675&ssl=1&resize=1050%2C600 3x"},"classes":[]},{"id":77687,"url":"https:\/\/noticiasribeiraopreto.com.br\/index.php\/2025\/09\/23\/ifsp-oferece-mais-de-7-mil-vagas-em-cursos-tecnicos-gratuitos-ha-oportunidades-na-regiao-de-ribeirao\/","url_meta":{"origin":36558,"position":5},"title":"IFSP oferece mais de 7 mil vagas em cursos t\u00e9cnicos gratuitos; H\u00e1 oportunidades na regi\u00e3o de Ribeir\u00e3o","author":"noticiasribeiraopreto.com.br","date":"23 de September de 2025","format":false,"excerpt":"O IFSP (Instituto Federal de S\u00e3o Paulo) abriu inscri\u00e7\u00f5es para cursos t\u00e9cnicos com ingresso no primeiro semestre de 2026. Ao todo, s\u00e3o 7.362 vagas no Estado, mais de 200 delas destinadas \u00e0 regi\u00e3o de Ribeir\u00e3o Preto \u2013 veja as vagas abaixo. As inscri\u00e7\u00f5es devem ser realizadas de forma online (clique\u2026","rel":"","context":"In &quot;Not\u00edcias de Ribeir\u00e3o Preto-SP e Regi\u00e3o&quot;","block_context":{"text":"Not\u00edcias de Ribeir\u00e3o Preto-SP e Regi\u00e3o","link":"https:\/\/noticiasribeiraopreto.com.br\/index.php\/category\/noticias-de-ribeirao-preto-sp-e-regiao-ismael-colosi\/"},"img":{"alt_text":"","src":"https:\/\/i0.wp.com\/noticiasribeiraopreto.com.br\/wp-content\/uploads\/2025\/09\/IFSP_BRT_SEDE_Vista_Aerea_2025-09-23_23-06-29.webp.webp?fit=800%2C475&ssl=1&resize=350%2C200","width":350,"height":200,"srcset":"https:\/\/i0.wp.com\/noticiasribeiraopreto.com.br\/wp-content\/uploads\/2025\/09\/IFSP_BRT_SEDE_Vista_Aerea_2025-09-23_23-06-29.webp.webp?fit=800%2C475&ssl=1&resize=350%2C200 1x, https:\/\/i0.wp.com\/noticiasribeiraopreto.com.br\/wp-content\/uploads\/2025\/09\/IFSP_BRT_SEDE_Vista_Aerea_2025-09-23_23-06-29.webp.webp?fit=800%2C475&ssl=1&resize=525%2C300 1.5x, https:\/\/i0.wp.com\/noticiasribeiraopreto.com.br\/wp-content\/uploads\/2025\/09\/IFSP_BRT_SEDE_Vista_Aerea_2025-09-23_23-06-29.webp.webp?fit=800%2C475&ssl=1&resize=700%2C400 2x"},"classes":[]}],"jetpack_sharing_enabled":true,"jetpack_shortlink":"https:\/\/wp.me\/peQAOb-9vE","_links":{"self":[{"href":"https:\/\/noticiasribeiraopreto.com.br\/index.php\/wp-json\/wp\/v2\/posts\/36558","targetHints":{"allow":["GET"]}}],"collection":[{"href":"https:\/\/noticiasribeiraopreto.com.br\/index.php\/wp-json\/wp\/v2\/posts"}],"about":[{"href":"https:\/\/noticiasribeiraopreto.com.br\/index.php\/wp-json\/wp\/v2\/types\/post"}],"author":[{"embeddable":true,"href":"https:\/\/noticiasribeiraopreto.com.br\/index.php\/wp-json\/wp\/v2\/users\/1"}],"replies":[{"embeddable":true,"href":"https:\/\/noticiasribeiraopreto.com.br\/index.php\/wp-json\/wp\/v2\/comments?post=36558"}],"version-history":[{"count":0,"href":"https:\/\/noticiasribeiraopreto.com.br\/index.php\/wp-json\/wp\/v2\/posts\/36558\/revisions"}],"wp:featuredmedia":[{"embeddable":true,"href":"https:\/\/noticiasribeiraopreto.com.br\/index.php\/wp-json\/wp\/v2\/media\/36559"}],"wp:attachment":[{"href":"https:\/\/noticiasribeiraopreto.com.br\/index.php\/wp-json\/wp\/v2\/media?parent=36558"}],"wp:term":[{"taxonomy":"category","embeddable":true,"href":"https:\/\/noticiasribeiraopreto.com.br\/index.php\/wp-json\/wp\/v2\/categories?post=36558"},{"taxonomy":"post_tag","embeddable":true,"href":"https:\/\/noticiasribeiraopreto.com.br\/index.php\/wp-json\/wp\/v2\/tags?post=36558"}],"curies":[{"name":"wp","href":"https:\/\/api.w.org\/{rel}","templated":true}]}}