{"id":36590,"date":"2024-02-10T15:24:49","date_gmt":"2024-02-10T18:24:49","guid":{"rendered":"https:\/\/noticiasribeiraopreto.com.br\/index.php\/2024\/02\/10\/brasil-tem-a-17a-maior-forca-aerea-do-mundo\/"},"modified":"2024-02-10T15:24:49","modified_gmt":"2024-02-10T18:24:49","slug":"brasil-tem-a-17a-maior-forca-aerea-do-mundo","status":"publish","type":"post","link":"https:\/\/noticiasribeiraopreto.com.br\/index.php\/2024\/02\/10\/brasil-tem-a-17a-maior-forca-aerea-do-mundo\/","title":{"rendered":"Brasil tem a 17\u00aa maior for\u00e7a a\u00e9rea do mundo\u00a0"},"content":{"rendered":"<div class='code-block code-block-1' style='margin: 8px 0 8px auto; text-align: right; display: block; clear: both;'>\n<p><a href=\"https:\/\/wa.link\/vpicfd\"><img data-recalc-dims=\"1\" class=\"wp-image-4922\" style=\"aspect-ratio: 2.0253164556962027; width: 561px; height: auto;\" src=\"https:\/\/i0.wp.com\/ismaelcolosi.com.br\/wp-content\/uploads\/2023\/11\/grupo-de-empregos-whatsapp-e-facebook-ismael-colosi-vagas.jpg?ssl=1\" alt=\"\" \/><\/a><\/p>\n<!-- \/wp:image -->\n<\/div>\n<p> <br \/>\n<\/p>\n<div>\n<p><span class=\"TextRun SCXW31876088 BCX0\" lang=\"PT-BR\" xml:lang=\"PT-BR\" data-contrast=\"auto\"><span class=\"NormalTextRun SCXW31876088 BCX0\">Em meio \u00e0 pol\u00eamica opera\u00e7\u00e3o da Pol\u00edcia Federal que investiga um suposto plano <\/span><span class=\"NormalTextRun SCXW31876088 BCX0\">visando <\/span><span class=\"NormalTextRun SCXW31876088 BCX0\">golpe de estado no Brasil, com a participa\u00e7\u00e3o das For\u00e7as Armadas, o<\/span><span class=\"NormalTextRun SCXW31876088 BCX0\"> Global <\/span><span class=\"NormalTextRun SpellingErrorV2Themed SCXW31876088 BCX0\">Firepower<\/span><span class=\"NormalTextRun SCXW31876088 BCX0\">, ranking especializado em pot\u00eancias militares, analis<\/span><span class=\"NormalTextRun SCXW31876088 BCX0\">ou<\/span><span class=\"NormalTextRun SCXW31876088 BCX0\"> o arsenal de 145 pa\u00edses para classificar a lista das maiores for\u00e7as a\u00e9reas do mundo. <\/span><\/span><span class=\"LineBreakBlob BlobObject DragDrop SCXW31876088 BCX0\"><span class=\"SCXW31876088 BCX0\">\u00a0<\/span><br class=\"SCXW31876088 BCX0\"\/><\/span><span class=\"LineBreakBlob BlobObject DragDrop SCXW31876088 BCX0\"><span class=\"SCXW31876088 BCX0\">\u00a0<\/span><br class=\"SCXW31876088 BCX0\"\/><\/span><span class=\"TextRun SCXW31876088 BCX0\" lang=\"PT-BR\" xml:lang=\"PT-BR\" data-contrast=\"auto\"><span class=\"NormalTextRun SCXW31876088 BCX0\">Dados de 2024 indicam, mais uma vez, os Estados Unidos, a R\u00fassia e a China como as tr\u00eas maiores aeron\u00e1uticas de todo o mundo, considerando fatores como quantidade de helic\u00f3pteros, ca\u00e7as, interceptadores, bombardeiros, jatos de transporte e outros tipos de aeronaves.<\/span> <span class=\"NormalTextRun SCXW31876088 BCX0\">O Brasil aparece no levantamento na 17\u00aa posi\u00e7\u00e3o<\/span><span class=\"NormalTextRun SCXW31876088 BCX0\">.<\/span><\/span><span class=\"LineBreakBlob BlobObject DragDrop SCXW31876088 BCX0\"><span class=\"SCXW31876088 BCX0\">\u00a0<\/span><br class=\"SCXW31876088 BCX0\"\/><\/span><span class=\"LineBreakBlob BlobObject DragDrop SCXW31876088 BCX0\"><span class=\"SCXW31876088 BCX0\">\u00a0<\/span><br class=\"SCXW31876088 BCX0\"\/><\/span><span class=\"TextRun SCXW31876088 BCX0\" lang=\"PT-BR\" xml:lang=\"PT-BR\" data-contrast=\"auto\"><span class=\"NormalTextRun SCXW31876088 BCX0\">Ocupava <\/span><span class=\"NormalTextRun SCXW31876088 BCX0\">o 15\u00ba lugar na classifica\u00e7\u00e3o de 2023 do Global <\/span><span class=\"NormalTextRun SpellingErrorV2Themed SCXW31876088 BCX0\">Firepower<\/span><span class=\"NormalTextRun SCXW31876088 BCX0\">, sendo a maior for\u00e7a a\u00e9rea da Am\u00e9rica Latina. Segundo o ranking, a For\u00e7a A\u00e9rea Brasileira (FAB) det\u00e9m 628 aeronaves, incluindo 46 ca\u00e7as, 72 avi\u00f5es de ataque, 111 de transporte, 206 de treinamento, 24 de miss\u00e3o especial, dois avi\u00f5es-tanque e 195 helic\u00f3pteros. \u00c0 frente do Brasil, aparecem pa\u00edses como <\/span><span class=\"NormalTextRun SCXW31876088 BCX0\">Coreia<\/span><span class=\"NormalTextRun SCXW31876088 BCX0\"> do Norte (11\u00ba), Taiwan (14\u00ba) e Reino Unido (15\u00ba).<\/span><\/span><span class=\"LineBreakBlob BlobObject DragDrop SCXW31876088 BCX0\"><span class=\"SCXW31876088 BCX0\">\u00a0<\/span><br class=\"SCXW31876088 BCX0\"\/><\/span><span class=\"LineBreakBlob BlobObject DragDrop SCXW31876088 BCX0\"><span class=\"SCXW31876088 BCX0\">\u00a0<\/span><br class=\"SCXW31876088 BCX0\"\/><\/span><span class=\"TextRun SCXW31876088 BCX0\" lang=\"PT-BR\" xml:lang=\"PT-BR\" data-contrast=\"auto\"><span class=\"NormalTextRun SCXW31876088 BCX0\">A Ucr\u00e2nia aparece a dezenas de posi\u00e7\u00f5es distantes da R\u00fassia, que desponta no p\u00f3dio da listagem, em segundo lugar, com 4.255 aeronaves. De acordo com o levantamento, o pa\u00eds de <\/span><span class=\"NormalTextRun SpellingErrorV2Themed SCXW31876088 BCX0\">Volodmir<\/span> <span class=\"NormalTextRun SpellingErrorV2Themed SCXW31876088 BCX0\">Zelenski<\/span><span class=\"NormalTextRun SCXW31876088 BCX0\"> figura em 33\u00ba lugar, com um arsenal pr\u00f3prio de 321 aeronaves<\/span><\/span><span class=\"LineBreakBlob BlobObject DragDrop SCXW31876088 BCX0\"><span class=\"SCXW31876088 BCX0\">\u00a0<\/span><br class=\"SCXW31876088 BCX0\"\/><\/span><span class=\"LineBreakBlob BlobObject DragDrop SCXW31876088 BCX0\"><span class=\"SCXW31876088 BCX0\">\u00a0<\/span><br class=\"SCXW31876088 BCX0\"\/><\/span><span class=\"TextRun SCXW31876088 BCX0\" lang=\"PT-BR\" xml:lang=\"PT-BR\" data-contrast=\"auto\"><span class=\"NormalTextRun SCXW31876088 BCX0\">Para fazer a listagem, o ranking utiliza uma pontua\u00e7\u00e3o que avalia quantidade de unidades militares, situa\u00e7\u00e3o financeira e capacidades log\u00edsticas. Cada na\u00e7\u00e3o \u00e9 avaliada em valores individuais e coletivos processados por meio de uma f\u00f3rmula interna para gerar essa pontua\u00e7\u00e3o, que, quanto mais perto do zero, melhor \u00e9. O ranking esclarece que alguns valores s\u00e3o estimados quando os n\u00fameros oficiais n\u00e3o est\u00e3o dispon\u00edveis.<\/span><\/span><span class=\"LineBreakBlob BlobObject DragDrop SCXW31876088 BCX0\"><span class=\"SCXW31876088 BCX0\">\u00a0<\/span><br class=\"SCXW31876088 BCX0\"\/><\/span><strong><span class=\"LineBreakBlob BlobObject DragDrop SCXW31876088 BCX0\"><br class=\"SCXW31876088 BCX0\"\/><\/span><span class=\"TextRun SCXW31876088 BCX0\" lang=\"PT-BR\" xml:lang=\"PT-BR\" data-contrast=\"auto\"><span class=\"NormalTextRun SCXW31876088 BCX0\">Os dez <\/span><span class=\"NormalTextRun SCXW31876088 BCX0\">principais<\/span><\/span> <span class=\"TextRun SCXW31876088 BCX0\" lang=\"PT-BR\" xml:lang=\"PT-BR\" data-contrast=\"auto\"><span class=\"NormalTextRun SCXW31876088 BCX0\">arsenais do mundo<\/span><\/span><\/strong><span class=\"LineBreakBlob BlobObject DragDrop SCXW31876088 BCX0\"><strong><span class=\"SCXW31876088 BCX0\">\u00a0<\/span><\/strong><br class=\"SCXW31876088 BCX0\"\/><\/span><span class=\"TextRun SCXW31876088 BCX0\" lang=\"PT-BR\" xml:lang=\"PT-BR\" data-contrast=\"auto\"><span class=\"NormalTextRun SCXW31876088 BCX0\">1. Estados Unidos<\/span><span class=\"NormalTextRun SCXW31876088 BCX0\"> \u2013<\/span><\/span><span class=\"TextRun SCXW31876088 BCX0\" lang=\"PT-BR\" xml:lang=\"PT-BR\" data-contrast=\"auto\"> <span class=\"NormalTextRun SCXW31876088 BCX0\">Maior pot\u00eancia militar do mundo, os EUA t\u00eam em seu arsenal 13,2 mil aeronaves militares. Entre elas, 1.854 ca\u00e7as e 896 ca\u00e7as de ataque. Os helic\u00f3pteros, 5.737 ao total, representam cerca de 40% da frota americana.<\/span><\/span><span class=\"LineBreakBlob BlobObject DragDrop SCXW31876088 BCX0\"><span class=\"SCXW31876088 BCX0\">\u00a0<\/span><br class=\"SCXW31876088 BCX0\"\/><\/span><span class=\"TextRun SCXW31876088 BCX0\" lang=\"PT-BR\" xml:lang=\"PT-BR\" data-contrast=\"auto\"><span class=\"NormalTextRun SCXW31876088 BCX0\">2. R\u00fassia<\/span><span class=\"NormalTextRun SCXW31876088 BCX0\"> \u2013 <\/span><\/span><span class=\"TextRun SCXW31876088 BCX0\" lang=\"PT-BR\" xml:lang=\"PT-BR\" data-contrast=\"auto\"><span class=\"NormalTextRun SCXW31876088 BCX0\">A R\u00fassia tem 4.255 aeronaves militares, de acordo com a Global <\/span><span class=\"NormalTextRun SpellingErrorV2Themed SCXW31876088 BCX0\">Firepower<\/span><span class=\"NormalTextRun SCXW31876088 BCX0\">, entre 730 ca\u00e7as de ataque, 453 aeronaves de transporte, 1.547 helic\u00f3pteros, 559 helic\u00f3pteros de ataque e 145 avi\u00f5es de miss\u00e3o especial.<\/span><\/span><span class=\"LineBreakBlob BlobObject DragDrop SCXW31876088 BCX0\"><span class=\"SCXW31876088 BCX0\">\u00a0<\/span><br class=\"SCXW31876088 BCX0\"\/><\/span><span class=\"TextRun SCXW31876088 BCX0\" lang=\"PT-BR\" xml:lang=\"PT-BR\" data-contrast=\"auto\"><span class=\"NormalTextRun SCXW31876088 BCX0\">3. China<\/span><span class=\"NormalTextRun SCXW31876088 BCX0\"> \u2013<\/span><\/span><span class=\"TextRun SCXW31876088 BCX0\" lang=\"PT-BR\" xml:lang=\"PT-BR\" data-contrast=\"auto\"> <span class=\"NormalTextRun SCXW31876088 BCX0\">A China est\u00e1 em terceiro lugar, com 3.304 aeronaves militares. O pa\u00eds possui 1.207 ca\u00e7as, 913 helic\u00f3pteros, 281 helic\u00f3pteros de ataque, 371 ca\u00e7as de ataque e 289 aeronaves de transporte, al\u00e9m de 112 avi\u00f5es de miss\u00e3o especial e <\/span><span class=\"NormalTextRun SCXW31876088 BCX0\">dez<\/span><span class=\"NormalTextRun SCXW31876088 BCX0\"> avi\u00f5es-tanque.<\/span><\/span><span class=\"LineBreakBlob BlobObject DragDrop SCXW31876088 BCX0\"><span class=\"SCXW31876088 BCX0\">\u00a0<\/span><br class=\"SCXW31876088 BCX0\"\/><\/span><span class=\"TextRun SCXW31876088 BCX0\" lang=\"PT-BR\" xml:lang=\"PT-BR\" data-contrast=\"auto\"><span class=\"NormalTextRun SCXW31876088 BCX0\">4. \u00cdndia<\/span><span class=\"NormalTextRun SCXW31876088 BCX0\"> \u2013<\/span><\/span><span class=\"TextRun SCXW31876088 BCX0\" lang=\"PT-BR\" xml:lang=\"PT-BR\" data-contrast=\"auto\"> <span class=\"NormalTextRun SCXW31876088 BCX0\">A \u00cdndia possui 2.296 aeronaves militares. O arsenal conta com 606 ca\u00e7as, 130 ca\u00e7as de ataque, 351 aeronaves de treinamento, 264 avi\u00f5es de transporte, 70 aeronaves de miss\u00e3o especial, seis avi\u00f5es-tanque e 869 helic\u00f3pteros, al\u00e9m de 40 helic\u00f3pteros de ataque.<\/span><\/span><span class=\"LineBreakBlob BlobObject DragDrop SCXW31876088 BCX0\"><span class=\"SCXW31876088 BCX0\">\u00a0<\/span><br class=\"SCXW31876088 BCX0\"\/><\/span><span class=\"TextRun SCXW31876088 BCX0\" lang=\"PT-BR\" xml:lang=\"PT-BR\" data-contrast=\"auto\"><span class=\"NormalTextRun SCXW31876088 BCX0\">5. <\/span><span class=\"NormalTextRun SCXW31876088 BCX0\">Coreia<\/span><span class=\"NormalTextRun SCXW31876088 BCX0\"> do Sul<\/span><span class=\"NormalTextRun SCXW31876088 BCX0\"> \u2013<\/span><\/span><span class=\"TextRun SCXW31876088 BCX0\" lang=\"PT-BR\" xml:lang=\"PT-BR\" data-contrast=\"auto\"> <span class=\"NormalTextRun SCXW31876088 BCX0\">Entre suas 1.576 aeronaves militares, a <\/span><span class=\"NormalTextRun SCXW31876088 BCX0\">Coreia<\/span><span class=\"NormalTextRun SCXW31876088 BCX0\"> do Sul tem 354 ca\u00e7as, 98 ca\u00e7as de ataque, 41 aeronaves de transporte, 288 de treinamento, 33 de miss\u00e3o especial, quatro avi\u00f5es-tanque, 758 helic\u00f3pteros e 112 aeronaves de ataque.<\/span><\/span><span class=\"LineBreakBlob BlobObject DragDrop SCXW31876088 BCX0\"><span class=\"SCXW31876088 BCX0\">\u00a0<\/span><br class=\"SCXW31876088 BCX0\"\/><\/span><span class=\"TextRun SCXW31876088 BCX0\" lang=\"PT-BR\" xml:lang=\"PT-BR\" data-contrast=\"auto\"><span class=\"NormalTextRun SCXW31876088 BCX0\">6. Jap\u00e3o<\/span><span class=\"NormalTextRun SCXW31876088 BCX0\"> \u2013<\/span><\/span><span class=\"TextRun SCXW31876088 BCX0\" lang=\"PT-BR\" xml:lang=\"PT-BR\" data-contrast=\"auto\"> <span class=\"NormalTextRun SCXW31876088 BCX0\">O Jap\u00e3o tem 1.459 aeronaves militares, que incluem 557 helic\u00f3pteros e 217 ca\u00e7as, 420 avi\u00f5es de treinamento, 145 de miss\u00e3o especial e 119 helic\u00f3pteros de ataque, al\u00e9m de oito avi\u00f5es-tanque e 56 aeronaves de transporte.<\/span><\/span><span class=\"LineBreakBlob BlobObject DragDrop SCXW31876088 BCX0\"><span class=\"SCXW31876088 BCX0\">\u00a0<\/span><br class=\"SCXW31876088 BCX0\"\/><\/span><span class=\"TextRun SCXW31876088 BCX0\" lang=\"PT-BR\" xml:lang=\"PT-BR\" data-contrast=\"auto\"><span class=\"NormalTextRun SCXW31876088 BCX0\">7. Paquist\u00e3o<\/span><span class=\"NormalTextRun SCXW31876088 BCX0\"> \u2013 <\/span><\/span><span class=\"TextRun SCXW31876088 BCX0\" lang=\"PT-BR\" xml:lang=\"PT-BR\" data-contrast=\"auto\"><span class=\"NormalTextRun SCXW31876088 BCX0\">O Paquist\u00e3o tem 1.434 aeronaves militares em seu arsenal, que inclui 549 aeronaves de treinamento, 387 ca\u00e7as, 90 ca\u00e7as de ataque, 60 de transporte, 25 de miss\u00f5es especiais, 352 helic\u00f3pteros, 57 helic\u00f3pteros de ataque e quatro tanques.<\/span><\/span><span class=\"LineBreakBlob BlobObject DragDrop SCXW31876088 BCX0\"><span class=\"SCXW31876088 BCX0\">\u00a0<\/span><br class=\"SCXW31876088 BCX0\"\/><\/span><span class=\"TextRun SCXW31876088 BCX0\" lang=\"PT-BR\" xml:lang=\"PT-BR\" data-contrast=\"auto\"><span class=\"NormalTextRun SCXW31876088 BCX0\">8. Egito<\/span><span class=\"NormalTextRun SCXW31876088 BCX0\"> \u2013<\/span><\/span><span class=\"TextRun SCXW31876088 BCX0\" lang=\"PT-BR\" xml:lang=\"PT-BR\" data-contrast=\"auto\"> <span class=\"NormalTextRun SCXW31876088 BCX0\">O Egito tem 1.080 aeronaves militares, incluindo 238 ca\u00e7as, 88 ca\u00e7as de ataque, 59 avi\u00f5es de transporte, 346 de treinamento, <\/span><span class=\"NormalTextRun SCXW31876088 BCX0\">onze <\/span><span class=\"NormalTextRun SCXW31876088 BCX0\">de miss\u00e3o especial, 338 helic\u00f3pteros e 100 helic\u00f3pteros de ataque.<\/span><\/span><span class=\"LineBreakBlob BlobObject DragDrop SCXW31876088 BCX0\"><span class=\"SCXW31876088 BCX0\">\u00a0<\/span><br class=\"SCXW31876088 BCX0\"\/><\/span><span class=\"TextRun SCXW31876088 BCX0\" lang=\"PT-BR\" xml:lang=\"PT-BR\" data-contrast=\"auto\"><span class=\"NormalTextRun SCXW31876088 BCX0\">9. Turquia<\/span><span class=\"NormalTextRun SCXW31876088 BCX0\"> \u2013<\/span><\/span><span class=\"TextRun SCXW31876088 BCX0\" lang=\"PT-BR\" xml:lang=\"PT-BR\" data-contrast=\"auto\"> <span class=\"NormalTextRun SCXW31876088 BCX0\">A Turquia tem <\/span><span class=\"NormalTextRun SCXW31876088 BCX0\">uma frota de frota de 1.069 aeronaves militares, com 111 helic\u00f3pteros de ataque e 205 ca\u00e7as, al\u00e9m de 83 aeronaves de transporte, 275<\/span><span class=\"NormalTextRun SCXW31876088 BCX0\"> de treinamento, 22 de miss\u00e3o especial, sete avi\u00f5es-tanque e 502 helic\u00f3pteros.<\/span><\/span><span class=\"LineBreakBlob BlobObject DragDrop SCXW31876088 BCX0\"><span class=\"SCXW31876088 BCX0\">\u00a0<\/span><br class=\"SCXW31876088 BCX0\"\/><\/span><span class=\"TextRun SCXW31876088 BCX0\" lang=\"PT-BR\" xml:lang=\"PT-BR\" data-contrast=\"auto\"><span class=\"NormalTextRun SCXW31876088 BCX0\">10. Fran\u00e7a<\/span><span class=\"NormalTextRun SCXW31876088 BCX0\"> \u2013<\/span><\/span><span class=\"TextRun SCXW31876088 BCX0\" lang=\"PT-BR\" xml:lang=\"PT-BR\" data-contrast=\"auto\"> <span class=\"NormalTextRun SCXW31876088 BCX0\">A Fran\u00e7a ocupa o 10\u00ba lugar com 972 aeronaves militares, incluindo 224 ca\u00e7as e 447 helic\u00f3pteros, 118 transportadores, 140 avi\u00f5es de treinamento, 44 de miss\u00e3o especial e uma frota de 17 petroleiros, al\u00e9m de 69 helic\u00f3pteros de ataque.<\/span><\/span><span class=\"EOP SCXW31876088 BCX0\" data-ccp-props=\"{&quot;201341983&quot;:0,&quot;335559739&quot;:200,&quot;335559740&quot;:276}\">\u00a0<\/span><\/p>\n<\/div>\n<p><br \/>\n<br \/><a href=\"https:\/\/www.tribunaribeirao.com.br\/site\/brasil-tem-a-17a-maior-forca-aerea-do-mundo\/\">Source link <\/a><\/p>\n<!-- CONTENT END 1 -->\n","protected":false},"excerpt":{"rendered":"<p>Em meio \u00e0 pol\u00eamica opera\u00e7\u00e3o da Pol\u00edcia Federal que investiga um suposto plano visando golpe de estado no Brasil, com a participa\u00e7\u00e3o das For\u00e7as Armadas,&#8230;<\/p>\n","protected":false},"author":1,"featured_media":36591,"comment_status":"open","ping_status":"open","sticky":false,"template":"","format":"standard","meta":{"advanced_seo_description":"","jetpack_seo_html_title":"","jetpack_seo_noindex":false,"jetpack_post_was_ever_published":false,"_jetpack_newsletter_access":"","_jetpack_dont_email_post_to_subs":false,"_jetpack_newsletter_tier_id":0,"_jetpack_memberships_contains_paywalled_content":false,"_jetpack_memberships_contains_paid_content":false,"footnotes":"","jetpack_publicize_message":"","jetpack_publicize_feature_enabled":true,"jetpack_social_post_already_shared":true,"jetpack_social_options":{"image_generator_settings":{"template":"highway","default_image_id":0,"font":"","enabled":false},"version":2}},"categories":[11],"tags":[4195,4196,137,299,201,798,162],"class_list":["post-36590","post","type-post","status-publish","format-standard","has-post-thumbnail","hentry","category-noticias-de-ribeirao-preto-sp-e-regiao-ismael-colosi","tag-17a","tag-aerea","tag-brasil","tag-forca","tag-maior","tag-mundo","tag-tem"],"jetpack_publicize_connections":[],"jetpack_featured_media_url":"https:\/\/i0.wp.com\/noticiasribeiraopreto.com.br\/wp-content\/uploads\/2024\/02\/AereasFAB-Gov-BR-FAB-scaled.jpg?fit=956%2C645&ssl=1","jetpack-related-posts":[{"id":40339,"url":"https:\/\/noticiasribeiraopreto.com.br\/index.php\/2024\/03\/02\/brasil-tem-a-23a-maior-forca-naval-do-mundo\/","url_meta":{"origin":36590,"position":0},"title":"Brasil tem a 23\u00aa maior\u00a0for\u00e7a naval do mundo\u00a0","author":"noticiasribeiraopreto.com.br","date":"2 de March de 2024","format":false,"excerpt":"O Global Firepower, ranking que analisa o poderio militar das na\u00e7\u00f5es, avaliou a frota mar\u00edtima de 145 pa\u00edses, classificando-os pela quantidade de unidades navais subaqu\u00e1ticas e de superf\u00edcie. A classifica\u00e7\u00e3o leva em conta navios de guerra, como submarinos, porta-avi\u00f5es, anf\u00edbios, corvetas e fragatas que comp\u00f5em o arsenal de cada marinha,\u2026","rel":"","context":"In &quot;Not\u00edcias de Ribeir\u00e3o Preto-SP e Regi\u00e3o&quot;","block_context":{"text":"Not\u00edcias de Ribeir\u00e3o Preto-SP e Regi\u00e3o","link":"https:\/\/noticiasribeiraopreto.com.br\/index.php\/category\/noticias-de-ribeirao-preto-sp-e-regiao-ismael-colosi\/"},"img":{"alt_text":"","src":"https:\/\/i0.wp.com\/noticiasribeiraopreto.com.br\/wp-content\/uploads\/2024\/03\/Marinha-Alan-Arrais-NBR-Ag.Br_-scaled.jpg?fit=1000%2C517&ssl=1&resize=350%2C200","width":350,"height":200,"srcset":"https:\/\/i0.wp.com\/noticiasribeiraopreto.com.br\/wp-content\/uploads\/2024\/03\/Marinha-Alan-Arrais-NBR-Ag.Br_-scaled.jpg?fit=1000%2C517&ssl=1&resize=350%2C200 1x, https:\/\/i0.wp.com\/noticiasribeiraopreto.com.br\/wp-content\/uploads\/2024\/03\/Marinha-Alan-Arrais-NBR-Ag.Br_-scaled.jpg?fit=1000%2C517&ssl=1&resize=525%2C300 1.5x, https:\/\/i0.wp.com\/noticiasribeiraopreto.com.br\/wp-content\/uploads\/2024\/03\/Marinha-Alan-Arrais-NBR-Ag.Br_-scaled.jpg?fit=1000%2C517&ssl=1&resize=700%2C400 2x"},"classes":[]},{"id":60302,"url":"https:\/\/noticiasribeiraopreto.com.br\/index.php\/2024\/11\/10\/suecia-decide-comprar-aviao-militar-de-empresa-com-sede-no-interior-de-sp\/","url_meta":{"origin":36590,"position":1},"title":"Su\u00e9cia decide comprar avi\u00e3o militar de empresa com sede no interior de SP","author":"noticiasribeiraopreto.com.br","date":"10 de November de 2024","format":false,"excerpt":"O Minist\u00e9rio da Defesa da Su\u00e9cia anunciou a escolha do Embraer C-390 Millennium como a nova aeronave de transporte t\u00e1tico do pa\u00eds. A empresa escolhida tem sede em\u00a0S\u00e3o Jos\u00e9 dos Campos, no interior de S\u00e3o Paulo. Segundo a fabricante de aeronaves brasileira, a decis\u00e3o de mais um pa\u00eds membro da\u2026","rel":"","context":"In &quot;Not\u00edcias de Ribeir\u00e3o Preto-SP e Regi\u00e3o&quot;","block_context":{"text":"Not\u00edcias de Ribeir\u00e3o Preto-SP e Regi\u00e3o","link":"https:\/\/noticiasribeiraopreto.com.br\/index.php\/category\/noticias-de-ribeirao-preto-sp-e-regiao-ismael-colosi\/"},"img":{"alt_text":"","src":"https:\/\/i0.wp.com\/noticiasribeiraopreto.com.br\/wp-content\/uploads\/2024\/11\/C-390_Swedish_Air_Force_Over_Stockholm_no_pods_2024-11-10_19-40-20_jpg_2024-11-10_19-40-21-scaled.webp.webp?fit=1200%2C848&ssl=1&resize=350%2C200","width":350,"height":200,"srcset":"https:\/\/i0.wp.com\/noticiasribeiraopreto.com.br\/wp-content\/uploads\/2024\/11\/C-390_Swedish_Air_Force_Over_Stockholm_no_pods_2024-11-10_19-40-20_jpg_2024-11-10_19-40-21-scaled.webp.webp?fit=1200%2C848&ssl=1&resize=350%2C200 1x, https:\/\/i0.wp.com\/noticiasribeiraopreto.com.br\/wp-content\/uploads\/2024\/11\/C-390_Swedish_Air_Force_Over_Stockholm_no_pods_2024-11-10_19-40-20_jpg_2024-11-10_19-40-21-scaled.webp.webp?fit=1200%2C848&ssl=1&resize=525%2C300 1.5x, https:\/\/i0.wp.com\/noticiasribeiraopreto.com.br\/wp-content\/uploads\/2024\/11\/C-390_Swedish_Air_Force_Over_Stockholm_no_pods_2024-11-10_19-40-20_jpg_2024-11-10_19-40-21-scaled.webp.webp?fit=1200%2C848&ssl=1&resize=700%2C400 2x, https:\/\/i0.wp.com\/noticiasribeiraopreto.com.br\/wp-content\/uploads\/2024\/11\/C-390_Swedish_Air_Force_Over_Stockholm_no_pods_2024-11-10_19-40-20_jpg_2024-11-10_19-40-21-scaled.webp.webp?fit=1200%2C848&ssl=1&resize=1050%2C600 3x"},"classes":[]},{"id":19901,"url":"https:\/\/noticiasribeiraopreto.com.br\/index.php\/2023\/12\/23\/fugindo-do-horror-da-guerra-como-o-brasil-retirou-o-terceiro-grupo-de-repatriados-de-gaza\/","url_meta":{"origin":36590,"position":2},"title":"Fugindo do horror da guerra? Como o Brasil retirou o terceiro grupo de repatriados de Gaza","author":"noticiasribeiraopreto.com.br","date":"23 de December de 2023","format":false,"excerpt":"O Brasil conseguiu retirar o terceiro grupo de repatriados da Faixa da Gaza, no Oriente M\u00e9dio, no 12\u00ba voo de repatria\u00e7\u00e3o. O grupo de brasileiros e parentes pr\u00f3ximos chegou ao pa\u00eds pela manh\u00e3 deste s\u00e1bado (23). Os repatriados chegaram \u00e0s 6h53 da manh\u00e3 em Bras\u00edlia no avi\u00e3o KC-30 da For\u00e7a\u2026","rel":"","context":"In &quot;Dinheiro e Investimento&quot;","block_context":{"text":"Dinheiro e Investimento","link":"https:\/\/noticiasribeiraopreto.com.br\/index.php\/category\/dinheiro-e-investimento-como-fazer-como-ganhar\/"},"img":{"alt_text":"","src":"https:\/\/i0.wp.com\/noticiasribeiraopreto.com.br\/wp-content\/uploads\/2023\/12\/ReproducaoTwitter-715x402.jpg?fit=715%2C402&ssl=1&resize=350%2C200","width":350,"height":200,"srcset":"https:\/\/i0.wp.com\/noticiasribeiraopreto.com.br\/wp-content\/uploads\/2023\/12\/ReproducaoTwitter-715x402.jpg?fit=715%2C402&ssl=1&resize=350%2C200 1x, https:\/\/i0.wp.com\/noticiasribeiraopreto.com.br\/wp-content\/uploads\/2023\/12\/ReproducaoTwitter-715x402.jpg?fit=715%2C402&ssl=1&resize=525%2C300 1.5x, https:\/\/i0.wp.com\/noticiasribeiraopreto.com.br\/wp-content\/uploads\/2023\/12\/ReproducaoTwitter-715x402.jpg?fit=715%2C402&ssl=1&resize=700%2C400 2x"},"classes":[]},{"id":28388,"url":"https:\/\/noticiasribeiraopreto.com.br\/index.php\/2024\/01\/15\/china-luta-contra-inimigo-poderoso-e-nao-e-biden\/","url_meta":{"origin":36590,"position":3},"title":"China luta contra inimigo poderoso e n\u00e3o \u00e9 Biden","author":"noticiasribeiraopreto.com.br","date":"15 de January de 2024","format":false,"excerpt":"Xi Jinping enfrenta h\u00e1 algum tempo uma batalha silenciosa contra uma das maiores for\u00e7as armadas do mundo: o Ex\u00e9rcito de Liberta\u00e7\u00e3o Popular (ELP) da China.\u00a0 O presidente chin\u00eas luta contra seus homens e o sinal mais recente desse confronto aconteceu no apagar das luzes de 2023, quando nove oficiais de\u2026","rel":"","context":"In &quot;Dinheiro e Investimento&quot;","block_context":{"text":"Dinheiro e Investimento","link":"https:\/\/noticiasribeiraopreto.com.br\/index.php\/category\/dinheiro-e-investimento-como-fazer-como-ganhar\/"},"img":{"alt_text":"","src":"https:\/\/i0.wp.com\/noticiasribeiraopreto.com.br\/wp-content\/uploads\/2024\/01\/Xi-Jinping-WIkimedia-Commons-1-628x353.jpg?fit=628%2C353&ssl=1&resize=350%2C200","width":350,"height":200,"srcset":"https:\/\/i0.wp.com\/noticiasribeiraopreto.com.br\/wp-content\/uploads\/2024\/01\/Xi-Jinping-WIkimedia-Commons-1-628x353.jpg?fit=628%2C353&ssl=1&resize=350%2C200 1x, https:\/\/i0.wp.com\/noticiasribeiraopreto.com.br\/wp-content\/uploads\/2024\/01\/Xi-Jinping-WIkimedia-Commons-1-628x353.jpg?fit=628%2C353&ssl=1&resize=525%2C300 1.5x"},"classes":[]},{"id":61315,"url":"https:\/\/noticiasribeiraopreto.com.br\/index.php\/2024\/12\/09\/piloto-de-ribeirao-preto-se-despede-da-esquadrilha-da-fumaca-e-relembra-acidente\/","url_meta":{"origin":36590,"position":4},"title":"Piloto de Ribeir\u00e3o Preto se despede da Esquadrilha da Fuma\u00e7a e relembra acidente","author":"noticiasribeiraopreto.com.br","date":"9 de December de 2024","format":false,"excerpt":"O piloto militar Vin\u00edcius Moreno, de 36 anos, natural de Ribeir\u00e3o Preto, se despede da Esquadrilha da Fuma\u00e7a em 2024, ap\u00f3s seis anos no seleto grupo da For\u00e7a A\u00e9rea Brasileira (FAB). O capit\u00e3o aviador Moreno conta que foi escolhido em 2018 em um processo de sele\u00e7\u00e3o interno para integrar\u00a0o EDA\u2026","rel":"","context":"In &quot;Not\u00edcias de Ribeir\u00e3o Preto-SP e Regi\u00e3o&quot;","block_context":{"text":"Not\u00edcias de Ribeir\u00e3o Preto-SP e Regi\u00e3o","link":"https:\/\/noticiasribeiraopreto.com.br\/index.php\/category\/noticias-de-ribeirao-preto-sp-e-regiao-ismael-colosi\/"},"img":{"alt_text":"","src":"https:\/\/i0.wp.com\/noticiasribeiraopreto.com.br\/wp-content\/uploads\/2024\/12\/vinicius_moreno_1024x576_05042021223939.jpg?fit=1024%2C576&ssl=1&resize=350%2C200","width":350,"height":200,"srcset":"https:\/\/i0.wp.com\/noticiasribeiraopreto.com.br\/wp-content\/uploads\/2024\/12\/vinicius_moreno_1024x576_05042021223939.jpg?fit=1024%2C576&ssl=1&resize=350%2C200 1x, https:\/\/i0.wp.com\/noticiasribeiraopreto.com.br\/wp-content\/uploads\/2024\/12\/vinicius_moreno_1024x576_05042021223939.jpg?fit=1024%2C576&ssl=1&resize=525%2C300 1.5x, https:\/\/i0.wp.com\/noticiasribeiraopreto.com.br\/wp-content\/uploads\/2024\/12\/vinicius_moreno_1024x576_05042021223939.jpg?fit=1024%2C576&ssl=1&resize=700%2C400 2x"},"classes":[]},{"id":22536,"url":"https:\/\/noticiasribeiraopreto.com.br\/index.php\/2023\/12\/30\/5-racas-de-cachorro-com-a-mordida-mais-forte-do-mundo-meu-valor-digital\/","url_meta":{"origin":36590,"position":5},"title":"5 ra\u00e7as de cachorro com a mordida mais forte do mundo &#8211; Meu Valor Digital","author":"noticiasribeiraopreto.com.br","date":"30 de December de 2023","format":false,"excerpt":"\u00c9 normal que as pessoas imaginem quais s\u00e3o as ra\u00e7as de cachorro com a mordida mais forte do mundo, por\u00e9m, os c\u00e3es de grande porte mais conhecidos pelos brasileiros n\u00e3o est\u00e3o presentes entre as mordidas mais fortes. Muitos pensam que o Pitbull \u00e9 o caminho com a maior for\u00e7a na\u2026","rel":"","context":"In &quot;Vagas de Emprego em Ribeir\u00e3o Preto-SP&quot;","block_context":{"text":"Vagas de Emprego em Ribeir\u00e3o Preto-SP","link":"https:\/\/noticiasribeiraopreto.com.br\/index.php\/category\/empregos-classificados-vagas-trabalho\/vagas-de-empregos-em-ribeirao-preto-regiao-brasil\/"},"img":{"alt_text":"","src":"https:\/\/i0.wp.com\/noticiasribeiraopreto.com.br\/wp-content\/uploads\/2023\/12\/Cachorro-Bravo.jpg?fit=1200%2C773&ssl=1&resize=350%2C200","width":350,"height":200,"srcset":"https:\/\/i0.wp.com\/noticiasribeiraopreto.com.br\/wp-content\/uploads\/2023\/12\/Cachorro-Bravo.jpg?fit=1200%2C773&ssl=1&resize=350%2C200 1x, https:\/\/i0.wp.com\/noticiasribeiraopreto.com.br\/wp-content\/uploads\/2023\/12\/Cachorro-Bravo.jpg?fit=1200%2C773&ssl=1&resize=525%2C300 1.5x, https:\/\/i0.wp.com\/noticiasribeiraopreto.com.br\/wp-content\/uploads\/2023\/12\/Cachorro-Bravo.jpg?fit=1200%2C773&ssl=1&resize=700%2C400 2x, https:\/\/i0.wp.com\/noticiasribeiraopreto.com.br\/wp-content\/uploads\/2023\/12\/Cachorro-Bravo.jpg?fit=1200%2C773&ssl=1&resize=1050%2C600 3x"},"classes":[]}],"jetpack_sharing_enabled":true,"jetpack_shortlink":"https:\/\/wp.me\/peQAOb-9wa","_links":{"self":[{"href":"https:\/\/noticiasribeiraopreto.com.br\/index.php\/wp-json\/wp\/v2\/posts\/36590","targetHints":{"allow":["GET"]}}],"collection":[{"href":"https:\/\/noticiasribeiraopreto.com.br\/index.php\/wp-json\/wp\/v2\/posts"}],"about":[{"href":"https:\/\/noticiasribeiraopreto.com.br\/index.php\/wp-json\/wp\/v2\/types\/post"}],"author":[{"embeddable":true,"href":"https:\/\/noticiasribeiraopreto.com.br\/index.php\/wp-json\/wp\/v2\/users\/1"}],"replies":[{"embeddable":true,"href":"https:\/\/noticiasribeiraopreto.com.br\/index.php\/wp-json\/wp\/v2\/comments?post=36590"}],"version-history":[{"count":0,"href":"https:\/\/noticiasribeiraopreto.com.br\/index.php\/wp-json\/wp\/v2\/posts\/36590\/revisions"}],"wp:featuredmedia":[{"embeddable":true,"href":"https:\/\/noticiasribeiraopreto.com.br\/index.php\/wp-json\/wp\/v2\/media\/36591"}],"wp:attachment":[{"href":"https:\/\/noticiasribeiraopreto.com.br\/index.php\/wp-json\/wp\/v2\/media?parent=36590"}],"wp:term":[{"taxonomy":"category","embeddable":true,"href":"https:\/\/noticiasribeiraopreto.com.br\/index.php\/wp-json\/wp\/v2\/categories?post=36590"},{"taxonomy":"post_tag","embeddable":true,"href":"https:\/\/noticiasribeiraopreto.com.br\/index.php\/wp-json\/wp\/v2\/tags?post=36590"}],"curies":[{"name":"wp","href":"https:\/\/api.w.org\/{rel}","templated":true}]}}