{"id":36594,"date":"2024-02-10T15:57:29","date_gmt":"2024-02-10T18:57:29","guid":{"rendered":"https:\/\/noticiasribeiraopreto.com.br\/index.php\/2024\/02\/10\/anitta-se-apresenta-na-proxima-terca-em-carnaval-na-regiao-de-ribeirao\/"},"modified":"2024-02-10T15:57:29","modified_gmt":"2024-02-10T18:57:29","slug":"anitta-se-apresenta-na-proxima-terca-em-carnaval-na-regiao-de-ribeirao","status":"publish","type":"post","link":"https:\/\/noticiasribeiraopreto.com.br\/index.php\/2024\/02\/10\/anitta-se-apresenta-na-proxima-terca-em-carnaval-na-regiao-de-ribeirao\/","title":{"rendered":"Anitta se apresenta na pr\u00f3xima ter\u00e7a em Carnaval na regi\u00e3o de Ribeir\u00e3o"},"content":{"rendered":"<div class='code-block code-block-1' style='margin: 8px 0 8px auto; text-align: right; display: block; clear: both;'>\n<p><a href=\"https:\/\/wa.link\/vpicfd\"><img data-recalc-dims=\"1\" class=\"wp-image-4922\" style=\"aspect-ratio: 2.0253164556962027; width: 561px; height: auto;\" src=\"https:\/\/i0.wp.com\/ismaelcolosi.com.br\/wp-content\/uploads\/2023\/11\/grupo-de-empregos-whatsapp-e-facebook-ismael-colosi-vagas.jpg?ssl=1\" alt=\"\" \/><\/a><\/p>\n<!-- \/wp:image -->\n<\/div>\n<p> <br \/>\n<\/p>\n<div data-td-block-uid=\"tdi_102\">\n<div class=\"tdb-block-inner td-fix-index\">\n<p><strong>Nesta ter\u00e7a-feira (13), a cantora Anitta se apresenta na 4\u00aa edi\u00e7\u00e3o do \u201cBloquim\u201d, bloco universit\u00e1rio que re\u00fane milhares de joven<em>s<\/em> <strong>no Parque do Pe\u00e3o em Barretos, cidade a aproximadamente 130 quil\u00f4metros de Ribeir\u00e3o Preto<\/strong>.<\/strong> A organiza\u00e7\u00e3o divulgou que a apresenta\u00e7\u00e3o ser\u00e1 \u00e0s 22h.<\/p>\n<p>O <strong>evento <\/strong>conta com <strong>46 horas de open bar<\/strong>, <strong>camping e festas<\/strong> <strong>com 34 atra\u00e7\u00f5es nacionais<\/strong> \u2013 veja a lista completa aqui. A festa teve <strong>in\u00edcio<\/strong> na <strong>sexta-feira (9)<\/strong>, com esquenta o \u201c<strong>Bailim<\/strong>\u201d.<\/p>\n<p>A cantora <strong>Anitta<\/strong> se <strong>apresentar\u00e1 apenas 4 vezes durante o Carnaval<\/strong> 2024, sendo <strong>uma delas<\/strong> no <strong>Bloquim<\/strong>, na regi\u00e3o de <strong>Ribeir\u00e3o<\/strong>. <\/p>\n<p>Ingressos avulsos ainda<strong> podem<\/strong> ser <strong>adquiridos<\/strong> on-line (<strong><a href=\"https:\/\/blacktag.com.br\/eventos\/17134\/bloquim-2024-geral\/ingressos\" target=\"_blank\" rel=\"noreferrer noopener\">clique aqui<\/a><\/strong>) no <strong>terceiro lote<\/strong>, com <strong>valor<\/strong> de <strong>R$ 200<\/strong>. Na mesma noite que a <strong>Anitta <\/strong>se apresenta, outros cinco artistas tamb\u00e9m animam o p\u00fablico. \u00a0<\/p>\n<h4 class=\"wp-block-heading\"><strong>SERVI\u00c7O<\/strong><\/h4>\n<p><em>Bloquim<\/em> \u2013 Bloco de Carnaval em Barretos<\/p>\n<p><strong>Quando:<\/strong> At\u00e9 13 de fevereiro 2024 (ter\u00e7a)<br \/><strong>Local:<\/strong> Parque do Pe\u00e3o de Barretos<br \/><strong>Endere\u00e7o:<\/strong> rodovia Brigadeiro Faria Lima, Km 428<br \/><strong>Ingressos:<\/strong>\u00a0pelo site,\u00a0<a href=\"https:\/\/blacktag.com.br\/eventos\/17134\/bloquim-2024-geral\" target=\"_blank\" rel=\"noreferrer noopener\">clique aqui<\/a><\/p>\n<figure class=\"wp-block-embed is-type-video is-provider-youtube wp-block-embed-youtube wp-embed-aspect-16-9 wp-has-aspect-ratio\">\n<div class=\"wp-block-embed__wrapper\">\n<p><iframe loading=\"lazy\" title=\"Anitta - MACETAR [Official Lyric Video]\" width=\"500\" height=\"281\" src=\"https:\/\/www.youtube.com\/embed\/pNYuZpim-to?feature=oembed\" frameborder=\"0\" allow=\"accelerometer; autoplay; clipboard-write; encrypted-media; gyroscope; picture-in-picture; web-share\" referrerpolicy=\"strict-origin-when-cross-origin\" allowfullscreen><\/iframe><\/p>\n<\/div>\n<\/figure>\n<p>SAIBA MAIS<br \/>Quadra de escola de samba ter\u00e1 Carnaval gratuito na zona Norte de Ribeir\u00e3o<\/p>\n<h4 class=\"wp-block-heading\"><strong>FIQUE ON<\/strong><\/h4>\n<p>Fique ligado em tudo que acontece em Ribeir\u00e3o Preto e regi\u00e3o. Siga os perfis do acidade on no <a href=\"https:\/\/www.instagram.com\/acidadeonribeirao\" target=\"_blank\" rel=\"noreferrer noopener\">Instagram<\/a> e no <a href=\"https:\/\/www.facebook.com\/acidadeonribeirao\" target=\"_blank\" rel=\"noreferrer noopener\">Facebook<\/a>.<\/p>\n<p>Receba not\u00edcias do acidade on no WhatsApp. Para entrar no grupo, basta <a href=\"https:\/\/chat.whatsapp.com\/Bnv2w66ZT4VDyZW3oiZ69n\" target=\"_blank\" rel=\"noreferrer noopener\">clicar aqui<\/a>.<\/p>\n<p>Fa\u00e7a uma den\u00fancia ou sugira uma reportagem sobre Ribeir\u00e3o Preto e regi\u00e3o pelo WhatsApp: 16 99117 7802.<\/p>\n<p>VEJA TAMB\u00c9M<br \/>Quem \u00e9 o anjo da semana no BBB 24?<\/p>\n<p><!-- AI CONTENT END 1 -->\n<\/div>\n<\/div>\n<p><script async src=\"\/\/www.instagram.com\/embed.js\"><\/script><br \/>\n<br \/><br \/>\n<br \/><a href=\"https:\/\/www.acidadeon.com\/ribeiraopreto\/lazer-e-cultura\/anitta-se-apresenta-na-proxima-terca-em-carnaval-na-regiao-de-ribeirao\/\">Source link <\/a><\/p>\n<!-- CONTENT END 1 -->\n","protected":false},"excerpt":{"rendered":"<p>Nesta ter\u00e7a-feira (13), a cantora Anitta se apresenta na 4\u00aa edi\u00e7\u00e3o do \u201cBloquim\u201d, bloco universit\u00e1rio que re\u00fane milhares de jovens no Parque do Pe\u00e3o em&#8230;<\/p>\n","protected":false},"author":1,"featured_media":36595,"comment_status":"open","ping_status":"open","sticky":false,"template":"","format":"standard","meta":{"advanced_seo_description":"","jetpack_seo_html_title":"","jetpack_seo_noindex":false,"jetpack_post_was_ever_published":false,"_jetpack_newsletter_access":"","_jetpack_dont_email_post_to_subs":false,"_jetpack_newsletter_tier_id":0,"_jetpack_memberships_contains_paywalled_content":false,"_jetpack_memberships_contains_paid_content":false,"footnotes":"","jetpack_publicize_message":"","jetpack_publicize_feature_enabled":true,"jetpack_social_post_already_shared":true,"jetpack_social_options":{"image_generator_settings":{"template":"highway","default_image_id":0,"font":"","enabled":false},"version":2}},"categories":[11],"tags":[],"class_list":["post-36594","post","type-post","status-publish","format-standard","has-post-thumbnail","hentry","category-noticias-de-ribeirao-preto-sp-e-regiao-ismael-colosi"],"jetpack_publicize_connections":[],"jetpack_featured_media_url":"https:\/\/i0.wp.com\/noticiasribeiraopreto.com.br\/wp-content\/uploads\/2024\/02\/Design-sem-nome-2.jpg?fit=960%2C693&ssl=1","jetpack-related-posts":[{"id":36978,"url":"https:\/\/noticiasribeiraopreto.com.br\/index.php\/2024\/02\/13\/ultimo-dia-de-carnaval-tem-anitta-na-regiao-de-ribeirao-ainda-ha-ingressos\/","url_meta":{"origin":36594,"position":0},"title":"\u00daltimo dia de Carnaval tem Anitta na regi\u00e3o de Ribeir\u00e3o; Ainda h\u00e1 ingressos","author":"noticiasribeiraopreto.com.br","date":"13 de February de 2024","format":false,"excerpt":"A cantora Anitta encerra o Carnaval em Barretos, cidade na regi\u00e3o de Ribeir\u00e3o Preto, nesta ter\u00e7a-feira (13). Os ingressos para o show ainda est\u00e3o dispon\u00edveis e podem ser adquiridos de forma on-line (clique aqui). A apresenta\u00e7\u00e3o faz parte da 4\u00aa edi\u00e7\u00e3o do \u201cBloquim\u201d, bloco universit\u00e1rio que re\u00fane milhares de jovens\u2026","rel":"","context":"In &quot;Not\u00edcias de Ribeir\u00e3o Preto-SP e Regi\u00e3o&quot;","block_context":{"text":"Not\u00edcias de Ribeir\u00e3o Preto-SP e Regi\u00e3o","link":"https:\/\/noticiasribeiraopreto.com.br\/index.php\/category\/noticias-de-ribeirao-preto-sp-e-regiao-ismael-colosi\/"},"img":{"alt_text":"","src":"https:\/\/i0.wp.com\/noticiasribeiraopreto.com.br\/wp-content\/uploads\/2024\/02\/1707842900_WhatsApp-Image-2024-02-07-at-10.55.25.jpeg?fit=1080%2C670&ssl=1&resize=350%2C200","width":350,"height":200,"srcset":"https:\/\/i0.wp.com\/noticiasribeiraopreto.com.br\/wp-content\/uploads\/2024\/02\/1707842900_WhatsApp-Image-2024-02-07-at-10.55.25.jpeg?fit=1080%2C670&ssl=1&resize=350%2C200 1x, https:\/\/i0.wp.com\/noticiasribeiraopreto.com.br\/wp-content\/uploads\/2024\/02\/1707842900_WhatsApp-Image-2024-02-07-at-10.55.25.jpeg?fit=1080%2C670&ssl=1&resize=525%2C300 1.5x, https:\/\/i0.wp.com\/noticiasribeiraopreto.com.br\/wp-content\/uploads\/2024\/02\/1707842900_WhatsApp-Image-2024-02-07-at-10.55.25.jpeg?fit=1080%2C670&ssl=1&resize=700%2C400 2x, https:\/\/i0.wp.com\/noticiasribeiraopreto.com.br\/wp-content\/uploads\/2024\/02\/1707842900_WhatsApp-Image-2024-02-07-at-10.55.25.jpeg?fit=1080%2C670&ssl=1&resize=1050%2C600 3x"},"classes":[]},{"id":35749,"url":"https:\/\/noticiasribeiraopreto.com.br\/index.php\/2024\/02\/07\/anitta-e-atracao-em-bloco-de-carnaval-na-regiao-de-ribeirao-preto\/","url_meta":{"origin":36594,"position":1},"title":"Anitta \u00e9 atra\u00e7\u00e3o em bloco de Carnaval na regi\u00e3o de Ribeir\u00e3o Preto","author":"noticiasribeiraopreto.com.br","date":"7 de February de 2024","format":false,"excerpt":"Anitta \u00e9 atra\u00e7\u00e3o da 4\u00aa edi\u00e7\u00e3o do Bloquim no Parque do Pe\u00e3o em Barretos, regi\u00e3o de Ribeir\u00e3o Preto. O bloco come\u00e7a nesta sexta-feira (9) e segue at\u00e9 ter\u00e7a-feira (13), os hor\u00e1rios variam conforme o dia. Os ingressos custam entre R$ 190 e R$ 900. O Bloquim conta com 46 horas\u2026","rel":"","context":"In &quot;Not\u00edcias de Ribeir\u00e3o Preto-SP e Regi\u00e3o&quot;","block_context":{"text":"Not\u00edcias de Ribeir\u00e3o Preto-SP e Regi\u00e3o","link":"https:\/\/noticiasribeiraopreto.com.br\/index.php\/category\/noticias-de-ribeirao-preto-sp-e-regiao-ismael-colosi\/"},"img":{"alt_text":"","src":"https:\/\/i0.wp.com\/noticiasribeiraopreto.com.br\/wp-content\/uploads\/2024\/02\/WhatsApp-Image-2024-02-07-at-10.55.25.jpeg?fit=1080%2C670&ssl=1&resize=350%2C200","width":350,"height":200,"srcset":"https:\/\/i0.wp.com\/noticiasribeiraopreto.com.br\/wp-content\/uploads\/2024\/02\/WhatsApp-Image-2024-02-07-at-10.55.25.jpeg?fit=1080%2C670&ssl=1&resize=350%2C200 1x, https:\/\/i0.wp.com\/noticiasribeiraopreto.com.br\/wp-content\/uploads\/2024\/02\/WhatsApp-Image-2024-02-07-at-10.55.25.jpeg?fit=1080%2C670&ssl=1&resize=525%2C300 1.5x, https:\/\/i0.wp.com\/noticiasribeiraopreto.com.br\/wp-content\/uploads\/2024\/02\/WhatsApp-Image-2024-02-07-at-10.55.25.jpeg?fit=1080%2C670&ssl=1&resize=700%2C400 2x, https:\/\/i0.wp.com\/noticiasribeiraopreto.com.br\/wp-content\/uploads\/2024\/02\/WhatsApp-Image-2024-02-07-at-10.55.25.jpeg?fit=1080%2C670&ssl=1&resize=1050%2C600 3x"},"classes":[]},{"id":58673,"url":"https:\/\/noticiasribeiraopreto.com.br\/index.php\/2024\/10\/03\/anitta-confirma-pre-carnaval-em-ribeirao-preto\/","url_meta":{"origin":36594,"position":2},"title":"Anitta confirma pr\u00e9-carnaval em Ribeir\u00e3o Preto","author":"noticiasribeiraopreto.com.br","date":"3 de October de 2024","format":false,"excerpt":"Anitta\u00a0anunciou, nesta quinta-feira (3), as datas do projeto\u00a0Ensaios da Anitta\u00a0para 2025. Em Ribeir\u00e3o Preto, o evento acontecer\u00e1 no dia 26 de janeiro de 2025. O local ainda n\u00e3o foi divulgado, mas as vendas dos ingressos come\u00e7am no dia 9 de outubro. Para o pr\u00f3ximo ano, a cantora elegeu o tema\u2026","rel":"","context":"In &quot;Not\u00edcias de Ribeir\u00e3o Preto-SP e Regi\u00e3o&quot;","block_context":{"text":"Not\u00edcias de Ribeir\u00e3o Preto-SP e Regi\u00e3o","link":"https:\/\/noticiasribeiraopreto.com.br\/index.php\/category\/noticias-de-ribeirao-preto-sp-e-regiao-ismael-colosi\/"},"img":{"alt_text":"","src":"https:\/\/i0.wp.com\/noticiasribeiraopreto.com.br\/wp-content\/uploads\/2024\/10\/Copia-de-Copia-de-Copia-de-TAMANHO-EXATO-PARA-FOTOS-NO-SISTEMA-NOVO-57_2024-10-03_15-56-49_png_2024-10-03_15-56-49.webp.webp?fit=1200%2C675&ssl=1&resize=350%2C200","width":350,"height":200,"srcset":"https:\/\/i0.wp.com\/noticiasribeiraopreto.com.br\/wp-content\/uploads\/2024\/10\/Copia-de-Copia-de-Copia-de-TAMANHO-EXATO-PARA-FOTOS-NO-SISTEMA-NOVO-57_2024-10-03_15-56-49_png_2024-10-03_15-56-49.webp.webp?fit=1200%2C675&ssl=1&resize=350%2C200 1x, https:\/\/i0.wp.com\/noticiasribeiraopreto.com.br\/wp-content\/uploads\/2024\/10\/Copia-de-Copia-de-Copia-de-TAMANHO-EXATO-PARA-FOTOS-NO-SISTEMA-NOVO-57_2024-10-03_15-56-49_png_2024-10-03_15-56-49.webp.webp?fit=1200%2C675&ssl=1&resize=525%2C300 1.5x, https:\/\/i0.wp.com\/noticiasribeiraopreto.com.br\/wp-content\/uploads\/2024\/10\/Copia-de-Copia-de-Copia-de-TAMANHO-EXATO-PARA-FOTOS-NO-SISTEMA-NOVO-57_2024-10-03_15-56-49_png_2024-10-03_15-56-49.webp.webp?fit=1200%2C675&ssl=1&resize=700%2C400 2x, https:\/\/i0.wp.com\/noticiasribeiraopreto.com.br\/wp-content\/uploads\/2024\/10\/Copia-de-Copia-de-Copia-de-TAMANHO-EXATO-PARA-FOTOS-NO-SISTEMA-NOVO-57_2024-10-03_15-56-49_png_2024-10-03_15-56-49.webp.webp?fit=1200%2C675&ssl=1&resize=1050%2C600 3x"},"classes":[]},{"id":79863,"url":"https:\/\/noticiasribeiraopreto.com.br\/index.php\/2025\/11\/09\/ensaios-da-anitta-cantora-anuncia-show-em-ribeirao-preto-veja-quando\/","url_meta":{"origin":36594,"position":3},"title":"Ensaios da Anitta: cantora anuncia show em Ribeir\u00e3o Preto; veja quando","author":"noticiasribeiraopreto.com.br","date":"9 de November de 2025","format":false,"excerpt":"A cantora Anitta retorna a Ribeir\u00e3o Preto no dia 1\u00ba de fevereiro de 2026 com o projeto \u201cEnsaios da Anitta\u201d, que marca a temporada de pr\u00e9-Carnaval. O an\u00fancio foi feito atrav\u00e9s das redes sociais neste domingo (9). A apresenta\u00e7\u00e3o acontece no est\u00e1dio Palma Travassos (Comercial), na zona Leste do munic\u00edpio.\u2026","rel":"","context":"In &quot;Not\u00edcias de Ribeir\u00e3o Preto-SP e Regi\u00e3o&quot;","block_context":{"text":"Not\u00edcias de Ribeir\u00e3o Preto-SP e Regi\u00e3o","link":"https:\/\/noticiasribeiraopreto.com.br\/index.php\/category\/noticias-de-ribeirao-preto-sp-e-regiao-ismael-colosi\/"},"img":{"alt_text":"","src":"https:\/\/i0.wp.com\/noticiasribeiraopreto.com.br\/wp-content\/uploads\/2025\/11\/ensaios_da_anitta_ribeirao_2025-01-04_14-01-08_jpg_2025-01-04_14-01-08.webp.webp?fit=1200%2C675&ssl=1&resize=350%2C200","width":350,"height":200,"srcset":"https:\/\/i0.wp.com\/noticiasribeiraopreto.com.br\/wp-content\/uploads\/2025\/11\/ensaios_da_anitta_ribeirao_2025-01-04_14-01-08_jpg_2025-01-04_14-01-08.webp.webp?fit=1200%2C675&ssl=1&resize=350%2C200 1x, https:\/\/i0.wp.com\/noticiasribeiraopreto.com.br\/wp-content\/uploads\/2025\/11\/ensaios_da_anitta_ribeirao_2025-01-04_14-01-08_jpg_2025-01-04_14-01-08.webp.webp?fit=1200%2C675&ssl=1&resize=525%2C300 1.5x, https:\/\/i0.wp.com\/noticiasribeiraopreto.com.br\/wp-content\/uploads\/2025\/11\/ensaios_da_anitta_ribeirao_2025-01-04_14-01-08_jpg_2025-01-04_14-01-08.webp.webp?fit=1200%2C675&ssl=1&resize=700%2C400 2x, https:\/\/i0.wp.com\/noticiasribeiraopreto.com.br\/wp-content\/uploads\/2025\/11\/ensaios_da_anitta_ribeirao_2025-01-04_14-01-08_jpg_2025-01-04_14-01-08.webp.webp?fit=1200%2C675&ssl=1&resize=1050%2C600 3x"},"classes":[]},{"id":58922,"url":"https:\/\/noticiasribeiraopreto.com.br\/index.php\/2024\/10\/09\/comeca-hoje-a-venda-de-ingressos-para-pre-carnaval-da-anitta-em-ribeirao-preto\/","url_meta":{"origin":36594,"position":4},"title":"Come\u00e7a hoje a venda de ingressos para pr\u00e9-carnaval da Anitta em Ribeir\u00e3o Preto","author":"noticiasribeiraopreto.com.br","date":"9 de October de 2024","format":false,"excerpt":"As vendas de ingressos para o projeto de pr\u00e9-carnaval Ensaios da Anitta, em Ribeir\u00e3o Preto, come\u00e7a nesta quarta-feira (9), \u00e0s 18h. O evento ser\u00e1 realizado no est\u00e1dio Palma Travassos, no dia 26 de janeiro de 2025. A turn\u00ea leva o tema \u201cMaratona de Joga\u00e7\u00e3o\u201d, inspirado nos Jogos Ol\u00edmpicos. Os figurinos\u2026","rel":"","context":"In &quot;Not\u00edcias de Ribeir\u00e3o Preto-SP e Regi\u00e3o&quot;","block_context":{"text":"Not\u00edcias de Ribeir\u00e3o Preto-SP e Regi\u00e3o","link":"https:\/\/noticiasribeiraopreto.com.br\/index.php\/category\/noticias-de-ribeirao-preto-sp-e-regiao-ismael-colosi\/"},"img":{"alt_text":"","src":"https:\/\/i0.wp.com\/noticiasribeiraopreto.com.br\/wp-content\/uploads\/2024\/10\/ensaios-da-anitta-2025-vendas-ingressos_2024-10-09_16-32-08.webp.webp?fit=1200%2C902&ssl=1&resize=350%2C200","width":350,"height":200,"srcset":"https:\/\/i0.wp.com\/noticiasribeiraopreto.com.br\/wp-content\/uploads\/2024\/10\/ensaios-da-anitta-2025-vendas-ingressos_2024-10-09_16-32-08.webp.webp?fit=1200%2C902&ssl=1&resize=350%2C200 1x, https:\/\/i0.wp.com\/noticiasribeiraopreto.com.br\/wp-content\/uploads\/2024\/10\/ensaios-da-anitta-2025-vendas-ingressos_2024-10-09_16-32-08.webp.webp?fit=1200%2C902&ssl=1&resize=525%2C300 1.5x, https:\/\/i0.wp.com\/noticiasribeiraopreto.com.br\/wp-content\/uploads\/2024\/10\/ensaios-da-anitta-2025-vendas-ingressos_2024-10-09_16-32-08.webp.webp?fit=1200%2C902&ssl=1&resize=700%2C400 2x, https:\/\/i0.wp.com\/noticiasribeiraopreto.com.br\/wp-content\/uploads\/2024\/10\/ensaios-da-anitta-2025-vendas-ingressos_2024-10-09_16-32-08.webp.webp?fit=1200%2C902&ssl=1&resize=1050%2C600 3x"},"classes":[]},{"id":81631,"url":"https:\/\/noticiasribeiraopreto.com.br\/index.php\/2026\/01\/12\/veja-quais-shows-ja-estao-confirmados-em-ribeirao-preto-no-primeiro-semestre-de-2026\/","url_meta":{"origin":36594,"position":5},"title":"Veja quais shows j\u00e1 est\u00e3o confirmados em Ribeir\u00e3o Preto no primeiro semestre de 2026","author":"noticiasribeiraopreto.com.br","date":"12 de January de 2026","format":false,"excerpt":"Ribeir\u00e3o Preto come\u00e7a a formar sua agenda de shows de 2026, com apresenta\u00e7\u00f5es de artistas nacionais e internacionais de diferentes estilos musicais confirmadas ao longo do ano. Entre os nomes que j\u00e1 t\u00eam data marcada na cidade est\u00e3o Anitta, o grupo Menos \u00e9 Mais, o DJ Pedro Sampaio, a banda\u2026","rel":"","context":"In &quot;Not\u00edcias de Ribeir\u00e3o Preto-SP e Regi\u00e3o&quot;","block_context":{"text":"Not\u00edcias de Ribeir\u00e3o Preto-SP e Regi\u00e3o","link":"https:\/\/noticiasribeiraopreto.com.br\/index.php\/category\/noticias-de-ribeirao-preto-sp-e-regiao-ismael-colosi\/"},"img":{"alt_text":"","src":"https:\/\/i0.wp.com\/noticiasribeiraopreto.com.br\/wp-content\/uploads\/2026\/01\/Capturar-21.jpg?fit=612%2C409&ssl=1&resize=350%2C200","width":350,"height":200,"srcset":"https:\/\/i0.wp.com\/noticiasribeiraopreto.com.br\/wp-content\/uploads\/2026\/01\/Capturar-21.jpg?fit=612%2C409&ssl=1&resize=350%2C200 1x, https:\/\/i0.wp.com\/noticiasribeiraopreto.com.br\/wp-content\/uploads\/2026\/01\/Capturar-21.jpg?fit=612%2C409&ssl=1&resize=525%2C300 1.5x"},"classes":[]}],"jetpack_sharing_enabled":true,"jetpack_shortlink":"https:\/\/wp.me\/peQAOb-9we","_links":{"self":[{"href":"https:\/\/noticiasribeiraopreto.com.br\/index.php\/wp-json\/wp\/v2\/posts\/36594","targetHints":{"allow":["GET"]}}],"collection":[{"href":"https:\/\/noticiasribeiraopreto.com.br\/index.php\/wp-json\/wp\/v2\/posts"}],"about":[{"href":"https:\/\/noticiasribeiraopreto.com.br\/index.php\/wp-json\/wp\/v2\/types\/post"}],"author":[{"embeddable":true,"href":"https:\/\/noticiasribeiraopreto.com.br\/index.php\/wp-json\/wp\/v2\/users\/1"}],"replies":[{"embeddable":true,"href":"https:\/\/noticiasribeiraopreto.com.br\/index.php\/wp-json\/wp\/v2\/comments?post=36594"}],"version-history":[{"count":0,"href":"https:\/\/noticiasribeiraopreto.com.br\/index.php\/wp-json\/wp\/v2\/posts\/36594\/revisions"}],"wp:featuredmedia":[{"embeddable":true,"href":"https:\/\/noticiasribeiraopreto.com.br\/index.php\/wp-json\/wp\/v2\/media\/36595"}],"wp:attachment":[{"href":"https:\/\/noticiasribeiraopreto.com.br\/index.php\/wp-json\/wp\/v2\/media?parent=36594"}],"wp:term":[{"taxonomy":"category","embeddable":true,"href":"https:\/\/noticiasribeiraopreto.com.br\/index.php\/wp-json\/wp\/v2\/categories?post=36594"},{"taxonomy":"post_tag","embeddable":true,"href":"https:\/\/noticiasribeiraopreto.com.br\/index.php\/wp-json\/wp\/v2\/tags?post=36594"}],"curies":[{"name":"wp","href":"https:\/\/api.w.org\/{rel}","templated":true}]}}