{"id":3664,"date":"2023-11-19T15:12:15","date_gmt":"2023-11-19T18:12:15","guid":{"rendered":"https:\/\/noticiasribeiraopreto.com.br\/index.php\/2023\/11\/19\/mauricio-meirelles-faz-show-de-stand-up-comedy-em-ribeirao-ainda-ha-ingressos-disponiveis\/"},"modified":"2023-11-19T15:12:15","modified_gmt":"2023-11-19T18:12:15","slug":"mauricio-meirelles-faz-show-de-stand-up-comedy-em-ribeirao-ainda-ha-ingressos-disponiveis","status":"publish","type":"post","link":"https:\/\/noticiasribeiraopreto.com.br\/index.php\/2023\/11\/19\/mauricio-meirelles-faz-show-de-stand-up-comedy-em-ribeirao-ainda-ha-ingressos-disponiveis\/","title":{"rendered":"Maur\u00edcio Meirelles faz show de stand-up comedy em Ribeir\u00e3o; Ainda h\u00e1 ingressos dispon\u00edveis"},"content":{"rendered":"<div class='code-block code-block-1' style='margin: 8px 0 8px auto; text-align: right; display: block; clear: both;'>\n<p><a href=\"https:\/\/wa.link\/vpicfd\"><img data-recalc-dims=\"1\" class=\"wp-image-4922\" style=\"aspect-ratio: 2.0253164556962027; width: 561px; height: auto;\" src=\"https:\/\/i0.wp.com\/ismaelcolosi.com.br\/wp-content\/uploads\/2023\/11\/grupo-de-empregos-whatsapp-e-facebook-ismael-colosi-vagas.jpg?ssl=1\" alt=\"\" \/><\/a><\/p>\n<!-- \/wp:image -->\n<\/div>\n<p> <br \/>\n<\/p>\n<div data-td-block-uid=\"tdi_104\">\n<div class=\"tdb-block-inner td-fix-index\">\n<p>O humorista e apresentador<strong> Maur\u00edcio Meirelles<\/strong> desembarca em Ribeir\u00e3o Preto, nesta quarta-feira (23), \u00e0s 21h, no Theatro Pedro II, com seu stand-up comedy \u201cWebbullying Gera\u00e7\u00e3o Z\u201d.<\/p>\n<p>Ainda h\u00e1 ingressos dispon\u00edveis para o espet\u00e1culo e eles podem ser adquiridos de forma on-line (<a href=\"https:\/\/www.ingressodigital.com\/evento\/10008\/Maurcio_Meirelles__WebbullyIng_Gerao_Z\" target=\"_blank\" rel=\"noreferrer noopener\">clique aqui<\/a>) ou atrav\u00e9s da bilheteria do Theatro (<a href=\"https:\/\/www.theatropedro2.com.br\/comprar-ingresso.php\" target=\"_blank\" rel=\"noreferrer noopener\">clique e veja o hor\u00e1rio de funcionamento<\/a>). <strong>Os valores variam de R$ 45 a R$ 100.<\/strong><\/p>\n<h4 class=\"wp-block-heading\"><strong>O Show<\/strong><\/h4>\n<p>\u201cWebbullying\u201d foi um show do humorista, com grande sucesso de audi\u00eancia entre 2013 e 2019. Maur\u00edcio acumulou quase um bilh\u00e3o de visualiza\u00e7\u00f5es com a atra\u00e7\u00e3o e agora incorporou o quadro \u2018Gera\u00e7\u00e3o Z\u2019 ao stand-up que retorna aos palcos dos teatros do Brasil.<\/p>\n<p>O show, que tem dura\u00e7\u00e3o de uma hora, apresenta novos textos e um estilo de com\u00e9dia reflexiva, caracter\u00edstica marcante de Maur\u00edcio. O objetivo, segundo o humorista, \u00e9 \u201csalvar a juventude, que est\u00e1 muito fr\u00e1gil e depressiva, precisando de sua consultoria digital\u201d.<\/p>\n<h4 class=\"wp-block-heading\"><strong>Ingressos<\/strong><\/h4>\n<ul>\n<li>Balc\u00e3o Nobre (1\u00ba andar): R$ 100 inteira | R$ 50 meia-entrada<\/li>\n<\/ul>\n<ul>\n<li>Balc\u00e3o Simples (2\u00ba andar): R$ 90 inteira | R$ 45 meia-entrada<\/li>\n<\/ul>\n<h4 class=\"wp-block-heading\"><strong>Servi\u00e7o<\/strong><\/h4>\n<p><em>Maur\u00edcio Meirelles \u2013 Webbullyng<\/em><\/p>\n<p>Quando: 23\/11\/2023<\/p>\n<p>Hor\u00e1rio: \u00e0s 21h<\/p>\n<p>Local: Theatro Pedro II \u2013 ria Alvares de Lacerda Chaves<\/p>\n<p>Classifica\u00e7\u00e3o: 14 anos<\/p>\n<p>Ingressos: <a href=\"https:\/\/www.ingressodigital.com\/evento\/10008\/Maurcio_Meirelles__WebbullyIng_Gerao_Z\" target=\"_blank\" rel=\"noreferrer noopener\">clique aqui<\/a><\/p>\n<h4 class=\"wp-block-heading\"><strong><mark style=\"background-color:#fcb900\" class=\"has-inline-color\">FIQUE ON \u00a0<\/mark><\/strong><\/h4>\n<p>Fique ligado em tudo que acontece em Ribeir\u00e3o Preto e regi\u00e3o. Siga os perfis do\u00a0<strong>acidade on<\/strong>\u00a0no\u00a0<a href=\"https:\/\/www.instagram.com\/acidadeonribeirao\" target=\"_blank\" rel=\"noreferrer noopener\">Instagram<\/a>\u00a0e no\u00a0<a href=\"https:\/\/www.facebook.com\/acidadeonribeirao\" target=\"_blank\" rel=\"noreferrer noopener\">Facebook<\/a>.<\/p>\n<p>Receba not\u00edcias do\u00a0<strong>acidade on<\/strong>\u00a0no WhatsApp.\u00a0<a href=\"https:\/\/chat.whatsapp.com\/Bnv2w66ZT4VDyZW3oiZ69n\" target=\"_blank\" rel=\"noreferrer noopener\">Para entrar no grupo, basta clicar aqui.<\/a><\/p>\n<p>Fa\u00e7a uma den\u00fancia ou sugira uma reportagem sobre Ribeir\u00e3o Preto e regi\u00e3o pelo WhatsApp:\u00a0<strong>(16) 99117 7802.<\/strong><\/p>\n<p>VEJA TAMB\u00c9M<\/p>\n<p>Saiba como reservar ingresso para show gratuito do Mumuzinho em Ribeir\u00e3o<\/p>\n<p><!-- AI CONTENT END 1 -->\n<\/div>\n<\/div>\n<p><script async src=\"\/\/www.instagram.com\/embed.js\"><\/script><br \/>\n<br \/><br \/>\n<br \/><a href=\"https:\/\/www.acidadeon.com\/ribeiraopreto\/lazer-e-cultura\/mauricio-meirelles-faz-show-de-stand-up-comedy-em-ribeirao-ainda-ha-ingressos-disponiveis\/\">Source link <\/a><\/p>\n<!-- CONTENT END 1 -->\n","protected":false},"excerpt":{"rendered":"<p>O humorista e apresentador Maur\u00edcio Meirelles desembarca em Ribeir\u00e3o Preto, nesta quarta-feira (23), \u00e0s 21h, no Theatro Pedro II, com seu stand-up comedy \u201cWebbullying Gera\u00e7\u00e3o&#8230;<\/p>\n","protected":false},"author":1,"featured_media":3665,"comment_status":"open","ping_status":"open","sticky":false,"template":"","format":"standard","meta":{"advanced_seo_description":"","jetpack_seo_html_title":"","jetpack_seo_noindex":false,"jetpack_post_was_ever_published":false,"_jetpack_newsletter_access":"","_jetpack_dont_email_post_to_subs":false,"_jetpack_newsletter_tier_id":0,"_jetpack_memberships_contains_paywalled_content":false,"_jetpack_memberships_contains_paid_content":false,"footnotes":"","jetpack_publicize_message":"","jetpack_publicize_feature_enabled":true,"jetpack_social_post_already_shared":true,"jetpack_social_options":{"image_generator_settings":{"template":"highway","default_image_id":0,"font":"","enabled":false},"version":2}},"categories":[11],"tags":[368,367,371,365,369,370,363,364,26,360,366],"class_list":["post-3664","post","type-post","status-publish","format-standard","has-post-thumbnail","hentry","category-noticias-de-ribeirao-preto-sp-e-regiao-ismael-colosi","tag-ainda","tag-comedy","tag-disponiveis","tag-faz","tag-ha","tag-ingressos","tag-mauricio","tag-meirelles","tag-ribeirao","tag-show","tag-standup"],"jetpack_publicize_connections":[],"jetpack_featured_media_url":"https:\/\/i0.wp.com\/noticiasribeiraopreto.com.br\/wp-content\/uploads\/2023\/11\/theatro-pedro-ii-guilherme-sircili-2-1-1-1024x489.png?fit=1024%2C489&ssl=1","jetpack-related-posts":[{"id":77334,"url":"https:\/\/noticiasribeiraopreto.com.br\/index.php\/2025\/09\/16\/theatro-pedro-ii-recebe-mauricio-meirelles-com-webbullying-veja-a-programacao\/","url_meta":{"origin":3664,"position":0},"title":"Theatro Pedro II recebe Maur\u00edcio Meirelles com &#8216;Webbullying&#8217;; Veja a programa\u00e7\u00e3o","author":"noticiasribeiraopreto.com.br","date":"16 de September de 2025","format":false,"excerpt":"O Theatro Pedro II, em Ribeir\u00e3o Preto, recebe o humorista Maur\u00edcio Meirelles na pr\u00f3xima sexta-feira (19), \u00e0s 20h, e os musicais \u201cA Bela e a Fera\u201d, \u00e0s 15h e \u201cABBA\u201d, \u00e0s 19h, no domingo (21). Os ingressos est\u00e3o \u00e0 venda\u00a0na bilheteria e on-line. Maur\u00edcio Meirelles | Webbullying No show, \u201cWebbullying\u2026","rel":"","context":"In &quot;Not\u00edcias de Ribeir\u00e3o Preto-SP e Regi\u00e3o&quot;","block_context":{"text":"Not\u00edcias de Ribeir\u00e3o Preto-SP e Regi\u00e3o","link":"https:\/\/noticiasribeiraopreto.com.br\/index.php\/category\/noticias-de-ribeirao-preto-sp-e-regiao-ismael-colosi\/"},"img":{"alt_text":"","src":"https:\/\/i0.wp.com\/noticiasribeiraopreto.com.br\/wp-content\/uploads\/2025\/09\/agenda-1_2025-09-16_13-32-26.webp.webp?fit=1200%2C675&ssl=1&resize=350%2C200","width":350,"height":200,"srcset":"https:\/\/i0.wp.com\/noticiasribeiraopreto.com.br\/wp-content\/uploads\/2025\/09\/agenda-1_2025-09-16_13-32-26.webp.webp?fit=1200%2C675&ssl=1&resize=350%2C200 1x, https:\/\/i0.wp.com\/noticiasribeiraopreto.com.br\/wp-content\/uploads\/2025\/09\/agenda-1_2025-09-16_13-32-26.webp.webp?fit=1200%2C675&ssl=1&resize=525%2C300 1.5x, https:\/\/i0.wp.com\/noticiasribeiraopreto.com.br\/wp-content\/uploads\/2025\/09\/agenda-1_2025-09-16_13-32-26.webp.webp?fit=1200%2C675&ssl=1&resize=700%2C400 2x, https:\/\/i0.wp.com\/noticiasribeiraopreto.com.br\/wp-content\/uploads\/2025\/09\/agenda-1_2025-09-16_13-32-26.webp.webp?fit=1200%2C675&ssl=1&resize=1050%2C600 3x"},"classes":[]},{"id":60411,"url":"https:\/\/noticiasribeiraopreto.com.br\/index.php\/2024\/11\/13\/theatro-pedro-ii-recebe-o-humorista-rodrigo-marques-ainda-ha-ingressos-disponiveis\/","url_meta":{"origin":3664,"position":1},"title":"Theatro Pedro II recebe o humorista Rodrigo Marques; Ainda h\u00e1 ingressos dispon\u00edveis","author":"noticiasribeiraopreto.com.br","date":"13 de November de 2024","format":false,"excerpt":"O jornalista e humorista Rodrigo Marques traz para o palco do Theatro Pedro II, em Ribeir\u00e3o Preto, no domingo (17), o stand-up \u201cO Entusiasta\u201d. A apresenta\u00e7\u00e3o est\u00e1 marcada para \u00e0s 19h e ainda h\u00e1 ingressos dispon\u00edveis. O comediante \u00e9 conhecido como um dos principais nomes do humor no Brasil. Ele\u2026","rel":"","context":"In &quot;Not\u00edcias de Ribeir\u00e3o Preto-SP e Regi\u00e3o&quot;","block_context":{"text":"Not\u00edcias de Ribeir\u00e3o Preto-SP e Regi\u00e3o","link":"https:\/\/noticiasribeiraopreto.com.br\/index.php\/category\/noticias-de-ribeirao-preto-sp-e-regiao-ismael-colosi\/"},"img":{"alt_text":"","src":"https:\/\/i0.wp.com\/noticiasribeiraopreto.com.br\/wp-content\/uploads\/2024\/11\/horiz-Rodrigo-Marques-Credito-Rinaldo-Oliveira-3-_2024-11-13_13-30-00_jpg_2024-11-13_13-30-01-scaled.webp.webp?fit=1200%2C879&ssl=1&resize=350%2C200","width":350,"height":200,"srcset":"https:\/\/i0.wp.com\/noticiasribeiraopreto.com.br\/wp-content\/uploads\/2024\/11\/horiz-Rodrigo-Marques-Credito-Rinaldo-Oliveira-3-_2024-11-13_13-30-00_jpg_2024-11-13_13-30-01-scaled.webp.webp?fit=1200%2C879&ssl=1&resize=350%2C200 1x, https:\/\/i0.wp.com\/noticiasribeiraopreto.com.br\/wp-content\/uploads\/2024\/11\/horiz-Rodrigo-Marques-Credito-Rinaldo-Oliveira-3-_2024-11-13_13-30-00_jpg_2024-11-13_13-30-01-scaled.webp.webp?fit=1200%2C879&ssl=1&resize=525%2C300 1.5x, https:\/\/i0.wp.com\/noticiasribeiraopreto.com.br\/wp-content\/uploads\/2024\/11\/horiz-Rodrigo-Marques-Credito-Rinaldo-Oliveira-3-_2024-11-13_13-30-00_jpg_2024-11-13_13-30-01-scaled.webp.webp?fit=1200%2C879&ssl=1&resize=700%2C400 2x, https:\/\/i0.wp.com\/noticiasribeiraopreto.com.br\/wp-content\/uploads\/2024\/11\/horiz-Rodrigo-Marques-Credito-Rinaldo-Oliveira-3-_2024-11-13_13-30-00_jpg_2024-11-13_13-30-01-scaled.webp.webp?fit=1200%2C879&ssl=1&resize=1050%2C600 3x"},"classes":[]},{"id":40887,"url":"https:\/\/noticiasribeiraopreto.com.br\/index.php\/2024\/03\/05\/danilo-gentili-se-apresenta-em-ribeirao-preto-ingressos-ainda-estao-disponiveis\/","url_meta":{"origin":3664,"position":2},"title":"Danilo Gentili se apresenta em Ribeir\u00e3o Preto; Ingressos ainda est\u00e3o dispon\u00edveis","author":"noticiasribeiraopreto.com.br","date":"5 de March de 2024","format":false,"excerpt":"O humorista Danilo Gentili desembarca em Ribeir\u00e3o Preto, neste s\u00e1bado (9), \u00e0s 20h, para apresenta\u00e7\u00e3o no Theatro Dom Pedro II, localizado no Centro do munic\u00edpio. Os ingressos para o show ainda est\u00e3o dispon\u00edveis e podem ser adquiridos de forma on-line (clique aqui) ou na bilheteria do Theatro \u2013 clique aqui\u2026","rel":"","context":"In &quot;Not\u00edcias de Ribeir\u00e3o Preto-SP e Regi\u00e3o&quot;","block_context":{"text":"Not\u00edcias de Ribeir\u00e3o Preto-SP e Regi\u00e3o","link":"https:\/\/noticiasribeiraopreto.com.br\/index.php\/category\/noticias-de-ribeirao-preto-sp-e-regiao-ismael-colosi\/"},"img":{"alt_text":"","src":"https:\/\/i0.wp.com\/noticiasribeiraopreto.com.br\/wp-content\/uploads\/2024\/03\/AnyConv.com__danilo-gentilli-01.webp.webp?fit=1200%2C675&ssl=1&resize=350%2C200","width":350,"height":200,"srcset":"https:\/\/i0.wp.com\/noticiasribeiraopreto.com.br\/wp-content\/uploads\/2024\/03\/AnyConv.com__danilo-gentilli-01.webp.webp?fit=1200%2C675&ssl=1&resize=350%2C200 1x, https:\/\/i0.wp.com\/noticiasribeiraopreto.com.br\/wp-content\/uploads\/2024\/03\/AnyConv.com__danilo-gentilli-01.webp.webp?fit=1200%2C675&ssl=1&resize=525%2C300 1.5x, https:\/\/i0.wp.com\/noticiasribeiraopreto.com.br\/wp-content\/uploads\/2024\/03\/AnyConv.com__danilo-gentilli-01.webp.webp?fit=1200%2C675&ssl=1&resize=700%2C400 2x, https:\/\/i0.wp.com\/noticiasribeiraopreto.com.br\/wp-content\/uploads\/2024\/03\/AnyConv.com__danilo-gentilli-01.webp.webp?fit=1200%2C675&ssl=1&resize=1050%2C600 3x"},"classes":[]},{"id":79361,"url":"https:\/\/noticiasribeiraopreto.com.br\/index.php\/2025\/10\/30\/humorista-igor-guimaraes-apresenta-stand-up-em-ribeirao-preto-neste-fim-de-semana\/","url_meta":{"origin":3664,"position":3},"title":"Humorista Igor Guimar\u00e3es apresenta stand-up em Ribeir\u00e3o Preto neste fim de semana","author":"noticiasribeiraopreto.com.br","date":"30 de October de 2025","format":false,"excerpt":"O humorista Igor Guimar\u00e3es sobe ao palco do Theatro Pedro II, em Ribeir\u00e3o Preto, neste s\u00e1bado (1\u00ba de novembro), \u00e0s 20h, com o show \u201cStand-up de Humor\u201d. Ainda h\u00e1 ingressos dispon\u00edveis para compra on-line e presencial na bilheteria. Igor Guimar\u00e3es \u00e9 comediante stand-up desde 2009 e se destacou logo no\u2026","rel":"","context":"In &quot;Not\u00edcias de Ribeir\u00e3o Preto-SP e Regi\u00e3o&quot;","block_context":{"text":"Not\u00edcias de Ribeir\u00e3o Preto-SP e Regi\u00e3o","link":"https:\/\/noticiasribeiraopreto.com.br\/index.php\/category\/noticias-de-ribeirao-preto-sp-e-regiao-ismael-colosi\/"},"img":{"alt_text":"","src":"https:\/\/i0.wp.com\/noticiasribeiraopreto.com.br\/wp-content\/uploads\/2025\/10\/PHOTO-2024-04-11-17-20-34_2025-10-30_12-32-20.webp.webp?fit=797%2C520&ssl=1&resize=350%2C200","width":350,"height":200,"srcset":"https:\/\/i0.wp.com\/noticiasribeiraopreto.com.br\/wp-content\/uploads\/2025\/10\/PHOTO-2024-04-11-17-20-34_2025-10-30_12-32-20.webp.webp?fit=797%2C520&ssl=1&resize=350%2C200 1x, https:\/\/i0.wp.com\/noticiasribeiraopreto.com.br\/wp-content\/uploads\/2025\/10\/PHOTO-2024-04-11-17-20-34_2025-10-30_12-32-20.webp.webp?fit=797%2C520&ssl=1&resize=525%2C300 1.5x, https:\/\/i0.wp.com\/noticiasribeiraopreto.com.br\/wp-content\/uploads\/2025\/10\/PHOTO-2024-04-11-17-20-34_2025-10-30_12-32-20.webp.webp?fit=797%2C520&ssl=1&resize=700%2C400 2x"},"classes":[]},{"id":61107,"url":"https:\/\/noticiasribeiraopreto.com.br\/index.php\/2024\/12\/03\/theatro-pedro-ii-recebe-stand-up-especial-de-natal\/","url_meta":{"origin":3664,"position":4},"title":"Theatro Pedro II recebe stand-up especial de Natal","author":"noticiasribeiraopreto.com.br","date":"3 de December de 2024","format":false,"excerpt":"O humorista Fabiano Cambota se apresenta no Theatro Pedro II, em Ribeir\u00e3o Preto, no dia 13 de dezembro, \u00e0s 20h, com um stand-up especial de Natal. Ainda h\u00e1 ingressos dispon\u00edveis (veja como adquirir abaixo). No show, o humorista conta como encanta velhinhas por onde passa, exp\u00f5e sua fam\u00edlia cheia de\u2026","rel":"","context":"In &quot;Not\u00edcias de Ribeir\u00e3o Preto-SP e Regi\u00e3o&quot;","block_context":{"text":"Not\u00edcias de Ribeir\u00e3o Preto-SP e Regi\u00e3o","link":"https:\/\/noticiasribeiraopreto.com.br\/index.php\/category\/noticias-de-ribeirao-preto-sp-e-regiao-ismael-colosi\/"},"img":{"alt_text":"","src":"https:\/\/i0.wp.com\/noticiasribeiraopreto.com.br\/wp-content\/uploads\/2024\/12\/Copia-de-Copia-de-Copia-de-TAMANHO-EXATO-PARA-FOTOS-NO-SISTEMA-NOVO-44_2024-12-03_12-29-17_jpg_2024-12-03_12-29-17.webp.webp?fit=1200%2C675&ssl=1&resize=350%2C200","width":350,"height":200,"srcset":"https:\/\/i0.wp.com\/noticiasribeiraopreto.com.br\/wp-content\/uploads\/2024\/12\/Copia-de-Copia-de-Copia-de-TAMANHO-EXATO-PARA-FOTOS-NO-SISTEMA-NOVO-44_2024-12-03_12-29-17_jpg_2024-12-03_12-29-17.webp.webp?fit=1200%2C675&ssl=1&resize=350%2C200 1x, https:\/\/i0.wp.com\/noticiasribeiraopreto.com.br\/wp-content\/uploads\/2024\/12\/Copia-de-Copia-de-Copia-de-TAMANHO-EXATO-PARA-FOTOS-NO-SISTEMA-NOVO-44_2024-12-03_12-29-17_jpg_2024-12-03_12-29-17.webp.webp?fit=1200%2C675&ssl=1&resize=525%2C300 1.5x, https:\/\/i0.wp.com\/noticiasribeiraopreto.com.br\/wp-content\/uploads\/2024\/12\/Copia-de-Copia-de-Copia-de-TAMANHO-EXATO-PARA-FOTOS-NO-SISTEMA-NOVO-44_2024-12-03_12-29-17_jpg_2024-12-03_12-29-17.webp.webp?fit=1200%2C675&ssl=1&resize=700%2C400 2x, https:\/\/i0.wp.com\/noticiasribeiraopreto.com.br\/wp-content\/uploads\/2024\/12\/Copia-de-Copia-de-Copia-de-TAMANHO-EXATO-PARA-FOTOS-NO-SISTEMA-NOVO-44_2024-12-03_12-29-17_jpg_2024-12-03_12-29-17.webp.webp?fit=1200%2C675&ssl=1&resize=1050%2C600 3x"},"classes":[]},{"id":56931,"url":"https:\/\/noticiasribeiraopreto.com.br\/index.php\/2024\/08\/18\/humorista-marco-luque-apresenta-stand-up-em-teatro-de-ribeirao-preto\/","url_meta":{"origin":3664,"position":5},"title":"Humorista Marco Luque apresenta stand up em teatro de Ribeir\u00e3o Preto","author":"noticiasribeiraopreto.com.br","date":"18 de August de 2024","format":false,"excerpt":"O ator e apresentador Marco Luque chega a Ribeir\u00e3o Preto com o espet\u00e1culo \u2018Dilatados\u2019 no dia 27 de setembro, \u00e0s 20h, no Theatro Pedro II. Os ingressos ainda est\u00e3o dispon\u00edveis \u2013 saiba mais abaixo. Durante a apresenta\u00e7\u00e3o, o humorista apresenta Mustafary, um vegetariano ir\u00f4nico e controverso, que prega a sustentabilidade\u2026","rel":"","context":"In &quot;Not\u00edcias de Ribeir\u00e3o Preto-SP e Regi\u00e3o&quot;","block_context":{"text":"Not\u00edcias de Ribeir\u00e3o Preto-SP e Regi\u00e3o","link":"https:\/\/noticiasribeiraopreto.com.br\/index.php\/category\/noticias-de-ribeirao-preto-sp-e-regiao-ismael-colosi\/"},"img":{"alt_text":"","src":"https:\/\/i0.wp.com\/noticiasribeiraopreto.com.br\/wp-content\/uploads\/2024\/08\/438844151_18429265822027693_9171717195427343944_n_2024-08-18_15-01-42_jpg_2024-08-18_15-01-42.webp.webp?fit=1066%2C711&ssl=1&resize=350%2C200","width":350,"height":200,"srcset":"https:\/\/i0.wp.com\/noticiasribeiraopreto.com.br\/wp-content\/uploads\/2024\/08\/438844151_18429265822027693_9171717195427343944_n_2024-08-18_15-01-42_jpg_2024-08-18_15-01-42.webp.webp?fit=1066%2C711&ssl=1&resize=350%2C200 1x, https:\/\/i0.wp.com\/noticiasribeiraopreto.com.br\/wp-content\/uploads\/2024\/08\/438844151_18429265822027693_9171717195427343944_n_2024-08-18_15-01-42_jpg_2024-08-18_15-01-42.webp.webp?fit=1066%2C711&ssl=1&resize=525%2C300 1.5x, https:\/\/i0.wp.com\/noticiasribeiraopreto.com.br\/wp-content\/uploads\/2024\/08\/438844151_18429265822027693_9171717195427343944_n_2024-08-18_15-01-42_jpg_2024-08-18_15-01-42.webp.webp?fit=1066%2C711&ssl=1&resize=700%2C400 2x, https:\/\/i0.wp.com\/noticiasribeiraopreto.com.br\/wp-content\/uploads\/2024\/08\/438844151_18429265822027693_9171717195427343944_n_2024-08-18_15-01-42_jpg_2024-08-18_15-01-42.webp.webp?fit=1066%2C711&ssl=1&resize=1050%2C600 3x"},"classes":[]}],"jetpack_sharing_enabled":true,"jetpack_shortlink":"https:\/\/wp.me\/peQAOb-X6","_links":{"self":[{"href":"https:\/\/noticiasribeiraopreto.com.br\/index.php\/wp-json\/wp\/v2\/posts\/3664","targetHints":{"allow":["GET"]}}],"collection":[{"href":"https:\/\/noticiasribeiraopreto.com.br\/index.php\/wp-json\/wp\/v2\/posts"}],"about":[{"href":"https:\/\/noticiasribeiraopreto.com.br\/index.php\/wp-json\/wp\/v2\/types\/post"}],"author":[{"embeddable":true,"href":"https:\/\/noticiasribeiraopreto.com.br\/index.php\/wp-json\/wp\/v2\/users\/1"}],"replies":[{"embeddable":true,"href":"https:\/\/noticiasribeiraopreto.com.br\/index.php\/wp-json\/wp\/v2\/comments?post=3664"}],"version-history":[{"count":0,"href":"https:\/\/noticiasribeiraopreto.com.br\/index.php\/wp-json\/wp\/v2\/posts\/3664\/revisions"}],"wp:featuredmedia":[{"embeddable":true,"href":"https:\/\/noticiasribeiraopreto.com.br\/index.php\/wp-json\/wp\/v2\/media\/3665"}],"wp:attachment":[{"href":"https:\/\/noticiasribeiraopreto.com.br\/index.php\/wp-json\/wp\/v2\/media?parent=3664"}],"wp:term":[{"taxonomy":"category","embeddable":true,"href":"https:\/\/noticiasribeiraopreto.com.br\/index.php\/wp-json\/wp\/v2\/categories?post=3664"},{"taxonomy":"post_tag","embeddable":true,"href":"https:\/\/noticiasribeiraopreto.com.br\/index.php\/wp-json\/wp\/v2\/tags?post=3664"}],"curies":[{"name":"wp","href":"https:\/\/api.w.org\/{rel}","templated":true}]}}