{"id":36641,"date":"2024-02-10T21:47:13","date_gmt":"2024-02-11T00:47:13","guid":{"rendered":"https:\/\/noticiasribeiraopreto.com.br\/index.php\/2024\/02\/10\/bosque-vai-abrir-neste-feriadao-2\/"},"modified":"2024-02-10T21:47:13","modified_gmt":"2024-02-11T00:47:13","slug":"bosque-vai-abrir-neste-feriadao-2","status":"publish","type":"post","link":"https:\/\/noticiasribeiraopreto.com.br\/index.php\/2024\/02\/10\/bosque-vai-abrir-neste-feriadao-2\/","title":{"rendered":"Bosque vai abrir\u00a0neste feriad\u00e3o\u00a0 &#8211; Jornal Tribuna Ribeir\u00e3o"},"content":{"rendered":"<div class='code-block code-block-1' style='margin: 8px 0 8px auto; text-align: right; display: block; clear: both;'>\n<p><a href=\"https:\/\/wa.link\/vpicfd\"><img data-recalc-dims=\"1\" class=\"wp-image-4922\" style=\"aspect-ratio: 2.0253164556962027; width: 561px; height: auto;\" src=\"https:\/\/i0.wp.com\/ismaelcolosi.com.br\/wp-content\/uploads\/2023\/11\/grupo-de-empregos-whatsapp-e-facebook-ismael-colosi-vagas.jpg?ssl=1\" alt=\"\" \/><\/a><\/p>\n<!-- \/wp:image -->\n<\/div>\n<p> <br \/>\n<\/p>\n<div id=\"\">\n<p> <span class=\"entry-meta-item penci-posted-on\"><i class=\"fa fa-clock-o\"\/><time class=\"entry-date published\" datetime=\"2024-02-10T14:00:43-03:00\">10 de fevereiro de 2024 | 14:00<\/time><time class=\"updated\" datetime=\"2024-02-10T09:17:39-03:00\">10 de fevereiro de 2024 | 9:17<\/time><\/span><\/p>\n<p> <span class=\"penci-social-buttons penci-social-share-footer\"><a href=\"#\" class=\"penci-post-like penci_post-meta_item  single-like-button penci-social-item like\" data-post_id=\"373297\" title=\"Like\" data-like=\"Like\" data-unlike=\"Unlike\"><i class=\"fa fa-thumbs-o-up\"\/><span class=\"penci-share-number\">0<\/span><\/a><i class=\"fa fa-facebook\"\/><a class=\"penci-social-item twitter\" target=\"_blank\" rel=\"noopener\" title=\"\" href=\"https:\/\/twitter.com\/intent\/tweet?text=Bosque%20vai%20abrir\u00a0neste%20feriad\u00e3o\u00a0%20-%20https:\/\/www.tribunaribeirao.com.br\/site\/bosque-vai-abrir-neste-feriadao-2\/\"><i class=\"fa fa-twitter\"\/><\/a><i class=\"fa fa-whatsapp\"\/><\/span><\/div>\n<div>\n<p><span class=\"TextRun SCXW242539705 BCX0\" lang=\"PT-BR\" xml:lang=\"PT-BR\" data-contrast=\"none\"><span class=\"NormalTextRun SCXW242539705 BCX0\">O <\/span><span class=\"NormalTextRun SCXW242539705 BCX0\">Bosque e Zool\u00f3gico Municipal Doutor F\u00e1bio de S\u00e1 Barreto <\/span><span class=\"NormalTextRun SCXW242539705 BCX0\">vai permanecer aberto ao p\u00fablico praticamente durante toda a semana de carnaval. <\/span><span class=\"NormalTextRun SCXW242539705 BCX0\">Vai fechar<\/span><span class=\"NormalTextRun SCXW242539705 BCX0\"> apenas na segunda-feira, 12 de fevereiro, e na Quarta-Feira de Cinzas (14), quando ser\u00e3o efetuados servi\u00e7os de manuten\u00e7\u00e3o. <\/span><\/span><span class=\"LineBreakBlob BlobObject DragDrop SCXW242539705 BCX0\"><span class=\"SCXW242539705 BCX0\">\u00a0<\/span><br class=\"SCXW242539705 BCX0\"\/><\/span><span class=\"LineBreakBlob BlobObject DragDrop SCXW242539705 BCX0\"><span class=\"SCXW242539705 BCX0\">\u00a0<\/span><br class=\"SCXW242539705 BCX0\"\/><\/span><span class=\"TextRun SCXW242539705 BCX0\" lang=\"PT-BR\" xml:lang=\"PT-BR\" data-contrast=\"none\"><span class=\"NormalTextRun SCXW242539705 BCX0\">Abrir\u00e1 normalmente, das nove horas \u00e0s 16h30, neste s\u00e1bado (10) e no domingo (11), na ter\u00e7a-feira (13) e de quinta-feira (15) at\u00e9 o outro domingo, dia 186. A entrada \u00e9 gratuita. O Bosque F\u00e1bio Barreto F<\/span><span class=\"NormalTextRun SCXW242539705 BCX0\">ica na <\/span><span class=\"NormalTextRun SCXW242539705 BCX0\">rua<\/span><span class=\"NormalTextRun SCXW242539705 BCX0\"> Liberdade s<\/span><span class=\"NormalTextRun SCXW242539705 BCX0\">\/n\u00ba, no bairro Campos El\u00edseos. <\/span><span class=\"NormalTextRun SCXW242539705 BCX0\">Mais informa\u00e7\u00f5es podem ser <\/span><span class=\"NormalTextRun ContextualSpellingAndGrammarErrorV2Themed SCXW242539705 BCX0\">solicitados<\/span><span class=\"NormalTextRun SCXW242539705 BCX0\"> pelos telefones (16) 3636-2283 e 3636-2513.\u00a0 <\/span><\/span><span class=\"LineBreakBlob BlobObject DragDrop SCXW242539705 BCX0\"><span class=\"SCXW242539705 BCX0\">\u00a0<\/span><br class=\"SCXW242539705 BCX0\"\/><\/span><span class=\"LineBreakBlob BlobObject DragDrop SCXW242539705 BCX0\"><span class=\"SCXW242539705 BCX0\">\u00a0<\/span><br class=\"SCXW242539705 BCX0\"\/><\/span><span class=\"TextRun SCXW242539705 BCX0\" lang=\"PT-BR\" xml:lang=\"PT-BR\" data-contrast=\"auto\"><span class=\"NormalTextRun SCXW242539705 BCX0\">No pa\u00eds de maior biodiversidade do planeta<\/span><span class=\"NormalTextRun SCXW242539705 BCX0\">, com <\/span><span class=\"NormalTextRun SCXW242539705 BCX0\">mais de 116 mil esp\u00e9cies animais conhecidas e espalhadas pelos seis biomas terrestres e tr\u00eas grandes ecossistemas marinhos, de acordo com dados do Minist\u00e9rio do Meio Ambiente, o sistema de atendimento a animais silvestres em situa\u00e7\u00f5es de maus<\/span><span class=\"NormalTextRun SCXW242539705 BCX0\">\u2013<\/span><span class=\"NormalTextRun SCXW242539705 BCX0\">tratos, atropelamentos, queimadas<\/span><span class=\"NormalTextRun SCXW242539705 BCX0\"> e <\/span><span class=\"NormalTextRun SCXW242539705 BCX0\">apreens\u00f5es <\/span><span class=\"NormalTextRun SCXW242539705 BCX0\">\u00e9 a <\/span><span class=\"NormalTextRun SCXW242539705 BCX0\">grande motiva\u00e7\u00e3o do trabalho realizado pelo Bosque <\/span><span class=\"NormalTextRun SCXW242539705 BCX0\">Zool\u00f3gico Municipal Doutor <\/span><span class=\"NormalTextRun SCXW242539705 BCX0\">F\u00e1bio Barreto. <\/span><\/span><span class=\"LineBreakBlob BlobObject DragDrop SCXW242539705 BCX0\"><span class=\"SCXW242539705 BCX0\">\u00a0<\/span><br class=\"SCXW242539705 BCX0\"\/><\/span><span class=\"LineBreakBlob BlobObject DragDrop SCXW242539705 BCX0\"><span class=\"SCXW242539705 BCX0\">\u00a0<\/span><br class=\"SCXW242539705 BCX0\"\/><\/span><span class=\"TextRun SCXW242539705 BCX0\" lang=\"PT-BR\" xml:lang=\"PT-BR\" data-contrast=\"auto\"><span class=\"NormalTextRun SCXW242539705 BCX0\">Implantada em Ribeir\u00e3o Preto e refer\u00eancia na regi\u00e3o, a iniciativa j\u00e1 atendeu mais de 1<\/span><span class=\"NormalTextRun SCXW242539705 BCX0\">.<\/span><span class=\"NormalTextRun SCXW242539705 BCX0\">700 animais somente no ano de 2022<\/span><span class=\"NormalTextRun SCXW242539705 BCX0\">, m\u00e9dia de quatro bichos feridos por dia, um a cada seis horas<\/span><span class=\"NormalTextRun SCXW242539705 BCX0\">.<\/span> <span class=\"NormalTextRun SCXW242539705 BCX0\">O <\/span><span class=\"NormalTextRun SCXW242539705 BCX0\">P<\/span><span class=\"NormalTextRun SCXW242539705 BCX0\">rograma <\/span><span class=\"NormalTextRun SCXW242539705 BCX0\">Uma Nova Chance <\/span><span class=\"NormalTextRun SCXW242539705 BCX0\">visa <\/span><span class=\"NormalTextRun SCXW242539705 BCX0\">a<\/span><span class=\"NormalTextRun SCXW242539705 BCX0\"> reabilita\u00e7\u00e3o e reintrodu\u00e7\u00e3o de animais silvestres de vida livre de Ribeir\u00e3o Preto e regi\u00e3o<\/span><span class=\"NormalTextRun SCXW242539705 BCX0\">.<\/span><\/span><span class=\"LineBreakBlob BlobObject DragDrop SCXW242539705 BCX0\"><span class=\"SCXW242539705 BCX0\">\u00a0<\/span><br class=\"SCXW242539705 BCX0\"\/><\/span><span class=\"LineBreakBlob BlobObject DragDrop SCXW242539705 BCX0\"><span class=\"SCXW242539705 BCX0\">\u00a0<\/span><br class=\"SCXW242539705 BCX0\"\/><\/span><span class=\"TextRun SCXW242539705 BCX0\" lang=\"PT-BR\" xml:lang=\"PT-BR\" data-contrast=\"auto\"><span class=\"NormalTextRun SCXW242539705 BCX0\">Eles <\/span><span class=\"NormalTextRun SCXW242539705 BCX0\">chegam <\/span><span class=\"NormalTextRun SCXW242539705 BCX0\">ao <\/span><span class=\"NormalTextRun SCXW242539705 BCX0\">zoo<\/span> <span class=\"NormalTextRun SCXW242539705 BCX0\">por meio de mun\u00edcipes, Corpo de Bombeiros, Pol\u00edcia Ambiental, <\/span><span class=\"NormalTextRun SCXW242539705 BCX0\">Instituto Brasileiro do Meio Ambiente e dos Recurso Naturais Renov\u00e1veis (<\/span><span class=\"NormalTextRun SCXW242539705 BCX0\">Ibama<\/span><span class=\"NormalTextRun SCXW242539705 BCX0\">) <\/span><span class=\"NormalTextRun SCXW242539705 BCX0\">e Secretaria do Meio Ambiente. Assim que os animais d\u00e3o entrada no setor de Medicina Veterin\u00e1ria s\u00e3o prontamente atendidos e tratados, inclusive em sistema de plant\u00e3o 24<\/span> <span class=\"NormalTextRun SCXW242539705 BCX0\">h<\/span><span class=\"NormalTextRun SCXW242539705 BCX0\">oras<\/span><span class=\"NormalTextRun SCXW242539705 BCX0\">, e em alguns casos passam por cirurgias.<\/span><\/span><span class=\"LineBreakBlob BlobObject DragDrop SCXW242539705 BCX0\"><span class=\"SCXW242539705 BCX0\">\u00a0<\/span><br class=\"SCXW242539705 BCX0\"\/><\/span><span class=\"LineBreakBlob BlobObject DragDrop SCXW242539705 BCX0\"><span class=\"SCXW242539705 BCX0\">\u00a0<\/span><br class=\"SCXW242539705 BCX0\"\/><\/span><span class=\"TextRun SCXW242539705 BCX0\" lang=\"PT-BR\" xml:lang=\"PT-BR\" data-contrast=\"none\"><span class=\"NormalTextRun SCXW242539705 BCX0\">Considerado um dos mais importantes pontos de lazer e cultura gratuitos na cidade de Ribeir\u00e3o Preto, recebeu mais de 257 mil visitantes <\/span><span class=\"NormalTextRun SCXW242539705 BCX0\">em 2022<\/span><span class=\"NormalTextRun SCXW242539705 BCX0\">. Conta com um espa\u00e7o de \u00e1rea verde de 250.880 m<\/span><span class=\"NormalTextRun SCXW242539705 BCX0\">etros quadrados <\/span><span class=\"NormalTextRun SCXW242539705 BCX0\">onde vivem mais <\/span><span class=\"NormalTextRun SCXW242539705 BCX0\">de 700 animais de 180 esp\u00e9cies, entre aves, peixes, mam\u00edferos, r\u00e9pteis e anf\u00edbios. <\/span><\/span><span class=\"LineBreakBlob BlobObject DragDrop SCXW242539705 BCX0\"><span class=\"SCXW242539705 BCX0\">\u00a0<\/span><br class=\"SCXW242539705 BCX0\"\/><\/span><span class=\"LineBreakBlob BlobObject DragDrop SCXW242539705 BCX0\"><span class=\"SCXW242539705 BCX0\">\u00a0<\/span><br class=\"SCXW242539705 BCX0\"\/><\/span><span class=\"TextRun SCXW242539705 BCX0\" lang=\"PT-BR\" xml:lang=\"PT-BR\" data-contrast=\"none\"><span class=\"NormalTextRun SCXW242539705 BCX0\">O espa\u00e7o concentra uma reserva de Mata Atl\u00e2ntica, com \u00e1rvores centen\u00e1rias, como perobas, jequitib\u00e1s, ip\u00eas e jatob\u00e1s. O zool\u00f3gico de Ribeir\u00e3o Preto tamb\u00e9m abriga animais amea\u00e7ados de extin\u00e7\u00e3o, como arara-azul, <\/span><span class=\"NormalTextRun SCXW242539705 BCX0\">ararajuba<\/span><span class=\"NormalTextRun SCXW242539705 BCX0\">, su\u00e7uarana, lobo-guar\u00e1, <\/span><span class=\"NormalTextRun SCXW242539705 BCX0\">mutum-do-sudeste<\/span><span class=\"NormalTextRun SCXW242539705 BCX0\">, urubu-rei, anta, tamandu\u00e1-bandeira, <\/span><span class=\"NormalTextRun SCXW242539705 BCX0\">jaboti-tinga<\/span><span class=\"NormalTextRun SCXW242539705 BCX0\"> e tracaj\u00e1.<\/span><\/span><span class=\"LineBreakBlob BlobObject DragDrop SCXW242539705 BCX0\"><span class=\"SCXW242539705 BCX0\">\u00a0<\/span><br class=\"SCXW242539705 BCX0\"\/><\/span><span class=\"LineBreakBlob BlobObject DragDrop SCXW242539705 BCX0\"><span class=\"SCXW242539705 BCX0\">\u00a0<\/span><br class=\"SCXW242539705 BCX0\"\/><\/span><span class=\"TextRun Highlight SCXW242539705 BCX0\" lang=\"PT-BR\" xml:lang=\"PT-BR\" data-contrast=\"none\"><span class=\"NormalTextRun SCXW242539705 BCX0\">Outra atra\u00e7\u00e3o \u00e9 o Aqu\u00e1rio Municipal, com mais de 500 peixes de 56 esp\u00e9cies, distribu\u00eddos em nove tanques. Juntos, os tanques somam 300 metros quadrados e armazenam 186,5 mil litros de \u00e1gua. No local existem 30 esp\u00e9cies de primatas.<\/span><\/span> <span class=\"TextRun Highlight SCXW242539705 BCX0\" lang=\"PT-BR\" xml:lang=\"PT-BR\" data-contrast=\"none\"><span class=\"NormalTextRun SCXW242539705 BCX0\">Tamb\u00e9m abriga felinos e roedores, entre eles pumas, on\u00e7as, capivaras, cervos, antas, <\/span><span class=\"NormalTextRun SCXW242539705 BCX0\">saguis<\/span><span class=\"NormalTextRun SCXW242539705 BCX0\">, micos raros e os divertidos macacos-prego. <\/span><\/span><span class=\"LineBreakBlob BlobObject DragDrop SCXW242539705 BCX0\"><span class=\"SCXW242539705 BCX0\">\u00a0<\/span><br class=\"SCXW242539705 BCX0\"\/><\/span><span class=\"LineBreakBlob BlobObject DragDrop SCXW242539705 BCX0\"><span class=\"SCXW242539705 BCX0\">\u00a0<\/span><br class=\"SCXW242539705 BCX0\"\/><\/span><span class=\"TextRun Highlight SCXW242539705 BCX0\" lang=\"PT-BR\" xml:lang=\"PT-BR\" data-contrast=\"none\"><span class=\"NormalTextRun SCXW242539705 BCX0\">No setor de r\u00e9pteis faz sucesso o <\/span><span class=\"NormalTextRun SCXW242539705 BCX0\">Terr\u00e1rio<\/span><span class=\"NormalTextRun SCXW242539705 BCX0\"> com suas serpentes pe\u00e7onhentas e n\u00e3o pe\u00e7onhentas (sem veneno). O Bosque Zool\u00f3gico Municipal Doutor F\u00e1bio Barreto de Ribeir\u00e3o Preto ainda conta com lagos com tartarugas, lagartos e jacar\u00e9s em extin\u00e7\u00e3o, como o jacar\u00e9-de-papo-amarelo. Tamb\u00e9m h\u00e1 aves de todos os tipos, como araras e tucanos, entre outras esp\u00e9cies<\/span><span class=\"NormalTextRun SCXW242539705 BCX0\">.<\/span><\/span><span class=\"LineBreakBlob BlobObject DragDrop SCXW242539705 BCX0\"><span class=\"SCXW242539705 BCX0\">\u00a0<\/span><br class=\"SCXW242539705 BCX0\"\/><\/span><span class=\"LineBreakBlob BlobObject DragDrop SCXW242539705 BCX0\"><span class=\"SCXW242539705 BCX0\">\u00a0<\/span><\/span><span class=\"LineBreakBlob BlobObject DragDrop SCXW242539705 BCX0\"><br class=\"SCXW242539705 BCX0\"\/><\/span><strong><span class=\"TextRun SCXW242539705 BCX0\" lang=\"PT-BR\" xml:lang=\"PT-BR\" data-contrast=\"none\"><span class=\"NormalTextRun SCXW242539705 BCX0\">Servi\u00e7o<\/span><\/span><\/strong><span class=\"LineBreakBlob BlobObject DragDrop SCXW242539705 BCX0\"><strong><span class=\"SCXW242539705 BCX0\">\u00a0<\/span><\/strong><br class=\"SCXW242539705 BCX0\"\/><\/span><span class=\"TextRun SCXW242539705 BCX0\" lang=\"PT-BR\" xml:lang=\"PT-BR\" data-contrast=\"none\"><span class=\"NormalTextRun SCXW242539705 BCX0\">Bosque Zool\u00f3gico <\/span><\/span><span class=\"TextRun SCXW242539705 BCX0\" lang=\"PT-BR\" xml:lang=\"PT-BR\" data-contrast=\"none\"><span class=\"NormalTextRun SCXW242539705 BCX0\">Municipal Doutor <\/span><\/span><span class=\"TextRun SCXW242539705 BCX0\" lang=\"PT-BR\" xml:lang=\"PT-BR\" data-contrast=\"none\"><span class=\"NormalTextRun SCXW242539705 BCX0\">F\u00e1bio Barreto<\/span><\/span><span class=\"LineBreakBlob BlobObject DragDrop SCXW242539705 BCX0\"><span class=\"SCXW242539705 BCX0\">\u00a0<\/span><br class=\"SCXW242539705 BCX0\"\/><\/span><span class=\"TextRun SCXW242539705 BCX0\" lang=\"PT-BR\" xml:lang=\"PT-BR\" data-contrast=\"none\"><span class=\"NormalTextRun SCXW242539705 BCX0\">Endere\u00e7o:<\/span><\/span><span class=\"TextRun SCXW242539705 BCX0\" lang=\"PT-BR\" xml:lang=\"PT-BR\" data-contrast=\"none\"> <span class=\"NormalTextRun SCXW242539705 BCX0\">rua<\/span><span class=\"NormalTextRun SCXW242539705 BCX0\"> Liberdade <\/span><\/span><span class=\"TextRun SCXW242539705 BCX0\" lang=\"PT-BR\" xml:lang=\"PT-BR\" data-contrast=\"none\"><span class=\"NormalTextRun SCXW242539705 BCX0\">s\/n\u00ba, Campos El\u00edseos<\/span><\/span><span class=\"LineBreakBlob BlobObject DragDrop SCXW242539705 BCX0\"><span class=\"SCXW242539705 BCX0\">\u00a0<\/span><br class=\"SCXW242539705 BCX0\"\/><\/span><span class=\"TextRun SCXW242539705 BCX0\" lang=\"PT-BR\" xml:lang=\"PT-BR\" data-contrast=\"none\"><span class=\"NormalTextRun SCXW242539705 BCX0\">Telefones:<\/span><\/span><span class=\"TextRun SCXW242539705 BCX0\" lang=\"PT-BR\" xml:lang=\"PT-BR\" data-contrast=\"none\"><span class=\"NormalTextRun SCXW242539705 BCX0\"> (16) 3636-2283 <\/span><\/span><span class=\"LineBreakBlob BlobObject DragDrop SCXW242539705 BCX0\"><span class=\"SCXW242539705 BCX0\">\u00a0<\/span><\/span><span class=\"TextRun SCXW242539705 BCX0\" lang=\"PT-BR\" xml:lang=\"PT-BR\" data-contrast=\"none\"><span class=\"NormalTextRun SCXW242539705 BCX0\">e 3636-2513<\/span><\/span><span class=\"LineBreakBlob BlobObject DragDrop SCXW242539705 BCX0\"><span class=\"SCXW242539705 BCX0\">\u00a0<\/span><br class=\"SCXW242539705 BCX0\"\/><\/span><span class=\"TextRun SCXW242539705 BCX0\" lang=\"PT-BR\" xml:lang=\"PT-BR\" data-contrast=\"none\"><span class=\"NormalTextRun SCXW242539705 BCX0\">Entrada:<\/span><\/span><span class=\"TextRun SCXW242539705 BCX0\" lang=\"PT-BR\" xml:lang=\"PT-BR\" data-contrast=\"none\"><span class=\"NormalTextRun SCXW242539705 BCX0\"> gratuita<\/span><\/span><span class=\"LineBreakBlob BlobObject DragDrop SCXW242539705 BCX0\"><span class=\"SCXW242539705 BCX0\">\u00a0<\/span><br class=\"SCXW242539705 BCX0\"\/><\/span><span class=\"TextRun SCXW242539705 BCX0\" lang=\"PT-BR\" xml:lang=\"PT-BR\" data-contrast=\"none\"><span class=\"NormalTextRun SCXW242539705 BCX0\">Abertura <\/span><span class=\"NormalTextRun SCXW242539705 BCX0\">no carnaval<\/span><\/span><span class=\"LineBreakBlob BlobObject DragDrop SCXW242539705 BCX0\"><span class=\"SCXW242539705 BCX0\">\u00a0<\/span><br class=\"SCXW242539705 BCX0\"\/><\/span><span class=\"TextRun SCXW242539705 BCX0\" lang=\"PT-BR\" xml:lang=\"PT-BR\" data-contrast=\"none\"><span class=\"NormalTextRun SCXW242539705 BCX0\">Abre <\/span><span class=\"NormalTextRun SCXW242539705 BCX0\">no s\u00e1bado (1<\/span><span class=\"NormalTextRun SCXW242539705 BCX0\">0<\/span><span class=\"NormalTextRun SCXW242539705 BCX0\">),<\/span><\/span> <span class=\"TextRun SCXW242539705 BCX0\" lang=\"PT-BR\" xml:lang=\"PT-BR\" data-contrast=\"none\"><span class=\"NormalTextRun SCXW242539705 BCX0\">domingo (1<\/span><span class=\"NormalTextRun SCXW242539705 BCX0\">1<\/span><span class=\"NormalTextRun SCXW242539705 BCX0\">) e na ter\u00e7a (<\/span><span class=\"NormalTextRun SCXW242539705 BCX0\">13<\/span><span class=\"NormalTextRun SCXW242539705 BCX0\">)<\/span><\/span><span class=\"LineBreakBlob BlobObject DragDrop SCXW242539705 BCX0\"><span class=\"SCXW242539705 BCX0\">\u00a0<\/span><br class=\"SCXW242539705 BCX0\"\/><\/span><span class=\"TextRun SCXW242539705 BCX0\" lang=\"PT-BR\" xml:lang=\"PT-BR\" data-contrast=\"none\"><span class=\"NormalTextRun SCXW242539705 BCX0\">Fechado<\/span><\/span> <span class=\"TextRun SCXW242539705 BCX0\" lang=\"PT-BR\" xml:lang=\"PT-BR\" data-contrast=\"none\"><span class=\"NormalTextRun SCXW242539705 BCX0\">Segunda (<\/span><span class=\"NormalTextRun SCXW242539705 BCX0\">12<\/span><span class=\"NormalTextRun SCXW242539705 BCX0\">) e <\/span><\/span><span class=\"LineBreakBlob BlobObject DragDrop SCXW242539705 BCX0\"><span class=\"SCXW242539705 BCX0\">\u00a0<\/span><\/span><span class=\"TextRun SCXW242539705 BCX0\" lang=\"PT-BR\" xml:lang=\"PT-BR\" data-contrast=\"none\"><span class=\"NormalTextRun SCXW242539705 BCX0\">quarta<\/span><span class=\"NormalTextRun SCXW242539705 BCX0\">-feira<\/span><span class=\"NormalTextRun SCXW242539705 BCX0\"> (<\/span><span class=\"NormalTextRun SCXW242539705 BCX0\">14<\/span><span class=\"NormalTextRun SCXW242539705 BCX0\">)<\/span><\/span><span class=\"LineBreakBlob BlobObject DragDrop SCXW242539705 BCX0\"><span class=\"SCXW242539705 BCX0\">\u00a0<\/span><br class=\"SCXW242539705 BCX0\"\/><\/span><span class=\"TextRun SCXW242539705 BCX0\" lang=\"PT-BR\" xml:lang=\"PT-BR\" data-contrast=\"none\"><span class=\"NormalTextRun SCXW242539705 BCX0\">Reabertura<\/span><\/span><span class=\"LineBreakBlob BlobObject DragDrop SCXW242539705 BCX0\"><span class=\"SCXW242539705 BCX0\">\u00a0<\/span><br class=\"SCXW242539705 BCX0\"\/><\/span><span class=\"TextRun SCXW242539705 BCX0\" lang=\"PT-BR\" xml:lang=\"PT-BR\" data-contrast=\"none\"><span class=\"NormalTextRun SCXW242539705 BCX0\">De quinta (<\/span><span class=\"NormalTextRun SCXW242539705 BCX0\">15<\/span><span class=\"NormalTextRun SCXW242539705 BCX0\">) a <\/span><\/span><span class=\"LineBreakBlob BlobObject DragDrop SCXW242539705 BCX0\"><span class=\"SCXW242539705 BCX0\">\u00a0<\/span><\/span><span class=\"TextRun SCXW242539705 BCX0\" lang=\"PT-BR\" xml:lang=\"PT-BR\" data-contrast=\"none\"><span class=\"NormalTextRun SCXW242539705 BCX0\">domingo (<\/span><span class=\"NormalTextRun SCXW242539705 BCX0\">18<\/span><span class=\"NormalTextRun SCXW242539705 BCX0\">)<\/span><\/span><span class=\"LineBreakBlob BlobObject DragDrop SCXW242539705 BCX0\"><span class=\"SCXW242539705 BCX0\">\u00a0<\/span><br class=\"SCXW242539705 BCX0\"\/><\/span><span class=\"TextRun SCXW242539705 BCX0\" lang=\"PT-BR\" xml:lang=\"PT-BR\" data-contrast=\"none\"><span class=\"NormalTextRun SCXW242539705 BCX0\">Hor\u00e1rio:<\/span><\/span><span class=\"TextRun SCXW242539705 BCX0\" lang=\"PT-BR\" xml:lang=\"PT-BR\" data-contrast=\"none\"><span class=\"NormalTextRun SCXW242539705 BCX0\"> das 9 <\/span><\/span><span class=\"LineBreakBlob BlobObject DragDrop SCXW242539705 BCX0\"><span class=\"SCXW242539705 BCX0\">\u00a0<\/span><\/span><span class=\"TextRun SCXW242539705 BCX0\" lang=\"PT-BR\" xml:lang=\"PT-BR\" data-contrast=\"none\"><span class=\"NormalTextRun SCXW242539705 BCX0\">horas \u00e1s 16h30<\/span><\/span><span class=\"LineBreakBlob BlobObject DragDrop SCXW242539705 BCX0\"><span class=\"SCXW242539705 BCX0\">\u00a0<\/span><br class=\"SCXW242539705 BCX0\"\/><\/span><span class=\"LineBreakBlob BlobObject DragDrop SCXW242539705 BCX0\"><span class=\"SCXW242539705 BCX0\">\u00a0<\/span><br class=\"SCXW242539705 BCX0\"\/><\/span><span class=\"EOP SCXW242539705 BCX0\" data-ccp-props=\"{&quot;201341983&quot;:0,&quot;335559739&quot;:200,&quot;335559740&quot;:276}\">\u00a0<\/span><\/p>\n<\/div>\n<p><script async src=\"\/\/platform.twitter.com\/widgets.js\" charset=\"utf-8\"><\/script><br \/>\n<br \/><br \/>\n<br \/><a href=\"https:\/\/www.tribunaribeirao.com.br\/site\/bosque-vai-abrir-neste-feriadao-2\/\">Source link <\/a><\/p>\n<!-- CONTENT END 1 -->\n","protected":false},"excerpt":{"rendered":"<p>10 de fevereiro de 2024 | 14:0010 de fevereiro de 2024 | 9:17 0 O Bosque e Zool\u00f3gico Municipal Doutor F\u00e1bio de S\u00e1 Barreto vai&#8230;<\/p>\n","protected":false},"author":1,"featured_media":36642,"comment_status":"open","ping_status":"open","sticky":false,"template":"","format":"standard","meta":{"advanced_seo_description":"","jetpack_seo_html_title":"","jetpack_seo_noindex":false,"jetpack_post_was_ever_published":false,"_jetpack_newsletter_access":"","_jetpack_dont_email_post_to_subs":false,"_jetpack_newsletter_tier_id":0,"_jetpack_memberships_contains_paywalled_content":false,"_jetpack_memberships_contains_paid_content":false,"footnotes":"","jetpack_publicize_message":"","jetpack_publicize_feature_enabled":true,"jetpack_social_post_already_shared":true,"jetpack_social_options":{"image_generator_settings":{"template":"highway","default_image_id":0,"font":"","enabled":false},"version":2}},"categories":[11],"tags":[4200,380,4201,785,26,786,529],"class_list":["post-36641","post","type-post","status-publish","format-standard","has-post-thumbnail","hentry","category-noticias-de-ribeirao-preto-sp-e-regiao-ismael-colosi","tag-abrirneste","tag-bosque","tag-feriadao","tag-jornal","tag-ribeirao","tag-tribuna","tag-vai"],"jetpack_publicize_connections":[],"jetpack_featured_media_url":"https:\/\/i0.wp.com\/noticiasribeiraopreto.com.br\/wp-content\/uploads\/2024\/02\/BosqueRP-Detalhe-Alfredo-Risk-Arquivo-scaled.jpg?fit=967%2C645&ssl=1","jetpack-related-posts":[{"id":72566,"url":"https:\/\/noticiasribeiraopreto.com.br\/index.php\/2025\/06\/18\/bosque-abrira-neste-feriadao-tribuna-ribeirao\/","url_meta":{"origin":36641,"position":0},"title":"Bosque abrir\u00e1 neste feriad\u00e3o &#8211; Tribuna Ribeir\u00e3o","author":"noticiasribeiraopreto.com.br","date":"18 de June de 2025","format":false,"excerpt":"Neste feriado prolongado do anivers\u00e1rio de 169 anos de Ribeir\u00e3o Preto e do Dia de Corpus Christi, o Bosque Zool\u00f3gico Municipal Doutor F\u00e1bio Barreto, em Ribeir\u00e3o Preto, manter\u00e1 seu hor\u00e1rio normal de funcionamento. Abrir\u00e1 entre esta quarta-feira (18) e domingo, 22 de junho, das nove horas \u00e0s 16h30, inclusive no\u2026","rel":"","context":"In &quot;Not\u00edcias de Ribeir\u00e3o Preto-SP e Regi\u00e3o&quot;","block_context":{"text":"Not\u00edcias de Ribeir\u00e3o Preto-SP e Regi\u00e3o","link":"https:\/\/noticiasribeiraopreto.com.br\/index.php\/category\/noticias-de-ribeirao-preto-sp-e-regiao-ismael-colosi\/"},"img":{"alt_text":"","src":"https:\/\/i0.wp.com\/noticiasribeiraopreto.com.br\/wp-content\/uploads\/2025\/06\/BosqueRP-Guilherme-Sircili-scaled.jpg?fit=750%2C500&ssl=1&resize=350%2C200","width":350,"height":200,"srcset":"https:\/\/i0.wp.com\/noticiasribeiraopreto.com.br\/wp-content\/uploads\/2025\/06\/BosqueRP-Guilherme-Sircili-scaled.jpg?fit=750%2C500&ssl=1&resize=350%2C200 1x, https:\/\/i0.wp.com\/noticiasribeiraopreto.com.br\/wp-content\/uploads\/2025\/06\/BosqueRP-Guilherme-Sircili-scaled.jpg?fit=750%2C500&ssl=1&resize=525%2C300 1.5x, https:\/\/i0.wp.com\/noticiasribeiraopreto.com.br\/wp-content\/uploads\/2025\/06\/BosqueRP-Guilherme-Sircili-scaled.jpg?fit=750%2C500&ssl=1&resize=700%2C400 2x"},"classes":[]},{"id":44663,"url":"https:\/\/noticiasribeiraopreto.com.br\/index.php\/2024\/03\/29\/bosque-abre-na-semana-santa\/","url_meta":{"origin":36641,"position":1},"title":"Bosque abre na\u00a0\u2018Semana Santa\u2019\u00a0 &#8211; Jornal Tribuna Ribeir\u00e3o","author":"noticiasribeiraopreto.com.br","date":"29 de March de 2024","format":false,"excerpt":"29 de mar\u00e7o de 2024 | 10:0028 de mar\u00e7o de 2024 | 21:04 0 O Bosque e Zool\u00f3gico Municipal Doutor F\u00e1bio de S\u00e1 Barreto vai permanecer aberto ao p\u00fablico no feriad\u00e3o da Semana Santa, entre a Sexta-Feira da Paix\u00e3o (29) e o Domingo de P\u00e1scoa, 31 de mar\u00e7o. Abrir\u00e1 normalmente,\u2026","rel":"","context":"In &quot;Not\u00edcias de Ribeir\u00e3o Preto-SP e Regi\u00e3o&quot;","block_context":{"text":"Not\u00edcias de Ribeir\u00e3o Preto-SP e Regi\u00e3o","link":"https:\/\/noticiasribeiraopreto.com.br\/index.php\/category\/noticias-de-ribeirao-preto-sp-e-regiao-ismael-colosi\/"},"img":{"alt_text":"","src":"https:\/\/i0.wp.com\/noticiasribeiraopreto.com.br\/wp-content\/uploads\/2024\/03\/BosqueRP-Detalhe-Alfredo-Risk-Arquivo-1-scaled.jpg?fit=1200%2C800&ssl=1&resize=350%2C200","width":350,"height":200,"srcset":"https:\/\/i0.wp.com\/noticiasribeiraopreto.com.br\/wp-content\/uploads\/2024\/03\/BosqueRP-Detalhe-Alfredo-Risk-Arquivo-1-scaled.jpg?fit=1200%2C800&ssl=1&resize=350%2C200 1x, https:\/\/i0.wp.com\/noticiasribeiraopreto.com.br\/wp-content\/uploads\/2024\/03\/BosqueRP-Detalhe-Alfredo-Risk-Arquivo-1-scaled.jpg?fit=1200%2C800&ssl=1&resize=525%2C300 1.5x, https:\/\/i0.wp.com\/noticiasribeiraopreto.com.br\/wp-content\/uploads\/2024\/03\/BosqueRP-Detalhe-Alfredo-Risk-Arquivo-1-scaled.jpg?fit=1200%2C800&ssl=1&resize=700%2C400 2x, https:\/\/i0.wp.com\/noticiasribeiraopreto.com.br\/wp-content\/uploads\/2024\/03\/BosqueRP-Detalhe-Alfredo-Risk-Arquivo-1-scaled.jpg?fit=1200%2C800&ssl=1&resize=1050%2C600 3x"},"classes":[]},{"id":39946,"url":"https:\/\/noticiasribeiraopreto.com.br\/index.php\/2024\/02\/29\/doutora\/","url_meta":{"origin":36641,"position":2},"title":"Doutora &#8211; Jornal Tribuna Ribeir\u00e3o","author":"noticiasribeiraopreto.com.br","date":"29 de February de 2024","format":false,"excerpt":"29 de fevereiro de 2024 | 9:0328 de fevereiro de 2024 | 15:58 0Para comemorar a formatura de Vict\u00f3ria na Medicina da USP de Ribeir\u00e3o Preto, os pais Jos\u00e9 Roberto e Silvana Issa Chodraui, receberam em \u2018petit comite\u2019, em um jantar \u00e1rabe regado aos melhores r\u00f3tulos.\u00a0\u00a0\u00a0\u00a0\u00a0\u00a0 Source link","rel":"","context":"In &quot;Not\u00edcias de Ribeir\u00e3o Preto-SP e Regi\u00e3o&quot;","block_context":{"text":"Not\u00edcias de Ribeir\u00e3o Preto-SP e Regi\u00e3o","link":"https:\/\/noticiasribeiraopreto.com.br\/index.php\/category\/noticias-de-ribeirao-preto-sp-e-regiao-ismael-colosi\/"},"img":{"alt_text":"","src":"https:\/\/i0.wp.com\/noticiasribeiraopreto.com.br\/wp-content\/uploads\/2024\/02\/29-6-scaled.jpg?fit=1000%2C563&ssl=1&resize=350%2C200","width":350,"height":200,"srcset":"https:\/\/i0.wp.com\/noticiasribeiraopreto.com.br\/wp-content\/uploads\/2024\/02\/29-6-scaled.jpg?fit=1000%2C563&ssl=1&resize=350%2C200 1x, https:\/\/i0.wp.com\/noticiasribeiraopreto.com.br\/wp-content\/uploads\/2024\/02\/29-6-scaled.jpg?fit=1000%2C563&ssl=1&resize=525%2C300 1.5x, https:\/\/i0.wp.com\/noticiasribeiraopreto.com.br\/wp-content\/uploads\/2024\/02\/29-6-scaled.jpg?fit=1000%2C563&ssl=1&resize=700%2C400 2x"},"classes":[]},{"id":36657,"url":"https:\/\/noticiasribeiraopreto.com.br\/index.php\/2024\/02\/11\/guirlanda-de-rosas\/","url_meta":{"origin":36641,"position":3},"title":"Guirlanda de Rosas &#8211; Jornal Tribuna Ribeir\u00e3o","author":"noticiasribeiraopreto.com.br","date":"11 de February de 2024","format":false,"excerpt":"11 de fevereiro de 2024 | 9:039 de fevereiro de 2024 | 14:55 0A empres\u00e1ria francana Maria Tereza Ludovice mais uma vez exercitou a arte de bem receber em torno do chiqu\u00e9rrimo anivers\u00e1rio da cunhada Ana Lucia Ludovice Matias.Com o tema rosas, a festa repleta de detalhes estava toda decorada\u2026","rel":"","context":"In &quot;Not\u00edcias de Ribeir\u00e3o Preto-SP e Regi\u00e3o&quot;","block_context":{"text":"Not\u00edcias de Ribeir\u00e3o Preto-SP e Regi\u00e3o","link":"https:\/\/noticiasribeiraopreto.com.br\/index.php\/category\/noticias-de-ribeirao-preto-sp-e-regiao-ismael-colosi\/"},"img":{"alt_text":"","src":"https:\/\/i0.wp.com\/noticiasribeiraopreto.com.br\/wp-content\/uploads\/2024\/02\/11-9-scaled.jpg?fit=860%2C645&ssl=1&resize=350%2C200","width":350,"height":200,"srcset":"https:\/\/i0.wp.com\/noticiasribeiraopreto.com.br\/wp-content\/uploads\/2024\/02\/11-9-scaled.jpg?fit=860%2C645&ssl=1&resize=350%2C200 1x, https:\/\/i0.wp.com\/noticiasribeiraopreto.com.br\/wp-content\/uploads\/2024\/02\/11-9-scaled.jpg?fit=860%2C645&ssl=1&resize=525%2C300 1.5x, https:\/\/i0.wp.com\/noticiasribeiraopreto.com.br\/wp-content\/uploads\/2024\/02\/11-9-scaled.jpg?fit=860%2C645&ssl=1&resize=700%2C400 2x"},"classes":[]},{"id":39339,"url":"https:\/\/noticiasribeiraopreto.com.br\/index.php\/2024\/02\/25\/acabamentos-de-luxo\/","url_meta":{"origin":36641,"position":4},"title":"Acabamentos de Luxo &#8211; Jornal Tribuna Ribeir\u00e3o","author":"noticiasribeiraopreto.com.br","date":"25 de February de 2024","format":false,"excerpt":"25 de fevereiro de 2024 | 9:0323 de fevereiro de 2024 | 8:55 0A Evolve Acabamentos realizou uma happy hour para comemorar a inaugura\u00e7\u00e3o da sua unidade em Ribeir\u00e3o Preto, localizada na Rua Itacolomi, 705, no bairro Alto da Boa Vista.Os s\u00f3cios Carolina e Jo\u00e3o Venceslau, receberam o diretor da\u2026","rel":"","context":"In &quot;Not\u00edcias de Ribeir\u00e3o Preto-SP e Regi\u00e3o&quot;","block_context":{"text":"Not\u00edcias de Ribeir\u00e3o Preto-SP e Regi\u00e3o","link":"https:\/\/noticiasribeiraopreto.com.br\/index.php\/category\/noticias-de-ribeirao-preto-sp-e-regiao-ismael-colosi\/"},"img":{"alt_text":"","src":"https:\/\/i0.wp.com\/noticiasribeiraopreto.com.br\/wp-content\/uploads\/2024\/02\/403-Joao-Venceslau_e_Carolina-Venceslau_Francis-Arnoldo_e_Claudio-Inserra-scaled.jpg?fit=966%2C645&ssl=1&resize=350%2C200","width":350,"height":200,"srcset":"https:\/\/i0.wp.com\/noticiasribeiraopreto.com.br\/wp-content\/uploads\/2024\/02\/403-Joao-Venceslau_e_Carolina-Venceslau_Francis-Arnoldo_e_Claudio-Inserra-scaled.jpg?fit=966%2C645&ssl=1&resize=350%2C200 1x, https:\/\/i0.wp.com\/noticiasribeiraopreto.com.br\/wp-content\/uploads\/2024\/02\/403-Joao-Venceslau_e_Carolina-Venceslau_Francis-Arnoldo_e_Claudio-Inserra-scaled.jpg?fit=966%2C645&ssl=1&resize=525%2C300 1.5x, https:\/\/i0.wp.com\/noticiasribeiraopreto.com.br\/wp-content\/uploads\/2024\/02\/403-Joao-Venceslau_e_Carolina-Venceslau_Francis-Arnoldo_e_Claudio-Inserra-scaled.jpg?fit=966%2C645&ssl=1&resize=700%2C400 2x"},"classes":[]},{"id":40052,"url":"https:\/\/noticiasribeiraopreto.com.br\/index.php\/2024\/02\/29\/aniversariante\/","url_meta":{"origin":36641,"position":5},"title":"Aniversariante &#8211; Jornal Tribuna Ribeir\u00e3o","author":"noticiasribeiraopreto.com.br","date":"29 de February de 2024","format":false,"excerpt":"29 de fevereiro de 2024 | 17:47 0Geraldo Mota Gon\u00e7alves, nasceu em 29.02.1932, \u00e9 pescador profissional desde 1974, s\u00f3cio junto com sua fam\u00edlia da Mar\u00e9 Alta escola n\u00e1utica. A empresa foi aberta por ele e a esposa em 1987. Tamb\u00e9m \u00e9 diretor da col\u00f4nia de pesca z1, a qual representa\u2026","rel":"","context":"In &quot;Not\u00edcias de Ribeir\u00e3o Preto-SP e Regi\u00e3o&quot;","block_context":{"text":"Not\u00edcias de Ribeir\u00e3o Preto-SP e Regi\u00e3o","link":"https:\/\/noticiasribeiraopreto.com.br\/index.php\/category\/noticias-de-ribeirao-preto-sp-e-regiao-ismael-colosi\/"},"img":{"alt_text":"","src":"https:\/\/i0.wp.com\/noticiasribeiraopreto.com.br\/wp-content\/uploads\/2024\/02\/37831e88-ff38-4615-bb1d-254d2ec369b0-1-scaled.jpg?fit=362%2C645&ssl=1&resize=350%2C200","width":350,"height":200},"classes":[]}],"jetpack_sharing_enabled":true,"jetpack_shortlink":"https:\/\/wp.me\/peQAOb-9wZ","_links":{"self":[{"href":"https:\/\/noticiasribeiraopreto.com.br\/index.php\/wp-json\/wp\/v2\/posts\/36641","targetHints":{"allow":["GET"]}}],"collection":[{"href":"https:\/\/noticiasribeiraopreto.com.br\/index.php\/wp-json\/wp\/v2\/posts"}],"about":[{"href":"https:\/\/noticiasribeiraopreto.com.br\/index.php\/wp-json\/wp\/v2\/types\/post"}],"author":[{"embeddable":true,"href":"https:\/\/noticiasribeiraopreto.com.br\/index.php\/wp-json\/wp\/v2\/users\/1"}],"replies":[{"embeddable":true,"href":"https:\/\/noticiasribeiraopreto.com.br\/index.php\/wp-json\/wp\/v2\/comments?post=36641"}],"version-history":[{"count":0,"href":"https:\/\/noticiasribeiraopreto.com.br\/index.php\/wp-json\/wp\/v2\/posts\/36641\/revisions"}],"wp:featuredmedia":[{"embeddable":true,"href":"https:\/\/noticiasribeiraopreto.com.br\/index.php\/wp-json\/wp\/v2\/media\/36642"}],"wp:attachment":[{"href":"https:\/\/noticiasribeiraopreto.com.br\/index.php\/wp-json\/wp\/v2\/media?parent=36641"}],"wp:term":[{"taxonomy":"category","embeddable":true,"href":"https:\/\/noticiasribeiraopreto.com.br\/index.php\/wp-json\/wp\/v2\/categories?post=36641"},{"taxonomy":"post_tag","embeddable":true,"href":"https:\/\/noticiasribeiraopreto.com.br\/index.php\/wp-json\/wp\/v2\/tags?post=36641"}],"curies":[{"name":"wp","href":"https:\/\/api.w.org\/{rel}","templated":true}]}}