{"id":36645,"date":"2024-02-11T06:29:32","date_gmt":"2024-02-11T09:29:32","guid":{"rendered":"https:\/\/noticiasribeiraopreto.com.br\/index.php\/2024\/02\/11\/4-jovens-brasileiras-que-estao-fazendo-historia-na-ciencia-e-tecnologia\/"},"modified":"2024-02-11T06:29:32","modified_gmt":"2024-02-11T09:29:32","slug":"4-jovens-brasileiras-que-estao-fazendo-historia-na-ciencia-e-tecnologia","status":"publish","type":"post","link":"https:\/\/noticiasribeiraopreto.com.br\/index.php\/2024\/02\/11\/4-jovens-brasileiras-que-estao-fazendo-historia-na-ciencia-e-tecnologia\/","title":{"rendered":"4 jovens brasileiras que est\u00e3o fazendo hist\u00f3ria na ci\u00eancia e tecnologia"},"content":{"rendered":"<div class='code-block code-block-1' style='margin: 8px 0 8px auto; text-align: right; display: block; clear: both;'>\n<p><a href=\"https:\/\/wa.link\/vpicfd\"><img data-recalc-dims=\"1\" class=\"wp-image-4922\" style=\"aspect-ratio: 2.0253164556962027; width: 561px; height: auto;\" src=\"https:\/\/i0.wp.com\/ismaelcolosi.com.br\/wp-content\/uploads\/2023\/11\/grupo-de-empregos-whatsapp-e-facebook-ismael-colosi-vagas.jpg?ssl=1\" alt=\"\" \/><\/a><\/p>\n<!-- \/wp:image -->\n<\/div>\n<p> <br \/>\n<\/p>\n<div>\n<div id=\"attachment_594778\" class=\"wp-caption alignnone style=\" max-width:=\"\"><img data-recalc-dims=\"1\" fetchpriority=\"high\" decoding=\"async\" class=\"alignnone wp-image-594778 size-full\" src=\"https:\/\/i0.wp.com\/forbes.com.br\/wp-content\/uploads\/2024\/02\/Isabelle-e-Beatriz-768x512.png?resize=678%2C452&#038;ssl=1\" http:=\"\" alt=\"Divulga\u00e7\u00e3o\" width=\"678\" height=\"452\" data-lazy-src=\"https:\/\/forbes.com.br\/wp-content\/uploads\/2024\/02\/Isabelle-e-Beatriz-768x512.png\"\/><noscript><img data-recalc-dims=\"1\" fetchpriority=\"high\" decoding=\"async\" class=\"alignnone wp-image-594778 size-full\" src=\"https:\/\/i0.wp.com\/forbes.com.br\/wp-content\/uploads\/2024\/02\/Isabelle-e-Beatriz-768x512.png?resize=678%2C452&#038;ssl=1\" alt=\"Divulga\u00e7\u00e3o\" width=\"678\" height=\"452\"\/><\/noscript><\/p>\n<p class=\"wp-caption-text\">Em 2021, Beatriz e Isabella foram escolhidas como cientistas cidad\u00e3s pela Nasa.<\/p>\n<\/div>\n<p>De Ada Lovelace e Marie Curie \u00e0 Bertha Lutz e Jaqueline Goes, as mulheres sempre desempenharam pap\u00e9is essenciais para a ci\u00eancia e inova\u00e7\u00e3o. Por\u00e9m, seus nomes foram apagados de muitas hist\u00f3rias e suas capacidades foram descredibilizadas no mercado de trabalho. De acordo com um relat\u00f3rio da Unesco publicado em 2023, apenas 30% dos cientistas ao redor do mundo s\u00e3o mulheres.<\/p>\n<ul>\n<li>\n<h3>Siga a <a href=\"https:\/\/whatsapp.com\/channel\/0029Va9gQKwBFLgM96cJnu0u\" target=\"_blank\" rel=\"noopener\">Forbes<\/a> no WhatsApp e receba as principais not\u00edcias sobre neg\u00f3cios, carreira, tecnologia e estilo de vida<\/h3>\n<\/li>\n<\/ul>\n<p><span style=\"font-weight: 400;\">No caso do Brasil, as mulheres cientistas sofrem com a exclus\u00e3o em cargos de lideran\u00e7a. Visto que elas constituem 43,7% dos pesquisadores no pa\u00eds, segundo dados do Conselho Nacional de Desenvolvimento Cient\u00edfico e Tecnol\u00f3gico (CNPq).<\/span><\/p>\n<h4>Leia tamb\u00e9m:<\/h4>\n<p><span style=\"font-weight: 400;\">Os n\u00fameros desanimadores n\u00e3o impediram que as jovens Beatriz Toassa, 13 anos, e Isabelle Toassa, 12 anos, irm\u00e3s e cientistas mais jovens do Brasil, come\u00e7assem sua jornada. Ou J\u00falia Castro, eleita Under 30 de 2023 na categoria de Ci\u00eancia e Educa\u00e7\u00e3o por seu trabalho com a vacina\u00e7\u00e3o no Brasil. Assim como Roberta Duarte, doutoranda em Astrof\u00edsica pela Universidade de S\u00e3o Paulo (USP), que acumula mais de 200 mil seguidores nas redes sociais, onde atua como divulgadora cient\u00edfica.<\/span><\/p>\n<p>Al\u00e9m das trajet\u00f3rias individuais, algumas empresas tamb\u00e9m desenvolvem projetos para impulsionar as carreiras de mulheres na ci\u00eancia. O Centro de Inova\u00e7\u00e3o para o Brasil e a Am\u00e9rica Latina da P&amp;G, localizado em Louveira (SP), conta com \u201cquase 60% de cientistas mulheres\u201d \u2014 e 56% delas ocupam cargos de lideran\u00e7a.<\/p>\n<h3><b>Conhe\u00e7a as 4 jovens brasileiras que est\u00e3o fazendo hist\u00f3ria na ci\u00eancia e tecnologia:<\/b><\/h3>\n<div id=\"attachment_594786\" class=\"wp-caption alignnone style=\" max-width:=\"\"><img data-recalc-dims=\"1\" loading=\"lazy\" decoding=\"async\" class=\"alignnone wp-image-594786 size-full\" src=\"https:\/\/i0.wp.com\/forbes.com.br\/wp-content\/uploads\/2024\/02\/Isabelle-e-Beatriz-1-768x512.png?resize=678%2C452&#038;ssl=1\" http:=\"\" alt=\"Divulga\u00e7\u00e3o\" width=\"678\" height=\"452\" data-lazy-src=\"https:\/\/forbes.com.br\/wp-content\/uploads\/2024\/02\/Isabelle-e-Beatriz-1-768x512.png\"\/><noscript><img data-recalc-dims=\"1\" loading=\"lazy\" decoding=\"async\" class=\"alignnone wp-image-594786 size-full\" src=\"https:\/\/i0.wp.com\/forbes.com.br\/wp-content\/uploads\/2024\/02\/Isabelle-e-Beatriz-1-768x512.png?resize=678%2C452&#038;ssl=1\" alt=\"Divulga\u00e7\u00e3o\" width=\"678\" height=\"452\"\/><\/noscript><\/p>\n<p>Divulga\u00e7\u00e3o<\/p>\n<p class=\"wp-caption-text\">No futuro, elas desejam estudar fora do Brasil e democratizar o acesso \u00e0 educa\u00e7\u00e3o de qualidade. \u201cA Bia quer fazer medicina em Harvard e a Bella quer engenharia no MIT\u201d, menciona Stefanie Toassa, m\u00e3e das meninas.<\/p>\n<\/div>\n<p>\u201cN\u00f3s come\u00e7amos a gostar de ci\u00eancia quando fizemos a prova da Olimp\u00edada Brasileira de Astronomia e Astron\u00e1utica\u201d, contam as meninas, que, \u00e0 \u00e9poca, frequentavam a primeira etapa do ensino fundamental. \u201cNa primeira vez que fizemos a prova, n\u00e3o conseguimos ganhar a medalha. Ent\u00e3o, decidimos estudar todos os dias com as provas dos anos anteriores.\u201d<\/p>\n<p>Com apenas 10 e 11 anos, elas conquistaram a sonhada medalha e sentiram o impacto positivo dos estudos. \u201cDepois, em 2021, criamos o nosso canal no YouTube, o @duplabigbang, e a oportunidade de levar a ci\u00eancia para milhares de outras crian\u00e7as. Hoje, o canal \u00e9 o maior de divulga\u00e7\u00e3o cient\u00edfica para crian\u00e7as no Brasil.\u201d<\/p>\n<p>\u201cSeguindo a ordem cronol\u00f3gica, em 2022, veio o convite para a Academia Brasileira de Jovens Cientistas (ABJC), quando nos tornamos oficialmente as cientistas mais jovens do Brasil\u201d, compartilham as irm\u00e3s, que, em 2023, foram nomeadas como primeiras embaixadoras mirins do Minist\u00e9rio da Ci\u00eancia, Tecnologia e Inova\u00e7\u00e3o (MCTI).<\/p>\n<p>Emocionada, Stefanie Toassa, m\u00e3e de Isabella e Beatriz, relembra: \u201cA Bia nasceu quando eu tinha apenas 20 anos, ganhando pouco, e a gente mudou nossa vida por meio da educa\u00e7\u00e3o. Ver elas levantando essa bandeira \u00e9 um orgulho indescrit\u00edvel.\u201d<\/p>\n<div id=\"attachment_594775\" class=\"wp-caption alignnone style=\" max-width:=\"\"><img data-recalc-dims=\"1\" loading=\"lazy\" decoding=\"async\" class=\"alignnone wp-image-594775 size-full\" src=\"https:\/\/i0.wp.com\/forbes.com.br\/wp-content\/uploads\/2024\/02\/Roberta-Duarte-768x512.png?resize=678%2C452&#038;ssl=1\" http:=\"\" alt=\"Reprodu\u00e7\u00e3o\/Ci\u00eancia Sem Fim\" width=\"678\" height=\"452\" data-lazy-src=\"https:\/\/forbes.com.br\/wp-content\/uploads\/2024\/02\/Roberta-Duarte-768x512.png\"\/><noscript><img data-recalc-dims=\"1\" loading=\"lazy\" decoding=\"async\" class=\"alignnone wp-image-594775 size-full\" src=\"https:\/\/i0.wp.com\/forbes.com.br\/wp-content\/uploads\/2024\/02\/Roberta-Duarte-768x512.png?resize=678%2C452&#038;ssl=1\" alt=\"Reprodu\u00e7\u00e3o\/Ci\u00eancia Sem Fim\" width=\"678\" height=\"452\"\/><\/noscript><\/p>\n<p class=\"wp-caption-text\">As inspira\u00e7\u00f5es da astrof\u00edsica s\u00e3o Taylor Swift, \u201cela \u00e9 minha companhia enquanto trabalho\u201d, e Thaisa Storchi Bergmann, \u201ca m\u00e3e da pesquisa sobre buracos negros no Brasil\u201d.<\/p>\n<\/div>\n<p><span style=\"font-weight: 400;\">\u201cEu queria ser astr\u00f4noma desde crian\u00e7a\u201d, conta Roberta Duarte, astrof\u00edsica, divulgadora cient\u00edfica com mais de 200 mil seguidores nas redes e doutoranda pela Universidade de S\u00e3o Paulo (USP). \u201cHoje, minha \u00e1rea de pesquisa \u00e9 a intersec\u00e7\u00e3o entre intelig\u00eancia artificial e astrof\u00edsica, especificamente problemas relacionadas a buracos negros.\u201d<\/span><\/p>\n<p><span style=\"font-weight: 400;\">O in\u00edcio da jornada de Roberta foi desafiador. Ela saiu de casa sozinha com apenas 17 anos, quando come\u00e7ou a gradua\u00e7\u00e3o em F\u00edsica no campus da USP no interior de S\u00e3o Paulo. Mas foi assim que ela deu seus primeiros passos para realizar o sonho de estudar o universo.<\/span><\/p>\n<p><span style=\"font-weight: 400;\">Durante o mestrado, a pesquisadora come\u00e7ou a trabalhar com IA. \u201cO meu artigo do mestrado, a primeira simula\u00e7\u00e3o de um buraco negro feito por intelig\u00eancia artificial, foi reconhecido no Brasil e no mundo \u2014 uma grande motiva\u00e7\u00e3o para seguir em frente.\u201d<\/span><\/p>\n<p><span style=\"font-weight: 400;\">A astrof\u00edsica, que est\u00e1 h\u00e1 10 anos na \u00e1rea, afirma que o caminho n\u00e3o \u00e9 f\u00e1cil, mas que as mulheres precisam ocupar espa\u00e7os na ci\u00eancia, que ainda \u00e9 dominada por homens. \u201c\u00c9 poss\u00edvel ser mulher nesses espa\u00e7os, e a gente precisa disso.\u201d<\/span><\/p>\n<div id=\"attachment_594867\" class=\"wp-caption alignnone style=\" max-width:=\"\"><img data-recalc-dims=\"1\" loading=\"lazy\" decoding=\"async\" class=\"alignnone wp-image-594867 size-full\" src=\"https:\/\/i0.wp.com\/forbes.com.br\/wp-content\/uploads\/2024\/02\/Julia-Castro-768x512.png?resize=678%2C452&#038;ssl=1\" http:=\"\" alt=\"Foto: Marcio\u00a0Rodrigues\" width=\"678\" height=\"452\" data-lazy-src=\"https:\/\/forbes.com.br\/wp-content\/uploads\/2024\/02\/Julia-Castro-768x512.png\"\/><noscript><img data-recalc-dims=\"1\" loading=\"lazy\" decoding=\"async\" class=\"alignnone wp-image-594867 size-full\" src=\"https:\/\/i0.wp.com\/forbes.com.br\/wp-content\/uploads\/2024\/02\/Julia-Castro-768x512.png?resize=678%2C452&#038;ssl=1\" alt=\"Foto: Marcio\u00a0Rodrigues\" width=\"678\" height=\"452\"\/><\/noscript><\/p>\n<p>Foto: Marcio\u00a0Rodrigues<\/p>\n<p class=\"wp-caption-text\">\u201cEu cresci cercada de mulheres fortes e trabalhadoras, que, apesar de n\u00e3o desfrutarem da oportunidade de estudar tanto quanto eu, sempre me incentivaram. Elas s\u00e3o as minhas maiores inspira\u00e7\u00f5es\u201d, diz a pesquisadora.<\/p>\n<\/div>\n<p><span style=\"font-weight: 400;\">Considerada uma das 635 jovens cientistas mais promissoras do mundo, a Under 30 de 2023 come\u00e7ou sua miss\u00e3o no primeiro ano de faculdade, quando foi aprovada no programa de inicia\u00e7\u00e3o cient\u00edfica da Universidade Federal de Minas Gerais. Nascida em Vi\u00e7osa (MG), a pesquisadora foi convidada para participar de um encontro com pr\u00eamios Nobel na Alemanha no ano passado, onde conversou com Rolf Martin Zinkernagel, cientista su\u00ed\u00e7o laureado com o Nobel de Medicina de 1996 pela descoberta de como o sistema imunit\u00e1rio reconhece as c\u00e9lulas infectadas com v\u00edrus.\u00a0<\/span><\/p>\n<p><span style=\"font-weight: 400;\">O reconhecimento internacional \u00e9 fruto de seu trabalho com a vacina\u00e7\u00e3o. \u201cConseguir desenvolver vacinas que obtiveram resultados promissores, como para Doen\u00e7a de Chagas e para COVID-19, foram momentos importantes de incentivo\u201d, conta.<\/span><\/p>\n<p><span style=\"font-weight: 400;\">No entanto, as conquistas foram permeadas pelos desafios da pesquisa no Brasil. A falta de remunera\u00e7\u00e3o adequada \u00e9 um dos principais fatores. \u201cAs bolsas sempre tiveram um valor aqu\u00e9m das necessidades.\u201d<\/span><\/p>\n<p><span style=\"font-weight: 400;\">As dificuldades n\u00e3o a pararam. Ela continua em busca de \u201ccontribuir para a resolu\u00e7\u00e3o de problemas de sa\u00fade p\u00fablica de brasileiros e demais pa\u00edses tropicais, que s\u00e3o acometidos por doen\u00e7as negligenciadas mundialmente\u201d.\u00a0<\/span><\/p>\n<p><span style=\"font-weight: 400;\">\u00c0s demais jovens cientistas brasileiras, Castro deixa um recado: \u201cSeja fiel \u00e0 sua ess\u00eancia e acredite em si mesma. Coragem e ousadia, sempre.\u201d<\/span><\/p>\n<\/div>\n<p><script type=\"rocketlazyloadscript\">\n\t\t\t\t(function(d, s, id){\n\t\t\t\t\tvar js, fjs = d.getElementsByTagName(s)[0];\n\t\t\t\t\tif (d.getElementById(id)) return;\n\t\t\t\t\tjs = d.createElement(s); js.id = id;\n\t\t\t\t\tjs.src = \"\/\/connect.facebook.net\/pt_BR\/sdk.js#xfbml=1&version=v2.9\";\n\t\t\t\t\tfjs.parentNode.insertBefore(js, fjs);\n\t\t\t\t}(document, 'script', 'facebook-jssdk'));\n\t\t\t<\/script><br \/>\n<br \/><br \/>\n<br \/><a href=\"https:\/\/forbes.com.br\/forbes-tech\/2024\/02\/4-jovens-brasileiras-que-estao-fazendo-historia-na-ciencia-e-tecnologia\/\">Source link <\/a><\/p>\n<!-- CONTENT END 1 -->\n","protected":false},"excerpt":{"rendered":"<p>Em 2021, Beatriz e Isabella foram escolhidas como cientistas cidad\u00e3s pela Nasa. De Ada Lovelace e Marie Curie \u00e0 Bertha Lutz e Jaqueline Goes, as&#8230;<\/p>\n","protected":false},"author":1,"featured_media":36646,"comment_status":"open","ping_status":"open","sticky":false,"template":"","format":"standard","meta":{"advanced_seo_description":"","jetpack_seo_html_title":"","jetpack_seo_noindex":false,"jetpack_post_was_ever_published":false,"_jetpack_newsletter_access":"","_jetpack_dont_email_post_to_subs":false,"_jetpack_newsletter_tier_id":0,"_jetpack_memberships_contains_paywalled_content":false,"_jetpack_memberships_contains_paid_content":false,"footnotes":"","jetpack_publicize_message":"","jetpack_publicize_feature_enabled":true,"jetpack_social_post_already_shared":true,"jetpack_social_options":{"image_generator_settings":{"template":"highway","default_image_id":0,"font":"","enabled":false},"version":2}},"categories":[1],"tags":[],"class_list":["post-36645","post","type-post","status-publish","format-standard","has-post-thumbnail","hentry","category-blog"],"jetpack_publicize_connections":[],"jetpack_featured_media_url":"https:\/\/i0.wp.com\/noticiasribeiraopreto.com.br\/wp-content\/uploads\/2024\/02\/Isabelle-e-Beatriz-1024x683.png?fit=1024%2C683&ssl=1","jetpack-related-posts":[{"id":66466,"url":"https:\/\/noticiasribeiraopreto.com.br\/index.php\/2025\/04\/01\/projeto-pronta-pra-ser-cientista-esta-com-inscricoes-abertas-em-ribeirao-preto-saiba-como-participar\/","url_meta":{"origin":36645,"position":0},"title":"Projeto \u2018Pronta pra ser Cientista\u2019 est\u00e1 com inscri\u00e7\u00f5es abertas em Ribeir\u00e3o Preto; Saiba como participar","author":"noticiasribeiraopreto.com.br","date":"1 de April de 2025","format":false,"excerpt":"O projeto \u201cPronta pra ser Cientista\u201d, da Faculdade de Filosofia, Ci\u00eancias e Letras de Ribeir\u00e3o Preto (FFCLRP) e da Faculdade de Ci\u00eancias Farmac\u00eauticas de Ribeir\u00e3o Preto (FCFRP), da USP (Universidade de S\u00e3o Paulo) conta com 30 vagas dispon\u00edveis. O intuito do projeto \u00e9 atrair estudantes para as carreiras das ci\u00eancias\u2026","rel":"","context":"In &quot;Not\u00edcias de Ribeir\u00e3o Preto-SP e Regi\u00e3o&quot;","block_context":{"text":"Not\u00edcias de Ribeir\u00e3o Preto-SP e Regi\u00e3o","link":"https:\/\/noticiasribeiraopreto.com.br\/index.php\/category\/noticias-de-ribeirao-preto-sp-e-regiao-ismael-colosi\/"},"img":{"alt_text":"","src":"https:\/\/i0.wp.com\/noticiasribeiraopreto.com.br\/wp-content\/uploads\/2025\/04\/CAPA-BONS-FLUIDOS-2_2025-04-01_15-36-40_jpg_2025-04-01_15-36-40.webp.webp?fit=1200%2C675&ssl=1&resize=350%2C200","width":350,"height":200,"srcset":"https:\/\/i0.wp.com\/noticiasribeiraopreto.com.br\/wp-content\/uploads\/2025\/04\/CAPA-BONS-FLUIDOS-2_2025-04-01_15-36-40_jpg_2025-04-01_15-36-40.webp.webp?fit=1200%2C675&ssl=1&resize=350%2C200 1x, https:\/\/i0.wp.com\/noticiasribeiraopreto.com.br\/wp-content\/uploads\/2025\/04\/CAPA-BONS-FLUIDOS-2_2025-04-01_15-36-40_jpg_2025-04-01_15-36-40.webp.webp?fit=1200%2C675&ssl=1&resize=525%2C300 1.5x, https:\/\/i0.wp.com\/noticiasribeiraopreto.com.br\/wp-content\/uploads\/2025\/04\/CAPA-BONS-FLUIDOS-2_2025-04-01_15-36-40_jpg_2025-04-01_15-36-40.webp.webp?fit=1200%2C675&ssl=1&resize=700%2C400 2x, https:\/\/i0.wp.com\/noticiasribeiraopreto.com.br\/wp-content\/uploads\/2025\/04\/CAPA-BONS-FLUIDOS-2_2025-04-01_15-36-40_jpg_2025-04-01_15-36-40.webp.webp?fit=1200%2C675&ssl=1&resize=1050%2C600 3x"},"classes":[]},{"id":51671,"url":"https:\/\/noticiasribeiraopreto.com.br\/index.php\/2024\/05\/29\/cientista-brasileira-da-aula-na-china-sobre-inicio-do-universo\/","url_meta":{"origin":36645,"position":1},"title":"Cientista brasileira d\u00e1 aula na China sobre in\u00edcio do universo","author":"noticiasribeiraopreto.com.br","date":"29 de May de 2024","format":false,"excerpt":"Mulheres formam apenas 11% da Academia Brasileira de Ci\u00eancia Acessibilidade L L A- A+ \u25d0 Larissa Santos come\u00e7ou sua jornada na ci\u00eancia durante a gradua\u00e7\u00e3o em F\u00edsica na Universidade de Bras\u00edlia (UnB). Mas o desejo de estudar o universo teve origem ainda na inf\u00e2ncia, quando lia revistas de divulga\u00e7\u00e3o cient\u00edfica\u2026","rel":"","context":"In &quot;Blog&quot;","block_context":{"text":"Blog","link":"https:\/\/noticiasribeiraopreto.com.br\/index.php\/category\/blog\/"},"img":{"alt_text":"","src":"https:\/\/i0.wp.com\/noticiasribeiraopreto.com.br\/wp-content\/uploads\/2024\/05\/Bariogene-1024x683.png?fit=1024%2C683&ssl=1&resize=350%2C200","width":350,"height":200,"srcset":"https:\/\/i0.wp.com\/noticiasribeiraopreto.com.br\/wp-content\/uploads\/2024\/05\/Bariogene-1024x683.png?fit=1024%2C683&ssl=1&resize=350%2C200 1x, https:\/\/i0.wp.com\/noticiasribeiraopreto.com.br\/wp-content\/uploads\/2024\/05\/Bariogene-1024x683.png?fit=1024%2C683&ssl=1&resize=525%2C300 1.5x, https:\/\/i0.wp.com\/noticiasribeiraopreto.com.br\/wp-content\/uploads\/2024\/05\/Bariogene-1024x683.png?fit=1024%2C683&ssl=1&resize=700%2C400 2x"},"classes":[]},{"id":84837,"url":"https:\/\/noticiasribeiraopreto.com.br\/index.php\/2026\/04\/16\/projeto-pronta-pra-ser-cientista-esta-com-as-inscricoes-abertas-em-ribeirao-preto\/","url_meta":{"origin":36645,"position":2},"title":"Projeto Pronta pra ser Cientista est\u00e1 com as inscri\u00e7\u00f5es abertas em Ribeir\u00e3o Preto","author":"noticiasribeiraopreto.com.br","date":"16 de April de 2026","format":false,"excerpt":"Ler o resumo da not\u00edcia \r Projeto Pronta pra ser Cientista abre inscri\u00e7\u00f5es em Ribeir\u00e3o Preto com 30 vagas para alunas do Ensino Fundamental II.\r Objetivo \u00e9 atrair estudantes para carreiras nas ci\u00eancias biol\u00f3gicas; aulas ocorrem aos s\u00e1bados de maio na USP.\r Vagas s\u00e3o divididas em tr\u00eas categorias: 10 para\u2026","rel":"","context":"In &quot;Not\u00edcias de Ribeir\u00e3o Preto-SP e Regi\u00e3o&quot;","block_context":{"text":"Not\u00edcias de Ribeir\u00e3o Preto-SP e Regi\u00e3o","link":"https:\/\/noticiasribeiraopreto.com.br\/index.php\/category\/noticias-de-ribeirao-preto-sp-e-regiao-ismael-colosi\/"},"img":{"alt_text":"","src":"https:\/\/i0.wp.com\/noticiasribeiraopreto.com.br\/wp-content\/uploads\/2026\/04\/cientista_2026-04-16_15-07-59.webp.webp?fit=904%2C708&ssl=1&resize=350%2C200","width":350,"height":200,"srcset":"https:\/\/i0.wp.com\/noticiasribeiraopreto.com.br\/wp-content\/uploads\/2026\/04\/cientista_2026-04-16_15-07-59.webp.webp?fit=904%2C708&ssl=1&resize=350%2C200 1x, https:\/\/i0.wp.com\/noticiasribeiraopreto.com.br\/wp-content\/uploads\/2026\/04\/cientista_2026-04-16_15-07-59.webp.webp?fit=904%2C708&ssl=1&resize=525%2C300 1.5x, https:\/\/i0.wp.com\/noticiasribeiraopreto.com.br\/wp-content\/uploads\/2026\/04\/cientista_2026-04-16_15-07-59.webp.webp?fit=904%2C708&ssl=1&resize=700%2C400 2x"},"classes":[]},{"id":34717,"url":"https:\/\/noticiasribeiraopreto.com.br\/index.php\/2024\/02\/03\/a-cientista-que-quer-recuperar-movimentos-de-acidentados-2\/","url_meta":{"origin":36645,"position":3},"title":"A cientista que quer recuperar movimentos de acidentados","author":"noticiasribeiraopreto.com.br","date":"3 de February de 2024","format":false,"excerpt":"Duda Franklin, cientista e fundadora da Orby, teve sua empresa investida pelo fundo do Google para empreendedores negros No segundo ano do curso de neuroci\u00eancias na Universidade Federal do Rio Grande do Norte (UFRN), Duda Franklin, que faz parte da lista Forbes Under 30 2023, foi chamada \u00e0 sala da\u2026","rel":"","context":"In &quot;Blog&quot;","block_context":{"text":"Blog","link":"https:\/\/noticiasribeiraopreto.com.br\/index.php\/category\/blog\/"},"img":{"alt_text":"","src":"https:\/\/i0.wp.com\/noticiasribeiraopreto.com.br\/wp-content\/uploads\/2024\/02\/1706952640_mulher-duda-franklin-under30-1024x683.jpg?fit=1024%2C683&ssl=1&resize=350%2C200","width":350,"height":200,"srcset":"https:\/\/i0.wp.com\/noticiasribeiraopreto.com.br\/wp-content\/uploads\/2024\/02\/1706952640_mulher-duda-franklin-under30-1024x683.jpg?fit=1024%2C683&ssl=1&resize=350%2C200 1x, https:\/\/i0.wp.com\/noticiasribeiraopreto.com.br\/wp-content\/uploads\/2024\/02\/1706952640_mulher-duda-franklin-under30-1024x683.jpg?fit=1024%2C683&ssl=1&resize=525%2C300 1.5x, https:\/\/i0.wp.com\/noticiasribeiraopreto.com.br\/wp-content\/uploads\/2024\/02\/1706952640_mulher-duda-franklin-under30-1024x683.jpg?fit=1024%2C683&ssl=1&resize=700%2C400 2x"},"classes":[]},{"id":34464,"url":"https:\/\/noticiasribeiraopreto.com.br\/index.php\/2024\/02\/02\/a-cientista-que-quer-recuperar-movimentos-de-acidentados\/","url_meta":{"origin":36645,"position":4},"title":"A cientista que quer recuperar movimentos de acidentados","author":"noticiasribeiraopreto.com.br","date":"2 de February de 2024","format":false,"excerpt":"Duda Franklin, cientista e fundadora da Orby, teve sua empresa investida pelo fundo do Google para empreendedores negros No segundo ano do curso de neuroci\u00eancias na Universidade Federal do Rio Grande do Norte (UFRN), Duda Franklin, que faz parte da lista Forbes Under 30 2023, foi chamada \u00e0 sala da\u2026","rel":"","context":"In &quot;Blog&quot;","block_context":{"text":"Blog","link":"https:\/\/noticiasribeiraopreto.com.br\/index.php\/category\/blog\/"},"img":{"alt_text":"","src":"https:\/\/i0.wp.com\/noticiasribeiraopreto.com.br\/wp-content\/uploads\/2024\/02\/mulher-duda-franklin-under30-1024x683.jpg?fit=1024%2C683&ssl=1&resize=350%2C200","width":350,"height":200,"srcset":"https:\/\/i0.wp.com\/noticiasribeiraopreto.com.br\/wp-content\/uploads\/2024\/02\/mulher-duda-franklin-under30-1024x683.jpg?fit=1024%2C683&ssl=1&resize=350%2C200 1x, https:\/\/i0.wp.com\/noticiasribeiraopreto.com.br\/wp-content\/uploads\/2024\/02\/mulher-duda-franklin-under30-1024x683.jpg?fit=1024%2C683&ssl=1&resize=525%2C300 1.5x, https:\/\/i0.wp.com\/noticiasribeiraopreto.com.br\/wp-content\/uploads\/2024\/02\/mulher-duda-franklin-under30-1024x683.jpg?fit=1024%2C683&ssl=1&resize=700%2C400 2x"},"classes":[]},{"id":61223,"url":"https:\/\/noticiasribeiraopreto.com.br\/index.php\/2024\/12\/06\/professor-da-usp-ribeirao-e-eleito-membro-da-academia-brasileira-de-ciencia\/","url_meta":{"origin":36645,"position":5},"title":"Professor da USP Ribeir\u00e3o \u00e9 eleito membro da Academia Brasileira de Ci\u00eancia","author":"noticiasribeiraopreto.com.br","date":"6 de December de 2024","format":false,"excerpt":"O professor Fausto Almeida, da Faculdade de Medicina de Ribeir\u00e3o Preto (FMRP) da USP (Universidade de S\u00e3o Paulo), foi eleito Membro Afiliado da Academia Brasileira de Ci\u00eancias (ABC) para a \u00e1rea de Ci\u00eancias Biom\u00e9dicas. A categoria reconhece pesquisadores promissores de at\u00e9 40 anos, para mandatos de cinco anos. De acordo\u2026","rel":"","context":"In &quot;Not\u00edcias de Ribeir\u00e3o Preto-SP e Regi\u00e3o&quot;","block_context":{"text":"Not\u00edcias de Ribeir\u00e3o Preto-SP e Regi\u00e3o","link":"https:\/\/noticiasribeiraopreto.com.br\/index.php\/category\/noticias-de-ribeirao-preto-sp-e-regiao-ismael-colosi\/"},"img":{"alt_text":"","src":"https:\/\/i0.wp.com\/noticiasribeiraopreto.com.br\/wp-content\/uploads\/2024\/12\/Copia-de-Copia-de-Copia-de-TAMANHO-EXATO-PARA-FOTOS-NO-SISTEMA-NOVO-2024-12-06T123114.185_2024-12-06_15-31-40_png_2024-12-06_15-31-40.webp.webp?fit=1200%2C675&ssl=1&resize=350%2C200","width":350,"height":200,"srcset":"https:\/\/i0.wp.com\/noticiasribeiraopreto.com.br\/wp-content\/uploads\/2024\/12\/Copia-de-Copia-de-Copia-de-TAMANHO-EXATO-PARA-FOTOS-NO-SISTEMA-NOVO-2024-12-06T123114.185_2024-12-06_15-31-40_png_2024-12-06_15-31-40.webp.webp?fit=1200%2C675&ssl=1&resize=350%2C200 1x, https:\/\/i0.wp.com\/noticiasribeiraopreto.com.br\/wp-content\/uploads\/2024\/12\/Copia-de-Copia-de-Copia-de-TAMANHO-EXATO-PARA-FOTOS-NO-SISTEMA-NOVO-2024-12-06T123114.185_2024-12-06_15-31-40_png_2024-12-06_15-31-40.webp.webp?fit=1200%2C675&ssl=1&resize=525%2C300 1.5x, https:\/\/i0.wp.com\/noticiasribeiraopreto.com.br\/wp-content\/uploads\/2024\/12\/Copia-de-Copia-de-Copia-de-TAMANHO-EXATO-PARA-FOTOS-NO-SISTEMA-NOVO-2024-12-06T123114.185_2024-12-06_15-31-40_png_2024-12-06_15-31-40.webp.webp?fit=1200%2C675&ssl=1&resize=700%2C400 2x, https:\/\/i0.wp.com\/noticiasribeiraopreto.com.br\/wp-content\/uploads\/2024\/12\/Copia-de-Copia-de-Copia-de-TAMANHO-EXATO-PARA-FOTOS-NO-SISTEMA-NOVO-2024-12-06T123114.185_2024-12-06_15-31-40_png_2024-12-06_15-31-40.webp.webp?fit=1200%2C675&ssl=1&resize=1050%2C600 3x"},"classes":[]}],"jetpack_sharing_enabled":true,"jetpack_shortlink":"https:\/\/wp.me\/peQAOb-9x3","_links":{"self":[{"href":"https:\/\/noticiasribeiraopreto.com.br\/index.php\/wp-json\/wp\/v2\/posts\/36645","targetHints":{"allow":["GET"]}}],"collection":[{"href":"https:\/\/noticiasribeiraopreto.com.br\/index.php\/wp-json\/wp\/v2\/posts"}],"about":[{"href":"https:\/\/noticiasribeiraopreto.com.br\/index.php\/wp-json\/wp\/v2\/types\/post"}],"author":[{"embeddable":true,"href":"https:\/\/noticiasribeiraopreto.com.br\/index.php\/wp-json\/wp\/v2\/users\/1"}],"replies":[{"embeddable":true,"href":"https:\/\/noticiasribeiraopreto.com.br\/index.php\/wp-json\/wp\/v2\/comments?post=36645"}],"version-history":[{"count":0,"href":"https:\/\/noticiasribeiraopreto.com.br\/index.php\/wp-json\/wp\/v2\/posts\/36645\/revisions"}],"wp:featuredmedia":[{"embeddable":true,"href":"https:\/\/noticiasribeiraopreto.com.br\/index.php\/wp-json\/wp\/v2\/media\/36646"}],"wp:attachment":[{"href":"https:\/\/noticiasribeiraopreto.com.br\/index.php\/wp-json\/wp\/v2\/media?parent=36645"}],"wp:term":[{"taxonomy":"category","embeddable":true,"href":"https:\/\/noticiasribeiraopreto.com.br\/index.php\/wp-json\/wp\/v2\/categories?post=36645"},{"taxonomy":"post_tag","embeddable":true,"href":"https:\/\/noticiasribeiraopreto.com.br\/index.php\/wp-json\/wp\/v2\/tags?post=36645"}],"curies":[{"name":"wp","href":"https:\/\/api.w.org\/{rel}","templated":true}]}}