{"id":36720,"date":"2024-02-11T17:41:02","date_gmt":"2024-02-11T20:41:02","guid":{"rendered":"https:\/\/noticiasribeiraopreto.com.br\/index.php\/2024\/02\/11\/carnaval-em-ribeirao-preto-veja-a-programacao-para-aproveitar-a-segunda-feira\/"},"modified":"2024-02-11T17:41:02","modified_gmt":"2024-02-11T20:41:02","slug":"carnaval-em-ribeirao-preto-veja-a-programacao-para-aproveitar-a-segunda-feira","status":"publish","type":"post","link":"https:\/\/noticiasribeiraopreto.com.br\/index.php\/2024\/02\/11\/carnaval-em-ribeirao-preto-veja-a-programacao-para-aproveitar-a-segunda-feira\/","title":{"rendered":"Carnaval em Ribeir\u00e3o Preto: Veja a programa\u00e7\u00e3o para aproveitar a segunda-feira"},"content":{"rendered":"<div class='code-block code-block-1' style='margin: 8px 0 8px auto; text-align: right; display: block; clear: both;'>\n<p><a href=\"https:\/\/wa.link\/vpicfd\"><img data-recalc-dims=\"1\" class=\"wp-image-4922\" style=\"aspect-ratio: 2.0253164556962027; width: 561px; height: auto;\" src=\"https:\/\/i0.wp.com\/ismaelcolosi.com.br\/wp-content\/uploads\/2023\/11\/grupo-de-empregos-whatsapp-e-facebook-ismael-colosi-vagas.jpg?ssl=1\" alt=\"\" \/><\/a><\/p>\n<!-- \/wp:image -->\n<\/div>\n<p> <br \/>\n<\/p>\n<div>\n<p><strong>O Carnaval de Ribeir\u00e3o Preto segue com diversas op\u00e7\u00f5es para serem aproveitadas nesta segunda-feira (12). Tem bloco de rua, roda de samba, matin\u00ea com ax\u00e9 e marchinhas e programa\u00e7\u00e3o nos shoppings da cidade. Confira:<\/strong><\/p>\n<h4 class=\"wp-block-heading\"><strong>Blocos em Ribeir\u00e3o Preto<\/strong><\/h4>\n<p>Com mais de 20 blocos de Carnaval, Ribeir\u00e3o Preto segue com a folia at\u00e9 dia 17 de fevereiro. <mark style=\"background-color:#fcb900\" class=\"has-inline-color has-black-color\">As atra\u00e7\u00f5es para esta segunda-feira (12) s\u00e3o:<\/mark><\/p>\n<ul>\n<li><strong>Um Amor em Cada Bloco no Guadalupe<\/strong> \u2013 rua Visconde do Rio Branco, 710. Das 15h \u00e0s 21h.<\/li>\n<\/ul>\n<ul>\n<li><strong>Roda de Samba com Magn\u00f3lia<\/strong> \u2013 pra\u00e7a do Canh\u00e3o \u2013 rua Piracicaba, 186. Das 18h \u00e0s 22h.<\/li>\n<\/ul>\n<h4 class=\"wp-block-heading\"><strong>Clube de Regatas<\/strong><\/h4>\n<p>O <strong>Carnaval Regatas 2024<\/strong>, conta com a atra\u00e7\u00e3o de <strong>Eli Teixeira e Banda<\/strong>, nesta segunda-feira (12).<\/p>\n<p>Os associados n\u00e3o pagam. J\u00e1 para quem n\u00e3o \u00e9 s\u00f3cio, \u00e9 preciso ser apresentado por um s\u00f3cio e o valor do convite \u00e9 de R$ 100. Crian\u00e7as de 4 a 12 anos pagam meia-entrada.<\/p>\n<p>O Clube de Regatas fica na via Jos\u00e9 Mor\u00e3es dos Santos, 2.800 \u2013 Jardim Salgado Filho. O telefone de contato \u00e9 o (16) 3512-3900.<\/p>\n<p><strong>Segunda-feira (12)<\/strong><\/p>\n<p>O clube estar\u00e1 aberto das 7h30 \u00e0s 18h<\/p>\n<p>12h30 \u00e0s 16h30 \u2013 Eli Teixeira e Banda<\/p>\n<h4 class=\"wp-block-heading\"><strong>Ipanema Clube<\/strong><\/h4>\n<p>O<strong> Ipanema Folia 2024<\/strong> recebe a matin\u00ea com shows de<strong> Ax\u00e9 Bahia<\/strong> e <strong>Sidney Folia <\/strong>nesta segunda-feira (12). Os s\u00f3cios n\u00e3o pagam, j\u00e1 para os n\u00e3o-s\u00f3cios est\u00e1 sendo vendido o passaporte para os cinco dias de festa na secretaria do clube. O valor \u00e9 R$ 100 e crian\u00e7as at\u00e9 cinco anos n\u00e3o pagam.<\/p>\n<p>O Ipanema Clube fica na rua Fl\u00e1vio Uch\u00f4a, 10, no bairro Campos El\u00edseos. O telefone de contato \u00e9 o (16) 3626-7000.<\/p>\n<p>12h \u2013 Matin\u00ea com shows com Ax\u00e9 Bahia e Sidney Folia<\/p>\n<h4 class=\"wp-block-heading\"><strong>Oficinas para personalizar m\u00e1scaras de Carnaval e pinturas faciais de personagens no Shopping Iguatemi<\/strong><\/h4>\n<p>Al\u00e9m das oficinas, as crian\u00e7as podem participar da<mark style=\"background-color:#fcb900\" class=\"has-inline-color has-black-color\"> matin\u00ea de Carnaval do<strong> Shopping Iguatemi<\/strong> com a banda<strong> Tangerina<\/strong>.<\/mark><\/p>\n<p>As vagas s\u00e3o limitadas e crian\u00e7as de 0 a 2 anos n\u00e3o pagam.<\/p>\n<p>O evento tamb\u00e9m conta com barraquinhas de lanches e bebidas com consumo pago a parte.<\/p>\n<p>Quando: 10 a 13 de fevereiro<\/p>\n<p>Hor\u00e1rio: Das 15h \u00e0s 20h<\/p>\n<p>Onde: Shopping Iguatemi \u2013 Open Mall, Piso Superior<\/p>\n<p>Endere\u00e7o: Avenida Luiz Eduardo Toledo Prado, 900 \u2013 Vila do Golfe<\/p>\n<p>Ingressos: R$ 39,20 \u2013 podem ser adquiridos pelo site (<a href=\"https:\/\/bilheteka.com.br\/comprar\/536\/bloquinho-tangerina\" target=\"_blank\" rel=\"noreferrer noopener nofollow\">clique aqui<\/a>).<\/p>\n<h4 class=\"wp-block-heading\"><strong>21\u00aa Carnashopping no Novo Shoppping<\/strong><\/h4>\n<p>A tradicional matin\u00ea para crian\u00e7as no<strong> Novo Shopping <\/strong>segue em atividade at\u00e9 o dia 13 de fevereiro, das 16h \u00e0s 19h. A entrada \u00e9 gratuita para todas as crian\u00e7as de at\u00e9 10 anos.<\/p>\n<p>Para animar a folia haver\u00e1 um DJ e pintura facial. As primeiras crian\u00e7as que chegarem ganhar\u00e3o confetes.<\/p>\n<p>A utiliza\u00e7\u00e3o de sprays de espumas \u00e9 proibida.<\/p>\n<p>Quando: 10 a 13 de fevereiro<\/p>\n<p>Hor\u00e1rio: 16h \u00e0s 19h (todos os dias)<\/p>\n<p>Onde: Pra\u00e7a de Eventos do Novo Shopping<\/p>\n<p>Endere\u00e7o: Avenida Presidente Kennedy, 1.500 \u2013 Ribeir\u00e2nia<\/p>\n<p>Quem pode participar: crian\u00e7as de at\u00e9 10 anos<\/p>\n<p>Entrada: Gratuita<\/p>\n<h4 class=\"wp-block-heading\"><strong>Bailinho de Carnaval no Santa<\/strong><\/h4>\n<p>A programa\u00e7\u00e3o especial de<strong> Carnaval no Shopping Santa \u00darsula<\/strong> segue at\u00e9 esta segunda-feira (12), com o <strong>Bailinho de Carnaval do Santa<\/strong>. Com uma hora de dura\u00e7\u00e3o, a dupla Canto Kids vai agitar os foli\u00f5es mirins a partir das 16h, na Pra\u00e7a de Alimenta\u00e7\u00e3o (Piso 3).<\/p>\n<p>Al\u00e9m do evento musical, as crian\u00e7as ter\u00e3o os servi\u00e7os de cabelo e maquiagem no Camarim Kids, das 14h \u00e0s 16h, na Sala Clara Cauchick (Piso 2).<\/p>\n<p><mark style=\"background-color:#fcb900\" class=\"has-inline-color has-black-color\">Todas as atividades s\u00e3o gratuitas<\/mark>, mas \u00e9 necess\u00e1rio se inscrever por meio do aplicativo do centro de comprar.<\/p>\n<p>Quando: 10 a 12 de fevereiro<\/p>\n<p>Hor\u00e1rio: 14h \u00e0s 17h<\/p>\n<p>Onde: Piso 2 e 3 no Shopping Santa \u00darsula<\/p>\n<p>Endere\u00e7o: Rua S\u00e3o Jos\u00e9, 933 \u2013 Centro<\/p>\n<p>Entrada: Gratuita, por\u00e9m \u00e9 necess\u00e1rio se inscrever pelo aplicativo do centro de compras<\/p>\n<p>SAIBA MAIS<br \/>Carnaval: Veja as fotos do desfile das escolas de samba em Batatais<\/p>\n<h4 class=\"wp-block-heading\"><strong>FIQUE ON<\/strong><\/h4>\n<p>Fique ligado em tudo que acontece em Ribeir\u00e3o Preto e regi\u00e3o. Siga os perfis do<strong> acidade on <\/strong>no <a href=\"https:\/\/www.instagram.com\/acidadeonribeirao\" target=\"_blank\" rel=\"noreferrer noopener nofollow\">Instagram<\/a> e no <a href=\"https:\/\/www.facebook.com\/acidadeonribeirao\" target=\"_blank\" rel=\"noreferrer noopener nofollow\">Facebook<\/a>.<\/p>\n<p>Receba not\u00edcias do <strong>acidade on <\/strong>no WhatsApp.<a href=\"https:\/\/chat.whatsapp.com\/Bnv2w66ZT4VDyZW3oiZ69n\" target=\"_blank\" rel=\"noreferrer noopener nofollow\"> Para entrar no grupo, basta clicar aqui.<\/a><\/p>\n<p>Fa\u00e7a uma den\u00fancia ou sugira uma reportagem sobre Ribeir\u00e3o Preto e regi\u00e3o pelo WhatsApp: 16 99117 7802.<\/p>\n<p>VEJA TAMB\u00c9M<br \/>Davi vai desistir do BBB 24?<\/p>\n<p><!-- AI CONTENT END 1 -->\n<\/div>\n<p><script async src=\"\/\/www.instagram.com\/embed.js\"><\/script><br \/>\n<br \/><br \/>\n<br \/><a href=\"https:\/\/www.acidadeon.com\/ribeiraopreto\/lazer-e-cultura\/carnaval-em-ribeirao-preto-veja-a-programacao-para-aproveitar-a-segunda-feira\/\">Source link <\/a><\/p>\n<!-- CONTENT END 1 -->\n","protected":false},"excerpt":{"rendered":"<p>O Carnaval de Ribeir\u00e3o Preto segue com diversas op\u00e7\u00f5es para serem aproveitadas nesta segunda-feira (12). Tem bloco de rua, roda de samba, matin\u00ea com ax\u00e9&#8230;<\/p>\n","protected":false},"author":1,"featured_media":36721,"comment_status":"open","ping_status":"open","sticky":false,"template":"","format":"standard","meta":{"advanced_seo_description":"","jetpack_seo_html_title":"","jetpack_seo_noindex":false,"jetpack_post_was_ever_published":false,"_jetpack_newsletter_access":"","_jetpack_dont_email_post_to_subs":false,"_jetpack_newsletter_tier_id":0,"_jetpack_memberships_contains_paywalled_content":false,"_jetpack_memberships_contains_paid_content":false,"footnotes":"","jetpack_publicize_message":"","jetpack_publicize_feature_enabled":true,"jetpack_social_post_already_shared":true,"jetpack_social_options":{"image_generator_settings":{"template":"highway","default_image_id":0,"font":"","enabled":false},"version":2}},"categories":[11],"tags":[],"class_list":["post-36720","post","type-post","status-publish","format-standard","has-post-thumbnail","hentry","category-noticias-de-ribeirao-preto-sp-e-regiao-ismael-colosi"],"jetpack_publicize_connections":[],"jetpack_featured_media_url":"https:\/\/i0.wp.com\/noticiasribeiraopreto.com.br\/wp-content\/uploads\/2024\/02\/pessoa-feliz-no-carnaval.jpg?fit=2000%2C1333&ssl=1","jetpack-related-posts":[{"id":82475,"url":"https:\/\/noticiasribeiraopreto.com.br\/index.php\/2026\/02\/16\/segunda-de-carnaval-tem-carna-praca-e-samba-rock-em-ribeirao-preto-veja-programacao-completa\/","url_meta":{"origin":36720,"position":0},"title":"Segunda de Carnaval tem Carna Pra\u00e7a e Samba Rock em Ribeir\u00e3o Preto; Veja programa\u00e7\u00e3o completa","author":"noticiasribeiraopreto.com.br","date":"16 de February de 2026","format":false,"excerpt":"O per\u00edodo oficial de Carnaval entra na reta final em Ribeir\u00e3o Preto com uma programa\u00e7\u00e3o que promete manter a folia em alta nesta segunda-feira (15). Entre os destaques do dia est\u00e3o o Carna Pra\u00e7a, o Samba Rock Ribeir\u00e3o Preto e o Carnaval Coisa Boa, garantindo muita m\u00fasica, anima\u00e7\u00e3o e aquele\u2026","rel":"","context":"In &quot;Not\u00edcias de Ribeir\u00e3o Preto-SP e Regi\u00e3o&quot;","block_context":{"text":"Not\u00edcias de Ribeir\u00e3o Preto-SP e Regi\u00e3o","link":"https:\/\/noticiasribeiraopreto.com.br\/index.php\/category\/noticias-de-ribeirao-preto-sp-e-regiao-ismael-colosi\/"},"img":{"alt_text":"","src":"https:\/\/i0.wp.com\/noticiasribeiraopreto.com.br\/wp-content\/uploads\/2026\/01\/domingo-93_2026-01-14_20-48-59.webp.webp?fit=1200%2C675&ssl=1&resize=350%2C200","width":350,"height":200,"srcset":"https:\/\/i0.wp.com\/noticiasribeiraopreto.com.br\/wp-content\/uploads\/2026\/01\/domingo-93_2026-01-14_20-48-59.webp.webp?fit=1200%2C675&ssl=1&resize=350%2C200 1x, https:\/\/i0.wp.com\/noticiasribeiraopreto.com.br\/wp-content\/uploads\/2026\/01\/domingo-93_2026-01-14_20-48-59.webp.webp?fit=1200%2C675&ssl=1&resize=525%2C300 1.5x, https:\/\/i0.wp.com\/noticiasribeiraopreto.com.br\/wp-content\/uploads\/2026\/01\/domingo-93_2026-01-14_20-48-59.webp.webp?fit=1200%2C675&ssl=1&resize=700%2C400 2x, https:\/\/i0.wp.com\/noticiasribeiraopreto.com.br\/wp-content\/uploads\/2026\/01\/domingo-93_2026-01-14_20-48-59.webp.webp?fit=1200%2C675&ssl=1&resize=1050%2C600 3x"},"classes":[]},{"id":64145,"url":"https:\/\/noticiasribeiraopreto.com.br\/index.php\/2025\/03\/03\/confira-as-atracoes-de-carnaval-nesta-segunda-feira-em-ribeirao-preto\/","url_meta":{"origin":36720,"position":1},"title":"Confira as atra\u00e7\u00f5es de Carnaval nesta segunda-feira em Ribeir\u00e3o Preto","author":"noticiasribeiraopreto.com.br","date":"3 de March de 2025","format":false,"excerpt":"Ribeir\u00e3o Preto segue com a programa\u00e7\u00e3o de Carnaval nesta segunda-feira (3). As atividades incluem bloquinhos de rua e cortejo para as crian\u00e7as. Confira: SESC Cortejo dos Pequenos Sintonizados\u00a0 Bloco Sintonize\u00a0Hor\u00e1rio: 10h30 \u2013 12h\u00a0Local: Sa\u00edda da Avenida Nove de Julho 299 (Sesc 9 de Julho)Entrada gratuita CarnaRock das Tribos Bloco de\u2026","rel":"","context":"In &quot;Not\u00edcias de Ribeir\u00e3o Preto-SP e Regi\u00e3o&quot;","block_context":{"text":"Not\u00edcias de Ribeir\u00e3o Preto-SP e Regi\u00e3o","link":"https:\/\/noticiasribeiraopreto.com.br\/index.php\/category\/noticias-de-ribeirao-preto-sp-e-regiao-ismael-colosi\/"},"img":{"alt_text":"","src":"https:\/\/i0.wp.com\/noticiasribeiraopreto.com.br\/wp-content\/uploads\/2025\/03\/bloco-de-carnaval_2025-03-03_13-40-12_jpeg_2025-03-03_13-40-13.webp.webp?fit=1200%2C799&ssl=1&resize=350%2C200","width":350,"height":200,"srcset":"https:\/\/i0.wp.com\/noticiasribeiraopreto.com.br\/wp-content\/uploads\/2025\/03\/bloco-de-carnaval_2025-03-03_13-40-12_jpeg_2025-03-03_13-40-13.webp.webp?fit=1200%2C799&ssl=1&resize=350%2C200 1x, https:\/\/i0.wp.com\/noticiasribeiraopreto.com.br\/wp-content\/uploads\/2025\/03\/bloco-de-carnaval_2025-03-03_13-40-12_jpeg_2025-03-03_13-40-13.webp.webp?fit=1200%2C799&ssl=1&resize=525%2C300 1.5x, https:\/\/i0.wp.com\/noticiasribeiraopreto.com.br\/wp-content\/uploads\/2025\/03\/bloco-de-carnaval_2025-03-03_13-40-12_jpeg_2025-03-03_13-40-13.webp.webp?fit=1200%2C799&ssl=1&resize=700%2C400 2x, https:\/\/i0.wp.com\/noticiasribeiraopreto.com.br\/wp-content\/uploads\/2025\/03\/bloco-de-carnaval_2025-03-03_13-40-12_jpeg_2025-03-03_13-40-13.webp.webp?fit=1200%2C799&ssl=1&resize=1050%2C600 3x"},"classes":[]},{"id":82498,"url":"https:\/\/noticiasribeiraopreto.com.br\/index.php\/2026\/02\/16\/confira-a-programacao-dos-blocos-pelas-ruas-de-ribeirao-nesta-segunda\/","url_meta":{"origin":36720,"position":2},"title":"Confira a programa\u00e7\u00e3o dos blocos pelas ruas de Ribeir\u00e3o nesta segunda","author":"noticiasribeiraopreto.com.br","date":"16 de February de 2026","format":false,"excerpt":"\r \r \r 16 de fevereiro de 2026 12:27 \r Compartilhar0 Igor Ramos A segunda-feira ser\u00e1 repleta de atra\u00e7\u00f5es carnavalescas pelas ruas e avenidas de ribeir\u00e3o. A folia que come\u00e7ou com tudo na sexta-feira no Teatro de Arena e\u00a0 foi at\u00e9 domingo, n\u00e3o para neste in\u00edcio de semana. sem chuva,\u2026","rel":"","context":"In &quot;Not\u00edcias de Ribeir\u00e3o Preto-SP e Regi\u00e3o&quot;","block_context":{"text":"Not\u00edcias de Ribeir\u00e3o Preto-SP e Regi\u00e3o","link":"https:\/\/noticiasribeiraopreto.com.br\/index.php\/category\/noticias-de-ribeirao-preto-sp-e-regiao-ismael-colosi\/"},"img":{"alt_text":"","src":"https:\/\/i0.wp.com\/noticiasribeiraopreto.com.br\/wp-content\/uploads\/2026\/02\/folia.1.jpg?fit=1024%2C576&ssl=1&resize=350%2C200","width":350,"height":200,"srcset":"https:\/\/i0.wp.com\/noticiasribeiraopreto.com.br\/wp-content\/uploads\/2026\/02\/folia.1.jpg?fit=1024%2C576&ssl=1&resize=350%2C200 1x, https:\/\/i0.wp.com\/noticiasribeiraopreto.com.br\/wp-content\/uploads\/2026\/02\/folia.1.jpg?fit=1024%2C576&ssl=1&resize=525%2C300 1.5x, https:\/\/i0.wp.com\/noticiasribeiraopreto.com.br\/wp-content\/uploads\/2026\/02\/folia.1.jpg?fit=1024%2C576&ssl=1&resize=700%2C400 2x"},"classes":[]},{"id":36876,"url":"https:\/\/noticiasribeiraopreto.com.br\/index.php\/2024\/02\/12\/veja-a-programacao-do-ultimo-dia-do-carnaval-2024-em-ribeirao-preto\/","url_meta":{"origin":36720,"position":3},"title":"Veja a programa\u00e7\u00e3o do \u00faltimo dia do Carnaval 2024 em Ribeir\u00e3o Preto","author":"noticiasribeiraopreto.com.br","date":"12 de February de 2024","format":false,"excerpt":"Ribeir\u00e3o Preto oferece diversas op\u00e7\u00f5es para os foli\u00f5es de todas as idades nesta ter\u00e7a-feira (13) de Carnaval. \u00a0A programa\u00e7\u00e3o da cidade conta com blocos de ruas, apresenta\u00e7\u00f5es e matin\u00eas. Confira: Clube Regatas O clube conta com seu \u00faltimo dia de programa\u00e7\u00e3o especial de Carnaval na ter\u00e7a-feira (13). S\u00f3cios n\u00e3o pagam\u2026","rel":"","context":"In &quot;Not\u00edcias de Ribeir\u00e3o Preto-SP e Regi\u00e3o&quot;","block_context":{"text":"Not\u00edcias de Ribeir\u00e3o Preto-SP e Regi\u00e3o","link":"https:\/\/noticiasribeiraopreto.com.br\/index.php\/category\/noticias-de-ribeirao-preto-sp-e-regiao-ismael-colosi\/"},"img":{"alt_text":"","src":"https:\/\/i0.wp.com\/noticiasribeiraopreto.com.br\/wp-content\/uploads\/2024\/02\/carnaval-1.jpg?fit=1200%2C832&ssl=1&resize=350%2C200","width":350,"height":200,"srcset":"https:\/\/i0.wp.com\/noticiasribeiraopreto.com.br\/wp-content\/uploads\/2024\/02\/carnaval-1.jpg?fit=1200%2C832&ssl=1&resize=350%2C200 1x, https:\/\/i0.wp.com\/noticiasribeiraopreto.com.br\/wp-content\/uploads\/2024\/02\/carnaval-1.jpg?fit=1200%2C832&ssl=1&resize=525%2C300 1.5x, https:\/\/i0.wp.com\/noticiasribeiraopreto.com.br\/wp-content\/uploads\/2024\/02\/carnaval-1.jpg?fit=1200%2C832&ssl=1&resize=700%2C400 2x, https:\/\/i0.wp.com\/noticiasribeiraopreto.com.br\/wp-content\/uploads\/2024\/02\/carnaval-1.jpg?fit=1200%2C832&ssl=1&resize=1050%2C600 3x"},"classes":[]},{"id":63355,"url":"https:\/\/noticiasribeiraopreto.com.br\/index.php\/2025\/02\/11\/veja-a-programacao-completa-do-carnaval-2025-em-ribeirao-preto\/","url_meta":{"origin":36720,"position":4},"title":"Veja a programa\u00e7\u00e3o completa do Carnaval 2025 em Ribeir\u00e3o Preto","author":"noticiasribeiraopreto.com.br","date":"11 de February de 2025","format":false,"excerpt":"A Secretaria Municipal de Cultura e Turismo anunciou nesta ter\u00e7a-feira (11) a programa\u00e7\u00e3o completa do Carnaval 2025 em Ribeir\u00e3o Preto. As atividades t\u00eam in\u00edcio nesta quinta-feira (13) e seguem at\u00e9 o dia 4 de mar\u00e7o. A programa\u00e7\u00e3o, que promete ser a maior da hist\u00f3ria da cidade, contar\u00e1 com 60 atra\u00e7\u00f5es\u2026","rel":"","context":"In &quot;Not\u00edcias de Ribeir\u00e3o Preto-SP e Regi\u00e3o&quot;","block_context":{"text":"Not\u00edcias de Ribeir\u00e3o Preto-SP e Regi\u00e3o","link":"https:\/\/noticiasribeiraopreto.com.br\/index.php\/category\/noticias-de-ribeirao-preto-sp-e-regiao-ismael-colosi\/"},"img":{"alt_text":"","src":"https:\/\/i0.wp.com\/noticiasribeiraopreto.com.br\/wp-content\/uploads\/2025\/02\/pessoa-feliz-no-carnaval.jpg?fit=1200%2C800&ssl=1&resize=350%2C200","width":350,"height":200,"srcset":"https:\/\/i0.wp.com\/noticiasribeiraopreto.com.br\/wp-content\/uploads\/2025\/02\/pessoa-feliz-no-carnaval.jpg?fit=1200%2C800&ssl=1&resize=350%2C200 1x, https:\/\/i0.wp.com\/noticiasribeiraopreto.com.br\/wp-content\/uploads\/2025\/02\/pessoa-feliz-no-carnaval.jpg?fit=1200%2C800&ssl=1&resize=525%2C300 1.5x, https:\/\/i0.wp.com\/noticiasribeiraopreto.com.br\/wp-content\/uploads\/2025\/02\/pessoa-feliz-no-carnaval.jpg?fit=1200%2C800&ssl=1&resize=700%2C400 2x, https:\/\/i0.wp.com\/noticiasribeiraopreto.com.br\/wp-content\/uploads\/2025\/02\/pessoa-feliz-no-carnaval.jpg?fit=1200%2C800&ssl=1&resize=1050%2C600 3x"},"classes":[]},{"id":82178,"url":"https:\/\/noticiasribeiraopreto.com.br\/index.php\/2026\/02\/06\/carnaval-2026-ribeirao-preto-divulga-programacao-oficial\/","url_meta":{"origin":36720,"position":5},"title":"Carnaval 2026: Ribeir\u00e3o Preto divulga programa\u00e7\u00e3o oficial","author":"noticiasribeiraopreto.com.br","date":"6 de February de 2026","format":false,"excerpt":"A Prefeitura de Ribeir\u00e3o Preto divulgou a programa\u00e7\u00e3o oficial do Carnaval Ribeir\u00e3o 2026. Entre os dias 12 e 20 de fevereiro, est\u00e3o previstos mais de 50 eventos gratuitos, que ser\u00e3o realizados em ruas, pra\u00e7as, centros culturais e outros espa\u00e7os do munic\u00edpio. A abertura oficial da programa\u00e7\u00e3o ser\u00e1 com o show\u2026","rel":"","context":"In &quot;Not\u00edcias de Ribeir\u00e3o Preto-SP e Regi\u00e3o&quot;","block_context":{"text":"Not\u00edcias de Ribeir\u00e3o Preto-SP e Regi\u00e3o","link":"https:\/\/noticiasribeiraopreto.com.br\/index.php\/category\/noticias-de-ribeirao-preto-sp-e-regiao-ismael-colosi\/"},"img":{"alt_text":"","src":"https:\/\/i0.wp.com\/noticiasribeiraopreto.com.br\/wp-content\/uploads\/2026\/02\/WhatsApp-Image-2025-02-18-at-17.24.59_2025-02-20_19-24-37_jpeg_2025-02-20_19-24-37.webp.webp?fit=1200%2C800&ssl=1&resize=350%2C200","width":350,"height":200,"srcset":"https:\/\/i0.wp.com\/noticiasribeiraopreto.com.br\/wp-content\/uploads\/2026\/02\/WhatsApp-Image-2025-02-18-at-17.24.59_2025-02-20_19-24-37_jpeg_2025-02-20_19-24-37.webp.webp?fit=1200%2C800&ssl=1&resize=350%2C200 1x, https:\/\/i0.wp.com\/noticiasribeiraopreto.com.br\/wp-content\/uploads\/2026\/02\/WhatsApp-Image-2025-02-18-at-17.24.59_2025-02-20_19-24-37_jpeg_2025-02-20_19-24-37.webp.webp?fit=1200%2C800&ssl=1&resize=525%2C300 1.5x, https:\/\/i0.wp.com\/noticiasribeiraopreto.com.br\/wp-content\/uploads\/2026\/02\/WhatsApp-Image-2025-02-18-at-17.24.59_2025-02-20_19-24-37_jpeg_2025-02-20_19-24-37.webp.webp?fit=1200%2C800&ssl=1&resize=700%2C400 2x, https:\/\/i0.wp.com\/noticiasribeiraopreto.com.br\/wp-content\/uploads\/2026\/02\/WhatsApp-Image-2025-02-18-at-17.24.59_2025-02-20_19-24-37_jpeg_2025-02-20_19-24-37.webp.webp?fit=1200%2C800&ssl=1&resize=1050%2C600 3x"},"classes":[]}],"jetpack_sharing_enabled":true,"jetpack_shortlink":"https:\/\/wp.me\/peQAOb-9yg","_links":{"self":[{"href":"https:\/\/noticiasribeiraopreto.com.br\/index.php\/wp-json\/wp\/v2\/posts\/36720","targetHints":{"allow":["GET"]}}],"collection":[{"href":"https:\/\/noticiasribeiraopreto.com.br\/index.php\/wp-json\/wp\/v2\/posts"}],"about":[{"href":"https:\/\/noticiasribeiraopreto.com.br\/index.php\/wp-json\/wp\/v2\/types\/post"}],"author":[{"embeddable":true,"href":"https:\/\/noticiasribeiraopreto.com.br\/index.php\/wp-json\/wp\/v2\/users\/1"}],"replies":[{"embeddable":true,"href":"https:\/\/noticiasribeiraopreto.com.br\/index.php\/wp-json\/wp\/v2\/comments?post=36720"}],"version-history":[{"count":0,"href":"https:\/\/noticiasribeiraopreto.com.br\/index.php\/wp-json\/wp\/v2\/posts\/36720\/revisions"}],"wp:featuredmedia":[{"embeddable":true,"href":"https:\/\/noticiasribeiraopreto.com.br\/index.php\/wp-json\/wp\/v2\/media\/36721"}],"wp:attachment":[{"href":"https:\/\/noticiasribeiraopreto.com.br\/index.php\/wp-json\/wp\/v2\/media?parent=36720"}],"wp:term":[{"taxonomy":"category","embeddable":true,"href":"https:\/\/noticiasribeiraopreto.com.br\/index.php\/wp-json\/wp\/v2\/categories?post=36720"},{"taxonomy":"post_tag","embeddable":true,"href":"https:\/\/noticiasribeiraopreto.com.br\/index.php\/wp-json\/wp\/v2\/tags?post=36720"}],"curies":[{"name":"wp","href":"https:\/\/api.w.org\/{rel}","templated":true}]}}