{"id":36830,"date":"2024-02-12T14:57:24","date_gmt":"2024-02-12T17:57:24","guid":{"rendered":"https:\/\/noticiasribeiraopreto.com.br\/index.php\/2024\/02\/12\/motociclista-e-socorrido-com-suspeita-de-fratura-na-lagoinha\/"},"modified":"2024-02-12T14:57:24","modified_gmt":"2024-02-12T17:57:24","slug":"motociclista-e-socorrido-com-suspeita-de-fratura-na-lagoinha","status":"publish","type":"post","link":"https:\/\/noticiasribeiraopreto.com.br\/index.php\/2024\/02\/12\/motociclista-e-socorrido-com-suspeita-de-fratura-na-lagoinha\/","title":{"rendered":"Motociclista \u00e9 socorrido com suspeita de fratura na Lagoinha"},"content":{"rendered":"<div class='code-block code-block-1' style='margin: 8px 0 8px auto; text-align: right; display: block; clear: both;'>\n<p><a href=\"https:\/\/wa.link\/vpicfd\"><img data-recalc-dims=\"1\" class=\"wp-image-4922\" style=\"aspect-ratio: 2.0253164556962027; width: 561px; height: auto;\" src=\"https:\/\/i0.wp.com\/ismaelcolosi.com.br\/wp-content\/uploads\/2023\/11\/grupo-de-empregos-whatsapp-e-facebook-ismael-colosi-vagas.jpg?ssl=1\" alt=\"\" \/><\/a><\/p>\n<!-- \/wp:image -->\n<\/div>\n<p> <br \/>\n<\/p>\n<div id=\"post-373481\">\n<header class=\"entry-header penci-entry-header penci-title-center\">\n<h2 class=\"penci-post-subtitle\">Moto teria batido contra ve\u00edculo SUV que seguia por avenida do bairro<\/h2>\n<p> <span class=\"entry-meta-item penci-posted-on\"><i class=\"fa fa-clock-o\"\/><time class=\"entry-date published updated\" datetime=\"2024-02-12T14:05:47-03:00\">12 de fevereiro de 2024 | 14:05<\/time><\/span><\/p>\n<p> <span class=\"penci-social-buttons penci-social-share-footer\"><a href=\"#\" class=\"penci-post-like penci_post-meta_item  single-like-button penci-social-item like\" data-post_id=\"373481\" title=\"Like\" data-like=\"Like\" data-unlike=\"Unlike\"><i class=\"fa fa-thumbs-o-up\"\/><span class=\"penci-share-number\">0<\/span><\/a><i class=\"fa fa-facebook\"\/><a class=\"penci-social-item twitter\" target=\"_blank\" rel=\"noopener\" title=\"\" href=\"https:\/\/twitter.com\/intent\/tweet?text=Motociclista%20\u00e9%20socorrido%20com%20suspeita%20de%20fratura%20na%20Lagoinha%20-%20https:\/\/www.tribunaribeirao.com.br\/site\/motociclista-e-socorrido-com-suspeita-de-fratura-na-lagoinha\/\"><i class=\"fa fa-twitter\"\/><\/a><i class=\"fa fa-whatsapp\"\/><\/span><\/header>\n<div class=\"penci-entry-content entry-content\">\n<p>Por: Adalberto Luque<\/p>\n<p>Duas pessoas ficaram feridas, na manh\u00e3 deste domingo (11), ap\u00f3s um acidente envolvendo uma motocicleta e um SUV Nissan Kicks. O acidente ocorreu no cruzamento da Avenida Jos\u00e9 Gomes da Silva e Rua Coronel Mascarenhas de Moraes, na Lagoinha, zona Leste da cidade.<\/p>\n<figure id=\"attachment_373484\" aria-describedby=\"caption-attachment-373484\" style=\"width: 1000px\" class=\"wp-caption alignnone\"><noscript><img data-recalc-dims=\"1\" loading=\"lazy\" decoding=\"async\" class=\"size-full wp-image-373484\" src=\"https:\/\/i0.wp.com\/www.tribunaribeirao.com.br\/site\/wp-content\/uploads\/2024\/02\/00-12-fev-2024-acidente-lagoinha-02-foto-max-gallao-mesquita-scaled.jpg?resize=1000%2C629&#038;ssl=1\" alt=\"\" width=\"1000\" height=\"629\" srcset=\"https:\/\/www.tribunaribeirao.com.br\/site\/wp-content\/uploads\/2024\/02\/00-12-fev-2024-acidente-lagoinha-02-foto-max-gallao-mesquita-scaled.jpg 1000w, https:\/\/www.tribunaribeirao.com.br\/site\/wp-content\/uploads\/2024\/02\/00-12-fev-2024-acidente-lagoinha-02-foto-max-gallao-mesquita-300x189.jpg 300w, https:\/\/www.tribunaribeirao.com.br\/site\/wp-content\/uploads\/2024\/02\/00-12-fev-2024-acidente-lagoinha-02-foto-max-gallao-mesquita-1024x644.jpg 1024w, https:\/\/www.tribunaribeirao.com.br\/site\/wp-content\/uploads\/2024\/02\/00-12-fev-2024-acidente-lagoinha-02-foto-max-gallao-mesquita-768x483.jpg 768w, https:\/\/www.tribunaribeirao.com.br\/site\/wp-content\/uploads\/2024\/02\/00-12-fev-2024-acidente-lagoinha-02-foto-max-gallao-mesquita-1536x967.jpg 1536w, https:\/\/www.tribunaribeirao.com.br\/site\/wp-content\/uploads\/2024\/02\/00-12-fev-2024-acidente-lagoinha-02-foto-max-gallao-mesquita-960x604.jpg 960w, https:\/\/www.tribunaribeirao.com.br\/site\/wp-content\/uploads\/2024\/02\/00-12-fev-2024-acidente-lagoinha-02-foto-max-gallao-mesquita-636x400.jpg 636w, https:\/\/www.tribunaribeirao.com.br\/site\/wp-content\/uploads\/2024\/02\/00-12-fev-2024-acidente-lagoinha-02-foto-max-gallao-mesquita-585x368.jpg 585w\" sizes=\"auto, (max-width: 1000px) 100vw, 1000px\"\/><\/noscript><figcaption id=\"caption-attachment-373484\" class=\"wp-caption-text\">Motocicleta ficou destru\u00edda ap\u00f3s colis\u00e3o (Foto: Max Gall\u00e3o Mesquita)<\/figcaption><\/figure>\n<p>Segundo informa\u00e7\u00f5es, o motociclista seguia pela Rua Coronel Mascarenhas de Moraes e acabou colidindo com sua moto contra o SUV que seguia pela avenida. A dona do carro seguia como passageira e teve contus\u00e3o no bra\u00e7o direito.<\/p>\n<p>O motorista do SUV n\u00e3o sofreu ferimentos. O motociclista, por sua vez, apresentava sinais de fraturas pelo corpo. De acordo com o Corpo de Bombeiros, ele foi socorrido e levado consciente para uma unidade hospitalar. A mulher teria recebido atendimento no local.<\/p>\n<figure id=\"attachment_373485\" aria-describedby=\"caption-attachment-373485\" style=\"width: 939px\" class=\"wp-caption alignnone\"><img data-recalc-dims=\"1\" loading=\"lazy\" decoding=\"async\" alt=\"\" width=\"939\" height=\"645\" srcset=\"https:\/\/www.tribunaribeirao.com.br\/site\/wp-content\/uploads\/2024\/02\/00-12-fev-2024-acidente-lagoinha-03-foto-max-gallao-mesquita-scaled.jpg 939w, https:\/\/www.tribunaribeirao.com.br\/site\/wp-content\/uploads\/2024\/02\/00-12-fev-2024-acidente-lagoinha-03-foto-max-gallao-mesquita-300x206.jpg 300w, https:\/\/www.tribunaribeirao.com.br\/site\/wp-content\/uploads\/2024\/02\/00-12-fev-2024-acidente-lagoinha-03-foto-max-gallao-mesquita-1024x703.jpg 1024w, https:\/\/www.tribunaribeirao.com.br\/site\/wp-content\/uploads\/2024\/02\/00-12-fev-2024-acidente-lagoinha-03-foto-max-gallao-mesquita-768x528.jpg 768w, https:\/\/www.tribunaribeirao.com.br\/site\/wp-content\/uploads\/2024\/02\/00-12-fev-2024-acidente-lagoinha-03-foto-max-gallao-mesquita-1536x1055.jpg 1536w, https:\/\/www.tribunaribeirao.com.br\/site\/wp-content\/uploads\/2024\/02\/00-12-fev-2024-acidente-lagoinha-03-foto-max-gallao-mesquita-960x659.jpg 960w, https:\/\/www.tribunaribeirao.com.br\/site\/wp-content\/uploads\/2024\/02\/00-12-fev-2024-acidente-lagoinha-03-foto-max-gallao-mesquita-582x400.jpg 582w, https:\/\/www.tribunaribeirao.com.br\/site\/wp-content\/uploads\/2024\/02\/00-12-fev-2024-acidente-lagoinha-03-foto-max-gallao-mesquita-585x402.jpg 585w\" src=\"https:\/\/i0.wp.com\/www.tribunaribeirao.com.br\/site\/wp-content\/uploads\/2024\/02\/00-12-fev-2024-acidente-lagoinha-03-foto-max-gallao-mesquita-scaled.jpg?resize=939%2C645&#038;ssl=1\" data-sizes=\"(max-width: 939px) 100vw, 939px\" class=\"size-full wp-image-373485 lazyload\"\/><noscript><img data-recalc-dims=\"1\" loading=\"lazy\" decoding=\"async\" class=\"size-full wp-image-373485\" src=\"https:\/\/i0.wp.com\/www.tribunaribeirao.com.br\/site\/wp-content\/uploads\/2024\/02\/00-12-fev-2024-acidente-lagoinha-03-foto-max-gallao-mesquita-scaled.jpg?resize=939%2C645&#038;ssl=1\" alt=\"\" width=\"939\" height=\"645\" srcset=\"https:\/\/www.tribunaribeirao.com.br\/site\/wp-content\/uploads\/2024\/02\/00-12-fev-2024-acidente-lagoinha-03-foto-max-gallao-mesquita-scaled.jpg 939w, https:\/\/www.tribunaribeirao.com.br\/site\/wp-content\/uploads\/2024\/02\/00-12-fev-2024-acidente-lagoinha-03-foto-max-gallao-mesquita-300x206.jpg 300w, https:\/\/www.tribunaribeirao.com.br\/site\/wp-content\/uploads\/2024\/02\/00-12-fev-2024-acidente-lagoinha-03-foto-max-gallao-mesquita-1024x703.jpg 1024w, https:\/\/www.tribunaribeirao.com.br\/site\/wp-content\/uploads\/2024\/02\/00-12-fev-2024-acidente-lagoinha-03-foto-max-gallao-mesquita-768x528.jpg 768w, https:\/\/www.tribunaribeirao.com.br\/site\/wp-content\/uploads\/2024\/02\/00-12-fev-2024-acidente-lagoinha-03-foto-max-gallao-mesquita-1536x1055.jpg 1536w, https:\/\/www.tribunaribeirao.com.br\/site\/wp-content\/uploads\/2024\/02\/00-12-fev-2024-acidente-lagoinha-03-foto-max-gallao-mesquita-960x659.jpg 960w, https:\/\/www.tribunaribeirao.com.br\/site\/wp-content\/uploads\/2024\/02\/00-12-fev-2024-acidente-lagoinha-03-foto-max-gallao-mesquita-582x400.jpg 582w, https:\/\/www.tribunaribeirao.com.br\/site\/wp-content\/uploads\/2024\/02\/00-12-fev-2024-acidente-lagoinha-03-foto-max-gallao-mesquita-585x402.jpg 585w\" sizes=\"auto, (max-width: 939px) 100vw, 939px\"\/><\/noscript><figcaption id=\"caption-attachment-373485\" class=\"wp-caption-text\">Com o forte impacto da moto, lateral do ve\u00edculo ficou muito avariada (Foto: Max Gall\u00e3o Mesquita)<\/figcaption><\/figure>\n<p>A motocicleta ficou bastante danificada com a colis\u00e3o. A ocorr\u00eancia foi registrada na Central de Pol\u00edcia Judici\u00e1ria. A Pol\u00edcia Civil vai investigar para estabelecer as causas do acidente.<\/p>\n<\/div>\n<footer class=\"penci-entry-footer\"\/><\/div>\n<p><script async src=\"\/\/platform.twitter.com\/widgets.js\" charset=\"utf-8\"><\/script><br \/>\n<br \/><br \/>\n<br \/><a href=\"https:\/\/www.tribunaribeirao.com.br\/site\/motociclista-e-socorrido-com-suspeita-de-fratura-na-lagoinha\/\">Source link <\/a><\/p>\n<!-- CONTENT END 1 -->\n","protected":false},"excerpt":{"rendered":"<p>Moto teria batido contra ve\u00edculo SUV que seguia por avenida do bairro 12 de fevereiro de 2024 | 14:05 0 Por: Adalberto Luque Duas pessoas&#8230;<\/p>\n","protected":false},"author":1,"featured_media":36831,"comment_status":"open","ping_status":"open","sticky":false,"template":"","format":"standard","meta":{"advanced_seo_description":"","jetpack_seo_html_title":"","jetpack_seo_noindex":false,"jetpack_post_was_ever_published":false,"_jetpack_newsletter_access":"","_jetpack_dont_email_post_to_subs":false,"_jetpack_newsletter_tier_id":0,"_jetpack_memberships_contains_paywalled_content":false,"_jetpack_memberships_contains_paid_content":false,"footnotes":"","jetpack_publicize_message":"","jetpack_publicize_feature_enabled":true,"jetpack_social_post_already_shared":true,"jetpack_social_options":{"image_generator_settings":{"template":"highway","default_image_id":0,"font":"","enabled":false},"version":2}},"categories":[11],"tags":[3967,2334,904,917,3966],"class_list":["post-36830","post","type-post","status-publish","format-standard","has-post-thumbnail","hentry","category-noticias-de-ribeirao-preto-sp-e-regiao-ismael-colosi","tag-fratura","tag-lagoinha","tag-motociclista","tag-socorrido","tag-suspeita"],"jetpack_publicize_connections":[],"jetpack_featured_media_url":"https:\/\/i0.wp.com\/noticiasribeiraopreto.com.br\/wp-content\/uploads\/2024\/02\/00-12-fev-2024-acidente-lagoinha-01-foto-max-gallao-mesquita-scaled.jpg?fit=988%2C645&ssl=1","jetpack-related-posts":[{"id":40528,"url":"https:\/\/noticiasribeiraopreto.com.br\/index.php\/2024\/03\/04\/apos-acidente-homem-tem-suspeita-de-fratura-na-perna\/","url_meta":{"origin":36830,"position":0},"title":"Ap\u00f3s acidente, homem tem suspeita de fratura na perna","author":"noticiasribeiraopreto.com.br","date":"4 de March de 2024","format":false,"excerpt":"Motociclista teria colidido contra caminh\u00e3o e foi socorrido com suspeita de fratura na perna 4 de mar\u00e7o de 2024 | 10:43 2Por: Adalberto LuqueUm motociclista se envolveu em um acidente de tr\u00e2nsito, na manh\u00e3 desta segunda-feira (04) e foi socorrido com suspeita de fratura numa das pernas. O acidente ocorreu\u2026","rel":"","context":"In &quot;Not\u00edcias de Ribeir\u00e3o Preto-SP e Regi\u00e3o&quot;","block_context":{"text":"Not\u00edcias de Ribeir\u00e3o Preto-SP e Regi\u00e3o","link":"https:\/\/noticiasribeiraopreto.com.br\/index.php\/category\/noticias-de-ribeirao-preto-sp-e-regiao-ismael-colosi\/"},"img":{"alt_text":"","src":"https:\/\/i0.wp.com\/noticiasribeiraopreto.com.br\/wp-content\/uploads\/2024\/03\/00-04-fev-2024-acidente-vila-abranches-01-foto-max-gallao-mesquita-scaled.jpg?fit=1000%2C562&ssl=1&resize=350%2C200","width":350,"height":200,"srcset":"https:\/\/i0.wp.com\/noticiasribeiraopreto.com.br\/wp-content\/uploads\/2024\/03\/00-04-fev-2024-acidente-vila-abranches-01-foto-max-gallao-mesquita-scaled.jpg?fit=1000%2C562&ssl=1&resize=350%2C200 1x, https:\/\/i0.wp.com\/noticiasribeiraopreto.com.br\/wp-content\/uploads\/2024\/03\/00-04-fev-2024-acidente-vila-abranches-01-foto-max-gallao-mesquita-scaled.jpg?fit=1000%2C562&ssl=1&resize=525%2C300 1.5x, https:\/\/i0.wp.com\/noticiasribeiraopreto.com.br\/wp-content\/uploads\/2024\/03\/00-04-fev-2024-acidente-vila-abranches-01-foto-max-gallao-mesquita-scaled.jpg?fit=1000%2C562&ssl=1&resize=700%2C400 2x"},"classes":[]},{"id":32445,"url":"https:\/\/noticiasribeiraopreto.com.br\/index.php\/2024\/01\/25\/motociclista-bate-moto-em-defensa-metalica\/","url_meta":{"origin":36830,"position":1},"title":"Motociclista bate moto em defensa met\u00e1lica","author":"noticiasribeiraopreto.com.br","date":"25 de January de 2024","format":false,"excerpt":"Homem foi socorrido e levado para unidade hospitalar com suspeita de fratura na perna 24 de janeiro de 2024 | 15:34 2Por: Adalberto LuqueUm motociclista ficou ferido, na manh\u00e3 desta quarta-feira (24), ap\u00f3s colidir com sua moto contra uma defensa met\u00e1lica. O acidente aconteceu na primeira sa\u00edda da Rodovia Abr\u00e3o\u2026","rel":"","context":"In &quot;Not\u00edcias de Ribeir\u00e3o Preto-SP e Regi\u00e3o&quot;","block_context":{"text":"Not\u00edcias de Ribeir\u00e3o Preto-SP e Regi\u00e3o","link":"https:\/\/noticiasribeiraopreto.com.br\/index.php\/category\/noticias-de-ribeirao-preto-sp-e-regiao-ismael-colosi\/"},"img":{"alt_text":"","src":"https:\/\/i0.wp.com\/noticiasribeiraopreto.com.br\/wp-content\/uploads\/2024\/01\/00-24-jan-2024-acidente-abrao-assed-01-foto-max-gallao-mesquita-scaled.jpg?fit=968%2C645&ssl=1&resize=350%2C200","width":350,"height":200,"srcset":"https:\/\/i0.wp.com\/noticiasribeiraopreto.com.br\/wp-content\/uploads\/2024\/01\/00-24-jan-2024-acidente-abrao-assed-01-foto-max-gallao-mesquita-scaled.jpg?fit=968%2C645&ssl=1&resize=350%2C200 1x, https:\/\/i0.wp.com\/noticiasribeiraopreto.com.br\/wp-content\/uploads\/2024\/01\/00-24-jan-2024-acidente-abrao-assed-01-foto-max-gallao-mesquita-scaled.jpg?fit=968%2C645&ssl=1&resize=525%2C300 1.5x, https:\/\/i0.wp.com\/noticiasribeiraopreto.com.br\/wp-content\/uploads\/2024\/01\/00-24-jan-2024-acidente-abrao-assed-01-foto-max-gallao-mesquita-scaled.jpg?fit=968%2C645&ssl=1&resize=700%2C400 2x"},"classes":[]},{"id":45197,"url":"https:\/\/noticiasribeiraopreto.com.br\/index.php\/2024\/04\/02\/acidente-com-vitima-na-lagoinha\/","url_meta":{"origin":36830,"position":2},"title":"Acidente com v\u00edtima na Lagoinha","author":"noticiasribeiraopreto.com.br","date":"2 de April de 2024","format":false,"excerpt":"2 de abril de 2024 | 20:43 0 (Max Gall\u00e3o Mesquita) Acidente agora com v\u00edtima na Rua Niter\u00f3i com Rua Augusto Bortoloti no Bairro Lagoinha. O motorista do Fiat Palio n\u00e3o obedeceu a sinaliza\u00e7\u00e3o do pare e bateu na motocicleta Yamaha Fazzer. O condutor da moto foi socorrido com suspeita\u2026","rel":"","context":"In &quot;Not\u00edcias de Ribeir\u00e3o Preto-SP e Regi\u00e3o&quot;","block_context":{"text":"Not\u00edcias de Ribeir\u00e3o Preto-SP e Regi\u00e3o","link":"https:\/\/noticiasribeiraopreto.com.br\/index.php\/category\/noticias-de-ribeirao-preto-sp-e-regiao-ismael-colosi\/"},"img":{"alt_text":"","src":"https:\/\/i0.wp.com\/noticiasribeiraopreto.com.br\/wp-content\/uploads\/2024\/04\/7238fd19-0399-4782-97a8-0a6ab59a73cc.jpg?fit=749%2C500&ssl=1&resize=350%2C200","width":350,"height":200,"srcset":"https:\/\/i0.wp.com\/noticiasribeiraopreto.com.br\/wp-content\/uploads\/2024\/04\/7238fd19-0399-4782-97a8-0a6ab59a73cc.jpg?fit=749%2C500&ssl=1&resize=350%2C200 1x, https:\/\/i0.wp.com\/noticiasribeiraopreto.com.br\/wp-content\/uploads\/2024\/04\/7238fd19-0399-4782-97a8-0a6ab59a73cc.jpg?fit=749%2C500&ssl=1&resize=525%2C300 1.5x, https:\/\/i0.wp.com\/noticiasribeiraopreto.com.br\/wp-content\/uploads\/2024\/04\/7238fd19-0399-4782-97a8-0a6ab59a73cc.jpg?fit=749%2C500&ssl=1&resize=700%2C400 2x"},"classes":[]},{"id":33543,"url":"https:\/\/noticiasribeiraopreto.com.br\/index.php\/2024\/01\/29\/mulher-tem-suspeita-de-fratura-apos-acidente\/","url_meta":{"origin":36830,"position":3},"title":"Mulher tem suspeita de fratura ap\u00f3s acidente","author":"noticiasribeiraopreto.com.br","date":"29 de January de 2024","format":false,"excerpt":"V\u00edtima teria colidido com sua moto contra ve\u00edculo em cruzamento na zona Leste da cidade 29 de janeiro de 2024 | 12:18 2Por: Adalberto LuqueUma mulher foi socorrida com suspeita de fratura, ap\u00f3s sofrer um acidente, na manh\u00e3 desta segunda-feira (29). O acidente ocorreu no cruzamento da Rua Alice Al\u00e9m\u2026","rel":"","context":"In &quot;Not\u00edcias de Ribeir\u00e3o Preto-SP e Regi\u00e3o&quot;","block_context":{"text":"Not\u00edcias de Ribeir\u00e3o Preto-SP e Regi\u00e3o","link":"https:\/\/noticiasribeiraopreto.com.br\/index.php\/category\/noticias-de-ribeirao-preto-sp-e-regiao-ismael-colosi\/"},"img":{"alt_text":"","src":"https:\/\/i0.wp.com\/noticiasribeiraopreto.com.br\/wp-content\/uploads\/2024\/01\/00-29-jan-2024-acidente-ribeirania-01-foto-max-gallao-mesquita-scaled.jpg?fit=967%2C645&ssl=1&resize=350%2C200","width":350,"height":200,"srcset":"https:\/\/i0.wp.com\/noticiasribeiraopreto.com.br\/wp-content\/uploads\/2024\/01\/00-29-jan-2024-acidente-ribeirania-01-foto-max-gallao-mesquita-scaled.jpg?fit=967%2C645&ssl=1&resize=350%2C200 1x, https:\/\/i0.wp.com\/noticiasribeiraopreto.com.br\/wp-content\/uploads\/2024\/01\/00-29-jan-2024-acidente-ribeirania-01-foto-max-gallao-mesquita-scaled.jpg?fit=967%2C645&ssl=1&resize=525%2C300 1.5x, https:\/\/i0.wp.com\/noticiasribeiraopreto.com.br\/wp-content\/uploads\/2024\/01\/00-29-jan-2024-acidente-ribeirania-01-foto-max-gallao-mesquita-scaled.jpg?fit=967%2C645&ssl=1&resize=700%2C400 2x"},"classes":[]},{"id":61388,"url":"https:\/\/noticiasribeiraopreto.com.br\/index.php\/2024\/12\/11\/duas-pessoas-sao-arremessadas-de-moto-apos-serem-atingidas-por-carro-em-ribeirao-video\/","url_meta":{"origin":36830,"position":4},"title":"Duas pessoas s\u00e3o arremessadas de moto ap\u00f3s serem atingidas por carro em Ribeir\u00e3o; V\u00eddeo","author":"noticiasribeiraopreto.com.br","date":"11 de December de 2024","format":false,"excerpt":"Um motociclista e a passageira que seguia na moto foram arremessados na manh\u00e3 desta quarta-feira (11), ap\u00f3s o ve\u00edculo ser atingido na traseira por um carro, na avenida Caramuru, em Ribeir\u00e3o Preto. Assista ao v\u00eddeo abaixo. Uma c\u00e2mera de seguran\u00e7a registrou o momento em que o motociclista para a moto\u2026","rel":"","context":"In &quot;Not\u00edcias de Ribeir\u00e3o Preto-SP e Regi\u00e3o&quot;","block_context":{"text":"Not\u00edcias de Ribeir\u00e3o Preto-SP e Regi\u00e3o","link":"https:\/\/noticiasribeiraopreto.com.br\/index.php\/category\/noticias-de-ribeirao-preto-sp-e-regiao-ismael-colosi\/"},"img":{"alt_text":"","src":"https:\/\/i0.wp.com\/noticiasribeiraopreto.com.br\/wp-content\/uploads\/2024\/12\/Capturar_2024-12-11_14-24-54_jpg_2024-12-11_14-24-55.webp.webp?fit=805%2C432&ssl=1&resize=350%2C200","width":350,"height":200,"srcset":"https:\/\/i0.wp.com\/noticiasribeiraopreto.com.br\/wp-content\/uploads\/2024\/12\/Capturar_2024-12-11_14-24-54_jpg_2024-12-11_14-24-55.webp.webp?fit=805%2C432&ssl=1&resize=350%2C200 1x, https:\/\/i0.wp.com\/noticiasribeiraopreto.com.br\/wp-content\/uploads\/2024\/12\/Capturar_2024-12-11_14-24-54_jpg_2024-12-11_14-24-55.webp.webp?fit=805%2C432&ssl=1&resize=525%2C300 1.5x, https:\/\/i0.wp.com\/noticiasribeiraopreto.com.br\/wp-content\/uploads\/2024\/12\/Capturar_2024-12-11_14-24-54_jpg_2024-12-11_14-24-55.webp.webp?fit=805%2C432&ssl=1&resize=700%2C400 2x"},"classes":[]},{"id":63850,"url":"https:\/\/noticiasribeiraopreto.com.br\/index.php\/2025\/02\/24\/motociclista-sofre-fratura-na-perna-apos-batida-com-carro-em-avenida-de-ribeirao-preto\/","url_meta":{"origin":36830,"position":5},"title":"Motociclista sofre fratura na perna ap\u00f3s batida com carro em avenida de Ribeir\u00e3o Preto","author":"noticiasribeiraopreto.com.br","date":"24 de February de 2025","format":false,"excerpt":"Uma motociclista ficou ferida na manh\u00e3 desta segunda-feira (24), ap\u00f3s uma batida de moto e carro, no cruzamento da avenida Marechal Costa e Silva com rua Coimbra, na zona Norte de Ribeir\u00e3o Preto, Segundo informa\u00e7\u00f5es da RP Mobi, a v\u00edtima sofreu fratura de f\u00eamur e foi socorrida. A faixa da\u2026","rel":"","context":"In &quot;Not\u00edcias de Ribeir\u00e3o Preto-SP e Regi\u00e3o&quot;","block_context":{"text":"Not\u00edcias de Ribeir\u00e3o Preto-SP e Regi\u00e3o","link":"https:\/\/noticiasribeiraopreto.com.br\/index.php\/category\/noticias-de-ribeirao-preto-sp-e-regiao-ismael-colosi\/"},"img":{"alt_text":"","src":"https:\/\/i0.wp.com\/noticiasribeiraopreto.com.br\/wp-content\/uploads\/2025\/02\/WhatsApp-Image-2025-02-24-at-08.33.09_2025-02-24_11-54-54_jpeg_2025-02-24_11-54-54.webp.webp?fit=1200%2C675&ssl=1&resize=350%2C200","width":350,"height":200,"srcset":"https:\/\/i0.wp.com\/noticiasribeiraopreto.com.br\/wp-content\/uploads\/2025\/02\/WhatsApp-Image-2025-02-24-at-08.33.09_2025-02-24_11-54-54_jpeg_2025-02-24_11-54-54.webp.webp?fit=1200%2C675&ssl=1&resize=350%2C200 1x, https:\/\/i0.wp.com\/noticiasribeiraopreto.com.br\/wp-content\/uploads\/2025\/02\/WhatsApp-Image-2025-02-24-at-08.33.09_2025-02-24_11-54-54_jpeg_2025-02-24_11-54-54.webp.webp?fit=1200%2C675&ssl=1&resize=525%2C300 1.5x, https:\/\/i0.wp.com\/noticiasribeiraopreto.com.br\/wp-content\/uploads\/2025\/02\/WhatsApp-Image-2025-02-24-at-08.33.09_2025-02-24_11-54-54_jpeg_2025-02-24_11-54-54.webp.webp?fit=1200%2C675&ssl=1&resize=700%2C400 2x, https:\/\/i0.wp.com\/noticiasribeiraopreto.com.br\/wp-content\/uploads\/2025\/02\/WhatsApp-Image-2025-02-24-at-08.33.09_2025-02-24_11-54-54_jpeg_2025-02-24_11-54-54.webp.webp?fit=1200%2C675&ssl=1&resize=1050%2C600 3x"},"classes":[]}],"jetpack_sharing_enabled":true,"jetpack_shortlink":"https:\/\/wp.me\/peQAOb-9A2","_links":{"self":[{"href":"https:\/\/noticiasribeiraopreto.com.br\/index.php\/wp-json\/wp\/v2\/posts\/36830","targetHints":{"allow":["GET"]}}],"collection":[{"href":"https:\/\/noticiasribeiraopreto.com.br\/index.php\/wp-json\/wp\/v2\/posts"}],"about":[{"href":"https:\/\/noticiasribeiraopreto.com.br\/index.php\/wp-json\/wp\/v2\/types\/post"}],"author":[{"embeddable":true,"href":"https:\/\/noticiasribeiraopreto.com.br\/index.php\/wp-json\/wp\/v2\/users\/1"}],"replies":[{"embeddable":true,"href":"https:\/\/noticiasribeiraopreto.com.br\/index.php\/wp-json\/wp\/v2\/comments?post=36830"}],"version-history":[{"count":0,"href":"https:\/\/noticiasribeiraopreto.com.br\/index.php\/wp-json\/wp\/v2\/posts\/36830\/revisions"}],"wp:featuredmedia":[{"embeddable":true,"href":"https:\/\/noticiasribeiraopreto.com.br\/index.php\/wp-json\/wp\/v2\/media\/36831"}],"wp:attachment":[{"href":"https:\/\/noticiasribeiraopreto.com.br\/index.php\/wp-json\/wp\/v2\/media?parent=36830"}],"wp:term":[{"taxonomy":"category","embeddable":true,"href":"https:\/\/noticiasribeiraopreto.com.br\/index.php\/wp-json\/wp\/v2\/categories?post=36830"},{"taxonomy":"post_tag","embeddable":true,"href":"https:\/\/noticiasribeiraopreto.com.br\/index.php\/wp-json\/wp\/v2\/tags?post=36830"}],"curies":[{"name":"wp","href":"https:\/\/api.w.org\/{rel}","templated":true}]}}