{"id":36968,"date":"2024-02-13T10:02:38","date_gmt":"2024-02-13T13:02:38","guid":{"rendered":"https:\/\/noticiasribeiraopreto.com.br\/index.php\/2024\/02\/13\/concurso-publico-nacional-tem-265-milhoes-de-inscritos\/"},"modified":"2024-02-13T10:02:38","modified_gmt":"2024-02-13T13:02:38","slug":"concurso-publico-nacional-tem-265-milhoes-de-inscritos","status":"publish","type":"post","link":"https:\/\/noticiasribeiraopreto.com.br\/index.php\/2024\/02\/13\/concurso-publico-nacional-tem-265-milhoes-de-inscritos\/","title":{"rendered":"Concurso p\u00fablico nacional tem 2,65 milh\u00f5es de inscritos"},"content":{"rendered":"<div class='code-block code-block-1' style='margin: 8px 0 8px auto; text-align: right; display: block; clear: both;'>\n<p><a href=\"https:\/\/wa.link\/vpicfd\"><img data-recalc-dims=\"1\" class=\"wp-image-4922\" style=\"aspect-ratio: 2.0253164556962027; width: 561px; height: auto;\" src=\"https:\/\/i0.wp.com\/ismaelcolosi.com.br\/wp-content\/uploads\/2023\/11\/grupo-de-empregos-whatsapp-e-facebook-ismael-colosi-vagas.jpg?ssl=1\" alt=\"\" \/><\/a><\/p>\n<!-- \/wp:image -->\n<\/div>\n<p> <br \/>\n<\/p>\n<div id=\"\">\n<p> <span class=\"entry-meta-item penci-posted-on\"><i class=\"fa fa-clock-o\"\/><time class=\"entry-date published\" datetime=\"2024-02-13T10:00:22-03:00\">13 de fevereiro de 2024 | 10:00<\/time><time class=\"updated\" datetime=\"2024-02-13T09:40:30-03:00\">13 de fevereiro de 2024 | 9:40<\/time><\/span><\/p>\n<p> <span class=\"penci-social-buttons penci-social-share-footer\"><a href=\"#\" class=\"penci-post-like penci_post-meta_item  single-like-button penci-social-item like\" data-post_id=\"373584\" title=\"Like\" data-like=\"Like\" data-unlike=\"Unlike\"><i class=\"fa fa-thumbs-o-up\"\/><span class=\"penci-share-number\">0<\/span><\/a><i class=\"fa fa-facebook\"\/><a class=\"penci-social-item twitter\" target=\"_blank\" rel=\"noopener\" title=\"\" href=\"https:\/\/twitter.com\/intent\/tweet?text=Concurso%20p\u00fablico%20nacional%20tem%202,65%20milh\u00f5es%20de%20inscritos%20-%20https:\/\/www.tribunaribeirao.com.br\/site\/concurso-publico-nacional-tem-265-milhoes-de-inscritos\/\"><i class=\"fa fa-twitter\"\/><\/a><i class=\"fa fa-whatsapp\"\/><\/span><\/div>\n<div>\n<p>O Concurso P\u00fablico Nacional Unificado tem 2,65 milh\u00f5es de inscritos. O balan\u00e7o foi divulgado pelo Minist\u00e9rio da Gest\u00e3o e da Inova\u00e7\u00e3o em Servi\u00e7os P\u00fablicos (MGI) ap\u00f3s o fim das inscri\u00e7\u00f5es.<\/p>\n<p>De acordo com a pasta, o total de inscritos alcan\u00e7ou o recorde para concursos p\u00fablicos. Est\u00e3o sendo ofertadas 6.640 vagas para 21 \u00f3rg\u00e3os p\u00fablicos federais, divididas em oito blocos tem\u00e1ticos. Os editais tamb\u00e9m preveem a forma\u00e7\u00e3o do cadastro reserva\u00a0com pelo menos o dobro do n\u00famero de vagas dispon\u00edveis.<\/p>\n<p>O concurso unificado \u00e9 um modelo inovador de sele\u00e7\u00e3o de servidores que consiste na realiza\u00e7\u00e3o conjunta de provas para o provimento de cargos p\u00fablicos. Elas ser\u00e3o aplicadas simultaneamente em 220 cidades do pa\u00eds, no dia 5 de maio, com quest\u00f5es objetivas espec\u00edficas e dissertativas, por \u00e1rea de atua\u00e7\u00e3o.<\/p>\n<p>Os candidatos t\u00eam at\u00e9 a pr\u00f3xima sexta-feira (16) para pagar taxa de inscri\u00e7\u00e3o. O valor \u00e9 de R$ 90 para cargos de ensino superior e de R$ 60 para ensino m\u00e9dio. Do total de pessoas que se inscreveram no concurso, 1,28 milh\u00e3o ainda n\u00e3o pagaram a guia de recolhimento, o que pode ser feito no banco ou via PIX, com o QR Code disponibilizado no documento.<\/p>\n<p>Em comunicado, a ministra da Gest\u00e3o, Esther Dweck, celebrou o n\u00famero expressivo de candidatos inscritos. \u201cEstamos felizes pelo sucesso dessa inova\u00e7\u00e3o no servi\u00e7o p\u00fablico que \u00e9 o concurso nacional unificado. Boa sorte e bons estudos a todas as pessoas inscritas. Vamos agora construir um servi\u00e7o p\u00fablico com a cara do Brasil!\u201d, diz.<\/p>\n<p>A realiza\u00e7\u00e3o do certame est\u00e1 a cargo da Funda\u00e7\u00e3o Cesgranrio. O resultado final est\u00e1 previsto para 30 de julho.<\/p>\n<p>Todas as informa\u00e7\u00f5es sobre o concurso podem ser conferidas no portal gov.br\/<a href=\"https:\/\/www.gov.br\/gestao\/pt-br\/concursonacional\/]\" target=\"_blank\" rel=\"noopener\">concursonacional<\/a>.<\/p>\n<\/div>\n<p><script async src=\"\/\/platform.twitter.com\/widgets.js\" charset=\"utf-8\"><\/script><br \/>\n<br \/><br \/>\n<br \/><a href=\"https:\/\/www.tribunaribeirao.com.br\/site\/concurso-publico-nacional-tem-265-milhoes-de-inscritos\/\">Source link <\/a><\/p>\n<!-- CONTENT END 1 -->\n","protected":false},"excerpt":{"rendered":"<p>13 de fevereiro de 2024 | 10:0013 de fevereiro de 2024 | 9:40 0 O Concurso P\u00fablico Nacional Unificado tem 2,65 milh\u00f5es de inscritos. O&#8230;<\/p>\n","protected":false},"author":1,"featured_media":36969,"comment_status":"open","ping_status":"open","sticky":false,"template":"","format":"standard","meta":{"advanced_seo_description":"","jetpack_seo_html_title":"","jetpack_seo_noindex":false,"jetpack_post_was_ever_published":false,"_jetpack_newsletter_access":"","_jetpack_dont_email_post_to_subs":false,"_jetpack_newsletter_tier_id":0,"_jetpack_memberships_contains_paywalled_content":false,"_jetpack_memberships_contains_paid_content":false,"footnotes":"","jetpack_publicize_message":"","jetpack_publicize_feature_enabled":true,"jetpack_social_post_already_shared":true,"jetpack_social_options":{"image_generator_settings":{"template":"highway","default_image_id":0,"font":"","enabled":false},"version":2}},"categories":[11],"tags":[567,3350,262,721,282,162],"class_list":["post-36968","post","type-post","status-publish","format-standard","has-post-thumbnail","hentry","category-noticias-de-ribeirao-preto-sp-e-regiao-ismael-colosi","tag-concurso","tag-inscritos","tag-milhoes","tag-nacional","tag-publico","tag-tem"],"jetpack_publicize_connections":[],"jetpack_featured_media_url":"https:\/\/i0.wp.com\/noticiasribeiraopreto.com.br\/wp-content\/uploads\/2024\/02\/concurso-nacional-unificado-1536x1024-1-scaled.jpg?fit=967%2C645&ssl=1","jetpack-related-posts":[{"id":38413,"url":"https:\/\/noticiasribeiraopreto.com.br\/index.php\/2024\/02\/19\/concurso-nacional-unificado-tem-21-milhoes-de-inscritos-confirmados\/","url_meta":{"origin":36968,"position":0},"title":"Concurso Nacional Unificado tem 2,1 milh\u00f5es de inscritos confirmados","author":"noticiasribeiraopreto.com.br","date":"19 de February de 2024","format":false,"excerpt":"19 de fevereiro de 2024 | 15:3019 de fevereiro de 2024 | 14:54 0O Concurso P\u00fablico Nacional Unificado (CPNU) j\u00e1 registra 2,1 milh\u00f5es de inscri\u00e7\u00f5es confirmadas para este que \u00e9 considerado o maior certame j\u00e1 realizado para o servi\u00e7o p\u00fablico federal. De acordo com o Minist\u00e9rio da Gest\u00e3o e da\u2026","rel":"","context":"In &quot;Not\u00edcias de Ribeir\u00e3o Preto-SP e Regi\u00e3o&quot;","block_context":{"text":"Not\u00edcias de Ribeir\u00e3o Preto-SP e Regi\u00e3o","link":"https:\/\/noticiasribeiraopreto.com.br\/index.php\/category\/noticias-de-ribeirao-preto-sp-e-regiao-ismael-colosi\/"},"img":{"alt_text":"","src":"https:\/\/i0.wp.com\/noticiasribeiraopreto.com.br\/wp-content\/uploads\/2024\/02\/808ac240-0d47-41fa-a0ea-eb2bce24baf7-scaled.jpg?fit=1000%2C598&ssl=1&resize=350%2C200","width":350,"height":200,"srcset":"https:\/\/i0.wp.com\/noticiasribeiraopreto.com.br\/wp-content\/uploads\/2024\/02\/808ac240-0d47-41fa-a0ea-eb2bce24baf7-scaled.jpg?fit=1000%2C598&ssl=1&resize=350%2C200 1x, https:\/\/i0.wp.com\/noticiasribeiraopreto.com.br\/wp-content\/uploads\/2024\/02\/808ac240-0d47-41fa-a0ea-eb2bce24baf7-scaled.jpg?fit=1000%2C598&ssl=1&resize=525%2C300 1.5x, https:\/\/i0.wp.com\/noticiasribeiraopreto.com.br\/wp-content\/uploads\/2024\/02\/808ac240-0d47-41fa-a0ea-eb2bce24baf7-scaled.jpg?fit=1000%2C598&ssl=1&resize=700%2C400 2x"},"classes":[]},{"id":37246,"url":"https:\/\/noticiasribeiraopreto.com.br\/index.php\/2024\/02\/15\/prazo-para-pagar-taxa-do-concurso-nacional-unificado-termina-nesta-sexta\/","url_meta":{"origin":36968,"position":1},"title":"Prazo para pagar taxa do Concurso Nacional Unificado termina nesta sexta","author":"noticiasribeiraopreto.com.br","date":"15 de February de 2024","format":false,"excerpt":"14 de fevereiro de 2024 | 14:0014 de fevereiro de 2024 | 11:42 0Os candidatos ao Concurso P\u00fablico Nacional Unificado que ainda n\u00e3o pagaram a taxa de inscri\u00e7\u00e3o t\u00eam at\u00e9 sexta-feira (16) para quitarem a Guia de Recolhimento da Uni\u00e3o (GRU). O pagamento, no valor de R$ 90 para os\u2026","rel":"","context":"In &quot;Not\u00edcias de Ribeir\u00e3o Preto-SP e Regi\u00e3o&quot;","block_context":{"text":"Not\u00edcias de Ribeir\u00e3o Preto-SP e Regi\u00e3o","link":"https:\/\/noticiasribeiraopreto.com.br\/index.php\/category\/noticias-de-ribeirao-preto-sp-e-regiao-ismael-colosi\/"},"img":{"alt_text":"","src":"https:\/\/i0.wp.com\/noticiasribeiraopreto.com.br\/wp-content\/uploads\/2024\/02\/48bed575-a298-4721-a099-5c82fdec3996.jpg?fit=900%2C600&ssl=1&resize=350%2C200","width":350,"height":200,"srcset":"https:\/\/i0.wp.com\/noticiasribeiraopreto.com.br\/wp-content\/uploads\/2024\/02\/48bed575-a298-4721-a099-5c82fdec3996.jpg?fit=900%2C600&ssl=1&resize=350%2C200 1x, https:\/\/i0.wp.com\/noticiasribeiraopreto.com.br\/wp-content\/uploads\/2024\/02\/48bed575-a298-4721-a099-5c82fdec3996.jpg?fit=900%2C600&ssl=1&resize=525%2C300 1.5x, https:\/\/i0.wp.com\/noticiasribeiraopreto.com.br\/wp-content\/uploads\/2024\/02\/48bed575-a298-4721-a099-5c82fdec3996.jpg?fit=900%2C600&ssl=1&resize=700%2C400 2x"},"classes":[]},{"id":39282,"url":"https:\/\/noticiasribeiraopreto.com.br\/index.php\/2024\/02\/24\/mulheres-sao-maioria-dos-candidatos-no-concurso-unificado\/","url_meta":{"origin":36968,"position":2},"title":"Mulheres s\u00e3o maioria dos candidatos no concurso unificado","author":"noticiasribeiraopreto.com.br","date":"24 de February de 2024","format":false,"excerpt":"24 de fevereiro de 2024 | 14:0023 de fevereiro de 2024 | 20:00 0Dos mais de 2,1 milh\u00f5es de candidatos com inscri\u00e7\u00f5es confirmadas no Concurso P\u00fablico Nacional Unificado, 56% s\u00e3o do sexo feminino, o equivalente a 1,2 milh\u00e3o de pessoas. O dado faz parte das informa\u00e7\u00f5es consolidadas divulgadas nesta sexta-feira\u2026","rel":"","context":"In &quot;Not\u00edcias de Ribeir\u00e3o Preto-SP e Regi\u00e3o&quot;","block_context":{"text":"Not\u00edcias de Ribeir\u00e3o Preto-SP e Regi\u00e3o","link":"https:\/\/noticiasribeiraopreto.com.br\/index.php\/category\/noticias-de-ribeirao-preto-sp-e-regiao-ismael-colosi\/"},"img":{"alt_text":"","src":"https:\/\/i0.wp.com\/noticiasribeiraopreto.com.br\/wp-content\/uploads\/2024\/02\/Mulheres-no-mercado-de-trabalho.jpg?fit=614%2C412&ssl=1&resize=350%2C200","width":350,"height":200,"srcset":"https:\/\/i0.wp.com\/noticiasribeiraopreto.com.br\/wp-content\/uploads\/2024\/02\/Mulheres-no-mercado-de-trabalho.jpg?fit=614%2C412&ssl=1&resize=350%2C200 1x, https:\/\/i0.wp.com\/noticiasribeiraopreto.com.br\/wp-content\/uploads\/2024\/02\/Mulheres-no-mercado-de-trabalho.jpg?fit=614%2C412&ssl=1&resize=525%2C300 1.5x"},"classes":[]},{"id":37178,"url":"https:\/\/noticiasribeiraopreto.com.br\/index.php\/2024\/02\/14\/prazo-para-pagamento-de-inscricoes-do-enem-dos-concursos-termina-na-sexta\/","url_meta":{"origin":36968,"position":3},"title":"Prazo para pagamento de inscri\u00e7\u00f5es do \u2018Enem dos Concursos\u2019 termina na sexta","author":"noticiasribeiraopreto.com.br","date":"14 de February de 2024","format":false,"excerpt":"O prazo para o pagamento das inscri\u00e7\u00f5es do Concurso P\u00fablico Nacional Unificado (CPNU), chamado de \u201cEnem dos Concursos\u201d termina nesta sexta-feira (16). Segundo o Minist\u00e9rio da Gest\u00e3o e da Inova\u00e7\u00e3o em Servi\u00e7os P\u00fablicos, ao todo 2,65 milh\u00f5es de pessoas se inscreveram. Desse total, faltam 1,28 milh\u00e3o de candidatos pagarem a\u2026","rel":"","context":"In &quot;Not\u00edcias de Ribeir\u00e3o Preto-SP e Regi\u00e3o&quot;","block_context":{"text":"Not\u00edcias de Ribeir\u00e3o Preto-SP e Regi\u00e3o","link":"https:\/\/noticiasribeiraopreto.com.br\/index.php\/category\/noticias-de-ribeirao-preto-sp-e-regiao-ismael-colosi\/"},"img":{"alt_text":"","src":"https:\/\/i0.wp.com\/noticiasribeiraopreto.com.br\/wp-content\/uploads\/2024\/02\/65d0940e-7db2-4d9b-9336-735005991b79.jpeg?fit=768%2C512&ssl=1&resize=350%2C200","width":350,"height":200,"srcset":"https:\/\/i0.wp.com\/noticiasribeiraopreto.com.br\/wp-content\/uploads\/2024\/02\/65d0940e-7db2-4d9b-9336-735005991b79.jpeg?fit=768%2C512&ssl=1&resize=350%2C200 1x, https:\/\/i0.wp.com\/noticiasribeiraopreto.com.br\/wp-content\/uploads\/2024\/02\/65d0940e-7db2-4d9b-9336-735005991b79.jpeg?fit=768%2C512&ssl=1&resize=525%2C300 1.5x, https:\/\/i0.wp.com\/noticiasribeiraopreto.com.br\/wp-content\/uploads\/2024\/02\/65d0940e-7db2-4d9b-9336-735005991b79.jpeg?fit=768%2C512&ssl=1&resize=700%2C400 2x"},"classes":[]},{"id":51099,"url":"https:\/\/noticiasribeiraopreto.com.br\/index.php\/2024\/05\/23\/enem-dos-concursos-governo-define-nova-data-do-concurso-publico-nacional-unificado\/","url_meta":{"origin":36968,"position":4},"title":"Enem dos Concursos: governo define nova data do Concurso P\u00fablico Nacional Unificado","author":"noticiasribeiraopreto.com.br","date":"23 de May de 2024","format":false,"excerpt":"Da reda\u00e7\u00e3oi Da reda\u00e7\u00e3o 23\/05\/2024 - 8:31 O Concurso P\u00fablico Nacional Unificado (CNPU), o chamado \u201cEnem dos Concursos, j\u00e1 tem uma nova data: 18 de agosto. O an\u00fancio foi feito nesta quinta-feira, 23, pelo Minist\u00e9rio da Gest\u00e3o e da Inova\u00e7\u00e3o em Servi\u00e7os P\u00fablicos.A prova reunir\u00e1 mais de 2,1 milh\u00f5es de\u2026","rel":"","context":"In &quot;Empregos - Classificados&quot;","block_context":{"text":"Empregos - Classificados","link":"https:\/\/noticiasribeiraopreto.com.br\/index.php\/category\/empregos-classificados-vagas-trabalho\/"},"img":{"alt_text":"","src":"https:\/\/i0.wp.com\/noticiasribeiraopreto.com.br\/wp-content\/uploads\/2024\/05\/615-1.jpg?fit=1000%2C667&ssl=1&resize=350%2C200","width":350,"height":200,"srcset":"https:\/\/i0.wp.com\/noticiasribeiraopreto.com.br\/wp-content\/uploads\/2024\/05\/615-1.jpg?fit=1000%2C667&ssl=1&resize=350%2C200 1x, https:\/\/i0.wp.com\/noticiasribeiraopreto.com.br\/wp-content\/uploads\/2024\/05\/615-1.jpg?fit=1000%2C667&ssl=1&resize=525%2C300 1.5x, https:\/\/i0.wp.com\/noticiasribeiraopreto.com.br\/wp-content\/uploads\/2024\/05\/615-1.jpg?fit=1000%2C667&ssl=1&resize=700%2C400 2x"},"classes":[]},{"id":47250,"url":"https:\/\/noticiasribeiraopreto.com.br\/index.php\/2024\/04\/25\/enem-dos-concursos-tera-coleta-de-digital-e-exame-grafologico-para-evitar-fraudes-entenda\/","url_meta":{"origin":36968,"position":5},"title":"\u2018Enem dos concursos\u2019 ter\u00e1 coleta de digital e exame grafol\u00f3gico para evitar fraudes; entenda","author":"noticiasribeiraopreto.com.br","date":"25 de April de 2024","format":false,"excerpt":"Da reda\u00e7\u00e3oi Da reda\u00e7\u00e3o 23\/04\/2024 - 9:15 O CNPU (Concurso P\u00fablico Nacional Unificado), tamb\u00e9m conhecido como \u201cEnem dos Concursos\u201d, ser\u00e1 realizado no dia 5 de maio em 228 cidades.Para garantir a lisura do processo aos 2,1 milh\u00f5es de candidatos, a organiza\u00e7\u00e3o adotou medidas de seguran\u00e7a para a aplica\u00e7\u00e3o da prova.\u2026","rel":"","context":"In &quot;Empregos - Classificados&quot;","block_context":{"text":"Empregos - Classificados","link":"https:\/\/noticiasribeiraopreto.com.br\/index.php\/category\/empregos-classificados-vagas-trabalho\/"},"img":{"alt_text":"","src":"https:\/\/i0.wp.com\/noticiasribeiraopreto.com.br\/wp-content\/uploads\/2024\/04\/hand-with-pen-writing-paper-scaled.jpg?fit=1200%2C800&ssl=1&resize=350%2C200","width":350,"height":200,"srcset":"https:\/\/i0.wp.com\/noticiasribeiraopreto.com.br\/wp-content\/uploads\/2024\/04\/hand-with-pen-writing-paper-scaled.jpg?fit=1200%2C800&ssl=1&resize=350%2C200 1x, https:\/\/i0.wp.com\/noticiasribeiraopreto.com.br\/wp-content\/uploads\/2024\/04\/hand-with-pen-writing-paper-scaled.jpg?fit=1200%2C800&ssl=1&resize=525%2C300 1.5x, https:\/\/i0.wp.com\/noticiasribeiraopreto.com.br\/wp-content\/uploads\/2024\/04\/hand-with-pen-writing-paper-scaled.jpg?fit=1200%2C800&ssl=1&resize=700%2C400 2x, https:\/\/i0.wp.com\/noticiasribeiraopreto.com.br\/wp-content\/uploads\/2024\/04\/hand-with-pen-writing-paper-scaled.jpg?fit=1200%2C800&ssl=1&resize=1050%2C600 3x"},"classes":[]}],"jetpack_sharing_enabled":true,"jetpack_shortlink":"https:\/\/wp.me\/peQAOb-9Cg","_links":{"self":[{"href":"https:\/\/noticiasribeiraopreto.com.br\/index.php\/wp-json\/wp\/v2\/posts\/36968","targetHints":{"allow":["GET"]}}],"collection":[{"href":"https:\/\/noticiasribeiraopreto.com.br\/index.php\/wp-json\/wp\/v2\/posts"}],"about":[{"href":"https:\/\/noticiasribeiraopreto.com.br\/index.php\/wp-json\/wp\/v2\/types\/post"}],"author":[{"embeddable":true,"href":"https:\/\/noticiasribeiraopreto.com.br\/index.php\/wp-json\/wp\/v2\/users\/1"}],"replies":[{"embeddable":true,"href":"https:\/\/noticiasribeiraopreto.com.br\/index.php\/wp-json\/wp\/v2\/comments?post=36968"}],"version-history":[{"count":0,"href":"https:\/\/noticiasribeiraopreto.com.br\/index.php\/wp-json\/wp\/v2\/posts\/36968\/revisions"}],"wp:featuredmedia":[{"embeddable":true,"href":"https:\/\/noticiasribeiraopreto.com.br\/index.php\/wp-json\/wp\/v2\/media\/36969"}],"wp:attachment":[{"href":"https:\/\/noticiasribeiraopreto.com.br\/index.php\/wp-json\/wp\/v2\/media?parent=36968"}],"wp:term":[{"taxonomy":"category","embeddable":true,"href":"https:\/\/noticiasribeiraopreto.com.br\/index.php\/wp-json\/wp\/v2\/categories?post=36968"},{"taxonomy":"post_tag","embeddable":true,"href":"https:\/\/noticiasribeiraopreto.com.br\/index.php\/wp-json\/wp\/v2\/tags?post=36968"}],"curies":[{"name":"wp","href":"https:\/\/api.w.org\/{rel}","templated":true}]}}