{"id":37070,"date":"2024-02-14T10:05:42","date_gmt":"2024-02-14T13:05:42","guid":{"rendered":"https:\/\/noticiasribeiraopreto.com.br\/index.php\/2024\/02\/14\/prefeitura-no-interior-de-sp-tem-concurso-publico-com-53-vagas-e-salarios-de-r-3-mil\/"},"modified":"2024-02-14T10:05:42","modified_gmt":"2024-02-14T13:05:42","slug":"prefeitura-no-interior-de-sp-tem-concurso-publico-com-53-vagas-e-salarios-de-r-3-mil","status":"publish","type":"post","link":"https:\/\/noticiasribeiraopreto.com.br\/index.php\/2024\/02\/14\/prefeitura-no-interior-de-sp-tem-concurso-publico-com-53-vagas-e-salarios-de-r-3-mil\/","title":{"rendered":"Prefeitura no interior de SP tem concurso p\u00fablico com 53 vagas e sal\u00e1rios de R$ 3 mil"},"content":{"rendered":"<div class='code-block code-block-1' style='margin: 8px 0 8px auto; text-align: right; display: block; clear: both;'>\n<p><a href=\"https:\/\/wa.link\/vpicfd\"><img data-recalc-dims=\"1\" class=\"wp-image-4922\" style=\"aspect-ratio: 2.0253164556962027; width: 561px; height: auto;\" src=\"https:\/\/i0.wp.com\/ismaelcolosi.com.br\/wp-content\/uploads\/2023\/11\/grupo-de-empregos-whatsapp-e-facebook-ismael-colosi-vagas.jpg?ssl=1\" alt=\"\" \/><\/a><\/p>\n<!-- \/wp:image -->\n<\/div>\n<p> <br \/>\n<\/p>\n<div data-td-block-uid=\"tdi_102\">\n<div class=\"tdb-block-inner td-fix-index\">\n<p>A <strong><a href=\"https:\/\/terraroxa.atende.net\/cidadao\" target=\"_blank\" rel=\"noreferrer noopener nofollow\">Prefeitura de Terra Roxa<\/a><\/strong>, no <strong>interior de S\u00e3o Paulo<\/strong>, tem<strong> concurso p\u00fablico<\/strong> com 53 vagas e sal\u00e1rios de at\u00e9 R$ 3,2 mil. As oportunidades s\u00e3o de n\u00edvel fundamental, m\u00e9dio e superior.<\/p>\n<p><mark style=\"background-color:#fcb900\" class=\"has-inline-color has-black-color\">As inscri\u00e7\u00f5es devem ser realizadas at\u00e9 o dia 25 de fevereiro<\/mark> pela internet (<a href=\"https:\/\/www.aptaconcursos.com.br\/concursos\/publicacoes\/PREFEITURA+MUNICIPAL+DE+TERRA+ROXA\/697\" target=\"_blank\" rel=\"noreferrer noopener nofollow\">clique aqui<\/a>). O valor da taxa de inscri\u00e7\u00e3o varia entre R$ 40 e R$ 70.<\/p>\n<h4 class=\"wp-block-heading\"><strong>Veja as vagas<\/strong><\/h4>\n<p><strong>Ensino fundamental<\/strong><\/p>\n<ul>\n<li>Auxiliar de apoio (1 vaga), Motorista (1 vaga)<\/li>\n<\/ul>\n<p><strong>Ensino m\u00e9dio<\/strong><\/p>\n<p><strong>Ensino superior<\/strong><\/p>\n<ul>\n<li>Supervisor geral do ensino fundamental (2 vagas), diretor de escola (7 vagas), coordenador pedag\u00f3gico (10 vagas), psicopedagogo (1 vaga), psic\u00f3logo escolar (1 vaga), assistente social escolar (1 vaga), cuidador de crian\u00e7as portadora de necessidades especiais (4 vagas), professor I \u2013 ensino fundamental (10 vagas), professor de ensino infantil (10 vagas), terapeuta ocupacional (1 vaga), enfermeiro padr\u00e3o (1 vaga), fonoaudi\u00f3logo (1 vaga).<\/li>\n<\/ul>\n<p>As provas objetivas ser\u00e3o aplicadas no dia 24 de mar\u00e7o. O edital completo pode ser conferido <a href=\"https:\/\/www.aptaconcursos.com.br\/concursos\/publicacoes\/PREFEITURA+MUNICIPAL+DE+TERRA+ROXA\/697\" target=\"_blank\" rel=\"noreferrer noopener nofollow\">clicando aqui<\/a>.<\/p>\n<p>SAIBA MAIS<br \/>Previs\u00e3o de temporais deixa interior de SP em alerta nesta quarta; Confira<\/p>\n<h4 class=\"wp-block-heading\"><strong>FIQUE ON<\/strong><\/h4>\n<p>Fique ligado em tudo que acontece em Ribeir\u00e3o Preto e regi\u00e3o. Siga os perfis do<strong> acidade on<\/strong> no <a href=\"https:\/\/www.instagram.com\/acidadeonribeirao\" target=\"_blank\" rel=\"noreferrer noopener nofollow\">Instagram<\/a> e no <a href=\"https:\/\/www.facebook.com\/acidadeonribeirao\" target=\"_blank\" rel=\"noreferrer noopener nofollow\">Facebook<\/a>.<\/p>\n<p>Receba not\u00edcias do <strong>acidade on <\/strong>no WhatsApp. <a href=\"https:\/\/chat.whatsapp.com\/Bnv2w66ZT4VDyZW3oiZ69n\" target=\"_blank\" rel=\"noreferrer noopener nofollow\">Para entrar no grupo, basta clicar aqui.<\/a><\/p>\n<p>Fa\u00e7a uma den\u00fancia ou sugira uma reportagem sobre Ribeir\u00e3o Preto e regi\u00e3o pelo WhatsApp: 16 99117 7802.<\/p>\n<p>VEJA TAMB\u00c9M<br \/>Pitel \u00e9 da onde? Sotaque de sister no BBB 24 chama aten\u00e7\u00e3o<\/p>\n<p><!-- AI CONTENT END 1 -->\n<\/div>\n<\/div>\n<p><script async src=\"\/\/www.instagram.com\/embed.js\"><\/script><br \/>\n<br \/><br \/>\n<br \/><a href=\"https:\/\/www.acidadeon.com\/ribeiraopreto\/economia\/prefeitura-no-interior-de-sp-tem-concurso-publico-com-53-vagas-e-salarios-de-r-3-mil\/\">Source link <\/a><\/p>\n<!-- CONTENT END 1 -->\n","protected":false},"excerpt":{"rendered":"<p>A Prefeitura de Terra Roxa, no interior de S\u00e3o Paulo, tem concurso p\u00fablico com 53 vagas e sal\u00e1rios de at\u00e9 R$ 3,2 mil. As oportunidades&#8230;<\/p>\n","protected":false},"author":1,"featured_media":37071,"comment_status":"open","ping_status":"open","sticky":false,"template":"","format":"standard","meta":{"advanced_seo_description":"","jetpack_seo_html_title":"","jetpack_seo_noindex":false,"jetpack_post_was_ever_published":false,"_jetpack_newsletter_access":"","_jetpack_dont_email_post_to_subs":false,"_jetpack_newsletter_tier_id":0,"_jetpack_memberships_contains_paywalled_content":false,"_jetpack_memberships_contains_paid_content":false,"footnotes":"","jetpack_publicize_message":"","jetpack_publicize_feature_enabled":true,"jetpack_social_post_already_shared":true,"jetpack_social_options":{"image_generator_settings":{"template":"highway","default_image_id":0,"font":"","enabled":false},"version":2}},"categories":[11],"tags":[],"class_list":["post-37070","post","type-post","status-publish","format-standard","has-post-thumbnail","hentry","category-noticias-de-ribeirao-preto-sp-e-regiao-ismael-colosi"],"jetpack_publicize_connections":[],"jetpack_featured_media_url":"https:\/\/i0.wp.com\/noticiasribeiraopreto.com.br\/wp-content\/uploads\/2024\/02\/1707915946_concurso-publico-13.jpg?fit=1500%2C1001&ssl=1","jetpack-related-posts":[{"id":84253,"url":"https:\/\/noticiasribeiraopreto.com.br\/index.php\/2026\/04\/06\/concurso-no-interior-de-sp-tem-vagas-para-todos-os-niveis-e-salarios-de-ate-r-10-mil\/","url_meta":{"origin":37070,"position":0},"title":"Concurso no interior de SP tem vagas para todos os n\u00edveis e sal\u00e1rios de at\u00e9 R$ 10 mil","author":"noticiasribeiraopreto.com.br","date":"6 de April de 2026","format":false,"excerpt":"Ler o resumo da not\u00edcia Concurso no interior de SP tem vagas para todos os n\u00edveis e sal\u00e1rios de at\u00e9 R$ 10 mil A Prefeitura de Tai\u00fava, no interior de S\u00e3o Paulo, abriu inscri\u00e7\u00f5es para concurso p\u00fablico e processo seletivo com vagas para profissionais de n\u00edveis fundamental, m\u00e9dio e superior.\u2026","rel":"","context":"In &quot;Not\u00edcias de Ribeir\u00e3o Preto-SP e Regi\u00e3o&quot;","block_context":{"text":"Not\u00edcias de Ribeir\u00e3o Preto-SP e Regi\u00e3o","link":"https:\/\/noticiasribeiraopreto.com.br\/index.php\/category\/noticias-de-ribeirao-preto-sp-e-regiao-ismael-colosi\/"},"img":{"alt_text":"","src":"https:\/\/i0.wp.com\/noticiasribeiraopreto.com.br\/wp-content\/uploads\/2024\/07\/Copia-de-Copia-de-TAMANHO-EXATO-PARA-FOTOS-NO-SISTEMA-NOVO-5_2024-07-27_19-14-03_jpg_2024-07-27_19-14-03.webp.webp?fit=1200%2C675&ssl=1&resize=350%2C200","width":350,"height":200,"srcset":"https:\/\/i0.wp.com\/noticiasribeiraopreto.com.br\/wp-content\/uploads\/2024\/07\/Copia-de-Copia-de-TAMANHO-EXATO-PARA-FOTOS-NO-SISTEMA-NOVO-5_2024-07-27_19-14-03_jpg_2024-07-27_19-14-03.webp.webp?fit=1200%2C675&ssl=1&resize=350%2C200 1x, https:\/\/i0.wp.com\/noticiasribeiraopreto.com.br\/wp-content\/uploads\/2024\/07\/Copia-de-Copia-de-TAMANHO-EXATO-PARA-FOTOS-NO-SISTEMA-NOVO-5_2024-07-27_19-14-03_jpg_2024-07-27_19-14-03.webp.webp?fit=1200%2C675&ssl=1&resize=525%2C300 1.5x, https:\/\/i0.wp.com\/noticiasribeiraopreto.com.br\/wp-content\/uploads\/2024\/07\/Copia-de-Copia-de-TAMANHO-EXATO-PARA-FOTOS-NO-SISTEMA-NOVO-5_2024-07-27_19-14-03_jpg_2024-07-27_19-14-03.webp.webp?fit=1200%2C675&ssl=1&resize=700%2C400 2x, https:\/\/i0.wp.com\/noticiasribeiraopreto.com.br\/wp-content\/uploads\/2024\/07\/Copia-de-Copia-de-TAMANHO-EXATO-PARA-FOTOS-NO-SISTEMA-NOVO-5_2024-07-27_19-14-03_jpg_2024-07-27_19-14-03.webp.webp?fit=1200%2C675&ssl=1&resize=1050%2C600 3x"},"classes":[]},{"id":77489,"url":"https:\/\/noticiasribeiraopreto.com.br\/index.php\/2025\/09\/19\/prefeitura-no-interior-de-sp-abre-concurso-publico-com-salarios-de-ate-r-47-mil\/","url_meta":{"origin":37070,"position":1},"title":"Prefeitura no interior de SP abre concurso p\u00fablico com sal\u00e1rios de at\u00e9 R$ 4,7 mil","author":"noticiasribeiraopreto.com.br","date":"19 de September de 2025","format":false,"excerpt":"\u00a0A Prefeitura de Cajuru, no interior de S\u00e3o Paulo, publicou um novo edital de concurso p\u00fablico que pretende contratar profissionais de ensino fundamental, m\u00e9dio e superior. As oportunidades s\u00e3o para diferentes cargos, al\u00e9m da forma\u00e7\u00e3o de cadastro reserva \u2013 veja a lista de vagas abaixo. Os sal\u00e1rios variam entre R$\u2026","rel":"","context":"In &quot;Not\u00edcias de Ribeir\u00e3o Preto-SP e Regi\u00e3o&quot;","block_context":{"text":"Not\u00edcias de Ribeir\u00e3o Preto-SP e Regi\u00e3o","link":"https:\/\/noticiasribeiraopreto.com.br\/index.php\/category\/noticias-de-ribeirao-preto-sp-e-regiao-ismael-colosi\/"},"img":{"alt_text":"","src":"https:\/\/i0.wp.com\/noticiasribeiraopreto.com.br\/wp-content\/uploads\/2025\/09\/public-examination-preparation-concept_2025-09-19_17-43-12.webp.webp?fit=1200%2C801&ssl=1&resize=350%2C200","width":350,"height":200,"srcset":"https:\/\/i0.wp.com\/noticiasribeiraopreto.com.br\/wp-content\/uploads\/2025\/09\/public-examination-preparation-concept_2025-09-19_17-43-12.webp.webp?fit=1200%2C801&ssl=1&resize=350%2C200 1x, https:\/\/i0.wp.com\/noticiasribeiraopreto.com.br\/wp-content\/uploads\/2025\/09\/public-examination-preparation-concept_2025-09-19_17-43-12.webp.webp?fit=1200%2C801&ssl=1&resize=525%2C300 1.5x, https:\/\/i0.wp.com\/noticiasribeiraopreto.com.br\/wp-content\/uploads\/2025\/09\/public-examination-preparation-concept_2025-09-19_17-43-12.webp.webp?fit=1200%2C801&ssl=1&resize=700%2C400 2x, https:\/\/i0.wp.com\/noticiasribeiraopreto.com.br\/wp-content\/uploads\/2025\/09\/public-examination-preparation-concept_2025-09-19_17-43-12.webp.webp?fit=1200%2C801&ssl=1&resize=1050%2C600 3x"},"classes":[]},{"id":73664,"url":"https:\/\/noticiasribeiraopreto.com.br\/index.php\/2025\/07\/07\/prefeitura-no-interior-de-sp-abre-inscricoes-para-concurso-publico\/","url_meta":{"origin":37070,"position":2},"title":"Prefeitura no interior de SP abre inscri\u00e7\u00f5es para concurso p\u00fablico","author":"noticiasribeiraopreto.com.br","date":"7 de July de 2025","format":false,"excerpt":"A Prefeitura de Sales Oliveira, no interior de S\u00e3o Paulo, est\u00e1 com inscri\u00e7\u00f5es abertas para concurso p\u00fablico. As vagas s\u00e3o para os n\u00edveis fundamental, m\u00e9dio e superior, al\u00e9m da forma\u00e7\u00e3o de cadastro reserva. Os sal\u00e1rios para as fun\u00e7\u00f5es variam de R$ 1,5 mil a R$ 3,6 mil (confira abaixo). As\u2026","rel":"","context":"In &quot;Not\u00edcias de Ribeir\u00e3o Preto-SP e Regi\u00e3o&quot;","block_context":{"text":"Not\u00edcias de Ribeir\u00e3o Preto-SP e Regi\u00e3o","link":"https:\/\/noticiasribeiraopreto.com.br\/index.php\/category\/noticias-de-ribeirao-preto-sp-e-regiao-ismael-colosi\/"},"img":{"alt_text":"","src":"https:\/\/i0.wp.com\/noticiasribeiraopreto.com.br\/wp-content\/uploads\/2025\/06\/close-up-woman-filling-application-form_2024-10-02_18-06-48_jpg_2024-10-02_18-06-50-scaled.webp.webp?fit=1200%2C800&ssl=1&resize=350%2C200","width":350,"height":200,"srcset":"https:\/\/i0.wp.com\/noticiasribeiraopreto.com.br\/wp-content\/uploads\/2025\/06\/close-up-woman-filling-application-form_2024-10-02_18-06-48_jpg_2024-10-02_18-06-50-scaled.webp.webp?fit=1200%2C800&ssl=1&resize=350%2C200 1x, https:\/\/i0.wp.com\/noticiasribeiraopreto.com.br\/wp-content\/uploads\/2025\/06\/close-up-woman-filling-application-form_2024-10-02_18-06-48_jpg_2024-10-02_18-06-50-scaled.webp.webp?fit=1200%2C800&ssl=1&resize=525%2C300 1.5x, https:\/\/i0.wp.com\/noticiasribeiraopreto.com.br\/wp-content\/uploads\/2025\/06\/close-up-woman-filling-application-form_2024-10-02_18-06-48_jpg_2024-10-02_18-06-50-scaled.webp.webp?fit=1200%2C800&ssl=1&resize=700%2C400 2x, https:\/\/i0.wp.com\/noticiasribeiraopreto.com.br\/wp-content\/uploads\/2025\/06\/close-up-woman-filling-application-form_2024-10-02_18-06-48_jpg_2024-10-02_18-06-50-scaled.webp.webp?fit=1200%2C800&ssl=1&resize=1050%2C600 3x"},"classes":[]},{"id":77378,"url":"https:\/\/noticiasribeiraopreto.com.br\/index.php\/2025\/09\/17\/prefeitura-no-interior-de-sp-publica-edital-de-concurso-com-salarios-de-ate-r-71-mil\/","url_meta":{"origin":37070,"position":3},"title":"Prefeitura no interior de SP publica edital de concurso com sal\u00e1rios de at\u00e9 R$ 7,1 mil","author":"noticiasribeiraopreto.com.br","date":"17 de September de 2025","format":false,"excerpt":"A Prefeitura de Cajuru, no interior de S\u00e3o Paulo, abriu concurso p\u00fablico para a contra\u00e7\u00e3o de profissionais de n\u00edvel fundamental, m\u00e9dio e superior, com sal\u00e1rios que variam de R$ 1,5 mil a R$ 7,1 mil. As oportunidades s\u00e3o para diferentes cargos, al\u00e9m da forma\u00e7\u00e3o de cadastro reserva \u2013 veja a\u2026","rel":"","context":"In &quot;Not\u00edcias de Ribeir\u00e3o Preto-SP e Regi\u00e3o&quot;","block_context":{"text":"Not\u00edcias de Ribeir\u00e3o Preto-SP e Regi\u00e3o","link":"https:\/\/noticiasribeiraopreto.com.br\/index.php\/category\/noticias-de-ribeirao-preto-sp-e-regiao-ismael-colosi\/"},"img":{"alt_text":"","src":"https:\/\/i0.wp.com\/noticiasribeiraopreto.com.br\/wp-content\/uploads\/2025\/09\/Copia-de-Copia-de-Copia-de-TAMANHO-EXATO-PARA-FOTOS-NO-SISTEMA-NOVO-2025-09-17T162548.484_2025-09-17_19-25-53.webp.webp?fit=1200%2C675&ssl=1&resize=350%2C200","width":350,"height":200,"srcset":"https:\/\/i0.wp.com\/noticiasribeiraopreto.com.br\/wp-content\/uploads\/2025\/09\/Copia-de-Copia-de-Copia-de-TAMANHO-EXATO-PARA-FOTOS-NO-SISTEMA-NOVO-2025-09-17T162548.484_2025-09-17_19-25-53.webp.webp?fit=1200%2C675&ssl=1&resize=350%2C200 1x, https:\/\/i0.wp.com\/noticiasribeiraopreto.com.br\/wp-content\/uploads\/2025\/09\/Copia-de-Copia-de-Copia-de-TAMANHO-EXATO-PARA-FOTOS-NO-SISTEMA-NOVO-2025-09-17T162548.484_2025-09-17_19-25-53.webp.webp?fit=1200%2C675&ssl=1&resize=525%2C300 1.5x, https:\/\/i0.wp.com\/noticiasribeiraopreto.com.br\/wp-content\/uploads\/2025\/09\/Copia-de-Copia-de-Copia-de-TAMANHO-EXATO-PARA-FOTOS-NO-SISTEMA-NOVO-2025-09-17T162548.484_2025-09-17_19-25-53.webp.webp?fit=1200%2C675&ssl=1&resize=700%2C400 2x, https:\/\/i0.wp.com\/noticiasribeiraopreto.com.br\/wp-content\/uploads\/2025\/09\/Copia-de-Copia-de-Copia-de-TAMANHO-EXATO-PARA-FOTOS-NO-SISTEMA-NOVO-2025-09-17T162548.484_2025-09-17_19-25-53.webp.webp?fit=1200%2C675&ssl=1&resize=1050%2C600 3x"},"classes":[]},{"id":79711,"url":"https:\/\/noticiasribeiraopreto.com.br\/index.php\/2025\/11\/06\/prefeitura-no-interior-de-sp-tem-concurso-publico-com-19-vagas-e-salarios-de-r-8-mil\/","url_meta":{"origin":37070,"position":4},"title":"Prefeitura no interior de SP tem concurso p\u00fablico com 19 vagas e sal\u00e1rios de R$ 8 mil","author":"noticiasribeiraopreto.com.br","date":"6 de November de 2025","format":false,"excerpt":"A Prefeitura de Jaboticabal, no interior de S\u00e3o Paulo, est\u00e1 com as inscri\u00e7\u00f5es abertas de concurso p\u00fablico com 19 vagas de n\u00edvel superior e sal\u00e1rios que variam entre R$ 5.008,31 e R$ 8.165,33. As inscri\u00e7\u00f5es devem ser realizadas pela internet (clique aqui) at\u00e9 o dia 4 de dezembro de 2025.\u2026","rel":"","context":"In &quot;Not\u00edcias de Ribeir\u00e3o Preto-SP e Regi\u00e3o&quot;","block_context":{"text":"Not\u00edcias de Ribeir\u00e3o Preto-SP e Regi\u00e3o","link":"https:\/\/noticiasribeiraopreto.com.br\/index.php\/category\/noticias-de-ribeirao-preto-sp-e-regiao-ismael-colosi\/"},"img":{"alt_text":"","src":"https:\/\/i0.wp.com\/noticiasribeiraopreto.com.br\/wp-content\/uploads\/2025\/10\/concurso_2025-10-10_18-32-50.webp.webp?fit=1200%2C963&ssl=1&resize=350%2C200","width":350,"height":200,"srcset":"https:\/\/i0.wp.com\/noticiasribeiraopreto.com.br\/wp-content\/uploads\/2025\/10\/concurso_2025-10-10_18-32-50.webp.webp?fit=1200%2C963&ssl=1&resize=350%2C200 1x, https:\/\/i0.wp.com\/noticiasribeiraopreto.com.br\/wp-content\/uploads\/2025\/10\/concurso_2025-10-10_18-32-50.webp.webp?fit=1200%2C963&ssl=1&resize=525%2C300 1.5x, https:\/\/i0.wp.com\/noticiasribeiraopreto.com.br\/wp-content\/uploads\/2025\/10\/concurso_2025-10-10_18-32-50.webp.webp?fit=1200%2C963&ssl=1&resize=700%2C400 2x, https:\/\/i0.wp.com\/noticiasribeiraopreto.com.br\/wp-content\/uploads\/2025\/10\/concurso_2025-10-10_18-32-50.webp.webp?fit=1200%2C963&ssl=1&resize=1050%2C600 3x"},"classes":[]},{"id":36364,"url":"https:\/\/noticiasribeiraopreto.com.br\/index.php\/2024\/02\/09\/prefeitura-no-interior-de-sp-tem-concurso-publico-com-37-vagas-e-salarios-de-r-11-mil\/","url_meta":{"origin":37070,"position":5},"title":"Prefeitura no interior de SP tem concurso p\u00fablico com 37 vagas e sal\u00e1rios de R$ 11 mil","author":"noticiasribeiraopreto.com.br","date":"9 de February de 2024","format":false,"excerpt":"A Prefeitura de Altin\u00f3polis, no interior de S\u00e3o Paulo, publicou edital de concurso p\u00fablico com 37 vagas de n\u00edvel fundamental, m\u00e9dio, t\u00e9cnico e superior. Os sal\u00e1rios variam entre R$ 1,4 mil e R$ 11,2 mil. As inscri\u00e7\u00f5es devem ser realizadas pela internet (clique aqui) no per\u00edodo entre 12 de fevereiro\u2026","rel":"","context":"In &quot;Not\u00edcias de Ribeir\u00e3o Preto-SP e Regi\u00e3o&quot;","block_context":{"text":"Not\u00edcias de Ribeir\u00e3o Preto-SP e Regi\u00e3o","link":"https:\/\/noticiasribeiraopreto.com.br\/index.php\/category\/noticias-de-ribeirao-preto-sp-e-regiao-ismael-colosi\/"},"img":{"alt_text":"","src":"https:\/\/i0.wp.com\/noticiasribeiraopreto.com.br\/wp-content\/uploads\/2024\/02\/concurso-publico-16.jpg?fit=1200%2C801&ssl=1&resize=350%2C200","width":350,"height":200,"srcset":"https:\/\/i0.wp.com\/noticiasribeiraopreto.com.br\/wp-content\/uploads\/2024\/02\/concurso-publico-16.jpg?fit=1200%2C801&ssl=1&resize=350%2C200 1x, https:\/\/i0.wp.com\/noticiasribeiraopreto.com.br\/wp-content\/uploads\/2024\/02\/concurso-publico-16.jpg?fit=1200%2C801&ssl=1&resize=525%2C300 1.5x, https:\/\/i0.wp.com\/noticiasribeiraopreto.com.br\/wp-content\/uploads\/2024\/02\/concurso-publico-16.jpg?fit=1200%2C801&ssl=1&resize=700%2C400 2x, https:\/\/i0.wp.com\/noticiasribeiraopreto.com.br\/wp-content\/uploads\/2024\/02\/concurso-publico-16.jpg?fit=1200%2C801&ssl=1&resize=1050%2C600 3x"},"classes":[]}],"jetpack_sharing_enabled":true,"jetpack_shortlink":"https:\/\/wp.me\/peQAOb-9DU","_links":{"self":[{"href":"https:\/\/noticiasribeiraopreto.com.br\/index.php\/wp-json\/wp\/v2\/posts\/37070","targetHints":{"allow":["GET"]}}],"collection":[{"href":"https:\/\/noticiasribeiraopreto.com.br\/index.php\/wp-json\/wp\/v2\/posts"}],"about":[{"href":"https:\/\/noticiasribeiraopreto.com.br\/index.php\/wp-json\/wp\/v2\/types\/post"}],"author":[{"embeddable":true,"href":"https:\/\/noticiasribeiraopreto.com.br\/index.php\/wp-json\/wp\/v2\/users\/1"}],"replies":[{"embeddable":true,"href":"https:\/\/noticiasribeiraopreto.com.br\/index.php\/wp-json\/wp\/v2\/comments?post=37070"}],"version-history":[{"count":0,"href":"https:\/\/noticiasribeiraopreto.com.br\/index.php\/wp-json\/wp\/v2\/posts\/37070\/revisions"}],"wp:featuredmedia":[{"embeddable":true,"href":"https:\/\/noticiasribeiraopreto.com.br\/index.php\/wp-json\/wp\/v2\/media\/37071"}],"wp:attachment":[{"href":"https:\/\/noticiasribeiraopreto.com.br\/index.php\/wp-json\/wp\/v2\/media?parent=37070"}],"wp:term":[{"taxonomy":"category","embeddable":true,"href":"https:\/\/noticiasribeiraopreto.com.br\/index.php\/wp-json\/wp\/v2\/categories?post=37070"},{"taxonomy":"post_tag","embeddable":true,"href":"https:\/\/noticiasribeiraopreto.com.br\/index.php\/wp-json\/wp\/v2\/tags?post=37070"}],"curies":[{"name":"wp","href":"https:\/\/api.w.org\/{rel}","templated":true}]}}