{"id":37078,"date":"2024-02-14T10:51:45","date_gmt":"2024-02-14T13:51:45","guid":{"rendered":"https:\/\/noticiasribeiraopreto.com.br\/index.php\/2024\/02\/14\/policia-prende-um-suspeito-de-participar-do-latrocinio-de-pm\/"},"modified":"2024-02-14T10:51:45","modified_gmt":"2024-02-14T13:51:45","slug":"policia-prende-um-suspeito-de-participar-do-latrocinio-de-pm","status":"publish","type":"post","link":"https:\/\/noticiasribeiraopreto.com.br\/index.php\/2024\/02\/14\/policia-prende-um-suspeito-de-participar-do-latrocinio-de-pm\/","title":{"rendered":"Pol\u00edcia prende um suspeito de participar do latroc\u00ednio de PM"},"content":{"rendered":"<div class='code-block code-block-1' style='margin: 8px 0 8px auto; text-align: right; display: block; clear: both;'>\n<p><a href=\"https:\/\/wa.link\/vpicfd\"><img data-recalc-dims=\"1\" class=\"wp-image-4922\" style=\"aspect-ratio: 2.0253164556962027; width: 561px; height: auto;\" src=\"https:\/\/i0.wp.com\/ismaelcolosi.com.br\/wp-content\/uploads\/2023\/11\/grupo-de-empregos-whatsapp-e-facebook-ismael-colosi-vagas.jpg?ssl=1\" alt=\"\" \/><\/a><\/p>\n<!-- \/wp:image -->\n<\/div>\n<p> <br \/>\n<\/p>\n<div id=\"\">\n<h2 class=\"penci-post-subtitle\">Homem foi capturado na cidade de Serrana e teria telefonado para o 190 da PM passando informa\u00e7\u00f5es falsas<\/h2>\n<p> <span class=\"entry-meta-item penci-posted-on\"><i class=\"fa fa-clock-o\"\/><time class=\"entry-date published updated\" datetime=\"2024-02-14T10:05:07-03:00\">14 de fevereiro de 2024 | 10:05<\/time><\/span><\/p>\n<p> <span class=\"penci-social-buttons penci-social-share-footer\"><a href=\"#\" class=\"penci-post-like penci_post-meta_item  single-like-button penci-social-item like\" data-post_id=\"373602\" title=\"Like\" data-like=\"Like\" data-unlike=\"Unlike\"><i class=\"fa fa-thumbs-o-up\"\/><span class=\"penci-share-number\">2<\/span><\/a><i class=\"fa fa-facebook\"\/><a class=\"penci-social-item twitter\" target=\"_blank\" rel=\"noopener\" title=\"\" href=\"https:\/\/twitter.com\/intent\/tweet?text=Pol\u00edcia%20prende%20um%20suspeito%20de%20participar%20do%20latroc\u00ednio%20de%20PM%20-%20https:\/\/www.tribunaribeirao.com.br\/site\/policia-prende-um-suspeito-de-participar-do-latrocinio-de-pm\/\"><i class=\"fa fa-twitter\"\/><\/a><i class=\"fa fa-whatsapp\"\/><\/span><\/div>\n<div>\n<p>Por: Adalberto Luque<\/p>\n<p>Um homem de 20 anos foi preso, na madrugada desta ter\u00e7a-feira (13), por suspeita de envolvimento no latroc\u00ednio do policial militar aposentado Darie Alves Tremura, ocorrido na manh\u00e3 de segunda-feira (12), no Centro de Ribeir\u00e3o Preto. O suspeito foi preso na cidade de Serrana, ap\u00f3s den\u00fancia an\u00f4nima.<\/p>\n<p>Segundo a PM, o denunciante informou ter ouvido conversa entre dois homens em um ponto de \u00f4nibus no Centro. Um disse ao outro que havia matado um policial e que precisava fugir para Serrana.<\/p>\n<p>Com as caracter\u00edsticas passadas pelo denunciante, os PMs fizeram buscas e encontraram dois homens em uma motocicleta pr\u00f3ximo \u00e0 rodovia que liga Serrana a Altin\u00f3polis. O condutor da moto disse que fazia corrida por aplicativo, contratada pelo homem que estava na garupa. Questionado, o homem disse que havia ido a Ribeir\u00e3o Preto na manh\u00e3 de segunda-feira (12) para comprar uma pe\u00e7a de celular, mas n\u00e3o encontrou.<\/p>\n<figure id=\"attachment_373604\" aria-describedby=\"caption-attachment-373604\" style=\"width: 747px\" class=\"wp-caption alignnone\"><noscript><img data-recalc-dims=\"1\" loading=\"lazy\" decoding=\"async\" class=\" wp-image-373604\" src=\"https:\/\/i0.wp.com\/www.tribunaribeirao.com.br\/site\/wp-content\/uploads\/2024\/02\/00-12-fev-2024-latrocinio-pm-aposentado-01-foto-reproducao.jpg?resize=747%2C599&#038;ssl=1\" alt=\"\" width=\"747\" height=\"599\" srcset=\"https:\/\/www.tribunaribeirao.com.br\/site\/wp-content\/uploads\/2024\/02\/00-12-fev-2024-latrocinio-pm-aposentado-01-foto-reproducao.jpg 559w, https:\/\/www.tribunaribeirao.com.br\/site\/wp-content\/uploads\/2024\/02\/00-12-fev-2024-latrocinio-pm-aposentado-01-foto-reproducao-300x240.jpg 300w, https:\/\/www.tribunaribeirao.com.br\/site\/wp-content\/uploads\/2024\/02\/00-12-fev-2024-latrocinio-pm-aposentado-01-foto-reproducao-499x400.jpg 499w\" sizes=\"auto, (max-width: 747px) 100vw, 747px\"\/><\/noscript><figcaption id=\"caption-attachment-373604\" class=\"wp-caption-text\">Tremura (na moto) foi rendido enquanto recolhia malote com seu enteado (Foto: Reprodu\u00e7\u00e3o)<\/figcaption><\/figure>\n<p>Os PMs perceberam contradi\u00e7\u00f5es na explica\u00e7\u00e3o do suspeito. Ele foi conduzido para a Central de Pol\u00edcia Judici\u00e1ria (CPJ), no Centro. Em depoimento, admitiu que teriam feito a proposta de participar do assalto ao posto de recarga dos cart\u00f5es de \u00f4nibus urbano onde ocorreu o assalto que terminou com a morte do PM aposentado. Disse que ofereceram R$ 3 mil para ficar vigiando, mas n\u00e3o teria aceitado.<\/p>\n<p>No entanto, admitiu ter estado no Centro no momento do tiroteio e ter feito uma liga\u00e7\u00e3o para a PM, depois do tiroteio, passando informa\u00e7\u00f5es falsas sobre um crime, para retardar a chegada de viaturas ao local do assalto. O homem levado \u00e0 delegacia estava com um documento de identidade de outra pessoa e um telefone celular.<\/p>\n<figure id=\"attachment_373608\" aria-describedby=\"caption-attachment-373608\" style=\"width: 727px\" class=\"wp-caption alignnone\"><img data-recalc-dims=\"1\" loading=\"lazy\" decoding=\"async\" alt=\"\" width=\"727\" height=\"588\" srcset=\"https:\/\/www.tribunaribeirao.com.br\/site\/wp-content\/uploads\/2024\/02\/00-12-fev-2024-latrocinio-pm-aposentado-02-foto-reproducao.jpg 543w, https:\/\/www.tribunaribeirao.com.br\/site\/wp-content\/uploads\/2024\/02\/00-12-fev-2024-latrocinio-pm-aposentado-02-foto-reproducao-300x243.jpg 300w, https:\/\/www.tribunaribeirao.com.br\/site\/wp-content\/uploads\/2024\/02\/00-12-fev-2024-latrocinio-pm-aposentado-02-foto-reproducao-495x400.jpg 495w\" src=\"https:\/\/i0.wp.com\/www.tribunaribeirao.com.br\/site\/wp-content\/uploads\/2024\/02\/00-12-fev-2024-latrocinio-pm-aposentado-02-foto-reproducao.jpg?resize=727%2C588&#038;ssl=1\" data-sizes=\"(max-width: 727px) 100vw, 727px\" class=\" wp-image-373608 lazyload\"\/><noscript><img data-recalc-dims=\"1\" loading=\"lazy\" decoding=\"async\" class=\" wp-image-373608\" src=\"https:\/\/i0.wp.com\/www.tribunaribeirao.com.br\/site\/wp-content\/uploads\/2024\/02\/00-12-fev-2024-latrocinio-pm-aposentado-02-foto-reproducao.jpg?resize=727%2C588&#038;ssl=1\" alt=\"\" width=\"727\" height=\"588\" srcset=\"https:\/\/www.tribunaribeirao.com.br\/site\/wp-content\/uploads\/2024\/02\/00-12-fev-2024-latrocinio-pm-aposentado-02-foto-reproducao.jpg 543w, https:\/\/www.tribunaribeirao.com.br\/site\/wp-content\/uploads\/2024\/02\/00-12-fev-2024-latrocinio-pm-aposentado-02-foto-reproducao-300x243.jpg 300w, https:\/\/www.tribunaribeirao.com.br\/site\/wp-content\/uploads\/2024\/02\/00-12-fev-2024-latrocinio-pm-aposentado-02-foto-reproducao-495x400.jpg 495w\" sizes=\"auto, (max-width: 727px) 100vw, 727px\"\/><\/noscript><figcaption id=\"caption-attachment-373608\" class=\"wp-caption-text\">Ap\u00f3s intensa troca de tiros, Tremura acabou morrendo e seu enteado foi ferido e hospitalizado (Foto: Reprodu\u00e7\u00e3o)<\/figcaption><\/figure>\n<p>Foi feita uma an\u00e1lise junto \u00e0 PM e constatou-se que o mesmo n\u00famero do telefone apreendido com o suspeito teria feito a liga\u00e7\u00e3o com informa\u00e7\u00f5es erradas para o n\u00famero 190. O delegado deu voz de pris\u00e3o.<\/p>\n<p>Na manh\u00e3 de ter\u00e7a-feira ele passou por audi\u00eancia de cust\u00f3dia e teve a pris\u00e3o em flagrante convertida para pris\u00e3o tempor\u00e1ria. O homem vai responder por crime de latroc\u00ednio e tentativa de latroc\u00ednio.<\/p>\n<p><span style=\"color: #008000\"><em><strong>Entenda o caso<\/strong><\/em><\/span><\/p>\n<p>Na manh\u00e3 de segunda-feira (12), O PM aposentado Darie Alves Tremura, de 63 anos, e seu enteado Rafael Bernardes Farias, de 36 anos, recolhiam um malote em um posto de recarga de cart\u00f5es do transporte coletivo, na Rua Tibiri\u00e7\u00e1, quase esquina com Rua Am\u00e9rico Brasiliense, Centro de Ribeir\u00e3o Preto.<\/p>\n<p>Por volta de 08h10, pelo menos tr\u00eas homens tentaram roubar o malote, que tinha R$ 23 mil. Farias, ao ver o assaltante rendendo o padrasto, teria reagido e houve intensa troca de tiros. Um homem de macac\u00e3o verde disparou v\u00e1rias vezes contra Tremura e Farias e roubou a arma do PM aposentado. Outro homem tamb\u00e9m teria disparado e foi ferido por Farias.<\/p>\n<figure id=\"attachment_373603\" aria-describedby=\"caption-attachment-373603\" style=\"width: 1000px\" class=\"wp-caption alignnone\"><img data-recalc-dims=\"1\" loading=\"lazy\" decoding=\"async\" alt=\"\" width=\"1000\" height=\"520\" srcset=\"https:\/\/www.tribunaribeirao.com.br\/site\/wp-content\/uploads\/2024\/02\/00-12-fev-2024-fuga-assaltantes-foto-reproducao-1-scaled.jpg 1000w, https:\/\/www.tribunaribeirao.com.br\/site\/wp-content\/uploads\/2024\/02\/00-12-fev-2024-fuga-assaltantes-foto-reproducao-1-300x156.jpg 300w, https:\/\/www.tribunaribeirao.com.br\/site\/wp-content\/uploads\/2024\/02\/00-12-fev-2024-fuga-assaltantes-foto-reproducao-1-1024x532.jpg 1024w, https:\/\/www.tribunaribeirao.com.br\/site\/wp-content\/uploads\/2024\/02\/00-12-fev-2024-fuga-assaltantes-foto-reproducao-1-768x399.jpg 768w, https:\/\/www.tribunaribeirao.com.br\/site\/wp-content\/uploads\/2024\/02\/00-12-fev-2024-fuga-assaltantes-foto-reproducao-1-1536x798.jpg 1536w, https:\/\/www.tribunaribeirao.com.br\/site\/wp-content\/uploads\/2024\/02\/00-12-fev-2024-fuga-assaltantes-foto-reproducao-1-960x499.jpg 960w, https:\/\/www.tribunaribeirao.com.br\/site\/wp-content\/uploads\/2024\/02\/00-12-fev-2024-fuga-assaltantes-foto-reproducao-1-770x400.jpg 770w, https:\/\/www.tribunaribeirao.com.br\/site\/wp-content\/uploads\/2024\/02\/00-12-fev-2024-fuga-assaltantes-foto-reproducao-1-585x304.jpg 585w\" src=\"https:\/\/i0.wp.com\/www.tribunaribeirao.com.br\/site\/wp-content\/uploads\/2024\/02\/00-12-fev-2024-fuga-assaltantes-foto-reproducao-1-scaled.jpg?resize=1000%2C520&#038;ssl=1\" data-sizes=\"(max-width: 1000px) 100vw, 1000px\" class=\"size-full wp-image-373603 lazyload\"\/><noscript><img data-recalc-dims=\"1\" loading=\"lazy\" decoding=\"async\" class=\"size-full wp-image-373603\" src=\"https:\/\/i0.wp.com\/www.tribunaribeirao.com.br\/site\/wp-content\/uploads\/2024\/02\/00-12-fev-2024-fuga-assaltantes-foto-reproducao-1-scaled.jpg?resize=1000%2C520&#038;ssl=1\" alt=\"\" width=\"1000\" height=\"520\" srcset=\"https:\/\/www.tribunaribeirao.com.br\/site\/wp-content\/uploads\/2024\/02\/00-12-fev-2024-fuga-assaltantes-foto-reproducao-1-scaled.jpg 1000w, https:\/\/www.tribunaribeirao.com.br\/site\/wp-content\/uploads\/2024\/02\/00-12-fev-2024-fuga-assaltantes-foto-reproducao-1-300x156.jpg 300w, https:\/\/www.tribunaribeirao.com.br\/site\/wp-content\/uploads\/2024\/02\/00-12-fev-2024-fuga-assaltantes-foto-reproducao-1-1024x532.jpg 1024w, https:\/\/www.tribunaribeirao.com.br\/site\/wp-content\/uploads\/2024\/02\/00-12-fev-2024-fuga-assaltantes-foto-reproducao-1-768x399.jpg 768w, https:\/\/www.tribunaribeirao.com.br\/site\/wp-content\/uploads\/2024\/02\/00-12-fev-2024-fuga-assaltantes-foto-reproducao-1-1536x798.jpg 1536w, https:\/\/www.tribunaribeirao.com.br\/site\/wp-content\/uploads\/2024\/02\/00-12-fev-2024-fuga-assaltantes-foto-reproducao-1-960x499.jpg 960w, https:\/\/www.tribunaribeirao.com.br\/site\/wp-content\/uploads\/2024\/02\/00-12-fev-2024-fuga-assaltantes-foto-reproducao-1-770x400.jpg 770w, https:\/\/www.tribunaribeirao.com.br\/site\/wp-content\/uploads\/2024\/02\/00-12-fev-2024-fuga-assaltantes-foto-reproducao-1-585x304.jpg 585w\" sizes=\"auto, (max-width: 1000px) 100vw, 1000px\"\/><\/noscript><figcaption id=\"caption-attachment-373603\" class=\"wp-caption-text\">Um dos assaltantes pode ter sido ferido e trocou a camiseta branca por outra preta, fugindo de moto com comparsa (Foto: Reprodu\u00e7\u00e3o)<\/figcaption><\/figure>\n<p>Tremura foi socorrido por PMs que estavam nas proximidades e chegaram rapidamente ao local da ocorr\u00eancia. Ele foi levado para o Hospital das Cl\u00ednicas \u2013 Unidade de Emerg\u00eancia, mas n\u00e3o resistiu aos ferimentos. Farias foi levado para um hospital particular e ficou internado. Seu estado de sa\u00fade n\u00e3o foi atualizado.<\/p>\n<p>A Delegacia de Homic\u00eddios da Divis\u00e3o Especializada em Investiga\u00e7\u00f5es Criminais (DEIC) entrou imediatamente no caso. C\u00e2meras de seguran\u00e7a gravaram um suspeito fugindo pela Rua Am\u00e9rico Brasiliense, em dire\u00e7\u00e3o \u00e0 Rua \u00c1lvares Cabral. O homem, possivelmente ferido na troca de tiros, trocou de roupa e jogou fora a camiseta com sangue.<\/p>\n<p>Depois fugiu de moto com o homem que vestia um macac\u00e3o verde usado por funcion\u00e1rios da limpeza p\u00fablica de Ribeir\u00e3o Preto. A camiseta foi encontrada e enviada para an\u00e1lise do material gen\u00e9tico, que ser\u00e1 confrontado em um banco nacional. Outro homem com um macac\u00e3o usado por funcion\u00e1rios da coleta p\u00fablica de lixo foi gravado fugindo ap\u00f3s o tiroteio. Dois dos envolvidos no crime s\u00e3o suspeitos de terem assaltado um posto de combust\u00edveis tr\u00eas dias antes, no Ipiranga. As investiga\u00e7\u00f5es prosseguem.<\/p>\n<\/div>\n<p><script async src=\"\/\/platform.twitter.com\/widgets.js\" charset=\"utf-8\"><\/script><br \/>\n<br \/><br \/>\n<br \/><a href=\"https:\/\/www.tribunaribeirao.com.br\/site\/policia-prende-um-suspeito-de-participar-do-latrocinio-de-pm\/\">Source link <\/a><\/p>\n<!-- CONTENT END 1 -->\n","protected":false},"excerpt":{"rendered":"<p>Homem foi capturado na cidade de Serrana e teria telefonado para o 190 da PM passando informa\u00e7\u00f5es falsas 14 de fevereiro de 2024 | 10:05&#8230;<\/p>\n","protected":false},"author":1,"featured_media":37079,"comment_status":"open","ping_status":"open","sticky":false,"template":"","format":"standard","meta":{"advanced_seo_description":"","jetpack_seo_html_title":"","jetpack_seo_noindex":false,"jetpack_post_was_ever_published":false,"_jetpack_newsletter_access":"","_jetpack_dont_email_post_to_subs":false,"_jetpack_newsletter_tier_id":0,"_jetpack_memberships_contains_paywalled_content":false,"_jetpack_memberships_contains_paid_content":false,"footnotes":"","jetpack_publicize_message":"","jetpack_publicize_feature_enabled":true,"jetpack_social_post_already_shared":true,"jetpack_social_options":{"image_generator_settings":{"template":"highway","default_image_id":0,"font":"","enabled":false},"version":2}},"categories":[11],"tags":[2270,467,20,969,24],"class_list":["post-37078","post","type-post","status-publish","format-standard","has-post-thumbnail","hentry","category-noticias-de-ribeirao-preto-sp-e-regiao-ismael-colosi","tag-latrocinio","tag-participar","tag-policia","tag-prende","tag-suspeito"],"jetpack_publicize_connections":[],"jetpack_featured_media_url":"https:\/\/i0.wp.com\/noticiasribeiraopreto.com.br\/wp-content\/uploads\/2024\/02\/luque-cpj-02-foto-alfredo-risk-scaled.jpg?fit=968%2C645&ssl=1","jetpack-related-posts":[{"id":16870,"url":"https:\/\/noticiasribeiraopreto.com.br\/index.php\/2023\/12\/16\/policia-civil-de-ribeirao-preto-prende-acusado-de-sequestro-e-latrocinio\/","url_meta":{"origin":37078,"position":0},"title":"Pol\u00edcia Civil de Ribeir\u00e3o Preto prende acusado de sequestro e latroc\u00ednio","author":"noticiasribeiraopreto.com.br","date":"16 de December de 2023","format":false,"excerpt":"A Pol\u00edcia Civil prendeu neste s\u00e1bado (16) o acusado de ter sequestrado e matado outro homem em Ribeir\u00e3o Preto. O corpo da v\u00edtima, de 50 anos, foi encontrado em uma cova rasa aberta em uma fazenda de Serrana, na \u00faltima quinta-feira (14). A v\u00edtima vivia em Batatais e foi encontrada\u2026","rel":"","context":"In &quot;Not\u00edcias de Ribeir\u00e3o Preto-SP e Regi\u00e3o&quot;","block_context":{"text":"Not\u00edcias de Ribeir\u00e3o Preto-SP e Regi\u00e3o","link":"https:\/\/noticiasribeiraopreto.com.br\/index.php\/category\/noticias-de-ribeirao-preto-sp-e-regiao-ismael-colosi\/"},"img":{"alt_text":"","src":"https:\/\/i0.wp.com\/noticiasribeiraopreto.com.br\/wp-content\/uploads\/2023\/12\/carro-da-vitima.jpg?fit=899%2C721&ssl=1&resize=350%2C200","width":350,"height":200,"srcset":"https:\/\/i0.wp.com\/noticiasribeiraopreto.com.br\/wp-content\/uploads\/2023\/12\/carro-da-vitima.jpg?fit=899%2C721&ssl=1&resize=350%2C200 1x, https:\/\/i0.wp.com\/noticiasribeiraopreto.com.br\/wp-content\/uploads\/2023\/12\/carro-da-vitima.jpg?fit=899%2C721&ssl=1&resize=525%2C300 1.5x, https:\/\/i0.wp.com\/noticiasribeiraopreto.com.br\/wp-content\/uploads\/2023\/12\/carro-da-vitima.jpg?fit=899%2C721&ssl=1&resize=700%2C400 2x"},"classes":[]},{"id":83309,"url":"https:\/\/noticiasribeiraopreto.com.br\/index.php\/2026\/03\/16\/policia-prende-dois-suspeitos-de-participacao-na-morte-de-homem-durante-assalto-em-ribeirao-preto\/","url_meta":{"origin":37078,"position":1},"title":"Pol\u00edcia prende dois suspeitos de participa\u00e7\u00e3o na morte de homem durante assalto em Ribeir\u00e3o Preto","author":"noticiasribeiraopreto.com.br","date":"16 de March de 2026","format":false,"excerpt":"A Pol\u00edcia Civil prendeu nesta segunda-feira (16) dois suspeitos de um latroc\u00ednio ocorrido no \u00faltimo dia 20 de fevereiro, perto de um bar no Jardim Presidente Dutra I, zona Norte de Ribeir\u00e3o Preto. A v\u00edtima, identificada como Reinaldo Luiz Gon\u00e7alves, reagiu ao crime usando uma cadeira para se defender e\u2026","rel":"","context":"In &quot;Not\u00edcias de Ribeir\u00e3o Preto-SP e Regi\u00e3o&quot;","block_context":{"text":"Not\u00edcias de Ribeir\u00e3o Preto-SP e Regi\u00e3o","link":"https:\/\/noticiasribeiraopreto.com.br\/index.php\/category\/noticias-de-ribeirao-preto-sp-e-regiao-ismael-colosi\/"},"img":{"alt_text":"","src":"https:\/\/i0.wp.com\/noticiasribeiraopreto.com.br\/wp-content\/uploads\/2026\/03\/POLICIA_2026-03-16_11-22-45.webp.webp?fit=1200%2C861&ssl=1&resize=350%2C200","width":350,"height":200,"srcset":"https:\/\/i0.wp.com\/noticiasribeiraopreto.com.br\/wp-content\/uploads\/2026\/03\/POLICIA_2026-03-16_11-22-45.webp.webp?fit=1200%2C861&ssl=1&resize=350%2C200 1x, https:\/\/i0.wp.com\/noticiasribeiraopreto.com.br\/wp-content\/uploads\/2026\/03\/POLICIA_2026-03-16_11-22-45.webp.webp?fit=1200%2C861&ssl=1&resize=525%2C300 1.5x, https:\/\/i0.wp.com\/noticiasribeiraopreto.com.br\/wp-content\/uploads\/2026\/03\/POLICIA_2026-03-16_11-22-45.webp.webp?fit=1200%2C861&ssl=1&resize=700%2C400 2x, https:\/\/i0.wp.com\/noticiasribeiraopreto.com.br\/wp-content\/uploads\/2026\/03\/POLICIA_2026-03-16_11-22-45.webp.webp?fit=1200%2C861&ssl=1&resize=1050%2C600 3x"},"classes":[]},{"id":83636,"url":"https:\/\/noticiasribeiraopreto.com.br\/index.php\/2026\/03\/23\/policia-civil-prende-suspeito-de-matar-homem-durante-assalto-em-ribeirao-preto\/","url_meta":{"origin":37078,"position":2},"title":"Pol\u00edcia Civil prende suspeito de matar homem durante assalto em Ribeir\u00e3o Preto","author":"noticiasribeiraopreto.com.br","date":"23 de March de 2026","format":false,"excerpt":"A Pol\u00edcia Civil prendeu nesta segunda-feira (23) o suspeito de um latroc\u00ednio ocorrido no \u00faltimo dia 20 de fevereiro, perto de um bar no Jardim Presidente Dutra I, zona Norte de Ribeir\u00e3o Preto. Segundo a pol\u00edcia, o homem preso, identificado como Thiago Daniel Freitas Garcia, conhecido como \u201cOreia\u201d, de 23\u2026","rel":"","context":"In &quot;Not\u00edcias de Ribeir\u00e3o Preto-SP e Regi\u00e3o&quot;","block_context":{"text":"Not\u00edcias de Ribeir\u00e3o Preto-SP e Regi\u00e3o","link":"https:\/\/noticiasribeiraopreto.com.br\/index.php\/category\/noticias-de-ribeirao-preto-sp-e-regiao-ismael-colosi\/"},"img":{"alt_text":"","src":"https:\/\/i0.wp.com\/noticiasribeiraopreto.com.br\/wp-content\/uploads\/2026\/03\/WhatsApp-Image-2026-03-23-at-06.47.27_2026-03-23_09-51-42.webp.webp?fit=1200%2C675&ssl=1&resize=350%2C200","width":350,"height":200,"srcset":"https:\/\/i0.wp.com\/noticiasribeiraopreto.com.br\/wp-content\/uploads\/2026\/03\/WhatsApp-Image-2026-03-23-at-06.47.27_2026-03-23_09-51-42.webp.webp?fit=1200%2C675&ssl=1&resize=350%2C200 1x, https:\/\/i0.wp.com\/noticiasribeiraopreto.com.br\/wp-content\/uploads\/2026\/03\/WhatsApp-Image-2026-03-23-at-06.47.27_2026-03-23_09-51-42.webp.webp?fit=1200%2C675&ssl=1&resize=525%2C300 1.5x, https:\/\/i0.wp.com\/noticiasribeiraopreto.com.br\/wp-content\/uploads\/2026\/03\/WhatsApp-Image-2026-03-23-at-06.47.27_2026-03-23_09-51-42.webp.webp?fit=1200%2C675&ssl=1&resize=700%2C400 2x, https:\/\/i0.wp.com\/noticiasribeiraopreto.com.br\/wp-content\/uploads\/2026\/03\/WhatsApp-Image-2026-03-23-at-06.47.27_2026-03-23_09-51-42.webp.webp?fit=1200%2C675&ssl=1&resize=1050%2C600 3x"},"classes":[]},{"id":57906,"url":"https:\/\/noticiasribeiraopreto.com.br\/index.php\/2024\/09\/13\/policia-prende-suspeito-de-roubar-e-matar-idosa-na-vila-virginia-em-ribeirao-preto\/","url_meta":{"origin":37078,"position":3},"title":"Pol\u00edcia prende suspeito de roubar e matar idosa na Vila Virg\u00ednia em Ribeir\u00e3o Preto","author":"noticiasribeiraopreto.com.br","date":"13 de September de 2024","format":false,"excerpt":"A Pol\u00edcia Civil prendeu nesta sexta-feira (13) um homem suspeito de roubar e matar uma idosa na Vila Virg\u00ednia, zona Oeste de Ribeir\u00e3o Preto. Segundo o boletim de ocorr\u00eancia (BO), a v\u00edtima, identificada como Maria Angela Sales Avelino, de 72 anos, foi achada morta no \u00faltimo dia 21 de agosto,\u2026","rel":"","context":"In &quot;Not\u00edcias de Ribeir\u00e3o Preto-SP e Regi\u00e3o&quot;","block_context":{"text":"Not\u00edcias de Ribeir\u00e3o Preto-SP e Regi\u00e3o","link":"https:\/\/noticiasribeiraopreto.com.br\/index.php\/category\/noticias-de-ribeirao-preto-sp-e-regiao-ismael-colosi\/"},"img":{"alt_text":"","src":"https:\/\/i0.wp.com\/noticiasribeiraopreto.com.br\/wp-content\/uploads\/2024\/09\/LATROCINIO_2024-09-13_13-49-39_jpg_2024-09-13_13-49-39.webp.webp?fit=1200%2C790&ssl=1&resize=350%2C200","width":350,"height":200,"srcset":"https:\/\/i0.wp.com\/noticiasribeiraopreto.com.br\/wp-content\/uploads\/2024\/09\/LATROCINIO_2024-09-13_13-49-39_jpg_2024-09-13_13-49-39.webp.webp?fit=1200%2C790&ssl=1&resize=350%2C200 1x, https:\/\/i0.wp.com\/noticiasribeiraopreto.com.br\/wp-content\/uploads\/2024\/09\/LATROCINIO_2024-09-13_13-49-39_jpg_2024-09-13_13-49-39.webp.webp?fit=1200%2C790&ssl=1&resize=525%2C300 1.5x, https:\/\/i0.wp.com\/noticiasribeiraopreto.com.br\/wp-content\/uploads\/2024\/09\/LATROCINIO_2024-09-13_13-49-39_jpg_2024-09-13_13-49-39.webp.webp?fit=1200%2C790&ssl=1&resize=700%2C400 2x, https:\/\/i0.wp.com\/noticiasribeiraopreto.com.br\/wp-content\/uploads\/2024\/09\/LATROCINIO_2024-09-13_13-49-39_jpg_2024-09-13_13-49-39.webp.webp?fit=1200%2C790&ssl=1&resize=1050%2C600 3x"},"classes":[]},{"id":32639,"url":"https:\/\/noticiasribeiraopreto.com.br\/index.php\/2024\/01\/25\/utm_sourcerssutm_mediumrssutm_campaignpoliciais-do-goe-e-da-dig-prendem-2o-suspeito-do-latrocinio-do-engenheiro-de-rp-a-prisao-ocorreu-em-diadema-sp\/","url_meta":{"origin":37078,"position":4},"title":"Policiais do GOE e da DIG prendem 2\u00ba suspeito do latroc\u00ednio do engenheiro de RP; a pris\u00e3o ocorreu em Diadema \u2013 SP \u2013 X Tudo Ribeir\u00e3o","author":"noticiasribeiraopreto.com.br","date":"25 de January de 2024","format":false,"excerpt":"A Pol\u00edcia Civil atrav\u00e9s do GOE e da DIG do Deinter 3 prendeu na manh\u00e3 desta quinta-feira (25\/1), em Diadema, o segundo suspeito de envolvimento no latroc\u00ednio (roubo seguido de morte) do engenheiro Beto Braga, que ocorreu no final do ano passado na cidade de Ribeir\u00e3o Preto.\u00a0 Segundo informa\u00e7\u00f5es da\u2026","rel":"","context":"In &quot;Not\u00edcias de Ribeir\u00e3o Preto-SP e Regi\u00e3o&quot;","block_context":{"text":"Not\u00edcias de Ribeir\u00e3o Preto-SP e Regi\u00e3o","link":"https:\/\/noticiasribeiraopreto.com.br\/index.php\/category\/noticias-de-ribeirao-preto-sp-e-regiao-ismael-colosi\/"},"img":{"alt_text":"","src":"https:\/\/i0.wp.com\/noticiasribeiraopreto.com.br\/wp-content\/uploads\/2024\/01\/WhatsApp-Image-2024-01-25-at-10.04.15.jpeg?fit=1200%2C705&ssl=1&resize=350%2C200","width":350,"height":200,"srcset":"https:\/\/i0.wp.com\/noticiasribeiraopreto.com.br\/wp-content\/uploads\/2024\/01\/WhatsApp-Image-2024-01-25-at-10.04.15.jpeg?fit=1200%2C705&ssl=1&resize=350%2C200 1x, https:\/\/i0.wp.com\/noticiasribeiraopreto.com.br\/wp-content\/uploads\/2024\/01\/WhatsApp-Image-2024-01-25-at-10.04.15.jpeg?fit=1200%2C705&ssl=1&resize=525%2C300 1.5x, https:\/\/i0.wp.com\/noticiasribeiraopreto.com.br\/wp-content\/uploads\/2024\/01\/WhatsApp-Image-2024-01-25-at-10.04.15.jpeg?fit=1200%2C705&ssl=1&resize=700%2C400 2x, https:\/\/i0.wp.com\/noticiasribeiraopreto.com.br\/wp-content\/uploads\/2024\/01\/WhatsApp-Image-2024-01-25-at-10.04.15.jpeg?fit=1200%2C705&ssl=1&resize=1050%2C600 3x"},"classes":[]},{"id":60701,"url":"https:\/\/noticiasribeiraopreto.com.br\/index.php\/2024\/11\/22\/policia-civil-de-ribeirao-prende-suspeito-de-integrar-pcc-e-matar-pm-em-minas\/","url_meta":{"origin":37078,"position":5},"title":"Pol\u00edcia Civil de Ribeir\u00e3o prende suspeito de integrar PCC e matar PM em Minas","author":"noticiasribeiraopreto.com.br","date":"22 de November de 2024","format":false,"excerpt":"A Pol\u00edcia Civil de Ribeir\u00e3o Preto prendeu, no in\u00edcio da manh\u00e3 desta sexta-feira (22), um homem, de 43 anos, suspeito de integrar a fac\u00e7\u00e3o PCC (Primeiro Comando da Capital) e cometer crimes no estado de Minas Gerais. Segundo a Deic (Divis\u00e3o Especializada de Investiga\u00e7\u00f5es Criminais), o homem tem passagens por\u2026","rel":"","context":"In &quot;Not\u00edcias de Ribeir\u00e3o Preto-SP e Regi\u00e3o&quot;","block_context":{"text":"Not\u00edcias de Ribeir\u00e3o Preto-SP e Regi\u00e3o","link":"https:\/\/noticiasribeiraopreto.com.br\/index.php\/category\/noticias-de-ribeirao-preto-sp-e-regiao-ismael-colosi\/"},"img":{"alt_text":"","src":"https:\/\/i0.wp.com\/noticiasribeiraopreto.com.br\/wp-content\/uploads\/2024\/11\/PRISAO_2024-11-22_17-07-43_jpg_2024-11-22_17-07-43.webp.webp?fit=1200%2C978&ssl=1&resize=350%2C200","width":350,"height":200,"srcset":"https:\/\/i0.wp.com\/noticiasribeiraopreto.com.br\/wp-content\/uploads\/2024\/11\/PRISAO_2024-11-22_17-07-43_jpg_2024-11-22_17-07-43.webp.webp?fit=1200%2C978&ssl=1&resize=350%2C200 1x, https:\/\/i0.wp.com\/noticiasribeiraopreto.com.br\/wp-content\/uploads\/2024\/11\/PRISAO_2024-11-22_17-07-43_jpg_2024-11-22_17-07-43.webp.webp?fit=1200%2C978&ssl=1&resize=525%2C300 1.5x, https:\/\/i0.wp.com\/noticiasribeiraopreto.com.br\/wp-content\/uploads\/2024\/11\/PRISAO_2024-11-22_17-07-43_jpg_2024-11-22_17-07-43.webp.webp?fit=1200%2C978&ssl=1&resize=700%2C400 2x, https:\/\/i0.wp.com\/noticiasribeiraopreto.com.br\/wp-content\/uploads\/2024\/11\/PRISAO_2024-11-22_17-07-43_jpg_2024-11-22_17-07-43.webp.webp?fit=1200%2C978&ssl=1&resize=1050%2C600 3x"},"classes":[]}],"jetpack_sharing_enabled":true,"jetpack_shortlink":"https:\/\/wp.me\/peQAOb-9E2","_links":{"self":[{"href":"https:\/\/noticiasribeiraopreto.com.br\/index.php\/wp-json\/wp\/v2\/posts\/37078","targetHints":{"allow":["GET"]}}],"collection":[{"href":"https:\/\/noticiasribeiraopreto.com.br\/index.php\/wp-json\/wp\/v2\/posts"}],"about":[{"href":"https:\/\/noticiasribeiraopreto.com.br\/index.php\/wp-json\/wp\/v2\/types\/post"}],"author":[{"embeddable":true,"href":"https:\/\/noticiasribeiraopreto.com.br\/index.php\/wp-json\/wp\/v2\/users\/1"}],"replies":[{"embeddable":true,"href":"https:\/\/noticiasribeiraopreto.com.br\/index.php\/wp-json\/wp\/v2\/comments?post=37078"}],"version-history":[{"count":0,"href":"https:\/\/noticiasribeiraopreto.com.br\/index.php\/wp-json\/wp\/v2\/posts\/37078\/revisions"}],"wp:featuredmedia":[{"embeddable":true,"href":"https:\/\/noticiasribeiraopreto.com.br\/index.php\/wp-json\/wp\/v2\/media\/37079"}],"wp:attachment":[{"href":"https:\/\/noticiasribeiraopreto.com.br\/index.php\/wp-json\/wp\/v2\/media?parent=37078"}],"wp:term":[{"taxonomy":"category","embeddable":true,"href":"https:\/\/noticiasribeiraopreto.com.br\/index.php\/wp-json\/wp\/v2\/categories?post=37078"},{"taxonomy":"post_tag","embeddable":true,"href":"https:\/\/noticiasribeiraopreto.com.br\/index.php\/wp-json\/wp\/v2\/tags?post=37078"}],"curies":[{"name":"wp","href":"https:\/\/api.w.org\/{rel}","templated":true}]}}