{"id":37082,"date":"2024-02-14T11:03:53","date_gmt":"2024-02-14T14:03:53","guid":{"rendered":"https:\/\/noticiasribeiraopreto.com.br\/index.php\/2024\/02\/14\/porto-oferece-vagas-de-estagio-veja-como-se-candidatar\/"},"modified":"2024-02-14T11:03:53","modified_gmt":"2024-02-14T14:03:53","slug":"porto-oferece-vagas-de-estagio-veja-como-se-candidatar","status":"publish","type":"post","link":"https:\/\/noticiasribeiraopreto.com.br\/index.php\/2024\/02\/14\/porto-oferece-vagas-de-estagio-veja-como-se-candidatar\/","title":{"rendered":"Porto oferece vagas de est\u00e1gio; veja como se candidatar"},"content":{"rendered":"<div class='code-block code-block-1' style='margin: 8px 0 8px auto; text-align: right; display: block; clear: both;'>\n<p><a href=\"https:\/\/wa.link\/vpicfd\"><img data-recalc-dims=\"1\" class=\"wp-image-4922\" style=\"aspect-ratio: 2.0253164556962027; width: 561px; height: auto;\" src=\"https:\/\/i0.wp.com\/ismaelcolosi.com.br\/wp-content\/uploads\/2023\/11\/grupo-de-empregos-whatsapp-e-facebook-ismael-colosi-vagas.jpg?ssl=1\" alt=\"\" \/><\/a><\/p>\n<!-- \/wp:image -->\n<\/div>\n<p> <br \/>\n<\/p>\n<p>A <strong>Porto<\/strong> abriu as inscri\u00e7\u00f5es para o seu <strong>programa de est\u00e1gio<\/strong> de 2024. Ao todo, s\u00e3o mais de 20 vagas dispon\u00edveis para quatro verticais da companhia: Porto Bank, Porto Sa\u00fade, Porto Seguro e Porto Servi\u00e7o.<\/p>\n<p>Entre os requisitos, o estudante deve se formar no ensino superior entre julho de 2025 a julho de 2026 e residir na cidade de S\u00e3o Paulo.<\/p>\n<p>As oportunidades est\u00e3o destinadas para a capital paulista com tipo de servi\u00e7o presencial.<\/p>\n<p><script>!function(f,b,e,v,n,t,s){if(f.fbq)return;n=f.fbq=function(){n.callMethod?n.callMethod.apply(n,arguments):n.queue.push(arguments)};if(!f._fbq)f._fbq=n;n.push=n;n.loaded=!0;n.version='2.0';n.queue=[];t=b.createElement(e);t.async=!0;t.src=v;s=b.getElementsByTagName(e)[0];s.parentNode.insertBefore(t,s)}(window,document,'script','<\/script><br \/>\n<br \/><br \/>\n<br \/><a href=\"https:\/\/istoedinheiro.com.br\/porto-oferece-vagas-de-estagio-veja-como-se-candidatar\/\">Source link <\/a><\/p>\n<!-- CONTENT END 1 -->\n","protected":false},"excerpt":{"rendered":"<p>A Porto abriu as inscri\u00e7\u00f5es para o seu programa de est\u00e1gio de 2024. Ao todo, s\u00e3o mais de 20 vagas dispon\u00edveis para quatro verticais da&#8230;<\/p>\n","protected":false},"author":1,"featured_media":37083,"comment_status":"open","ping_status":"open","sticky":false,"template":"","format":"standard","meta":{"advanced_seo_description":"","jetpack_seo_html_title":"","jetpack_seo_noindex":false,"jetpack_post_was_ever_published":false,"_jetpack_newsletter_access":"","_jetpack_dont_email_post_to_subs":false,"_jetpack_newsletter_tier_id":0,"_jetpack_memberships_contains_paywalled_content":false,"_jetpack_memberships_contains_paid_content":false,"footnotes":"","jetpack_publicize_message":"","jetpack_publicize_feature_enabled":true,"jetpack_social_post_already_shared":true,"jetpack_social_options":{"image_generator_settings":{"template":"highway","default_image_id":0,"font":"","enabled":false},"version":2}},"categories":[3598],"tags":[],"class_list":["post-37082","post","type-post","status-publish","format-standard","has-post-thumbnail","hentry","category-empregos-classificados-vagas-trabalho"],"jetpack_publicize_connections":[],"jetpack_featured_media_url":"https:\/\/i0.wp.com\/noticiasribeiraopreto.com.br\/wp-content\/uploads\/2024\/02\/porto-1.jpg?fit=800%2C440&ssl=1","jetpack-related-posts":[{"id":44186,"url":"https:\/\/noticiasribeiraopreto.com.br\/index.php\/2024\/03\/26\/concurso-abre-67-vagas-de-guarda-portuario-no-porto-de-santos\/","url_meta":{"origin":37082,"position":0},"title":"Concurso abre 67 vagas de guarda portu\u00e1rio no Porto de Santos","author":"noticiasribeiraopreto.com.br","date":"26 de March de 2024","format":false,"excerpt":"O governo federal publicou no Di\u00e1rio Oficial da Uni\u00e3o desta segunda-feira, 25, o edital para o concurso que busca preencher 67 vagas de guarda portu\u00e1rio no Porto de Santos.\u00a0S\u00e3o 49 oportunidades de ampla concorr\u00eancia, 4 vagas para Pessoa com Defici\u00eancia (PCD) e 14 vagas para pessoas negras. Os locais de\u2026","rel":"","context":"In &quot;Empregos - Classificados&quot;","block_context":{"text":"Empregos - Classificados","link":"https:\/\/noticiasribeiraopreto.com.br\/index.php\/category\/empregos-classificados-vagas-trabalho\/"},"img":{"alt_text":"","src":"https:\/\/i0.wp.com\/noticiasribeiraopreto.com.br\/wp-content\/uploads\/2024\/03\/6006197603-b248fb886e-c-1.jpg?fit=799%2C533&ssl=1&resize=350%2C200","width":350,"height":200,"srcset":"https:\/\/i0.wp.com\/noticiasribeiraopreto.com.br\/wp-content\/uploads\/2024\/03\/6006197603-b248fb886e-c-1.jpg?fit=799%2C533&ssl=1&resize=350%2C200 1x, https:\/\/i0.wp.com\/noticiasribeiraopreto.com.br\/wp-content\/uploads\/2024\/03\/6006197603-b248fb886e-c-1.jpg?fit=799%2C533&ssl=1&resize=525%2C300 1.5x, https:\/\/i0.wp.com\/noticiasribeiraopreto.com.br\/wp-content\/uploads\/2024\/03\/6006197603-b248fb886e-c-1.jpg?fit=799%2C533&ssl=1&resize=700%2C400 2x"},"classes":[]},{"id":47264,"url":"https:\/\/noticiasribeiraopreto.com.br\/index.php\/2024\/04\/25\/vivo-abre-500-vagas-para-estagio-sendo-50-delas-para-negros-veja-como-se-inscrever\/","url_meta":{"origin":37082,"position":1},"title":"Vivo abre 500 vagas para est\u00e1gio, sendo 50% delas para negros; veja como se inscrever","author":"noticiasribeiraopreto.com.br","date":"25 de April de 2024","format":false,"excerpt":"Da reda\u00e7\u00e3oi Da reda\u00e7\u00e3o 22\/04\/2024 - 14:36 A Vivo lan\u00e7ou o seu programa de est\u00e1gio com cerca de 500 vagas. As oportunidades s\u00e3o para 15 cidades do pa\u00eds:\u00a0 S\u00e3o Paulo (SP), Bras\u00edlia (DF), Belo Horizonte (BH), Curitiba (PR), Fortaleza (CE), Porto Alegre (RS), Recife (PE), Rio de Janeiro (RJ), Salvador\u2026","rel":"","context":"In &quot;Empregos - Classificados&quot;","block_context":{"text":"Empregos - Classificados","link":"https:\/\/noticiasribeiraopreto.com.br\/index.php\/category\/empregos-classificados-vagas-trabalho\/"},"img":{"alt_text":"","src":"https:\/\/i0.wp.com\/noticiasribeiraopreto.com.br\/wp-content\/uploads\/2024\/04\/estagiovivo.jpg?fit=900%2C600&ssl=1&resize=350%2C200","width":350,"height":200,"srcset":"https:\/\/i0.wp.com\/noticiasribeiraopreto.com.br\/wp-content\/uploads\/2024\/04\/estagiovivo.jpg?fit=900%2C600&ssl=1&resize=350%2C200 1x, https:\/\/i0.wp.com\/noticiasribeiraopreto.com.br\/wp-content\/uploads\/2024\/04\/estagiovivo.jpg?fit=900%2C600&ssl=1&resize=525%2C300 1.5x, https:\/\/i0.wp.com\/noticiasribeiraopreto.com.br\/wp-content\/uploads\/2024\/04\/estagiovivo.jpg?fit=900%2C600&ssl=1&resize=700%2C400 2x"},"classes":[]},{"id":11158,"url":"https:\/\/noticiasribeiraopreto.com.br\/index.php\/2023\/12\/05\/concurso-publico-camara-de-porto-feliz-sp-tem-remuneracao-de-ate-r-55-mil\/","url_meta":{"origin":37082,"position":2},"title":"Concurso p\u00fablico C\u00e2mara de Porto Feliz (SP) tem remunera\u00e7\u00e3o de at\u00e9 R$ 5,5 mil","author":"noticiasribeiraopreto.com.br","date":"5 de December de 2023","format":false,"excerpt":"Cr\u00e9ditos: IStockConcurso P\u00fablico C\u00e2mara de Porto Feliz A C\u00e2mara de Porto Feliz,\u00a0no estado de\u00a0S\u00e3o Paulo, anuncia edital de n\u00ba 01\/2023 para concurso p\u00fablico, que visa o preenchimento de nove vagas imediatas para contrata\u00e7\u00e3o pelo Regime Jur\u00eddico Estatut\u00e1rio. O edital tem oportunidades destinadas a profissionais com grau de escolaridade superior, m\u00e9dio\u2026","rel":"","context":"In &quot;Variedades&quot;","block_context":{"text":"Variedades","link":"https:\/\/noticiasribeiraopreto.com.br\/index.php\/category\/variedades\/"},"img":{"alt_text":"","src":"https:\/\/i0.wp.com\/noticiasribeiraopreto.com.br\/wp-content\/uploads\/2023\/12\/istock-1361035512.jpg?fit=1200%2C638&ssl=1&resize=350%2C200","width":350,"height":200,"srcset":"https:\/\/i0.wp.com\/noticiasribeiraopreto.com.br\/wp-content\/uploads\/2023\/12\/istock-1361035512.jpg?fit=1200%2C638&ssl=1&resize=350%2C200 1x, https:\/\/i0.wp.com\/noticiasribeiraopreto.com.br\/wp-content\/uploads\/2023\/12\/istock-1361035512.jpg?fit=1200%2C638&ssl=1&resize=525%2C300 1.5x, https:\/\/i0.wp.com\/noticiasribeiraopreto.com.br\/wp-content\/uploads\/2023\/12\/istock-1361035512.jpg?fit=1200%2C638&ssl=1&resize=700%2C400 2x, https:\/\/i0.wp.com\/noticiasribeiraopreto.com.br\/wp-content\/uploads\/2023\/12\/istock-1361035512.jpg?fit=1200%2C638&ssl=1&resize=1050%2C600 3x"},"classes":[]},{"id":45596,"url":"https:\/\/noticiasribeiraopreto.com.br\/index.php\/2024\/04\/05\/um-mes-para-o-enem-dos-concursos-veja-horarios-e-estrutura-das-provas\/","url_meta":{"origin":37082,"position":3},"title":"Um m\u00eas para o Enem dos Concursos: veja hor\u00e1rios e estrutura das provas","author":"noticiasribeiraopreto.com.br","date":"5 de April de 2024","format":false,"excerpt":"Da reda\u00e7\u00e3oi Da reda\u00e7\u00e3o 05\/04\/2024 - 9:40 Exatamente daqui um m\u00eas, no dia 5 de maio, os candidatos inscritos no CPNU (Concurso P\u00fablico Nacional Unificado), ou mais conhecido como \u201cEnem dos Concursos\u201c, disputar\u00e3o 6.640 vagas oferecidas.O cronograma foi divulgado nesta sexta-feira, 5, pelo Minist\u00e9rio da Gest\u00e3o e da Inova\u00e7\u00e3o em\u2026","rel":"","context":"In &quot;Empregos - Classificados&quot;","block_context":{"text":"Empregos - Classificados","link":"https:\/\/noticiasribeiraopreto.com.br\/index.php\/category\/empregos-classificados-vagas-trabalho\/"},"img":{"alt_text":"","src":"https:\/\/i0.wp.com\/noticiasribeiraopreto.com.br\/wp-content\/uploads\/2024\/04\/prova01.jpg?fit=1200%2C666&ssl=1&resize=350%2C200","width":350,"height":200,"srcset":"https:\/\/i0.wp.com\/noticiasribeiraopreto.com.br\/wp-content\/uploads\/2024\/04\/prova01.jpg?fit=1200%2C666&ssl=1&resize=350%2C200 1x, https:\/\/i0.wp.com\/noticiasribeiraopreto.com.br\/wp-content\/uploads\/2024\/04\/prova01.jpg?fit=1200%2C666&ssl=1&resize=525%2C300 1.5x, https:\/\/i0.wp.com\/noticiasribeiraopreto.com.br\/wp-content\/uploads\/2024\/04\/prova01.jpg?fit=1200%2C666&ssl=1&resize=700%2C400 2x, https:\/\/i0.wp.com\/noticiasribeiraopreto.com.br\/wp-content\/uploads\/2024\/04\/prova01.jpg?fit=1200%2C666&ssl=1&resize=1050%2C600 3x"},"classes":[]},{"id":34183,"url":"https:\/\/noticiasribeiraopreto.com.br\/index.php\/2024\/02\/01\/empresas-contam-com-mais-de-300-vagas-de-emprego-abertas\/","url_meta":{"origin":37082,"position":4},"title":"Empresas contam com mais de 300 vagas de emprego abertas","author":"noticiasribeiraopreto.com.br","date":"1 de February de 2024","format":false,"excerpt":"Bruno Pavani Bruno Pavan 01\/02\/2024 - 8:00 A Transpetro, Stellantis, FMU, \u00c2nima Educa\u00e7\u00e3o e Allianz est\u00e3o com mais de 300 vagas abertas neste in\u00edcio de ano. As oportunidades s\u00e3o para estagi\u00e1rios e funcion\u00e1rios efetivos em diversas \u00e1reas.\u00a0Confira todas as vagas:\u00a0A Stellantis, empresa do setor automotivo que det\u00e9m as marcas Abarth,\u2026","rel":"","context":"In &quot;Vagas de Emprego em Ribeir\u00e3o Preto-SP&quot;","block_context":{"text":"Vagas de Emprego em Ribeir\u00e3o Preto-SP","link":"https:\/\/noticiasribeiraopreto.com.br\/index.php\/category\/empregos-classificados-vagas-trabalho\/vagas-de-empregos-em-ribeirao-preto-regiao-brasil\/"},"img":{"alt_text":"","src":"https:\/\/i0.wp.com\/noticiasribeiraopreto.com.br\/wp-content\/uploads\/2024\/02\/celso-furtado-ma-01-easy-resizecom.jpg?fit=1200%2C800&ssl=1&resize=350%2C200","width":350,"height":200,"srcset":"https:\/\/i0.wp.com\/noticiasribeiraopreto.com.br\/wp-content\/uploads\/2024\/02\/celso-furtado-ma-01-easy-resizecom.jpg?fit=1200%2C800&ssl=1&resize=350%2C200 1x, https:\/\/i0.wp.com\/noticiasribeiraopreto.com.br\/wp-content\/uploads\/2024\/02\/celso-furtado-ma-01-easy-resizecom.jpg?fit=1200%2C800&ssl=1&resize=525%2C300 1.5x, https:\/\/i0.wp.com\/noticiasribeiraopreto.com.br\/wp-content\/uploads\/2024\/02\/celso-furtado-ma-01-easy-resizecom.jpg?fit=1200%2C800&ssl=1&resize=700%2C400 2x, https:\/\/i0.wp.com\/noticiasribeiraopreto.com.br\/wp-content\/uploads\/2024\/02\/celso-furtado-ma-01-easy-resizecom.jpg?fit=1200%2C800&ssl=1&resize=1050%2C600 3x"},"classes":[]},{"id":21942,"url":"https:\/\/noticiasribeiraopreto.com.br\/index.php\/2023\/12\/28\/resort-em-porto-seguro-ba-oferece-descontos-de-ate-30\/","url_meta":{"origin":37082,"position":5},"title":"Resort em Porto Seguro (BA) oferece descontos de at\u00e9 30%","author":"noticiasribeiraopreto.com.br","date":"28 de December de 2023","format":false,"excerpt":"Que tal aproveitar os dias ensolarados do ver\u00e3o em Porto Seguro, no sul da Bahia? Se for num resort all inclusive, melhor ainda! Al\u00e9m de oferecer ampla infraestrutura de lazer em frente \u00e0 praia de Taperapuan, a mais badalada da regi\u00e3o, o Resort Arcobaleno est\u00e1 com uma super promo\u00e7\u00e3o de\u2026","rel":"","context":"In &quot;Variedades&quot;","block_context":{"text":"Variedades","link":"https:\/\/noticiasribeiraopreto.com.br\/index.php\/category\/variedades\/"},"img":{"alt_text":"","src":"https:\/\/i0.wp.com\/noticiasribeiraopreto.com.br\/wp-content\/uploads\/2023\/12\/unnamed-2-1.jpg?fit=1200%2C638&ssl=1&resize=350%2C200","width":350,"height":200,"srcset":"https:\/\/i0.wp.com\/noticiasribeiraopreto.com.br\/wp-content\/uploads\/2023\/12\/unnamed-2-1.jpg?fit=1200%2C638&ssl=1&resize=350%2C200 1x, https:\/\/i0.wp.com\/noticiasribeiraopreto.com.br\/wp-content\/uploads\/2023\/12\/unnamed-2-1.jpg?fit=1200%2C638&ssl=1&resize=525%2C300 1.5x, https:\/\/i0.wp.com\/noticiasribeiraopreto.com.br\/wp-content\/uploads\/2023\/12\/unnamed-2-1.jpg?fit=1200%2C638&ssl=1&resize=700%2C400 2x, https:\/\/i0.wp.com\/noticiasribeiraopreto.com.br\/wp-content\/uploads\/2023\/12\/unnamed-2-1.jpg?fit=1200%2C638&ssl=1&resize=1050%2C600 3x"},"classes":[]}],"jetpack_sharing_enabled":true,"jetpack_shortlink":"https:\/\/wp.me\/peQAOb-9E6","_links":{"self":[{"href":"https:\/\/noticiasribeiraopreto.com.br\/index.php\/wp-json\/wp\/v2\/posts\/37082","targetHints":{"allow":["GET"]}}],"collection":[{"href":"https:\/\/noticiasribeiraopreto.com.br\/index.php\/wp-json\/wp\/v2\/posts"}],"about":[{"href":"https:\/\/noticiasribeiraopreto.com.br\/index.php\/wp-json\/wp\/v2\/types\/post"}],"author":[{"embeddable":true,"href":"https:\/\/noticiasribeiraopreto.com.br\/index.php\/wp-json\/wp\/v2\/users\/1"}],"replies":[{"embeddable":true,"href":"https:\/\/noticiasribeiraopreto.com.br\/index.php\/wp-json\/wp\/v2\/comments?post=37082"}],"version-history":[{"count":0,"href":"https:\/\/noticiasribeiraopreto.com.br\/index.php\/wp-json\/wp\/v2\/posts\/37082\/revisions"}],"wp:featuredmedia":[{"embeddable":true,"href":"https:\/\/noticiasribeiraopreto.com.br\/index.php\/wp-json\/wp\/v2\/media\/37083"}],"wp:attachment":[{"href":"https:\/\/noticiasribeiraopreto.com.br\/index.php\/wp-json\/wp\/v2\/media?parent=37082"}],"wp:term":[{"taxonomy":"category","embeddable":true,"href":"https:\/\/noticiasribeiraopreto.com.br\/index.php\/wp-json\/wp\/v2\/categories?post=37082"},{"taxonomy":"post_tag","embeddable":true,"href":"https:\/\/noticiasribeiraopreto.com.br\/index.php\/wp-json\/wp\/v2\/tags?post=37082"}],"curies":[{"name":"wp","href":"https:\/\/api.w.org\/{rel}","templated":true}]}}