{"id":37104,"date":"2024-02-14T12:47:17","date_gmt":"2024-02-14T15:47:17","guid":{"rendered":"https:\/\/noticiasribeiraopreto.com.br\/index.php\/2024\/02\/14\/shopping-de-ribeirao-recebe-brinquedo-inflavel-com-tema-espacial-para-criancas\/"},"modified":"2024-02-14T12:47:17","modified_gmt":"2024-02-14T15:47:17","slug":"shopping-de-ribeirao-recebe-brinquedo-inflavel-com-tema-espacial-para-criancas","status":"publish","type":"post","link":"https:\/\/noticiasribeiraopreto.com.br\/index.php\/2024\/02\/14\/shopping-de-ribeirao-recebe-brinquedo-inflavel-com-tema-espacial-para-criancas\/","title":{"rendered":"Shopping de Ribeir\u00e3o recebe brinquedo infl\u00e1vel com tema espacial para crian\u00e7as"},"content":{"rendered":"<div class='code-block code-block-1' style='margin: 8px 0 8px auto; text-align: right; display: block; clear: both;'>\n<p><a href=\"https:\/\/wa.link\/vpicfd\"><img data-recalc-dims=\"1\" class=\"wp-image-4922\" style=\"aspect-ratio: 2.0253164556962027; width: 561px; height: auto;\" src=\"https:\/\/i0.wp.com\/ismaelcolosi.com.br\/wp-content\/uploads\/2023\/11\/grupo-de-empregos-whatsapp-e-facebook-ismael-colosi-vagas.jpg?ssl=1\" alt=\"\" \/><\/a><\/p>\n<!-- \/wp:image -->\n<\/div>\n<p> <br \/>\n<\/p>\n<div>\n<p><strong>O Novo Shopping, em Ribeir\u00e3o Preto, recebe um brinquedo infl\u00e1vel para divers\u00e3o da crian\u00e7ada, a partir desta quarta (14) at\u00e9 o dia 1\u00ba de abril.<\/strong> <\/p>\n<p>Chamada de <strong>\u201cAl\u00f4 Base\u201d<\/strong>, a <strong>atra\u00e7\u00e3o <\/strong>\u00e9 uma <strong>superbase espacial infl\u00e1vel <\/strong>com mais de <strong>400 metros quadrados<\/strong> e <strong>funciona <\/strong>de <span style=\"background-color:#f7cc62\" class=\"td_text_highlight_marker\">segunda a domingo, das 10h \u00e0s 22h.<\/span><\/p>\n<p>A <strong>atra\u00e7\u00e3o<\/strong>, na <strong>Pra\u00e7a de Eventos do centro de compras<\/strong>, proporciona uma <strong>aventura intergal\u00e1ctica <\/strong>com <span style=\"background-color:#f7cc62\" class=\"td_text_highlight_marker\">obst\u00e1culos, escorregadores, parede de escalada, al\u00e9m de um astronauta gigante<\/span> dando boas-vindas aos tripulantes.<\/p>\n<h4 class=\"wp-block-heading\"><strong>Ingressos<\/strong><\/h4>\n<p>Os <strong>ingressos<\/strong> s\u00e3o <strong>vendidos on-line<\/strong> (<a href=\"https:\/\/loja.gorilao.com.br\/produto\/vitrine\/PASSAPORTE_ALO_BASE\" target=\"_blank\" rel=\"noreferrer noopener\">clique aqui<\/a>) pelo <strong>valor<\/strong> de <strong>R$ 39,90<\/strong>, <strong>exceto <\/strong>aos <strong>domingos e feriados<\/strong>, quando custam<strong> R$ 49,90<\/strong>. <span style=\"background-color:#f7cc62\" class=\"td_text_highlight_marker\">O tempo de perman\u00eancia \u00e9 livre. <\/span><\/p>\n<p>Ao adquirir o <strong>ingresso antecipado <\/strong>pelo site, a <strong>crian\u00e7a ganha<\/strong> uma <strong>cortesia <\/strong>para outra<strong>  atra\u00e7\u00e3o <\/strong>em um <strong>parque <\/strong>localizado no <strong>shopping<\/strong>.<\/p>\n<p><strong>Crian\u00e7as<\/strong> com <strong>menos<\/strong> de <strong>1 metro<\/strong> de <strong>altura <\/strong>devem estar <strong>acompanhadas <\/strong>dos <strong>pais <\/strong>ou <strong>adulto respons\u00e1vel<\/strong>. Neste caso, o <strong>ingresso<\/strong> de <strong>acompanhante <\/strong>\u00e9 <strong>gratuito<\/strong>.<\/p>\n<p>O <strong>Novo Shopping <\/strong>fica localizado na <strong>avenida Presidente Kennedy, 1.50<\/strong>0, no bairro <strong>Ribeir\u00e2nia<\/strong>, zona Leste. <\/p>\n<p>SAIBA MAIS<br \/>Catedral de Ribeir\u00e3o celebra Quarta-feira de Cinzas com missas; Veja hor\u00e1rios<\/p>\n<h4 class=\"wp-block-heading\"><strong>FIQUE ON<\/strong><\/h4>\n<p>Fique ligado em tudo que acontece em Ribeir\u00e3o Preto e regi\u00e3o. Siga os perfis do acidade on no <a href=\"https:\/\/www.instagram.com\/acidadeonribeirao\" target=\"_blank\" rel=\"noreferrer noopener\">Instagram<\/a> e no <a href=\"https:\/\/www.facebook.com\/acidadeonribeirao\" target=\"_blank\" rel=\"noreferrer noopener\">Facebook<\/a>.<\/p>\n<p>Receba not\u00edcias do acidade on no WhatsApp. Para entrar no grupo, basta <a href=\"https:\/\/chat.whatsapp.com\/Bnv2w66ZT4VDyZW3oiZ69n\" target=\"_blank\" rel=\"noreferrer noopener\"><strong>clicar aqui<\/strong><\/a>.<\/p>\n<p>Fa\u00e7a uma den\u00fancia ou sugira uma reportagem sobre Ribeir\u00e3o Preto e regi\u00e3o pelo WhatsApp: 16 99117 7802.<\/p>\n<p>VEJA TAMB\u00c9M<br \/>Quem vai ganhar o BBB 24? Veja enquete dos favoritos<\/p>\n<p><!-- AI CONTENT END 1 -->\n<\/div>\n<p><script async src=\"\/\/www.instagram.com\/embed.js\"><\/script><br \/>\n<br \/><br \/>\n<br \/><a href=\"https:\/\/www.acidadeon.com\/ribeiraopreto\/cotidiano\/shopping-de-ribeirao-recebe-brinquedo-inflavel-com-tema-espacial-para-criancas\/\">Source link <\/a><\/p>\n<!-- CONTENT END 1 -->\n","protected":false},"excerpt":{"rendered":"<p>O Novo Shopping, em Ribeir\u00e3o Preto, recebe um brinquedo infl\u00e1vel para divers\u00e3o da crian\u00e7ada, a partir desta quarta (14) at\u00e9 o dia 1\u00ba de abril&#8230;.<\/p>\n","protected":false},"author":1,"featured_media":37105,"comment_status":"open","ping_status":"open","sticky":false,"template":"","format":"standard","meta":{"advanced_seo_description":"","jetpack_seo_html_title":"","jetpack_seo_noindex":false,"jetpack_post_was_ever_published":false,"_jetpack_newsletter_access":"","_jetpack_dont_email_post_to_subs":false,"_jetpack_newsletter_tier_id":0,"_jetpack_memberships_contains_paywalled_content":false,"_jetpack_memberships_contains_paid_content":false,"footnotes":"","jetpack_publicize_message":"","jetpack_publicize_feature_enabled":true,"jetpack_social_post_already_shared":true,"jetpack_social_options":{"image_generator_settings":{"template":"highway","default_image_id":0,"font":"","enabled":false},"version":2}},"categories":[11],"tags":[],"class_list":["post-37104","post","type-post","status-publish","format-standard","has-post-thumbnail","hentry","category-noticias-de-ribeirao-preto-sp-e-regiao-ismael-colosi"],"jetpack_publicize_connections":[],"jetpack_featured_media_url":"https:\/\/i0.wp.com\/noticiasribeiraopreto.com.br\/wp-content\/uploads\/2024\/02\/WhatsApp-Image-2024-02-14-at-09.29.02.jpeg?fit=840%2C628&ssl=1","jetpack-related-posts":[{"id":41545,"url":"https:\/\/noticiasribeiraopreto.com.br\/index.php\/2024\/03\/08\/base-espacial-inflavel-e-atracao-no-novo-shopping\/","url_meta":{"origin":37104,"position":0},"title":"Base espacial infl\u00e1vel \u00e9 atra\u00e7\u00e3o no Novo Shopping","author":"noticiasribeiraopreto.com.br","date":"8 de March de 2024","format":false,"excerpt":"8 de mar\u00e7o de 2024 | 17:58 0Uma superbase espacial infl\u00e1vel, chamada \u201cAl\u00f4 Base\u201d, com mais de 400 m\u00b2, est\u00e1 em funcionamento na Pra\u00e7a de Eventos do Novo Shopping. O evento \u00e9 realizado pela Jump Palooza, empresa do Grupo Coney Island, detentora do Park do Goril\u00e3o. O hor\u00e1rio de funcionamento\u2026","rel":"","context":"In &quot;Not\u00edcias de Ribeir\u00e3o Preto-SP e Regi\u00e3o&quot;","block_context":{"text":"Not\u00edcias de Ribeir\u00e3o Preto-SP e Regi\u00e3o","link":"https:\/\/noticiasribeiraopreto.com.br\/index.php\/category\/noticias-de-ribeirao-preto-sp-e-regiao-ismael-colosi\/"},"img":{"alt_text":"","src":"https:\/\/i0.wp.com\/noticiasribeiraopreto.com.br\/wp-content\/uploads\/2024\/03\/ae317497-2f58-4599-b50a-db84e80561ec.jpg?fit=840%2C628&ssl=1&resize=350%2C200","width":350,"height":200,"srcset":"https:\/\/i0.wp.com\/noticiasribeiraopreto.com.br\/wp-content\/uploads\/2024\/03\/ae317497-2f58-4599-b50a-db84e80561ec.jpg?fit=840%2C628&ssl=1&resize=350%2C200 1x, https:\/\/i0.wp.com\/noticiasribeiraopreto.com.br\/wp-content\/uploads\/2024\/03\/ae317497-2f58-4599-b50a-db84e80561ec.jpg?fit=840%2C628&ssl=1&resize=525%2C300 1.5x, https:\/\/i0.wp.com\/noticiasribeiraopreto.com.br\/wp-content\/uploads\/2024\/03\/ae317497-2f58-4599-b50a-db84e80561ec.jpg?fit=840%2C628&ssl=1&resize=700%2C400 2x"},"classes":[]},{"id":39960,"url":"https:\/\/noticiasribeiraopreto.com.br\/index.php\/2024\/02\/29\/shopping-de-ribeirao-preto-recebe-parque-tematico-da-galinha-pintadinha\/","url_meta":{"origin":37104,"position":1},"title":"Shopping de Ribeir\u00e3o Preto recebe parque tem\u00e1tico da Galinha Pintadinha","author":"noticiasribeiraopreto.com.br","date":"29 de February de 2024","format":false,"excerpt":"O Ribeir\u00e3oShopping, na zona Sul de Ribeir\u00e3o Preto, recebe um parque tem\u00e1tico para crian\u00e7as de at\u00e9 12 anos. A atra\u00e7\u00e3o fica at\u00e9 dia 5 de abril e os ingressos podem ser adquiridos presencialmente ou pelo aplicativo do centro de compras. A atra\u00e7\u00e3o \u201cCircuito da Galinha Pintadinha\u201d conta com uma galinha\u2026","rel":"","context":"In &quot;Not\u00edcias de Ribeir\u00e3o Preto-SP e Regi\u00e3o&quot;","block_context":{"text":"Not\u00edcias de Ribeir\u00e3o Preto-SP e Regi\u00e3o","link":"https:\/\/noticiasribeiraopreto.com.br\/index.php\/category\/noticias-de-ribeirao-preto-sp-e-regiao-ismael-colosi\/"},"img":{"alt_text":"","src":"https:\/\/i0.wp.com\/noticiasribeiraopreto.com.br\/wp-content\/uploads\/2024\/02\/1526c2492586b2a8b25f9fc42046e2be.jpg?fit=1200%2C800&ssl=1&resize=350%2C200","width":350,"height":200,"srcset":"https:\/\/i0.wp.com\/noticiasribeiraopreto.com.br\/wp-content\/uploads\/2024\/02\/1526c2492586b2a8b25f9fc42046e2be.jpg?fit=1200%2C800&ssl=1&resize=350%2C200 1x, https:\/\/i0.wp.com\/noticiasribeiraopreto.com.br\/wp-content\/uploads\/2024\/02\/1526c2492586b2a8b25f9fc42046e2be.jpg?fit=1200%2C800&ssl=1&resize=525%2C300 1.5x, https:\/\/i0.wp.com\/noticiasribeiraopreto.com.br\/wp-content\/uploads\/2024\/02\/1526c2492586b2a8b25f9fc42046e2be.jpg?fit=1200%2C800&ssl=1&resize=700%2C400 2x, https:\/\/i0.wp.com\/noticiasribeiraopreto.com.br\/wp-content\/uploads\/2024\/02\/1526c2492586b2a8b25f9fc42046e2be.jpg?fit=1200%2C800&ssl=1&resize=1050%2C600 3x"},"classes":[]},{"id":61159,"url":"https:\/\/noticiasribeiraopreto.com.br\/index.php\/2024\/12\/04\/maior-castelo-inflavel-da-america-latina-e-recuperado-na-regiao-de-ribeirao-preto\/","url_meta":{"origin":37104,"position":2},"title":"Maior castelo infl\u00e1vel da Am\u00e9rica Latina \u00e9 recuperado na regi\u00e3o de Ribeir\u00e3o Preto","author":"noticiasribeiraopreto.com.br","date":"4 de December de 2024","format":false,"excerpt":"O maior castelo infl\u00e1vel da Am\u00e9rica Latina foi recuperado nesta quarta-feira (4), em Sert\u00e3ozinho, na regi\u00e3o de Ribeir\u00e3o Preto, ap\u00f3s ser roubado em um golpe de falso frete. De acordo com o propriet\u00e1rio do brinquedo, o equipamento foi levado no dia 18 de novembro, quando estava no shopping Buriti, em\u2026","rel":"","context":"In &quot;Not\u00edcias de Ribeir\u00e3o Preto-SP e Regi\u00e3o&quot;","block_context":{"text":"Not\u00edcias de Ribeir\u00e3o Preto-SP e Regi\u00e3o","link":"https:\/\/noticiasribeiraopreto.com.br\/index.php\/category\/noticias-de-ribeirao-preto-sp-e-regiao-ismael-colosi\/"},"img":{"alt_text":"","src":"https:\/\/i0.wp.com\/noticiasribeiraopreto.com.br\/wp-content\/uploads\/2024\/12\/Sem-titulo_2024-12-05_00-37-21_png_2024-12-05_00-37-21.webp.webp?fit=1200%2C610&ssl=1&resize=350%2C200","width":350,"height":200,"srcset":"https:\/\/i0.wp.com\/noticiasribeiraopreto.com.br\/wp-content\/uploads\/2024\/12\/Sem-titulo_2024-12-05_00-37-21_png_2024-12-05_00-37-21.webp.webp?fit=1200%2C610&ssl=1&resize=350%2C200 1x, https:\/\/i0.wp.com\/noticiasribeiraopreto.com.br\/wp-content\/uploads\/2024\/12\/Sem-titulo_2024-12-05_00-37-21_png_2024-12-05_00-37-21.webp.webp?fit=1200%2C610&ssl=1&resize=525%2C300 1.5x, https:\/\/i0.wp.com\/noticiasribeiraopreto.com.br\/wp-content\/uploads\/2024\/12\/Sem-titulo_2024-12-05_00-37-21_png_2024-12-05_00-37-21.webp.webp?fit=1200%2C610&ssl=1&resize=700%2C400 2x, https:\/\/i0.wp.com\/noticiasribeiraopreto.com.br\/wp-content\/uploads\/2024\/12\/Sem-titulo_2024-12-05_00-37-21_png_2024-12-05_00-37-21.webp.webp?fit=1200%2C610&ssl=1&resize=1050%2C600 3x"},"classes":[]},{"id":62672,"url":"https:\/\/noticiasribeiraopreto.com.br\/index.php\/2025\/01\/21\/pai-e-filho-suspeitos-de-furto-de-castelo-inflavel-gigante-sao-considerados-foragidos\/","url_meta":{"origin":37104,"position":3},"title":"Pai e filho suspeitos de furto de castelo infl\u00e1vel gigante s\u00e3o considerados foragidos","author":"noticiasribeiraopreto.com.br","date":"21 de January de 2025","format":false,"excerpt":"A Pol\u00edcia Civil de Bebedouro realizou nesta ter\u00e7a-feira (21) uma opera\u00e7\u00e3o contra dois homens, pai e filho, suspeitos de envolvimento no furto de um castelo infl\u00e1vel gigante em Mogi Gua\u00e7u, tamb\u00e9m no interior de S\u00e3o Paulo. Os mandados de busca e apreens\u00e3o foram cumpridos em Viradouro e Sert\u00e3ozinho, na regi\u00e3o\u2026","rel":"","context":"In &quot;Not\u00edcias de Ribeir\u00e3o Preto-SP e Regi\u00e3o&quot;","block_context":{"text":"Not\u00edcias de Ribeir\u00e3o Preto-SP e Regi\u00e3o","link":"https:\/\/noticiasribeiraopreto.com.br\/index.php\/category\/noticias-de-ribeirao-preto-sp-e-regiao-ismael-colosi\/"},"img":{"alt_text":"","src":"https:\/\/i0.wp.com\/noticiasribeiraopreto.com.br\/wp-content\/uploads\/2024\/12\/Sem-titulo_2024-12-05_00-37-21_png_2024-12-05_00-37-21.webp.webp?fit=1200%2C610&ssl=1&resize=350%2C200","width":350,"height":200,"srcset":"https:\/\/i0.wp.com\/noticiasribeiraopreto.com.br\/wp-content\/uploads\/2024\/12\/Sem-titulo_2024-12-05_00-37-21_png_2024-12-05_00-37-21.webp.webp?fit=1200%2C610&ssl=1&resize=350%2C200 1x, https:\/\/i0.wp.com\/noticiasribeiraopreto.com.br\/wp-content\/uploads\/2024\/12\/Sem-titulo_2024-12-05_00-37-21_png_2024-12-05_00-37-21.webp.webp?fit=1200%2C610&ssl=1&resize=525%2C300 1.5x, https:\/\/i0.wp.com\/noticiasribeiraopreto.com.br\/wp-content\/uploads\/2024\/12\/Sem-titulo_2024-12-05_00-37-21_png_2024-12-05_00-37-21.webp.webp?fit=1200%2C610&ssl=1&resize=700%2C400 2x, https:\/\/i0.wp.com\/noticiasribeiraopreto.com.br\/wp-content\/uploads\/2024\/12\/Sem-titulo_2024-12-05_00-37-21_png_2024-12-05_00-37-21.webp.webp?fit=1200%2C610&ssl=1&resize=1050%2C600 3x"},"classes":[]},{"id":37124,"url":"https:\/\/noticiasribeiraopreto.com.br\/index.php\/2024\/02\/14\/renato-albani-se-apresenta-em-ribeirao-preto-veja-como-comprar-ingressos\/","url_meta":{"origin":37104,"position":4},"title":"Renato Albani se apresenta em Ribeir\u00e3o Preto; Veja como comprar ingressos","author":"noticiasribeiraopreto.com.br","date":"14 de February de 2024","format":false,"excerpt":"O humorista Renato Albani se apresenta em Ribeir\u00e3o Preto em mar\u00e7o com o \u201cNovo Show\u201d no Theatro Pedro II, no dia 15 de mar\u00e7o, \u00e0s 19h e \u00e0s 21h. Ingressos ainda est\u00e3o dispon\u00edveis. Renato j\u00e1 esteve em Ribeir\u00e3o Preto para apresentar o show \u201cAssim Caminha a Humanidade\u201d. Agora, ele traz\u2026","rel":"","context":"In &quot;Not\u00edcias de Ribeir\u00e3o Preto-SP e Regi\u00e3o&quot;","block_context":{"text":"Not\u00edcias de Ribeir\u00e3o Preto-SP e Regi\u00e3o","link":"https:\/\/noticiasribeiraopreto.com.br\/index.php\/category\/noticias-de-ribeirao-preto-sp-e-regiao-ismael-colosi\/"},"img":{"alt_text":"","src":"https:\/\/i0.wp.com\/noticiasribeiraopreto.com.br\/wp-content\/uploads\/2024\/02\/Capturar-10.jpg?fit=645%2C423&ssl=1&resize=350%2C200","width":350,"height":200,"srcset":"https:\/\/i0.wp.com\/noticiasribeiraopreto.com.br\/wp-content\/uploads\/2024\/02\/Capturar-10.jpg?fit=645%2C423&ssl=1&resize=350%2C200 1x, https:\/\/i0.wp.com\/noticiasribeiraopreto.com.br\/wp-content\/uploads\/2024\/02\/Capturar-10.jpg?fit=645%2C423&ssl=1&resize=525%2C300 1.5x"},"classes":[]},{"id":37140,"url":"https:\/\/noticiasribeiraopreto.com.br\/index.php\/2024\/02\/14\/ribeirao-rodeo-music-ana-castela-lanca-ultimo-ep-de-boiadeira-internacional-na-sexta\/","url_meta":{"origin":37104,"position":5},"title":"Ribeir\u00e3o Rodeo Music: Ana Castela lan\u00e7a \u00faltimo EP de Boiadeira Internacional na sexta","author":"noticiasribeiraopreto.com.br","date":"14 de February de 2024","format":false,"excerpt":"Uma das atra\u00e7\u00f5es do Ribeir\u00e3o Rodeo Music 2024, a cantora Ana Castela lan\u00e7a o \u00faltimo EP do DVD Boiadeira Internacional, na pr\u00f3xima sexta-feira (16). Ana Castela vai se apresentar no dia 20 de abril, no Parque Permanente de Exposi\u00e7\u00f5es. A cantora sul-mato-grossense, de 20 anos, estreou no palco do Ribeir\u00e3o\u2026","rel":"","context":"In &quot;Not\u00edcias de Ribeir\u00e3o Preto-SP e Regi\u00e3o&quot;","block_context":{"text":"Not\u00edcias de Ribeir\u00e3o Preto-SP e Regi\u00e3o","link":"https:\/\/noticiasribeiraopreto.com.br\/index.php\/category\/noticias-de-ribeirao-preto-sp-e-regiao-ismael-colosi\/"},"img":{"alt_text":"","src":"https:\/\/i0.wp.com\/noticiasribeiraopreto.com.br\/wp-content\/uploads\/2024\/02\/ana-castela.jpg?fit=1200%2C761&ssl=1&resize=350%2C200","width":350,"height":200,"srcset":"https:\/\/i0.wp.com\/noticiasribeiraopreto.com.br\/wp-content\/uploads\/2024\/02\/ana-castela.jpg?fit=1200%2C761&ssl=1&resize=350%2C200 1x, https:\/\/i0.wp.com\/noticiasribeiraopreto.com.br\/wp-content\/uploads\/2024\/02\/ana-castela.jpg?fit=1200%2C761&ssl=1&resize=525%2C300 1.5x, https:\/\/i0.wp.com\/noticiasribeiraopreto.com.br\/wp-content\/uploads\/2024\/02\/ana-castela.jpg?fit=1200%2C761&ssl=1&resize=700%2C400 2x, https:\/\/i0.wp.com\/noticiasribeiraopreto.com.br\/wp-content\/uploads\/2024\/02\/ana-castela.jpg?fit=1200%2C761&ssl=1&resize=1050%2C600 3x"},"classes":[]}],"jetpack_sharing_enabled":true,"jetpack_shortlink":"https:\/\/wp.me\/peQAOb-9Es","_links":{"self":[{"href":"https:\/\/noticiasribeiraopreto.com.br\/index.php\/wp-json\/wp\/v2\/posts\/37104","targetHints":{"allow":["GET"]}}],"collection":[{"href":"https:\/\/noticiasribeiraopreto.com.br\/index.php\/wp-json\/wp\/v2\/posts"}],"about":[{"href":"https:\/\/noticiasribeiraopreto.com.br\/index.php\/wp-json\/wp\/v2\/types\/post"}],"author":[{"embeddable":true,"href":"https:\/\/noticiasribeiraopreto.com.br\/index.php\/wp-json\/wp\/v2\/users\/1"}],"replies":[{"embeddable":true,"href":"https:\/\/noticiasribeiraopreto.com.br\/index.php\/wp-json\/wp\/v2\/comments?post=37104"}],"version-history":[{"count":0,"href":"https:\/\/noticiasribeiraopreto.com.br\/index.php\/wp-json\/wp\/v2\/posts\/37104\/revisions"}],"wp:featuredmedia":[{"embeddable":true,"href":"https:\/\/noticiasribeiraopreto.com.br\/index.php\/wp-json\/wp\/v2\/media\/37105"}],"wp:attachment":[{"href":"https:\/\/noticiasribeiraopreto.com.br\/index.php\/wp-json\/wp\/v2\/media?parent=37104"}],"wp:term":[{"taxonomy":"category","embeddable":true,"href":"https:\/\/noticiasribeiraopreto.com.br\/index.php\/wp-json\/wp\/v2\/categories?post=37104"},{"taxonomy":"post_tag","embeddable":true,"href":"https:\/\/noticiasribeiraopreto.com.br\/index.php\/wp-json\/wp\/v2\/tags?post=37104"}],"curies":[{"name":"wp","href":"https:\/\/api.w.org\/{rel}","templated":true}]}}