{"id":37186,"date":"2024-02-14T18:29:26","date_gmt":"2024-02-14T21:29:26","guid":{"rendered":"https:\/\/noticiasribeiraopreto.com.br\/index.php\/2024\/02\/14\/fraternidade-e-amizade-social-sao-tema-da-campanha-da-fraternidade\/"},"modified":"2024-02-14T18:29:26","modified_gmt":"2024-02-14T21:29:26","slug":"fraternidade-e-amizade-social-sao-tema-da-campanha-da-fraternidade","status":"publish","type":"post","link":"https:\/\/noticiasribeiraopreto.com.br\/index.php\/2024\/02\/14\/fraternidade-e-amizade-social-sao-tema-da-campanha-da-fraternidade\/","title":{"rendered":"Fraternidade e Amizade Social s\u00e3o tema da Campanha da Fraternidade"},"content":{"rendered":"<div class='code-block code-block-1' style='margin: 8px 0 8px auto; text-align: right; display: block; clear: both;'>\n<p><a href=\"https:\/\/wa.link\/vpicfd\"><img data-recalc-dims=\"1\" class=\"wp-image-4922\" style=\"aspect-ratio: 2.0253164556962027; width: 561px; height: auto;\" src=\"https:\/\/i0.wp.com\/ismaelcolosi.com.br\/wp-content\/uploads\/2023\/11\/grupo-de-empregos-whatsapp-e-facebook-ismael-colosi-vagas.jpg?ssl=1\" alt=\"\" \/><\/a><\/p>\n<!-- \/wp:image -->\n<\/div>\n<p> <br \/>\n<\/p>\n<div>\n<p>A Campanha da Fraternidade 2024 tem o tema\u00a0<em>Fraternidade e Amizade Social<\/em>\u00a0e o lema\u00a0<em>V\u00f3s sois todos irm\u00e3os e irm\u00e3s<\/em>\u00a0(Mateus 23,8). O lan\u00e7amento da campanha foi na Confer\u00eancia Nacional dos Bispos do Brasil (CNBB), em Bras\u00edlia, nesta Quarta-feira de Cinzas (14), dia que marca para as religi\u00f5es crist\u00e3s o in\u00edcio da Quaresma. O per\u00edodo, com dura\u00e7\u00e3o de 44 dias, com fim na Quinta-feira Santa, \u00e9 considerado de reflex\u00e3o e recolhimento para os crist\u00e3os at\u00e9 a P\u00e1scoa, data de comemora\u00e7\u00e3o da ressurrei\u00e7\u00e3o de Jesus Cristo, depois de seus sofrimentos e morte.<noscript><img data-recalc-dims=\"1\" decoding=\"async\" src=\"https:\/\/i0.wp.com\/agenciabrasil.ebc.com.br\/ebc.png?ssl=1\"\/><\/noscript><img data-recalc-dims=\"1\" decoding=\"async\" src=\"https:\/\/i0.wp.com\/agenciabrasil.ebc.com.br\/ebc.gif?ssl=1\" class=\"lazyload\"\/><noscript><img data-recalc-dims=\"1\" decoding=\"async\" src=\"https:\/\/i0.wp.com\/agenciabrasil.ebc.com.br\/ebc.gif?ssl=1\"\/><\/noscript><\/p>\n<p>Este ano, a Campanha da Fraternidade completa 60 anos ininterruptos. Nesta edi\u00e7\u00e3o, a campanha foi inspirada na\u00a0<em><a href=\"https:\/\/www.vatican.va\/content\/francesco\/pt\/encyclicals\/documents\/papa-francesco_20201003_enciclica-fratelli-tutti.html\" target=\"_blank\" rel=\"noopener\">Carta Enc\u00edclica Fratelli Tutti<\/a><\/em>\u00a0assinada em outubro de 2020, na cidade italiana de Assis, pelo Papa Francisco.<\/p>\n<p>Durante a cerim\u00f4nia de lan\u00e7amento da iniciativa, foi apresentado um v\u00eddeo da autoridade m\u00e1xima da Igreja Cat\u00f3lica sobre a campanha deste ano. Na mensagem, o Papa Francisco convida os brasileiros, durante a Quaresma, ao reconhecimento da vontade de Deus de que todos sejam irm\u00e3os e irm\u00e3s, em uma fraternidade universal.<\/p>\n<p>\u201cLembro da necessidade de alargar os nossos c\u00edrculos para chegarmos \u00e0queles que, espontaneamente, n\u00e3o sentimos como parte do nosso mundo de interesses, de estender o nosso amor a todo ser vivo, vencendo fronteiras e superando as barreiras da geografia e do espa\u00e7o\u201d, disse o papa.<\/p>\n<p>J\u00e1 o secret\u00e1rio-executivo de Campanhas da CNBB, padre Jean Poul Hansen, esclareceu que o tema e lema foram escolhidos h\u00e1 2 anos pelos religiosos brasileiros. \u201cEm 2022, tocava o cora\u00e7\u00e3o dos nossos bispos a realidade do povo brasileiro dividido, polarizado, onde cresce a indiferen\u00e7a, o \u00f3dio e a viol\u00eancia. Mas, tamb\u00e9m tocava o cora\u00e7\u00e3o dos nossos bispos o rico magist\u00e9rio do amado Papa Francisco, que na sua\u00a0<em>Enc\u00edclica Fratelli Tutti<\/em>\u00a0nos apresentou o rem\u00e9dio para esse mundo: a amizade social\u201d.<\/p>\n<p>O secret\u00e1rio-geral da CNBB, dom Ricardo Hoepers, ainda enfatizou que a Campanha da Fraternidade 2024 ocorre em um momento de fortalecimento do compromisso de cuidado com outras pessoas, chamadas pelo religioso de \u201co pr\u00f3ximo\u201d.<\/p>\n<p>\u201cNo texto-base, aparecem os sinais de divis\u00f5es, inimizades, guerras, disc\u00f3rdias, tristeza, perda de sentido da vida. Mas podemos ver tamb\u00e9m uma Igreja em sa\u00edda, pessoas comprometidas, podemos ver um empenho maior de uma consci\u00eancia maior do nosso papel de batizado de crist\u00e3o neste mundo\u201d, diz dom Ricardo Hoepers.<\/p>\n<p><strong>60 anos<\/strong> \u2013 A Campanha da Fraternidade teve in\u00edcio em 1962, na arquidiocese de Natal e, a partir de 1964, se estendeu a todo o Brasil. Naquele ano, o tema foi <em>Lembre-se: voc\u00ea tamb\u00e9m \u00e9 Igreja<\/em>.<\/p>\n<p>Em v\u00eddeo, o Papa Francisco tamb\u00e9m destacou o trabalho dos integrantes da CNBB nesses 60 anos da Campanha da Fraternidade. \u201cUm itiner\u00e1rio de convers\u00e3o que une f\u00e9 e vida, espiritualidade e compromisso fraterno, amor a Deus e amor ao pr\u00f3ximo, especialmente \u00e0quele mais fragilizado e necessitado de aten\u00e7\u00e3o. Esse percurso \u00e9 proposto, a cada ano, \u00e0 Igreja no Brasil e a todas as pessoas de boa vontade desta querida na\u00e7\u00e3o\u201d.<\/p>\n<p>No Brasil, o secret\u00e1rio-geral da CNBB, dom Ricardo Hoepers, celebrou as seis d\u00e9cadas ininterruptas da a\u00e7\u00e3o evangelizadora, em n\u00edvel nacional. \u201cS\u00e3o 60 anos de uma viv\u00eancia eclesial que, em busca de convers\u00e3o pessoal, comunit\u00e1ria e social, com propostas que unem todas as dioceses e a na\u00e7\u00e3o inteira. 60 anos de solidariedade e de projetos que salvaram e transformaram vidas. 60 anos de coragem e coer\u00eancia tamb\u00e9m anunciando o Evangelho e denunciando injusti\u00e7as.\u201d<\/p>\n<\/div>\n<p><br \/>\n<br \/><a href=\"https:\/\/www.tribunaribeirao.com.br\/site\/fraternidade-e-amizade-social-sao-tema-da-campanha-da-fraternidade\/\">Source link <\/a><\/p>\n<!-- CONTENT END 1 -->\n","protected":false},"excerpt":{"rendered":"<p>A Campanha da Fraternidade 2024 tem o tema\u00a0Fraternidade e Amizade Social\u00a0e o lema\u00a0V\u00f3s sois todos irm\u00e3os e irm\u00e3s\u00a0(Mateus 23,8). O lan\u00e7amento da campanha foi na&#8230;<\/p>\n","protected":false},"author":1,"featured_media":37187,"comment_status":"open","ping_status":"open","sticky":false,"template":"","format":"standard","meta":{"advanced_seo_description":"","jetpack_seo_html_title":"","jetpack_seo_noindex":false,"jetpack_post_was_ever_published":false,"_jetpack_newsletter_access":"","_jetpack_dont_email_post_to_subs":false,"_jetpack_newsletter_tier_id":0,"_jetpack_memberships_contains_paywalled_content":false,"_jetpack_memberships_contains_paid_content":false,"footnotes":"","jetpack_publicize_message":"","jetpack_publicize_feature_enabled":true,"jetpack_social_post_already_shared":true,"jetpack_social_options":{"image_generator_settings":{"template":"highway","default_image_id":0,"font":"","enabled":false},"version":2}},"categories":[11],"tags":[4268,832,4267,50,1754,855],"class_list":["post-37186","post","type-post","status-publish","format-standard","has-post-thumbnail","hentry","category-noticias-de-ribeirao-preto-sp-e-regiao-ismael-colosi","tag-amizade","tag-campanha","tag-fraternidade","tag-sao","tag-social","tag-tema"],"jetpack_publicize_connections":[],"jetpack_featured_media_url":"https:\/\/i0.wp.com\/noticiasribeiraopreto.com.br\/wp-content\/uploads\/2024\/02\/b6079495-e0fe-482d-9bb3-c05aec4f1ee5-scaled.jpg?fit=1000%2C598&ssl=1","jetpack-related-posts":[{"id":64208,"url":"https:\/\/noticiasribeiraopreto.com.br\/index.php\/2025\/03\/05\/arcebispo-de-ribeirao-preto-abre-campanha-da-fraternidade-com-tema-sobre-ecologia\/","url_meta":{"origin":37186,"position":0},"title":"Arcebispo de Ribeir\u00e3o Preto abre Campanha da Fraternidade com tema sobre ecologia","author":"noticiasribeiraopreto.com.br","date":"5 de March de 2025","format":false,"excerpt":"O arcebispo metropolitano de Ribeir\u00e3o Preto, Dom Moacir Silva, lan\u00e7ou a Campanha da Fraternidade (CF) 2025 na manh\u00e3 desta Quarta-feira de Cinzas (5). O tema deste ano \u00e9 \u201cFraternidade e Ecologia Integral\u201d, e ser\u00e1 abordado durante toda a Quaresma, tempo de 40 dias em que os cat\u00f3licos se preparam para\u2026","rel":"","context":"In &quot;Not\u00edcias de Ribeir\u00e3o Preto-SP e Regi\u00e3o&quot;","block_context":{"text":"Not\u00edcias de Ribeir\u00e3o Preto-SP e Regi\u00e3o","link":"https:\/\/noticiasribeiraopreto.com.br\/index.php\/category\/noticias-de-ribeirao-preto-sp-e-regiao-ismael-colosi\/"},"img":{"alt_text":"","src":"https:\/\/i0.wp.com\/noticiasribeiraopreto.com.br\/wp-content\/uploads\/2025\/03\/WhatsApp-Image-2025-03-05-at-14.05.44_2025-03-05_17-06-11_jpeg_2025-03-05_17-06-11.webp.webp?fit=621%2C370&ssl=1&resize=350%2C200","width":350,"height":200,"srcset":"https:\/\/i0.wp.com\/noticiasribeiraopreto.com.br\/wp-content\/uploads\/2025\/03\/WhatsApp-Image-2025-03-05-at-14.05.44_2025-03-05_17-06-11_jpeg_2025-03-05_17-06-11.webp.webp?fit=621%2C370&ssl=1&resize=350%2C200 1x, https:\/\/i0.wp.com\/noticiasribeiraopreto.com.br\/wp-content\/uploads\/2025\/03\/WhatsApp-Image-2025-03-05-at-14.05.44_2025-03-05_17-06-11_jpeg_2025-03-05_17-06-11.webp.webp?fit=621%2C370&ssl=1&resize=525%2C300 1.5x"},"classes":[]},{"id":82669,"url":"https:\/\/noticiasribeiraopreto.com.br\/index.php\/2026\/02\/22\/tempos-de-jejum-e-penitencia\/","url_meta":{"origin":37186,"position":1},"title":"Tempos de jejum e penit\u00eancia","author":"noticiasribeiraopreto.com.br","date":"22 de February de 2026","format":false,"excerpt":"Por: Adalberto Luque \u2013 A Quaresma, per\u00edodo de 40 dias que antecede a celebra\u00e7\u00e3o da P\u00e1scoa no calend\u00e1rio crist\u00e3o, \u00e9 tradicionalmente associada a pr\u00e1ticas de penit\u00eancia, jejum e caridade. A Quarta-feira de Cinzas marca o in\u00edcio desse tempo lit\u00fargico, que se estende at\u00e9 a Quinta-feira Santa, em refer\u00eancia simb\u00f3lica aos\u2026","rel":"","context":"In &quot;Not\u00edcias de Ribeir\u00e3o Preto-SP e Regi\u00e3o&quot;","block_context":{"text":"Not\u00edcias de Ribeir\u00e3o Preto-SP e Regi\u00e3o","link":"https:\/\/noticiasribeiraopreto.com.br\/index.php\/category\/noticias-de-ribeirao-preto-sp-e-regiao-ismael-colosi\/"},"img":{"alt_text":"","src":"https:\/\/i0.wp.com\/noticiasribeiraopreto.com.br\/wp-content\/uploads\/2026\/02\/FOTO-01-Quaresma-Foto-Canvas-Internet.png?fit=800%2C500&ssl=1&resize=350%2C200","width":350,"height":200,"srcset":"https:\/\/i0.wp.com\/noticiasribeiraopreto.com.br\/wp-content\/uploads\/2026\/02\/FOTO-01-Quaresma-Foto-Canvas-Internet.png?fit=800%2C500&ssl=1&resize=350%2C200 1x, https:\/\/i0.wp.com\/noticiasribeiraopreto.com.br\/wp-content\/uploads\/2026\/02\/FOTO-01-Quaresma-Foto-Canvas-Internet.png?fit=800%2C500&ssl=1&resize=525%2C300 1.5x, https:\/\/i0.wp.com\/noticiasribeiraopreto.com.br\/wp-content\/uploads\/2026\/02\/FOTO-01-Quaresma-Foto-Canvas-Internet.png?fit=800%2C500&ssl=1&resize=700%2C400 2x"},"classes":[]},{"id":61525,"url":"https:\/\/noticiasribeiraopreto.com.br\/index.php\/2024\/12\/15\/veja-qual-foi-o-tema-da-redacao-da-segunda-fase-da-fuvest\/","url_meta":{"origin":37186,"position":2},"title":"Veja qual foi o tema da reda\u00e7\u00e3o da segunda fase da Fuvest","author":"noticiasribeiraopreto.com.br","date":"15 de December de 2024","format":false,"excerpt":"Acontece neste domingo (15) o primeiro dia de provas da segunda fase da Fuvest 2025, principal forma de acesso \u00e0 USP (Universidade de S\u00e3o Paulo). Al\u00e9m das quest\u00f5es discursivas de Portugu\u00eas, os estudantes tamb\u00e9m tiveram de escrever uma reda\u00e7\u00e3o no formato de disserta\u00e7\u00e3o de car\u00e1ter argumentativo, que prop\u00f5e um ponto\u2026","rel":"","context":"In &quot;Not\u00edcias de Ribeir\u00e3o Preto-SP e Regi\u00e3o&quot;","block_context":{"text":"Not\u00edcias de Ribeir\u00e3o Preto-SP e Regi\u00e3o","link":"https:\/\/noticiasribeiraopreto.com.br\/index.php\/category\/noticias-de-ribeirao-preto-sp-e-regiao-ismael-colosi\/"},"img":{"alt_text":"","src":"https:\/\/i0.wp.com\/noticiasribeiraopreto.com.br\/wp-content\/uploads\/2024\/12\/usp_ribeirao_500x320_26072019111611.jpg?fit=500%2C322&ssl=1&resize=350%2C200","width":350,"height":200},"classes":[]},{"id":67966,"url":"https:\/\/noticiasribeiraopreto.com.br\/index.php\/2025\/04\/21\/papa-francisco-doze-anos-de-novos-dinamismos-e-portas-abertas\/","url_meta":{"origin":37186,"position":3},"title":"Papa Francisco, doze anos de novos dinamismos e portas abertas","author":"noticiasribeiraopreto.com.br","date":"21 de April de 2025","format":false,"excerpt":"Papa Francisco foi o primeiro em muitas coisas. Primeiro Papa jesu\u00edta, primeiro Papa origin\u00e1rio da Am\u00e9rica Latina, primeiro a escolher o nome Francisco sem um numeral, primeiro a ser eleito com seu antecessor ainda vivo, primeiro a residir fora do Pal\u00e1cio Apost\u00f3lico, primeiro a visitar terras nunca antes tocadas por\u2026","rel":"","context":"In &quot;Not\u00edcias de Franca-SP&quot;","block_context":{"text":"Not\u00edcias de Franca-SP","link":"https:\/\/noticiasribeiraopreto.com.br\/index.php\/category\/noticias-de-ribeirao-preto-sp-e-regiao-ismael-colosi\/noticias-franca-sp\/"},"img":{"alt_text":"","src":"https:\/\/i0.wp.com\/noticiasribeiraopreto.com.br\/wp-content\/uploads\/2025\/04\/cq5dam.thumbnail.cropped.500.281.jpeg?fit=500%2C281&ssl=1&resize=350%2C200","width":350,"height":200},"classes":[]},{"id":75388,"url":"https:\/\/noticiasribeiraopreto.com.br\/index.php\/2025\/08\/07\/ribeirao-preto-recebe-bazar-solidario-com-brinquedos-roupas-e-moveis-veja-quando\/","url_meta":{"origin":37186,"position":4},"title":"Ribeir\u00e3o Preto recebe bazar solid\u00e1rio com brinquedos, roupas e m\u00f3veis; veja quando","author":"noticiasribeiraopreto.com.br","date":"7 de August de 2025","format":false,"excerpt":"A Fraternidade Solid\u00e1ria S\u00e3o Francisco de Assis \u2013 Padre Jo\u00e3o R\u00edpoli (Frasol) realiza, nos dias 8 e 9 de agosto, um bazar beneficente no bairro Parque Ribeir\u00e3o, em Ribeir\u00e3o Preto. O evento re\u00fane brinquedos, roupas, cal\u00e7ados, m\u00f3veis, bolsas, bijuterias, livros e utens\u00edlios dom\u00e9sticos em bom estado, com pre\u00e7os acess\u00edveis ao\u2026","rel":"","context":"In &quot;Not\u00edcias de Ribeir\u00e3o Preto-SP e Regi\u00e3o&quot;","block_context":{"text":"Not\u00edcias de Ribeir\u00e3o Preto-SP e Regi\u00e3o","link":"https:\/\/noticiasribeiraopreto.com.br\/index.php\/category\/noticias-de-ribeirao-preto-sp-e-regiao-ismael-colosi\/"},"img":{"alt_text":"","src":"https:\/\/i0.wp.com\/noticiasribeiraopreto.com.br\/wp-content\/uploads\/2025\/08\/Copia-de-Copia-de-Copia-de-TAMANHO-EXATO-PARA-FOTOS-NO-SISTEMA-NOVO-2025-08-07T145623.771_2025-08-07_18-01-16.webp.webp?fit=1200%2C675&ssl=1&resize=350%2C200","width":350,"height":200,"srcset":"https:\/\/i0.wp.com\/noticiasribeiraopreto.com.br\/wp-content\/uploads\/2025\/08\/Copia-de-Copia-de-Copia-de-TAMANHO-EXATO-PARA-FOTOS-NO-SISTEMA-NOVO-2025-08-07T145623.771_2025-08-07_18-01-16.webp.webp?fit=1200%2C675&ssl=1&resize=350%2C200 1x, https:\/\/i0.wp.com\/noticiasribeiraopreto.com.br\/wp-content\/uploads\/2025\/08\/Copia-de-Copia-de-Copia-de-TAMANHO-EXATO-PARA-FOTOS-NO-SISTEMA-NOVO-2025-08-07T145623.771_2025-08-07_18-01-16.webp.webp?fit=1200%2C675&ssl=1&resize=525%2C300 1.5x, https:\/\/i0.wp.com\/noticiasribeiraopreto.com.br\/wp-content\/uploads\/2025\/08\/Copia-de-Copia-de-Copia-de-TAMANHO-EXATO-PARA-FOTOS-NO-SISTEMA-NOVO-2025-08-07T145623.771_2025-08-07_18-01-16.webp.webp?fit=1200%2C675&ssl=1&resize=700%2C400 2x, https:\/\/i0.wp.com\/noticiasribeiraopreto.com.br\/wp-content\/uploads\/2025\/08\/Copia-de-Copia-de-Copia-de-TAMANHO-EXATO-PARA-FOTOS-NO-SISTEMA-NOVO-2025-08-07T145623.771_2025-08-07_18-01-16.webp.webp?fit=1200%2C675&ssl=1&resize=1050%2C600 3x"},"classes":[]},{"id":12961,"url":"https:\/\/noticiasribeiraopreto.com.br\/index.php\/2023\/12\/08\/veja-como-participar-da-campanha-natal-das-criancas-do-fundo-social-de-ribeirao\/","url_meta":{"origin":37186,"position":5},"title":"Veja como participar da campanha Natal das Crian\u00e7as do Fundo Social de Ribeir\u00e3o","author":"noticiasribeiraopreto.com.br","date":"8 de December de 2023","format":false,"excerpt":"O Fundo Social de Solidariedade de Ribeir\u00e3o Preto lan\u00e7ou nesta sexta-feira (8) a campanha \u201cNatal das Crian\u00e7as\u201d, que pretende arrecadar brinquedos novos e usados (em bom estado de conserva\u00e7\u00e3o) para crian\u00e7as carentes. As doa\u00e7\u00f5es podem ser realizadas at\u00e9 o dia 20 de dezembro, na sede do Fundo Social, que fica\u2026","rel":"","context":"In &quot;Not\u00edcias de Ribeir\u00e3o Preto-SP e Regi\u00e3o&quot;","block_context":{"text":"Not\u00edcias de Ribeir\u00e3o Preto-SP e Regi\u00e3o","link":"https:\/\/noticiasribeiraopreto.com.br\/index.php\/category\/noticias-de-ribeirao-preto-sp-e-regiao-ismael-colosi\/"},"img":{"alt_text":"","src":"https:\/\/i0.wp.com\/noticiasribeiraopreto.com.br\/wp-content\/uploads\/2023\/12\/papai-noel.jpg?fit=1200%2C800&ssl=1&resize=350%2C200","width":350,"height":200,"srcset":"https:\/\/i0.wp.com\/noticiasribeiraopreto.com.br\/wp-content\/uploads\/2023\/12\/papai-noel.jpg?fit=1200%2C800&ssl=1&resize=350%2C200 1x, https:\/\/i0.wp.com\/noticiasribeiraopreto.com.br\/wp-content\/uploads\/2023\/12\/papai-noel.jpg?fit=1200%2C800&ssl=1&resize=525%2C300 1.5x, https:\/\/i0.wp.com\/noticiasribeiraopreto.com.br\/wp-content\/uploads\/2023\/12\/papai-noel.jpg?fit=1200%2C800&ssl=1&resize=700%2C400 2x, https:\/\/i0.wp.com\/noticiasribeiraopreto.com.br\/wp-content\/uploads\/2023\/12\/papai-noel.jpg?fit=1200%2C800&ssl=1&resize=1050%2C600 3x"},"classes":[]}],"jetpack_sharing_enabled":true,"jetpack_shortlink":"https:\/\/wp.me\/peQAOb-9FM","_links":{"self":[{"href":"https:\/\/noticiasribeiraopreto.com.br\/index.php\/wp-json\/wp\/v2\/posts\/37186","targetHints":{"allow":["GET"]}}],"collection":[{"href":"https:\/\/noticiasribeiraopreto.com.br\/index.php\/wp-json\/wp\/v2\/posts"}],"about":[{"href":"https:\/\/noticiasribeiraopreto.com.br\/index.php\/wp-json\/wp\/v2\/types\/post"}],"author":[{"embeddable":true,"href":"https:\/\/noticiasribeiraopreto.com.br\/index.php\/wp-json\/wp\/v2\/users\/1"}],"replies":[{"embeddable":true,"href":"https:\/\/noticiasribeiraopreto.com.br\/index.php\/wp-json\/wp\/v2\/comments?post=37186"}],"version-history":[{"count":0,"href":"https:\/\/noticiasribeiraopreto.com.br\/index.php\/wp-json\/wp\/v2\/posts\/37186\/revisions"}],"wp:featuredmedia":[{"embeddable":true,"href":"https:\/\/noticiasribeiraopreto.com.br\/index.php\/wp-json\/wp\/v2\/media\/37187"}],"wp:attachment":[{"href":"https:\/\/noticiasribeiraopreto.com.br\/index.php\/wp-json\/wp\/v2\/media?parent=37186"}],"wp:term":[{"taxonomy":"category","embeddable":true,"href":"https:\/\/noticiasribeiraopreto.com.br\/index.php\/wp-json\/wp\/v2\/categories?post=37186"},{"taxonomy":"post_tag","embeddable":true,"href":"https:\/\/noticiasribeiraopreto.com.br\/index.php\/wp-json\/wp\/v2\/tags?post=37186"}],"curies":[{"name":"wp","href":"https:\/\/api.w.org\/{rel}","templated":true}]}}