{"id":37190,"date":"2024-02-14T18:37:32","date_gmt":"2024-02-14T21:37:32","guid":{"rendered":"https:\/\/noticiasribeiraopreto.com.br\/index.php\/2024\/02\/14\/inmet-aumenta-grau-de-severidade-para-chuvas-no-interior-de-sp-temporal-atinge-ribeirao\/"},"modified":"2024-02-14T18:37:32","modified_gmt":"2024-02-14T21:37:32","slug":"inmet-aumenta-grau-de-severidade-para-chuvas-no-interior-de-sp-temporal-atinge-ribeirao","status":"publish","type":"post","link":"https:\/\/noticiasribeiraopreto.com.br\/index.php\/2024\/02\/14\/inmet-aumenta-grau-de-severidade-para-chuvas-no-interior-de-sp-temporal-atinge-ribeirao\/","title":{"rendered":"Inmet aumenta grau de severidade para chuvas no interior de SP; Temporal atinge Ribeir\u00e3o"},"content":{"rendered":"<div class='code-block code-block-1' style='margin: 8px 0 8px auto; text-align: right; display: block; clear: both;'>\n<p><a href=\"https:\/\/wa.link\/vpicfd\"><img data-recalc-dims=\"1\" class=\"wp-image-4922\" style=\"aspect-ratio: 2.0253164556962027; width: 561px; height: auto;\" src=\"https:\/\/i0.wp.com\/ismaelcolosi.com.br\/wp-content\/uploads\/2023\/11\/grupo-de-empregos-whatsapp-e-facebook-ismael-colosi-vagas.jpg?ssl=1\" alt=\"\" \/><\/a><\/p>\n<!-- \/wp:image -->\n<\/div>\n<p> <br \/>\n<\/p>\n<div data-td-block-uid=\"tdi_102\">\n<div class=\"tdb-block-inner td-fix-index\">\n<p>O <strong>Instituto Nacional de Meteorologia (Inmet)<\/strong> aumentou o grau de severidade do <strong>alerta de chuvas intensas<\/strong> para o <strong>interior de S\u00e3o Paulo<\/strong>, emitido na \u00faltima ter\u00e7a-feira (13). <\/p>\n<p>Nesta <strong>quarta-feira (14)<\/strong>, o alerta <strong>amarelo <\/strong>de \u201c<strong>perigo potencial<\/strong>\u201d passou a ser <strong>laranja <\/strong>e indica \u201c<strong>perigo<\/strong>\u201d para <strong>chuvas intensas<\/strong>. <mark style=\"background-color:#fcb900\" class=\"has-inline-color\">O novo comunicado \u00e9 v\u00e1lido at\u00e9 a manh\u00e3 de quinta-feira (15).<\/mark><\/p>\n<p><strong>Em Ribeir\u00e3o Preto, a chegada das nuvens carregadas foram observadas no Centro da cidade \u2013 <em>veja o v\u00eddeo abaixo<\/em>.<\/strong><\/p>\n<p>Sendo assim, ap\u00f3s a altera\u00e7\u00e3o do comunicado, o \u00f3rg\u00e3o informou que pode chover o acumulado de at\u00e9 <strong>100 mil\u00edmetros por dia<\/strong> com <strong>ventos intensos entre 60 km\/h e 100 km\/h.<\/strong><\/p>\n<p>Tamb\u00e9m existe o risco de corte de energia el\u00e9trica, queda de galhos de \u00e1rvores, alagamentos e de descargas el\u00e9tricas, segundo o <strong>Inmet<\/strong>.<\/p>\n<h4 class=\"wp-block-heading\"><strong>Chuva e queda de temperatura<\/strong><\/h4>\n<p>A meteorologia indica uma <strong>grande mudan\u00e7a no tempo<\/strong>, a partir desta quarta-feira, devido \u00e0 chegada de uma <strong>frente fria<\/strong>, que avan\u00e7a pelos estados de <strong>S\u00e3o Paulo<\/strong> e <strong>Rio de janeiro<\/strong>.<\/p>\n<figure class=\"wp-block-pullquote\">\n<blockquote>\n<p>A combina\u00e7\u00e3o de muita nebulosidade, chuva e ventos frescos de origem polar, que est\u00e3o chegando com esta frente fria, v\u00e3o causar uma grande queda de temperatura em todas essas \u00e1reas<\/p>\n<p><cite>Climatempo<\/cite><\/p><\/blockquote>\n<\/figure>\n<h4 class=\"wp-block-heading\"><strong>Recomenda\u00e7\u00f5es<\/strong><\/h4>\n<p>Devido ao <strong>alerta de perigo para chuvas intensas no interior de S\u00e3o Paulo<\/strong>, o <strong>Inmet <\/strong>recomenda que em caso de rajadas de vento:<\/p>\n<ul>\n<li>N\u00e3o se abrigue debaixo de \u00e1rvores, pois h\u00e1 risco de queda e descargas el\u00e9tricas;<\/li>\n<\/ul>\n<ul>\n<li>N\u00e3o estacione ve\u00edculos pr\u00f3ximos a torres de transmiss\u00e3o e placas de propaganda;<\/li>\n<\/ul>\n<ul>\n<li>Se poss\u00edvel, desligue aparelhos el\u00e9tricos e quadro geral de energia.<\/li>\n<\/ul>\n<p>Al\u00e9m disso, o \u00f3rg\u00e3o tamb\u00e9m refor\u00e7a que a Defesa Civil (199) e o Corpo de Bombeiros (193) podem ser acionados para mais informa\u00e7\u00f5es.<\/p>\n<p><iframe loading=\"lazy\" allowfullscreen=\"yes\" frameborder=\"0\" scrolling=\"yes\" src=\"https:\/\/embed-videos.netshow.me\/s\/xz3XwmxJSPM\/player?v=true\" width=\"1080\" height=\"608\"><\/iframe><\/p>\n<p>SAIBA MAIS<\/p>\n<p>Partida entre Botafogo e Corinthians, em Ribeir\u00e3o Preto, ter\u00e1 linha especial de \u00f4nibus<\/p>\n<p><!-- AI CONTENT END 1 -->\n<\/div>\n<\/div>\n<p><br \/>\n<br \/><a href=\"https:\/\/www.acidadeon.com\/ribeiraopreto\/cotidiano\/inmet-aumenta-grau-de-severidade-para-chuvas-no-interior-de-sp-temporal-atinge-ribeirao\/\">Source link <\/a><\/p>\n<!-- CONTENT END 1 -->\n","protected":false},"excerpt":{"rendered":"<p>O Instituto Nacional de Meteorologia (Inmet) aumentou o grau de severidade do alerta de chuvas intensas para o interior de S\u00e3o Paulo, emitido na \u00faltima&#8230;<\/p>\n","protected":false},"author":1,"featured_media":37191,"comment_status":"open","ping_status":"open","sticky":false,"template":"","format":"standard","meta":{"advanced_seo_description":"","jetpack_seo_html_title":"","jetpack_seo_noindex":false,"jetpack_post_was_ever_published":false,"_jetpack_newsletter_access":"","_jetpack_dont_email_post_to_subs":false,"_jetpack_newsletter_tier_id":0,"_jetpack_memberships_contains_paywalled_content":false,"_jetpack_memberships_contains_paid_content":false,"footnotes":"","jetpack_publicize_message":"","jetpack_publicize_feature_enabled":true,"jetpack_social_post_already_shared":true,"jetpack_social_options":{"image_generator_settings":{"template":"highway","default_image_id":0,"font":"","enabled":false},"version":2}},"categories":[11],"tags":[],"class_list":["post-37190","post","type-post","status-publish","format-standard","has-post-thumbnail","hentry","category-noticias-de-ribeirao-preto-sp-e-regiao-ismael-colosi"],"jetpack_publicize_connections":[],"jetpack_featured_media_url":"https:\/\/i0.wp.com\/noticiasribeiraopreto.com.br\/wp-content\/uploads\/2024\/02\/Copia-de-Copia-de-TAMANHO-EXATO-PARA-FOTOS-NO-SISTEMA-NOVO-6-2.jpg?fit=1200%2C675&ssl=1","jetpack-related-posts":[{"id":43537,"url":"https:\/\/noticiasribeiraopreto.com.br\/index.php\/2024\/03\/21\/o-que-se-sabe-sobre-a-frente-fria-e-o-alerta-de-chuva-no-interior-de-sp\/","url_meta":{"origin":37190,"position":0},"title":"O que se sabe sobre a frente fria e o alerta de chuva no interior de SP","author":"noticiasribeiraopreto.com.br","date":"21 de March de 2024","format":false,"excerpt":"A chegada do outono trouxe para o interior de S\u00e3o Paulo um novo alerta de chuvas intensas, nesta quinta-feira (21), dessa vez, com maior grau de severidade, de acordo com o Instituto Nacional de Meteorologia (Inmet). O deslocamento de uma frente fria deve trazer linhas de instabilidades, que, combinadas com\u2026","rel":"","context":"In &quot;Not\u00edcias de Ribeir\u00e3o Preto-SP e Regi\u00e3o&quot;","block_context":{"text":"Not\u00edcias de Ribeir\u00e3o Preto-SP e Regi\u00e3o","link":"https:\/\/noticiasribeiraopreto.com.br\/index.php\/category\/noticias-de-ribeirao-preto-sp-e-regiao-ismael-colosi\/"},"img":{"alt_text":"","src":"https:\/\/i0.wp.com\/noticiasribeiraopreto.com.br\/wp-content\/uploads\/2024\/03\/WhatsApp-Image-2024-03-19-at-16.42.46-1.jpeg?fit=578%2C434&ssl=1&resize=350%2C200","width":350,"height":200,"srcset":"https:\/\/i0.wp.com\/noticiasribeiraopreto.com.br\/wp-content\/uploads\/2024\/03\/WhatsApp-Image-2024-03-19-at-16.42.46-1.jpeg?fit=578%2C434&ssl=1&resize=350%2C200 1x, https:\/\/i0.wp.com\/noticiasribeiraopreto.com.br\/wp-content\/uploads\/2024\/03\/WhatsApp-Image-2024-03-19-at-16.42.46-1.jpeg?fit=578%2C434&ssl=1&resize=525%2C300 1.5x"},"classes":[]},{"id":74531,"url":"https:\/\/noticiasribeiraopreto.com.br\/index.php\/2025\/07\/24\/interior-de-sp-tem-alerta-de-perigo-potencial-para-chuvas-intensas-veja-cidades-atingidas\/","url_meta":{"origin":37190,"position":1},"title":"Interior de SP tem alerta de perigo potencial para chuvas intensas; Veja cidades atingidas","author":"noticiasribeiraopreto.com.br","date":"24 de July de 2025","format":false,"excerpt":"O Inmet (Instituto Nacional de Meteorologia) emitiu alerta para o risco de chuvas intensas no interior de S\u00e3o Paulo. O aviso indica perigo potencial com in\u00edcio \u00e0s 10h desta quinta-feira (24) at\u00e9 as 10h desta sexta-feira (25). Clique aqui e veja todas as cidades. O alerta \u00e9 na cor amarela,\u2026","rel":"","context":"In &quot;Not\u00edcias de Ribeir\u00e3o Preto-SP e Regi\u00e3o&quot;","block_context":{"text":"Not\u00edcias de Ribeir\u00e3o Preto-SP e Regi\u00e3o","link":"https:\/\/noticiasribeiraopreto.com.br\/index.php\/category\/noticias-de-ribeirao-preto-sp-e-regiao-ismael-colosi\/"},"img":{"alt_text":"","src":"https:\/\/i0.wp.com\/noticiasribeiraopreto.com.br\/wp-content\/uploads\/2025\/07\/WhatsApp-Image-2025-04-14-at-16.00.00_2025-04-14_19-33-51_jpeg_2025-04-14_19-33-51.webp.webp?fit=1200%2C553&ssl=1&resize=350%2C200","width":350,"height":200,"srcset":"https:\/\/i0.wp.com\/noticiasribeiraopreto.com.br\/wp-content\/uploads\/2025\/07\/WhatsApp-Image-2025-04-14-at-16.00.00_2025-04-14_19-33-51_jpeg_2025-04-14_19-33-51.webp.webp?fit=1200%2C553&ssl=1&resize=350%2C200 1x, https:\/\/i0.wp.com\/noticiasribeiraopreto.com.br\/wp-content\/uploads\/2025\/07\/WhatsApp-Image-2025-04-14-at-16.00.00_2025-04-14_19-33-51_jpeg_2025-04-14_19-33-51.webp.webp?fit=1200%2C553&ssl=1&resize=525%2C300 1.5x, https:\/\/i0.wp.com\/noticiasribeiraopreto.com.br\/wp-content\/uploads\/2025\/07\/WhatsApp-Image-2025-04-14-at-16.00.00_2025-04-14_19-33-51_jpeg_2025-04-14_19-33-51.webp.webp?fit=1200%2C553&ssl=1&resize=700%2C400 2x, https:\/\/i0.wp.com\/noticiasribeiraopreto.com.br\/wp-content\/uploads\/2025\/07\/WhatsApp-Image-2025-04-14-at-16.00.00_2025-04-14_19-33-51_jpeg_2025-04-14_19-33-51.webp.webp?fit=1200%2C553&ssl=1&resize=1050%2C600 3x"},"classes":[]},{"id":73132,"url":"https:\/\/noticiasribeiraopreto.com.br\/index.php\/2025\/06\/25\/apos-onda-de-frio-inmet-alerta-para-chuvas-intensas-no-interior-de-sp\/","url_meta":{"origin":37190,"position":2},"title":"Ap\u00f3s onda de frio, Inmet alerta para chuvas intensas no interior de SP","author":"noticiasribeiraopreto.com.br","date":"25 de June de 2025","format":false,"excerpt":"O Instituto Nacional de Meteorologia (Inmet) mant\u00e9m o alerta de queda acentuada de temperatura para Ribeir\u00e3o Preto e regi\u00e3o at\u00e9 a manh\u00e3 de quinta-feira (27). J\u00e1 outras \u00e1reas do interior paulista entram em alerta para chuvas intensas a partir desta quarta-feira (26), com risco de ventos fortes, alagamentos e descargas\u2026","rel":"","context":"In &quot;Not\u00edcias de Ribeir\u00e3o Preto-SP e Regi\u00e3o&quot;","block_context":{"text":"Not\u00edcias de Ribeir\u00e3o Preto-SP e Regi\u00e3o","link":"https:\/\/noticiasribeiraopreto.com.br\/index.php\/category\/noticias-de-ribeirao-preto-sp-e-regiao-ismael-colosi\/"},"img":{"alt_text":"","src":"https:\/\/i0.wp.com\/noticiasribeiraopreto.com.br\/wp-content\/uploads\/2025\/06\/Copia-de-Copia-de-Copia-de-TAMANHO-EXATO-PARA-FOTOS-NO-SISTEMA-NOVO-2025-06-25T183006.204_2025-06-25_21-32-12.webp.webp?fit=1200%2C675&ssl=1&resize=350%2C200","width":350,"height":200,"srcset":"https:\/\/i0.wp.com\/noticiasribeiraopreto.com.br\/wp-content\/uploads\/2025\/06\/Copia-de-Copia-de-Copia-de-TAMANHO-EXATO-PARA-FOTOS-NO-SISTEMA-NOVO-2025-06-25T183006.204_2025-06-25_21-32-12.webp.webp?fit=1200%2C675&ssl=1&resize=350%2C200 1x, https:\/\/i0.wp.com\/noticiasribeiraopreto.com.br\/wp-content\/uploads\/2025\/06\/Copia-de-Copia-de-Copia-de-TAMANHO-EXATO-PARA-FOTOS-NO-SISTEMA-NOVO-2025-06-25T183006.204_2025-06-25_21-32-12.webp.webp?fit=1200%2C675&ssl=1&resize=525%2C300 1.5x, https:\/\/i0.wp.com\/noticiasribeiraopreto.com.br\/wp-content\/uploads\/2025\/06\/Copia-de-Copia-de-Copia-de-TAMANHO-EXATO-PARA-FOTOS-NO-SISTEMA-NOVO-2025-06-25T183006.204_2025-06-25_21-32-12.webp.webp?fit=1200%2C675&ssl=1&resize=700%2C400 2x, https:\/\/i0.wp.com\/noticiasribeiraopreto.com.br\/wp-content\/uploads\/2025\/06\/Copia-de-Copia-de-Copia-de-TAMANHO-EXATO-PARA-FOTOS-NO-SISTEMA-NOVO-2025-06-25T183006.204_2025-06-25_21-32-12.webp.webp?fit=1200%2C675&ssl=1&resize=1050%2C600 3x"},"classes":[]},{"id":78516,"url":"https:\/\/noticiasribeiraopreto.com.br\/index.php\/2025\/10\/12\/inmet-emite-alertas-de-tempestade-e-chuvas-intensas-para-o-interior-de-sp-veja-regioes-afetadas\/","url_meta":{"origin":37190,"position":3},"title":"Inmet emite alertas de tempestade e chuvas intensas para o interior de SP; Veja regi\u00f5es afetadas","author":"noticiasribeiraopreto.com.br","date":"12 de October de 2025","format":false,"excerpt":"O Inmet (Instituto Nacional de Meteorologia) emitiu dois novos alertas para o interior de S\u00e3o Paulo neste domingo (12). Os avisos s\u00e3o de \u201cperigo\u201d para tempestade e \u201cperigo potencial\u201d para chuvas intensas em diferentes regi\u00f5es. Ambos s\u00e3o v\u00e1lidos at\u00e9 \u00e0s 10h desta segunda-feira (13). Confira: Alerta de perigo O comunicado\u2026","rel":"","context":"In &quot;Not\u00edcias de Ribeir\u00e3o Preto-SP e Regi\u00e3o&quot;","block_context":{"text":"Not\u00edcias de Ribeir\u00e3o Preto-SP e Regi\u00e3o","link":"https:\/\/noticiasribeiraopreto.com.br\/index.php\/category\/noticias-de-ribeirao-preto-sp-e-regiao-ismael-colosi\/"},"img":{"alt_text":"","src":"https:\/\/i0.wp.com\/noticiasribeiraopreto.com.br\/wp-content\/uploads\/2025\/10\/WhatsApp-Image-2024-12-03-at-09.16.43_2024-12-03_12-22-10_jpeg_2024-12-03_12-22-10.webp.webp?fit=1200%2C540&ssl=1&resize=350%2C200","width":350,"height":200,"srcset":"https:\/\/i0.wp.com\/noticiasribeiraopreto.com.br\/wp-content\/uploads\/2025\/10\/WhatsApp-Image-2024-12-03-at-09.16.43_2024-12-03_12-22-10_jpeg_2024-12-03_12-22-10.webp.webp?fit=1200%2C540&ssl=1&resize=350%2C200 1x, https:\/\/i0.wp.com\/noticiasribeiraopreto.com.br\/wp-content\/uploads\/2025\/10\/WhatsApp-Image-2024-12-03-at-09.16.43_2024-12-03_12-22-10_jpeg_2024-12-03_12-22-10.webp.webp?fit=1200%2C540&ssl=1&resize=525%2C300 1.5x, https:\/\/i0.wp.com\/noticiasribeiraopreto.com.br\/wp-content\/uploads\/2025\/10\/WhatsApp-Image-2024-12-03-at-09.16.43_2024-12-03_12-22-10_jpeg_2024-12-03_12-22-10.webp.webp?fit=1200%2C540&ssl=1&resize=700%2C400 2x, https:\/\/i0.wp.com\/noticiasribeiraopreto.com.br\/wp-content\/uploads\/2025\/10\/WhatsApp-Image-2024-12-03-at-09.16.43_2024-12-03_12-22-10_jpeg_2024-12-03_12-22-10.webp.webp?fit=1200%2C540&ssl=1&resize=1050%2C600 3x"},"classes":[]},{"id":84477,"url":"https:\/\/noticiasribeiraopreto.com.br\/index.php\/2026\/04\/10\/inmet-alerta-para-chuvas-intensas-nesta-sexta-em-cidades-do-interior-de-sp-confira\/","url_meta":{"origin":37190,"position":4},"title":"Inmet alerta para chuvas intensas nesta sexta em cidades do interior de SP; Confira","author":"noticiasribeiraopreto.com.br","date":"10 de April de 2026","format":false,"excerpt":"Ler o resumo da not\u00edcia \r Alerta de \u201cperigo potencial\u201d \u00e9 para chuvas intensas no interior de S\u00e3o Paulo, incluindo a regi\u00e3o de Ribeir\u00e3o Preto\r A Climatempo diz que as instabilidades ganham for\u00e7a devido \u00e0 umidade da frente fria, al\u00e9m da atua\u00e7\u00e3o de um cavado meteorol\u00f3gico\r O\u00a0Inmet (Instituto Nacional de\u2026","rel":"","context":"In &quot;Not\u00edcias de Ribeir\u00e3o Preto-SP e Regi\u00e3o&quot;","block_context":{"text":"Not\u00edcias de Ribeir\u00e3o Preto-SP e Regi\u00e3o","link":"https:\/\/noticiasribeiraopreto.com.br\/index.php\/category\/noticias-de-ribeirao-preto-sp-e-regiao-ismael-colosi\/"},"img":{"alt_text":"","src":"https:\/\/i0.wp.com\/noticiasribeiraopreto.com.br\/wp-content\/uploads\/2026\/04\/mapa-sp_2026-04-10_09-40-57.webp.webp?fit=1200%2C856&ssl=1&resize=350%2C200","width":350,"height":200,"srcset":"https:\/\/i0.wp.com\/noticiasribeiraopreto.com.br\/wp-content\/uploads\/2026\/04\/mapa-sp_2026-04-10_09-40-57.webp.webp?fit=1200%2C856&ssl=1&resize=350%2C200 1x, https:\/\/i0.wp.com\/noticiasribeiraopreto.com.br\/wp-content\/uploads\/2026\/04\/mapa-sp_2026-04-10_09-40-57.webp.webp?fit=1200%2C856&ssl=1&resize=525%2C300 1.5x, https:\/\/i0.wp.com\/noticiasribeiraopreto.com.br\/wp-content\/uploads\/2026\/04\/mapa-sp_2026-04-10_09-40-57.webp.webp?fit=1200%2C856&ssl=1&resize=700%2C400 2x, https:\/\/i0.wp.com\/noticiasribeiraopreto.com.br\/wp-content\/uploads\/2026\/04\/mapa-sp_2026-04-10_09-40-57.webp.webp?fit=1200%2C856&ssl=1&resize=1050%2C600 3x"},"classes":[]},{"id":48258,"url":"https:\/\/noticiasribeiraopreto.com.br\/index.php\/2024\/05\/01\/interior-de-sp-esta-em-alerta-vermelho-para-onda-de-calor-veja-os-municipios-afetados\/","url_meta":{"origin":37190,"position":5},"title":"Interior de SP est\u00e1 em alerta vermelho para onda de calor; Veja os munic\u00edpios afetados","author":"noticiasribeiraopreto.com.br","date":"1 de May de 2024","format":false,"excerpt":"O Instituto Nacional de Meteorologia (Inmet) elevou o grau de severidade do alerta de onda de calor para o interior de S\u00e3o Paulo, no come\u00e7o da noite desta quarta-feira (1\u00ba). A partir de agora, diversas cidades se encontram no alerta vermelho, que representa grande perigo. Desde o dia 22 de\u2026","rel":"","context":"In &quot;Not\u00edcias de Ribeir\u00e3o Preto-SP e Regi\u00e3o&quot;","block_context":{"text":"Not\u00edcias de Ribeir\u00e3o Preto-SP e Regi\u00e3o","link":"https:\/\/noticiasribeiraopreto.com.br\/index.php\/category\/noticias-de-ribeirao-preto-sp-e-regiao-ismael-colosi\/"},"img":{"alt_text":"","src":"https:\/\/i0.wp.com\/noticiasribeiraopreto.com.br\/wp-content\/uploads\/2024\/05\/AnyConv.com__trbr5828-scaled.webp.webp?fit=1200%2C800&ssl=1&resize=350%2C200","width":350,"height":200,"srcset":"https:\/\/i0.wp.com\/noticiasribeiraopreto.com.br\/wp-content\/uploads\/2024\/05\/AnyConv.com__trbr5828-scaled.webp.webp?fit=1200%2C800&ssl=1&resize=350%2C200 1x, https:\/\/i0.wp.com\/noticiasribeiraopreto.com.br\/wp-content\/uploads\/2024\/05\/AnyConv.com__trbr5828-scaled.webp.webp?fit=1200%2C800&ssl=1&resize=525%2C300 1.5x, https:\/\/i0.wp.com\/noticiasribeiraopreto.com.br\/wp-content\/uploads\/2024\/05\/AnyConv.com__trbr5828-scaled.webp.webp?fit=1200%2C800&ssl=1&resize=700%2C400 2x, https:\/\/i0.wp.com\/noticiasribeiraopreto.com.br\/wp-content\/uploads\/2024\/05\/AnyConv.com__trbr5828-scaled.webp.webp?fit=1200%2C800&ssl=1&resize=1050%2C600 3x"},"classes":[]}],"jetpack_sharing_enabled":true,"jetpack_shortlink":"https:\/\/wp.me\/peQAOb-9FQ","_links":{"self":[{"href":"https:\/\/noticiasribeiraopreto.com.br\/index.php\/wp-json\/wp\/v2\/posts\/37190","targetHints":{"allow":["GET"]}}],"collection":[{"href":"https:\/\/noticiasribeiraopreto.com.br\/index.php\/wp-json\/wp\/v2\/posts"}],"about":[{"href":"https:\/\/noticiasribeiraopreto.com.br\/index.php\/wp-json\/wp\/v2\/types\/post"}],"author":[{"embeddable":true,"href":"https:\/\/noticiasribeiraopreto.com.br\/index.php\/wp-json\/wp\/v2\/users\/1"}],"replies":[{"embeddable":true,"href":"https:\/\/noticiasribeiraopreto.com.br\/index.php\/wp-json\/wp\/v2\/comments?post=37190"}],"version-history":[{"count":0,"href":"https:\/\/noticiasribeiraopreto.com.br\/index.php\/wp-json\/wp\/v2\/posts\/37190\/revisions"}],"wp:featuredmedia":[{"embeddable":true,"href":"https:\/\/noticiasribeiraopreto.com.br\/index.php\/wp-json\/wp\/v2\/media\/37191"}],"wp:attachment":[{"href":"https:\/\/noticiasribeiraopreto.com.br\/index.php\/wp-json\/wp\/v2\/media?parent=37190"}],"wp:term":[{"taxonomy":"category","embeddable":true,"href":"https:\/\/noticiasribeiraopreto.com.br\/index.php\/wp-json\/wp\/v2\/categories?post=37190"},{"taxonomy":"post_tag","embeddable":true,"href":"https:\/\/noticiasribeiraopreto.com.br\/index.php\/wp-json\/wp\/v2\/tags?post=37190"}],"curies":[{"name":"wp","href":"https:\/\/api.w.org\/{rel}","templated":true}]}}