{"id":37202,"date":"2024-02-14T19:37:29","date_gmt":"2024-02-14T22:37:29","guid":{"rendered":"https:\/\/noticiasribeiraopreto.com.br\/index.php\/2024\/02\/14\/orquestra-sinfonica-de-ribeirao-abre-temporada-de-apresentacoes-veja-quando-sera-o-primeiro-evento\/"},"modified":"2024-02-14T19:37:29","modified_gmt":"2024-02-14T22:37:29","slug":"orquestra-sinfonica-de-ribeirao-abre-temporada-de-apresentacoes-veja-quando-sera-o-primeiro-evento","status":"publish","type":"post","link":"https:\/\/noticiasribeiraopreto.com.br\/index.php\/2024\/02\/14\/orquestra-sinfonica-de-ribeirao-abre-temporada-de-apresentacoes-veja-quando-sera-o-primeiro-evento\/","title":{"rendered":"Orquestra Sinf\u00f4nica de Ribeir\u00e3o abre temporada de apresenta\u00e7\u00f5es; Veja quando ser\u00e1 o primeiro evento"},"content":{"rendered":"<div class='code-block code-block-1' style='margin: 8px 0 8px auto; text-align: right; display: block; clear: both;'>\n<p><a href=\"https:\/\/wa.link\/vpicfd\"><img data-recalc-dims=\"1\" class=\"wp-image-4922\" style=\"aspect-ratio: 2.0253164556962027; width: 561px; height: auto;\" src=\"https:\/\/i0.wp.com\/ismaelcolosi.com.br\/wp-content\/uploads\/2023\/11\/grupo-de-empregos-whatsapp-e-facebook-ismael-colosi-vagas.jpg?ssl=1\" alt=\"\" \/><\/a><\/p>\n<!-- \/wp:image -->\n<\/div>\n<p> <br \/>\n<\/p>\n<div data-td-block-uid=\"tdi_102\">\n<div class=\"tdb-block-inner td-fix-index\">\n<p>A <strong>Orquestra Sinf\u00f4nica de Ribeir\u00e3o Preto<\/strong> anunciou, nesta quarta-feira (14), a abertura da temporada de 2024, no <strong>Theatro Pedro II<\/strong>, no Centro do munic\u00edpio.<\/p>\n<p>Sob a reg\u00eancia do maestro Reginaldo Nascimento, a orquestra apresentar\u00e1 a \u201c<strong>S\u00e9rie Concertos Internacionais \u2013 Brasileir\u00edssimo<\/strong>\u201d, no dia 02 de mar\u00e7o, \u00e0s 19h30.<\/p>\n<p><mark style=\"background-color:#fcb900\" class=\"has-inline-color\">O primeiro evento do ano tamb\u00e9m contar\u00e1 com a participa\u00e7\u00e3o da <strong>acordeonista Gilda Montans <\/strong>e da<strong> cantora Ver\u00f4nica Ferriani.<\/strong><\/mark><\/p>\n<p>Os ingressos para a apresenta\u00e7\u00e3o poder\u00e3o ser adquiridos na bilheteria do Theatro (<a href=\"https:\/\/www.theatropedro2.com.br\/comprar-ingresso.php\" target=\"_blank\" rel=\"noreferrer noopener\">clique aqui e consulte o hor\u00e1rio de funcionamento<\/a>) ou de forma on-line, pelo site da Mega Bilheteria.<\/p>\n<p>Mais informa\u00e7\u00f5es sobre o concerto ser\u00e3o divulgadas no site do Theatro Pedro II (<a href=\"https:\/\/www.theatropedro2.com.br\/espetaculo.php?id=1379&amp;serie-concerto-internacional-brasileirissimo\" target=\"_blank\" rel=\"noreferrer noopener\">clique aqui<\/a>).\u00a0<\/p>\n<blockquote class=\"instagram-media\" data-instgrm-permalink=\"https:\/\/www.instagram.com\/reel\/C3V5usNPrjf\/?utm_source=ig_embed&amp;utm_campaign=loading\" data-instgrm-version=\"14\" style=\" background:#FFF; border:0; border-radius:3px; box-shadow:0 0 1px 0 rgba(0,0,0,0.5),0 1px 10px 0 rgba(0,0,0,0.15); margin: 1px; max-width:540px; min-width:326px; padding:0; width:99.375%; width:-webkit-calc(100% - 2px); width:calc(100% - 2px);\"\/>\n<p>SAIBA MAIS<\/p>\n<p>Fl\u00e1vio Venturini se apresenta em Ribeir\u00e3o Preto; Veja como comprar ingressos<\/p>\n<h4 class=\"wp-block-heading\"><strong><mark style=\"background-color:#fcb900\" class=\"has-inline-color\">FIQUE ON<\/mark><\/strong><\/h4>\n<p>Fique ligado em tudo que acontece em Ribeir\u00e3o Preto e regi\u00e3o. Siga os perfis do acidade on no\u00a0<a href=\"https:\/\/www.instagram.com\/acidadeonribeirao\" target=\"_blank\" rel=\"noreferrer noopener\">Instagram<\/a>\u00a0e no\u00a0<a href=\"https:\/\/www.facebook.com\/acidadeonribeirao\" target=\"_blank\" rel=\"noreferrer noopener\">Facebook<\/a>.<\/p>\n<p>Receba not\u00edcias do acidade on no WhatsApp. Para entrar no grupo, basta\u00a0<a href=\"https:\/\/chat.whatsapp.com\/Bnv2w66ZT4VDyZW3oiZ69n\" target=\"_blank\" rel=\"noreferrer noopener\">clicar aqui.<\/a><\/p>\n<p>Fa\u00e7a uma den\u00fancia ou sugira uma reportagem sobre Ribeir\u00e3o Preto e regi\u00e3o pelo WhatsApp: 16 99117 7802.<\/p>\n<p>VEJA TAMB\u00c9M<\/p>\n<p>Wrap de mandioca da Ana Maria Braga: veja a receita<\/p>\n<p><!-- AI CONTENT END 1 -->\n<\/div>\n<\/div>\n<p><script async src=\"\/\/www.instagram.com\/embed.js\"><\/script><br \/>\n<br \/><br \/>\n<br \/><a href=\"https:\/\/www.acidadeon.com\/ribeiraopreto\/lazer-e-cultura\/orquestra-sinfonica-de-ribeirao-abre-temporada-de-apresentacoes-veja-quando-sera-o-primeiro-evento\/\">Source link <\/a><\/p>\n<!-- CONTENT END 1 -->\n","protected":false},"excerpt":{"rendered":"<p>A Orquestra Sinf\u00f4nica de Ribeir\u00e3o Preto anunciou, nesta quarta-feira (14), a abertura da temporada de 2024, no Theatro Pedro II, no Centro do munic\u00edpio. Sob&#8230;<\/p>\n","protected":false},"author":1,"featured_media":37203,"comment_status":"open","ping_status":"open","sticky":false,"template":"","format":"standard","meta":{"advanced_seo_description":"","jetpack_seo_html_title":"","jetpack_seo_noindex":false,"jetpack_post_was_ever_published":false,"_jetpack_newsletter_access":"","_jetpack_dont_email_post_to_subs":false,"_jetpack_newsletter_tier_id":0,"_jetpack_memberships_contains_paywalled_content":false,"_jetpack_memberships_contains_paid_content":false,"footnotes":"","jetpack_publicize_message":"","jetpack_publicize_feature_enabled":true,"jetpack_social_post_already_shared":true,"jetpack_social_options":{"image_generator_settings":{"template":"highway","default_image_id":0,"font":"","enabled":false},"version":2}},"categories":[11],"tags":[],"class_list":["post-37202","post","type-post","status-publish","format-standard","has-post-thumbnail","hentry","category-noticias-de-ribeirao-preto-sp-e-regiao-ismael-colosi"],"jetpack_publicize_connections":[],"jetpack_featured_media_url":"https:\/\/i0.wp.com\/noticiasribeiraopreto.com.br\/wp-content\/uploads\/2024\/02\/sinfxnica.jpg?fit=1500%2C883&ssl=1","jetpack-related-posts":[{"id":40328,"url":"https:\/\/noticiasribeiraopreto.com.br\/index.php\/2024\/03\/02\/orquestra-sinfonica-de-ribeirao-preto-abre-temporada-com-gilda-montans-e-veronica-ferriani\/","url_meta":{"origin":37202,"position":0},"title":"Orquestra Sinf\u00f4nica de Ribeir\u00e3o Preto abre temporada com Gilda Montans e Veronica Ferriani","author":"noticiasribeiraopreto.com.br","date":"2 de March de 2024","format":false,"excerpt":"A Orquestra Sinf\u00f4nica de Ribeir\u00e3o Preto abre oficialmente a temporada de espet\u00e1culos, shows e concertos, neste s\u00e1bado (2), \u00e0s 19h30, no Theatro Pedro II. Sob reg\u00eancia do maestro Reginaldo Nascimento, a orquestra apresenta o espet\u00e1culo da S\u00e9rie Concertos Internacionais: Brasileir\u00edssimo. O concerto contar\u00e1 com a participa\u00e7\u00e3o da solista Gilda Montans\u2026","rel":"","context":"In &quot;Not\u00edcias de Ribeir\u00e3o Preto-SP e Regi\u00e3o&quot;","block_context":{"text":"Not\u00edcias de Ribeir\u00e3o Preto-SP e Regi\u00e3o","link":"https:\/\/noticiasribeiraopreto.com.br\/index.php\/category\/noticias-de-ribeirao-preto-sp-e-regiao-ismael-colosi\/"},"img":{"alt_text":"","src":"https:\/\/i0.wp.com\/noticiasribeiraopreto.com.br\/wp-content\/uploads\/2024\/03\/Capturar.jpg?fit=831%2C402&ssl=1&resize=350%2C200","width":350,"height":200,"srcset":"https:\/\/i0.wp.com\/noticiasribeiraopreto.com.br\/wp-content\/uploads\/2024\/03\/Capturar.jpg?fit=831%2C402&ssl=1&resize=350%2C200 1x, https:\/\/i0.wp.com\/noticiasribeiraopreto.com.br\/wp-content\/uploads\/2024\/03\/Capturar.jpg?fit=831%2C402&ssl=1&resize=525%2C300 1.5x, https:\/\/i0.wp.com\/noticiasribeiraopreto.com.br\/wp-content\/uploads\/2024\/03\/Capturar.jpg?fit=831%2C402&ssl=1&resize=700%2C400 2x"},"classes":[]},{"id":58687,"url":"https:\/\/noticiasribeiraopreto.com.br\/index.php\/2024\/10\/03\/orquestra-sinfonica-de-ribeirao-preto-apresenta-concertos-no-theatro-pedro-ii\/","url_meta":{"origin":37202,"position":1},"title":"Orquestra Sinf\u00f4nica de Ribeir\u00e3o Preto apresenta concertos no Theatro Pedro II","author":"noticiasribeiraopreto.com.br","date":"3 de October de 2024","format":false,"excerpt":"A OSRP (Orquestra Sinf\u00f4nica de Ribeir\u00e3o Preto) apresenta nos dias 12 e 13 de outubro as s\u00e9ries \u201cConcertos Internacionais\u201d e \u201cJuventude tem Concerto\u201d no Theatro Pedro II. O concerto de s\u00e1bado (12) ter\u00e1 solo do pianista Fernando Corvisier. Beethoven e Schumann foram os compositores escolhidos pelo maestro Roberto Tibiri\u00e7\u00e1, que\u2026","rel":"","context":"In &quot;Not\u00edcias de Ribeir\u00e3o Preto-SP e Regi\u00e3o&quot;","block_context":{"text":"Not\u00edcias de Ribeir\u00e3o Preto-SP e Regi\u00e3o","link":"https:\/\/noticiasribeiraopreto.com.br\/index.php\/category\/noticias-de-ribeirao-preto-sp-e-regiao-ismael-colosi\/"},"img":{"alt_text":"","src":"https:\/\/i0.wp.com\/noticiasribeiraopreto.com.br\/wp-content\/uploads\/2024\/10\/20240615-2836_2024-10-03_12-13-19_jpg_2024-10-03_12-13-22-scaled.webp.webp?fit=1200%2C800&ssl=1&resize=350%2C200","width":350,"height":200,"srcset":"https:\/\/i0.wp.com\/noticiasribeiraopreto.com.br\/wp-content\/uploads\/2024\/10\/20240615-2836_2024-10-03_12-13-19_jpg_2024-10-03_12-13-22-scaled.webp.webp?fit=1200%2C800&ssl=1&resize=350%2C200 1x, https:\/\/i0.wp.com\/noticiasribeiraopreto.com.br\/wp-content\/uploads\/2024\/10\/20240615-2836_2024-10-03_12-13-19_jpg_2024-10-03_12-13-22-scaled.webp.webp?fit=1200%2C800&ssl=1&resize=525%2C300 1.5x, https:\/\/i0.wp.com\/noticiasribeiraopreto.com.br\/wp-content\/uploads\/2024\/10\/20240615-2836_2024-10-03_12-13-19_jpg_2024-10-03_12-13-22-scaled.webp.webp?fit=1200%2C800&ssl=1&resize=700%2C400 2x, https:\/\/i0.wp.com\/noticiasribeiraopreto.com.br\/wp-content\/uploads\/2024\/10\/20240615-2836_2024-10-03_12-13-19_jpg_2024-10-03_12-13-22-scaled.webp.webp?fit=1200%2C800&ssl=1&resize=1050%2C600 3x"},"classes":[]},{"id":81896,"url":"https:\/\/noticiasribeiraopreto.com.br\/index.php\/2026\/01\/29\/orquestra-sinfonica-de-ribeirao-anuncia-datas-das-primeiras-apresentacoes-da-temporada\/","url_meta":{"origin":37202,"position":2},"title":"Orquestra Sinf\u00f4nica de Ribeir\u00e3o anuncia datas das primeiras apresenta\u00e7\u00f5es da temporada","author":"noticiasribeiraopreto.com.br","date":"29 de January de 2026","format":false,"excerpt":"A Orquestra Sinf\u00f4nica de Ribeir\u00e3o Preto acaba de anunciar a abertura de temporada com tr\u00eas concertos em mar\u00e7o, nos dias 6, 7 e 8, no Theatro Pedro II. As apresenta\u00e7\u00f5es contar\u00e3o com a reg\u00eancia do maestro Reginaldo Nascimento. Durante o ano, a Sinf\u00f4nica planeja cerca de 30 apresenta\u00e7\u00f5es. A venda\u2026","rel":"","context":"In &quot;Not\u00edcias de Ribeir\u00e3o Preto-SP e Regi\u00e3o&quot;","block_context":{"text":"Not\u00edcias de Ribeir\u00e3o Preto-SP e Regi\u00e3o","link":"https:\/\/noticiasribeiraopreto.com.br\/index.php\/category\/noticias-de-ribeirao-preto-sp-e-regiao-ismael-colosi\/"},"img":{"alt_text":"","src":"https:\/\/i0.wp.com\/noticiasribeiraopreto.com.br\/wp-content\/uploads\/2026\/01\/Orquestra-sinfonica-2026_2026-01-28_16-27-48.webp.webp?fit=1200%2C800&ssl=1&resize=350%2C200","width":350,"height":200,"srcset":"https:\/\/i0.wp.com\/noticiasribeiraopreto.com.br\/wp-content\/uploads\/2026\/01\/Orquestra-sinfonica-2026_2026-01-28_16-27-48.webp.webp?fit=1200%2C800&ssl=1&resize=350%2C200 1x, https:\/\/i0.wp.com\/noticiasribeiraopreto.com.br\/wp-content\/uploads\/2026\/01\/Orquestra-sinfonica-2026_2026-01-28_16-27-48.webp.webp?fit=1200%2C800&ssl=1&resize=525%2C300 1.5x, https:\/\/i0.wp.com\/noticiasribeiraopreto.com.br\/wp-content\/uploads\/2026\/01\/Orquestra-sinfonica-2026_2026-01-28_16-27-48.webp.webp?fit=1200%2C800&ssl=1&resize=700%2C400 2x, https:\/\/i0.wp.com\/noticiasribeiraopreto.com.br\/wp-content\/uploads\/2026\/01\/Orquestra-sinfonica-2026_2026-01-28_16-27-48.webp.webp?fit=1200%2C800&ssl=1&resize=1050%2C600 3x"},"classes":[]},{"id":45784,"url":"https:\/\/noticiasribeiraopreto.com.br\/index.php\/2024\/04\/07\/orquestra-sinfonica-de-ribeirao-preto-apresenta-requiem-de-mozart\/","url_meta":{"origin":37202,"position":3},"title":"Orquestra Sinf\u00f4nica de Ribeir\u00e3o Preto apresenta Requiem de Mozart","author":"noticiasribeiraopreto.com.br","date":"7 de April de 2024","format":false,"excerpt":"O Theatro Pedro II, no Centro de Ribeir\u00e3o Preto, recebe no dia\u00a013 de abril, \u00e0s 19h30, o espet\u00e1culo \u2018Concertos Internacionais da Orquestra Sinf\u00f4nica de Ribeir\u00e3o Preto\u2019, com o \u00faltimo trabalho de Mozart, o Requiem. Os ingressos j\u00e1 est\u00e3o \u00e0 venda na bilheteria do Theatro e online. A obra trata-se de\u2026","rel":"","context":"In &quot;Not\u00edcias de Ribeir\u00e3o Preto-SP e Regi\u00e3o&quot;","block_context":{"text":"Not\u00edcias de Ribeir\u00e3o Preto-SP e Regi\u00e3o","link":"https:\/\/noticiasribeiraopreto.com.br\/index.php\/category\/noticias-de-ribeirao-preto-sp-e-regiao-ismael-colosi\/"},"img":{"alt_text":"","src":"https:\/\/i0.wp.com\/noticiasribeiraopreto.com.br\/wp-content\/uploads\/2024\/04\/sinfonica_orquestra_1024x576_20052021092339.jpg?fit=1024%2C576&ssl=1&resize=350%2C200","width":350,"height":200,"srcset":"https:\/\/i0.wp.com\/noticiasribeiraopreto.com.br\/wp-content\/uploads\/2024\/04\/sinfonica_orquestra_1024x576_20052021092339.jpg?fit=1024%2C576&ssl=1&resize=350%2C200 1x, https:\/\/i0.wp.com\/noticiasribeiraopreto.com.br\/wp-content\/uploads\/2024\/04\/sinfonica_orquestra_1024x576_20052021092339.jpg?fit=1024%2C576&ssl=1&resize=525%2C300 1.5x, https:\/\/i0.wp.com\/noticiasribeiraopreto.com.br\/wp-content\/uploads\/2024\/04\/sinfonica_orquestra_1024x576_20052021092339.jpg?fit=1024%2C576&ssl=1&resize=700%2C400 2x"},"classes":[]},{"id":40333,"url":"https:\/\/noticiasribeiraopreto.com.br\/index.php\/2024\/03\/02\/orquestra-sinfonica-de-rp-abre-o-ano-com-brasileirissimo\/","url_meta":{"origin":37202,"position":4},"title":"Orquestra Sinf\u00f4nica de RP abre o ano com \u2018Brasileir\u00edssimo\u2019\u00a0","author":"noticiasribeiraopreto.com.br","date":"2 de March de 2024","format":false,"excerpt":"2 de mar\u00e7o de 2024 | 15:002 de mar\u00e7o de 2024 | 10:24 0A Orquestra Sinf\u00f4nica de Ribeir\u00e3o Preto estar\u00e1 no Theatro Pedro II, neste final de semana, para abrir a temporada de apresenta\u00e7\u00f5es 2024. Neste s\u00e1bado, 2 de mar\u00e7o, \u00e0s 20 horas, a s\u00e9rie Concertos Internacionais traz o espet\u00e1culo\u2026","rel":"","context":"In &quot;Not\u00edcias de Ribeir\u00e3o Preto-SP e Regi\u00e3o&quot;","block_context":{"text":"Not\u00edcias de Ribeir\u00e3o Preto-SP e Regi\u00e3o","link":"https:\/\/noticiasribeiraopreto.com.br\/index.php\/category\/noticias-de-ribeirao-preto-sp-e-regiao-ismael-colosi\/"},"img":{"alt_text":"","src":"https:\/\/i0.wp.com\/noticiasribeiraopreto.com.br\/wp-content\/uploads\/2024\/03\/OrqueOSRP-Giovana-Scarparo-Arquivo-scaled.jpg?fit=967%2C645&ssl=1&resize=350%2C200","width":350,"height":200,"srcset":"https:\/\/i0.wp.com\/noticiasribeiraopreto.com.br\/wp-content\/uploads\/2024\/03\/OrqueOSRP-Giovana-Scarparo-Arquivo-scaled.jpg?fit=967%2C645&ssl=1&resize=350%2C200 1x, https:\/\/i0.wp.com\/noticiasribeiraopreto.com.br\/wp-content\/uploads\/2024\/03\/OrqueOSRP-Giovana-Scarparo-Arquivo-scaled.jpg?fit=967%2C645&ssl=1&resize=525%2C300 1.5x, https:\/\/i0.wp.com\/noticiasribeiraopreto.com.br\/wp-content\/uploads\/2024\/03\/OrqueOSRP-Giovana-Scarparo-Arquivo-scaled.jpg?fit=967%2C645&ssl=1&resize=700%2C400 2x"},"classes":[]},{"id":77879,"url":"https:\/\/noticiasribeiraopreto.com.br\/index.php\/2025\/09\/27\/orquestra-sinfonica-de-ribeirao-apresenta-concerto-com-solos-de-flauta\/","url_meta":{"origin":37202,"position":5},"title":"Orquestra Sinf\u00f4nica de Ribeir\u00e3o apresenta concerto com solos de flauta","author":"noticiasribeiraopreto.com.br","date":"27 de September de 2025","format":false,"excerpt":"A Orquestra Sinf\u00f4nica de Ribeir\u00e3o Preto realiza mais um espet\u00e1culo da s\u00e9rie \u201cConcertos Internacionais \u2013 Tempestade e \u00cdmpeto\u201d, no dia 4 de outubro, no Theatro Pedro II, em Ribeir\u00e3o Preto, a partir das 19h30. O espet\u00e1culo contar\u00e1 com a participa\u00e7\u00e3o especial do flautista Sergio Cerri como solista e com a\u2026","rel":"","context":"In &quot;Not\u00edcias de Ribeir\u00e3o Preto-SP e Regi\u00e3o&quot;","block_context":{"text":"Not\u00edcias de Ribeir\u00e3o Preto-SP e Regi\u00e3o","link":"https:\/\/noticiasribeiraopreto.com.br\/index.php\/category\/noticias-de-ribeirao-preto-sp-e-regiao-ismael-colosi\/"},"img":{"alt_text":"","src":"https:\/\/i0.wp.com\/noticiasribeiraopreto.com.br\/wp-content\/uploads\/2025\/09\/agenda_2025-09-27_15-32-07.webp.webp?fit=1200%2C675&ssl=1&resize=350%2C200","width":350,"height":200,"srcset":"https:\/\/i0.wp.com\/noticiasribeiraopreto.com.br\/wp-content\/uploads\/2025\/09\/agenda_2025-09-27_15-32-07.webp.webp?fit=1200%2C675&ssl=1&resize=350%2C200 1x, https:\/\/i0.wp.com\/noticiasribeiraopreto.com.br\/wp-content\/uploads\/2025\/09\/agenda_2025-09-27_15-32-07.webp.webp?fit=1200%2C675&ssl=1&resize=525%2C300 1.5x, https:\/\/i0.wp.com\/noticiasribeiraopreto.com.br\/wp-content\/uploads\/2025\/09\/agenda_2025-09-27_15-32-07.webp.webp?fit=1200%2C675&ssl=1&resize=700%2C400 2x, https:\/\/i0.wp.com\/noticiasribeiraopreto.com.br\/wp-content\/uploads\/2025\/09\/agenda_2025-09-27_15-32-07.webp.webp?fit=1200%2C675&ssl=1&resize=1050%2C600 3x"},"classes":[]}],"jetpack_sharing_enabled":true,"jetpack_shortlink":"https:\/\/wp.me\/peQAOb-9G2","_links":{"self":[{"href":"https:\/\/noticiasribeiraopreto.com.br\/index.php\/wp-json\/wp\/v2\/posts\/37202","targetHints":{"allow":["GET"]}}],"collection":[{"href":"https:\/\/noticiasribeiraopreto.com.br\/index.php\/wp-json\/wp\/v2\/posts"}],"about":[{"href":"https:\/\/noticiasribeiraopreto.com.br\/index.php\/wp-json\/wp\/v2\/types\/post"}],"author":[{"embeddable":true,"href":"https:\/\/noticiasribeiraopreto.com.br\/index.php\/wp-json\/wp\/v2\/users\/1"}],"replies":[{"embeddable":true,"href":"https:\/\/noticiasribeiraopreto.com.br\/index.php\/wp-json\/wp\/v2\/comments?post=37202"}],"version-history":[{"count":0,"href":"https:\/\/noticiasribeiraopreto.com.br\/index.php\/wp-json\/wp\/v2\/posts\/37202\/revisions"}],"wp:featuredmedia":[{"embeddable":true,"href":"https:\/\/noticiasribeiraopreto.com.br\/index.php\/wp-json\/wp\/v2\/media\/37203"}],"wp:attachment":[{"href":"https:\/\/noticiasribeiraopreto.com.br\/index.php\/wp-json\/wp\/v2\/media?parent=37202"}],"wp:term":[{"taxonomy":"category","embeddable":true,"href":"https:\/\/noticiasribeiraopreto.com.br\/index.php\/wp-json\/wp\/v2\/categories?post=37202"},{"taxonomy":"post_tag","embeddable":true,"href":"https:\/\/noticiasribeiraopreto.com.br\/index.php\/wp-json\/wp\/v2\/tags?post=37202"}],"curies":[{"name":"wp","href":"https:\/\/api.w.org\/{rel}","templated":true}]}}