{"id":37216,"date":"2024-02-14T20:37:23","date_gmt":"2024-02-14T23:37:23","guid":{"rendered":"https:\/\/noticiasribeiraopreto.com.br\/index.php\/2024\/02\/14\/video-mostra-explosao-em-transformador-na-zona-sul-de-ribeirao-assista\/"},"modified":"2024-02-14T20:37:23","modified_gmt":"2024-02-14T23:37:23","slug":"video-mostra-explosao-em-transformador-na-zona-sul-de-ribeirao-assista","status":"publish","type":"post","link":"https:\/\/noticiasribeiraopreto.com.br\/index.php\/2024\/02\/14\/video-mostra-explosao-em-transformador-na-zona-sul-de-ribeirao-assista\/","title":{"rendered":"V\u00eddeo mostra explos\u00e3o em transformador na zona Sul de Ribeir\u00e3o; Assista"},"content":{"rendered":"<div class='code-block code-block-1' style='margin: 8px 0 8px auto; text-align: right; display: block; clear: both;'>\n<p><a href=\"https:\/\/wa.link\/vpicfd\"><img data-recalc-dims=\"1\" class=\"wp-image-4922\" style=\"aspect-ratio: 2.0253164556962027; width: 561px; height: auto;\" src=\"https:\/\/i0.wp.com\/ismaelcolosi.com.br\/wp-content\/uploads\/2023\/11\/grupo-de-empregos-whatsapp-e-facebook-ismael-colosi-vagas.jpg?ssl=1\" alt=\"\" \/><\/a><\/p>\n<!-- \/wp:image -->\n<\/div>\n<p> <br \/>\n<\/p>\n<div data-td-block-uid=\"tdi_102\">\n<div class=\"tdb-block-inner td-fix-index\">\n<p>Um morador registrou o momento em que um <strong>transformador explodiu<\/strong>, na tarde desta quarta-feira (14), na rua Odair de Oliveira, <strong>no bairro Nova Alian\u00e7a, zona Sul de Ribeir\u00e3o Preto<\/strong>, e deixou o local sem energia el\u00e9trica \u2013 <em>veja o v\u00eddeo abaixo.<\/em><\/p>\n<p>Uma forte chuva atingia o munic\u00edpio, que est\u00e1 sob alerta laranja de perigo para \u2018chuvas intensas\u2019, at\u00e9 a manh\u00e3 de quinta-feira (15), no momento do ocorrido. <mark style=\"background-color:#fcb900\" class=\"has-inline-color\">Apesar do susto e transtornos, n\u00e3o h\u00e1 registro pessoas feridas.<\/mark><\/p>\n<p>A <strong>CPFL Paulista<\/strong> informou que as <strong>fortes chuvas impactaram a rede el\u00e9trica<\/strong> e que equipes da companhia j\u00e1 <strong>est\u00e3o atuando no local<\/strong>. A empresa ainda refor\u00e7ou que ningu\u00e9m deve tocar em fios partidos ou galhos de \u00e1rvores que estejam ca\u00eddos sobre a rede el\u00e9trica.<\/p>\n<figure class=\"wp-block-pullquote\">\n<blockquote>\n<p>Equipes da companhia j\u00e1 est\u00e3o atuando no local e trabalham nos reparos necess\u00e1rios para restabelecer o fornecimento de energia aos clientes afetados, em seguran\u00e7a, e no menor tempo poss\u00edvel<\/p>\n<p><cite>CPFL atrav\u00e9s de nota enviada<\/cite><\/p><\/blockquote>\n<\/figure>\n<blockquote class=\"instagram-media\" data-instgrm-permalink=\"https:\/\/www.instagram.com\/reel\/C3WJ4TzOi_R\/?utm_source=ig_embed&amp;utm_campaign=loading\" data-instgrm-version=\"14\" style=\" background:#FFF; border:0; border-radius:3px; box-shadow:0 0 1px 0 rgba(0,0,0,0.5),0 1px 10px 0 rgba(0,0,0,0.15); margin: 1px; max-width:540px; min-width:326px; padding:0; width:99.375%; width:-webkit-calc(100% - 2px); width:calc(100% - 2px);\"\/>\n<p>SAIBA MAIS<\/p>\n<p>Inmet aumenta grau de severidade para chuvas no interior de SP; Temporal atinge Ribeir\u00e3o<\/p>\n<h4 class=\"wp-block-heading\"><strong><mark style=\"background-color:#fcb900\" class=\"has-inline-color\">FIQUE ON<\/mark><\/strong><\/h4>\n<p>Fique ligado em tudo que acontece em Ribeir\u00e3o Preto e regi\u00e3o. Siga os perfis do acidade on no\u00a0<a href=\"https:\/\/www.instagram.com\/acidadeonribeirao\" target=\"_blank\" rel=\"noreferrer noopener\">Instagram<\/a>\u00a0e no\u00a0<a href=\"https:\/\/www.facebook.com\/acidadeonribeirao\" target=\"_blank\" rel=\"noreferrer noopener\">Facebook<\/a>.<\/p>\n<p>Receba not\u00edcias do acidade on no WhatsApp. Para entrar no grupo, basta\u00a0<a href=\"https:\/\/chat.whatsapp.com\/Bnv2w66ZT4VDyZW3oiZ69n\" target=\"_blank\" rel=\"noreferrer noopener\">clicar aqui.<\/a><\/p>\n<p>Fa\u00e7a uma den\u00fancia ou sugira uma reportagem sobre Ribeir\u00e3o Preto e regi\u00e3o pelo WhatsApp: 16 99117 7802.<\/p>\n<p>VEJA TAMB\u00c9M<\/p>\n<p>Quem recebeu alvo de Davi no BBB 24? Veja o Querid\u00f4metro desta quarta<\/p>\n<p><!-- AI CONTENT END 1 -->\n<\/div>\n<\/div>\n<p><script async src=\"\/\/www.instagram.com\/embed.js\"><\/script><br \/>\n<br \/><br \/>\n<br \/><a href=\"https:\/\/www.acidadeon.com\/ribeiraopreto\/cotidiano\/video-mostra-explosao-em-transformador-na-zona-sul-de-ribeirao-assista\/\">Source link <\/a><\/p>\n<!-- CONTENT END 1 -->\n","protected":false},"excerpt":{"rendered":"<p>Um morador registrou o momento em que um transformador explodiu, na tarde desta quarta-feira (14), na rua Odair de Oliveira, no bairro Nova Alian\u00e7a, zona&#8230;<\/p>\n","protected":false},"author":1,"featured_media":37217,"comment_status":"open","ping_status":"open","sticky":false,"template":"","format":"standard","meta":{"advanced_seo_description":"","jetpack_seo_html_title":"","jetpack_seo_noindex":false,"jetpack_seo_schema_type":"","_jetpack_newsletter_access":"","_jetpack_dont_email_post_to_subs":false,"_jetpack_newsletter_tier_id":0,"_jetpack_memberships_contains_paywalled_content":false,"_jetpack_feature_clip_id":0,"_jetpack_memberships_contains_paid_content":false,"footnotes":"","jetpack_publicize_message":"","jetpack_publicize_feature_enabled":true,"jetpack_social_post_already_shared":true,"jetpack_social_options":{"image_generator_settings":{"template":"highway","default_image_id":0,"font":"","enabled":false},"version":2},"jetpack_post_was_ever_published":false},"categories":[11],"tags":[],"class_list":["post-37216","post","type-post","status-publish","format-standard","has-post-thumbnail","hentry","category-noticias-de-ribeirao-preto-sp-e-regiao-ismael-colosi"],"jetpack_publicize_connections":[],"jetpack-related-posts":[{"id":83408,"url":"https:\/\/noticiasribeiraopreto.com.br\/index.php\/2026\/03\/17\/alerta-de-chuva-intensa-coloca-interior-de-sp-em-estado-de-atencao-veja-regioes\/","url_meta":{"origin":37216,"position":0},"title":"Alerta de chuva intensa coloca interior de SP em estado de aten\u00e7\u00e3o; Veja regi\u00f5es","author":"noticiasribeiraopreto.com.br","date":"17 de March de 2026","format":false,"excerpt":"O Instituto Nacional de Meteorologia (Inmet) emitiu um alerta de perigo potencial para chuvas intensas no interior de S\u00e3o Paulo \u2013 veja as regi\u00f5es abaixo. De acordo com a Climatempo, uma mudan\u00e7a no padr\u00e3o de circula\u00e7\u00e3o da atmosfera favorece o aumento das chuvas nos pr\u00f3ximos dias. Nesta ter\u00e7a-feira (17), um\u2026","rel":"","context":"In &quot;Not\u00edcias de Ribeir\u00e3o Preto-SP e Regi\u00e3o&quot;","block_context":{"text":"Not\u00edcias de Ribeir\u00e3o Preto-SP e Regi\u00e3o","link":"https:\/\/noticiasribeiraopreto.com.br\/index.php\/category\/noticias-de-ribeirao-preto-sp-e-regiao-ismael-colosi\/"},"img":{"alt_text":"","src":"https:\/\/i0.wp.com\/noticiasribeiraopreto.com.br\/wp-content\/uploads\/2026\/03\/WhatsApp-Image-2026-02-05-at-16.49.22_2026-02-05_20-42-54.webp.webp?fit=1200%2C675&ssl=1&resize=350%2C200","width":350,"height":200,"srcset":"https:\/\/i0.wp.com\/noticiasribeiraopreto.com.br\/wp-content\/uploads\/2026\/03\/WhatsApp-Image-2026-02-05-at-16.49.22_2026-02-05_20-42-54.webp.webp?fit=1200%2C675&ssl=1&resize=350%2C200 1x, https:\/\/i0.wp.com\/noticiasribeiraopreto.com.br\/wp-content\/uploads\/2026\/03\/WhatsApp-Image-2026-02-05-at-16.49.22_2026-02-05_20-42-54.webp.webp?fit=1200%2C675&ssl=1&resize=525%2C300 1.5x, https:\/\/i0.wp.com\/noticiasribeiraopreto.com.br\/wp-content\/uploads\/2026\/03\/WhatsApp-Image-2026-02-05-at-16.49.22_2026-02-05_20-42-54.webp.webp?fit=1200%2C675&ssl=1&resize=700%2C400 2x, https:\/\/i0.wp.com\/noticiasribeiraopreto.com.br\/wp-content\/uploads\/2026\/03\/WhatsApp-Image-2026-02-05-at-16.49.22_2026-02-05_20-42-54.webp.webp?fit=1200%2C675&ssl=1&resize=1050%2C600 3x"},"classes":[]},{"id":61751,"url":"https:\/\/noticiasribeiraopreto.com.br\/index.php\/2024\/12\/20\/quedas-de-arvores-rio-de-lama-e-bloqueios-veja-os-transtornos-causados-pela-chuva-em-ribeirao\/","url_meta":{"origin":37216,"position":1},"title":"Quedas de \u00e1rvores, &#8216;rio de lama&#8217; e bloqueios: Veja os transtornos causados pela chuva em Ribeir\u00e3o","author":"noticiasribeiraopreto.com.br","date":"20 de December de 2024","format":false,"excerpt":"O temporal e a ventania que atingiram Ribeir\u00e3o Preto na tarde desta sexta-feira (20) foram r\u00e1pidos, mas causaram danos e interdi\u00e7\u00f5es em v\u00e1rios pontos da cidade. Uma \u00e1rvore caiu na avenida Jo\u00e3o Fi\u00fasa com a rua Maestro Joaquim Rangel, na zona Sul de Ribeir\u00e3o. Equipes da RP Mobi e da\u2026","rel":"","context":"In &quot;Not\u00edcias de Ribeir\u00e3o Preto-SP e Regi\u00e3o&quot;","block_context":{"text":"Not\u00edcias de Ribeir\u00e3o Preto-SP e Regi\u00e3o","link":"https:\/\/noticiasribeiraopreto.com.br\/index.php\/category\/noticias-de-ribeirao-preto-sp-e-regiao-ismael-colosi\/"},"img":{"alt_text":"","src":"https:\/\/i0.wp.com\/noticiasribeiraopreto.com.br\/wp-content\/uploads\/2024\/12\/Copia-de-Copia-de-Copia-de-TAMANHO-EXATO-PARA-FOTOS-NO-SISTEMA-NOVO-2024-12-20T175008.673_2024-12-20_20-50-16_png_2024-12-20_20-50-16.webp.webp?fit=1200%2C675&ssl=1&resize=350%2C200","width":350,"height":200,"srcset":"https:\/\/i0.wp.com\/noticiasribeiraopreto.com.br\/wp-content\/uploads\/2024\/12\/Copia-de-Copia-de-Copia-de-TAMANHO-EXATO-PARA-FOTOS-NO-SISTEMA-NOVO-2024-12-20T175008.673_2024-12-20_20-50-16_png_2024-12-20_20-50-16.webp.webp?fit=1200%2C675&ssl=1&resize=350%2C200 1x, https:\/\/i0.wp.com\/noticiasribeiraopreto.com.br\/wp-content\/uploads\/2024\/12\/Copia-de-Copia-de-Copia-de-TAMANHO-EXATO-PARA-FOTOS-NO-SISTEMA-NOVO-2024-12-20T175008.673_2024-12-20_20-50-16_png_2024-12-20_20-50-16.webp.webp?fit=1200%2C675&ssl=1&resize=525%2C300 1.5x, https:\/\/i0.wp.com\/noticiasribeiraopreto.com.br\/wp-content\/uploads\/2024\/12\/Copia-de-Copia-de-Copia-de-TAMANHO-EXATO-PARA-FOTOS-NO-SISTEMA-NOVO-2024-12-20T175008.673_2024-12-20_20-50-16_png_2024-12-20_20-50-16.webp.webp?fit=1200%2C675&ssl=1&resize=700%2C400 2x, https:\/\/i0.wp.com\/noticiasribeiraopreto.com.br\/wp-content\/uploads\/2024\/12\/Copia-de-Copia-de-Copia-de-TAMANHO-EXATO-PARA-FOTOS-NO-SISTEMA-NOVO-2024-12-20T175008.673_2024-12-20_20-50-16_png_2024-12-20_20-50-16.webp.webp?fit=1200%2C675&ssl=1&resize=1050%2C600 3x"},"classes":[]},{"id":39108,"url":"https:\/\/noticiasribeiraopreto.com.br\/index.php\/2024\/02\/23\/video-moradores-reclamam-de-transtornos-e-prejuizo-apos-fogo-em-poste-na-zona-sul\/","url_meta":{"origin":37216,"position":2},"title":"V\u00cdDEO &#8211; Moradores reclamam de transtornos e preju\u00edzo ap\u00f3s fogo em poste na zona Sul","author":"noticiasribeiraopreto.com.br","date":"23 de February de 2024","format":false,"excerpt":"Transformador el\u00e9trico em chamas teve fio solto, caindo sobre caminh\u00e3o que descarregava bebidas; ningu\u00e9m ficou ferido 23 de fevereiro de 2024 | 12:3123 de fevereiro de 2024 | 12:43 2Por: Adalberto LuqueUm inc\u00eandio ocorrido no transformador el\u00e9trico instalado no alto de um poste, na Rua Humait\u00e1, quase esquina com Avenida\u2026","rel":"","context":"In &quot;Not\u00edcias de Ribeir\u00e3o Preto-SP e Regi\u00e3o&quot;","block_context":{"text":"Not\u00edcias de Ribeir\u00e3o Preto-SP e Regi\u00e3o","link":"https:\/\/noticiasribeiraopreto.com.br\/index.php\/category\/noticias-de-ribeirao-preto-sp-e-regiao-ismael-colosi\/"},"img":{"alt_text":"","src":"https:\/\/i0.wp.com\/noticiasribeiraopreto.com.br\/wp-content\/uploads\/2024\/02\/00-23-fev-2024-incendio-poste-00-foto-adriana-sousa.jpg?fit=517%2C645&ssl=1&resize=350%2C200","width":350,"height":200},"classes":[]},{"id":84266,"url":"https:\/\/noticiasribeiraopreto.com.br\/index.php\/2026\/04\/06\/chuva-com-granizo-e-ventos-fortes-derruba-arvores-e-causa-interdicoes-em-ribeirao-preto\/","url_meta":{"origin":37216,"position":3},"title":"Chuva com granizo e ventos fortes derruba \u00e1rvores e causa interdi\u00e7\u00f5es em Ribeir\u00e3o Preto","author":"noticiasribeiraopreto.com.br","date":"6 de April de 2026","format":false,"excerpt":"Ler o resumo da not\u00edcia Chuva com granizo e ventos fortes derruba \u00e1rvores e causa interdi\u00e7\u00f5es em Ribeir\u00e3o Preto A chuva intensa acompanhada de granizo e ventos fortes que atingiu Ribeir\u00e3o Preto na tarde desta segunda-feira (6) causou transtornos em diferentes regi\u00f5es da cidade, com registro de queda de \u00e1rvores\u2026","rel":"","context":"In &quot;Not\u00edcias de Ribeir\u00e3o Preto-SP e Regi\u00e3o&quot;","block_context":{"text":"Not\u00edcias de Ribeir\u00e3o Preto-SP e Regi\u00e3o","link":"https:\/\/noticiasribeiraopreto.com.br\/index.php\/category\/noticias-de-ribeirao-preto-sp-e-regiao-ismael-colosi\/"},"img":{"alt_text":"","src":"https:\/\/i0.wp.com\/noticiasribeiraopreto.com.br\/wp-content\/uploads\/2026\/04\/WhatsApp-Image-2026-04-06-at-15.25.27_2026-04-06_18-27-18.webp.webp?fit=1200%2C592&ssl=1&resize=350%2C200","width":350,"height":200,"srcset":"https:\/\/i0.wp.com\/noticiasribeiraopreto.com.br\/wp-content\/uploads\/2026\/04\/WhatsApp-Image-2026-04-06-at-15.25.27_2026-04-06_18-27-18.webp.webp?fit=1200%2C592&ssl=1&resize=350%2C200 1x, https:\/\/i0.wp.com\/noticiasribeiraopreto.com.br\/wp-content\/uploads\/2026\/04\/WhatsApp-Image-2026-04-06-at-15.25.27_2026-04-06_18-27-18.webp.webp?fit=1200%2C592&ssl=1&resize=525%2C300 1.5x, https:\/\/i0.wp.com\/noticiasribeiraopreto.com.br\/wp-content\/uploads\/2026\/04\/WhatsApp-Image-2026-04-06-at-15.25.27_2026-04-06_18-27-18.webp.webp?fit=1200%2C592&ssl=1&resize=700%2C400 2x, https:\/\/i0.wp.com\/noticiasribeiraopreto.com.br\/wp-content\/uploads\/2026\/04\/WhatsApp-Image-2026-04-06-at-15.25.27_2026-04-06_18-27-18.webp.webp?fit=1200%2C592&ssl=1&resize=1050%2C600 3x"},"classes":[]},{"id":81260,"url":"https:\/\/noticiasribeiraopreto.com.br\/index.php\/2025\/12\/30\/temporal-com-granizo-derruba-telhado-e-deixa-area-sem-energia\/","url_meta":{"origin":37216,"position":4},"title":"Temporal com granizo derruba telhado e deixa \u00e1rea sem energia","author":"noticiasribeiraopreto.com.br","date":"30 de December de 2025","format":false,"excerpt":"Na tarde desta segunda-feira (29), a cidade de Franca, na regi\u00e3o de Ribeir\u00e3o Preto, foi atingida por chuva de granizo acompanhada de fortes ventos, provocando transtornos em diferentes pontos do munic\u00edpio. Moradores relataram queda intensa de granizo, rajadas de vento e chuva forte em curto per\u00edodo de tempo. Em alguns\u2026","rel":"","context":"In &quot;Not\u00edcias de Ribeir\u00e3o Preto-SP e Regi\u00e3o&quot;","block_context":{"text":"Not\u00edcias de Ribeir\u00e3o Preto-SP e Regi\u00e3o","link":"https:\/\/noticiasribeiraopreto.com.br\/index.php\/category\/noticias-de-ribeirao-preto-sp-e-regiao-ismael-colosi\/"},"img":{"alt_text":"","src":"https:\/\/i0.wp.com\/noticiasribeiraopreto.com.br\/wp-content\/uploads\/2025\/12\/image_2025-12-29_19-59-10.webp.webp?fit=1200%2C675&ssl=1&resize=350%2C200","width":350,"height":200,"srcset":"https:\/\/i0.wp.com\/noticiasribeiraopreto.com.br\/wp-content\/uploads\/2025\/12\/image_2025-12-29_19-59-10.webp.webp?fit=1200%2C675&ssl=1&resize=350%2C200 1x, https:\/\/i0.wp.com\/noticiasribeiraopreto.com.br\/wp-content\/uploads\/2025\/12\/image_2025-12-29_19-59-10.webp.webp?fit=1200%2C675&ssl=1&resize=525%2C300 1.5x, https:\/\/i0.wp.com\/noticiasribeiraopreto.com.br\/wp-content\/uploads\/2025\/12\/image_2025-12-29_19-59-10.webp.webp?fit=1200%2C675&ssl=1&resize=700%2C400 2x, https:\/\/i0.wp.com\/noticiasribeiraopreto.com.br\/wp-content\/uploads\/2025\/12\/image_2025-12-29_19-59-10.webp.webp?fit=1200%2C675&ssl=1&resize=1050%2C600 3x"},"classes":[]},{"id":88768,"url":"https:\/\/noticiasribeiraopreto.com.br\/index.php\/2026\/07\/24\/18h-boletim-informativo-cpfl-paulista\/","url_meta":{"origin":37216,"position":5},"title":"18h &#8211; Boletim Informativo CPFL Paulista","author":"noticiasribeiraopreto.com.br","date":"24 de July de 2026","format":false,"excerpt":"Ap\u00f3s pior temporal do ano, CPFL Paulista mobiliza equipes para reconstru\u00e7\u00e3o de rede na regi\u00e3o de Ribeir\u00e3o Preto Ribeir\u00e3o Preto, 24 de julho de 2026, informa\u00e7\u00e3o atualizada \u00e0s 18h\u00a0\u2013 Chuva intensa \u2013 aproximadamente 23 mm de chuva em pouco mais de 20 minutos, rajadas de ventos de aproximadamente 120 km\/h\u2026","rel":"","context":"In &quot;Not\u00edcias de Ribeir\u00e3o Preto-SP e Regi\u00e3o&quot;","block_context":{"text":"Not\u00edcias de Ribeir\u00e3o Preto-SP e Regi\u00e3o","link":"https:\/\/noticiasribeiraopreto.com.br\/index.php\/category\/noticias-de-ribeirao-preto-sp-e-regiao-ismael-colosi\/"},"img":{"alt_text":"","src":"https:\/\/i0.wp.com\/noticiasribeiraopreto.com.br\/wp-content\/uploads\/2026\/07\/ContaLUZ-Pixabay-scaled.jpg?fit=1200%2C713&ssl=1&resize=350%2C200","width":350,"height":200,"srcset":"https:\/\/i0.wp.com\/noticiasribeiraopreto.com.br\/wp-content\/uploads\/2026\/07\/ContaLUZ-Pixabay-scaled.jpg?fit=1200%2C713&ssl=1&resize=350%2C200 1x, https:\/\/i0.wp.com\/noticiasribeiraopreto.com.br\/wp-content\/uploads\/2026\/07\/ContaLUZ-Pixabay-scaled.jpg?fit=1200%2C713&ssl=1&resize=525%2C300 1.5x, https:\/\/i0.wp.com\/noticiasribeiraopreto.com.br\/wp-content\/uploads\/2026\/07\/ContaLUZ-Pixabay-scaled.jpg?fit=1200%2C713&ssl=1&resize=700%2C400 2x, https:\/\/i0.wp.com\/noticiasribeiraopreto.com.br\/wp-content\/uploads\/2026\/07\/ContaLUZ-Pixabay-scaled.jpg?fit=1200%2C713&ssl=1&resize=1050%2C600 3x"},"classes":[]}],"jetpack_sharing_enabled":true,"jetpack_shortlink":"https:\/\/wp.me\/peQAOb-9Gg","jetpack_featured_media_url":"https:\/\/i0.wp.com\/noticiasribeiraopreto.com.br\/wp-content\/uploads\/2024\/02\/Copia-de-Copia-de-TAMANHO-EXATO-PARA-FOTOS-NO-SISTEMA-NOVO-36.png?fit=1200%2C675&ssl=1","_links":{"self":[{"href":"https:\/\/noticiasribeiraopreto.com.br\/index.php\/wp-json\/wp\/v2\/posts\/37216","targetHints":{"allow":["GET"]}}],"collection":[{"href":"https:\/\/noticiasribeiraopreto.com.br\/index.php\/wp-json\/wp\/v2\/posts"}],"about":[{"href":"https:\/\/noticiasribeiraopreto.com.br\/index.php\/wp-json\/wp\/v2\/types\/post"}],"author":[{"embeddable":true,"href":"https:\/\/noticiasribeiraopreto.com.br\/index.php\/wp-json\/wp\/v2\/users\/1"}],"replies":[{"embeddable":true,"href":"https:\/\/noticiasribeiraopreto.com.br\/index.php\/wp-json\/wp\/v2\/comments?post=37216"}],"version-history":[{"count":0,"href":"https:\/\/noticiasribeiraopreto.com.br\/index.php\/wp-json\/wp\/v2\/posts\/37216\/revisions"}],"wp:featuredmedia":[{"embeddable":true,"href":"https:\/\/noticiasribeiraopreto.com.br\/index.php\/wp-json\/wp\/v2\/media\/37217"}],"wp:attachment":[{"href":"https:\/\/noticiasribeiraopreto.com.br\/index.php\/wp-json\/wp\/v2\/media?parent=37216"}],"wp:term":[{"taxonomy":"category","embeddable":true,"href":"https:\/\/noticiasribeiraopreto.com.br\/index.php\/wp-json\/wp\/v2\/categories?post=37216"},{"taxonomy":"post_tag","embeddable":true,"href":"https:\/\/noticiasribeiraopreto.com.br\/index.php\/wp-json\/wp\/v2\/tags?post=37216"}],"curies":[{"name":"wp","href":"https:\/\/api.w.org\/{rel}","templated":true}]}}