{"id":37246,"date":"2024-02-15T00:04:54","date_gmt":"2024-02-15T03:04:54","guid":{"rendered":"https:\/\/noticiasribeiraopreto.com.br\/index.php\/2024\/02\/15\/prazo-para-pagar-taxa-do-concurso-nacional-unificado-termina-nesta-sexta\/"},"modified":"2024-02-15T00:04:54","modified_gmt":"2024-02-15T03:04:54","slug":"prazo-para-pagar-taxa-do-concurso-nacional-unificado-termina-nesta-sexta","status":"publish","type":"post","link":"https:\/\/noticiasribeiraopreto.com.br\/index.php\/2024\/02\/15\/prazo-para-pagar-taxa-do-concurso-nacional-unificado-termina-nesta-sexta\/","title":{"rendered":"Prazo para pagar taxa do Concurso Nacional Unificado termina nesta sexta"},"content":{"rendered":"<div class='code-block code-block-1' style='margin: 8px 0 8px auto; text-align: right; display: block; clear: both;'>\n<p><a href=\"https:\/\/wa.link\/vpicfd\"><img data-recalc-dims=\"1\" class=\"wp-image-4922\" style=\"aspect-ratio: 2.0253164556962027; width: 561px; height: auto;\" src=\"https:\/\/i0.wp.com\/ismaelcolosi.com.br\/wp-content\/uploads\/2023\/11\/grupo-de-empregos-whatsapp-e-facebook-ismael-colosi-vagas.jpg?ssl=1\" alt=\"\" \/><\/a><\/p>\n<!-- \/wp:image -->\n<\/div>\n<p> <br \/>\n<\/p>\n<div id=\"\">\n<p> <span class=\"entry-meta-item penci-posted-on\"><i class=\"fa fa-clock-o\"\/><time class=\"entry-date published\" datetime=\"2024-02-14T14:00:05-03:00\">14 de fevereiro de 2024 | 14:00<\/time><time class=\"updated\" datetime=\"2024-02-14T11:42:00-03:00\">14 de fevereiro de 2024 | 11:42<\/time><\/span><\/p>\n<p> <span class=\"penci-social-buttons penci-social-share-footer\"><a href=\"#\" class=\"penci-post-like penci_post-meta_item  single-like-button penci-social-item like\" data-post_id=\"373628\" title=\"Like\" data-like=\"Like\" data-unlike=\"Unlike\"><i class=\"fa fa-thumbs-o-up\"\/><span class=\"penci-share-number\">0<\/span><\/a><i class=\"fa fa-facebook\"\/><a class=\"penci-social-item twitter\" target=\"_blank\" rel=\"noopener\" title=\"\" href=\"https:\/\/twitter.com\/intent\/tweet?text=Prazo%20para%20pagar%20taxa%20do%20Concurso%20Nacional%20Unificado%20termina%20nesta%20sexta%20-%20https:\/\/www.tribunaribeirao.com.br\/site\/prazo-para-pagar-taxa-do-concurso-nacional-unificado-termina-nesta-sexta\/\"><i class=\"fa fa-twitter\"\/><\/a><i class=\"fa fa-whatsapp\"\/><\/span><\/div>\n<div>\n<p>Os candidatos ao Concurso P\u00fablico Nacional Unificado que ainda n\u00e3o pagaram a taxa de inscri\u00e7\u00e3o t\u00eam at\u00e9 sexta-feira (16) para quitarem a Guia de Recolhimento da Uni\u00e3o (GRU). O pagamento, no valor de R$ 90 para os cargos de n\u00edvel superior e de R$ 60 para os de n\u00edvel m\u00e9dio, pode ser feito em banco, ou pelo PIX, com o uso do QR Code.<noscript><img data-recalc-dims=\"1\" decoding=\"async\" src=\"https:\/\/i0.wp.com\/agenciabrasil.ebc.com.br\/ebc.png?ssl=1\"\/><\/noscript><img data-recalc-dims=\"1\" decoding=\"async\" src=\"https:\/\/i0.wp.com\/agenciabrasil.ebc.com.br\/ebc.gif?ssl=1\" class=\"lazyload\"\/><noscript><img data-recalc-dims=\"1\" decoding=\"async\" src=\"https:\/\/i0.wp.com\/agenciabrasil.ebc.com.br\/ebc.gif?ssl=1\"\/><\/noscript><\/p>\n<p>Com o per\u00edodo de inscri\u00e7\u00e3o encerrado no \u00faltimo dia 9, o \u201cEnem dos concursos\u201d teve 2,65 milh\u00f5es de candidatos cadastrados, dos quais, 1,28 milh\u00e3o ainda precisavam pagar a taxa para confirmar a participa\u00e7\u00e3o no processo seletivo. Entre eles, est\u00e3o os candidatos que tiveram os pedidos de isen\u00e7\u00e3o da taxa negado.<\/p>\n<p>Os concorrentes poder\u00e3o verificar os dados finais da inscri\u00e7\u00e3o no dia 29 de fevereiro, por meio do\u00a0<em>site<\/em>\u00a0da\u00a0<a href=\"https:\/\/cpnu.cesgranrio.org.br\/login\" target=\"_blank\" rel=\"noopener\">Cesgranrio<\/a>, que \u00e9 banca realizadora do processo seletivo e por onde est\u00e1 sendo realizado o processo de inscri\u00e7\u00e3o, com o uso da conta gov.br.<\/p>\n<p>A partir do dia 29 de abril tamb\u00e9m estar\u00e1 dispon\u00edvel a consulta sobre o local de prova. A previs\u00e3o \u00e9 que no dia 3 de junho sejam divulgados os resultados das provas objetivas e preliminares das provas discursivas e de reda\u00e7\u00e3o. No dia 30 de julho deve sair o resultado final com a classifica\u00e7\u00e3o dos aprovados.<\/p>\n<p>Os candidatos que permanecerem inscritos disputar\u00e3o 6.640 vagas em 21 \u00f3rg\u00e3os p\u00fablicos brasileiros. As provas ser\u00e3o aplicadas em 220 cidades de todos os estados e Distrito Federal, no dia 5 de maio.<\/p>\n<p>De acordo com o Minist\u00e9rio da Gest\u00e3o e da Inova\u00e7\u00e3o em Servi\u00e7os P\u00fablicos (MGI), que promove o processo seletivo, \u00e9 importante que, ao longo de todo o concurso, os concorrentes estejam cientes do\u00a0<a href=\"https:\/\/www.gov.br\/gestao\/pt-br\/concursonacional\/editais\/editais\" target=\"_blank\" rel=\"noopener\">conte\u00fado do edital\u00a0<\/a>escolhido. Ao todo s\u00e3o oito documentos que re\u00fanem as regras para concorrer a uma ou mais carreira divididas por blocos tem\u00e1ticos.<\/p>\n<p>\u00a0<\/p>\n<\/div>\n<p><script async src=\"\/\/platform.twitter.com\/widgets.js\" charset=\"utf-8\"><\/script><br \/>\n<br \/><br \/>\n<br \/><a href=\"https:\/\/www.tribunaribeirao.com.br\/site\/prazo-para-pagar-taxa-do-concurso-nacional-unificado-termina-nesta-sexta\/\">Source link <\/a><\/p>\n<!-- CONTENT END 1 -->\n","protected":false},"excerpt":{"rendered":"<p>14 de fevereiro de 2024 | 14:0014 de fevereiro de 2024 | 11:42 0 Os candidatos ao Concurso P\u00fablico Nacional Unificado que ainda n\u00e3o pagaram&#8230;<\/p>\n","protected":false},"author":1,"featured_media":37247,"comment_status":"open","ping_status":"open","sticky":false,"template":"","format":"standard","meta":{"advanced_seo_description":"","jetpack_seo_html_title":"","jetpack_seo_noindex":false,"jetpack_post_was_ever_published":false,"_jetpack_newsletter_access":"","_jetpack_dont_email_post_to_subs":false,"_jetpack_newsletter_tier_id":0,"_jetpack_memberships_contains_paywalled_content":false,"_jetpack_memberships_contains_paid_content":false,"footnotes":"","jetpack_publicize_message":"","jetpack_publicize_feature_enabled":true,"jetpack_social_post_already_shared":true,"jetpack_social_options":{"image_generator_settings":{"template":"highway","default_image_id":0,"font":"","enabled":false},"version":2}},"categories":[11],"tags":[567,721,207,261,71,183,513,2803,186,1358],"class_list":["post-37246","post","type-post","status-publish","format-standard","has-post-thumbnail","hentry","category-noticias-de-ribeirao-preto-sp-e-regiao-ismael-colosi","tag-concurso","tag-nacional","tag-nesta","tag-pagar","tag-para","tag-prazo","tag-sexta","tag-taxa","tag-termina","tag-unificado"],"jetpack_publicize_connections":[],"jetpack_featured_media_url":"https:\/\/i0.wp.com\/noticiasribeiraopreto.com.br\/wp-content\/uploads\/2024\/02\/48bed575-a298-4721-a099-5c82fdec3996.jpg?fit=900%2C600&ssl=1","jetpack-related-posts":[{"id":32703,"url":"https:\/\/noticiasribeiraopreto.com.br\/index.php\/2024\/01\/26\/concurso-unificado-prazo-para-pedir-isencao-de-taxa-de-inscricao-termina-nessa-sexta-feira\/","url_meta":{"origin":37246,"position":0},"title":"Concurso Unificado: prazo para pedir isen\u00e7\u00e3o de taxa de inscri\u00e7\u00e3o termina nessa sexta-feira","author":"noticiasribeiraopreto.com.br","date":"26 de January de 2024","format":false,"excerpt":"Da reda\u00e7\u00e3oi Da reda\u00e7\u00e3o 26\/01\/2024 - 7:30 Termina nessa sexta-feira, 26, prazo para os candidatos que desejam pedir a isen\u00e7\u00e3o da taxa de inscri\u00e7\u00e3o para o Concurso P\u00fablico Nacional Unificado. O valor da taxa de inscri\u00e7\u00e3o ser\u00e1 de R$ 60 para vagas de n\u00edvel m\u00e9dio; e de R$ 90 para\u2026","rel":"","context":"In &quot;Vagas de Emprego em Ribeir\u00e3o Preto-SP&quot;","block_context":{"text":"Vagas de Emprego em Ribeir\u00e3o Preto-SP","link":"https:\/\/noticiasribeiraopreto.com.br\/index.php\/category\/empregos-classificados-vagas-trabalho\/vagas-de-empregos-em-ribeirao-preto-regiao-brasil\/"},"img":{"alt_text":"","src":"https:\/\/i0.wp.com\/noticiasribeiraopreto.com.br\/wp-content\/uploads\/2024\/01\/prova.png?fit=700%2C439&ssl=1&resize=350%2C200","width":350,"height":200,"srcset":"https:\/\/i0.wp.com\/noticiasribeiraopreto.com.br\/wp-content\/uploads\/2024\/01\/prova.png?fit=700%2C439&ssl=1&resize=350%2C200 1x, https:\/\/i0.wp.com\/noticiasribeiraopreto.com.br\/wp-content\/uploads\/2024\/01\/prova.png?fit=700%2C439&ssl=1&resize=525%2C300 1.5x, https:\/\/i0.wp.com\/noticiasribeiraopreto.com.br\/wp-content\/uploads\/2024\/01\/prova.png?fit=700%2C439&ssl=1&resize=700%2C400 2x"},"classes":[]},{"id":37178,"url":"https:\/\/noticiasribeiraopreto.com.br\/index.php\/2024\/02\/14\/prazo-para-pagamento-de-inscricoes-do-enem-dos-concursos-termina-na-sexta\/","url_meta":{"origin":37246,"position":1},"title":"Prazo para pagamento de inscri\u00e7\u00f5es do \u2018Enem dos Concursos\u2019 termina na sexta","author":"noticiasribeiraopreto.com.br","date":"14 de February de 2024","format":false,"excerpt":"O prazo para o pagamento das inscri\u00e7\u00f5es do Concurso P\u00fablico Nacional Unificado (CPNU), chamado de \u201cEnem dos Concursos\u201d termina nesta sexta-feira (16). Segundo o Minist\u00e9rio da Gest\u00e3o e da Inova\u00e7\u00e3o em Servi\u00e7os P\u00fablicos, ao todo 2,65 milh\u00f5es de pessoas se inscreveram. Desse total, faltam 1,28 milh\u00e3o de candidatos pagarem a\u2026","rel":"","context":"In &quot;Not\u00edcias de Ribeir\u00e3o Preto-SP e Regi\u00e3o&quot;","block_context":{"text":"Not\u00edcias de Ribeir\u00e3o Preto-SP e Regi\u00e3o","link":"https:\/\/noticiasribeiraopreto.com.br\/index.php\/category\/noticias-de-ribeirao-preto-sp-e-regiao-ismael-colosi\/"},"img":{"alt_text":"","src":"https:\/\/i0.wp.com\/noticiasribeiraopreto.com.br\/wp-content\/uploads\/2024\/02\/65d0940e-7db2-4d9b-9336-735005991b79.jpeg?fit=768%2C512&ssl=1&resize=350%2C200","width":350,"height":200,"srcset":"https:\/\/i0.wp.com\/noticiasribeiraopreto.com.br\/wp-content\/uploads\/2024\/02\/65d0940e-7db2-4d9b-9336-735005991b79.jpeg?fit=768%2C512&ssl=1&resize=350%2C200 1x, https:\/\/i0.wp.com\/noticiasribeiraopreto.com.br\/wp-content\/uploads\/2024\/02\/65d0940e-7db2-4d9b-9336-735005991b79.jpeg?fit=768%2C512&ssl=1&resize=525%2C300 1.5x, https:\/\/i0.wp.com\/noticiasribeiraopreto.com.br\/wp-content\/uploads\/2024\/02\/65d0940e-7db2-4d9b-9336-735005991b79.jpeg?fit=768%2C512&ssl=1&resize=700%2C400 2x"},"classes":[]},{"id":37368,"url":"https:\/\/noticiasribeiraopreto.com.br\/index.php\/2024\/02\/15\/termina-nesta-sexta-16-o-prazo-para-as-inscricoes-do-concurso-da-saerp\/","url_meta":{"origin":37246,"position":2},"title":"Termina nesta sexta (16) o prazo para as inscri\u00e7\u00f5es do concurso da Saerp","author":"noticiasribeiraopreto.com.br","date":"15 de February de 2024","format":false,"excerpt":"15 de fevereiro de 2024 | 18:0015 de fevereiro de 2024 | 14:57 0O \u00faltimo certame da secretaria foi realizado em 2013. Agora, a Saerp est\u00e1 com 16 vagas abertas para atualizar o seu corpo funcional, com cargos para atua\u00e7\u00e3o tanto nas \u00e1reas do sistema de abastecimento quanto de esgotamento\u2026","rel":"","context":"In &quot;Not\u00edcias de Ribeir\u00e3o Preto-SP e Regi\u00e3o&quot;","block_context":{"text":"Not\u00edcias de Ribeir\u00e3o Preto-SP e Regi\u00e3o","link":"https:\/\/noticiasribeiraopreto.com.br\/index.php\/category\/noticias-de-ribeirao-preto-sp-e-regiao-ismael-colosi\/"},"img":{"alt_text":"","src":"https:\/\/i0.wp.com\/noticiasribeiraopreto.com.br\/wp-content\/uploads\/2024\/02\/saerp_capa_concurso1.png?fit=968%2C645&ssl=1&resize=350%2C200","width":350,"height":200,"srcset":"https:\/\/i0.wp.com\/noticiasribeiraopreto.com.br\/wp-content\/uploads\/2024\/02\/saerp_capa_concurso1.png?fit=968%2C645&ssl=1&resize=350%2C200 1x, https:\/\/i0.wp.com\/noticiasribeiraopreto.com.br\/wp-content\/uploads\/2024\/02\/saerp_capa_concurso1.png?fit=968%2C645&ssl=1&resize=525%2C300 1.5x, https:\/\/i0.wp.com\/noticiasribeiraopreto.com.br\/wp-content\/uploads\/2024\/02\/saerp_capa_concurso1.png?fit=968%2C645&ssl=1&resize=700%2C400 2x"},"classes":[]},{"id":39282,"url":"https:\/\/noticiasribeiraopreto.com.br\/index.php\/2024\/02\/24\/mulheres-sao-maioria-dos-candidatos-no-concurso-unificado\/","url_meta":{"origin":37246,"position":3},"title":"Mulheres s\u00e3o maioria dos candidatos no concurso unificado","author":"noticiasribeiraopreto.com.br","date":"24 de February de 2024","format":false,"excerpt":"24 de fevereiro de 2024 | 14:0023 de fevereiro de 2024 | 20:00 0Dos mais de 2,1 milh\u00f5es de candidatos com inscri\u00e7\u00f5es confirmadas no Concurso P\u00fablico Nacional Unificado, 56% s\u00e3o do sexo feminino, o equivalente a 1,2 milh\u00e3o de pessoas. O dado faz parte das informa\u00e7\u00f5es consolidadas divulgadas nesta sexta-feira\u2026","rel":"","context":"In &quot;Not\u00edcias de Ribeir\u00e3o Preto-SP e Regi\u00e3o&quot;","block_context":{"text":"Not\u00edcias de Ribeir\u00e3o Preto-SP e Regi\u00e3o","link":"https:\/\/noticiasribeiraopreto.com.br\/index.php\/category\/noticias-de-ribeirao-preto-sp-e-regiao-ismael-colosi\/"},"img":{"alt_text":"","src":"https:\/\/i0.wp.com\/noticiasribeiraopreto.com.br\/wp-content\/uploads\/2024\/02\/Mulheres-no-mercado-de-trabalho.jpg?fit=614%2C412&ssl=1&resize=350%2C200","width":350,"height":200,"srcset":"https:\/\/i0.wp.com\/noticiasribeiraopreto.com.br\/wp-content\/uploads\/2024\/02\/Mulheres-no-mercado-de-trabalho.jpg?fit=614%2C412&ssl=1&resize=350%2C200 1x, https:\/\/i0.wp.com\/noticiasribeiraopreto.com.br\/wp-content\/uploads\/2024\/02\/Mulheres-no-mercado-de-trabalho.jpg?fit=614%2C412&ssl=1&resize=525%2C300 1.5x"},"classes":[]},{"id":38413,"url":"https:\/\/noticiasribeiraopreto.com.br\/index.php\/2024\/02\/19\/concurso-nacional-unificado-tem-21-milhoes-de-inscritos-confirmados\/","url_meta":{"origin":37246,"position":4},"title":"Concurso Nacional Unificado tem 2,1 milh\u00f5es de inscritos confirmados","author":"noticiasribeiraopreto.com.br","date":"19 de February de 2024","format":false,"excerpt":"19 de fevereiro de 2024 | 15:3019 de fevereiro de 2024 | 14:54 0O Concurso P\u00fablico Nacional Unificado (CPNU) j\u00e1 registra 2,1 milh\u00f5es de inscri\u00e7\u00f5es confirmadas para este que \u00e9 considerado o maior certame j\u00e1 realizado para o servi\u00e7o p\u00fablico federal. De acordo com o Minist\u00e9rio da Gest\u00e3o e da\u2026","rel":"","context":"In &quot;Not\u00edcias de Ribeir\u00e3o Preto-SP e Regi\u00e3o&quot;","block_context":{"text":"Not\u00edcias de Ribeir\u00e3o Preto-SP e Regi\u00e3o","link":"https:\/\/noticiasribeiraopreto.com.br\/index.php\/category\/noticias-de-ribeirao-preto-sp-e-regiao-ismael-colosi\/"},"img":{"alt_text":"","src":"https:\/\/i0.wp.com\/noticiasribeiraopreto.com.br\/wp-content\/uploads\/2024\/02\/808ac240-0d47-41fa-a0ea-eb2bce24baf7-scaled.jpg?fit=1000%2C598&ssl=1&resize=350%2C200","width":350,"height":200,"srcset":"https:\/\/i0.wp.com\/noticiasribeiraopreto.com.br\/wp-content\/uploads\/2024\/02\/808ac240-0d47-41fa-a0ea-eb2bce24baf7-scaled.jpg?fit=1000%2C598&ssl=1&resize=350%2C200 1x, https:\/\/i0.wp.com\/noticiasribeiraopreto.com.br\/wp-content\/uploads\/2024\/02\/808ac240-0d47-41fa-a0ea-eb2bce24baf7-scaled.jpg?fit=1000%2C598&ssl=1&resize=525%2C300 1.5x, https:\/\/i0.wp.com\/noticiasribeiraopreto.com.br\/wp-content\/uploads\/2024\/02\/808ac240-0d47-41fa-a0ea-eb2bce24baf7-scaled.jpg?fit=1000%2C598&ssl=1&resize=700%2C400 2x"},"classes":[]},{"id":36968,"url":"https:\/\/noticiasribeiraopreto.com.br\/index.php\/2024\/02\/13\/concurso-publico-nacional-tem-265-milhoes-de-inscritos\/","url_meta":{"origin":37246,"position":5},"title":"Concurso p\u00fablico nacional tem 2,65 milh\u00f5es de inscritos","author":"noticiasribeiraopreto.com.br","date":"13 de February de 2024","format":false,"excerpt":"13 de fevereiro de 2024 | 10:0013 de fevereiro de 2024 | 9:40 0O Concurso P\u00fablico Nacional Unificado tem 2,65 milh\u00f5es de inscritos. O balan\u00e7o foi divulgado pelo Minist\u00e9rio da Gest\u00e3o e da Inova\u00e7\u00e3o em Servi\u00e7os P\u00fablicos (MGI) ap\u00f3s o fim das inscri\u00e7\u00f5es.De acordo com a pasta, o total de\u2026","rel":"","context":"In &quot;Not\u00edcias de Ribeir\u00e3o Preto-SP e Regi\u00e3o&quot;","block_context":{"text":"Not\u00edcias de Ribeir\u00e3o Preto-SP e Regi\u00e3o","link":"https:\/\/noticiasribeiraopreto.com.br\/index.php\/category\/noticias-de-ribeirao-preto-sp-e-regiao-ismael-colosi\/"},"img":{"alt_text":"","src":"https:\/\/i0.wp.com\/noticiasribeiraopreto.com.br\/wp-content\/uploads\/2024\/02\/concurso-nacional-unificado-1536x1024-1-scaled.jpg?fit=967%2C645&ssl=1&resize=350%2C200","width":350,"height":200,"srcset":"https:\/\/i0.wp.com\/noticiasribeiraopreto.com.br\/wp-content\/uploads\/2024\/02\/concurso-nacional-unificado-1536x1024-1-scaled.jpg?fit=967%2C645&ssl=1&resize=350%2C200 1x, https:\/\/i0.wp.com\/noticiasribeiraopreto.com.br\/wp-content\/uploads\/2024\/02\/concurso-nacional-unificado-1536x1024-1-scaled.jpg?fit=967%2C645&ssl=1&resize=525%2C300 1.5x, https:\/\/i0.wp.com\/noticiasribeiraopreto.com.br\/wp-content\/uploads\/2024\/02\/concurso-nacional-unificado-1536x1024-1-scaled.jpg?fit=967%2C645&ssl=1&resize=700%2C400 2x"},"classes":[]}],"jetpack_sharing_enabled":true,"jetpack_shortlink":"https:\/\/wp.me\/peQAOb-9GK","_links":{"self":[{"href":"https:\/\/noticiasribeiraopreto.com.br\/index.php\/wp-json\/wp\/v2\/posts\/37246","targetHints":{"allow":["GET"]}}],"collection":[{"href":"https:\/\/noticiasribeiraopreto.com.br\/index.php\/wp-json\/wp\/v2\/posts"}],"about":[{"href":"https:\/\/noticiasribeiraopreto.com.br\/index.php\/wp-json\/wp\/v2\/types\/post"}],"author":[{"embeddable":true,"href":"https:\/\/noticiasribeiraopreto.com.br\/index.php\/wp-json\/wp\/v2\/users\/1"}],"replies":[{"embeddable":true,"href":"https:\/\/noticiasribeiraopreto.com.br\/index.php\/wp-json\/wp\/v2\/comments?post=37246"}],"version-history":[{"count":0,"href":"https:\/\/noticiasribeiraopreto.com.br\/index.php\/wp-json\/wp\/v2\/posts\/37246\/revisions"}],"wp:featuredmedia":[{"embeddable":true,"href":"https:\/\/noticiasribeiraopreto.com.br\/index.php\/wp-json\/wp\/v2\/media\/37247"}],"wp:attachment":[{"href":"https:\/\/noticiasribeiraopreto.com.br\/index.php\/wp-json\/wp\/v2\/media?parent=37246"}],"wp:term":[{"taxonomy":"category","embeddable":true,"href":"https:\/\/noticiasribeiraopreto.com.br\/index.php\/wp-json\/wp\/v2\/categories?post=37246"},{"taxonomy":"post_tag","embeddable":true,"href":"https:\/\/noticiasribeiraopreto.com.br\/index.php\/wp-json\/wp\/v2\/tags?post=37246"}],"curies":[{"name":"wp","href":"https:\/\/api.w.org\/{rel}","templated":true}]}}