{"id":37302,"date":"2024-02-15T12:51:45","date_gmt":"2024-02-15T15:51:45","guid":{"rendered":"https:\/\/noticiasribeiraopreto.com.br\/index.php\/2024\/02\/15\/abono-salarial-comeca-a-ser-pago-nesta-quinta\/"},"modified":"2024-02-15T12:51:45","modified_gmt":"2024-02-15T15:51:45","slug":"abono-salarial-comeca-a-ser-pago-nesta-quinta","status":"publish","type":"post","link":"https:\/\/noticiasribeiraopreto.com.br\/index.php\/2024\/02\/15\/abono-salarial-comeca-a-ser-pago-nesta-quinta\/","title":{"rendered":"Abono salarial come\u00e7a a ser pago nesta quinta"},"content":{"rendered":"<div class='code-block code-block-1' style='margin: 8px 0 8px auto; text-align: right; display: block; clear: both;'>\n<p><a href=\"https:\/\/wa.link\/vpicfd\"><img data-recalc-dims=\"1\" class=\"wp-image-4922\" style=\"aspect-ratio: 2.0253164556962027; width: 561px; height: auto;\" src=\"https:\/\/i0.wp.com\/ismaelcolosi.com.br\/wp-content\/uploads\/2023\/11\/grupo-de-empregos-whatsapp-e-facebook-ismael-colosi-vagas.jpg?ssl=1\" alt=\"\" \/><\/a><\/p>\n<!-- \/wp:image -->\n<\/div>\n<p> <br \/>\n<\/p>\n<div id=\"\">\n<p> <span class=\"entry-meta-item penci-posted-on\"><i class=\"fa fa-clock-o\"\/><time class=\"entry-date published\" datetime=\"2024-02-15T12:00:31-03:00\">15 de fevereiro de 2024 | 12:00<\/time><time class=\"updated\" datetime=\"2024-02-15T12:23:07-03:00\">15 de fevereiro de 2024 | 12:23<\/time><\/span><\/p>\n<p> <span class=\"penci-social-buttons penci-social-share-footer\"><a href=\"#\" class=\"penci-post-like penci_post-meta_item  single-like-button penci-social-item like\" data-post_id=\"373704\" title=\"Like\" data-like=\"Like\" data-unlike=\"Unlike\"><i class=\"fa fa-thumbs-o-up\"\/><span class=\"penci-share-number\">0<\/span><\/a><i class=\"fa fa-facebook\"\/><a class=\"penci-social-item twitter\" target=\"_blank\" rel=\"noopener\" title=\"\" href=\"https:\/\/twitter.com\/intent\/tweet?text=Abono%20salarial%20come\u00e7a%20a%20ser%20pago%20nesta%20quinta%20-%20https:\/\/www.tribunaribeirao.com.br\/site\/abono-salarial-comeca-a-ser-pago-nesta-quinta\/\"><i class=\"fa fa-twitter\"\/><\/a><i class=\"fa fa-whatsapp\"\/><\/span><\/div>\n<div>\n<p><span class=\"TextRun SCXW241677153 BCX0\" lang=\"PT-BR\" xml:lang=\"PT-BR\" data-contrast=\"auto\"><span class=\"NormalTextRun SCXW241677153 BCX0\">Cerca de 24 milh\u00f5es de pessoas que trabalharam com carteira assinada em 2022 podem consultar<\/span> <span class=\"NormalTextRun SCXW241677153 BCX0\">o valor do abono salarial do Programa de Integra\u00e7\u00e3o Social (PIS) e do Programa de Forma\u00e7\u00e3o do Patrim\u00f4nio do Servidor P\u00fablico (<\/span><span class=\"NormalTextRun SCXW241677153 BCX0\">Pasep<\/span><span class=\"NormalTextRun SCXW241677153 BCX0\">) em 2024. A quantia est\u00e1 dispon\u00edvel no aplicativo da Carteira de Trabalho Digital (dispon\u00edvel na Google Play e na <\/span><span class=\"NormalTextRun SCXW241677153 BCX0\">App<\/span> <span class=\"NormalTextRun SCXW241677153 BCX0\">Store<\/span><span class=\"NormalTextRun SCXW241677153 BCX0\">) e no Portal Gov.br.<\/span><\/span><span class=\"LineBreakBlob BlobObject DragDrop SCXW241677153 BCX0\"><span class=\"SCXW241677153 BCX0\">\u00a0<\/span><br class=\"SCXW241677153 BCX0\"\/><\/span><span class=\"LineBreakBlob BlobObject DragDrop SCXW241677153 BCX0\"><span class=\"SCXW241677153 BCX0\">\u00a0<\/span><br class=\"SCXW241677153 BCX0\"\/><\/span><span class=\"TextRun SCXW241677153 BCX0\" lang=\"PT-BR\" xml:lang=\"PT-BR\" data-contrast=\"auto\"><span class=\"NormalTextRun SCXW241677153 BCX0\">Quem quiser obter informa\u00e7\u00f5es adicionais, como o calend\u00e1rio de pagamentos, a libera\u00e7\u00e3o da parcela e o esclarecimento de d\u00favidas, deve consultar o aplicativo Caixa Trabalhador.<\/span> <span class=\"NormalTextRun SCXW241677153 BCX0\">O pagamento do abono salarial de 2022 <\/span><span class=\"NormalTextRun SCXW241677153 BCX0\">t<\/span><span class=\"NormalTextRun SCXW241677153 BCX0\">er\u00e1 <\/span><span class=\"NormalTextRun SCXW241677153 BCX0\">in\u00edcio nesta quinta-feira, <\/span><span class=\"NormalTextRun SCXW241677153 BCX0\">15 de fevereiro<\/span><span class=\"NormalTextRun SCXW241677153 BCX0\">, e segue at\u00e9<\/span><span class=\"NormalTextRun SCXW241677153 BCX0\"> 15 de agosto, conforme o m\u00eas de nascimento do trabalhador, para quem recebe o PIS, ou o n\u00famero final de inscri\u00e7\u00e3o, para quem recebe o <\/span><span class=\"NormalTextRun SCXW241677153 BCX0\">Pasep<\/span><span class=\"NormalTextRun SCXW241677153 BCX0\">.<\/span><\/span><span class=\"LineBreakBlob BlobObject DragDrop SCXW241677153 BCX0\"><span class=\"SCXW241677153 BCX0\">\u00a0<\/span><br class=\"SCXW241677153 BCX0\"\/><\/span><span class=\"LineBreakBlob BlobObject DragDrop SCXW241677153 BCX0\"><span class=\"SCXW241677153 BCX0\">\u00a0<\/span><br class=\"SCXW241677153 BCX0\"\/><\/span><span class=\"TextRun SCXW241677153 BCX0\" lang=\"PT-BR\" xml:lang=\"PT-BR\" data-contrast=\"auto\"><span class=\"NormalTextRun SCXW241677153 BCX0\">Neste ano, R$ 22,6 bilh\u00f5es podem ser sacados. Segundo o Conselho Deliberativo do Fundo de Amparo ao Trabalhador (<\/span><span class=\"NormalTextRun SpellingErrorV2Themed SCXW241677153 BCX0\">Codefat<\/span><span class=\"NormalTextRun SCXW241677153 BCX0\">), o abono salarial ser\u00e1 pago a 24,67 milh\u00f5es de trabalhadores em todo o pa\u00eds. Desse total, 21,95 milh\u00f5es que trabalham na iniciativa privada receber\u00e3o R$ 19,8 bilh\u00f5es do PIS e 2,72 milh\u00f5es de servidores p\u00fablicos, empregados de estatais e militares t\u00eam direito a R$ 2,7 bilh\u00f5es do <\/span><span class=\"NormalTextRun SCXW241677153 BCX0\">Pasep<\/span><span class=\"NormalTextRun SCXW241677153 BCX0\">.<\/span><\/span><span class=\"LineBreakBlob BlobObject DragDrop SCXW241677153 BCX0\"><span class=\"SCXW241677153 BCX0\">\u00a0<\/span><br class=\"SCXW241677153 BCX0\"\/><\/span><span class=\"LineBreakBlob BlobObject DragDrop SCXW241677153 BCX0\"><span class=\"SCXW241677153 BCX0\">\u00a0<\/span><br class=\"SCXW241677153 BCX0\"\/><\/span><span class=\"TextRun SCXW241677153 BCX0\" lang=\"PT-BR\" xml:lang=\"PT-BR\" data-contrast=\"auto\"><span class=\"NormalTextRun SCXW241677153 BCX0\">O PIS \u00e9 pago pela Caixa Econ\u00f4mica Federal e o <\/span><span class=\"NormalTextRun SCXW241677153 BCX0\">Pasep<\/span><span class=\"NormalTextRun SCXW241677153 BCX0\">, pelo Banco do Brasil. Como ocorre tradicionalmente, os pagamentos ser\u00e3o divididos em seis lotes, baseados no m\u00eas de nascimento, no caso do PIS, e no n\u00famero final de inscri\u00e7\u00e3o, no caso do <\/span><span class=\"NormalTextRun SCXW241677153 BCX0\">Pasep<\/span><span class=\"NormalTextRun SCXW241677153 BCX0\">. O saque iniciar\u00e1 nas datas de libera\u00e7\u00e3o dos lotes e acabar\u00e3o em 27 de dezembro de 2024. Ap\u00f3s esse prazo, ser\u00e1 necess\u00e1rio aguardar a convoca\u00e7\u00e3o especial do Minist\u00e9rio do Trabalho e Previd\u00eancia.<\/span><\/span><span class=\"LineBreakBlob BlobObject DragDrop SCXW241677153 BCX0\"><span class=\"SCXW241677153 BCX0\">\u00a0<\/span><br class=\"SCXW241677153 BCX0\"\/><\/span><span class=\"LineBreakBlob BlobObject DragDrop SCXW241677153 BCX0\"><span class=\"SCXW241677153 BCX0\">\u00a0<\/span><br class=\"SCXW241677153 BCX0\"\/><\/span><span class=\"TextRun SCXW241677153 BCX0\" lang=\"PT-BR\" xml:lang=\"PT-BR\" data-contrast=\"auto\"><span class=\"NormalTextRun SCXW241677153 BCX0\">Quem tem direito<\/span><span class=\"NormalTextRun SCXW241677153 BCX0\"> \u2013 <\/span><\/span><span class=\"TextRun SCXW241677153 BCX0\" lang=\"PT-BR\" xml:lang=\"PT-BR\" data-contrast=\"auto\"><span class=\"NormalTextRun SCXW241677153 BCX0\">Tem direito ao benef\u00edcio o trabalhador inscrito no PIS\/<\/span><span class=\"NormalTextRun SCXW241677153 BCX0\">Pasep<\/span><span class=\"NormalTextRun SCXW241677153 BCX0\"> h\u00e1, pelo menos, <\/span><span class=\"NormalTextRun SCXW241677153 BCX0\">cinco <\/span><span class=\"NormalTextRun SCXW241677153 BCX0\">anos, e que tenha trabalhado formalmente por, no m\u00ednimo, 30 dias no ano-base considerado para a apura\u00e7\u00e3o, com remunera\u00e7\u00e3o mensal m\u00e9dia de at\u00e9 dois <\/span><span class=\"NormalTextRun ContextualSpellingAndGrammarErrorV2Themed SCXW241677153 BCX0\">sal\u00e1rios m\u00ednimos<\/span><span class=\"NormalTextRun SCXW241677153 BCX0\">. Tamb\u00e9m \u00e9 necess\u00e1rio que os dados tenham sido informados corretamente pelo empregador na Rela\u00e7\u00e3o Anual de Informa\u00e7\u00f5es Sociais (<\/span><span class=\"NormalTextRun SpellingErrorV2Themed SCXW241677153 BCX0\">Rais<\/span><span class=\"NormalTextRun SCXW241677153 BCX0\">).<\/span><\/span><span class=\"LineBreakBlob BlobObject DragDrop SCXW241677153 BCX0\"><span class=\"SCXW241677153 BCX0\">\u00a0<\/span><br class=\"SCXW241677153 BCX0\"\/><\/span><span class=\"LineBreakBlob BlobObject DragDrop SCXW241677153 BCX0\"><span class=\"SCXW241677153 BCX0\">\u00a0<\/span><br class=\"SCXW241677153 BCX0\"\/><\/span><span class=\"TextRun SCXW241677153 BCX0\" lang=\"PT-BR\" xml:lang=\"PT-BR\" data-contrast=\"auto\"><span class=\"NormalTextRun SCXW241677153 BCX0\">O valor do abono \u00e9 proporcional ao per\u00edodo em que o empregado trabalhou <\/span><span class=\"NormalTextRun SCXW241677153 BCX0\">com carteira assinada em 2022. Cada m\u00eas trabalhado equivale a um benef\u00edcio de R$ 117,67, com per\u00edodos iguais ou superiores <\/span><span class=\"NormalTextRun SCXW241677153 BCX0\">a<\/span><span class=\"NormalTextRun SCXW241677153 BCX0\"> 15 dias contados como m\u00eas cheio. Quem trabalhou <\/span><span class=\"NormalTextRun SCXW241677153 BCX0\">doze<\/span><span class=\"NormalTextRun SCXW241677153 BCX0\"> meses com carteira assinada receber\u00e1 o <\/span><span class=\"NormalTextRun ContextualSpellingAndGrammarErrorV2Themed SCXW241677153 BCX0\">sal\u00e1rio m\u00ednimo<\/span><span class=\"NormalTextRun SCXW241677153 BCX0\"> cheio, de R$ 1.412.<\/span><\/span><span class=\"LineBreakBlob BlobObject DragDrop SCXW241677153 BCX0\"><span class=\"SCXW241677153 BCX0\">\u00a0<\/span><br class=\"SCXW241677153 BCX0\"\/><\/span><span class=\"LineBreakBlob BlobObject DragDrop SCXW241677153 BCX0\"><span class=\"SCXW241677153 BCX0\">\u00a0<\/span><br class=\"SCXW241677153 BCX0\"\/><\/span><span class=\"TextRun SCXW241677153 BCX0\" lang=\"PT-BR\" xml:lang=\"PT-BR\" data-contrast=\"auto\"><span class=\"NormalTextRun SCXW241677153 BCX0\">Pagamento \u2013 <\/span><\/span><span class=\"TextRun SCXW241677153 BCX0\" lang=\"PT-BR\" xml:lang=\"PT-BR\" data-contrast=\"auto\"><span class=\"NormalTextRun SCXW241677153 BCX0\">Trabalhadores da iniciativa privada com conta corrente ou poupan\u00e7a na Caixa receber\u00e3o o cr\u00e9dito automaticamente no banco, de acordo com o m\u00eas de seu nascimento.<\/span> <span class=\"NormalTextRun SCXW241677153 BCX0\">Os demais benefici\u00e1rios receber\u00e3o os valores por meio da poupan\u00e7a social digital, que pode ser movimentada pelo aplicativo Caixa Tem. <\/span><\/span><span class=\"LineBreakBlob BlobObject DragDrop SCXW241677153 BCX0\"><span class=\"SCXW241677153 BCX0\">\u00a0<\/span><br class=\"SCXW241677153 BCX0\"\/><\/span><span class=\"LineBreakBlob BlobObject DragDrop SCXW241677153 BCX0\"><span class=\"SCXW241677153 BCX0\">\u00a0<\/span><br class=\"SCXW241677153 BCX0\"\/><\/span><span class=\"TextRun SCXW241677153 BCX0\" lang=\"PT-BR\" xml:lang=\"PT-BR\" data-contrast=\"auto\"><span class=\"NormalTextRun SCXW241677153 BCX0\">Caso n\u00e3o seja poss\u00edvel a abertura da conta digital, o saque poder\u00e1 ser realizado com o Cart\u00e3o do Cidad\u00e3o e senha nos terminais de <\/span><span class=\"NormalTextRun SCXW241677153 BCX0\">autoatendimento<\/span><span class=\"NormalTextRun SCXW241677153 BCX0\">, unidades lot\u00e9ricas, Caixa Aqui ou ag\u00eancias, tamb\u00e9m de acordo com o calend\u00e1rio de pagamento escalonado por m\u00eas de nascimento.<\/span><\/span><span class=\"LineBreakBlob BlobObject DragDrop SCXW241677153 BCX0\"><span class=\"SCXW241677153 BCX0\">\u00a0<\/span><br class=\"SCXW241677153 BCX0\"\/><\/span><span class=\"LineBreakBlob BlobObject DragDrop SCXW241677153 BCX0\"><span class=\"SCXW241677153 BCX0\">\u00a0<\/span><br class=\"SCXW241677153 BCX0\"\/><\/span><span class=\"TextRun SCXW241677153 BCX0\" lang=\"PT-BR\" xml:lang=\"PT-BR\" data-contrast=\"auto\"><span class=\"NormalTextRun SCXW241677153 BCX0\">O pagamento do abono do <\/span><span class=\"NormalTextRun SCXW241677153 BCX0\">Pasep<\/span><span class=\"NormalTextRun SCXW241677153 BCX0\"> ocorre via cr\u00e9dito em conta para quem \u00e9 correntista ou tem poupan\u00e7a no Banco do Brasil. O trabalhador que n\u00e3o \u00e9 correntista do BB pode efetuar a transfer\u00eancia via TED para conta de sua titularidade via terminais de <\/span><span class=\"NormalTextRun SCXW241677153 BCX0\">autoatendimento<\/span><span class=\"NormalTextRun SCXW241677153 BCX0\"> e portal www.bb.com.br\/<\/span><span class=\"NormalTextRun SpellingErrorV2Themed SCXW241677153 BCX0\">pasep<\/span><span class=\"NormalTextRun SCXW241677153 BCX0\">.<\/span><\/span><span class=\"LineBreakBlob BlobObject DragDrop SCXW241677153 BCX0\"><span class=\"SCXW241677153 BCX0\">\u00a0<\/span><br class=\"SCXW241677153 BCX0\"\/><\/span><span class=\"LineBreakBlob BlobObject DragDrop SCXW241677153 BCX0\"><span class=\"SCXW241677153 BCX0\">\u00a0<\/span><br class=\"SCXW241677153 BCX0\"\/><\/span><span class=\"TextRun SCXW241677153 BCX0\" lang=\"PT-BR\" xml:lang=\"PT-BR\" data-contrast=\"auto\"><span class=\"NormalTextRun SCXW241677153 BCX0\">Ou<\/span><span class=\"NormalTextRun SCXW241677153 BCX0\"> no guich\u00ea de caixa das ag\u00eancias, mediante apresenta\u00e7\u00e3o de documento oficial de identidade.<\/span> <span class=\"NormalTextRun SCXW241677153 BCX0\">At\u00e9 2020, o abono salarial do ano anterior era pago de julho do ano corrente a junho do ano seguinte. No in\u00edcio de 2021, o <\/span><span class=\"NormalTextRun SpellingErrorV2Themed SCXW241677153 BCX0\">Codefat<\/span><span class=\"NormalTextRun SCXW241677153 BCX0\"> atendeu a recomenda\u00e7\u00e3o da Controladoria-Geral da Uni\u00e3o (CGU) <\/span><span class=\"NormalTextRun SCXW241677153 BCX0\">e passou a depositar o dinheiro somente <\/span><span class=\"NormalTextRun SCXW241677153 BCX0\">dois<\/span><span class=\"NormalTextRun SCXW241677153 BCX0\"> anos ap\u00f3s o trabalho com carteira assinada.<\/span><\/span><span class=\"LineBreakBlob BlobObject DragDrop SCXW241677153 BCX0\"><span class=\"SCXW241677153 BCX0\">\u00a0<\/span><br class=\"SCXW241677153 BCX0\"\/><\/span><span class=\"LineBreakBlob BlobObject DragDrop SCXW241677153 BCX0\"><span class=\"SCXW241677153 BCX0\">\u00a0<\/span><br class=\"SCXW241677153 BCX0\"\/><\/span><strong><span class=\"TextRun SCXW241677153 BCX0\" lang=\"PT-BR\" xml:lang=\"PT-BR\" data-contrast=\"auto\"><span class=\"NormalTextRun SCXW241677153 BCX0\">Calend\u00e1rios <\/span><\/span><span class=\"TextRun SCXW241677153 BCX0\" lang=\"PT-BR\" xml:lang=\"PT-BR\" data-contrast=\"auto\"><span class=\"NormalTextRun SCXW241677153 BCX0\">do PIS\/<\/span><span class=\"NormalTextRun SCXW241677153 BCX0\">Pasep<\/span><\/span><\/strong><span class=\"LineBreakBlob BlobObject DragDrop SCXW241677153 BCX0\"><strong><span class=\"SCXW241677153 BCX0\">\u00a0<\/span><\/strong><br class=\"SCXW241677153 BCX0\"\/><\/span><span class=\"LineBreakBlob BlobObject DragDrop SCXW241677153 BCX0\"><span class=\"SCXW241677153 BCX0\">\u00a0<\/span><br class=\"SCXW241677153 BCX0\"\/><\/span><span class=\"LineBreakBlob BlobObject DragDrop SCXW241677153 BCX0\"><span class=\"SCXW241677153 BCX0\"> <noscript><img data-recalc-dims=\"1\" loading=\"lazy\" decoding=\"async\" class=\"alignnone size-medium wp-image-373706\" src=\"https:\/\/i0.wp.com\/www.tribunaribeirao.com.br\/site\/wp-content\/uploads\/2024\/02\/1-Abono-6831-BOX-01-beleza-300x270.png?resize=300%2C270&#038;ssl=1\" alt=\"\" width=\"300\" height=\"270\" srcset=\"https:\/\/www.tribunaribeirao.com.br\/site\/wp-content\/uploads\/2024\/02\/1-Abono-6831-BOX-01-beleza-300x270.png 300w, https:\/\/www.tribunaribeirao.com.br\/site\/wp-content\/uploads\/2024\/02\/1-Abono-6831-BOX-01-beleza-444x400.png 444w, https:\/\/www.tribunaribeirao.com.br\/site\/wp-content\/uploads\/2024\/02\/1-Abono-6831-BOX-01-beleza-585x527.png 585w, https:\/\/www.tribunaribeirao.com.br\/site\/wp-content\/uploads\/2024\/02\/1-Abono-6831-BOX-01-beleza.png 670w\" sizes=\"auto, (max-width: 300px) 100vw, 300px\"\/><\/noscript><img data-recalc-dims=\"1\" loading=\"lazy\" decoding=\"async\" alt=\"\" width=\"300\" height=\"270\" srcset=\"https:\/\/www.tribunaribeirao.com.br\/site\/wp-content\/uploads\/2024\/02\/1-Abono-6831-BOX-02-beleza-300x270.png 300w, https:\/\/www.tribunaribeirao.com.br\/site\/wp-content\/uploads\/2024\/02\/1-Abono-6831-BOX-02-beleza-444x400.png 444w, https:\/\/www.tribunaribeirao.com.br\/site\/wp-content\/uploads\/2024\/02\/1-Abono-6831-BOX-02-beleza-585x527.png 585w, https:\/\/www.tribunaribeirao.com.br\/site\/wp-content\/uploads\/2024\/02\/1-Abono-6831-BOX-02-beleza.png 670w\" src=\"https:\/\/i0.wp.com\/www.tribunaribeirao.com.br\/site\/wp-content\/uploads\/2024\/02\/1-Abono-6831-BOX-02-beleza-300x270.png?resize=300%2C270&#038;ssl=1\" data-sizes=\"(max-width: 300px) 100vw, 300px\" class=\"alignnone size-medium wp-image-373707 lazyload\"\/><noscript><img data-recalc-dims=\"1\" loading=\"lazy\" decoding=\"async\" class=\"alignnone size-medium wp-image-373707\" src=\"https:\/\/i0.wp.com\/www.tribunaribeirao.com.br\/site\/wp-content\/uploads\/2024\/02\/1-Abono-6831-BOX-02-beleza-300x270.png?resize=300%2C270&#038;ssl=1\" alt=\"\" width=\"300\" height=\"270\" srcset=\"https:\/\/www.tribunaribeirao.com.br\/site\/wp-content\/uploads\/2024\/02\/1-Abono-6831-BOX-02-beleza-300x270.png 300w, https:\/\/www.tribunaribeirao.com.br\/site\/wp-content\/uploads\/2024\/02\/1-Abono-6831-BOX-02-beleza-444x400.png 444w, https:\/\/www.tribunaribeirao.com.br\/site\/wp-content\/uploads\/2024\/02\/1-Abono-6831-BOX-02-beleza-585x527.png 585w, https:\/\/www.tribunaribeirao.com.br\/site\/wp-content\/uploads\/2024\/02\/1-Abono-6831-BOX-02-beleza.png 670w\" sizes=\"auto, (max-width: 300px) 100vw, 300px\"\/><\/noscript><\/span><br class=\"SCXW241677153 BCX0\"\/><\/span><span class=\"EOP SCXW241677153 BCX0\" data-ccp-props=\"{&quot;201341983&quot;:0,&quot;335559739&quot;:200,&quot;335559740&quot;:276}\">\u00a0<\/span><\/p>\n<\/div>\n<p><script async src=\"\/\/platform.twitter.com\/widgets.js\" charset=\"utf-8\"><\/script><br \/>\n<br \/><br \/>\n<br \/><a href=\"https:\/\/www.tribunaribeirao.com.br\/site\/abono-salarial-comeca-a-ser-pago-nesta-quinta\/\">Source link <\/a><\/p>\n<!-- CONTENT END 1 -->\n","protected":false},"excerpt":{"rendered":"<p>15 de fevereiro de 2024 | 12:0015 de fevereiro de 2024 | 12:23 0 Cerca de 24 milh\u00f5es de pessoas que trabalharam com carteira assinada&#8230;<\/p>\n","protected":false},"author":1,"featured_media":37303,"comment_status":"open","ping_status":"open","sticky":false,"template":"","format":"standard","meta":{"advanced_seo_description":"","jetpack_seo_html_title":"","jetpack_seo_noindex":false,"jetpack_post_was_ever_published":false,"_jetpack_newsletter_access":"","_jetpack_dont_email_post_to_subs":false,"_jetpack_newsletter_tier_id":0,"_jetpack_memberships_contains_paywalled_content":false,"_jetpack_memberships_contains_paid_content":false,"footnotes":"","jetpack_publicize_message":"","jetpack_publicize_feature_enabled":true,"jetpack_social_post_already_shared":true,"jetpack_social_options":{"image_generator_settings":{"template":"highway","default_image_id":0,"font":"","enabled":false},"version":2}},"categories":[11],"tags":[3532,206,207,4177,884,3533,845],"class_list":["post-37302","post","type-post","status-publish","format-standard","has-post-thumbnail","hentry","category-noticias-de-ribeirao-preto-sp-e-regiao-ismael-colosi","tag-abono","tag-comeca","tag-nesta","tag-pago","tag-quinta","tag-salarial","tag-ser"],"jetpack_publicize_connections":[],"jetpack_featured_media_url":"https:\/\/i0.wp.com\/noticiasribeiraopreto.com.br\/wp-content\/uploads\/2024\/02\/Abono-Agencia-Brasil-scaled.jpg?fit=1000%2C598&ssl=1","jetpack-related-posts":[{"id":16016,"url":"https:\/\/noticiasribeiraopreto.com.br\/index.php\/2023\/12\/14\/pis-pasep-abono-comeca-a-ser-pago-a-partir-de-fevereiro-de-2024-meu-valor-digital\/","url_meta":{"origin":37302,"position":0},"title":"PIS\/PASEP: abono come\u00e7a a ser pago a partir de fevereiro de 2024 &#8211; Meu Valor Digital","author":"noticiasribeiraopreto.com.br","date":"14 de December de 2023","format":false,"excerpt":"PIS\/PASEP: abono come\u00e7a a ser pago a partir de fevereiro de 2024 - Meu Valor Digital - Not\u00edcias atualizadas In\u00edcioChamadasPIS\/PASEP: abono come\u00e7a a ser pago a partir de fevereiro de 2024 Source link","rel":"","context":"In &quot;Vagas de Emprego em Ribeir\u00e3o Preto-SP&quot;","block_context":{"text":"Vagas de Emprego em Ribeir\u00e3o Preto-SP","link":"https:\/\/noticiasribeiraopreto.com.br\/index.php\/category\/empregos-classificados-vagas-trabalho\/vagas-de-empregos-em-ribeirao-preto-regiao-brasil\/"},"img":{"alt_text":"","src":"https:\/\/i0.wp.com\/noticiasribeiraopreto.com.br\/wp-content\/uploads\/2023\/12\/pis-pasep.jpg?fit=1200%2C638&ssl=1&resize=350%2C200","width":350,"height":200,"srcset":"https:\/\/i0.wp.com\/noticiasribeiraopreto.com.br\/wp-content\/uploads\/2023\/12\/pis-pasep.jpg?fit=1200%2C638&ssl=1&resize=350%2C200 1x, https:\/\/i0.wp.com\/noticiasribeiraopreto.com.br\/wp-content\/uploads\/2023\/12\/pis-pasep.jpg?fit=1200%2C638&ssl=1&resize=525%2C300 1.5x, https:\/\/i0.wp.com\/noticiasribeiraopreto.com.br\/wp-content\/uploads\/2023\/12\/pis-pasep.jpg?fit=1200%2C638&ssl=1&resize=700%2C400 2x, https:\/\/i0.wp.com\/noticiasribeiraopreto.com.br\/wp-content\/uploads\/2023\/12\/pis-pasep.jpg?fit=1200%2C638&ssl=1&resize=1050%2C600 3x"},"classes":[]},{"id":28357,"url":"https:\/\/noticiasribeiraopreto.com.br\/index.php\/2024\/01\/15\/pagamento-do-abono-salarial-do-calendario-2024-comeca-em-fevereiro\/","url_meta":{"origin":37302,"position":1},"title":"Pagamento do abono salarial do calend\u00e1rio 2024 come\u00e7a em fevereiro \u2013 Folha de Ribeir\u00e3o","author":"noticiasribeiraopreto.com.br","date":"15 de January de 2024","format":false,"excerpt":"A partir de 15 de fevereiro, a Caixa come\u00e7a a pagar o abono salarial do calend\u00e1rio 2024, referente ao ano-base 2022. O calend\u00e1rio foi aprovado pelo Conselho Deliberativo do Fundo de Amparo ao Trabalhador (Codefat), em reuni\u00e3o realizada em dezembro do ano passado.\u00a0 O cr\u00e9dito ser\u00e1 feito de forma escalonada,\u2026","rel":"","context":"In &quot;Not\u00edcias de Ribeir\u00e3o Preto-SP e Regi\u00e3o&quot;","block_context":{"text":"Not\u00edcias de Ribeir\u00e3o Preto-SP e Regi\u00e3o","link":"https:\/\/noticiasribeiraopreto.com.br\/index.php\/category\/noticias-de-ribeirao-preto-sp-e-regiao-ismael-colosi\/"},"img":{"alt_text":"","src":"","width":0,"height":0},"classes":[]},{"id":22780,"url":"https:\/\/noticiasribeiraopreto.com.br\/index.php\/2023\/12\/30\/pis-pasep-2024-abono-salarial-comeca-a-ser-pago-em-fevereiro-com-valores-reajustados\/","url_meta":{"origin":37302,"position":2},"title":"PIS\/PASEP 2024: abono salarial come\u00e7a a ser pago em fevereiro com valores reajustados","author":"noticiasribeiraopreto.com.br","date":"30 de December de 2023","format":false,"excerpt":"A Caixa Econ\u00f4mica Federal anunciou o aguardado Calend\u00e1rio Abono Salarial do PIS\/PASEP 2024, referente ao ano-base 2022, em uma reuni\u00e3o do Conselho Deliberativo do Fundo de Amparo ao Trabalhador (Codefat), realizada no dia 13\/12. O cronograma de pagamento tem in\u00edcio a partir de 15 de fevereiro e segue crit\u00e9rios espec\u00edficos\u2026","rel":"","context":"In &quot;Vagas de Emprego em Ribeir\u00e3o Preto-SP&quot;","block_context":{"text":"Vagas de Emprego em Ribeir\u00e3o Preto-SP","link":"https:\/\/noticiasribeiraopreto.com.br\/index.php\/category\/empregos-classificados-vagas-trabalho\/vagas-de-empregos-em-ribeirao-preto-regiao-brasil\/"},"img":{"alt_text":"","src":"https:\/\/i0.wp.com\/noticiasribeiraopreto.com.br\/wp-content\/uploads\/2023\/12\/noticiasconcursos.com_.br-pispasep-2024-abono-salarial-comeca-a-ser-pago-em-fevereiro-com-valores-reajustados-pispasep.jpg?fit=804%2C491&ssl=1&resize=350%2C200","width":350,"height":200,"srcset":"https:\/\/i0.wp.com\/noticiasribeiraopreto.com.br\/wp-content\/uploads\/2023\/12\/noticiasconcursos.com_.br-pispasep-2024-abono-salarial-comeca-a-ser-pago-em-fevereiro-com-valores-reajustados-pispasep.jpg?fit=804%2C491&ssl=1&resize=350%2C200 1x, https:\/\/i0.wp.com\/noticiasribeiraopreto.com.br\/wp-content\/uploads\/2023\/12\/noticiasconcursos.com_.br-pispasep-2024-abono-salarial-comeca-a-ser-pago-em-fevereiro-com-valores-reajustados-pispasep.jpg?fit=804%2C491&ssl=1&resize=525%2C300 1.5x, https:\/\/i0.wp.com\/noticiasribeiraopreto.com.br\/wp-content\/uploads\/2023\/12\/noticiasconcursos.com_.br-pispasep-2024-abono-salarial-comeca-a-ser-pago-em-fevereiro-com-valores-reajustados-pispasep.jpg?fit=804%2C491&ssl=1&resize=700%2C400 2x"},"classes":[]},{"id":65220,"url":"https:\/\/noticiasribeiraopreto.com.br\/index.php\/2025\/03\/17\/pagamento-do-abono-salarial-e-liberado-nesta-segunda-veja-quem-pode-receber\/","url_meta":{"origin":37302,"position":3},"title":"Pagamento do abono salarial \u00e9 liberado nesta segunda; Veja quem pode receber","author":"noticiasribeiraopreto.com.br","date":"17 de March de 2025","format":false,"excerpt":"O abono salarial PIS-Pasep 2025, referente ao ano-base 2023, come\u00e7ou a ser pago nesta segunda-feira (17) aos trabalhadores nascidos em fevereiro. O benef\u00edcio poder\u00e1 ser retirado at\u00e9 o fim do calend\u00e1rio, em 29 de dezembro de 2025. O abono salarial \u00e9 um benef\u00edcio de at\u00e9 um sal\u00e1rio-m\u00ednimo, destinado a trabalhadores\u2026","rel":"","context":"In &quot;Not\u00edcias de Ribeir\u00e3o Preto-SP e Regi\u00e3o&quot;","block_context":{"text":"Not\u00edcias de Ribeir\u00e3o Preto-SP e Regi\u00e3o","link":"https:\/\/noticiasribeiraopreto.com.br\/index.php\/category\/noticias-de-ribeirao-preto-sp-e-regiao-ismael-colosi\/"},"img":{"alt_text":"","src":"https:\/\/i0.wp.com\/noticiasribeiraopreto.com.br\/wp-content\/uploads\/2025\/02\/dinheiro_2025-02-17_12-54-22_jpg_2025-02-17_12-54-22.webp.webp?fit=1024%2C768&ssl=1&resize=350%2C200","width":350,"height":200,"srcset":"https:\/\/i0.wp.com\/noticiasribeiraopreto.com.br\/wp-content\/uploads\/2025\/02\/dinheiro_2025-02-17_12-54-22_jpg_2025-02-17_12-54-22.webp.webp?fit=1024%2C768&ssl=1&resize=350%2C200 1x, https:\/\/i0.wp.com\/noticiasribeiraopreto.com.br\/wp-content\/uploads\/2025\/02\/dinheiro_2025-02-17_12-54-22_jpg_2025-02-17_12-54-22.webp.webp?fit=1024%2C768&ssl=1&resize=525%2C300 1.5x, https:\/\/i0.wp.com\/noticiasribeiraopreto.com.br\/wp-content\/uploads\/2025\/02\/dinheiro_2025-02-17_12-54-22_jpg_2025-02-17_12-54-22.webp.webp?fit=1024%2C768&ssl=1&resize=700%2C400 2x"},"classes":[]},{"id":67447,"url":"https:\/\/noticiasribeiraopreto.com.br\/index.php\/2025\/04\/14\/jornal-da-franca-pis-pasep-abono-salarial-vai-ser-pago-a-43-milhoes-de-trabalhadores-na-terca-15\/","url_meta":{"origin":37302,"position":4},"title":"Jornal da Franca &#8211; PIS\/Pasep: abono salarial vai ser pago a 4,3 milh\u00f5es de trabalhadores na ter\u00e7a (15)","author":"noticiasribeiraopreto.com.br","date":"14 de April de 2025","format":false,"excerpt":"compartilhar no whatsapp compartilhar no telegram compartilhar no facebook compartilhar no linkedin Nascidos em mar\u00e7o e abril recebem o abono salarial ap\u00f3s a mudan\u00e7a nas regras; entenda o que mudou e quem tem direito a receber o benef\u00edcio neste ano Nascidos em mar\u00e7o e abril recebem abono do PIS\/Pasep nesta\u2026","rel":"","context":"In &quot;Not\u00edcias de Franca-SP&quot;","block_context":{"text":"Not\u00edcias de Franca-SP","link":"https:\/\/noticiasribeiraopreto.com.br\/index.php\/category\/noticias-de-ribeirao-preto-sp-e-regiao-ismael-colosi\/noticias-franca-sp\/"},"img":{"alt_text":"","src":"https:\/\/i0.wp.com\/noticiasribeiraopreto.com.br\/wp-content\/uploads\/2025\/04\/seucreditodigital.com_.br-mais-de-r-2-bilhoes-em-abono-salarial-e-liberado-pela-caixa-pis-pasep-4.jpg?fit=1200%2C800&ssl=1&resize=350%2C200","width":350,"height":200,"srcset":"https:\/\/i0.wp.com\/noticiasribeiraopreto.com.br\/wp-content\/uploads\/2025\/04\/seucreditodigital.com_.br-mais-de-r-2-bilhoes-em-abono-salarial-e-liberado-pela-caixa-pis-pasep-4.jpg?fit=1200%2C800&ssl=1&resize=350%2C200 1x, https:\/\/i0.wp.com\/noticiasribeiraopreto.com.br\/wp-content\/uploads\/2025\/04\/seucreditodigital.com_.br-mais-de-r-2-bilhoes-em-abono-salarial-e-liberado-pela-caixa-pis-pasep-4.jpg?fit=1200%2C800&ssl=1&resize=525%2C300 1.5x, https:\/\/i0.wp.com\/noticiasribeiraopreto.com.br\/wp-content\/uploads\/2025\/04\/seucreditodigital.com_.br-mais-de-r-2-bilhoes-em-abono-salarial-e-liberado-pela-caixa-pis-pasep-4.jpg?fit=1200%2C800&ssl=1&resize=700%2C400 2x, https:\/\/i0.wp.com\/noticiasribeiraopreto.com.br\/wp-content\/uploads\/2025\/04\/seucreditodigital.com_.br-mais-de-r-2-bilhoes-em-abono-salarial-e-liberado-pela-caixa-pis-pasep-4.jpg?fit=1200%2C800&ssl=1&resize=1050%2C600 3x"},"classes":[]},{"id":81237,"url":"https:\/\/noticiasribeiraopreto.com.br\/index.php\/2025\/12\/29\/prazo-para-sacar-abono-salarial-acaba-nesta-segunda\/","url_meta":{"origin":37302,"position":5},"title":"Prazo para sacar abono salarial acaba nesta segunda","author":"noticiasribeiraopreto.com.br","date":"29 de December de 2025","format":false,"excerpt":"\r \r \r 29 de dezembro de 2025 07:5129 de dezembro de 2025 07:53 \r Compartilhar0 Quem trabalhou com carteira assinada em 2023 ganhando at\u00e9 dois sal\u00e1rios m\u00ednimos deve ficar atento. Acaba nesta segunda-feira (29) o prazo para sacar o abono salarial de 2025. Quem perder o prazo ter\u00e1 de\u2026","rel":"","context":"In &quot;Not\u00edcias de Ribeir\u00e3o Preto-SP e Regi\u00e3o&quot;","block_context":{"text":"Not\u00edcias de Ribeir\u00e3o Preto-SP e Regi\u00e3o","link":"https:\/\/noticiasribeiraopreto.com.br\/index.php\/category\/noticias-de-ribeirao-preto-sp-e-regiao-ismael-colosi\/"},"img":{"alt_text":"","src":"https:\/\/i0.wp.com\/noticiasribeiraopreto.com.br\/wp-content\/uploads\/2025\/12\/dinheiro_caixa_mcajr_abr_2907221128.jpg?fit=1170%2C700&ssl=1&resize=350%2C200","width":350,"height":200,"srcset":"https:\/\/i0.wp.com\/noticiasribeiraopreto.com.br\/wp-content\/uploads\/2025\/12\/dinheiro_caixa_mcajr_abr_2907221128.jpg?fit=1170%2C700&ssl=1&resize=350%2C200 1x, https:\/\/i0.wp.com\/noticiasribeiraopreto.com.br\/wp-content\/uploads\/2025\/12\/dinheiro_caixa_mcajr_abr_2907221128.jpg?fit=1170%2C700&ssl=1&resize=525%2C300 1.5x, https:\/\/i0.wp.com\/noticiasribeiraopreto.com.br\/wp-content\/uploads\/2025\/12\/dinheiro_caixa_mcajr_abr_2907221128.jpg?fit=1170%2C700&ssl=1&resize=700%2C400 2x, https:\/\/i0.wp.com\/noticiasribeiraopreto.com.br\/wp-content\/uploads\/2025\/12\/dinheiro_caixa_mcajr_abr_2907221128.jpg?fit=1170%2C700&ssl=1&resize=1050%2C600 3x"},"classes":[]}],"jetpack_sharing_enabled":true,"jetpack_shortlink":"https:\/\/wp.me\/peQAOb-9HE","_links":{"self":[{"href":"https:\/\/noticiasribeiraopreto.com.br\/index.php\/wp-json\/wp\/v2\/posts\/37302","targetHints":{"allow":["GET"]}}],"collection":[{"href":"https:\/\/noticiasribeiraopreto.com.br\/index.php\/wp-json\/wp\/v2\/posts"}],"about":[{"href":"https:\/\/noticiasribeiraopreto.com.br\/index.php\/wp-json\/wp\/v2\/types\/post"}],"author":[{"embeddable":true,"href":"https:\/\/noticiasribeiraopreto.com.br\/index.php\/wp-json\/wp\/v2\/users\/1"}],"replies":[{"embeddable":true,"href":"https:\/\/noticiasribeiraopreto.com.br\/index.php\/wp-json\/wp\/v2\/comments?post=37302"}],"version-history":[{"count":0,"href":"https:\/\/noticiasribeiraopreto.com.br\/index.php\/wp-json\/wp\/v2\/posts\/37302\/revisions"}],"wp:featuredmedia":[{"embeddable":true,"href":"https:\/\/noticiasribeiraopreto.com.br\/index.php\/wp-json\/wp\/v2\/media\/37303"}],"wp:attachment":[{"href":"https:\/\/noticiasribeiraopreto.com.br\/index.php\/wp-json\/wp\/v2\/media?parent=37302"}],"wp:term":[{"taxonomy":"category","embeddable":true,"href":"https:\/\/noticiasribeiraopreto.com.br\/index.php\/wp-json\/wp\/v2\/categories?post=37302"},{"taxonomy":"post_tag","embeddable":true,"href":"https:\/\/noticiasribeiraopreto.com.br\/index.php\/wp-json\/wp\/v2\/tags?post=37302"}],"curies":[{"name":"wp","href":"https:\/\/api.w.org\/{rel}","templated":true}]}}