{"id":37368,"date":"2024-02-15T18:50:43","date_gmt":"2024-02-15T21:50:43","guid":{"rendered":"https:\/\/noticiasribeiraopreto.com.br\/index.php\/2024\/02\/15\/termina-nesta-sexta-16-o-prazo-para-as-inscricoes-do-concurso-da-saerp\/"},"modified":"2024-02-15T18:50:43","modified_gmt":"2024-02-15T21:50:43","slug":"termina-nesta-sexta-16-o-prazo-para-as-inscricoes-do-concurso-da-saerp","status":"publish","type":"post","link":"https:\/\/noticiasribeiraopreto.com.br\/index.php\/2024\/02\/15\/termina-nesta-sexta-16-o-prazo-para-as-inscricoes-do-concurso-da-saerp\/","title":{"rendered":"Termina nesta sexta (16) o prazo para as inscri\u00e7\u00f5es do concurso da Saerp"},"content":{"rendered":"<div class='code-block code-block-1' style='margin: 8px 0 8px auto; text-align: right; display: block; clear: both;'>\n<p><a href=\"https:\/\/wa.link\/vpicfd\"><img data-recalc-dims=\"1\" class=\"wp-image-4922\" style=\"aspect-ratio: 2.0253164556962027; width: 561px; height: auto;\" src=\"https:\/\/i0.wp.com\/ismaelcolosi.com.br\/wp-content\/uploads\/2023\/11\/grupo-de-empregos-whatsapp-e-facebook-ismael-colosi-vagas.jpg?ssl=1\" alt=\"\" \/><\/a><\/p>\n<!-- \/wp:image -->\n<\/div>\n<p> <br \/>\n<\/p>\n<div id=\"post-373788\">\n<header class=\"entry-header penci-entry-header penci-title-center\">\n<p> <span class=\"entry-meta-item penci-posted-on\"><i class=\"fa fa-clock-o\"\/><time class=\"entry-date published\" datetime=\"2024-02-15T18:00:29-03:00\">15 de fevereiro de 2024 | 18:00<\/time><time class=\"updated\" datetime=\"2024-02-15T14:57:04-03:00\">15 de fevereiro de 2024 | 14:57<\/time><\/span><\/p>\n<p> <span class=\"penci-social-buttons penci-social-share-footer\"><a href=\"#\" class=\"penci-post-like penci_post-meta_item  single-like-button penci-social-item like\" data-post_id=\"373788\" title=\"Like\" data-like=\"Like\" data-unlike=\"Unlike\"><i class=\"fa fa-thumbs-o-up\"\/><span class=\"penci-share-number\">0<\/span><\/a><i class=\"fa fa-facebook\"\/><a class=\"penci-social-item twitter\" target=\"_blank\" rel=\"noopener\" title=\"\" href=\"https:\/\/twitter.com\/intent\/tweet?text=Termina%20nesta%20sexta%20(16)%20o%20prazo%20para%20as%20inscri\u00e7\u00f5es%20do%20concurso%20da%20Saerp%20-%20https:\/\/www.tribunaribeirao.com.br\/site\/termina-nesta-sexta-16-o-prazo-para-as-inscricoes-do-concurso-da-saerp\/\"><i class=\"fa fa-twitter\"\/><\/a><i class=\"fa fa-whatsapp\"\/><\/span><\/header>\n<div class=\"penci-entry-content entry-content\">\n<p>O \u00faltimo certame da secretaria foi realizado em 2013. Agora, a Saerp est\u00e1 com 16 vagas abertas para atualizar o seu corpo funcional, com cargos para atua\u00e7\u00e3o tanto nas \u00e1reas do sistema de abastecimento quanto de esgotamento sanit\u00e1rio.<\/p>\n<p>\u201cO nosso objetivo \u00e9 entregar servi\u00e7os de qualidade para a nossa popula\u00e7\u00e3o e sabemos que um dos pilares para isso \u00e9 a inova\u00e7\u00e3o, que conseguimos atrav\u00e9s do aprimoramento dos nossos servidores ativos, como tamb\u00e9m por concurso p\u00fablico, com o chamamento de novos servidores\u201d, afirma o secret\u00e1rio da Saerp, Ant\u00f4nio Carlos de Oliveira Jr.<\/p>\n<p>Os cargos ofertados pela Secretaria s\u00e3o de todos os n\u00edveis (fundamental, m\u00e9dio, t\u00e9cnico e superior), com sal\u00e1rios iniciais variando entre R$ 2.250,74 a R$ 5.645,09.<\/p>\n<p>As inscri\u00e7\u00f5es, cargos e o edital podem ser conferidos no site da Saerp ou da banca organizadora do certame em:\u00a0<a href=\"http:\/\/www.concursosrbo.com.br\/Projetos\/projeto-detalhes.aspx?id=EkU2KaA16\/Y=\">www.concursosrbo.com.br<\/a>.<\/p>\n<p>\u00a0<\/p>\n<\/div>\n<footer class=\"penci-entry-footer\"\/><\/div>\n<p><script async src=\"\/\/platform.twitter.com\/widgets.js\" charset=\"utf-8\"><\/script><br \/>\n<br \/><br \/>\n<br \/><a href=\"https:\/\/www.tribunaribeirao.com.br\/site\/termina-nesta-sexta-16-o-prazo-para-as-inscricoes-do-concurso-da-saerp\/\">Source link <\/a><\/p>\n<!-- CONTENT END 1 -->\n","protected":false},"excerpt":{"rendered":"<p>15 de fevereiro de 2024 | 18:0015 de fevereiro de 2024 | 14:57 0 O \u00faltimo certame da secretaria foi realizado em 2013. Agora, a&#8230;<\/p>\n","protected":false},"author":1,"featured_media":37369,"comment_status":"open","ping_status":"open","sticky":false,"template":"","format":"standard","meta":{"advanced_seo_description":"","jetpack_seo_html_title":"","jetpack_seo_noindex":false,"jetpack_post_was_ever_published":false,"_jetpack_newsletter_access":"","_jetpack_dont_email_post_to_subs":false,"_jetpack_newsletter_tier_id":0,"_jetpack_memberships_contains_paywalled_content":false,"_jetpack_memberships_contains_paid_content":false,"footnotes":"","jetpack_publicize_message":"","jetpack_publicize_feature_enabled":true,"jetpack_social_post_already_shared":true,"jetpack_social_options":{"image_generator_settings":{"template":"highway","default_image_id":0,"font":"","enabled":false},"version":2}},"categories":[11],"tags":[567,566,207,71,183,28,513,186],"class_list":["post-37368","post","type-post","status-publish","format-standard","has-post-thumbnail","hentry","category-noticias-de-ribeirao-preto-sp-e-regiao-ismael-colosi","tag-concurso","tag-inscricoes","tag-nesta","tag-para","tag-prazo","tag-saerp","tag-sexta","tag-termina"],"jetpack_publicize_connections":[],"jetpack_featured_media_url":"https:\/\/i0.wp.com\/noticiasribeiraopreto.com.br\/wp-content\/uploads\/2024\/02\/saerp_capa_concurso1.png?fit=968%2C645&ssl=1","jetpack-related-posts":[{"id":37246,"url":"https:\/\/noticiasribeiraopreto.com.br\/index.php\/2024\/02\/15\/prazo-para-pagar-taxa-do-concurso-nacional-unificado-termina-nesta-sexta\/","url_meta":{"origin":37368,"position":0},"title":"Prazo para pagar taxa do Concurso Nacional Unificado termina nesta sexta","author":"noticiasribeiraopreto.com.br","date":"15 de February de 2024","format":false,"excerpt":"14 de fevereiro de 2024 | 14:0014 de fevereiro de 2024 | 11:42 0Os candidatos ao Concurso P\u00fablico Nacional Unificado que ainda n\u00e3o pagaram a taxa de inscri\u00e7\u00e3o t\u00eam at\u00e9 sexta-feira (16) para quitarem a Guia de Recolhimento da Uni\u00e3o (GRU). O pagamento, no valor de R$ 90 para os\u2026","rel":"","context":"In &quot;Not\u00edcias de Ribeir\u00e3o Preto-SP e Regi\u00e3o&quot;","block_context":{"text":"Not\u00edcias de Ribeir\u00e3o Preto-SP e Regi\u00e3o","link":"https:\/\/noticiasribeiraopreto.com.br\/index.php\/category\/noticias-de-ribeirao-preto-sp-e-regiao-ismael-colosi\/"},"img":{"alt_text":"","src":"https:\/\/i0.wp.com\/noticiasribeiraopreto.com.br\/wp-content\/uploads\/2024\/02\/48bed575-a298-4721-a099-5c82fdec3996.jpg?fit=900%2C600&ssl=1&resize=350%2C200","width":350,"height":200,"srcset":"https:\/\/i0.wp.com\/noticiasribeiraopreto.com.br\/wp-content\/uploads\/2024\/02\/48bed575-a298-4721-a099-5c82fdec3996.jpg?fit=900%2C600&ssl=1&resize=350%2C200 1x, https:\/\/i0.wp.com\/noticiasribeiraopreto.com.br\/wp-content\/uploads\/2024\/02\/48bed575-a298-4721-a099-5c82fdec3996.jpg?fit=900%2C600&ssl=1&resize=525%2C300 1.5x, https:\/\/i0.wp.com\/noticiasribeiraopreto.com.br\/wp-content\/uploads\/2024\/02\/48bed575-a298-4721-a099-5c82fdec3996.jpg?fit=900%2C600&ssl=1&resize=700%2C400 2x"},"classes":[]},{"id":37178,"url":"https:\/\/noticiasribeiraopreto.com.br\/index.php\/2024\/02\/14\/prazo-para-pagamento-de-inscricoes-do-enem-dos-concursos-termina-na-sexta\/","url_meta":{"origin":37368,"position":1},"title":"Prazo para pagamento de inscri\u00e7\u00f5es do \u2018Enem dos Concursos\u2019 termina na sexta","author":"noticiasribeiraopreto.com.br","date":"14 de February de 2024","format":false,"excerpt":"O prazo para o pagamento das inscri\u00e7\u00f5es do Concurso P\u00fablico Nacional Unificado (CPNU), chamado de \u201cEnem dos Concursos\u201d termina nesta sexta-feira (16). Segundo o Minist\u00e9rio da Gest\u00e3o e da Inova\u00e7\u00e3o em Servi\u00e7os P\u00fablicos, ao todo 2,65 milh\u00f5es de pessoas se inscreveram. Desse total, faltam 1,28 milh\u00e3o de candidatos pagarem a\u2026","rel":"","context":"In &quot;Not\u00edcias de Ribeir\u00e3o Preto-SP e Regi\u00e3o&quot;","block_context":{"text":"Not\u00edcias de Ribeir\u00e3o Preto-SP e Regi\u00e3o","link":"https:\/\/noticiasribeiraopreto.com.br\/index.php\/category\/noticias-de-ribeirao-preto-sp-e-regiao-ismael-colosi\/"},"img":{"alt_text":"","src":"https:\/\/i0.wp.com\/noticiasribeiraopreto.com.br\/wp-content\/uploads\/2024\/02\/65d0940e-7db2-4d9b-9336-735005991b79.jpeg?fit=768%2C512&ssl=1&resize=350%2C200","width":350,"height":200,"srcset":"https:\/\/i0.wp.com\/noticiasribeiraopreto.com.br\/wp-content\/uploads\/2024\/02\/65d0940e-7db2-4d9b-9336-735005991b79.jpeg?fit=768%2C512&ssl=1&resize=350%2C200 1x, https:\/\/i0.wp.com\/noticiasribeiraopreto.com.br\/wp-content\/uploads\/2024\/02\/65d0940e-7db2-4d9b-9336-735005991b79.jpeg?fit=768%2C512&ssl=1&resize=525%2C300 1.5x, https:\/\/i0.wp.com\/noticiasribeiraopreto.com.br\/wp-content\/uploads\/2024\/02\/65d0940e-7db2-4d9b-9336-735005991b79.jpeg?fit=768%2C512&ssl=1&resize=700%2C400 2x"},"classes":[]},{"id":34404,"url":"https:\/\/noticiasribeiraopreto.com.br\/index.php\/2024\/02\/01\/bnb-abre-inscricoes-para-concurso-nesta-sexta-feira\/","url_meta":{"origin":37368,"position":2},"title":"BNB abre inscri\u00e7\u00f5es para concurso nesta sexta-feira","author":"noticiasribeiraopreto.com.br","date":"1 de February de 2024","format":false,"excerpt":"Ag\u00eancia Brasili Ag\u00eancia Brasil 01\/02\/2024 - 12:25 O Banco do Nordeste do Brasil (BNB) come\u00e7ar\u00e1 nesta sexta-feira (2) a receber inscri\u00e7\u00f5es para o concurso p\u00fablico de n\u00edvel m\u00e9dio que oferece 710 vagas para o cargo de analista banc\u00e1rio.As inscri\u00e7\u00f5es podem ser feitas a partir das 10h, no site da Funda\u00e7\u00e3o\u2026","rel":"","context":"In &quot;Vagas de Emprego em Ribeir\u00e3o Preto-SP&quot;","block_context":{"text":"Vagas de Emprego em Ribeir\u00e3o Preto-SP","link":"https:\/\/noticiasribeiraopreto.com.br\/index.php\/category\/empregos-classificados-vagas-trabalho\/vagas-de-empregos-em-ribeirao-preto-regiao-brasil\/"},"img":{"alt_text":"","src":"https:\/\/i0.wp.com\/noticiasribeiraopreto.com.br\/wp-content\/uploads\/2024\/02\/unnamed-5.jpg?fit=960%2C640&ssl=1&resize=350%2C200","width":350,"height":200,"srcset":"https:\/\/i0.wp.com\/noticiasribeiraopreto.com.br\/wp-content\/uploads\/2024\/02\/unnamed-5.jpg?fit=960%2C640&ssl=1&resize=350%2C200 1x, https:\/\/i0.wp.com\/noticiasribeiraopreto.com.br\/wp-content\/uploads\/2024\/02\/unnamed-5.jpg?fit=960%2C640&ssl=1&resize=525%2C300 1.5x, https:\/\/i0.wp.com\/noticiasribeiraopreto.com.br\/wp-content\/uploads\/2024\/02\/unnamed-5.jpg?fit=960%2C640&ssl=1&resize=700%2C400 2x"},"classes":[]},{"id":25513,"url":"https:\/\/noticiasribeiraopreto.com.br\/index.php\/2024\/01\/07\/prefeitura-de-ribeirao-preto-abre-inscricoes-para-concurso-publico-nesta-segunda\/","url_meta":{"origin":37368,"position":3},"title":"Prefeitura de Ribeir\u00e3o Preto abre inscri\u00e7\u00f5es para concurso p\u00fablico nesta segunda","author":"noticiasribeiraopreto.com.br","date":"7 de January de 2024","format":false,"excerpt":"A Prefeitura de Ribeir\u00e3o Preto abre nesta segunda-feira (8) as inscri\u00e7\u00f5es do concurso p\u00fablico com vagas na Secretaria Municipal de \u00c1gua e Esgoto (Saerp). S\u00e3o 16 vagas abertas com cargos para n\u00edveis fundamental, m\u00e9dio, t\u00e9cnico e superior, com sal\u00e1rios iniciais variando entre R$ 2.250 e R$ 5.645. O edital foi\u2026","rel":"","context":"In &quot;Not\u00edcias de Ribeir\u00e3o Preto-SP e Regi\u00e3o&quot;","block_context":{"text":"Not\u00edcias de Ribeir\u00e3o Preto-SP e Regi\u00e3o","link":"https:\/\/noticiasribeiraopreto.com.br\/index.php\/category\/noticias-de-ribeirao-preto-sp-e-regiao-ismael-colosi\/"},"img":{"alt_text":"","src":"https:\/\/i0.wp.com\/noticiasribeiraopreto.com.br\/wp-content\/uploads\/2024\/01\/man-5710164_1280.jpg?fit=1200%2C800&ssl=1&resize=350%2C200","width":350,"height":200,"srcset":"https:\/\/i0.wp.com\/noticiasribeiraopreto.com.br\/wp-content\/uploads\/2024\/01\/man-5710164_1280.jpg?fit=1200%2C800&ssl=1&resize=350%2C200 1x, https:\/\/i0.wp.com\/noticiasribeiraopreto.com.br\/wp-content\/uploads\/2024\/01\/man-5710164_1280.jpg?fit=1200%2C800&ssl=1&resize=525%2C300 1.5x, https:\/\/i0.wp.com\/noticiasribeiraopreto.com.br\/wp-content\/uploads\/2024\/01\/man-5710164_1280.jpg?fit=1200%2C800&ssl=1&resize=700%2C400 2x, https:\/\/i0.wp.com\/noticiasribeiraopreto.com.br\/wp-content\/uploads\/2024\/01\/man-5710164_1280.jpg?fit=1200%2C800&ssl=1&resize=1050%2C600 3x"},"classes":[]},{"id":32703,"url":"https:\/\/noticiasribeiraopreto.com.br\/index.php\/2024\/01\/26\/concurso-unificado-prazo-para-pedir-isencao-de-taxa-de-inscricao-termina-nessa-sexta-feira\/","url_meta":{"origin":37368,"position":4},"title":"Concurso Unificado: prazo para pedir isen\u00e7\u00e3o de taxa de inscri\u00e7\u00e3o termina nessa sexta-feira","author":"noticiasribeiraopreto.com.br","date":"26 de January de 2024","format":false,"excerpt":"Da reda\u00e7\u00e3oi Da reda\u00e7\u00e3o 26\/01\/2024 - 7:30 Termina nessa sexta-feira, 26, prazo para os candidatos que desejam pedir a isen\u00e7\u00e3o da taxa de inscri\u00e7\u00e3o para o Concurso P\u00fablico Nacional Unificado. O valor da taxa de inscri\u00e7\u00e3o ser\u00e1 de R$ 60 para vagas de n\u00edvel m\u00e9dio; e de R$ 90 para\u2026","rel":"","context":"In &quot;Vagas de Emprego em Ribeir\u00e3o Preto-SP&quot;","block_context":{"text":"Vagas de Emprego em Ribeir\u00e3o Preto-SP","link":"https:\/\/noticiasribeiraopreto.com.br\/index.php\/category\/empregos-classificados-vagas-trabalho\/vagas-de-empregos-em-ribeirao-preto-regiao-brasil\/"},"img":{"alt_text":"","src":"https:\/\/i0.wp.com\/noticiasribeiraopreto.com.br\/wp-content\/uploads\/2024\/01\/prova.png?fit=700%2C439&ssl=1&resize=350%2C200","width":350,"height":200,"srcset":"https:\/\/i0.wp.com\/noticiasribeiraopreto.com.br\/wp-content\/uploads\/2024\/01\/prova.png?fit=700%2C439&ssl=1&resize=350%2C200 1x, https:\/\/i0.wp.com\/noticiasribeiraopreto.com.br\/wp-content\/uploads\/2024\/01\/prova.png?fit=700%2C439&ssl=1&resize=525%2C300 1.5x, https:\/\/i0.wp.com\/noticiasribeiraopreto.com.br\/wp-content\/uploads\/2024\/01\/prova.png?fit=700%2C439&ssl=1&resize=700%2C400 2x"},"classes":[]},{"id":38387,"url":"https:\/\/noticiasribeiraopreto.com.br\/index.php\/2024\/02\/19\/prouni-prazo-para-comprovar-dados-termina-nesta-terca\/","url_meta":{"origin":37368,"position":5},"title":"Prouni: prazo para comprovar dados termina nesta ter\u00e7a","author":"noticiasribeiraopreto.com.br","date":"19 de February de 2024","format":false,"excerpt":"19 de fevereiro de 2024 | 18:0019 de fevereiro de 2024 | 11:00 0Pr\u00e9-selecionados na primeira chamada do Programa Universidade para Todos (Prouni) do primeiro semestre de 2024 t\u00eam at\u00e9 esta ter\u00e7a-feira (20) para comprovar os dados informados no ato da inscri\u00e7\u00e3o.O prazo para a entrega dos documentos come\u00e7ou no\u2026","rel":"","context":"In &quot;Not\u00edcias de Ribeir\u00e3o Preto-SP e Regi\u00e3o&quot;","block_context":{"text":"Not\u00edcias de Ribeir\u00e3o Preto-SP e Regi\u00e3o","link":"https:\/\/noticiasribeiraopreto.com.br\/index.php\/category\/noticias-de-ribeirao-preto-sp-e-regiao-ismael-colosi\/"},"img":{"alt_text":"","src":"https:\/\/i0.wp.com\/noticiasribeiraopreto.com.br\/wp-content\/uploads\/2024\/02\/23c13d42-5efa-466a-8938-5fe14756dedc-scaled.jpg?fit=1000%2C598&ssl=1&resize=350%2C200","width":350,"height":200,"srcset":"https:\/\/i0.wp.com\/noticiasribeiraopreto.com.br\/wp-content\/uploads\/2024\/02\/23c13d42-5efa-466a-8938-5fe14756dedc-scaled.jpg?fit=1000%2C598&ssl=1&resize=350%2C200 1x, https:\/\/i0.wp.com\/noticiasribeiraopreto.com.br\/wp-content\/uploads\/2024\/02\/23c13d42-5efa-466a-8938-5fe14756dedc-scaled.jpg?fit=1000%2C598&ssl=1&resize=525%2C300 1.5x, https:\/\/i0.wp.com\/noticiasribeiraopreto.com.br\/wp-content\/uploads\/2024\/02\/23c13d42-5efa-466a-8938-5fe14756dedc-scaled.jpg?fit=1000%2C598&ssl=1&resize=700%2C400 2x"},"classes":[]}],"jetpack_sharing_enabled":true,"jetpack_shortlink":"https:\/\/wp.me\/peQAOb-9II","_links":{"self":[{"href":"https:\/\/noticiasribeiraopreto.com.br\/index.php\/wp-json\/wp\/v2\/posts\/37368","targetHints":{"allow":["GET"]}}],"collection":[{"href":"https:\/\/noticiasribeiraopreto.com.br\/index.php\/wp-json\/wp\/v2\/posts"}],"about":[{"href":"https:\/\/noticiasribeiraopreto.com.br\/index.php\/wp-json\/wp\/v2\/types\/post"}],"author":[{"embeddable":true,"href":"https:\/\/noticiasribeiraopreto.com.br\/index.php\/wp-json\/wp\/v2\/users\/1"}],"replies":[{"embeddable":true,"href":"https:\/\/noticiasribeiraopreto.com.br\/index.php\/wp-json\/wp\/v2\/comments?post=37368"}],"version-history":[{"count":0,"href":"https:\/\/noticiasribeiraopreto.com.br\/index.php\/wp-json\/wp\/v2\/posts\/37368\/revisions"}],"wp:featuredmedia":[{"embeddable":true,"href":"https:\/\/noticiasribeiraopreto.com.br\/index.php\/wp-json\/wp\/v2\/media\/37369"}],"wp:attachment":[{"href":"https:\/\/noticiasribeiraopreto.com.br\/index.php\/wp-json\/wp\/v2\/media?parent=37368"}],"wp:term":[{"taxonomy":"category","embeddable":true,"href":"https:\/\/noticiasribeiraopreto.com.br\/index.php\/wp-json\/wp\/v2\/categories?post=37368"},{"taxonomy":"post_tag","embeddable":true,"href":"https:\/\/noticiasribeiraopreto.com.br\/index.php\/wp-json\/wp\/v2\/tags?post=37368"}],"curies":[{"name":"wp","href":"https:\/\/api.w.org\/{rel}","templated":true}]}}