{"id":37418,"date":"2024-02-16T00:57:04","date_gmt":"2024-02-16T03:57:04","guid":{"rendered":"https:\/\/noticiasribeiraopreto.com.br\/index.php\/2024\/02\/16\/colheita-de-soja-atinge-209-da-area-no-brasil\/"},"modified":"2024-02-16T00:57:04","modified_gmt":"2024-02-16T03:57:04","slug":"colheita-de-soja-atinge-209-da-area-no-brasil","status":"publish","type":"post","link":"https:\/\/noticiasribeiraopreto.com.br\/index.php\/2024\/02\/16\/colheita-de-soja-atinge-209-da-area-no-brasil\/","title":{"rendered":"Colheita de soja atinge 20,9% da \u00e1rea no Brasil\u00a0"},"content":{"rendered":"<div class='code-block code-block-1' style='margin: 8px 0 8px auto; text-align: right; display: block; clear: both;'>\n<p><a href=\"https:\/\/wa.link\/vpicfd\"><img data-recalc-dims=\"1\" class=\"wp-image-4922\" style=\"aspect-ratio: 2.0253164556962027; width: 561px; height: auto;\" src=\"https:\/\/i0.wp.com\/ismaelcolosi.com.br\/wp-content\/uploads\/2023\/11\/grupo-de-empregos-whatsapp-e-facebook-ismael-colosi-vagas.jpg?ssl=1\" alt=\"\" \/><\/a><\/p>\n<!-- \/wp:image -->\n<\/div>\n<p> <br \/>\n<\/p>\n<div id=\"\">\n<p> <span class=\"entry-meta-item penci-posted-on\"><i class=\"fa fa-clock-o\"\/><time class=\"entry-date published\" datetime=\"2024-02-15T16:00:20-03:00\">15 de fevereiro de 2024 | 16:00<\/time><time class=\"updated\" datetime=\"2024-02-14T21:08:59-03:00\">14 de fevereiro de 2024 | 21:08<\/time><\/span><\/p>\n<p> <span class=\"penci-social-buttons penci-social-share-footer\"><a href=\"#\" class=\"penci-post-like penci_post-meta_item  single-like-button penci-social-item like\" data-post_id=\"373709\" title=\"Like\" data-like=\"Like\" data-unlike=\"Unlike\"><i class=\"fa fa-thumbs-o-up\"\/><span class=\"penci-share-number\">0<\/span><\/a><i class=\"fa fa-facebook\"\/><a class=\"penci-social-item twitter\" target=\"_blank\" rel=\"noopener\" title=\"\" href=\"https:\/\/twitter.com\/intent\/tweet?text=Colheita%20de%20soja%20atinge%2020,9%20da%20\u00e1rea%20no%20Brasil\u00a0%20-%20https:\/\/www.tribunaribeirao.com.br\/site\/colheita-de-soja-atinge-209-da-area-no-brasil\/\"><i class=\"fa fa-twitter\"\/><\/a><i class=\"fa fa-whatsapp\"\/><\/span><\/div>\n<div>\n<p><span class=\"TextRun SCXW120011603 BCX0\" lang=\"PT-BR\" xml:lang=\"PT-BR\" data-contrast=\"auto\"><span class=\"NormalTextRun SCXW120011603 BCX0\">A colheita da safra brasileira de soja 2023\/24 ati<\/span><span class=\"NormalTextRun SCXW120011603 BCX0\">ngia 20,9% da \u00e1rea plantada no p<\/span><span class=\"NormalTextRun SCXW120011603 BCX0\">a\u00eds no <\/span><span class=\"NormalTextRun SCXW120011603 BCX0\">\u00faltimo s\u00e1bado, 10<\/span><span class=\"NormalTextRun SCXW120011603 BCX0\"> de fevereiro<\/span><span class=\"NormalTextRun SCXW120011603 BCX0\">, inform<\/span><span class=\"NormalTextRun SCXW120011603 BCX0\">a<\/span><span class=\"NormalTextRun SCXW120011603 BCX0\"> a Companhia Nacional de Abastecimento (Conab), em levantamento semanal de progresso de safra. O avan\u00e7o \u00e9 de 5,5 pontos p<\/span><span class=\"NormalTextRun SCXW120011603 BCX0\">e<\/span><span class=\"NormalTextRun SCXW120011603 BCX0\">rcentuais na compara\u00e7\u00e3o anual e de 6,9 pontos <\/span><span class=\"NormalTextRun SCXW120011603 BCX0\">percentuais<\/span><span class=\"NormalTextRun SCXW120011603 BCX0\"> em uma semana.<\/span><\/span><span class=\"LineBreakBlob BlobObject DragDrop SCXW120011603 BCX0\"><span class=\"SCXW120011603 BCX0\">\u00a0<\/span><br class=\"SCXW120011603 BCX0\"\/><\/span><span class=\"LineBreakBlob BlobObject DragDrop SCXW120011603 BCX0\"><span class=\"SCXW120011603 BCX0\">\u00a0<\/span><br class=\"SCXW120011603 BCX0\"\/><\/span><span class=\"TextRun SCXW120011603 BCX0\" lang=\"PT-BR\" xml:lang=\"PT-BR\" data-contrast=\"auto\"><span class=\"NormalTextRun SCXW120011603 BCX0\">Entre os Estados que j\u00e1 iniciaram a retirada da oleaginosa do campo, Mato Grosso tem os trabalhos de campo mais avan\u00e7ados, com 45,4% da \u00e1rea colhida. Apenas Rio Grande do Sul e Piau\u00ed ainda n\u00e3o iniciaram a colheita da safra.<\/span> <\/span><span class=\"LineBreakBlob BlobObject DragDrop SCXW120011603 BCX0\"><span class=\"SCXW120011603 BCX0\">\u00a0<\/span><br class=\"SCXW120011603 BCX0\"\/><\/span><span class=\"LineBreakBlob BlobObject DragDrop SCXW120011603 BCX0\"><span class=\"SCXW120011603 BCX0\">\u00a0<\/span><br class=\"SCXW120011603 BCX0\"\/><\/span><span class=\"TextRun SCXW120011603 BCX0\" lang=\"PT-BR\" xml:lang=\"PT-BR\" data-contrast=\"auto\"><span class=\"NormalTextRun SCXW120011603 BCX0\">O<\/span><span class=\"NormalTextRun SCXW120011603 BCX0\"> plantio da oleaginosa 2023\/24 ainda n\u00e3o terminou. A semeadura avan\u00e7ou <\/span><span class=\"NormalTextRun SCXW120011603 BCX0\">0,3 ponto<\/span> <span class=\"NormalTextRun SCXW120011603 BCX0\">percentual<\/span><span class=\"NormalTextRun SCXW120011603 BCX0\"> na semana, alcan\u00e7ando 99,9% da \u00e1rea estimada no Pa\u00eds, 0,1 ponto <\/span><span class=\"NormalTextRun SCXW120011603 BCX0\">percentual<\/span><span class=\"NormalTextRun SCXW120011603 BCX0\"> \u00e0 frente de igual per\u00edodo do ano passado, quando 99,8% da \u00e1rea estava semeada.<\/span> <span class=\"NormalTextRun SCXW120011603 BCX0\">O cultivo da soja ainda est\u00e1 em andamento em Goi\u00e1s (99,8%) e no Maranh\u00e3o (97%).<\/span><\/span><span class=\"LineBreakBlob BlobObject DragDrop SCXW120011603 BCX0\"><span class=\"SCXW120011603 BCX0\">\u00a0<\/span><br class=\"SCXW120011603 BCX0\"\/><\/span><span class=\"LineBreakBlob BlobObject DragDrop SCXW120011603 BCX0\"><span class=\"SCXW120011603 BCX0\">\u00a0<\/span><br class=\"SCXW120011603 BCX0\"\/><\/span><span class=\"TextRun SCXW120011603 BCX0\" lang=\"PT-BR\" xml:lang=\"PT-BR\" data-contrast=\"auto\"><span class=\"NormalTextRun SCXW120011603 BCX0\">Milho<\/span><span class=\"NormalTextRun SCXW120011603 BCX0\"> \u2013 <\/span><\/span><span class=\"TextRun SCXW120011603 BCX0\" lang=\"PT-BR\" xml:lang=\"PT-BR\" data-contrast=\"auto\"><span class=\"NormalTextRun ContextualSpellingAndGrammarErrorV2Themed SCXW120011603 BCX0\">O cultivo de milho ver\u00e3o<\/span><span class=\"NormalTextRun SCXW120011603 BCX0\"> do ciclo 2023\/24 alcan\u00e7ava no s\u00e1bado passado 97,3% da \u00e1rea estimada para o Brasil, <\/span><span class=\"NormalTextRun SCXW120011603 BCX0\">1,5 ponto<\/span> <span class=\"NormalTextRun SCXW120011603 BCX0\">percentual<\/span><span class=\"NormalTextRun SCXW120011603 BCX0\"> atr\u00e1s do reportado no per\u00edodo equivalente da temporada anterior.<\/span> <span class=\"NormalTextRun SCXW120011603 BCX0\">Os trabalhos avan\u00e7aram <\/span><span class=\"NormalTextRun SCXW120011603 BCX0\">2<\/span><span class=\"NormalTextRun SCXW120011603 BCX0\"> pontos <\/span><span class=\"NormalTextRun SCXW120011603 BCX0\">percentuais<\/span><span class=\"NormalTextRun SCXW120011603 BCX0\"> ante a \u00faltima semana<\/span><span class=\"NormalTextRun SCXW120011603 BCX0\">.<\/span><span class=\"NormalTextRun SCXW120011603 BCX0\"> Nos Estados ainda em fase de plantio, a semeadura est\u00e1 mais avan\u00e7ada no Rio Grande do Sul (99%).<\/span><\/span><span class=\"LineBreakBlob BlobObject DragDrop SCXW120011603 BCX0\"><span class=\"SCXW120011603 BCX0\">\u00a0<\/span><br class=\"SCXW120011603 BCX0\"\/><\/span><span class=\"LineBreakBlob BlobObject DragDrop SCXW120011603 BCX0\"><span class=\"SCXW120011603 BCX0\">\u00a0<\/span><br class=\"SCXW120011603 BCX0\"\/><\/span><span class=\"TextRun SCXW120011603 BCX0\" lang=\"PT-BR\" xml:lang=\"PT-BR\" data-contrast=\"auto\"><span class=\"NormalTextRun SCXW120011603 BCX0\">A colheita da primeira safra de milho alcan\u00e7ou 18,6% da \u00e1rea plantada no Pa\u00eds, avan\u00e7o de 4,8 pontos <\/span><span class=\"NormalTextRun SCXW120011603 BCX0\">percentuais<\/span><span class=\"NormalTextRun SCXW120011603 BCX0\"> na semana e de 7,6 pontos <\/span><span class=\"NormalTextRun SCXW120011603 BCX0\">percentuais<\/span><span class=\"NormalTextRun SCXW120011603 BCX0\"> entre as temporadas.<\/span> <span class=\"NormalTextRun SCXW120011603 BCX0\">Rio Grande do Sul, Santa Catarina, Paran\u00e1 e S\u00e3o Paulo come\u00e7aram a retirada do cereal do campo, com, respectivamente, 52%, 28%, 36% e 11% da \u00e1rea colhida.<\/span><\/span><span class=\"LineBreakBlob BlobObject DragDrop SCXW120011603 BCX0\"><span class=\"SCXW120011603 BCX0\">\u00a0<\/span><br class=\"SCXW120011603 BCX0\"\/><\/span><span class=\"LineBreakBlob BlobObject DragDrop SCXW120011603 BCX0\"><span class=\"SCXW120011603 BCX0\">\u00a0<\/span><br class=\"SCXW120011603 BCX0\"\/><\/span><span class=\"TextRun SCXW120011603 BCX0\" lang=\"PT-BR\" xml:lang=\"PT-BR\" data-contrast=\"auto\"><span class=\"NormalTextRun SCXW120011603 BCX0\">A Conab inform<\/span><span class=\"NormalTextRun SCXW120011603 BCX0\">a<\/span><span class=\"NormalTextRun SCXW120011603 BCX0\">, ainda, que o plantio da segunda safra 2023\/24 de milho atingia 31,5% da \u00e1rea prevista no s\u00e1bado, avan\u00e7o de 11,7 pontos <\/span><span class=\"NormalTextRun SCXW120011603 BCX0\">percentuais<\/span><span class=\"NormalTextRun SCXW120011603 BCX0\"> na semana e 11,1 pontos <\/span><span class=\"NormalTextRun SCXW120011603 BCX0\">percentuais<\/span><span class=\"NormalTextRun SCXW120011603 BCX0\"> \u00e0 frente de igual per\u00edodo da temporada anterior. Mato Grosso (48,3%) e Paran\u00e1 (32%) lideram o plantio das lavouras de inverno do cereal.<\/span><\/span><span class=\"LineBreakBlob BlobObject DragDrop SCXW120011603 BCX0\"><span class=\"SCXW120011603 BCX0\">\u00a0<\/span><br class=\"SCXW120011603 BCX0\"\/><\/span><span class=\"LineBreakBlob BlobObject DragDrop SCXW120011603 BCX0\"><span class=\"SCXW120011603 BCX0\">\u00a0<\/span><br class=\"SCXW120011603 BCX0\"\/><\/span><span class=\"TextRun SCXW120011603 BCX0\" lang=\"PT-BR\" xml:lang=\"PT-BR\" data-contrast=\"auto\"><span class=\"NormalTextRun SCXW120011603 BCX0\">Algod\u00e3o<\/span><span class=\"NormalTextRun SCXW120011603 BCX0\"> \u2013 <\/span><\/span><span class=\"TextRun SCXW120011603 BCX0\" lang=\"PT-BR\" xml:lang=\"PT-BR\" data-contrast=\"auto\"><span class=\"NormalTextRun SCXW120011603 BCX0\">A safra de algod\u00e3o 2023\/24 teve 95,37% da \u00e1rea prevista semeada, avan\u00e7o de 6,6 pontos <\/span><span class=\"NormalTextRun SCXW120011603 BCX0\">percentuais<\/span><span class=\"NormalTextRun SCXW120011603 BCX0\"> na semana e de <\/span><span class=\"NormalTextRun SCXW120011603 BCX0\">3<\/span><span class=\"NormalTextRun SCXW120011603 BCX0\"> pontos <\/span><span class=\"NormalTextRun SCXW120011603 BCX0\">percentuais<\/span><span class=\"NormalTextRun SCXW120011603 BCX0\"> entre as safras.<\/span> <span class=\"NormalTextRun SCXW120011603 BCX0\">Entre os Estados que ainda cultivam a pluma, os trabalhos de campo <\/span><span class=\"NormalTextRun SCXW120011603 BCX0\">est\u00e3o mais avan\u00e7ados em Mato Grosso (98,4%) e mais lentos na Bahia, com 83,3% das lavouras implantadas.<\/span><\/span><span class=\"LineBreakBlob BlobObject DragDrop SCXW120011603 BCX0\"><span class=\"SCXW120011603 BCX0\">\u00a0<\/span><br class=\"SCXW120011603 BCX0\"\/><\/span><span class=\"LineBreakBlob BlobObject DragDrop SCXW120011603 BCX0\"><span class=\"SCXW120011603 BCX0\">\u00a0<\/span><br class=\"SCXW120011603 BCX0\"\/><\/span><span class=\"TextRun SCXW120011603 BCX0\" lang=\"PT-BR\" xml:lang=\"PT-BR\" data-contrast=\"auto\"><span class=\"NormalTextRun SCXW120011603 BCX0\">Feij\u00e3o<\/span><span class=\"NormalTextRun SCXW120011603 BCX0\"> \u2013 <\/span><\/span><span class=\"TextRun SCXW120011603 BCX0\" lang=\"PT-BR\" xml:lang=\"PT-BR\" data-contrast=\"auto\"><span class=\"NormalTextRun SCXW120011603 BCX0\">A Conab informou tamb\u00e9m que o plantio das lavouras de feij\u00e3o da safra 2023\/24 alcan\u00e7ou 93,8% da \u00e1rea, avan\u00e7o de 3,3 pontos <\/span><span class=\"NormalTextRun SCXW120011603 BCX0\">percentuais<\/span><span class=\"NormalTextRun SCXW120011603 BCX0\"> na semana, mas atraso de 6,2 pontos <\/span><span class=\"NormalTextRun SCXW120011603 BCX0\">percentuais<\/span><span class=\"NormalTextRun SCXW120011603 BCX0\"> ante igual per\u00edodo do ano passado, quando a semeadura j\u00e1 estava conclu\u00edda.<\/span><\/span><span class=\"LineBreakBlob BlobObject DragDrop SCXW120011603 BCX0\"><span class=\"SCXW120011603 BCX0\">\u00a0<\/span><br class=\"SCXW120011603 BCX0\"\/><\/span><span class=\"LineBreakBlob BlobObject DragDrop SCXW120011603 BCX0\"><span class=\"SCXW120011603 BCX0\">\u00a0<\/span><br class=\"SCXW120011603 BCX0\"\/><\/span><span class=\"TextRun SCXW120011603 BCX0\" lang=\"PT-BR\" xml:lang=\"PT-BR\" data-contrast=\"auto\"><span class=\"NormalTextRun SCXW120011603 BCX0\">Piau\u00ed (74%) ainda planta as lavouras do gr\u00e3o, enquanto a colheita de feij\u00e3o 2023\/24 alcan\u00e7ou 34,3% da \u00e1rea semeada no Pa\u00eds, 5,4 pontos <\/span><span class=\"NormalTextRun SCXW120011603 BCX0\">percentuais<\/span><span class=\"NormalTextRun SCXW120011603 BCX0\"> mais que h\u00e1 uma semana e 11,2 pontos <\/span><span class=\"NormalTextRun SCXW120011603 BCX0\">percentuais<\/span><span class=\"NormalTextRun SCXW120011603 BCX0\"> atr\u00e1s de igual per\u00edodo da temporada passada.<\/span><\/span><span class=\"LineBreakBlob BlobObject DragDrop SCXW120011603 BCX0\"><span class=\"SCXW120011603 BCX0\">\u00a0<\/span><br class=\"SCXW120011603 BCX0\"\/><\/span><span class=\"LineBreakBlob BlobObject DragDrop SCXW120011603 BCX0\"><span class=\"SCXW120011603 BCX0\">\u00a0<\/span><br class=\"SCXW120011603 BCX0\"\/><\/span><span class=\"TextRun SCXW120011603 BCX0\" lang=\"PT-BR\" xml:lang=\"PT-BR\" data-contrast=\"auto\"><span class=\"NormalTextRun SCXW120011603 BCX0\">Arroz<\/span><span class=\"NormalTextRun SCXW120011603 BCX0\"> \u2013 <\/span><\/span><span class=\"TextRun SCXW120011603 BCX0\" lang=\"PT-BR\" xml:lang=\"PT-BR\" data-contrast=\"auto\"><span class=\"NormalTextRun SCXW120011603 BCX0\">A semeadura das lavouras de arroz 2023\/24 est\u00e1 <\/span><span class=\"NormalTextRun SCXW120011603 BCX0\">0,5 ponto<\/span> <span class=\"NormalTextRun SCXW120011603 BCX0\">percentual<\/span><span class=\"NormalTextRun SCXW120011603 BCX0\"> atrasada na compara\u00e7\u00e3o entre as safras, alcan\u00e7ando 99,3% da \u00e1rea prevista no Pa\u00eds. Na semana, houve avan\u00e7o de <\/span><span class=\"NormalTextRun SCXW120011603 BCX0\">0,6 ponto<\/span> <span class=\"NormalTextRun SCXW120011603 BCX0\">percentual, segundo os dados da Conab<\/span><span class=\"NormalTextRun SCXW120011603 BCX0\">.<\/span> <\/span><span class=\"LineBreakBlob BlobObject DragDrop SCXW120011603 BCX0\"><span class=\"SCXW120011603 BCX0\">\u00a0<\/span><br class=\"SCXW120011603 BCX0\"\/><\/span><span class=\"LineBreakBlob BlobObject DragDrop SCXW120011603 BCX0\"><span class=\"SCXW120011603 BCX0\">\u00a0<\/span><br class=\"SCXW120011603 BCX0\"\/><\/span><span class=\"TextRun SCXW120011603 BCX0\" lang=\"PT-BR\" xml:lang=\"PT-BR\" data-contrast=\"auto\"><span class=\"NormalTextRun SCXW120011603 BCX0\">As lavouras de arroz tamb\u00e9m come\u00e7aram a ser colhidas no Brasil, com 4% da \u00e1rea retirada, avan\u00e7o de <\/span><span class=\"NormalTextRun SCXW120011603 BCX0\">1,3 ponto<\/span> <span class=\"NormalTextRun SCXW120011603 BCX0\">percentual<\/span><span class=\"NormalTextRun SCXW120011603 BCX0\"> em uma semana e de 2,2 pontos <\/span><span class=\"NormalTextRun SCXW120011603 BCX0\">percentuais<\/span><span class=\"NormalTextRun SCXW120011603 BCX0\"> na compara\u00e7\u00e3o entre as safras<\/span> <span class=\"NormalTextRun SCXW120011603 BCX0\">Santa Catarina (27%) e Goi\u00e1s (12%) s\u00e3o os Estados mais avan\u00e7ados na retirada do cereal do campo.<\/span><\/span><span class=\"LineBreakBlob BlobObject DragDrop SCXW120011603 BCX0\"><span class=\"SCXW120011603 BCX0\">\u00a0<\/span><br class=\"SCXW120011603 BCX0\"\/><\/span><span class=\"LineBreakBlob BlobObject DragDrop SCXW120011603 BCX0\"><span class=\"SCXW120011603 BCX0\">\u00a0<\/span><br class=\"SCXW120011603 BCX0\"\/><\/span><\/p>\n<\/div>\n<p><script async src=\"\/\/platform.twitter.com\/widgets.js\" charset=\"utf-8\"><\/script><br \/>\n<br \/><br \/>\n<br \/><a href=\"https:\/\/www.tribunaribeirao.com.br\/site\/colheita-de-soja-atinge-209-da-area-no-brasil\/\">Source link <\/a><\/p>\n<!-- CONTENT END 1 -->\n","protected":false},"excerpt":{"rendered":"<p>15 de fevereiro de 2024 | 16:0014 de fevereiro de 2024 | 21:08 0 A colheita da safra brasileira de soja 2023\/24 atingia 20,9% da&#8230;<\/p>\n","protected":false},"author":1,"featured_media":37419,"comment_status":"open","ping_status":"open","sticky":false,"template":"","format":"standard","meta":{"advanced_seo_description":"","jetpack_seo_html_title":"","jetpack_seo_noindex":false,"jetpack_post_was_ever_published":false,"_jetpack_newsletter_access":"","_jetpack_dont_email_post_to_subs":false,"_jetpack_newsletter_tier_id":0,"_jetpack_memberships_contains_paywalled_content":false,"_jetpack_memberships_contains_paid_content":false,"footnotes":"","jetpack_publicize_message":"","jetpack_publicize_feature_enabled":true,"jetpack_social_post_already_shared":true,"jetpack_social_options":{"image_generator_settings":{"template":"highway","default_image_id":0,"font":"","enabled":false},"version":2}},"categories":[11],"tags":[541,66,137,4289,4290],"class_list":["post-37418","post","type-post","status-publish","format-standard","has-post-thumbnail","hentry","category-noticias-de-ribeirao-preto-sp-e-regiao-ismael-colosi","tag-area","tag-atinge","tag-brasil","tag-colheita","tag-soja"],"jetpack_publicize_connections":[],"jetpack_featured_media_url":"https:\/\/i0.wp.com\/noticiasribeiraopreto.com.br\/wp-content\/uploads\/2024\/02\/Safra-Wenderson-Araujo-Trilux-CNA-scaled.jpg?fit=1000%2C598&ssl=1","jetpack-related-posts":[{"id":27349,"url":"https:\/\/noticiasribeiraopreto.com.br\/index.php\/2024\/01\/12\/producao-agricola-deve-recuar\/","url_meta":{"origin":37418,"position":0},"title":"Produ\u00e7\u00e3o agr\u00edcola deve recuar \u00a0","author":"noticiasribeiraopreto.com.br","date":"12 de January de 2024","format":false,"excerpt":"A Companhia Nacional de Abastecimento e o Instituto Brasileiro de Geografia e Estat\u00edstica divulgaram nesta quarta-feira, 10 de janeiro, suas proje\u00e7\u00f5es para a safra de gr\u00e3os 2023\/24. Segundo a Conab, os produtores brasileiros dever\u00e3o colher 306,37 milh\u00f5es de toneladas, o que corresponde a uma queda de 4,2%, ou 13,5 milh\u00f5es\u2026","rel":"","context":"In &quot;Not\u00edcias de Ribeir\u00e3o Preto-SP e Regi\u00e3o&quot;","block_context":{"text":"Not\u00edcias de Ribeir\u00e3o Preto-SP e Regi\u00e3o","link":"https:\/\/noticiasribeiraopreto.com.br\/index.php\/category\/noticias-de-ribeirao-preto-sp-e-regiao-ismael-colosi\/"},"img":{"alt_text":"","src":"https:\/\/i0.wp.com\/noticiasribeiraopreto.com.br\/wp-content\/uploads\/2024\/01\/Safra-Wenderson-Araujo-Trilux-CNA-scaled.jpg?fit=1000%2C591&ssl=1&resize=350%2C200","width":350,"height":200,"srcset":"https:\/\/i0.wp.com\/noticiasribeiraopreto.com.br\/wp-content\/uploads\/2024\/01\/Safra-Wenderson-Araujo-Trilux-CNA-scaled.jpg?fit=1000%2C591&ssl=1&resize=350%2C200 1x, https:\/\/i0.wp.com\/noticiasribeiraopreto.com.br\/wp-content\/uploads\/2024\/01\/Safra-Wenderson-Araujo-Trilux-CNA-scaled.jpg?fit=1000%2C591&ssl=1&resize=525%2C300 1.5x, https:\/\/i0.wp.com\/noticiasribeiraopreto.com.br\/wp-content\/uploads\/2024\/01\/Safra-Wenderson-Araujo-Trilux-CNA-scaled.jpg?fit=1000%2C591&ssl=1&resize=700%2C400 2x"},"classes":[]},{"id":24425,"url":"https:\/\/noticiasribeiraopreto.com.br\/index.php\/2024\/01\/04\/incendio-na-slc-agricola-slce3-fogo-atinge-fazenda-de-algodao-e-soja-na-bahia-acao-cai-na-b3\/","url_meta":{"origin":37418,"position":1},"title":"Inc\u00eandio na SLC Agr\u00edcola (SLCE3): Fogo atinge fazenda de algod\u00e3o e soja na Bahia \u2014 a\u00e7\u00e3o cai na B3","author":"noticiasribeiraopreto.com.br","date":"4 de January de 2024","format":false,"excerpt":"Se o calor causado pelo El Nin\u00f5 nos \u00faltimos meses de 2023 impactou a produ\u00e7\u00e3o da SLC Agr\u00edcola (SLCE3), o ano de 2024 chegou para esquentar ainda mais a situa\u00e7\u00e3o da companhia. A empresa anunciou na manh\u00e3 desta quinta-feira (4) que, na \u00faltima ter\u00e7a-feira, a fazenda Panorama foi impactada por\u2026","rel":"","context":"In &quot;Dinheiro e Investimento&quot;","block_context":{"text":"Dinheiro e Investimento","link":"https:\/\/noticiasribeiraopreto.com.br\/index.php\/category\/dinheiro-e-investimento-como-fazer-como-ganhar\/"},"img":{"alt_text":"","src":"https:\/\/i0.wp.com\/noticiasribeiraopreto.com.br\/wp-content\/uploads\/2024\/01\/SLC-Agricola-Divulgacao-1-628x353.png?fit=628%2C353&ssl=1&resize=350%2C200","width":350,"height":200,"srcset":"https:\/\/i0.wp.com\/noticiasribeiraopreto.com.br\/wp-content\/uploads\/2024\/01\/SLC-Agricola-Divulgacao-1-628x353.png?fit=628%2C353&ssl=1&resize=350%2C200 1x, https:\/\/i0.wp.com\/noticiasribeiraopreto.com.br\/wp-content\/uploads\/2024\/01\/SLC-Agricola-Divulgacao-1-628x353.png?fit=628%2C353&ssl=1&resize=525%2C300 1.5x"},"classes":[]},{"id":15663,"url":"https:\/\/noticiasribeiraopreto.com.br\/index.php\/2023\/12\/14\/vinicola-em-sao-roque-sp-celebra-colheita-da-uva-com-festa\/","url_meta":{"origin":37418,"position":2},"title":"Vin\u00edcola em S\u00e3o Roque (SP) celebra colheita da uva com festa","author":"noticiasribeiraopreto.com.br","date":"14 de December de 2023","format":false,"excerpt":"Procurando dica de passeio para fazer pertinho de S\u00e3o Paulo? A Vin\u00edcola G\u00f3es, localizada em S\u00e3o Roque (66 km da capital), promove entre os dias 20 de janeiro e 4 de fevereiro sua tradicional festa da colheita da uva. A Festa da Vindima \u00e9 uma experi\u00eancia sensorial completa, que oferece\u2026","rel":"","context":"In &quot;Variedades&quot;","block_context":{"text":"Variedades","link":"https:\/\/noticiasribeiraopreto.com.br\/index.php\/category\/variedades\/"},"img":{"alt_text":"","src":"https:\/\/i0.wp.com\/noticiasribeiraopreto.com.br\/wp-content\/uploads\/2023\/12\/vindima31.jpg?fit=1200%2C638&ssl=1&resize=350%2C200","width":350,"height":200,"srcset":"https:\/\/i0.wp.com\/noticiasribeiraopreto.com.br\/wp-content\/uploads\/2023\/12\/vindima31.jpg?fit=1200%2C638&ssl=1&resize=350%2C200 1x, https:\/\/i0.wp.com\/noticiasribeiraopreto.com.br\/wp-content\/uploads\/2023\/12\/vindima31.jpg?fit=1200%2C638&ssl=1&resize=525%2C300 1.5x, https:\/\/i0.wp.com\/noticiasribeiraopreto.com.br\/wp-content\/uploads\/2023\/12\/vindima31.jpg?fit=1200%2C638&ssl=1&resize=700%2C400 2x, https:\/\/i0.wp.com\/noticiasribeiraopreto.com.br\/wp-content\/uploads\/2023\/12\/vindima31.jpg?fit=1200%2C638&ssl=1&resize=1050%2C600 3x"},"classes":[]},{"id":42592,"url":"https:\/\/noticiasribeiraopreto.com.br\/index.php\/2024\/03\/15\/preco-do-arroz-deve-cair-20\/","url_meta":{"origin":37418,"position":3},"title":"Pre\u00e7o do arroz deve cair 20%","author":"noticiasribeiraopreto.com.br","date":"15 de March de 2024","format":false,"excerpt":"15 de mar\u00e7o de 2024 | 14:0015 de mar\u00e7o de 2024 | 9:28 0O governo federal espera uma queda em torno de 20% no pre\u00e7o do arroz nas pr\u00f3ximas semanas. Nesta quinta-feira, 14 de mar\u00e7o, o presidente Luiz In\u00e1cio Lula da Silva participou de reuni\u00e3o com ministros para tratar da\u2026","rel":"","context":"In &quot;Not\u00edcias de Ribeir\u00e3o Preto-SP e Regi\u00e3o&quot;","block_context":{"text":"Not\u00edcias de Ribeir\u00e3o Preto-SP e Regi\u00e3o","link":"https:\/\/noticiasribeiraopreto.com.br\/index.php\/category\/noticias-de-ribeirao-preto-sp-e-regiao-ismael-colosi\/"},"img":{"alt_text":"","src":"https:\/\/i0.wp.com\/noticiasribeiraopreto.com.br\/wp-content\/uploads\/2024\/03\/Rango-Detalhe-Miracle-Stock-Shutterstock-scaled.jpg?fit=1000%2C605&ssl=1&resize=350%2C200","width":350,"height":200,"srcset":"https:\/\/i0.wp.com\/noticiasribeiraopreto.com.br\/wp-content\/uploads\/2024\/03\/Rango-Detalhe-Miracle-Stock-Shutterstock-scaled.jpg?fit=1000%2C605&ssl=1&resize=350%2C200 1x, https:\/\/i0.wp.com\/noticiasribeiraopreto.com.br\/wp-content\/uploads\/2024\/03\/Rango-Detalhe-Miracle-Stock-Shutterstock-scaled.jpg?fit=1000%2C605&ssl=1&resize=525%2C300 1.5x, https:\/\/i0.wp.com\/noticiasribeiraopreto.com.br\/wp-content\/uploads\/2024\/03\/Rango-Detalhe-Miracle-Stock-Shutterstock-scaled.jpg?fit=1000%2C605&ssl=1&resize=700%2C400 2x"},"classes":[]},{"id":38965,"url":"https:\/\/noticiasribeiraopreto.com.br\/index.php\/2024\/02\/22\/clima-impulsiona-inflacao-em-ribeirao-veja-regiao-com-cesta-basica-mais-cara\/","url_meta":{"origin":37418,"position":4},"title":"Clima impulsiona infla\u00e7\u00e3o em Ribeir\u00e3o; Veja regi\u00e3o com cesta b\u00e1sica mais cara","author":"noticiasribeiraopreto.com.br","date":"22 de February de 2024","format":false,"excerpt":"Pela quinta vez consecutiva, o valor dos alimentos subiu em Ribeir\u00e3o Preto e apresentou infla\u00e7\u00e3o de 3,95% em fevereiro, na compara\u00e7\u00e3o com janeiro de 2024. O impacto do clima segue afetando o pre\u00e7o final da cesta b\u00e1sica da cidade. De acordo com o levantamento da Associa\u00e7\u00e3o Comercial e Industrial de\u2026","rel":"","context":"In &quot;Not\u00edcias de Ribeir\u00e3o Preto-SP e Regi\u00e3o&quot;","block_context":{"text":"Not\u00edcias de Ribeir\u00e3o Preto-SP e Regi\u00e3o","link":"https:\/\/noticiasribeiraopreto.com.br\/index.php\/category\/noticias-de-ribeirao-preto-sp-e-regiao-ismael-colosi\/"},"img":{"alt_text":"","src":"https:\/\/i0.wp.com\/noticiasribeiraopreto.com.br\/wp-content\/uploads\/2024\/02\/inflacao_alimentos_1024x576_09022021133744.jpg?fit=1024%2C576&ssl=1&resize=350%2C200","width":350,"height":200,"srcset":"https:\/\/i0.wp.com\/noticiasribeiraopreto.com.br\/wp-content\/uploads\/2024\/02\/inflacao_alimentos_1024x576_09022021133744.jpg?fit=1024%2C576&ssl=1&resize=350%2C200 1x, https:\/\/i0.wp.com\/noticiasribeiraopreto.com.br\/wp-content\/uploads\/2024\/02\/inflacao_alimentos_1024x576_09022021133744.jpg?fit=1024%2C576&ssl=1&resize=525%2C300 1.5x, https:\/\/i0.wp.com\/noticiasribeiraopreto.com.br\/wp-content\/uploads\/2024\/02\/inflacao_alimentos_1024x576_09022021133744.jpg?fit=1024%2C576&ssl=1&resize=700%2C400 2x"},"classes":[]},{"id":38967,"url":"https:\/\/noticiasribeiraopreto.com.br\/index.php\/2024\/02\/22\/cesta-basica-mais-cara-veja-qual-o-motivo-da-inflacao-em-ribeirao-preto\/","url_meta":{"origin":37418,"position":5},"title":"Cesta b\u00e1sica mais cara: Veja qual o motivo da infla\u00e7\u00e3o em Ribeir\u00e3o Preto","author":"noticiasribeiraopreto.com.br","date":"22 de February de 2024","format":false,"excerpt":"Pela quinta vez consecutiva, o valor dos alimentos subiu em Ribeir\u00e3o Preto e apresentou infla\u00e7\u00e3o de 3,95% em fevereiro, na compara\u00e7\u00e3o com janeiro de 2024. O impacto do clima segue afetando o pre\u00e7o final da cesta b\u00e1sica da cidade. De acordo com o levantamento da Associa\u00e7\u00e3o Comercial e Industrial de\u2026","rel":"","context":"In &quot;Not\u00edcias de Ribeir\u00e3o Preto-SP e Regi\u00e3o&quot;","block_context":{"text":"Not\u00edcias de Ribeir\u00e3o Preto-SP e Regi\u00e3o","link":"https:\/\/noticiasribeiraopreto.com.br\/index.php\/category\/noticias-de-ribeirao-preto-sp-e-regiao-ismael-colosi\/"},"img":{"alt_text":"","src":"https:\/\/i0.wp.com\/noticiasribeiraopreto.com.br\/wp-content\/uploads\/2024\/02\/1708627724_inflacao_alimentos_1024x576_09022021133744.jpg?fit=1024%2C576&ssl=1&resize=350%2C200","width":350,"height":200,"srcset":"https:\/\/i0.wp.com\/noticiasribeiraopreto.com.br\/wp-content\/uploads\/2024\/02\/1708627724_inflacao_alimentos_1024x576_09022021133744.jpg?fit=1024%2C576&ssl=1&resize=350%2C200 1x, https:\/\/i0.wp.com\/noticiasribeiraopreto.com.br\/wp-content\/uploads\/2024\/02\/1708627724_inflacao_alimentos_1024x576_09022021133744.jpg?fit=1024%2C576&ssl=1&resize=525%2C300 1.5x, https:\/\/i0.wp.com\/noticiasribeiraopreto.com.br\/wp-content\/uploads\/2024\/02\/1708627724_inflacao_alimentos_1024x576_09022021133744.jpg?fit=1024%2C576&ssl=1&resize=700%2C400 2x"},"classes":[]}],"jetpack_sharing_enabled":true,"jetpack_shortlink":"https:\/\/wp.me\/peQAOb-9Jw","_links":{"self":[{"href":"https:\/\/noticiasribeiraopreto.com.br\/index.php\/wp-json\/wp\/v2\/posts\/37418","targetHints":{"allow":["GET"]}}],"collection":[{"href":"https:\/\/noticiasribeiraopreto.com.br\/index.php\/wp-json\/wp\/v2\/posts"}],"about":[{"href":"https:\/\/noticiasribeiraopreto.com.br\/index.php\/wp-json\/wp\/v2\/types\/post"}],"author":[{"embeddable":true,"href":"https:\/\/noticiasribeiraopreto.com.br\/index.php\/wp-json\/wp\/v2\/users\/1"}],"replies":[{"embeddable":true,"href":"https:\/\/noticiasribeiraopreto.com.br\/index.php\/wp-json\/wp\/v2\/comments?post=37418"}],"version-history":[{"count":0,"href":"https:\/\/noticiasribeiraopreto.com.br\/index.php\/wp-json\/wp\/v2\/posts\/37418\/revisions"}],"wp:featuredmedia":[{"embeddable":true,"href":"https:\/\/noticiasribeiraopreto.com.br\/index.php\/wp-json\/wp\/v2\/media\/37419"}],"wp:attachment":[{"href":"https:\/\/noticiasribeiraopreto.com.br\/index.php\/wp-json\/wp\/v2\/media?parent=37418"}],"wp:term":[{"taxonomy":"category","embeddable":true,"href":"https:\/\/noticiasribeiraopreto.com.br\/index.php\/wp-json\/wp\/v2\/categories?post=37418"},{"taxonomy":"post_tag","embeddable":true,"href":"https:\/\/noticiasribeiraopreto.com.br\/index.php\/wp-json\/wp\/v2\/tags?post=37418"}],"curies":[{"name":"wp","href":"https:\/\/api.w.org\/{rel}","templated":true}]}}