{"id":37422,"date":"2024-02-16T01:53:48","date_gmt":"2024-02-16T04:53:48","guid":{"rendered":"https:\/\/noticiasribeiraopreto.com.br\/index.php\/2024\/02\/16\/univesp-oferece-54-vagas-para-cursos-de-licenciatura-computacao-negocios-e-producao\/"},"modified":"2024-02-16T01:53:48","modified_gmt":"2024-02-16T04:53:48","slug":"univesp-oferece-54-vagas-para-cursos-de-licenciatura-computacao-negocios-e-producao","status":"publish","type":"post","link":"https:\/\/noticiasribeiraopreto.com.br\/index.php\/2024\/02\/16\/univesp-oferece-54-vagas-para-cursos-de-licenciatura-computacao-negocios-e-producao\/","title":{"rendered":"Univesp oferece 54 vagas para cursos de licenciatura, computa\u00e7\u00e3o, neg\u00f3cios e produ\u00e7\u00e3o"},"content":{"rendered":"<div class='code-block code-block-1' style='margin: 8px 0 8px auto; text-align: right; display: block; clear: both;'>\n<p><a href=\"https:\/\/wa.link\/vpicfd\"><img data-recalc-dims=\"1\" class=\"wp-image-4922\" style=\"aspect-ratio: 2.0253164556962027; width: 561px; height: auto;\" src=\"https:\/\/i0.wp.com\/ismaelcolosi.com.br\/wp-content\/uploads\/2023\/11\/grupo-de-empregos-whatsapp-e-facebook-ismael-colosi-vagas.jpg?ssl=1\" alt=\"\" \/><\/a><\/p>\n<!-- \/wp:image -->\n<\/div>\n<p> <br \/>\n<\/p>\n<div id=\"\">\n<p> <span class=\"entry-meta-item penci-posted-on\"><i class=\"fa fa-clock-o\"\/><time class=\"entry-date published updated\" datetime=\"2024-02-15T15:45:48-03:00\">15 de fevereiro de 2024 | 15:45<\/time><\/span><\/p>\n<p> <span class=\"penci-social-buttons penci-social-share-footer\"><a href=\"#\" class=\"penci-post-like penci_post-meta_item  single-like-button penci-social-item like\" data-post_id=\"373793\" title=\"Like\" data-like=\"Like\" data-unlike=\"Unlike\"><i class=\"fa fa-thumbs-o-up\"\/><span class=\"penci-share-number\">0<\/span><\/a><i class=\"fa fa-facebook\"\/><a class=\"penci-social-item twitter\" target=\"_blank\" rel=\"noopener\" title=\"\" href=\"https:\/\/twitter.com\/intent\/tweet?text=Univesp%20oferece%2054%20vagas%20para%20cursos%20de%20licenciatura,%20computa\u00e7\u00e3o,%20neg\u00f3cios%20e%20produ\u00e7\u00e3o%20-%20https:\/\/www.tribunaribeirao.com.br\/site\/univesp-oferece-54-vagas-para-cursos-de-licenciatura-computacao-negocios-e-producao\/\"><i class=\"fa fa-twitter\"\/><\/a><i class=\"fa fa-whatsapp\"\/><\/span><\/div>\n<div>\n<p>Desde o dia 06 de fevereiro, estar\u00e3o abertas inscri\u00e7\u00f5es para os cursos gratuitos de Pedagogia, Letras e Matem\u00e1tica (Eixo de Licenciatura), Ci\u00eancia de Dados, Tecnologia da Informa\u00e7\u00e3o e Engenharia de Computa\u00e7\u00e3o (Eixo de Computa\u00e7\u00e3o), Engenharia de Produ\u00e7\u00e3o, Administra\u00e7\u00e3o e Tecnologia em Processos Gerenciais (Eixo de Neg\u00f3cios e Produ\u00e7\u00e3o) oferecidos pela Universidade Virtual de S\u00e3o Paulo (Univesp).<\/p>\n<p>Somente para Ribeir\u00e3o Preto, ser\u00e3o 54 vagas dispon\u00edveis com inscri\u00e7\u00f5es no\u00a0<u><a href=\"http:\/\/www.vestibular.univesp.br\/\">site<\/a><\/u>\u00a0at\u00e9 o dia 08 de abril. A prova (objetiva e reda\u00e7\u00e3o) ocorrer\u00e1 no dia 26\/05, \u00e0s 13h, e os locais oficiais ser\u00e3o divulgados no dia 21\/05, a partir das 15h. O in\u00edcio das aulas est\u00e1 previsto para o final de julho de 2024. O custo da inscri\u00e7\u00e3o \u00e9 de R$ 52,00. Para participar, n\u00e3o h\u00e1 limite de idade, basta ter conclu\u00eddo o ensino m\u00e9dio ou com o t\u00e9rmino previsto at\u00e9 o per\u00edodo da matr\u00edcula. No preenchimento da ficha de inscri\u00e7\u00e3o, os candidatos devem cumprir todas as etapas previstas, responder o question\u00e1rio socioecon\u00f4mico, indicar o CPF e seus dados pessoais.<\/p>\n<p>A Funda\u00e7\u00e3o de Forma\u00e7\u00e3o Tecnol\u00f3gica de Ribeir\u00e3o Preto (Funtec), institui\u00e7\u00e3o ligada \u00e0 Prefeitura Municipal, \u00e9 o polo de apoio da Univesp na cidade para a realiza\u00e7\u00e3o das provas de sele\u00e7\u00e3o dos interessados, com infraestrutura adequada (computadores, impressoras e acesso \u00e0 internet) para os alunos realizarem atividades acad\u00eamicas e discuss\u00f5es em grupo. No local, tamb\u00e9m podem ser solicitados servi\u00e7os de secretaria acad\u00eamica e o esclarecimento de d\u00favidas.<\/p>\n<p>Os cursos, totalmente gratuitos, s\u00e3o realizados em Ambiente Virtual de Aprendizagem (AVA), plataforma on-line onde os estudantes desenvolvem atividades acad\u00eamicas que incluem assistir a videoaulas, acessar material did\u00e1tico, bibliotecas digitais e tirar d\u00favidas do conte\u00fado com tutores e facilitadores.<\/p>\n<p>Saiba mais sobre os\u00a0<a href=\"http:\/\/https\/\/univesp.br\">cursos no\u00a0site<\/a>.<\/p>\n<\/div>\n<p><script async src=\"\/\/platform.twitter.com\/widgets.js\" charset=\"utf-8\"><\/script><br \/>\n<br \/><br \/>\n<br \/><a href=\"https:\/\/www.tribunaribeirao.com.br\/site\/univesp-oferece-54-vagas-para-cursos-de-licenciatura-computacao-negocios-e-producao\/\">Source link <\/a><\/p>\n<!-- CONTENT END 1 -->\n","protected":false},"excerpt":{"rendered":"<p>15 de fevereiro de 2024 | 15:45 0 Desde o dia 06 de fevereiro, estar\u00e3o abertas inscri\u00e7\u00f5es para os cursos gratuitos de Pedagogia, Letras e&#8230;<\/p>\n","protected":false},"author":1,"featured_media":37423,"comment_status":"open","ping_status":"open","sticky":false,"template":"","format":"standard","meta":{"advanced_seo_description":"","jetpack_seo_html_title":"","jetpack_seo_noindex":false,"jetpack_post_was_ever_published":false,"_jetpack_newsletter_access":"","_jetpack_dont_email_post_to_subs":false,"_jetpack_newsletter_tier_id":0,"_jetpack_memberships_contains_paywalled_content":false,"_jetpack_memberships_contains_paid_content":false,"footnotes":"","jetpack_publicize_message":"","jetpack_publicize_feature_enabled":true,"jetpack_social_post_already_shared":true,"jetpack_social_options":{"image_generator_settings":{"template":"highway","default_image_id":0,"font":"","enabled":false},"version":2}},"categories":[11],"tags":[4293,213,4292,1705,548,71,1312,4291,143],"class_list":["post-37422","post","type-post","status-publish","format-standard","has-post-thumbnail","hentry","category-noticias-de-ribeirao-preto-sp-e-regiao-ismael-colosi","tag-computacao","tag-cursos","tag-licenciatura","tag-negocios","tag-oferece","tag-para","tag-producao","tag-univesp","tag-vagas"],"jetpack_publicize_connections":[],"jetpack_featured_media_url":"https:\/\/i0.wp.com\/noticiasribeiraopreto.com.br\/wp-content\/uploads\/2024\/02\/univesp1-scaled.jpg?fit=967%2C645&ssl=1","jetpack-related-posts":[{"id":68090,"url":"https:\/\/noticiasribeiraopreto.com.br\/index.php\/2025\/04\/22\/matriculas-para-fatecs-e-univesp-estao-abertas\/","url_meta":{"origin":37422,"position":0},"title":"Matr\u00edculas para Fatecs e Univesp est\u00e3o abertas","author":"noticiasribeiraopreto.com.br","date":"22 de April de 2025","format":false,"excerpt":"22 de abril de 2025 13:3022 de abril de 2025 12:168 Compartilhar0 A partir desta ter\u00e7a-feira (22), os candidatos convocados na primeira lista de chamada do Prov\u00e3o Paulista Seriado para o segundo semestre de 2025 j\u00e1 podem realizar suas matr\u00edculas nos cursos superiores gratuitos das Faculdades de Tecnologia do Estado\u2026","rel":"","context":"In &quot;Not\u00edcias de Ribeir\u00e3o Preto-SP e Regi\u00e3o&quot;","block_context":{"text":"Not\u00edcias de Ribeir\u00e3o Preto-SP e Regi\u00e3o","link":"https:\/\/noticiasribeiraopreto.com.br\/index.php\/category\/noticias-de-ribeirao-preto-sp-e-regiao-ismael-colosi\/"},"img":{"alt_text":"","src":"https:\/\/i0.wp.com\/noticiasribeiraopreto.com.br\/wp-content\/uploads\/2025\/04\/Vestibular-das-Fatecs-alunos-1024x681-1.jpeg?fit=1024%2C681&ssl=1&resize=350%2C200","width":350,"height":200,"srcset":"https:\/\/i0.wp.com\/noticiasribeiraopreto.com.br\/wp-content\/uploads\/2025\/04\/Vestibular-das-Fatecs-alunos-1024x681-1.jpeg?fit=1024%2C681&ssl=1&resize=350%2C200 1x, https:\/\/i0.wp.com\/noticiasribeiraopreto.com.br\/wp-content\/uploads\/2025\/04\/Vestibular-das-Fatecs-alunos-1024x681-1.jpeg?fit=1024%2C681&ssl=1&resize=525%2C300 1.5x, https:\/\/i0.wp.com\/noticiasribeiraopreto.com.br\/wp-content\/uploads\/2025\/04\/Vestibular-das-Fatecs-alunos-1024x681-1.jpeg?fit=1024%2C681&ssl=1&resize=700%2C400 2x"},"classes":[]},{"id":67896,"url":"https:\/\/noticiasribeiraopreto.com.br\/index.php\/2025\/04\/20\/jornal-da-franca-provao-paulista-divulga-lista-de-aprovados-nas-fatecs-e-univesp-como-se-matricular\/","url_meta":{"origin":37422,"position":1},"title":"Jornal da Franca &#8211; Prov\u00e3o Paulista divulga lista de aprovados nas Fatecs e Univesp. Como se matricular","author":"noticiasribeiraopreto.com.br","date":"20 de April de 2025","format":false,"excerpt":"compartilhar no whatsapp compartilhar no telegram compartilhar no facebook compartilhar no linkedin Convocados devem fazer a matr\u00edcula entre ter\u00e7a (22) e quarta (23); informa\u00e7\u00f5es sobre documenta\u00e7\u00e3o podem ser consultadas na internet Prov\u00e3o Paulista Seriado divulgou a primeira lista dos aprovados (Foto: Roberto Sungi) J\u00e1 est\u00e1 dispon\u00edvel a\u00a0primeira lista de convoca\u00e7\u00e3o\u00a0do\u2026","rel":"","context":"In &quot;Not\u00edcias de Franca-SP&quot;","block_context":{"text":"Not\u00edcias de Franca-SP","link":"https:\/\/noticiasribeiraopreto.com.br\/index.php\/category\/noticias-de-ribeirao-preto-sp-e-regiao-ismael-colosi\/noticias-franca-sp\/"},"img":{"alt_text":"","src":"https:\/\/i0.wp.com\/noticiasribeiraopreto.com.br\/wp-content\/uploads\/2025\/04\/Roberto-Sungi.jpg?fit=1200%2C800&ssl=1&resize=350%2C200","width":350,"height":200,"srcset":"https:\/\/i0.wp.com\/noticiasribeiraopreto.com.br\/wp-content\/uploads\/2025\/04\/Roberto-Sungi.jpg?fit=1200%2C800&ssl=1&resize=350%2C200 1x, https:\/\/i0.wp.com\/noticiasribeiraopreto.com.br\/wp-content\/uploads\/2025\/04\/Roberto-Sungi.jpg?fit=1200%2C800&ssl=1&resize=525%2C300 1.5x, https:\/\/i0.wp.com\/noticiasribeiraopreto.com.br\/wp-content\/uploads\/2025\/04\/Roberto-Sungi.jpg?fit=1200%2C800&ssl=1&resize=700%2C400 2x, https:\/\/i0.wp.com\/noticiasribeiraopreto.com.br\/wp-content\/uploads\/2025\/04\/Roberto-Sungi.jpg?fit=1200%2C800&ssl=1&resize=1050%2C600 3x"},"classes":[]},{"id":72352,"url":"https:\/\/noticiasribeiraopreto.com.br\/index.php\/2025\/06\/16\/jornal-da-franca-univesp-vai-divulgar-resultado-do-vestibular-2025-e-primeira-chamada-dia-24-de-junho\/","url_meta":{"origin":37422,"position":2},"title":"Jornal da Franca &#8211; Univesp vai divulgar resultado do Vestibular 2025 e primeira chamada dia 24 de junho","author":"noticiasribeiraopreto.com.br","date":"16 de June de 2025","format":false,"excerpt":"compartilhar no whatsapp compartilhar no telegram compartilhar no facebook compartilhar no linkedin S\u00e3o mais de 22 mil vagas, em 432 polos, maior vestibular em alcance territorial do Estado; resultados divulgados no site: vestibular.univesp.br No pr\u00f3ximo dia 24\/06, a partir das 15h, a banca organizadora do Processo Seletivo 2025 da Universidade\u2026","rel":"","context":"In &quot;Not\u00edcias de Franca-SP&quot;","block_context":{"text":"Not\u00edcias de Franca-SP","link":"https:\/\/noticiasribeiraopreto.com.br\/index.php\/category\/noticias-de-ribeirao-preto-sp-e-regiao-ismael-colosi\/noticias-franca-sp\/"},"img":{"alt_text":"","src":"https:\/\/i0.wp.com\/noticiasribeiraopreto.com.br\/wp-content\/uploads\/2025\/06\/000d64de-935d-464f-b7ac-97f35e7a31bc.jpg?fit=922%2C529&ssl=1&resize=350%2C200","width":350,"height":200,"srcset":"https:\/\/i0.wp.com\/noticiasribeiraopreto.com.br\/wp-content\/uploads\/2025\/06\/000d64de-935d-464f-b7ac-97f35e7a31bc.jpg?fit=922%2C529&ssl=1&resize=350%2C200 1x, https:\/\/i0.wp.com\/noticiasribeiraopreto.com.br\/wp-content\/uploads\/2025\/06\/000d64de-935d-464f-b7ac-97f35e7a31bc.jpg?fit=922%2C529&ssl=1&resize=525%2C300 1.5x, https:\/\/i0.wp.com\/noticiasribeiraopreto.com.br\/wp-content\/uploads\/2025\/06\/000d64de-935d-464f-b7ac-97f35e7a31bc.jpg?fit=922%2C529&ssl=1&resize=700%2C400 2x"},"classes":[]},{"id":66515,"url":"https:\/\/noticiasribeiraopreto.com.br\/index.php\/2025\/04\/02\/jornal-da-franca-ultimos-dias-para-as-inscricoes-no-vestibular-2025-da-univesp-veja-o-prazo\/","url_meta":{"origin":37422,"position":3},"title":"Jornal da Franca &#8211; \u00daltimos dias para as inscri\u00e7\u00f5es no Vestibular 2025 da Univesp: veja o prazo","author":"noticiasribeiraopreto.com.br","date":"2 de April de 2025","format":false,"excerpt":"compartilhar no whatsapp compartilhar no telegram compartilhar no facebook compartilhar no linkedin S\u00e3o ofertadas mais de 22 mil vagas, em 432 polos; inscri\u00e7\u00f5es devem ser realizadas at\u00e9 07 de abril pelo site: vestibular.univesp.br As inscri\u00e7\u00f5es para o Vestibular 2025 da Universidade Virtual do Estado de S\u00e3o Paulo (Univesp), v\u00e3o at\u00e9\u2026","rel":"","context":"In &quot;Not\u00edcias de Franca-SP&quot;","block_context":{"text":"Not\u00edcias de Franca-SP","link":"https:\/\/noticiasribeiraopreto.com.br\/index.php\/category\/noticias-de-ribeirao-preto-sp-e-regiao-ismael-colosi\/noticias-franca-sp\/"},"img":{"alt_text":"","src":"https:\/\/i0.wp.com\/noticiasribeiraopreto.com.br\/wp-content\/uploads\/2025\/04\/97db99c5-a7e3-46b2-a3ea-01bf733b253b.jpg?fit=1170%2C740&ssl=1&resize=350%2C200","width":350,"height":200,"srcset":"https:\/\/i0.wp.com\/noticiasribeiraopreto.com.br\/wp-content\/uploads\/2025\/04\/97db99c5-a7e3-46b2-a3ea-01bf733b253b.jpg?fit=1170%2C740&ssl=1&resize=350%2C200 1x, https:\/\/i0.wp.com\/noticiasribeiraopreto.com.br\/wp-content\/uploads\/2025\/04\/97db99c5-a7e3-46b2-a3ea-01bf733b253b.jpg?fit=1170%2C740&ssl=1&resize=525%2C300 1.5x, https:\/\/i0.wp.com\/noticiasribeiraopreto.com.br\/wp-content\/uploads\/2025\/04\/97db99c5-a7e3-46b2-a3ea-01bf733b253b.jpg?fit=1170%2C740&ssl=1&resize=700%2C400 2x, https:\/\/i0.wp.com\/noticiasribeiraopreto.com.br\/wp-content\/uploads\/2025\/04\/97db99c5-a7e3-46b2-a3ea-01bf733b253b.jpg?fit=1170%2C740&ssl=1&resize=1050%2C600 3x"},"classes":[]},{"id":41714,"url":"https:\/\/noticiasribeiraopreto.com.br\/index.php\/2024\/03\/10\/univesp-abre-inscricoes-para-o-vestibular-2024\/","url_meta":{"origin":37422,"position":4},"title":"Univesp abre inscri\u00e7\u00f5es para o Vestibular 2024\u00a0","author":"noticiasribeiraopreto.com.br","date":"10 de March de 2024","format":false,"excerpt":"10 de mar\u00e7o de 2024 | 17:0010 de mar\u00e7o de 2024 | 12:25 0A Universidade Virtual do Estado de S\u00e3o Paulo (Univesp) est\u00e1 com inscri\u00e7\u00f5es abertas para 23.322 vagas do Vestibular anual, destinadas a 425 polos de 371 munic\u00edpios paulistas. Criada em 2012, a institui\u00e7\u00e3o \u00e9 exclusivamente de educa\u00e7\u00e3o a\u2026","rel":"","context":"In &quot;Not\u00edcias de Ribeir\u00e3o Preto-SP e Regi\u00e3o&quot;","block_context":{"text":"Not\u00edcias de Ribeir\u00e3o Preto-SP e Regi\u00e3o","link":"https:\/\/noticiasribeiraopreto.com.br\/index.php\/category\/noticias-de-ribeirao-preto-sp-e-regiao-ismael-colosi\/"},"img":{"alt_text":"","src":"https:\/\/i0.wp.com\/noticiasribeiraopreto.com.br\/wp-content\/uploads\/2024\/03\/univesp.png?fit=979%2C645&ssl=1&resize=350%2C200","width":350,"height":200,"srcset":"https:\/\/i0.wp.com\/noticiasribeiraopreto.com.br\/wp-content\/uploads\/2024\/03\/univesp.png?fit=979%2C645&ssl=1&resize=350%2C200 1x, https:\/\/i0.wp.com\/noticiasribeiraopreto.com.br\/wp-content\/uploads\/2024\/03\/univesp.png?fit=979%2C645&ssl=1&resize=525%2C300 1.5x, https:\/\/i0.wp.com\/noticiasribeiraopreto.com.br\/wp-content\/uploads\/2024\/03\/univesp.png?fit=979%2C645&ssl=1&resize=700%2C400 2x"},"classes":[]},{"id":68261,"url":"https:\/\/noticiasribeiraopreto.com.br\/index.php\/2025\/04\/23\/matriculas-para-aprovados-no-provao-paulista-devem-ser-feitas-ate-este-dia-23-4\/","url_meta":{"origin":37422,"position":5},"title":"Matr\u00edculas para aprovados no Prov\u00e3o Paulista devem ser feitas at\u00e9 este dia 23\/4","author":"noticiasribeiraopreto.com.br","date":"23 de April de 2025","format":false,"excerpt":"Os 41 estudantes da regi\u00e3o de Franca aprovados na primeira chamada do Prov\u00e3o Paulista Seriado para o segundo semestre devem efetuar a matr\u00edcula para os cursos superiores gratuitos oferecidos pelas Faculdades de Tecnologia do Estado (Fatecs) e pela Universidade Virtual do Estado de S\u00e3o Paulo (Univesp) at\u00e9 esta quarta-feira (23).\u2026","rel":"","context":"In &quot;Not\u00edcias de Franca-SP&quot;","block_context":{"text":"Not\u00edcias de Franca-SP","link":"https:\/\/noticiasribeiraopreto.com.br\/index.php\/category\/noticias-de-ribeirao-preto-sp-e-regiao-ismael-colosi\/noticias-franca-sp\/"},"img":{"alt_text":"","src":"https:\/\/i0.wp.com\/noticiasribeiraopreto.com.br\/wp-content\/uploads\/2025\/04\/fatec.jpeg?fit=1200%2C800&ssl=1&resize=350%2C200","width":350,"height":200,"srcset":"https:\/\/i0.wp.com\/noticiasribeiraopreto.com.br\/wp-content\/uploads\/2025\/04\/fatec.jpeg?fit=1200%2C800&ssl=1&resize=350%2C200 1x, https:\/\/i0.wp.com\/noticiasribeiraopreto.com.br\/wp-content\/uploads\/2025\/04\/fatec.jpeg?fit=1200%2C800&ssl=1&resize=525%2C300 1.5x, https:\/\/i0.wp.com\/noticiasribeiraopreto.com.br\/wp-content\/uploads\/2025\/04\/fatec.jpeg?fit=1200%2C800&ssl=1&resize=700%2C400 2x, https:\/\/i0.wp.com\/noticiasribeiraopreto.com.br\/wp-content\/uploads\/2025\/04\/fatec.jpeg?fit=1200%2C800&ssl=1&resize=1050%2C600 3x"},"classes":[]}],"jetpack_sharing_enabled":true,"jetpack_shortlink":"https:\/\/wp.me\/peQAOb-9JA","_links":{"self":[{"href":"https:\/\/noticiasribeiraopreto.com.br\/index.php\/wp-json\/wp\/v2\/posts\/37422","targetHints":{"allow":["GET"]}}],"collection":[{"href":"https:\/\/noticiasribeiraopreto.com.br\/index.php\/wp-json\/wp\/v2\/posts"}],"about":[{"href":"https:\/\/noticiasribeiraopreto.com.br\/index.php\/wp-json\/wp\/v2\/types\/post"}],"author":[{"embeddable":true,"href":"https:\/\/noticiasribeiraopreto.com.br\/index.php\/wp-json\/wp\/v2\/users\/1"}],"replies":[{"embeddable":true,"href":"https:\/\/noticiasribeiraopreto.com.br\/index.php\/wp-json\/wp\/v2\/comments?post=37422"}],"version-history":[{"count":0,"href":"https:\/\/noticiasribeiraopreto.com.br\/index.php\/wp-json\/wp\/v2\/posts\/37422\/revisions"}],"wp:featuredmedia":[{"embeddable":true,"href":"https:\/\/noticiasribeiraopreto.com.br\/index.php\/wp-json\/wp\/v2\/media\/37423"}],"wp:attachment":[{"href":"https:\/\/noticiasribeiraopreto.com.br\/index.php\/wp-json\/wp\/v2\/media?parent=37422"}],"wp:term":[{"taxonomy":"category","embeddable":true,"href":"https:\/\/noticiasribeiraopreto.com.br\/index.php\/wp-json\/wp\/v2\/categories?post=37422"},{"taxonomy":"post_tag","embeddable":true,"href":"https:\/\/noticiasribeiraopreto.com.br\/index.php\/wp-json\/wp\/v2\/tags?post=37422"}],"curies":[{"name":"wp","href":"https:\/\/api.w.org\/{rel}","templated":true}]}}