{"id":37478,"date":"2024-02-16T14:00:02","date_gmt":"2024-02-16T17:00:02","guid":{"rendered":"https:\/\/noticiasribeiraopreto.com.br\/index.php\/2024\/02\/16\/emprego-recua-35-no-comercio-paulista\/"},"modified":"2024-02-16T14:00:02","modified_gmt":"2024-02-16T17:00:02","slug":"emprego-recua-35-no-comercio-paulista","status":"publish","type":"post","link":"https:\/\/noticiasribeiraopreto.com.br\/index.php\/2024\/02\/16\/emprego-recua-35-no-comercio-paulista\/","title":{"rendered":"Emprego recua 35% no com\u00e9rcio paulista \u00a0"},"content":{"rendered":"<div class='code-block code-block-1' style='margin: 8px 0 8px auto; text-align: right; display: block; clear: both;'>\n<p><a href=\"https:\/\/wa.link\/vpicfd\"><img data-recalc-dims=\"1\" class=\"wp-image-4922\" style=\"aspect-ratio: 2.0253164556962027; width: 561px; height: auto;\" src=\"https:\/\/i0.wp.com\/ismaelcolosi.com.br\/wp-content\/uploads\/2023\/11\/grupo-de-empregos-whatsapp-e-facebook-ismael-colosi-vagas.jpg?ssl=1\" alt=\"\" \/><\/a><\/p>\n<!-- \/wp:image -->\n<\/div>\n<p> <br \/>\n<\/p>\n<div>\n<p><span data-contrast=\"auto\">O ritmo de crescimento do mercado de trabalho no com\u00e9rcio paulista desacelerou ao longo de 2023, aponta a Pesquisa do Emprego no Estado de S\u00e3o Paulo (PESP) da Federa\u00e7\u00e3o do Com\u00e9rcio de Bens, Servi\u00e7os e Turismo do Estado de S\u00e3o Paulo (FecomercioSP). <\/span><\/p>\n<p><span data-contrast=\"auto\">O total de empregos gerados sofreu uma queda de 35%, no acumulado de janeiro a dezembro, passando de 101,6 mil, em 2022, para 66,4 mil, no ano passado. Embora tenha criado mais de 236 mil postos de trabalho com carteira assinada no ano passado, o setor de servi\u00e7os apontou redu\u00e7\u00e3o de 26,7% no saldo positivo de vagas no mesmo per\u00edodo. <\/span><\/p>\n<p><span data-contrast=\"auto\">A pesquisa, baseada nos dados do novo Cadastro Geral de Empregos e Desempregos (Caged), do Minist\u00e9rio do Trabalho, destaca que, apesar da desacelera\u00e7\u00e3o, juntos, os dois setores responderam por 77,6% na gera\u00e7\u00e3o de vagas na economia paulista em 2023.<\/span><\/p>\n<p><span data-contrast=\"auto\">Na vis\u00e3o da FecomercioSP, como a gera\u00e7\u00e3o de emprego est\u00e1 condicionada \u00e0s condi\u00e7\u00f5es financeiras e de confian\u00e7a dos empres\u00e1rios, o ritmo do indicador acompanhou as tend\u00eancias de um ano de avan\u00e7o nas dificuldades conjunturais, como juros elevado e altos \u00edndices de endividamento e inadimpl\u00eancia de pessoas f\u00edsicas e jur\u00eddicas. <\/span><\/p>\n<p><span data-contrast=\"auto\">Esses fatores \u2013 e at\u00e9 mesmo o direcionamento de renda a alguns segmentos dos Servi\u00e7os \u2013 causaram um impacto maior ao com\u00e9rcio. Apesar da desacelera\u00e7\u00e3o, a entidade considera que o saldo de 66,4 mil empregos no com\u00e9rcio em 2023 foi significativo. Houve aumento de postos de trabalho nas tr\u00eas divis\u00f5es do setor: com\u00e9rcio e repara\u00e7\u00e3o de ve\u00edculos, atacado e varejo. <\/span><\/p>\n<p><span data-contrast=\"auto\">Os segmentos que mais contribu\u00edram para esses resultados em cada divis\u00e3o foram, respectivamente: com\u00e9rcio a varejo de pe\u00e7as e acess\u00f3rios novos para ve\u00edculos automotores (3.387 vagas); com\u00e9rcio atacadista de produtos aliment\u00edcios em geral (3.570 vagas); e minimercados, mercearias e armaz\u00e9ns (5.861 vagas).<\/span><\/p>\n<p><span data-contrast=\"auto\">J\u00e1 o setor de Servi\u00e7os, mesmo com a redu\u00e7\u00e3o do ritmo de crescimento do\u00a0 mercado de trabalho no ano passado, gerou\u00a0 236,7 mil postos com carteira assinada no Estado de S\u00e3o Paulo. A FecomercioSP atribui esse fato aos efeitos positivos derradeiros da retomada do setor p\u00f3s-pandemia e pelo maior direcionamento de renda familiar para alguns de seus segmentos. <\/span><\/p>\n<p><span data-contrast=\"auto\">Tanto que a diminui\u00e7\u00e3o do saldo positivo de vagas do setor foi menor do que a vista no setor comercial. No acumulado de janeiro a dezembro, o total de empregos gerados teve uma queda de 26,7%, passando de 322,8 mil, em 2022, para 236,7 mil, no ano passado.<\/span><\/p>\n<p><span data-contrast=\"auto\">No \u00faltimo m\u00eas de 2023, o com\u00e9rcio paulista perdeu 6,5 mil postos de trabalho com carteira assinada. Ao todo, foram 115,2 mil admiss\u00f5es e 121,7 mil desligamentos para um estoque de cerca de 2,82 milh\u00f5es de v\u00ednculos empregat\u00edcios ativos. <\/span><\/p>\n<p><span data-contrast=\"auto\">A redu\u00e7\u00e3o na cria\u00e7\u00e3o de empregos no setor em dezembro ocorreu, principalmente, pela retra\u00e7\u00e3o de 4,6 mil vagas na divis\u00e3o do com\u00e9rcio varejista, em especial no segmento de lojas de departamentos e magazines (-1,4 mil vagas).<\/span><\/p>\n<p><span data-contrast=\"auto\">Os servi\u00e7os tamb\u00e9m registraram perda de empregos celetistas em dezembro de 2023, apontando 91,2 mil v\u00ednculos a menos, resultado puxado pelos servi\u00e7os do grupo de educa\u00e7\u00e3o (-28,1 mil vagas), em decorr\u00eancia do fim do ano letivo, e pelos servi\u00e7os administrativos (-23,2 mil vagas).<\/span><\/p>\n<p><b><span data-contrast=\"auto\">Perspectivas \u2013<\/span><\/b><span data-contrast=\"auto\"> Para 2024, a expectativa da FecomercioSP \u00e9 que os setores de Com\u00e9rcio e Servi\u00e7os continuem gerando empregos celetistas no Estado. No entanto, o ritmo de crescimento do mercado de trabalho deve continuar em desacelera\u00e7\u00e3o, com previs\u00e3o de n\u00fameros abaixo do que os registrados em 2021, 2022 e 2023, em raz\u00e3o das proje\u00e7\u00f5es mais t\u00edmidas referentes \u00e0 economia brasileira. <\/span><\/p>\n<p><span data-contrast=\"auto\">A tend\u00eancia \u00e9 que o com\u00e9rcio inicie com mais dificuldades e tenha avan\u00e7os mais relevantes no segundo semestre de 2024, encerrando o ano com cerca de 40 mil empregos gerados. J\u00e1 o setor de servi\u00e7os dever\u00e1 rondar um saldo total em torno de 160 mil novos v\u00ednculos para este ano.<\/span><\/p>\n<p><span data-ccp-props=\"{&quot;201341983&quot;:0,&quot;335559739&quot;:200,&quot;335559740&quot;:276}\">\u00a0<\/span><\/p>\n<\/div>\n<p><br \/>\n<br \/><a href=\"https:\/\/www.tribunaribeirao.com.br\/site\/emprego-recua-35-no-comercio-paulista\/\">Source link <\/a><\/p>\n<!-- CONTENT END 1 -->\n","protected":false},"excerpt":{"rendered":"<p>O ritmo de crescimento do mercado de trabalho no com\u00e9rcio paulista desacelerou ao longo de 2023, aponta a Pesquisa do Emprego no Estado de S\u00e3o&#8230;<\/p>\n","protected":false},"author":1,"featured_media":37479,"comment_status":"open","ping_status":"open","sticky":false,"template":"","format":"standard","meta":{"advanced_seo_description":"","jetpack_seo_html_title":"","jetpack_seo_noindex":false,"jetpack_post_was_ever_published":false,"_jetpack_newsletter_access":"","_jetpack_dont_email_post_to_subs":false,"_jetpack_newsletter_tier_id":0,"_jetpack_memberships_contains_paywalled_content":false,"_jetpack_memberships_contains_paid_content":false,"footnotes":"","jetpack_publicize_message":"","jetpack_publicize_feature_enabled":true,"jetpack_social_post_already_shared":true,"jetpack_social_options":{"image_generator_settings":{"template":"highway","default_image_id":0,"font":"","enabled":false},"version":2}},"categories":[11],"tags":[386,144,762,1849],"class_list":["post-37478","post","type-post","status-publish","format-standard","has-post-thumbnail","hentry","category-noticias-de-ribeirao-preto-sp-e-regiao-ismael-colosi","tag-comercio","tag-emprego","tag-paulista","tag-recua"],"jetpack_publicize_connections":[],"jetpack_featured_media_url":"https:\/\/i0.wp.com\/noticiasribeiraopreto.com.br\/wp-content\/uploads\/2024\/02\/Fecomercio-Alfredo-Risk-scaled.jpg?fit=1000%2C622&ssl=1","jetpack-related-posts":[{"id":71355,"url":"https:\/\/noticiasribeiraopreto.com.br\/index.php\/2025\/06\/05\/jornal-da-franca-regiao-de-franca-registra-saldo-negativo-de-467-empregos-formais-em-abril-de-2025\/","url_meta":{"origin":37478,"position":0},"title":"Jornal da Franca &#8211; Regi\u00e3o de Franca registra saldo negativo de 467 empregos formais em abril de 2025","author":"noticiasribeiraopreto.com.br","date":"5 de June de 2025","format":false,"excerpt":"compartilhar no whatsapp compartilhar no telegram compartilhar no facebook compartilhar no linkedin Os setores que apresentaram resultados positivos na gera\u00e7\u00e3o de empregos na regi\u00e3o de Franca foram o com\u00e9rcio (180) e servi\u00e7os (138). Divulga\u00e7\u00e3o da Funda\u00e7\u00e3o Seade sobre o emprego com carteira assinada no Estado de S\u00e3o Paulo, com base\u2026","rel":"","context":"In &quot;Not\u00edcias de Franca-SP&quot;","block_context":{"text":"Not\u00edcias de Franca-SP","link":"https:\/\/noticiasribeiraopreto.com.br\/index.php\/category\/noticias-de-ribeirao-preto-sp-e-regiao-ismael-colosi\/noticias-franca-sp\/"},"img":{"alt_text":"","src":"https:\/\/i0.wp.com\/noticiasribeiraopreto.com.br\/wp-content\/uploads\/2025\/06\/carteira_de_trabalho_07122000711.jpg?fit=1170%2C700&ssl=1&resize=350%2C200","width":350,"height":200,"srcset":"https:\/\/i0.wp.com\/noticiasribeiraopreto.com.br\/wp-content\/uploads\/2025\/06\/carteira_de_trabalho_07122000711.jpg?fit=1170%2C700&ssl=1&resize=350%2C200 1x, https:\/\/i0.wp.com\/noticiasribeiraopreto.com.br\/wp-content\/uploads\/2025\/06\/carteira_de_trabalho_07122000711.jpg?fit=1170%2C700&ssl=1&resize=525%2C300 1.5x, https:\/\/i0.wp.com\/noticiasribeiraopreto.com.br\/wp-content\/uploads\/2025\/06\/carteira_de_trabalho_07122000711.jpg?fit=1170%2C700&ssl=1&resize=700%2C400 2x, https:\/\/i0.wp.com\/noticiasribeiraopreto.com.br\/wp-content\/uploads\/2025\/06\/carteira_de_trabalho_07122000711.jpg?fit=1170%2C700&ssl=1&resize=1050%2C600 3x"},"classes":[]},{"id":16673,"url":"https:\/\/noticiasribeiraopreto.com.br\/index.php\/2023\/12\/16\/sao-paulo-cria-mais-de-500-mil-vagas-de-empregos-com-carteira-assinada-veja-destaques-2\/","url_meta":{"origin":37478,"position":1},"title":"S\u00e3o Paulo cria mais de 500 mil vagas de empregos com carteira assinada; Veja destaques","author":"noticiasribeiraopreto.com.br","date":"16 de December de 2023","format":false,"excerpt":"O estado de S\u00e3o Paulo comemora a cria\u00e7\u00e3o de mais de meio milh\u00e3o de vagas de emprego com carteira assinada nos primeiros 10 meses do ano de 2023, de acordo com dados da pesquisa Emprego Formal realizada pela Funda\u00e7\u00e3o Seade, vinculada ao Governo do Estado de S\u00e3o Paulo. Segundo o\u2026","rel":"","context":"In &quot;Vagas de Emprego em Ribeir\u00e3o Preto-SP&quot;","block_context":{"text":"Vagas de Emprego em Ribeir\u00e3o Preto-SP","link":"https:\/\/noticiasribeiraopreto.com.br\/index.php\/category\/empregos-classificados-vagas-trabalho\/vagas-de-empregos-em-ribeirao-preto-regiao-brasil\/"},"img":{"alt_text":"","src":"https:\/\/i0.wp.com\/noticiasribeiraopreto.com.br\/wp-content\/uploads\/2023\/12\/vaga-emprego-sao-paulo.png?fit=1200%2C675&ssl=1&resize=350%2C200","width":350,"height":200,"srcset":"https:\/\/i0.wp.com\/noticiasribeiraopreto.com.br\/wp-content\/uploads\/2023\/12\/vaga-emprego-sao-paulo.png?fit=1200%2C675&ssl=1&resize=350%2C200 1x, https:\/\/i0.wp.com\/noticiasribeiraopreto.com.br\/wp-content\/uploads\/2023\/12\/vaga-emprego-sao-paulo.png?fit=1200%2C675&ssl=1&resize=525%2C300 1.5x, https:\/\/i0.wp.com\/noticiasribeiraopreto.com.br\/wp-content\/uploads\/2023\/12\/vaga-emprego-sao-paulo.png?fit=1200%2C675&ssl=1&resize=700%2C400 2x, https:\/\/i0.wp.com\/noticiasribeiraopreto.com.br\/wp-content\/uploads\/2023\/12\/vaga-emprego-sao-paulo.png?fit=1200%2C675&ssl=1&resize=1050%2C600 3x"},"classes":[]},{"id":33900,"url":"https:\/\/noticiasribeiraopreto.com.br\/index.php\/2024\/01\/31\/emprego-formal-recua-em-2023-em-rp\/","url_meta":{"origin":37478,"position":2},"title":"Emprego formal\u00a0recua em 2023 em RP","author":"noticiasribeiraopreto.com.br","date":"31 de January de 2024","format":false,"excerpt":"O Minist\u00e9rio do Trabalho e Emprego divulgou nesta ter\u00e7a-feira, 30 de janeiro, os n\u00fameros do Novo Cadastro Geral de Empregados e Desempregados (Novo Caged) de dezembro. A economia de Ribeir\u00e3o Preto fechou o \u00faltimo m\u00eas de 2023 com d\u00e9ficit de 2.448 empregos com carteira assinada, fruto de 9.003 admiss\u00f5es e\u2026","rel":"","context":"In &quot;Not\u00edcias de Ribeir\u00e3o Preto-SP e Regi\u00e3o&quot;","block_context":{"text":"Not\u00edcias de Ribeir\u00e3o Preto-SP e Regi\u00e3o","link":"https:\/\/noticiasribeiraopreto.com.br\/index.php\/category\/noticias-de-ribeirao-preto-sp-e-regiao-ismael-colosi\/"},"img":{"alt_text":"","src":"https:\/\/i0.wp.com\/noticiasribeiraopreto.com.br\/wp-content\/uploads\/2024\/01\/CagedRP-Marcelo-Camargo-Ag.Br_-scaled.jpg?fit=1000%2C598&ssl=1&resize=350%2C200","width":350,"height":200,"srcset":"https:\/\/i0.wp.com\/noticiasribeiraopreto.com.br\/wp-content\/uploads\/2024\/01\/CagedRP-Marcelo-Camargo-Ag.Br_-scaled.jpg?fit=1000%2C598&ssl=1&resize=350%2C200 1x, https:\/\/i0.wp.com\/noticiasribeiraopreto.com.br\/wp-content\/uploads\/2024\/01\/CagedRP-Marcelo-Camargo-Ag.Br_-scaled.jpg?fit=1000%2C598&ssl=1&resize=525%2C300 1.5x, https:\/\/i0.wp.com\/noticiasribeiraopreto.com.br\/wp-content\/uploads\/2024\/01\/CagedRP-Marcelo-Camargo-Ag.Br_-scaled.jpg?fit=1000%2C598&ssl=1&resize=700%2C400 2x"},"classes":[]},{"id":22480,"url":"https:\/\/noticiasribeiraopreto.com.br\/index.php\/2023\/12\/29\/pais-gerou-mais-de-130-mil-novas-vagas-de-trabalho-em-novembro\/","url_meta":{"origin":37478,"position":3},"title":"Pa\u00eds gerou mais de 130 mil novas vagas de trabalho em novembro\u00a0","author":"noticiasribeiraopreto.com.br","date":"29 de December de 2023","format":false,"excerpt":"O Brasil teve, no m\u00eas passado, um saldo positivo de 130.097 postos de trabalho com carteira assinada, segundo divulgou, nesta quinta (28), o Minist\u00e9rio do Trabalho e Emprego. Em novembro, foram 1.866.752 admiss\u00f5es e 1.736.655 demiss\u00f5es, segundo dados do Novo Caged, o Cadastro Geral de Empregados e Desempregados.\u00a0\u00a0No acumulado de\u2026","rel":"","context":"In &quot;Not\u00edcias de Ribeir\u00e3o Preto-SP e Regi\u00e3o&quot;","block_context":{"text":"Not\u00edcias de Ribeir\u00e3o Preto-SP e Regi\u00e3o","link":"https:\/\/noticiasribeiraopreto.com.br\/index.php\/category\/noticias-de-ribeirao-preto-sp-e-regiao-ismael-colosi\/"},"img":{"alt_text":"","src":"https:\/\/i0.wp.com\/noticiasribeiraopreto.com.br\/wp-content\/uploads\/2023\/12\/1-caged-carteira_de_trabalho_07122000711-scaled.jpg?fit=1000%2C598&ssl=1&resize=350%2C200","width":350,"height":200,"srcset":"https:\/\/i0.wp.com\/noticiasribeiraopreto.com.br\/wp-content\/uploads\/2023\/12\/1-caged-carteira_de_trabalho_07122000711-scaled.jpg?fit=1000%2C598&ssl=1&resize=350%2C200 1x, https:\/\/i0.wp.com\/noticiasribeiraopreto.com.br\/wp-content\/uploads\/2023\/12\/1-caged-carteira_de_trabalho_07122000711-scaled.jpg?fit=1000%2C598&ssl=1&resize=525%2C300 1.5x, https:\/\/i0.wp.com\/noticiasribeiraopreto.com.br\/wp-content\/uploads\/2023\/12\/1-caged-carteira_de_trabalho_07122000711-scaled.jpg?fit=1000%2C598&ssl=1&resize=700%2C400 2x"},"classes":[]},{"id":22128,"url":"https:\/\/noticiasribeiraopreto.com.br\/index.php\/2023\/12\/29\/brasil-cria-130-mil-vagas-de-emprego-em-novembro\/","url_meta":{"origin":37478,"position":4},"title":"Brasil cria 130 MIL vagas de emprego em novembro","author":"noticiasribeiraopreto.com.br","date":"29 de December de 2023","format":false,"excerpt":"O Minist\u00e9rio do Trabalho e Previd\u00eancia informou nesta quinta-feira (28) que o Brasil criou 130,1 mil postos de trabalho formal em novembro de 2023. O resultado mostra que o pa\u00eds registrou uma quantidade bem maior de admiss\u00f5es do que de demiss\u00f5es no pen\u00faltimo m\u00eas do ano. Os dados foram bastante\u2026","rel":"","context":"In &quot;Vagas de Emprego em Ribeir\u00e3o Preto-SP&quot;","block_context":{"text":"Vagas de Emprego em Ribeir\u00e3o Preto-SP","link":"https:\/\/noticiasribeiraopreto.com.br\/index.php\/category\/empregos-classificados-vagas-trabalho\/vagas-de-empregos-em-ribeirao-preto-regiao-brasil\/"},"img":{"alt_text":"","src":"https:\/\/i0.wp.com\/noticiasribeiraopreto.com.br\/wp-content\/uploads\/2023\/12\/noticiasconcursos.com_.br-caged-brasil-cria-130-mil-vagas-de-emprego-em-novembro-carteira-de-trabalho-canva-1-750x430.jpg?fit=750%2C430&ssl=1&resize=350%2C200","width":350,"height":200,"srcset":"https:\/\/i0.wp.com\/noticiasribeiraopreto.com.br\/wp-content\/uploads\/2023\/12\/noticiasconcursos.com_.br-caged-brasil-cria-130-mil-vagas-de-emprego-em-novembro-carteira-de-trabalho-canva-1-750x430.jpg?fit=750%2C430&ssl=1&resize=350%2C200 1x, https:\/\/i0.wp.com\/noticiasribeiraopreto.com.br\/wp-content\/uploads\/2023\/12\/noticiasconcursos.com_.br-caged-brasil-cria-130-mil-vagas-de-emprego-em-novembro-carteira-de-trabalho-canva-1-750x430.jpg?fit=750%2C430&ssl=1&resize=525%2C300 1.5x, https:\/\/i0.wp.com\/noticiasribeiraopreto.com.br\/wp-content\/uploads\/2023\/12\/noticiasconcursos.com_.br-caged-brasil-cria-130-mil-vagas-de-emprego-em-novembro-carteira-de-trabalho-canva-1-750x430.jpg?fit=750%2C430&ssl=1&resize=700%2C400 2x"},"classes":[]},{"id":82140,"url":"https:\/\/noticiasribeiraopreto.com.br\/index.php\/2026\/02\/05\/faxina-lidera-geracao-de-vagas-em-ribeirao\/","url_meta":{"origin":37478,"position":5},"title":"Faxina lidera gera\u00e7\u00e3o de vagas em Ribeir\u00e3o","author":"noticiasribeiraopreto.com.br","date":"5 de February de 2026","format":false,"excerpt":"Levantamento feito com base nos dados do Caged revela ainda que auxiliar de produ\u00e7\u00e3o, de servi\u00e7os de alimenta\u00e7\u00e3o e vigilantes tamb\u00e9m est\u00e3o no topo da lista Levantamento feito pelo Instituto Brasileiro do Emprego e Empreendedorismo (IBEE), a pedido do Tribuna, com base nos dados do Cadastro Geral de Empregados e\u2026","rel":"","context":"In &quot;Not\u00edcias de Ribeir\u00e3o Preto-SP e Regi\u00e3o&quot;","block_context":{"text":"Not\u00edcias de Ribeir\u00e3o Preto-SP e Regi\u00e3o","link":"https:\/\/noticiasribeiraopreto.com.br\/index.php\/category\/noticias-de-ribeirao-preto-sp-e-regiao-ismael-colosi\/"},"img":{"alt_text":"","src":"https:\/\/i0.wp.com\/noticiasribeiraopreto.com.br\/wp-content\/uploads\/2026\/02\/Caged-Freepik-Inteligencia-artificial-scaled.jpeg?fit=1200%2C685&ssl=1&resize=350%2C200","width":350,"height":200,"srcset":"https:\/\/i0.wp.com\/noticiasribeiraopreto.com.br\/wp-content\/uploads\/2026\/02\/Caged-Freepik-Inteligencia-artificial-scaled.jpeg?fit=1200%2C685&ssl=1&resize=350%2C200 1x, https:\/\/i0.wp.com\/noticiasribeiraopreto.com.br\/wp-content\/uploads\/2026\/02\/Caged-Freepik-Inteligencia-artificial-scaled.jpeg?fit=1200%2C685&ssl=1&resize=525%2C300 1.5x, https:\/\/i0.wp.com\/noticiasribeiraopreto.com.br\/wp-content\/uploads\/2026\/02\/Caged-Freepik-Inteligencia-artificial-scaled.jpeg?fit=1200%2C685&ssl=1&resize=700%2C400 2x, https:\/\/i0.wp.com\/noticiasribeiraopreto.com.br\/wp-content\/uploads\/2026\/02\/Caged-Freepik-Inteligencia-artificial-scaled.jpeg?fit=1200%2C685&ssl=1&resize=1050%2C600 3x"},"classes":[]}],"jetpack_sharing_enabled":true,"jetpack_shortlink":"https:\/\/wp.me\/peQAOb-9Ku","_links":{"self":[{"href":"https:\/\/noticiasribeiraopreto.com.br\/index.php\/wp-json\/wp\/v2\/posts\/37478","targetHints":{"allow":["GET"]}}],"collection":[{"href":"https:\/\/noticiasribeiraopreto.com.br\/index.php\/wp-json\/wp\/v2\/posts"}],"about":[{"href":"https:\/\/noticiasribeiraopreto.com.br\/index.php\/wp-json\/wp\/v2\/types\/post"}],"author":[{"embeddable":true,"href":"https:\/\/noticiasribeiraopreto.com.br\/index.php\/wp-json\/wp\/v2\/users\/1"}],"replies":[{"embeddable":true,"href":"https:\/\/noticiasribeiraopreto.com.br\/index.php\/wp-json\/wp\/v2\/comments?post=37478"}],"version-history":[{"count":0,"href":"https:\/\/noticiasribeiraopreto.com.br\/index.php\/wp-json\/wp\/v2\/posts\/37478\/revisions"}],"wp:featuredmedia":[{"embeddable":true,"href":"https:\/\/noticiasribeiraopreto.com.br\/index.php\/wp-json\/wp\/v2\/media\/37479"}],"wp:attachment":[{"href":"https:\/\/noticiasribeiraopreto.com.br\/index.php\/wp-json\/wp\/v2\/media?parent=37478"}],"wp:term":[{"taxonomy":"category","embeddable":true,"href":"https:\/\/noticiasribeiraopreto.com.br\/index.php\/wp-json\/wp\/v2\/categories?post=37478"},{"taxonomy":"post_tag","embeddable":true,"href":"https:\/\/noticiasribeiraopreto.com.br\/index.php\/wp-json\/wp\/v2\/tags?post=37478"}],"curies":[{"name":"wp","href":"https:\/\/api.w.org\/{rel}","templated":true}]}}