{"id":37546,"date":"2024-02-16T18:21:51","date_gmt":"2024-02-16T21:21:51","guid":{"rendered":"https:\/\/noticiasribeiraopreto.com.br\/index.php\/2024\/02\/16\/conselho-da-vale-esta-dividido-sobre-futuro-da-lideranca\/"},"modified":"2024-02-16T18:21:51","modified_gmt":"2024-02-16T21:21:51","slug":"conselho-da-vale-esta-dividido-sobre-futuro-da-lideranca","status":"publish","type":"post","link":"https:\/\/noticiasribeiraopreto.com.br\/index.php\/2024\/02\/16\/conselho-da-vale-esta-dividido-sobre-futuro-da-lideranca\/","title":{"rendered":"Conselho da Vale est\u00e1 dividido sobre futuro da lideran\u00e7a"},"content":{"rendered":"<div class='code-block code-block-1' style='margin: 8px 0 8px auto; text-align: right; display: block; clear: both;'>\n<p><a href=\"https:\/\/wa.link\/vpicfd\"><img data-recalc-dims=\"1\" class=\"wp-image-4922\" style=\"aspect-ratio: 2.0253164556962027; width: 561px; height: auto;\" src=\"https:\/\/i0.wp.com\/ismaelcolosi.com.br\/wp-content\/uploads\/2023\/11\/grupo-de-empregos-whatsapp-e-facebook-ismael-colosi-vagas.jpg?ssl=1\" alt=\"\" \/><\/a><\/p>\n<!-- \/wp:image -->\n<\/div>\n<p> <br \/>\n<\/p>\n<div>\n<div id=\"attachment_595759\" class=\"wp-caption alignnone style=\" max-width:=\"\"><img data-recalc-dims=\"1\" fetchpriority=\"high\" decoding=\"async\" class=\"alignnone alignnone size-full wp-image-595759\" src=\"https:\/\/i0.wp.com\/forbes.com.br\/wp-content\/uploads\/2024\/02\/Carreira_Eduardo-Bartolomeo_Ceo-Vale-768x512.jpg?resize=678%2C452&#038;ssl=1\" http:=\"\" alt=\"Linkedin\/Reprodu\u00e7\u00e3o\" width=\"678\" height=\"452\" data-lazy-src=\"https:\/\/forbes.com.br\/wp-content\/uploads\/2024\/02\/Carreira_Eduardo-Bartolomeo_Ceo-Vale-768x512.jpg\"\/><noscript><img data-recalc-dims=\"1\" fetchpriority=\"high\" decoding=\"async\" class=\"alignnone alignnone size-full wp-image-595759\" src=\"https:\/\/i0.wp.com\/forbes.com.br\/wp-content\/uploads\/2024\/02\/Carreira_Eduardo-Bartolomeo_Ceo-Vale-768x512.jpg?resize=678%2C452&#038;ssl=1\" alt=\"Linkedin\/Reprodu\u00e7\u00e3o\" width=\"678\" height=\"452\"\/><\/noscript><\/p>\n<p>Linkedin\/Reprodu\u00e7\u00e3o<\/p>\n<p class=\"wp-caption-text\">Eduardo Bartolomeo, o atual CEO da Vale<\/p>\n<\/div>\n<p>Uma reuni\u00e3o do conselho da <strong>Vale<\/strong> nesta quinta-feira (15) terminou em um impasse, com os membros divididos sobre renovar ou n\u00e3o o mandato de CEO de <strong>Eduardo Bartolomeo<\/strong>, ap\u00f3s o governo ter demonstrado insatisfa\u00e7\u00e3o com os rumos da mineradora e ter dado sinais de que buscaria influenciar na escolha de um novo executivo.<\/p>\n<p>Dos 13 membros do colegiado, seis votaram a favor da recondu\u00e7\u00e3o de Eduardo Bartolomeo, cujo mandado de CEO termina em 26 de maio, outros seis votaram a favor da abertura de processo de sucess\u00e3o e um \u00faltimo voto optou pela absten\u00e7\u00e3o, segundo duas fontes com conhecimento do tema, que falaram na condi\u00e7\u00e3o de anonimato.<\/p>\n<ul>\n<li>\n<h4>Siga o canal da <a href=\"https:\/\/whatsapp.com\/channel\/0029Va9gQKwBFLgM96cJnu0u\" target=\"_blank\" rel=\"noopener\">Forbes<\/a> e de <a href=\"https:\/\/whatsapp.com\/channel\/0029VaAZk57JuyA9F4UwQc2I\" target=\"_blank\" rel=\"noopener\">Forbes Money<\/a> no WhatsApp e receba as principais not\u00edcias sobre neg\u00f3cios, carreira, tecnologia e estilo de vida<\/h4>\n<\/li>\n<\/ul>\n<p>\u201cHouve um empate em seis a seis na reuni\u00e3o do conselho, e n\u00e3o h\u00e1 uma data para nova delibera\u00e7\u00e3o. Independentes e japoneses (conselheiros que integram o bloco no qual est\u00e1 a s\u00f3cia Mitsui) est\u00e3o a favor (do Bartolomeo). O que se tem agora \u00e9 um impasse\u201d, afirmou uma das fontes.<\/p>\n<p>A fonte acrescentou que resolver este impasse ser\u00e1 desafiador.<\/p>\n<p>O voto de absten\u00e7\u00e3o foi de Luis Henrique Guimar\u00e3es, indicado pela Cosan \u2013 acionista relevante da Vale \u2013 no conselho e considerado nos bastidores como um dos candidatos \u00e0 presid\u00eancia da Vale. Guimar\u00e3es foi CEO da Cosan, onde permanece como conselheiro.<\/p>\n<p>Na v\u00e9spera, a Vale informou em nota \u00e0 imprensa que a reuni\u00e3o extraordin\u00e1ria terminou \u201cde forma inconclusiva\u201d e que o colegiado voltar\u00e1 a se reunir \u201cnos pr\u00f3ximos dias\u201d em busca de uma defini\u00e7\u00e3o sobre o processo de sucess\u00e3o ou renova\u00e7\u00e3o de seu presidente, Eduardo Bartolomeo.<\/p>\n<p>As a\u00e7\u00f5es da companhia operavam em alta de mais de 3,50% na tarde de sexta-feira, enquanto o Ibovespa tinha ganho de 0,6%, por volta das 15h20.<\/p>\n<p>O conselho da Vale tem compet\u00eancia exclusiva para decidir sobre a escolha do presidente da companhia. No entanto, nos bastidores, o governo federal vem buscando meios de influenciar na escolha.<\/p>\n<p>No in\u00edcio do ano, o presidente Luiz In\u00e1cio Lula da Silva buscou emplacar seu ex-ministro da Fazenda Guido Mantega na lideran\u00e7a da Vale, conforme a Reuters publicou na ocasi\u00e3o com fonte pr\u00f3xima do assunto, e o ministro de Minas e Energia, Alexandre Silveira, defendeu publicamente as qualifica\u00e7\u00f5es dele para ocupar um cargo na empresa.<\/p>\n<p>No fim do m\u00eas passado, por\u00e9m, Silveira recuou e negou que o presidente tenha tratado sobre sucess\u00e3o na Vale e afirmou que Lula \u201cnunca\u201d se disporia a fazer interfer\u00eancia em uma empresa com capital aberto.<\/p>\n<p>Lula, por sua vez, vem fazendo cr\u00edticas p\u00fablicas \u00e0 atua\u00e7\u00e3o da Vale nos trabalhos de repara\u00e7\u00e3o e compensa\u00e7\u00e3o pelos rompimentos de barragens da Samarco \u2013 joint venture da Vale com a BHP \u2013 e da pr\u00f3pria Vale, em 2015 e 2019, respectivamente.<\/p>\n<p>Mas, nos bastidores, o que se fala \u00e9 que Lula gostaria de um presidente que tivesse maior interlocu\u00e7\u00e3o com o governo.<\/p>\n<p>Segundo reportagem da \u201cFolha de S.Paulo\u201d, a substitui\u00e7\u00e3o de Bartolomeo ganhou apoio dos dois conselheiros indicados pela Previ (fundo de pens\u00e3o do Banco do Brasil), Daniel Stieler e Jo\u00e3o Luiz Fukunaga, e pelo indicado pelo Bradesco, Fernando Jorge Buso Gomes.<\/p>\n<h3>TRAJET\u00d3RIA DO CEO DA VALE<\/h3>\n<p>Bartolomeo assumiu a presid\u00eancia da Vale primeiramente de forma interina em 2019, deixando o cargo de diretor de Metais B\u00e1sicos da empresa, no Canad\u00e1, ap\u00f3s afastamento do ent\u00e3o presidente Fabio Schvartsman, que liderava a companhia quando houve o rompimento da barragem de Brumadinho (MG), em janeiro daquele ano.<\/p>\n<p>Bartolomeo foi eleito em seguida definitivamente pelo conselho como CEO, a partir de uma lista preparada pela empresa internacional de sele\u00e7\u00e3o de executivos, Spencer Stuart, em conformidade com a governan\u00e7a da companhia.<\/p>\n<p>Seu mandato ficou marcado pela busca por maior seguran\u00e7a nas instala\u00e7\u00f5es da companhia, com um plano para o descomissionamento de barragens de maior risco, al\u00e9m de um trabalho para a repara\u00e7\u00e3o de danos.<\/p>\n<p>Do lado operacional, a gest\u00e3o de Bartolomeo tem buscado valorizar qualidade do min\u00e9rio de ferro sobre volumes, tirando vantagens do produto da Vale com maior teor do que o dos concorrentes, al\u00e9m de investir em iniciativas na cria\u00e7\u00e3o de materiais com maior valor agregado.<\/p>\n<p>O presidente tamb\u00e9m conseguiu efetivar uma separa\u00e7\u00e3o da unidade de metais b\u00e1sicos da Vale, em busca de destravar valor diante das perspectivas para o crescimento da demanda de mat\u00e9rias-primas para baterias de carros el\u00e9tricos com a eletrifica\u00e7\u00e3o.<\/p>\n<\/div>\n<p><script type=\"rocketlazyloadscript\">\n\t\t\t\t(function(d, s, id){\n\t\t\t\t\tvar js, fjs = d.getElementsByTagName(s)[0];\n\t\t\t\t\tif (d.getElementById(id)) return;\n\t\t\t\t\tjs = d.createElement(s); js.id = id;\n\t\t\t\t\tjs.src = \"\/\/connect.facebook.net\/pt_BR\/sdk.js#xfbml=1&version=v2.9\";\n\t\t\t\t\tfjs.parentNode.insertBefore(js, fjs);\n\t\t\t\t}(document, 'script', 'facebook-jssdk'));\n\t\t\t<\/script><br \/>\n<br \/><br \/>\n<br \/><a href=\"https:\/\/forbes.com.br\/carreira\/2024\/02\/conselho-da-vale-esta-dividido-sobre-futuro-da-lideranca\/\">Source link <\/a><\/p>\n<!-- CONTENT END 1 -->\n","protected":false},"excerpt":{"rendered":"<p>Linkedin\/Reprodu\u00e7\u00e3o Eduardo Bartolomeo, o atual CEO da Vale Uma reuni\u00e3o do conselho da Vale nesta quinta-feira (15) terminou em um impasse, com os membros divididos&#8230;<\/p>\n","protected":false},"author":1,"featured_media":37547,"comment_status":"open","ping_status":"open","sticky":false,"template":"","format":"standard","meta":{"advanced_seo_description":"","jetpack_seo_html_title":"","jetpack_seo_noindex":false,"jetpack_post_was_ever_published":false,"_jetpack_newsletter_access":"","_jetpack_dont_email_post_to_subs":false,"_jetpack_newsletter_tier_id":0,"_jetpack_memberships_contains_paywalled_content":false,"_jetpack_memberships_contains_paid_content":false,"footnotes":"","jetpack_publicize_message":"","jetpack_publicize_feature_enabled":true,"jetpack_social_post_already_shared":true,"jetpack_social_options":{"image_generator_settings":{"template":"highway","default_image_id":0,"font":"","enabled":false},"version":2}},"categories":[1],"tags":[],"class_list":["post-37546","post","type-post","status-publish","format-standard","has-post-thumbnail","hentry","category-blog"],"jetpack_publicize_connections":[],"jetpack_featured_media_url":"https:\/\/i0.wp.com\/noticiasribeiraopreto.com.br\/wp-content\/uploads\/2024\/02\/Carreira_Eduardo-Bartolomeo_Ceo-Vale-1024x683.jpg?fit=1024%2C683&ssl=1","jetpack-related-posts":[{"id":37555,"url":"https:\/\/noticiasribeiraopreto.com.br\/index.php\/2024\/02\/16\/conselho-da-vale-esta-dividido-sobre-futuro-da-lideranca-2\/","url_meta":{"origin":37546,"position":0},"title":"Conselho da Vale est\u00e1 dividido sobre futuro da lideran\u00e7a","author":"noticiasribeiraopreto.com.br","date":"16 de February de 2024","format":false,"excerpt":"Linkedin\/Reprodu\u00e7\u00e3oEduardo Bartolomeo, o atual CEO da Vale Uma reuni\u00e3o do conselho da Vale nesta quinta-feira (15) terminou em um impasse, com os membros divididos sobre renovar ou n\u00e3o o mandato de CEO de Eduardo Bartolomeo, ap\u00f3s o governo ter demonstrado insatisfa\u00e7\u00e3o com os rumos da mineradora e ter dado sinais\u2026","rel":"","context":"In &quot;Blog&quot;","block_context":{"text":"Blog","link":"https:\/\/noticiasribeiraopreto.com.br\/index.php\/category\/blog\/"},"img":{"alt_text":"","src":"https:\/\/i0.wp.com\/noticiasribeiraopreto.com.br\/wp-content\/uploads\/2024\/02\/1708120003_Carreira_Eduardo-Bartolomeo_Ceo-Vale-1024x683.jpg?fit=1024%2C683&ssl=1&resize=350%2C200","width":350,"height":200,"srcset":"https:\/\/i0.wp.com\/noticiasribeiraopreto.com.br\/wp-content\/uploads\/2024\/02\/1708120003_Carreira_Eduardo-Bartolomeo_Ceo-Vale-1024x683.jpg?fit=1024%2C683&ssl=1&resize=350%2C200 1x, https:\/\/i0.wp.com\/noticiasribeiraopreto.com.br\/wp-content\/uploads\/2024\/02\/1708120003_Carreira_Eduardo-Bartolomeo_Ceo-Vale-1024x683.jpg?fit=1024%2C683&ssl=1&resize=525%2C300 1.5x, https:\/\/i0.wp.com\/noticiasribeiraopreto.com.br\/wp-content\/uploads\/2024\/02\/1708120003_Carreira_Eduardo-Bartolomeo_Ceo-Vale-1024x683.jpg?fit=1024%2C683&ssl=1&resize=700%2C400 2x"},"classes":[]},{"id":16854,"url":"https:\/\/noticiasribeiraopreto.com.br\/index.php\/2023\/12\/16\/eduardo-bartolomeo-revela-em-entrevista-o-legado-que-pretende-deixar-para-a-vale-vale3\/","url_meta":{"origin":37546,"position":1},"title":"Eduardo Bartolomeo revela em entrevista o legado que pretende deixar para a Vale (VALE3)","author":"noticiasribeiraopreto.com.br","date":"16 de December de 2023","format":false,"excerpt":"Em Londres, onde participou de encontro com analistas financeiros e investidores no in\u00edcio do m\u00eas, o presidente da Vale (VALE3), Eduardo Bartolomeo, revelou ao Broadcast (sistema de not\u00edcias em tempo real do Grupo Estado) como enxerga sua gest\u00e3o e os rumores em torno do fim do seu contrato, que vence\u2026","rel":"","context":"In &quot;Dinheiro e Investimento&quot;","block_context":{"text":"Dinheiro e Investimento","link":"https:\/\/noticiasribeiraopreto.com.br\/index.php\/category\/dinheiro-e-investimento-como-fazer-como-ganhar\/"},"img":{"alt_text":"","src":"https:\/\/i0.wp.com\/noticiasribeiraopreto.com.br\/wp-content\/uploads\/2023\/12\/dx1lfjawwayk3sg.jpg_large-628x353.jpg?fit=628%2C353&ssl=1&resize=350%2C200","width":350,"height":200,"srcset":"https:\/\/i0.wp.com\/noticiasribeiraopreto.com.br\/wp-content\/uploads\/2023\/12\/dx1lfjawwayk3sg.jpg_large-628x353.jpg?fit=628%2C353&ssl=1&resize=350%2C200 1x, https:\/\/i0.wp.com\/noticiasribeiraopreto.com.br\/wp-content\/uploads\/2023\/12\/dx1lfjawwayk3sg.jpg_large-628x353.jpg?fit=628%2C353&ssl=1&resize=525%2C300 1.5x"},"classes":[]},{"id":29720,"url":"https:\/\/noticiasribeiraopreto.com.br\/index.php\/2024\/01\/19\/a-vale-vai-virar-um-mau-negocio-com-um-intruso-no-conselho\/","url_meta":{"origin":37546,"position":2},"title":"A Vale vai virar um mau neg\u00f3cio com um intruso no Conselho?","author":"noticiasribeiraopreto.com.br","date":"19 de January de 2024","format":false,"excerpt":"Nos \u00faltimos dias come\u00e7aram a surgir rumores de que o ex-ministro, Guido Mantega, poderia ser escolhido para o Conselho de Administra\u00e7\u00e3o da Vale (VALE3), o que gerou muitas d\u00favidas sobre o poss\u00edvel impacto nas a\u00e7\u00f5es. Mas ser\u00e1 que esse seria um motivo suficiente para vender VALE3? Antes de dizer o\u2026","rel":"","context":"In &quot;Dinheiro e Investimento&quot;","block_context":{"text":"Dinheiro e Investimento","link":"https:\/\/noticiasribeiraopreto.com.br\/index.php\/category\/dinheiro-e-investimento-como-fazer-como-ganhar\/"},"img":{"alt_text":"","src":"https:\/\/i0.wp.com\/noticiasribeiraopreto.com.br\/wp-content\/uploads\/2024\/01\/vale-vale3-compra-ou-venda-628x353.jpg?fit=628%2C353&ssl=1&resize=350%2C200","width":350,"height":200,"srcset":"https:\/\/i0.wp.com\/noticiasribeiraopreto.com.br\/wp-content\/uploads\/2024\/01\/vale-vale3-compra-ou-venda-628x353.jpg?fit=628%2C353&ssl=1&resize=350%2C200 1x, https:\/\/i0.wp.com\/noticiasribeiraopreto.com.br\/wp-content\/uploads\/2024\/01\/vale-vale3-compra-ou-venda-628x353.jpg?fit=628%2C353&ssl=1&resize=525%2C300 1.5x"},"classes":[]},{"id":14438,"url":"https:\/\/noticiasribeiraopreto.com.br\/index.php\/2023\/12\/12\/sam-altman-volta-a-presidir-openai-cinco-dias-apos-demissao-pelo-conselho\/","url_meta":{"origin":37546,"position":3},"title":"Sam Altman volta a presidir OpenAI cinco dias ap\u00f3s demiss\u00e3o pelo Conselho","author":"noticiasribeiraopreto.com.br","date":"12 de December de 2023","format":false,"excerpt":"Em uma postagem no X na noite de s\u00e1bado, Altman escreveu: \u201cEu amo muito a equipe OpenAI\u201d Sam Altman retornar\u00e1 como CEO da OpenAI, informou a startup na manh\u00e3 desta quarta-feira (22) no X, anteriormente conhecido como Twitter. A medida surge ap\u00f3s imensa press\u00e3o de funcion\u00e1rios e investidores sobre o\u2026","rel":"","context":"In &quot;Blog&quot;","block_context":{"text":"Blog","link":"https:\/\/noticiasribeiraopreto.com.br\/index.php\/category\/blog\/"},"img":{"alt_text":"","src":"https:\/\/i0.wp.com\/noticiasribeiraopreto.com.br\/wp-content\/uploads\/2023\/12\/carreira-openAI-sam-altman-1024x683.jpg?fit=1024%2C683&ssl=1&resize=350%2C200","width":350,"height":200,"srcset":"https:\/\/i0.wp.com\/noticiasribeiraopreto.com.br\/wp-content\/uploads\/2023\/12\/carreira-openAI-sam-altman-1024x683.jpg?fit=1024%2C683&ssl=1&resize=350%2C200 1x, https:\/\/i0.wp.com\/noticiasribeiraopreto.com.br\/wp-content\/uploads\/2023\/12\/carreira-openAI-sam-altman-1024x683.jpg?fit=1024%2C683&ssl=1&resize=525%2C300 1.5x, https:\/\/i0.wp.com\/noticiasribeiraopreto.com.br\/wp-content\/uploads\/2023\/12\/carreira-openAI-sam-altman-1024x683.jpg?fit=1024%2C683&ssl=1&resize=700%2C400 2x"},"classes":[]},{"id":55260,"url":"https:\/\/noticiasribeiraopreto.com.br\/index.php\/2024\/07\/31\/ceo-da-hess-ingressara-no-conselho-do-goldman-sachs\/","url_meta":{"origin":37546,"position":4},"title":"CEO da Hess ingressar\u00e1 no conselho do Goldman Sachs","author":"noticiasribeiraopreto.com.br","date":"31 de July de 2024","format":false,"excerpt":"\u00a0 Acessibilidade L L A- A+ \u25d0 \u00a0 John Hess, presidente-executivo da Hess, entrou para o conselho do Goldman Sachs como diretor independente, informou a empresa de Wall Street em comunicado nesta segunda-feira (24). Hess \u00e9 a mais recente adi\u00e7\u00e3o ao conselho ap\u00f3s o executivo banc\u00e1rio s\u00eanior Tom Montag ter\u2026","rel":"","context":"In &quot;Blog&quot;","block_context":{"text":"Blog","link":"https:\/\/noticiasribeiraopreto.com.br\/index.php\/category\/blog\/"},"img":{"alt_text":"","src":"https:\/\/i0.wp.com\/noticiasribeiraopreto.com.br\/wp-content\/uploads\/2024\/07\/goldman-sachs-forbesdmoney-1024x683.jpg?fit=1024%2C683&ssl=1&resize=350%2C200","width":350,"height":200,"srcset":"https:\/\/i0.wp.com\/noticiasribeiraopreto.com.br\/wp-content\/uploads\/2024\/07\/goldman-sachs-forbesdmoney-1024x683.jpg?fit=1024%2C683&ssl=1&resize=350%2C200 1x, https:\/\/i0.wp.com\/noticiasribeiraopreto.com.br\/wp-content\/uploads\/2024\/07\/goldman-sachs-forbesdmoney-1024x683.jpg?fit=1024%2C683&ssl=1&resize=525%2C300 1.5x, https:\/\/i0.wp.com\/noticiasribeiraopreto.com.br\/wp-content\/uploads\/2024\/07\/goldman-sachs-forbesdmoney-1024x683.jpg?fit=1024%2C683&ssl=1&resize=700%2C400 2x"},"classes":[]},{"id":21220,"url":"https:\/\/noticiasribeiraopreto.com.br\/index.php\/2023\/12\/27\/ceo-da-bb-seguridade-bbse3-renuncia-ao-cargo-veja-quem-vai-assumir-a-chefia-da-empresa\/","url_meta":{"origin":37546,"position":5},"title":"CEO da BB Seguridade (BBSE3) renuncia ao cargo. Veja quem vai assumir a chefia da empresa","author":"noticiasribeiraopreto.com.br","date":"27 de December de 2023","format":false,"excerpt":"A BB Seguridade (BBSE3) anunciou uma mudan\u00e7a no seu alto escal\u00e3o. O atual diretor presidente da companhia, Ullisses Christian Silva Assis, renunciou ao cargo de CEO na noite de ter\u00e7a-feira (26). O executivo, que tamb\u00e9m ocupava uma cadeira no conselho de administra\u00e7\u00e3o da seguradora, decidiu deixar a empresa para \u201cbuscar\u2026","rel":"","context":"In &quot;Dinheiro e Investimento&quot;","block_context":{"text":"Dinheiro e Investimento","link":"https:\/\/noticiasribeiraopreto.com.br\/index.php\/category\/dinheiro-e-investimento-como-fazer-como-ganhar\/"},"img":{"alt_text":"","src":"https:\/\/i0.wp.com\/noticiasribeiraopreto.com.br\/wp-content\/uploads\/2023\/12\/bb-seguridade-bbse3-balanco-resultado-3t23-CAPA-SD-715x402.jpg?fit=715%2C402&ssl=1&resize=350%2C200","width":350,"height":200,"srcset":"https:\/\/i0.wp.com\/noticiasribeiraopreto.com.br\/wp-content\/uploads\/2023\/12\/bb-seguridade-bbse3-balanco-resultado-3t23-CAPA-SD-715x402.jpg?fit=715%2C402&ssl=1&resize=350%2C200 1x, https:\/\/i0.wp.com\/noticiasribeiraopreto.com.br\/wp-content\/uploads\/2023\/12\/bb-seguridade-bbse3-balanco-resultado-3t23-CAPA-SD-715x402.jpg?fit=715%2C402&ssl=1&resize=525%2C300 1.5x, https:\/\/i0.wp.com\/noticiasribeiraopreto.com.br\/wp-content\/uploads\/2023\/12\/bb-seguridade-bbse3-balanco-resultado-3t23-CAPA-SD-715x402.jpg?fit=715%2C402&ssl=1&resize=700%2C400 2x"},"classes":[]}],"jetpack_sharing_enabled":true,"jetpack_shortlink":"https:\/\/wp.me\/peQAOb-9LA","_links":{"self":[{"href":"https:\/\/noticiasribeiraopreto.com.br\/index.php\/wp-json\/wp\/v2\/posts\/37546","targetHints":{"allow":["GET"]}}],"collection":[{"href":"https:\/\/noticiasribeiraopreto.com.br\/index.php\/wp-json\/wp\/v2\/posts"}],"about":[{"href":"https:\/\/noticiasribeiraopreto.com.br\/index.php\/wp-json\/wp\/v2\/types\/post"}],"author":[{"embeddable":true,"href":"https:\/\/noticiasribeiraopreto.com.br\/index.php\/wp-json\/wp\/v2\/users\/1"}],"replies":[{"embeddable":true,"href":"https:\/\/noticiasribeiraopreto.com.br\/index.php\/wp-json\/wp\/v2\/comments?post=37546"}],"version-history":[{"count":0,"href":"https:\/\/noticiasribeiraopreto.com.br\/index.php\/wp-json\/wp\/v2\/posts\/37546\/revisions"}],"wp:featuredmedia":[{"embeddable":true,"href":"https:\/\/noticiasribeiraopreto.com.br\/index.php\/wp-json\/wp\/v2\/media\/37547"}],"wp:attachment":[{"href":"https:\/\/noticiasribeiraopreto.com.br\/index.php\/wp-json\/wp\/v2\/media?parent=37546"}],"wp:term":[{"taxonomy":"category","embeddable":true,"href":"https:\/\/noticiasribeiraopreto.com.br\/index.php\/wp-json\/wp\/v2\/categories?post=37546"},{"taxonomy":"post_tag","embeddable":true,"href":"https:\/\/noticiasribeiraopreto.com.br\/index.php\/wp-json\/wp\/v2\/tags?post=37546"}],"curies":[{"name":"wp","href":"https:\/\/api.w.org\/{rel}","templated":true}]}}