{"id":37551,"date":"2024-02-16T18:40:37","date_gmt":"2024-02-16T21:40:37","guid":{"rendered":"https:\/\/noticiasribeiraopreto.com.br\/index.php\/2024\/02\/16\/ribeirao-tem-nova-estrategia-para-vacinacao-de-covid-19-entenda\/"},"modified":"2024-02-16T18:40:37","modified_gmt":"2024-02-16T21:40:37","slug":"ribeirao-tem-nova-estrategia-para-vacinacao-de-covid-19-entenda","status":"publish","type":"post","link":"https:\/\/noticiasribeiraopreto.com.br\/index.php\/2024\/02\/16\/ribeirao-tem-nova-estrategia-para-vacinacao-de-covid-19-entenda\/","title":{"rendered":"Ribeir\u00e3o tem nova estrat\u00e9gia para vacina\u00e7\u00e3o de Covid-19; Entenda"},"content":{"rendered":"<div class='code-block code-block-1' style='margin: 8px 0 8px auto; text-align: right; display: block; clear: both;'>\n<p><a href=\"https:\/\/wa.link\/vpicfd\"><img data-recalc-dims=\"1\" class=\"wp-image-4922\" style=\"aspect-ratio: 2.0253164556962027; width: 561px; height: auto;\" src=\"https:\/\/i0.wp.com\/ismaelcolosi.com.br\/wp-content\/uploads\/2023\/11\/grupo-de-empregos-whatsapp-e-facebook-ismael-colosi-vagas.jpg?ssl=1\" alt=\"\" \/><\/a><\/p>\n<!-- \/wp:image -->\n<\/div>\n<p> <br \/>\n<\/p>\n<div>\n<p>A<strong> Prefeitura de Ribeir\u00e3o Preto<\/strong> informou, nesta sexta-feira (16), que por determina\u00e7\u00e3o do <strong>Minist\u00e9rio da Sa\u00fade<\/strong>, <mark style=\"background-color:#fcb900\" class=\"has-inline-color\">uma nova estrat\u00e9gia para a vacina\u00e7\u00e3o contra a <strong>Covid-19<\/strong> ser\u00e1 adotada no munic\u00edpio.<\/mark><\/p>\n<p>At\u00e9 o dia<strong> 7 de fevereiro<\/strong> deste ano, <strong>Ribeir\u00e3o Preto<\/strong> registrou <strong>1.341 notifica\u00e7\u00f5es<\/strong> e <strong>489 casos confirmados de Covid-19<\/strong>, de acordo com dados da <strong>Vigil\u00e2ncia Epidemiol\u00f3gica do munic\u00edpio<\/strong>.<\/p>\n<p>De acordo com o an\u00fancio da Administra\u00e7\u00e3o, o objetivo \u00e9 <mark style=\"background-color:#fcb900\" class=\"has-inline-color\"><strong>priorizar a imuniza\u00e7\u00e3o de pessoas mais suscet\u00edveis a casos graves e mortes pela doen\u00e7a<\/strong><\/mark>, como, por exemplo, idosos, gestantes e pu\u00e9rperas, imunodeprimidos, crian\u00e7as menores de 5 anos de idade e pessoas com comorbidades e que integram grupos priorit\u00e1rios.<\/p>\n<p>Integrantes de outros grupos priorit\u00e1rios \u2013 conforme quadro abaixo \u2013 realizar\u00e3o a dose da vacina bivalente anualmente.<\/p>\n<figure class=\"wp-block-pullquote\">\n<blockquote>\n<p>Para os indiv\u00edduos que n\u00e3o integram os grupos priorit\u00e1rios e que n\u00e3o receberam nenhuma dose pr\u00e9via ou que receberam apenas uma dose da vacina contra Covid-19, n\u00e3o est\u00e1 sendo recomendada rotineiramente a vacina\u00e7\u00e3o pelo Minist\u00e9rio da Sa\u00fade, no entanto, caso o indiv\u00edduo optar por se vacinar, poder\u00e1 receber ou completar o esquema b\u00e1sico com duas doses.<\/p>\n<\/blockquote>\n<\/figure>\n<h4 class=\"wp-block-heading\"><strong>Veja como fica a vacina\u00e7\u00e3o em 2024<\/strong><\/h4>\n<ul>\n<li><strong>Rotina para crian\u00e7as de 6 meses a 4 anos, 11 meses e 29 dias, conforme calend\u00e1rio de vacina\u00e7\u00e3o do Programa Nacional de Imuniza\u00e7\u00f5es:<\/strong><\/li>\n<\/ul>\n<p>Esquema b\u00e1sico de 3 doses, sendo que a primeira deve ser administrada aos 6 meses, a segunda aos 7 meses e a terceira dose aos 9 meses de idade. Todas as crian\u00e7as de 6 meses a 4 anos, 11 meses e 29 dias podem receber 3 doses.<\/p>\n<ul>\n<li><strong>Pessoas a partir de 5 anos de idade que perten\u00e7am aos grupos priorit\u00e1rios determinados pelo Programa Nacional de Imuniza\u00e7\u00f5es:<\/strong><\/li>\n<\/ul>\n<p>Imunossuprimidos: Esquema b\u00e1sico de 3 doses e refor\u00e7os a cada 6 meses<\/p>\n<p>N\u00e3o imunossuprimidos: Esquema b\u00e1sico de 2 doses e refor\u00e7os a cada 6 meses ou anual, a depender do grupo priorit\u00e1rio.<\/p>\n<ul>\n<li><strong>Pessoas a partir de 5 anos de idade que n\u00e3o perten\u00e7am aos grupos priorit\u00e1rios:<\/strong><\/li>\n<\/ul>\n<p>N\u00e3o ser\u00e1 mais recomendado rotineiramente para as pessoas nesta faixa et\u00e1ria que n\u00e3o fazem parte do grupo priorit\u00e1rio.<\/p>\n<p>No entanto, nos casos onde a pessoa n\u00e3o tenha se vacinado anteriormente ou tenha recebido apenas uma dose, opte por se vacinar, ela dever\u00e1 receber ou completar o esquema b\u00e1sico com duas doses \u2013 n\u00e3o dever\u00e1 receber refor\u00e7os.<\/p>\n<h4 class=\"wp-block-heading\"><strong>Onde receber a dose da vacina?<\/strong><\/h4>\n<ul>\n<li>6 meses a 4 anos (Pfizer Baby \u2013 1\u00aa dose, 2\u00aa dose e 3\u00aa dose): Todas as salas de vacinas \u2013 Segunda e ter\u00e7a-feira;<\/li>\n<\/ul>\n<ul>\n<li>5 a 11 anos (Pfizer Pedi\u00e1trica \u2013 1\u00aa dose e 2\u00aa dose): Todas as salas de vacinas \u2013 Quinta e sexta-feira;<\/li>\n<\/ul>\n<ul>\n<li>12 anos e mais (Pfizer bivalente): Todas as salas de vacinas do munic\u00edpio \u2013 Segunda-feira \u00e0 sexta-feira (exceto CRE Central).<\/li>\n<\/ul>\n<h4 class=\"wp-block-heading\"><strong>Grupos priorit\u00e1rios e intervalo entre as doses<\/strong><\/h4>\n<figure class=\"wp-block-table\">\n<table>\n<tbody>\n<tr>\n<td><strong><mark style=\"background-color:rgba(0, 0, 0, 0)\" class=\"has-inline-color has-luminous-vivid-orange-color\">Grupo priorit\u00e1rio<\/mark><\/strong><\/td>\n<td><strong><mark style=\"background-color:rgba(0, 0, 0, 0)\" class=\"has-inline-color has-luminous-vivid-orange-color\">Intervalo entre as doses<\/mark><\/strong><\/td>\n<\/tr>\n<tr>\n<td>Pessoas de 60 anos ou mais<\/td>\n<td>6 meses<\/td>\n<\/tr>\n<tr>\n<td>Pessoas imunocomprometidas<\/td>\n<td>6 meses<\/td>\n<\/tr>\n<tr>\n<td>Gestantes e pu\u00e9rperas<\/td>\n<td>6 meses<\/td>\n<\/tr>\n<tr>\n<td>Pessoas vivendo em institui\u00e7\u00f5es de longa perman\u00eancia (ILPI e RI), e seus trabalhadores<\/td>\n<td>Anual<\/td>\n<\/tr>\n<tr>\n<td>Ind\u00edgenas<\/td>\n<td>Anual<\/td>\n<\/tr>\n<tr>\n<td>Ribeirinhos<\/td>\n<td>Anual<\/td>\n<\/tr>\n<tr>\n<td>Quilombolas<\/td>\n<td>Anual<\/td>\n<\/tr>\n<tr>\n<td>Trabalhadores da sa\u00fade<\/td>\n<td>Anual<\/td>\n<\/tr>\n<tr>\n<td>Pessoas com defici\u00eancia permanente<\/td>\n<td>Anual<\/td>\n<\/tr>\n<tr>\n<td>Pessoas com comorbidades<\/td>\n<td>Anual<\/td>\n<\/tr>\n<tr>\n<td>Pessoas privadas de liberdade (\u2265 18 anos)<\/td>\n<td>Anual<\/td>\n<\/tr>\n<tr>\n<td>Funcion\u00e1rios do sistema de priva\u00e7\u00e3o de liberdade<\/td>\n<td>Anual<\/td>\n<\/tr>\n<tr>\n<td>Adolescentes e jovens cumprindo medidas socioeducativas<\/td>\n<td>Anual<\/td>\n<\/tr>\n<tr>\n<td>Pessoas em situa\u00e7\u00e3o de rua<\/td>\n<td>Anual<\/td>\n<\/tr>\n<\/tbody>\n<\/table>\n<\/figure>\n<p>SAIBA MAIS<\/p>\n<p>Veja quanto cada cidade vai receber do estado para combate \u00e0 dengue<\/p>\n<h4 class=\"wp-block-heading\"><strong><mark style=\"background-color:#fcb900\" class=\"has-inline-color\">FIQUE ON<\/mark><\/strong><\/h4>\n<p>Fique ligado em tudo que acontece em Ribeir\u00e3o Preto e regi\u00e3o. Siga os perfis do<strong>\u00a0acidade on\u00a0<\/strong>no\u00a0<a href=\"https:\/\/www.instagram.com\/acidadeonribeirao\" target=\"_blank\" rel=\"noreferrer noopener\">Instagram\u00a0<\/a>e no\u00a0<a href=\"https:\/\/www.facebook.com\/acidadeonribeirao\" target=\"_blank\" rel=\"noreferrer noopener\">Facebook.<\/a><\/p>\n<p>Receba not\u00edcias do\u00a0<strong>acidade on\u00a0<\/strong>no WhatsApp.<a href=\"https:\/\/chat.whatsapp.com\/Bnv2w66ZT4VDyZW3oiZ69n\" target=\"_blank\" rel=\"noreferrer noopener\">\u00a0Para entrar no grupo, basta clicar aqui.<\/a><\/p>\n<p>Fa\u00e7a uma den\u00fancia ou sugira uma reportagem sobre Ribeir\u00e3o Preto e regi\u00e3o pelo WhatsApp: 16 99117 7802.<\/p>\n<p>VEJA TAMB\u00c9M<\/p>\n<p>Renascer: Jacutinga vai voltar na novela?<\/p>\n<p><!-- AI CONTENT END 1 -->\n<\/div>\n<p><script async src=\"\/\/www.instagram.com\/embed.js\"><\/script><br \/>\n<br \/><br \/>\n<br \/><a href=\"https:\/\/www.acidadeon.com\/ribeiraopreto\/cotidiano\/ribeirao-tem-nova-estrategia-para-vacinacao-de-covid-19-entenda\/\">Source link <\/a><\/p>\n<!-- CONTENT END 1 -->\n","protected":false},"excerpt":{"rendered":"<p>A Prefeitura de Ribeir\u00e3o Preto informou, nesta sexta-feira (16), que por determina\u00e7\u00e3o do Minist\u00e9rio da Sa\u00fade, uma nova estrat\u00e9gia para a vacina\u00e7\u00e3o contra a Covid-19&#8230;<\/p>\n","protected":false},"author":1,"featured_media":37552,"comment_status":"open","ping_status":"open","sticky":false,"template":"","format":"standard","meta":{"advanced_seo_description":"","jetpack_seo_html_title":"","jetpack_seo_noindex":false,"jetpack_post_was_ever_published":false,"_jetpack_newsletter_access":"","_jetpack_dont_email_post_to_subs":false,"_jetpack_newsletter_tier_id":0,"_jetpack_memberships_contains_paywalled_content":false,"_jetpack_memberships_contains_paid_content":false,"footnotes":"","jetpack_publicize_message":"","jetpack_publicize_feature_enabled":true,"jetpack_social_post_already_shared":true,"jetpack_social_options":{"image_generator_settings":{"template":"highway","default_image_id":0,"font":"","enabled":false},"version":2}},"categories":[11],"tags":[],"class_list":["post-37551","post","type-post","status-publish","format-standard","has-post-thumbnail","hentry","category-noticias-de-ribeirao-preto-sp-e-regiao-ismael-colosi"],"jetpack_publicize_connections":[],"jetpack_featured_media_url":"https:\/\/i0.wp.com\/noticiasribeiraopreto.com.br\/wp-content\/uploads\/2024\/02\/coronavac_vacina_1024x576_22072020163339.jpg?fit=1024%2C576&ssl=1","jetpack-related-posts":[{"id":37654,"url":"https:\/\/noticiasribeiraopreto.com.br\/index.php\/2024\/02\/17\/vacinacao-contra-covid-tem-nova-estrategia\/","url_meta":{"origin":37551,"position":0},"title":"Vacina\u00e7\u00e3o contra Covid tem nova estrat\u00e9gia\u00a0","author":"noticiasribeiraopreto.com.br","date":"17 de February de 2024","format":false,"excerpt":"17 de fevereiro de 2024 | 15:0017 de fevereiro de 2024 | 9:30 0Por determina\u00e7\u00e3o do Minist\u00e9rio da Sa\u00fade, a Secretaria Municipal da Sa\u00fade passa a adotar, a partir deste ano, uma nova estrat\u00e9gia para a vacina\u00e7\u00e3o contra a covid-19. O objetivo \u00e9 priorizar a imuniza\u00e7\u00e3o das pessoas mais suscet\u00edveis\u2026","rel":"","context":"In &quot;Not\u00edcias de Ribeir\u00e3o Preto-SP e Regi\u00e3o&quot;","block_context":{"text":"Not\u00edcias de Ribeir\u00e3o Preto-SP e Regi\u00e3o","link":"https:\/\/noticiasribeiraopreto.com.br\/index.php\/category\/noticias-de-ribeirao-preto-sp-e-regiao-ismael-colosi\/"},"img":{"alt_text":"","src":"https:\/\/i0.wp.com\/noticiasribeiraopreto.com.br\/wp-content\/uploads\/2024\/02\/CovidVAC-Prefeitura-de-Ribeirao-Preto-04-scaled.jpg?fit=970%2C645&ssl=1&resize=350%2C200","width":350,"height":200,"srcset":"https:\/\/i0.wp.com\/noticiasribeiraopreto.com.br\/wp-content\/uploads\/2024\/02\/CovidVAC-Prefeitura-de-Ribeirao-Preto-04-scaled.jpg?fit=970%2C645&ssl=1&resize=350%2C200 1x, https:\/\/i0.wp.com\/noticiasribeiraopreto.com.br\/wp-content\/uploads\/2024\/02\/CovidVAC-Prefeitura-de-Ribeirao-Preto-04-scaled.jpg?fit=970%2C645&ssl=1&resize=525%2C300 1.5x, https:\/\/i0.wp.com\/noticiasribeiraopreto.com.br\/wp-content\/uploads\/2024\/02\/CovidVAC-Prefeitura-de-Ribeirao-Preto-04-scaled.jpg?fit=970%2C645&ssl=1&resize=700%2C400 2x"},"classes":[]},{"id":38741,"url":"https:\/\/noticiasribeiraopreto.com.br\/index.php\/2024\/02\/21\/vacina-covid-19-em-ribeirao-veja-quais-grupos-e-quando-podem-ser-vacinados\/","url_meta":{"origin":37551,"position":1},"title":"Vacina Covid-19 em Ribeir\u00e3o: Veja quais grupos e quando podem ser vacinados","author":"noticiasribeiraopreto.com.br","date":"21 de February de 2024","format":false,"excerpt":"A Secretaria Municipal da Sa\u00fade de Ribeir\u00e3o Preto adotou em 16 de fevereiro, uma nova estrat\u00e9gia para a vacina\u00e7\u00e3o contra a Covid-19, por determina\u00e7\u00e3o do Minist\u00e9rio da Sa\u00fade. A partir desta mudan\u00e7a passa ser prioridade: idosos, gestantes e pu\u00e9rperas, imunodeprimidos, crian\u00e7as menores de 5 anos de idade e pessoas com\u2026","rel":"","context":"In &quot;Not\u00edcias de Ribeir\u00e3o Preto-SP e Regi\u00e3o&quot;","block_context":{"text":"Not\u00edcias de Ribeir\u00e3o Preto-SP e Regi\u00e3o","link":"https:\/\/noticiasribeiraopreto.com.br\/index.php\/category\/noticias-de-ribeirao-preto-sp-e-regiao-ismael-colosi\/"},"img":{"alt_text":"","src":"https:\/\/i0.wp.com\/noticiasribeiraopreto.com.br\/wp-content\/uploads\/2024\/02\/3-9.jpg?fit=1200%2C675&ssl=1&resize=350%2C200","width":350,"height":200,"srcset":"https:\/\/i0.wp.com\/noticiasribeiraopreto.com.br\/wp-content\/uploads\/2024\/02\/3-9.jpg?fit=1200%2C675&ssl=1&resize=350%2C200 1x, https:\/\/i0.wp.com\/noticiasribeiraopreto.com.br\/wp-content\/uploads\/2024\/02\/3-9.jpg?fit=1200%2C675&ssl=1&resize=525%2C300 1.5x, https:\/\/i0.wp.com\/noticiasribeiraopreto.com.br\/wp-content\/uploads\/2024\/02\/3-9.jpg?fit=1200%2C675&ssl=1&resize=700%2C400 2x, https:\/\/i0.wp.com\/noticiasribeiraopreto.com.br\/wp-content\/uploads\/2024\/02\/3-9.jpg?fit=1200%2C675&ssl=1&resize=1050%2C600 3x"},"classes":[]},{"id":38781,"url":"https:\/\/noticiasribeiraopreto.com.br\/index.php\/2024\/02\/21\/saude-recomenda-uso-de-mascara-por-causa-do-aumento-de-casos-de-covid\/","url_meta":{"origin":37551,"position":2},"title":"Sa\u00fade recomenda\u00a0uso de m\u00e1scara\u00a0por causa do aumento de casos de Covid","author":"noticiasribeiraopreto.com.br","date":"21 de February de 2024","format":false,"excerpt":"21 de fevereiro de 2024 | 16:0021 de fevereiro de 2024 | 9:55 0Com o aumento de casos de cont\u00e1gio por coronav\u00edrus em todo o pa\u00eds, inclusive em Ribeir\u00e3o Preto, a Secretaria Municipal da Sa\u00fade publicou, no site oficial da pasta, orienta\u00e7\u00e3o t\u00e9cnica sobre o uso de m\u00e1scara de prote\u00e7\u00e3o\u2026","rel":"","context":"In &quot;Not\u00edcias de Ribeir\u00e3o Preto-SP e Regi\u00e3o&quot;","block_context":{"text":"Not\u00edcias de Ribeir\u00e3o Preto-SP e Regi\u00e3o","link":"https:\/\/noticiasribeiraopreto.com.br\/index.php\/category\/noticias-de-ribeirao-preto-sp-e-regiao-ismael-colosi\/"},"img":{"alt_text":"","src":"https:\/\/i0.wp.com\/noticiasribeiraopreto.com.br\/wp-content\/uploads\/2024\/02\/CovidRP-Divulgacao-scaled.jpg?fit=967%2C645&ssl=1&resize=350%2C200","width":350,"height":200,"srcset":"https:\/\/i0.wp.com\/noticiasribeiraopreto.com.br\/wp-content\/uploads\/2024\/02\/CovidRP-Divulgacao-scaled.jpg?fit=967%2C645&ssl=1&resize=350%2C200 1x, https:\/\/i0.wp.com\/noticiasribeiraopreto.com.br\/wp-content\/uploads\/2024\/02\/CovidRP-Divulgacao-scaled.jpg?fit=967%2C645&ssl=1&resize=525%2C300 1.5x, https:\/\/i0.wp.com\/noticiasribeiraopreto.com.br\/wp-content\/uploads\/2024\/02\/CovidRP-Divulgacao-scaled.jpg?fit=967%2C645&ssl=1&resize=700%2C400 2x"},"classes":[]},{"id":12762,"url":"https:\/\/noticiasribeiraopreto.com.br\/index.php\/2023\/12\/08\/covid-sp-antecipa-nova-dose-da-bivalente\/","url_meta":{"origin":37551,"position":3},"title":"Covid: SP antecipa nova dose da bivalente \u00a0","author":"noticiasribeiraopreto.com.br","date":"8 de December de 2023","format":false,"excerpt":"8 de dezembro de 2023 | 14:008 de dezembro de 2023 | 9:01 0Diante da identifica\u00e7\u00e3o de duas novas sublinhagens do coronav\u00edrus no pa\u00eds, o Minist\u00e9rio da Sa\u00fade passou a recomendar uma nova dose da vacina bivalente contra a covid-19 para pessoas com 60 anos ou mais e imunocomprometidos acima\u2026","rel":"","context":"In &quot;Not\u00edcias de Ribeir\u00e3o Preto-SP e Regi\u00e3o&quot;","block_context":{"text":"Not\u00edcias de Ribeir\u00e3o Preto-SP e Regi\u00e3o","link":"https:\/\/noticiasribeiraopreto.com.br\/index.php\/category\/noticias-de-ribeirao-preto-sp-e-regiao-ismael-colosi\/"},"img":{"alt_text":"","src":"https:\/\/i0.wp.com\/noticiasribeiraopreto.com.br\/wp-content\/uploads\/2023\/12\/covid-scaled.jpg?fit=967%2C645&ssl=1&resize=350%2C200","width":350,"height":200,"srcset":"https:\/\/i0.wp.com\/noticiasribeiraopreto.com.br\/wp-content\/uploads\/2023\/12\/covid-scaled.jpg?fit=967%2C645&ssl=1&resize=350%2C200 1x, https:\/\/i0.wp.com\/noticiasribeiraopreto.com.br\/wp-content\/uploads\/2023\/12\/covid-scaled.jpg?fit=967%2C645&ssl=1&resize=525%2C300 1.5x, https:\/\/i0.wp.com\/noticiasribeiraopreto.com.br\/wp-content\/uploads\/2023\/12\/covid-scaled.jpg?fit=967%2C645&ssl=1&resize=700%2C400 2x"},"classes":[]},{"id":66477,"url":"https:\/\/noticiasribeiraopreto.com.br\/index.php\/2025\/04\/01\/ribeirao-preto-inicia-vacinacao-contra-a-gripe-veja-quem-pode-ser-vacinado\/","url_meta":{"origin":37551,"position":4},"title":"Ribeir\u00e3o Preto inicia vacina\u00e7\u00e3o contra a gripe; Veja quem pode ser vacinado","author":"noticiasribeiraopreto.com.br","date":"1 de April de 2025","format":false,"excerpt":"Nesta quarta-feira (2), a Prefeitura de Ribeir\u00e3o Preto inicia a vacina\u00e7\u00e3o contra a gripe para pessoas que fazem parte do grupo priorit\u00e1rio. A imuniza\u00e7\u00e3o estar\u00e1 dispon\u00edvel em todas as 39 salas de vacina do munic\u00edpio. De acordo com o Departamento de Vigil\u00e2ncia em Sa\u00fade, Ribeir\u00e3o Preto recebeu o primeiro lote\u2026","rel":"","context":"In &quot;Not\u00edcias de Ribeir\u00e3o Preto-SP e Regi\u00e3o&quot;","block_context":{"text":"Not\u00edcias de Ribeir\u00e3o Preto-SP e Regi\u00e3o","link":"https:\/\/noticiasribeiraopreto.com.br\/index.php\/category\/noticias-de-ribeirao-preto-sp-e-regiao-ismael-colosi\/"},"img":{"alt_text":"","src":"https:\/\/i0.wp.com\/noticiasribeiraopreto.com.br\/wp-content\/uploads\/2025\/04\/Copia-de-Copia-de-Copia-de-TAMANHO-EXATO-PARA-FOTOS-NO-SISTEMA-NOVO-2025-04-01T150450.986_2025-04-01_18-05-01_png_2025-04-01_18-05-01.webp.webp?fit=1200%2C675&ssl=1&resize=350%2C200","width":350,"height":200,"srcset":"https:\/\/i0.wp.com\/noticiasribeiraopreto.com.br\/wp-content\/uploads\/2025\/04\/Copia-de-Copia-de-Copia-de-TAMANHO-EXATO-PARA-FOTOS-NO-SISTEMA-NOVO-2025-04-01T150450.986_2025-04-01_18-05-01_png_2025-04-01_18-05-01.webp.webp?fit=1200%2C675&ssl=1&resize=350%2C200 1x, https:\/\/i0.wp.com\/noticiasribeiraopreto.com.br\/wp-content\/uploads\/2025\/04\/Copia-de-Copia-de-Copia-de-TAMANHO-EXATO-PARA-FOTOS-NO-SISTEMA-NOVO-2025-04-01T150450.986_2025-04-01_18-05-01_png_2025-04-01_18-05-01.webp.webp?fit=1200%2C675&ssl=1&resize=525%2C300 1.5x, https:\/\/i0.wp.com\/noticiasribeiraopreto.com.br\/wp-content\/uploads\/2025\/04\/Copia-de-Copia-de-Copia-de-TAMANHO-EXATO-PARA-FOTOS-NO-SISTEMA-NOVO-2025-04-01T150450.986_2025-04-01_18-05-01_png_2025-04-01_18-05-01.webp.webp?fit=1200%2C675&ssl=1&resize=700%2C400 2x, https:\/\/i0.wp.com\/noticiasribeiraopreto.com.br\/wp-content\/uploads\/2025\/04\/Copia-de-Copia-de-Copia-de-TAMANHO-EXATO-PARA-FOTOS-NO-SISTEMA-NOVO-2025-04-01T150450.986_2025-04-01_18-05-01_png_2025-04-01_18-05-01.webp.webp?fit=1200%2C675&ssl=1&resize=1050%2C600 3x"},"classes":[]},{"id":69815,"url":"https:\/\/noticiasribeiraopreto.com.br\/index.php\/2025\/05\/09\/amanha-tem-dia-d-de-vacinacao\/","url_meta":{"origin":37551,"position":5},"title":"Amanh\u00e3 tem Dia D de vacina\u00e7\u00e3o\u00a0","author":"noticiasribeiraopreto.com.br","date":"9 de May de 2025","format":false,"excerpt":"9 de maio de 2025 13:309 de maio de 2025 09:1610 Compartilhar0 A Secretaria Municipal da Sa\u00fade promove neste s\u00e1bado, 10 de maio, o Dia D de Vacina\u00e7\u00e3o Contra a Gripe como parte da campanha nacional de imuniza\u00e7\u00e3o. A a\u00e7\u00e3o ocorrer\u00e1 das oito horas \u00e0s 16h30 e \u00e9 voltada \u00e0s\u2026","rel":"","context":"In &quot;Not\u00edcias de Ribeir\u00e3o Preto-SP e Regi\u00e3o&quot;","block_context":{"text":"Not\u00edcias de Ribeir\u00e3o Preto-SP e Regi\u00e3o","link":"https:\/\/noticiasribeiraopreto.com.br\/index.php\/category\/noticias-de-ribeirao-preto-sp-e-regiao-ismael-colosi\/"},"img":{"alt_text":"","src":"https:\/\/i0.wp.com\/noticiasribeiraopreto.com.br\/wp-content\/uploads\/2025\/05\/GripeRP-Marcelo-Camargo-Ag.Br_.-2.jpg?fit=1170%2C700&ssl=1&resize=350%2C200","width":350,"height":200,"srcset":"https:\/\/i0.wp.com\/noticiasribeiraopreto.com.br\/wp-content\/uploads\/2025\/05\/GripeRP-Marcelo-Camargo-Ag.Br_.-2.jpg?fit=1170%2C700&ssl=1&resize=350%2C200 1x, https:\/\/i0.wp.com\/noticiasribeiraopreto.com.br\/wp-content\/uploads\/2025\/05\/GripeRP-Marcelo-Camargo-Ag.Br_.-2.jpg?fit=1170%2C700&ssl=1&resize=525%2C300 1.5x, https:\/\/i0.wp.com\/noticiasribeiraopreto.com.br\/wp-content\/uploads\/2025\/05\/GripeRP-Marcelo-Camargo-Ag.Br_.-2.jpg?fit=1170%2C700&ssl=1&resize=700%2C400 2x, https:\/\/i0.wp.com\/noticiasribeiraopreto.com.br\/wp-content\/uploads\/2025\/05\/GripeRP-Marcelo-Camargo-Ag.Br_.-2.jpg?fit=1170%2C700&ssl=1&resize=1050%2C600 3x"},"classes":[]}],"jetpack_sharing_enabled":true,"jetpack_shortlink":"https:\/\/wp.me\/peQAOb-9LF","_links":{"self":[{"href":"https:\/\/noticiasribeiraopreto.com.br\/index.php\/wp-json\/wp\/v2\/posts\/37551","targetHints":{"allow":["GET"]}}],"collection":[{"href":"https:\/\/noticiasribeiraopreto.com.br\/index.php\/wp-json\/wp\/v2\/posts"}],"about":[{"href":"https:\/\/noticiasribeiraopreto.com.br\/index.php\/wp-json\/wp\/v2\/types\/post"}],"author":[{"embeddable":true,"href":"https:\/\/noticiasribeiraopreto.com.br\/index.php\/wp-json\/wp\/v2\/users\/1"}],"replies":[{"embeddable":true,"href":"https:\/\/noticiasribeiraopreto.com.br\/index.php\/wp-json\/wp\/v2\/comments?post=37551"}],"version-history":[{"count":0,"href":"https:\/\/noticiasribeiraopreto.com.br\/index.php\/wp-json\/wp\/v2\/posts\/37551\/revisions"}],"wp:featuredmedia":[{"embeddable":true,"href":"https:\/\/noticiasribeiraopreto.com.br\/index.php\/wp-json\/wp\/v2\/media\/37552"}],"wp:attachment":[{"href":"https:\/\/noticiasribeiraopreto.com.br\/index.php\/wp-json\/wp\/v2\/media?parent=37551"}],"wp:term":[{"taxonomy":"category","embeddable":true,"href":"https:\/\/noticiasribeiraopreto.com.br\/index.php\/wp-json\/wp\/v2\/categories?post=37551"},{"taxonomy":"post_tag","embeddable":true,"href":"https:\/\/noticiasribeiraopreto.com.br\/index.php\/wp-json\/wp\/v2\/tags?post=37551"}],"curies":[{"name":"wp","href":"https:\/\/api.w.org\/{rel}","templated":true}]}}